{"id":367562,"date":"2021-05-29T13:52:40","date_gmt":"2021-05-29T17:52:40","guid":{"rendered":"https:\/\/www.ip.gov.py\/ip\/?p=367562"},"modified":"2021-05-29T16:57:38","modified_gmt":"2021-05-29T20:57:38","slug":"precio-del-pasaje-se-mantiene-anuncia-viceministro-de-transporte","status":"publish","type":"post","link":"https:\/\/www.ip.gov.py\/ip\/2021\/05\/29\/precio-del-pasaje-se-mantiene-anuncia-viceministro-de-transporte\/","title":{"rendered":"Precio del pasaje se mantiene, anuncia viceministro de Transporte"},"content":{"rendered":"<p style=\"text-align: justify;\"><strong><em>Asunci\u00f3n, Agencia IP.- <\/em><\/strong>El viceministro de Transporte, V\u00edctor S\u00e1nchez, confirm\u00f3 este s\u00e1bado que el precio del pasaje se mantiene y que el subsidio para el transporte p\u00fablico ser\u00e1 aplicado s\u00f3lo a las unidades que se encuentran operativas.<!--more--><\/p>\n<p style=\"text-align: justify;\">En conferencia de prensa virtual, el viceministro dio informaci\u00f3n sobre la reuni\u00f3n mantenida con empresarios del transporte en la ma\u00f1ana del s\u00e1bado.<\/p>\n<p style=\"text-align: justify;\">Inform\u00f3 que existe un pedido de los empresarios de cobrar el subsidio por toda la flota de buses existentes. Sin embargo, las autoridades indicaron que el c\u00e1lculo ser\u00e1 tomando en cuenta la flota operativa.<\/p>\n<p style=\"text-align: justify;\">S\u00e1nchez manifest\u00f3 que los empresarios se retiraron de la reuni\u00f3n, pero se mantendr\u00e1 las conversaciones con el sector para la aplicaci\u00f3n de la tarifa t\u00e9cnica.<\/p>\n<p style=\"text-align: justify;\">Con la implementaci\u00f3n del billetaje electr\u00f3nico, el Ministerio de Obras P\u00fablicas (MOPC) cuenta con datos sobre los buses operativos, a lo que hay que sumar los recorridos que hizo el Viceministerio de Transporte.<\/p>\n<p style=\"text-align: justify;\">En estos recorridos se constataron unidades de transporte p\u00fablico chocadas o siniestras, que no est\u00e1n en condiciones de estar operativas. El viceministro recalc\u00f3 que c\u00e1lculo para el pago de los subsidios ser\u00e1 solo sobre las unidades actualmente operativas.<\/p>\n<p style=\"text-align: justify;\">La revisi\u00f3n del precio del pasaje inici\u00f3 con el aumento en el precio de combustibles dentro del sector privado. La empresa estatal Petropar, inform\u00f3 por su parte, est\u00e1 en condiciones de vender a las unidades de transporte p\u00fablico combustible a un precio sin variaci\u00f3n por un periodo de dos meses.<\/p>\n","protected":false},"excerpt":{"rendered":"<p>Asunci\u00f3n, Agencia IP.- El viceministro de Transporte, V\u00edctor S\u00e1nchez, confirm\u00f3 este s\u00e1bado que el precio del pasaje se mantiene y que el subsidio para el transporte p\u00fablico ser\u00e1 aplicado s\u00f3lo a las unidades que se encuentran operativas.<\/p>\n","protected":false},"author":22,"featured_media":312648,"comment_status":"closed","ping_status":"closed","sticky":false,"template":"","format":"standard","meta":{"_monsterinsights_skip_tracking":false,"_monsterinsights_sitenote_active":false,"_monsterinsights_sitenote_note":"","_monsterinsights_sitenote_category":0,"footnotes":""},"categories":[9],"tags":[3050,5718,3723],"class_list":{"0":"post-367562","1":"post","2":"type-post","3":"status-publish","4":"format-standard","5":"has-post-thumbnail","7":"category-economia","8":"tag-pasaje","9":"tag-suba-del-pasaje","10":"tag-viceministerio-de-transporte"},"yoast_head":"<!-- This site is optimized with the Yoast SEO plugin v27.5 - https:\/\/yoast.com\/product\/yoast-seo-wordpress\/ -->\n<title>Precio del pasaje se mantiene, anuncia viceministro de Transporte - .::Agencia IP::.<\/title>\n<meta name=\"robots\" content=\"index, follow, max-snippet:-1, max-image-preview:large, max-video-preview:-1\" \/>\n<link rel=\"canonical\" href=\"https:\/\/www.ip.gov.py\/ip\/2021\/05\/29\/precio-del-pasaje-se-mantiene-anuncia-viceministro-de-transporte\/\" \/>\n<meta property=\"og:locale\" content=\"es_ES\" \/>\n<meta property=\"og:type\" content=\"article\" \/>\n<meta property=\"og:title\" content=\"Precio del pasaje se mantiene, anuncia viceministro de Transporte - .::Agencia IP::.\" \/>\n<meta property=\"og:description\" content=\"Asunci\u00f3n, Agencia IP.- El viceministro de Transporte, V\u00edctor S\u00e1nchez, confirm\u00f3 este s\u00e1bado que el precio del pasaje se mantiene y que el subsidio para el transporte p\u00fablico ser\u00e1 aplicado s\u00f3lo a las unidades que se encuentran operativas.\" \/>\n<meta property=\"og:url\" content=\"https:\/\/www.ip.gov.py\/ip\/2021\/05\/29\/precio-del-pasaje-se-mantiene-anuncia-viceministro-de-transporte\/\" \/>\n<meta property=\"og:site_name\" content=\".::Agencia IP::.\" \/>\n<meta property=\"article:publisher\" content=\"https:\/\/www.facebook.com\/IPParaguay\/\" \/>\n<meta property=\"article:published_time\" content=\"2021-05-29T17:52:40+00:00\" \/>\n<meta property=\"article:modified_time\" content=\"2021-05-29T20:57:38+00:00\" \/>\n<meta property=\"og:image\" content=\"https:\/\/www.ip.gov.py\/ip\/wp-content\/uploads\/2020\/04\/buses-transporte-coronavirus.jpg\" \/>\n\t<meta property=\"og:image:width\" content=\"1150\" \/>\n\t<meta property=\"og:image:height\" content=\"706\" \/>\n\t<meta property=\"og:image:type\" content=\"image\/jpeg\" \/>\n<meta name=\"author\" content=\"Alberto C\" \/>\n<meta name=\"twitter:card\" content=\"summary_large_image\" \/>\n<meta name=\"twitter:creator\" content=\"@IPParaguay\" \/>\n<meta name=\"twitter:site\" content=\"@IPParaguay\" \/>\n<meta name=\"twitter:label1\" content=\"Escrito por\" \/>\n\t<meta name=\"twitter:data1\" content=\"Alberto C\" \/>\n\t<meta name=\"twitter:label2\" content=\"Tiempo de lectura\" \/>\n\t<meta name=\"twitter:data2\" content=\"1 minuto\" \/>\n<script type=\"application\/ld+json\" class=\"yoast-schema-graph\">{\"@context\":\"https:\\\/\\\/schema.org\",\"@graph\":[{\"@type\":\"Article\",\"@id\":\"https:\\\/\\\/www.ip.gov.py\\\/ip\\\/2021\\\/05\\\/29\\\/precio-del-pasaje-se-mantiene-anuncia-viceministro-de-transporte\\\/#article\",\"isPartOf\":{\"@id\":\"https:\\\/\\\/www.ip.gov.py\\\/ip\\\/2021\\\/05\\\/29\\\/precio-del-pasaje-se-mantiene-anuncia-viceministro-de-transporte\\\/\"},\"author\":{\"name\":\"Alberto C\",\"@id\":\"https:\\\/\\\/www.ip.gov.py\\\/ip\\\/#\\\/schema\\\/person\\\/369fedd28420fad35e23b10a9df16fb8\"},\"headline\":\"Precio del pasaje se mantiene, anuncia viceministro de Transporte\",\"datePublished\":\"2021-05-29T17:52:40+00:00\",\"dateModified\":\"2021-05-29T20:57:38+00:00\",\"mainEntityOfPage\":{\"@id\":\"https:\\\/\\\/www.ip.gov.py\\\/ip\\\/2021\\\/05\\\/29\\\/precio-del-pasaje-se-mantiene-anuncia-viceministro-de-transporte\\\/\"},\"wordCount\":273,\"publisher\":{\"@id\":\"https:\\\/\\\/www.ip.gov.py\\\/ip\\\/#organization\"},\"image\":{\"@id\":\"https:\\\/\\\/www.ip.gov.py\\\/ip\\\/2021\\\/05\\\/29\\\/precio-del-pasaje-se-mantiene-anuncia-viceministro-de-transporte\\\/#primaryimage\"},\"thumbnailUrl\":\"https:\\\/\\\/www.ip.gov.py\\\/ip\\\/wp-content\\\/uploads\\\/2020\\\/04\\\/buses-transporte-coronavirus.jpg\",\"keywords\":[\"pasaje\",\"Suba del pasaje\",\"Viceministerio de Transporte\"],\"articleSection\":[\"Econom\u00eda\"],\"inLanguage\":\"es\"},{\"@type\":\"WebPage\",\"@id\":\"https:\\\/\\\/www.ip.gov.py\\\/ip\\\/2021\\\/05\\\/29\\\/precio-del-pasaje-se-mantiene-anuncia-viceministro-de-transporte\\\/\",\"url\":\"https:\\\/\\\/www.ip.gov.py\\\/ip\\\/2021\\\/05\\\/29\\\/precio-del-pasaje-se-mantiene-anuncia-viceministro-de-transporte\\\/\",\"name\":\"Precio del pasaje se mantiene, anuncia viceministro de Transporte - .::Agencia IP::.\",\"isPartOf\":{\"@id\":\"https:\\\/\\\/www.ip.gov.py\\\/ip\\\/#website\"},\"primaryImageOfPage\":{\"@id\":\"https:\\\/\\\/www.ip.gov.py\\\/ip\\\/2021\\\/05\\\/29\\\/precio-del-pasaje-se-mantiene-anuncia-viceministro-de-transporte\\\/#primaryimage\"},\"image\":{\"@id\":\"https:\\\/\\\/www.ip.gov.py\\\/ip\\\/2021\\\/05\\\/29\\\/precio-del-pasaje-se-mantiene-anuncia-viceministro-de-transporte\\\/#primaryimage\"},\"thumbnailUrl\":\"https:\\\/\\\/www.ip.gov.py\\\/ip\\\/wp-content\\\/uploads\\\/2020\\\/04\\\/buses-transporte-coronavirus.jpg\",\"datePublished\":\"2021-05-29T17:52:40+00:00\",\"dateModified\":\"2021-05-29T20:57:38+00:00\",\"breadcrumb\":{\"@id\":\"https:\\\/\\\/www.ip.gov.py\\\/ip\\\/2021\\\/05\\\/29\\\/precio-del-pasaje-se-mantiene-anuncia-viceministro-de-transporte\\\/#breadcrumb\"},\"inLanguage\":\"es\",\"potentialAction\":[{\"@type\":\"ReadAction\",\"target\":[\"https:\\\/\\\/www.ip.gov.py\\\/ip\\\/2021\\\/05\\\/29\\\/precio-del-pasaje-se-mantiene-anuncia-viceministro-de-transporte\\\/\"]}]},{\"@type\":\"ImageObject\",\"inLanguage\":\"es\",\"@id\":\"https:\\\/\\\/www.ip.gov.py\\\/ip\\\/2021\\\/05\\\/29\\\/precio-del-pasaje-se-mantiene-anuncia-viceministro-de-transporte\\\/#primaryimage\",\"url\":\"https:\\\/\\\/www.ip.gov.py\\\/ip\\\/wp-content\\\/uploads\\\/2020\\\/04\\\/buses-transporte-coronavirus.jpg\",\"contentUrl\":\"https:\\\/\\\/www.ip.gov.py\\\/ip\\\/wp-content\\\/uploads\\\/2020\\\/04\\\/buses-transporte-coronavirus.jpg\",\"width\":1150,\"height\":706,\"caption\":\"Foto Ilustraci\u00f3n\\\/Agencia IP\"},{\"@type\":\"BreadcrumbList\",\"@id\":\"https:\\\/\\\/www.ip.gov.py\\\/ip\\\/2021\\\/05\\\/29\\\/precio-del-pasaje-se-mantiene-anuncia-viceministro-de-transporte\\\/#breadcrumb\",\"itemListElement\":[{\"@type\":\"ListItem\",\"position\":1,\"name\":\"Portada\",\"item\":\"https:\\\/\\\/www.ip.gov.py\\\/ip\\\/\"},{\"@type\":\"ListItem\",\"position\":2,\"name\":\"Precio del pasaje se mantiene, anuncia viceministro de Transporte\"}]},{\"@type\":\"WebSite\",\"@id\":\"https:\\\/\\\/www.ip.gov.py\\\/ip\\\/#website\",\"url\":\"https:\\\/\\\/www.ip.gov.py\\\/ip\\\/\",\"name\":\".::Agencia IP::.\",\"description\":\"\",\"publisher\":{\"@id\":\"https:\\\/\\\/www.ip.gov.py\\\/ip\\\/#organization\"},\"potentialAction\":[{\"@type\":\"SearchAction\",\"target\":{\"@type\":\"EntryPoint\",\"urlTemplate\":\"https:\\\/\\\/www.ip.gov.py\\\/ip\\\/?s={search_term_string}\"},\"query-input\":{\"@type\":\"PropertyValueSpecification\",\"valueRequired\":true,\"valueName\":\"search_term_string\"}}],\"inLanguage\":\"es\"},{\"@type\":\"Organization\",\"@id\":\"https:\\\/\\\/www.ip.gov.py\\\/ip\\\/#organization\",\"name\":\"Agencia IP\",\"url\":\"https:\\\/\\\/www.ip.gov.py\\\/ip\\\/\",\"logo\":{\"@type\":\"ImageObject\",\"inLanguage\":\"es\",\"@id\":\"https:\\\/\\\/www.ip.gov.py\\\/ip\\\/#\\\/schema\\\/logo\\\/image\\\/\",\"url\":\"https:\\\/\\\/www.ip.gov.py\\\/ip\\\/wp-content\\\/uploads\\\/2018\\\/01\\\/Agencia-IP.jpg\",\"contentUrl\":\"https:\\\/\\\/www.ip.gov.py\\\/ip\\\/wp-content\\\/uploads\\\/2018\\\/01\\\/Agencia-IP.jpg\",\"width\":150,\"height\":150,\"caption\":\"Agencia IP\"},\"image\":{\"@id\":\"https:\\\/\\\/www.ip.gov.py\\\/ip\\\/#\\\/schema\\\/logo\\\/image\\\/\"},\"sameAs\":[\"https:\\\/\\\/www.facebook.com\\\/IPParaguay\\\/\",\"https:\\\/\\\/x.com\\\/IPParaguay\",\"https:\\\/\\\/www.instagram.com\\\/IPParaguay\"]},{\"@type\":\"Person\",\"@id\":\"https:\\\/\\\/www.ip.gov.py\\\/ip\\\/#\\\/schema\\\/person\\\/369fedd28420fad35e23b10a9df16fb8\",\"name\":\"Alberto C\",\"sameAs\":[\"https:\\\/\\\/www.ip.gov.py\"],\"url\":\"https:\\\/\\\/www.ip.gov.py\\\/ip\\\/author\\\/acelma\\\/\"}]}<\/script>\n<!-- \/ Yoast SEO plugin. -->","yoast_head_json":{"title":"Precio del pasaje se mantiene, anuncia viceministro de Transporte - .::Agencia IP::.","robots":{"index":"index","follow":"follow","max-snippet":"max-snippet:-1","max-image-preview":"max-image-preview:large","max-video-preview":"max-video-preview:-1"},"canonical":"https:\/\/www.ip.gov.py\/ip\/2021\/05\/29\/precio-del-pasaje-se-mantiene-anuncia-viceministro-de-transporte\/","og_locale":"es_ES","og_type":"article","og_title":"Precio del pasaje se mantiene, anuncia viceministro de Transporte - .::Agencia IP::.","og_description":"Asunci\u00f3n, Agencia IP.- El viceministro de Transporte, V\u00edctor S\u00e1nchez, confirm\u00f3 este s\u00e1bado que el precio del pasaje se mantiene y que el subsidio para el transporte p\u00fablico ser\u00e1 aplicado s\u00f3lo a las unidades que se encuentran operativas.","og_url":"https:\/\/www.ip.gov.py\/ip\/2021\/05\/29\/precio-del-pasaje-se-mantiene-anuncia-viceministro-de-transporte\/","og_site_name":".::Agencia IP::.","article_publisher":"https:\/\/www.facebook.com\/IPParaguay\/","article_published_time":"2021-05-29T17:52:40+00:00","article_modified_time":"2021-05-29T20:57:38+00:00","og_image":[{"width":1150,"height":706,"url":"https:\/\/www.ip.gov.py\/ip\/wp-content\/uploads\/2020\/04\/buses-transporte-coronavirus.jpg","type":"image\/jpeg"}],"author":"Alberto C","twitter_card":"summary_large_image","twitter_creator":"@IPParaguay","twitter_site":"@IPParaguay","twitter_misc":{"Escrito por":"Alberto C","Tiempo de lectura":"1 minuto"},"schema":{"@context":"https:\/\/schema.org","@graph":[{"@type":"Article","@id":"https:\/\/www.ip.gov.py\/ip\/2021\/05\/29\/precio-del-pasaje-se-mantiene-anuncia-viceministro-de-transporte\/#article","isPartOf":{"@id":"https:\/\/www.ip.gov.py\/ip\/2021\/05\/29\/precio-del-pasaje-se-mantiene-anuncia-viceministro-de-transporte\/"},"author":{"name":"Alberto C","@id":"https:\/\/www.ip.gov.py\/ip\/#\/schema\/person\/369fedd28420fad35e23b10a9df16fb8"},"headline":"Precio del pasaje se mantiene, anuncia viceministro de Transporte","datePublished":"2021-05-29T17:52:40+00:00","dateModified":"2021-05-29T20:57:38+00:00","mainEntityOfPage":{"@id":"https:\/\/www.ip.gov.py\/ip\/2021\/05\/29\/precio-del-pasaje-se-mantiene-anuncia-viceministro-de-transporte\/"},"wordCount":273,"publisher":{"@id":"https:\/\/www.ip.gov.py\/ip\/#organization"},"image":{"@id":"https:\/\/www.ip.gov.py\/ip\/2021\/05\/29\/precio-del-pasaje-se-mantiene-anuncia-viceministro-de-transporte\/#primaryimage"},"thumbnailUrl":"https:\/\/www.ip.gov.py\/ip\/wp-content\/uploads\/2020\/04\/buses-transporte-coronavirus.jpg","keywords":["pasaje","Suba del pasaje","Viceministerio de Transporte"],"articleSection":["Econom\u00eda"],"inLanguage":"es"},{"@type":"WebPage","@id":"https:\/\/www.ip.gov.py\/ip\/2021\/05\/29\/precio-del-pasaje-se-mantiene-anuncia-viceministro-de-transporte\/","url":"https:\/\/www.ip.gov.py\/ip\/2021\/05\/29\/precio-del-pasaje-se-mantiene-anuncia-viceministro-de-transporte\/","name":"Precio del pasaje se mantiene, anuncia viceministro de Transporte - .::Agencia IP::.","isPartOf":{"@id":"https:\/\/www.ip.gov.py\/ip\/#website"},"primaryImageOfPage":{"@id":"https:\/\/www.ip.gov.py\/ip\/2021\/05\/29\/precio-del-pasaje-se-mantiene-anuncia-viceministro-de-transporte\/#primaryimage"},"image":{"@id":"https:\/\/www.ip.gov.py\/ip\/2021\/05\/29\/precio-del-pasaje-se-mantiene-anuncia-viceministro-de-transporte\/#primaryimage"},"thumbnailUrl":"https:\/\/www.ip.gov.py\/ip\/wp-content\/uploads\/2020\/04\/buses-transporte-coronavirus.jpg","datePublished":"2021-05-29T17:52:40+00:00","dateModified":"2021-05-29T20:57:38+00:00","breadcrumb":{"@id":"https:\/\/www.ip.gov.py\/ip\/2021\/05\/29\/precio-del-pasaje-se-mantiene-anuncia-viceministro-de-transporte\/#breadcrumb"},"inLanguage":"es","potentialAction":[{"@type":"ReadAction","target":["https:\/\/www.ip.gov.py\/ip\/2021\/05\/29\/precio-del-pasaje-se-mantiene-anuncia-viceministro-de-transporte\/"]}]},{"@type":"ImageObject","inLanguage":"es","@id":"https:\/\/www.ip.gov.py\/ip\/2021\/05\/29\/precio-del-pasaje-se-mantiene-anuncia-viceministro-de-transporte\/#primaryimage","url":"https:\/\/www.ip.gov.py\/ip\/wp-content\/uploads\/2020\/04\/buses-transporte-coronavirus.jpg","contentUrl":"https:\/\/www.ip.gov.py\/ip\/wp-content\/uploads\/2020\/04\/buses-transporte-coronavirus.jpg","width":1150,"height":706,"caption":"Foto Ilustraci\u00f3n\/Agencia IP"},{"@type":"BreadcrumbList","@id":"https:\/\/www.ip.gov.py\/ip\/2021\/05\/29\/precio-del-pasaje-se-mantiene-anuncia-viceministro-de-transporte\/#breadcrumb","itemListElement":[{"@type":"ListItem","position":1,"name":"Portada","item":"https:\/\/www.ip.gov.py\/ip\/"},{"@type":"ListItem","position":2,"name":"Precio del pasaje se mantiene, anuncia viceministro de Transporte"}]},{"@type":"WebSite","@id":"https:\/\/www.ip.gov.py\/ip\/#website","url":"https:\/\/www.ip.gov.py\/ip\/","name":".::Agencia IP::.","description":"","publisher":{"@id":"https:\/\/www.ip.gov.py\/ip\/#organization"},"potentialAction":[{"@type":"SearchAction","target":{"@type":"EntryPoint","urlTemplate":"https:\/\/www.ip.gov.py\/ip\/?s={search_term_string}"},"query-input":{"@type":"PropertyValueSpecification","valueRequired":true,"valueName":"search_term_string"}}],"inLanguage":"es"},{"@type":"Organization","@id":"https:\/\/www.ip.gov.py\/ip\/#organization","name":"Agencia IP","url":"https:\/\/www.ip.gov.py\/ip\/","logo":{"@type":"ImageObject","inLanguage":"es","@id":"https:\/\/www.ip.gov.py\/ip\/#\/schema\/logo\/image\/","url":"https:\/\/www.ip.gov.py\/ip\/wp-content\/uploads\/2018\/01\/Agencia-IP.jpg","contentUrl":"https:\/\/www.ip.gov.py\/ip\/wp-content\/uploads\/2018\/01\/Agencia-IP.jpg","width":150,"height":150,"caption":"Agencia IP"},"image":{"@id":"https:\/\/www.ip.gov.py\/ip\/#\/schema\/logo\/image\/"},"sameAs":["https:\/\/www.facebook.com\/IPParaguay\/","https:\/\/x.com\/IPParaguay","https:\/\/www.instagram.com\/IPParaguay"]},{"@type":"Person","@id":"https:\/\/www.ip.gov.py\/ip\/#\/schema\/person\/369fedd28420fad35e23b10a9df16fb8","name":"Alberto C","sameAs":["https:\/\/www.ip.gov.py"],"url":"https:\/\/www.ip.gov.py\/ip\/author\/acelma\/"}]}},"_links":{"self":[{"href":"https:\/\/www.ip.gov.py\/ip\/wp-json\/wp\/v2\/posts\/367562","targetHints":{"allow":["GET"]}}],"collection":[{"href":"https:\/\/www.ip.gov.py\/ip\/wp-json\/wp\/v2\/posts"}],"about":[{"href":"https:\/\/www.ip.gov.py\/ip\/wp-json\/wp\/v2\/types\/post"}],"author":[{"embeddable":true,"href":"https:\/\/www.ip.gov.py\/ip\/wp-json\/wp\/v2\/users\/22"}],"replies":[{"embeddable":true,"href":"https:\/\/www.ip.gov.py\/ip\/wp-json\/wp\/v2\/comments?post=367562"}],"version-history":[{"count":0,"href":"https:\/\/www.ip.gov.py\/ip\/wp-json\/wp\/v2\/posts\/367562\/revisions"}],"wp:featuredmedia":[{"embeddable":true,"href":"https:\/\/www.ip.gov.py\/ip\/wp-json\/wp\/v2\/media\/312648"}],"wp:attachment":[{"href":"https:\/\/www.ip.gov.py\/ip\/wp-json\/wp\/v2\/media?parent=367562"}],"wp:term":[{"taxonomy":"category","embeddable":true,"href":"https:\/\/www.ip.gov.py\/ip\/wp-json\/wp\/v2\/categories?post=367562"},{"taxonomy":"post_tag","embeddable":true,"href":"https:\/\/www.ip.gov.py\/ip\/wp-json\/wp\/v2\/tags?post=367562"}],"curies":[{"name":"wp","href":"https:\/\/api.w.org\/{rel}","templated":true}]}}