{"id":367751,"date":"2021-05-31T12:28:06","date_gmt":"2021-05-31T16:28:06","guid":{"rendered":"https:\/\/www.ip.gov.py\/ip\/?p=367751"},"modified":"2021-05-31T12:28:31","modified_gmt":"2021-05-31T16:28:31","slug":"construccion-del-pabellon-de-contingencia-del-chaco-culminara-el-20-de-junio-afirma-ministro","status":"publish","type":"post","link":"https:\/\/www.ip.gov.py\/ip\/2021\/05\/31\/construccion-del-pabellon-de-contingencia-del-chaco-culminara-el-20-de-junio-afirma-ministro\/","title":{"rendered":"Obras del pabell\u00f3n de contingencia del Chaco culminar\u00e1n el 20 de junio, afirma ministro\u00a0\u00a0"},"content":{"rendered":"<p style=\"text-align: justify;\"><em><strong>Asunci\u00f3n, Agencia IP.-<\/strong> <\/em>El ministro de Obras P\u00fablicas y Comunicaciones (MOPC), Arnoldo Wiens inform\u00f3 que ya culmin\u00f3 la construcci\u00f3n de la base para el Pabell\u00f3n de Contingencia del Chaco. Esta semana se trabajar\u00e1 en los m\u00f3dulos y afirm\u00f3 que la obra estar\u00e1 culminada para el 20 de junio pr\u00f3ximo.<!--more--><\/p>\n<p style=\"text-align: justify;\">\u00abEste pabell\u00f3n contar\u00e1 con ocho camas especializadas para la atenci\u00f3n de pacientes con covid-19. La base ya est\u00e1 establecida, el d\u00eda de ma\u00f1ana ya se empieza a construir la estructura modular que va llevar unos d\u00edas y nosotros esperamos que para el veinte de junio ya podamos culminar para poder habilitar\u00bb, afirm\u00f3 Wiens este lunes en entrevista con <strong>Paraguay TV<\/strong>.<\/p>\n<p style=\"text-align: justify;\">En ese sentido dijo que los trabajos est\u00e1n avanzando en forma gracias al clima que est\u00e1 ayudando bastante bien ya que no se registran lluvias. \u00abEste ser\u00e1 el primer pabell\u00f3n de contingencia instalado por el Gobierno en el departamento de Boquer\u00f3n. El mismo est\u00e1 siendo levantado en el predio del Hospital Regional de Mariscal Estigarribia\u00bb, afirm\u00f3.<\/p>\n<p style=\"text-align: justify;\">Finalmente, Wiens dijo que se habilitar\u00e1n las ocho camas a pedido del Ministerio de Salud P\u00fablica ya que esa es la cantidad ideal que un equipo m\u00e9dico de Unidad de Terapia Intensiva (UTI) puede llegar a atender.<\/p>\n<p style=\"text-align: justify;\">Seg\u00fan datos proporcionados por el MOPC, el pabell\u00f3n contar\u00e1 con el acondicionamiento f\u00edsico y clim\u00e1tico necesario mediante la instalaci\u00f3n de acondicionadores de aire de alto rendimiento tipo Roof-top, un sistema que utilizada agua fr\u00eda en el sistema de refrigeraci\u00f3n mejorando considerablemente su rendimiento y economizando su consumo energ\u00e9tico.<\/p>\n<p style=\"text-align: justify;\">Incluye un sistema de triple filtrado de aire tipo HEPA que retiene hasta el 97% de las impurezas en gravitaci\u00f3n, junto con la puesta en funcionamiento de un generador de presi\u00f3n negativa que aportar\u00e1 al pabell\u00f3n de mejores condiciones de asepsia.<\/p>\n<p style=\"text-align: justify;\">Tambi\u00e9n se prev\u00e9 todo el equipamiento requerido para la protecci\u00f3n contra incendios y un sistema de reserva de agua independiente al resto del hospital.<\/p>\n","protected":false},"excerpt":{"rendered":"<p>Asunci\u00f3n, Agencia IP.- El ministro de Obras P\u00fablicas y Comunicaciones (MOPC), Arnoldo Wiens inform\u00f3 que ya culmin\u00f3 la construcci\u00f3n de la base para el Pabell\u00f3n de Contingencia del Chaco. Esta semana se trabajar\u00e1 en los m\u00f3dulos y afirm\u00f3 que la obra estar\u00e1 culminada para el 20 de junio pr\u00f3ximo.<\/p>\n","protected":false},"author":23,"featured_media":336613,"comment_status":"closed","ping_status":"closed","sticky":false,"template":"","format":"standard","meta":{"_monsterinsights_skip_tracking":false,"_monsterinsights_sitenote_active":false,"_monsterinsights_sitenote_note":"","_monsterinsights_sitenote_category":0,"footnotes":""},"categories":[4],"tags":[2197,75,97,3001],"class_list":{"0":"post-367751","1":"post","2":"type-post","3":"status-publish","4":"format-standard","5":"has-post-thumbnail","7":"category-nacionales","8":"tag-boqueron","9":"tag-chaco","10":"tag-mopc","11":"tag-pabellon-de-contingencia"},"yoast_head":"<!-- This site is optimized with the Yoast SEO plugin v27.5 - https:\/\/yoast.com\/product\/yoast-seo-wordpress\/ -->\n<title>Obras del pabell\u00f3n de contingencia del Chaco culminar\u00e1n el 20 de junio, afirma ministro\u00a0\u00a0 - .::Agencia IP::.<\/title>\n<meta name=\"robots\" content=\"index, follow, max-snippet:-1, max-image-preview:large, max-video-preview:-1\" \/>\n<link rel=\"canonical\" href=\"https:\/\/www.ip.gov.py\/ip\/2021\/05\/31\/construccion-del-pabellon-de-contingencia-del-chaco-culminara-el-20-de-junio-afirma-ministro\/\" \/>\n<meta property=\"og:locale\" content=\"es_ES\" \/>\n<meta property=\"og:type\" content=\"article\" \/>\n<meta property=\"og:title\" content=\"Obras del pabell\u00f3n de contingencia del Chaco culminar\u00e1n el 20 de junio, afirma ministro\u00a0\u00a0 - .::Agencia IP::.\" \/>\n<meta property=\"og:description\" content=\"Asunci\u00f3n, Agencia IP.- El ministro de Obras P\u00fablicas y Comunicaciones (MOPC), Arnoldo Wiens inform\u00f3 que ya culmin\u00f3 la construcci\u00f3n de la base para el Pabell\u00f3n de Contingencia del Chaco. Esta semana se trabajar\u00e1 en los m\u00f3dulos y afirm\u00f3 que la obra estar\u00e1 culminada para el 20 de junio pr\u00f3ximo.\" \/>\n<meta property=\"og:url\" content=\"https:\/\/www.ip.gov.py\/ip\/2021\/05\/31\/construccion-del-pabellon-de-contingencia-del-chaco-culminara-el-20-de-junio-afirma-ministro\/\" \/>\n<meta property=\"og:site_name\" content=\".::Agencia IP::.\" \/>\n<meta property=\"article:publisher\" content=\"https:\/\/www.facebook.com\/IPParaguay\/\" \/>\n<meta property=\"article:published_time\" content=\"2021-05-31T16:28:06+00:00\" \/>\n<meta property=\"article:modified_time\" content=\"2021-05-31T16:28:31+00:00\" \/>\n<meta property=\"og:image\" content=\"https:\/\/www.ip.gov.py\/ip\/wp-content\/uploads\/2020\/10\/Arnoldo-Wines-MOPC.jpg\" \/>\n\t<meta property=\"og:image:width\" content=\"1200\" \/>\n\t<meta property=\"og:image:height\" content=\"721\" \/>\n\t<meta property=\"og:image:type\" content=\"image\/jpeg\" \/>\n<meta name=\"author\" content=\"Noelia Ferreira\" \/>\n<meta name=\"twitter:card\" content=\"summary_large_image\" \/>\n<meta name=\"twitter:creator\" content=\"@IPParaguay\" \/>\n<meta name=\"twitter:site\" content=\"@IPParaguay\" \/>\n<meta name=\"twitter:label1\" content=\"Escrito por\" \/>\n\t<meta name=\"twitter:data1\" content=\"Noelia Ferreira\" \/>\n\t<meta name=\"twitter:label2\" content=\"Tiempo de lectura\" \/>\n\t<meta name=\"twitter:data2\" content=\"2 minutos\" \/>\n<script type=\"application\/ld+json\" class=\"yoast-schema-graph\">{\"@context\":\"https:\\\/\\\/schema.org\",\"@graph\":[{\"@type\":\"Article\",\"@id\":\"https:\\\/\\\/www.ip.gov.py\\\/ip\\\/2021\\\/05\\\/31\\\/construccion-del-pabellon-de-contingencia-del-chaco-culminara-el-20-de-junio-afirma-ministro\\\/#article\",\"isPartOf\":{\"@id\":\"https:\\\/\\\/www.ip.gov.py\\\/ip\\\/2021\\\/05\\\/31\\\/construccion-del-pabellon-de-contingencia-del-chaco-culminara-el-20-de-junio-afirma-ministro\\\/\"},\"author\":{\"name\":\"Noelia Ferreira\",\"@id\":\"https:\\\/\\\/www.ip.gov.py\\\/ip\\\/#\\\/schema\\\/person\\\/791af27a9219bdbf9064abb776bb41c2\"},\"headline\":\"Obras del pabell\u00f3n de contingencia del Chaco culminar\u00e1n el 20 de junio, afirma ministro\u00a0\u00a0\",\"datePublished\":\"2021-05-31T16:28:06+00:00\",\"dateModified\":\"2021-05-31T16:28:31+00:00\",\"mainEntityOfPage\":{\"@id\":\"https:\\\/\\\/www.ip.gov.py\\\/ip\\\/2021\\\/05\\\/31\\\/construccion-del-pabellon-de-contingencia-del-chaco-culminara-el-20-de-junio-afirma-ministro\\\/\"},\"wordCount\":359,\"publisher\":{\"@id\":\"https:\\\/\\\/www.ip.gov.py\\\/ip\\\/#organization\"},\"image\":{\"@id\":\"https:\\\/\\\/www.ip.gov.py\\\/ip\\\/2021\\\/05\\\/31\\\/construccion-del-pabellon-de-contingencia-del-chaco-culminara-el-20-de-junio-afirma-ministro\\\/#primaryimage\"},\"thumbnailUrl\":\"https:\\\/\\\/www.ip.gov.py\\\/ip\\\/wp-content\\\/uploads\\\/2020\\\/10\\\/Arnoldo-Wines-MOPC.jpg\",\"keywords\":[\"Boquer\u00f3n\",\"Chaco\",\"MOPC\",\"pabell\u00f3n de contingencia\"],\"articleSection\":[\"Nacionales\"],\"inLanguage\":\"es\"},{\"@type\":\"WebPage\",\"@id\":\"https:\\\/\\\/www.ip.gov.py\\\/ip\\\/2021\\\/05\\\/31\\\/construccion-del-pabellon-de-contingencia-del-chaco-culminara-el-20-de-junio-afirma-ministro\\\/\",\"url\":\"https:\\\/\\\/www.ip.gov.py\\\/ip\\\/2021\\\/05\\\/31\\\/construccion-del-pabellon-de-contingencia-del-chaco-culminara-el-20-de-junio-afirma-ministro\\\/\",\"name\":\"Obras del pabell\u00f3n de contingencia del Chaco culminar\u00e1n el 20 de junio, afirma ministro\u00a0\u00a0 - .::Agencia IP::.\",\"isPartOf\":{\"@id\":\"https:\\\/\\\/www.ip.gov.py\\\/ip\\\/#website\"},\"primaryImageOfPage\":{\"@id\":\"https:\\\/\\\/www.ip.gov.py\\\/ip\\\/2021\\\/05\\\/31\\\/construccion-del-pabellon-de-contingencia-del-chaco-culminara-el-20-de-junio-afirma-ministro\\\/#primaryimage\"},\"image\":{\"@id\":\"https:\\\/\\\/www.ip.gov.py\\\/ip\\\/2021\\\/05\\\/31\\\/construccion-del-pabellon-de-contingencia-del-chaco-culminara-el-20-de-junio-afirma-ministro\\\/#primaryimage\"},\"thumbnailUrl\":\"https:\\\/\\\/www.ip.gov.py\\\/ip\\\/wp-content\\\/uploads\\\/2020\\\/10\\\/Arnoldo-Wines-MOPC.jpg\",\"datePublished\":\"2021-05-31T16:28:06+00:00\",\"dateModified\":\"2021-05-31T16:28:31+00:00\",\"breadcrumb\":{\"@id\":\"https:\\\/\\\/www.ip.gov.py\\\/ip\\\/2021\\\/05\\\/31\\\/construccion-del-pabellon-de-contingencia-del-chaco-culminara-el-20-de-junio-afirma-ministro\\\/#breadcrumb\"},\"inLanguage\":\"es\",\"potentialAction\":[{\"@type\":\"ReadAction\",\"target\":[\"https:\\\/\\\/www.ip.gov.py\\\/ip\\\/2021\\\/05\\\/31\\\/construccion-del-pabellon-de-contingencia-del-chaco-culminara-el-20-de-junio-afirma-ministro\\\/\"]}]},{\"@type\":\"ImageObject\",\"inLanguage\":\"es\",\"@id\":\"https:\\\/\\\/www.ip.gov.py\\\/ip\\\/2021\\\/05\\\/31\\\/construccion-del-pabellon-de-contingencia-del-chaco-culminara-el-20-de-junio-afirma-ministro\\\/#primaryimage\",\"url\":\"https:\\\/\\\/www.ip.gov.py\\\/ip\\\/wp-content\\\/uploads\\\/2020\\\/10\\\/Arnoldo-Wines-MOPC.jpg\",\"contentUrl\":\"https:\\\/\\\/www.ip.gov.py\\\/ip\\\/wp-content\\\/uploads\\\/2020\\\/10\\\/Arnoldo-Wines-MOPC.jpg\",\"width\":1200,\"height\":721,\"caption\":\"Arnoldo Wiens. Foto MOPC.\"},{\"@type\":\"BreadcrumbList\",\"@id\":\"https:\\\/\\\/www.ip.gov.py\\\/ip\\\/2021\\\/05\\\/31\\\/construccion-del-pabellon-de-contingencia-del-chaco-culminara-el-20-de-junio-afirma-ministro\\\/#breadcrumb\",\"itemListElement\":[{\"@type\":\"ListItem\",\"position\":1,\"name\":\"Portada\",\"item\":\"https:\\\/\\\/www.ip.gov.py\\\/ip\\\/\"},{\"@type\":\"ListItem\",\"position\":2,\"name\":\"Obras del pabell\u00f3n de contingencia del Chaco culminar\u00e1n el 20 de junio, afirma ministro\u00a0\u00a0\"}]},{\"@type\":\"WebSite\",\"@id\":\"https:\\\/\\\/www.ip.gov.py\\\/ip\\\/#website\",\"url\":\"https:\\\/\\\/www.ip.gov.py\\\/ip\\\/\",\"name\":\".::Agencia IP::.\",\"description\":\"\",\"publisher\":{\"@id\":\"https:\\\/\\\/www.ip.gov.py\\\/ip\\\/#organization\"},\"potentialAction\":[{\"@type\":\"SearchAction\",\"target\":{\"@type\":\"EntryPoint\",\"urlTemplate\":\"https:\\\/\\\/www.ip.gov.py\\\/ip\\\/?s={search_term_string}\"},\"query-input\":{\"@type\":\"PropertyValueSpecification\",\"valueRequired\":true,\"valueName\":\"search_term_string\"}}],\"inLanguage\":\"es\"},{\"@type\":\"Organization\",\"@id\":\"https:\\\/\\\/www.ip.gov.py\\\/ip\\\/#organization\",\"name\":\"Agencia IP\",\"url\":\"https:\\\/\\\/www.ip.gov.py\\\/ip\\\/\",\"logo\":{\"@type\":\"ImageObject\",\"inLanguage\":\"es\",\"@id\":\"https:\\\/\\\/www.ip.gov.py\\\/ip\\\/#\\\/schema\\\/logo\\\/image\\\/\",\"url\":\"https:\\\/\\\/www.ip.gov.py\\\/ip\\\/wp-content\\\/uploads\\\/2018\\\/01\\\/Agencia-IP.jpg\",\"contentUrl\":\"https:\\\/\\\/www.ip.gov.py\\\/ip\\\/wp-content\\\/uploads\\\/2018\\\/01\\\/Agencia-IP.jpg\",\"width\":150,\"height\":150,\"caption\":\"Agencia IP\"},\"image\":{\"@id\":\"https:\\\/\\\/www.ip.gov.py\\\/ip\\\/#\\\/schema\\\/logo\\\/image\\\/\"},\"sameAs\":[\"https:\\\/\\\/www.facebook.com\\\/IPParaguay\\\/\",\"https:\\\/\\\/x.com\\\/IPParaguay\",\"https:\\\/\\\/www.instagram.com\\\/IPParaguay\"]},{\"@type\":\"Person\",\"@id\":\"https:\\\/\\\/www.ip.gov.py\\\/ip\\\/#\\\/schema\\\/person\\\/791af27a9219bdbf9064abb776bb41c2\",\"name\":\"Noelia Ferreira\",\"sameAs\":[\"http:\\\/\\\/www.ip.gov.py\"],\"url\":\"https:\\\/\\\/www.ip.gov.py\\\/ip\\\/author\\\/nferreira\\\/\"}]}<\/script>\n<!-- \/ Yoast SEO plugin. -->","yoast_head_json":{"title":"Obras del pabell\u00f3n de contingencia del Chaco culminar\u00e1n el 20 de junio, afirma ministro\u00a0\u00a0 - .::Agencia IP::.","robots":{"index":"index","follow":"follow","max-snippet":"max-snippet:-1","max-image-preview":"max-image-preview:large","max-video-preview":"max-video-preview:-1"},"canonical":"https:\/\/www.ip.gov.py\/ip\/2021\/05\/31\/construccion-del-pabellon-de-contingencia-del-chaco-culminara-el-20-de-junio-afirma-ministro\/","og_locale":"es_ES","og_type":"article","og_title":"Obras del pabell\u00f3n de contingencia del Chaco culminar\u00e1n el 20 de junio, afirma ministro\u00a0\u00a0 - .::Agencia IP::.","og_description":"Asunci\u00f3n, Agencia IP.- El ministro de Obras P\u00fablicas y Comunicaciones (MOPC), Arnoldo Wiens inform\u00f3 que ya culmin\u00f3 la construcci\u00f3n de la base para el Pabell\u00f3n de Contingencia del Chaco. Esta semana se trabajar\u00e1 en los m\u00f3dulos y afirm\u00f3 que la obra estar\u00e1 culminada para el 20 de junio pr\u00f3ximo.","og_url":"https:\/\/www.ip.gov.py\/ip\/2021\/05\/31\/construccion-del-pabellon-de-contingencia-del-chaco-culminara-el-20-de-junio-afirma-ministro\/","og_site_name":".::Agencia IP::.","article_publisher":"https:\/\/www.facebook.com\/IPParaguay\/","article_published_time":"2021-05-31T16:28:06+00:00","article_modified_time":"2021-05-31T16:28:31+00:00","og_image":[{"width":1200,"height":721,"url":"https:\/\/www.ip.gov.py\/ip\/wp-content\/uploads\/2020\/10\/Arnoldo-Wines-MOPC.jpg","type":"image\/jpeg"}],"author":"Noelia Ferreira","twitter_card":"summary_large_image","twitter_creator":"@IPParaguay","twitter_site":"@IPParaguay","twitter_misc":{"Escrito por":"Noelia Ferreira","Tiempo de lectura":"2 minutos"},"schema":{"@context":"https:\/\/schema.org","@graph":[{"@type":"Article","@id":"https:\/\/www.ip.gov.py\/ip\/2021\/05\/31\/construccion-del-pabellon-de-contingencia-del-chaco-culminara-el-20-de-junio-afirma-ministro\/#article","isPartOf":{"@id":"https:\/\/www.ip.gov.py\/ip\/2021\/05\/31\/construccion-del-pabellon-de-contingencia-del-chaco-culminara-el-20-de-junio-afirma-ministro\/"},"author":{"name":"Noelia Ferreira","@id":"https:\/\/www.ip.gov.py\/ip\/#\/schema\/person\/791af27a9219bdbf9064abb776bb41c2"},"headline":"Obras del pabell\u00f3n de contingencia del Chaco culminar\u00e1n el 20 de junio, afirma ministro\u00a0\u00a0","datePublished":"2021-05-31T16:28:06+00:00","dateModified":"2021-05-31T16:28:31+00:00","mainEntityOfPage":{"@id":"https:\/\/www.ip.gov.py\/ip\/2021\/05\/31\/construccion-del-pabellon-de-contingencia-del-chaco-culminara-el-20-de-junio-afirma-ministro\/"},"wordCount":359,"publisher":{"@id":"https:\/\/www.ip.gov.py\/ip\/#organization"},"image":{"@id":"https:\/\/www.ip.gov.py\/ip\/2021\/05\/31\/construccion-del-pabellon-de-contingencia-del-chaco-culminara-el-20-de-junio-afirma-ministro\/#primaryimage"},"thumbnailUrl":"https:\/\/www.ip.gov.py\/ip\/wp-content\/uploads\/2020\/10\/Arnoldo-Wines-MOPC.jpg","keywords":["Boquer\u00f3n","Chaco","MOPC","pabell\u00f3n de contingencia"],"articleSection":["Nacionales"],"inLanguage":"es"},{"@type":"WebPage","@id":"https:\/\/www.ip.gov.py\/ip\/2021\/05\/31\/construccion-del-pabellon-de-contingencia-del-chaco-culminara-el-20-de-junio-afirma-ministro\/","url":"https:\/\/www.ip.gov.py\/ip\/2021\/05\/31\/construccion-del-pabellon-de-contingencia-del-chaco-culminara-el-20-de-junio-afirma-ministro\/","name":"Obras del pabell\u00f3n de contingencia del Chaco culminar\u00e1n el 20 de junio, afirma ministro\u00a0\u00a0 - .::Agencia IP::.","isPartOf":{"@id":"https:\/\/www.ip.gov.py\/ip\/#website"},"primaryImageOfPage":{"@id":"https:\/\/www.ip.gov.py\/ip\/2021\/05\/31\/construccion-del-pabellon-de-contingencia-del-chaco-culminara-el-20-de-junio-afirma-ministro\/#primaryimage"},"image":{"@id":"https:\/\/www.ip.gov.py\/ip\/2021\/05\/31\/construccion-del-pabellon-de-contingencia-del-chaco-culminara-el-20-de-junio-afirma-ministro\/#primaryimage"},"thumbnailUrl":"https:\/\/www.ip.gov.py\/ip\/wp-content\/uploads\/2020\/10\/Arnoldo-Wines-MOPC.jpg","datePublished":"2021-05-31T16:28:06+00:00","dateModified":"2021-05-31T16:28:31+00:00","breadcrumb":{"@id":"https:\/\/www.ip.gov.py\/ip\/2021\/05\/31\/construccion-del-pabellon-de-contingencia-del-chaco-culminara-el-20-de-junio-afirma-ministro\/#breadcrumb"},"inLanguage":"es","potentialAction":[{"@type":"ReadAction","target":["https:\/\/www.ip.gov.py\/ip\/2021\/05\/31\/construccion-del-pabellon-de-contingencia-del-chaco-culminara-el-20-de-junio-afirma-ministro\/"]}]},{"@type":"ImageObject","inLanguage":"es","@id":"https:\/\/www.ip.gov.py\/ip\/2021\/05\/31\/construccion-del-pabellon-de-contingencia-del-chaco-culminara-el-20-de-junio-afirma-ministro\/#primaryimage","url":"https:\/\/www.ip.gov.py\/ip\/wp-content\/uploads\/2020\/10\/Arnoldo-Wines-MOPC.jpg","contentUrl":"https:\/\/www.ip.gov.py\/ip\/wp-content\/uploads\/2020\/10\/Arnoldo-Wines-MOPC.jpg","width":1200,"height":721,"caption":"Arnoldo Wiens. Foto MOPC."},{"@type":"BreadcrumbList","@id":"https:\/\/www.ip.gov.py\/ip\/2021\/05\/31\/construccion-del-pabellon-de-contingencia-del-chaco-culminara-el-20-de-junio-afirma-ministro\/#breadcrumb","itemListElement":[{"@type":"ListItem","position":1,"name":"Portada","item":"https:\/\/www.ip.gov.py\/ip\/"},{"@type":"ListItem","position":2,"name":"Obras del pabell\u00f3n de contingencia del Chaco culminar\u00e1n el 20 de junio, afirma ministro\u00a0\u00a0"}]},{"@type":"WebSite","@id":"https:\/\/www.ip.gov.py\/ip\/#website","url":"https:\/\/www.ip.gov.py\/ip\/","name":".::Agencia IP::.","description":"","publisher":{"@id":"https:\/\/www.ip.gov.py\/ip\/#organization"},"potentialAction":[{"@type":"SearchAction","target":{"@type":"EntryPoint","urlTemplate":"https:\/\/www.ip.gov.py\/ip\/?s={search_term_string}"},"query-input":{"@type":"PropertyValueSpecification","valueRequired":true,"valueName":"search_term_string"}}],"inLanguage":"es"},{"@type":"Organization","@id":"https:\/\/www.ip.gov.py\/ip\/#organization","name":"Agencia IP","url":"https:\/\/www.ip.gov.py\/ip\/","logo":{"@type":"ImageObject","inLanguage":"es","@id":"https:\/\/www.ip.gov.py\/ip\/#\/schema\/logo\/image\/","url":"https:\/\/www.ip.gov.py\/ip\/wp-content\/uploads\/2018\/01\/Agencia-IP.jpg","contentUrl":"https:\/\/www.ip.gov.py\/ip\/wp-content\/uploads\/2018\/01\/Agencia-IP.jpg","width":150,"height":150,"caption":"Agencia IP"},"image":{"@id":"https:\/\/www.ip.gov.py\/ip\/#\/schema\/logo\/image\/"},"sameAs":["https:\/\/www.facebook.com\/IPParaguay\/","https:\/\/x.com\/IPParaguay","https:\/\/www.instagram.com\/IPParaguay"]},{"@type":"Person","@id":"https:\/\/www.ip.gov.py\/ip\/#\/schema\/person\/791af27a9219bdbf9064abb776bb41c2","name":"Noelia Ferreira","sameAs":["http:\/\/www.ip.gov.py"],"url":"https:\/\/www.ip.gov.py\/ip\/author\/nferreira\/"}]}},"_links":{"self":[{"href":"https:\/\/www.ip.gov.py\/ip\/wp-json\/wp\/v2\/posts\/367751","targetHints":{"allow":["GET"]}}],"collection":[{"href":"https:\/\/www.ip.gov.py\/ip\/wp-json\/wp\/v2\/posts"}],"about":[{"href":"https:\/\/www.ip.gov.py\/ip\/wp-json\/wp\/v2\/types\/post"}],"author":[{"embeddable":true,"href":"https:\/\/www.ip.gov.py\/ip\/wp-json\/wp\/v2\/users\/23"}],"replies":[{"embeddable":true,"href":"https:\/\/www.ip.gov.py\/ip\/wp-json\/wp\/v2\/comments?post=367751"}],"version-history":[{"count":0,"href":"https:\/\/www.ip.gov.py\/ip\/wp-json\/wp\/v2\/posts\/367751\/revisions"}],"wp:featuredmedia":[{"embeddable":true,"href":"https:\/\/www.ip.gov.py\/ip\/wp-json\/wp\/v2\/media\/336613"}],"wp:attachment":[{"href":"https:\/\/www.ip.gov.py\/ip\/wp-json\/wp\/v2\/media?parent=367751"}],"wp:term":[{"taxonomy":"category","embeddable":true,"href":"https:\/\/www.ip.gov.py\/ip\/wp-json\/wp\/v2\/categories?post=367751"},{"taxonomy":"post_tag","embeddable":true,"href":"https:\/\/www.ip.gov.py\/ip\/wp-json\/wp\/v2\/tags?post=367751"}],"curies":[{"name":"wp","href":"https:\/\/api.w.org\/{rel}","templated":true}]}}