{"id":368017,"date":"2021-06-02T08:10:14","date_gmt":"2021-06-02T12:10:14","guid":{"rendered":"https:\/\/www.ip.gov.py\/ip\/?p=368017"},"modified":"2021-06-02T08:10:14","modified_gmt":"2021-06-02T12:10:14","slug":"la-oms-expreso-su-preocupacion-por-la-situacion-de-la-pandemia-en-sudamerica-va-en-mala-direccion","status":"publish","type":"post","link":"https:\/\/www.ip.gov.py\/ip\/2021\/06\/02\/la-oms-expreso-su-preocupacion-por-la-situacion-de-la-pandemia-en-sudamerica-va-en-mala-direccion\/","title":{"rendered":"La OMS expres\u00f3 su preocupaci\u00f3n por la situaci\u00f3n de la pandemia en Sudam\u00e9rica: \u201cVa en mala direcci\u00f3n\u201d"},"content":{"rendered":"<p style=\"text-align: justify;\"><em><strong>Ginebra.-<\/strong><\/em>Michael Ryan, director del organismo para situaciones de emergencia, sostuvo que en la regi\u00f3n \u201cla transmisi\u00f3n de la enfermedad es intensa, la transmisi\u00f3n comunitaria est\u00e1 extendida y los sistemas sanitarios contin\u00faan bajo presi\u00f3n\u201d.<!--more--><\/p>\n<p style=\"text-align: justify;\">La Organizaci\u00f3n Mundial de la Salud (OMS) expres\u00f3 su preocupaci\u00f3n este martes por la situaci\u00f3n de la pandemia de coronavirus en Am\u00e9rica del Sur, alertando que los brotes que ya azotan a la regi\u00f3n est\u00e1n empeorando de nuevo.<\/p>\n<p style=\"text-align: justify;\">El director de de la OMS para situaciones de emergencia, Michael Ryan, afirm\u00f3 que 8 de los 10 pa\u00edses con mayores tasas de mortalidad por covid-19 en las \u00faltima semanas se ubican en las Am\u00e9ricas.<\/p>\n<p style=\"text-align: justify;\">\u201cLa situaci\u00f3n en Sudam\u00e9rica ahora mismo sigue siendo un motivo de gran preocupaci\u00f3n\u201d, declar\u00f3 Ryan a los periodistas.<\/p>\n<p style=\"text-align: justify;\">\u201cAm\u00e9rica del Sur estaba en una situaci\u00f3n realmente dif\u00edcil hace tan solo un par de meses y, de nuevo, la situaci\u00f3n est\u00e1 empezando a virar en la mala direcci\u00f3n\u201d, advirti\u00f3.<\/p>\n<p style=\"text-align: justify;\">Asimismo, detall\u00f3 que \u201cla transmisi\u00f3n de la enfermedad es intensa, la transmisi\u00f3n comunitaria est\u00e1 extendida y los sistemas sanitarios contin\u00faan bajo presi\u00f3n\u201d. Todos esos factores, apunt\u00f3, se est\u00e1n viendo \u201creflejados en las tasas de mortalidad\u201d.<\/p>\n<p style=\"text-align: justify;\">La advertencia de Ryan lleg\u00f3 un d\u00eda despu\u00e9s de que Per\u00fa anunciara que elev\u00f3 el balance oficial de muertos por coronavirus de 69.342 a 180.764, la mayor tasa de muertos por covid-19 del mundo.<\/p>\n<p style=\"text-align: justify;\">Lima tom\u00f3 la medida por recomendaci\u00f3n de un grupo t\u00e9cnico, que indic\u00f3 que el balance estaba infraevaluado.<\/p>\n<p style=\"text-align: justify;\">Varios pa\u00edses del continente se han visto muy golpeados por la pandemia, y Brasil es uno de los m\u00e1s afectados del mundo.<\/p>\n<p style=\"text-align: justify;\">Ryan se\u00f1al\u00f3 que la proporci\u00f3n de test al covid-19 positivos en muchos pa\u00edses sudamericanos contin\u00faan siendo \u201cremarcablemente altos\u201d, como en Paraguay (37%), Argentina (33%) y Colombia (30%).<\/p>\n<p style=\"text-align: justify;\">Al mismo tiempo, lament\u00f3 que \u201clas tasas de letalidad en Sudam\u00e9rica [en general son] m\u00e1s altas que en muchas otras partes del mundo\u201d. Esto, explic\u00f3, se debe en gran parte a que los sistemas de salud del continente han estado \u201cdurante mucho tiempo\u201d bajo una gran presi\u00f3n.<\/p>\n<p style=\"text-align: justify;\">\u201cLa mortalidad ha aumentado en pa\u00edses como Paraguay y Bolivia alrededor de un 20% la semana pasada\u201d, sostuvo Ryan, tras a\u00f1adir que la tasa de pacientes fallecidos en la regi\u00f3n es mayor que la media global y se sit\u00faa en torno al 3-5%.<\/p>\n<p style=\"text-align: justify;\">En todos los pa\u00edses del mundo en los que se ha registrado una intensa transmisibilidad del virus los sistemas de salud han estado sometidos a \u201cuna intensa presi\u00f3n\u201d, lo que \u201caumenta las tasas de letalidad\u201d, sostuvo.<\/p>\n<p style=\"text-align: justify;\">Ryan afirm\u00f3 que hay que \u201cromper este ciclo\u201d e inst\u00f3 a los pa\u00edses a redoblar esfuerzos para frenar el virus, apuntando la necesidad de que el acceso a las vacunas sea m\u00e1s equitativo.<\/p>\n<p style=\"text-align: justify;\">Ante la ausencia de altas cifras de vacunaci\u00f3n en gran parte de la comunidad internacional, el funcionario de la OMS reiter\u00f3 que es recomendable mantener medidas preventivas tales como el uso de mascarillas o el respeto al distanciamiento social.<\/p>\n<p style=\"text-align: justify;\">El ministro de Salud de Chile, Enrique Paris, celebr\u00f3 que la Organizaci\u00f3n Mundial de la Salud haya aprobado este martes el uso de la vacuna contra la covid-19 Coronavac, del laboratorio chino Sinovac, la que m\u00e1s se ha administrado en el pa\u00eds.<\/p>\n<p style=\"text-align: justify;\">\u201dEs una gran noticia y una alegr\u00eda para Chile y para nuestro plan de inmunizaciones\u201d, afirm\u00f3 el funcionario.<\/p>\n<p style=\"text-align: justify;\">La OMS aprob\u00f3 este martes el uso de emergencia de Coronavac, que se convirti\u00f3 en la segunda inyecci\u00f3n china que obtiene la luz verde del organismo, tras la desarrollada por Sinopharm que se autoriz\u00f3 el pasado mayo. \u201dDe las seis vacunas que la OMS ha aprobado para su uso de emergencia, Chile cuenta con tres: Pfizer, Astrazeneca y ahora Sinovac\u201d, agreg\u00f3 Paris.<\/p>\n<p style=\"text-align: justify;\">De los 22 millones de dosis que ha recibido Chile desde el inicio de la pandemia, m\u00e1s de 17 millones son de Coronavac, aunque tambi\u00e9n han llegado en menor medidas de Pfizer (3,6 millones), de Astrazeneca (cerca de 700.000) y de Cansino (300.000).Infobae.<\/p>\n","protected":false},"excerpt":{"rendered":"<p>Ginebra.-Michael Ryan, director del organismo para situaciones de emergencia, sostuvo que en la regi\u00f3n \u201cla transmisi\u00f3n de la enfermedad es intensa, la transmisi\u00f3n comunitaria est\u00e1 extendida y los sistemas sanitarios contin\u00faan bajo presi\u00f3n\u201d.<\/p>\n","protected":false},"author":11,"featured_media":368018,"comment_status":"closed","ping_status":"closed","sticky":false,"template":"","format":"standard","meta":{"_monsterinsights_skip_tracking":false,"_monsterinsights_sitenote_active":false,"_monsterinsights_sitenote_note":"","_monsterinsights_sitenote_category":0,"footnotes":""},"categories":[5],"tags":[6236,3216,3000,4556,5814],"class_list":{"0":"post-368017","1":"post","2":"type-post","3":"status-publish","4":"format-standard","5":"has-post-thumbnail","7":"category-internacionales","8":"tag-america","9":"tag-oms","10":"tag-pandemia","11":"tag-preocupacion","12":"tag-situacion"},"yoast_head":"<!-- This site is optimized with the Yoast SEO plugin v27.5 - https:\/\/yoast.com\/product\/yoast-seo-wordpress\/ -->\n<title>La OMS expres\u00f3 su preocupaci\u00f3n por la situaci\u00f3n de la pandemia en Sudam\u00e9rica: \u201cVa en mala direcci\u00f3n\u201d - .::Agencia IP::.<\/title>\n<meta name=\"robots\" content=\"index, follow, max-snippet:-1, max-image-preview:large, max-video-preview:-1\" \/>\n<link rel=\"canonical\" href=\"https:\/\/www.ip.gov.py\/ip\/2021\/06\/02\/la-oms-expreso-su-preocupacion-por-la-situacion-de-la-pandemia-en-sudamerica-va-en-mala-direccion\/\" \/>\n<meta property=\"og:locale\" content=\"es_ES\" \/>\n<meta property=\"og:type\" content=\"article\" \/>\n<meta property=\"og:title\" content=\"La OMS expres\u00f3 su preocupaci\u00f3n por la situaci\u00f3n de la pandemia en Sudam\u00e9rica: \u201cVa en mala direcci\u00f3n\u201d - .::Agencia IP::.\" \/>\n<meta property=\"og:description\" content=\"Ginebra.-Michael Ryan, director del organismo para situaciones de emergencia, sostuvo que en la regi\u00f3n \u201cla transmisi\u00f3n de la enfermedad es intensa, la transmisi\u00f3n comunitaria est\u00e1 extendida y los sistemas sanitarios contin\u00faan bajo presi\u00f3n\u201d.\" \/>\n<meta property=\"og:url\" content=\"https:\/\/www.ip.gov.py\/ip\/2021\/06\/02\/la-oms-expreso-su-preocupacion-por-la-situacion-de-la-pandemia-en-sudamerica-va-en-mala-direccion\/\" \/>\n<meta property=\"og:site_name\" content=\".::Agencia IP::.\" \/>\n<meta property=\"article:publisher\" content=\"https:\/\/www.facebook.com\/IPParaguay\/\" \/>\n<meta property=\"article:published_time\" content=\"2021-06-02T12:10:14+00:00\" \/>\n<meta property=\"og:image\" content=\"https:\/\/www.ip.gov.py\/ip\/wp-content\/uploads\/2021\/06\/OMS.jpg\" \/>\n\t<meta property=\"og:image:width\" content=\"1200\" \/>\n\t<meta property=\"og:image:height\" content=\"630\" \/>\n\t<meta property=\"og:image:type\" content=\"image\/jpeg\" \/>\n<meta name=\"author\" content=\"vrios\" \/>\n<meta name=\"twitter:card\" content=\"summary_large_image\" \/>\n<meta name=\"twitter:creator\" content=\"@IPParaguay\" \/>\n<meta name=\"twitter:site\" content=\"@IPParaguay\" \/>\n<meta name=\"twitter:label1\" content=\"Escrito por\" \/>\n\t<meta name=\"twitter:data1\" content=\"vrios\" \/>\n\t<meta name=\"twitter:label2\" content=\"Tiempo de lectura\" \/>\n\t<meta name=\"twitter:data2\" content=\"3 minutos\" \/>\n<script type=\"application\/ld+json\" class=\"yoast-schema-graph\">{\"@context\":\"https:\\\/\\\/schema.org\",\"@graph\":[{\"@type\":\"Article\",\"@id\":\"https:\\\/\\\/www.ip.gov.py\\\/ip\\\/2021\\\/06\\\/02\\\/la-oms-expreso-su-preocupacion-por-la-situacion-de-la-pandemia-en-sudamerica-va-en-mala-direccion\\\/#article\",\"isPartOf\":{\"@id\":\"https:\\\/\\\/www.ip.gov.py\\\/ip\\\/2021\\\/06\\\/02\\\/la-oms-expreso-su-preocupacion-por-la-situacion-de-la-pandemia-en-sudamerica-va-en-mala-direccion\\\/\"},\"author\":{\"name\":\"vrios\",\"@id\":\"https:\\\/\\\/www.ip.gov.py\\\/ip\\\/#\\\/schema\\\/person\\\/fa3668852e893cb0423795330f919039\"},\"headline\":\"La OMS expres\u00f3 su preocupaci\u00f3n por la situaci\u00f3n de la pandemia en Sudam\u00e9rica: \u201cVa en mala direcci\u00f3n\u201d\",\"datePublished\":\"2021-06-02T12:10:14+00:00\",\"mainEntityOfPage\":{\"@id\":\"https:\\\/\\\/www.ip.gov.py\\\/ip\\\/2021\\\/06\\\/02\\\/la-oms-expreso-su-preocupacion-por-la-situacion-de-la-pandemia-en-sudamerica-va-en-mala-direccion\\\/\"},\"wordCount\":718,\"publisher\":{\"@id\":\"https:\\\/\\\/www.ip.gov.py\\\/ip\\\/#organization\"},\"image\":{\"@id\":\"https:\\\/\\\/www.ip.gov.py\\\/ip\\\/2021\\\/06\\\/02\\\/la-oms-expreso-su-preocupacion-por-la-situacion-de-la-pandemia-en-sudamerica-va-en-mala-direccion\\\/#primaryimage\"},\"thumbnailUrl\":\"https:\\\/\\\/www.ip.gov.py\\\/ip\\\/wp-content\\\/uploads\\\/2021\\\/06\\\/OMS.jpg\",\"keywords\":[\"Am\u00e9rica\",\"OMS\",\"pandemia\",\"Preocupaci\u00f3n\",\"Situaci\u00f3n\"],\"articleSection\":[\"Internacionales\"],\"inLanguage\":\"es\"},{\"@type\":\"WebPage\",\"@id\":\"https:\\\/\\\/www.ip.gov.py\\\/ip\\\/2021\\\/06\\\/02\\\/la-oms-expreso-su-preocupacion-por-la-situacion-de-la-pandemia-en-sudamerica-va-en-mala-direccion\\\/\",\"url\":\"https:\\\/\\\/www.ip.gov.py\\\/ip\\\/2021\\\/06\\\/02\\\/la-oms-expreso-su-preocupacion-por-la-situacion-de-la-pandemia-en-sudamerica-va-en-mala-direccion\\\/\",\"name\":\"La OMS expres\u00f3 su preocupaci\u00f3n por la situaci\u00f3n de la pandemia en Sudam\u00e9rica: \u201cVa en mala direcci\u00f3n\u201d - .::Agencia IP::.\",\"isPartOf\":{\"@id\":\"https:\\\/\\\/www.ip.gov.py\\\/ip\\\/#website\"},\"primaryImageOfPage\":{\"@id\":\"https:\\\/\\\/www.ip.gov.py\\\/ip\\\/2021\\\/06\\\/02\\\/la-oms-expreso-su-preocupacion-por-la-situacion-de-la-pandemia-en-sudamerica-va-en-mala-direccion\\\/#primaryimage\"},\"image\":{\"@id\":\"https:\\\/\\\/www.ip.gov.py\\\/ip\\\/2021\\\/06\\\/02\\\/la-oms-expreso-su-preocupacion-por-la-situacion-de-la-pandemia-en-sudamerica-va-en-mala-direccion\\\/#primaryimage\"},\"thumbnailUrl\":\"https:\\\/\\\/www.ip.gov.py\\\/ip\\\/wp-content\\\/uploads\\\/2021\\\/06\\\/OMS.jpg\",\"datePublished\":\"2021-06-02T12:10:14+00:00\",\"breadcrumb\":{\"@id\":\"https:\\\/\\\/www.ip.gov.py\\\/ip\\\/2021\\\/06\\\/02\\\/la-oms-expreso-su-preocupacion-por-la-situacion-de-la-pandemia-en-sudamerica-va-en-mala-direccion\\\/#breadcrumb\"},\"inLanguage\":\"es\",\"potentialAction\":[{\"@type\":\"ReadAction\",\"target\":[\"https:\\\/\\\/www.ip.gov.py\\\/ip\\\/2021\\\/06\\\/02\\\/la-oms-expreso-su-preocupacion-por-la-situacion-de-la-pandemia-en-sudamerica-va-en-mala-direccion\\\/\"]}]},{\"@type\":\"ImageObject\",\"inLanguage\":\"es\",\"@id\":\"https:\\\/\\\/www.ip.gov.py\\\/ip\\\/2021\\\/06\\\/02\\\/la-oms-expreso-su-preocupacion-por-la-situacion-de-la-pandemia-en-sudamerica-va-en-mala-direccion\\\/#primaryimage\",\"url\":\"https:\\\/\\\/www.ip.gov.py\\\/ip\\\/wp-content\\\/uploads\\\/2021\\\/06\\\/OMS.jpg\",\"contentUrl\":\"https:\\\/\\\/www.ip.gov.py\\\/ip\\\/wp-content\\\/uploads\\\/2021\\\/06\\\/OMS.jpg\",\"width\":1200,\"height\":630,\"caption\":\"Logo el Economista\"},{\"@type\":\"BreadcrumbList\",\"@id\":\"https:\\\/\\\/www.ip.gov.py\\\/ip\\\/2021\\\/06\\\/02\\\/la-oms-expreso-su-preocupacion-por-la-situacion-de-la-pandemia-en-sudamerica-va-en-mala-direccion\\\/#breadcrumb\",\"itemListElement\":[{\"@type\":\"ListItem\",\"position\":1,\"name\":\"Portada\",\"item\":\"https:\\\/\\\/www.ip.gov.py\\\/ip\\\/\"},{\"@type\":\"ListItem\",\"position\":2,\"name\":\"La OMS expres\u00f3 su preocupaci\u00f3n por la situaci\u00f3n de la pandemia en Sudam\u00e9rica: \u201cVa en mala direcci\u00f3n\u201d\"}]},{\"@type\":\"WebSite\",\"@id\":\"https:\\\/\\\/www.ip.gov.py\\\/ip\\\/#website\",\"url\":\"https:\\\/\\\/www.ip.gov.py\\\/ip\\\/\",\"name\":\".::Agencia IP::.\",\"description\":\"\",\"publisher\":{\"@id\":\"https:\\\/\\\/www.ip.gov.py\\\/ip\\\/#organization\"},\"potentialAction\":[{\"@type\":\"SearchAction\",\"target\":{\"@type\":\"EntryPoint\",\"urlTemplate\":\"https:\\\/\\\/www.ip.gov.py\\\/ip\\\/?s={search_term_string}\"},\"query-input\":{\"@type\":\"PropertyValueSpecification\",\"valueRequired\":true,\"valueName\":\"search_term_string\"}}],\"inLanguage\":\"es\"},{\"@type\":\"Organization\",\"@id\":\"https:\\\/\\\/www.ip.gov.py\\\/ip\\\/#organization\",\"name\":\"Agencia IP\",\"url\":\"https:\\\/\\\/www.ip.gov.py\\\/ip\\\/\",\"logo\":{\"@type\":\"ImageObject\",\"inLanguage\":\"es\",\"@id\":\"https:\\\/\\\/www.ip.gov.py\\\/ip\\\/#\\\/schema\\\/logo\\\/image\\\/\",\"url\":\"https:\\\/\\\/www.ip.gov.py\\\/ip\\\/wp-content\\\/uploads\\\/2018\\\/01\\\/Agencia-IP.jpg\",\"contentUrl\":\"https:\\\/\\\/www.ip.gov.py\\\/ip\\\/wp-content\\\/uploads\\\/2018\\\/01\\\/Agencia-IP.jpg\",\"width\":150,\"height\":150,\"caption\":\"Agencia IP\"},\"image\":{\"@id\":\"https:\\\/\\\/www.ip.gov.py\\\/ip\\\/#\\\/schema\\\/logo\\\/image\\\/\"},\"sameAs\":[\"https:\\\/\\\/www.facebook.com\\\/IPParaguay\\\/\",\"https:\\\/\\\/x.com\\\/IPParaguay\",\"https:\\\/\\\/www.instagram.com\\\/IPParaguay\"]},{\"@type\":\"Person\",\"@id\":\"https:\\\/\\\/www.ip.gov.py\\\/ip\\\/#\\\/schema\\\/person\\\/fa3668852e893cb0423795330f919039\",\"name\":\"vrios\",\"url\":\"https:\\\/\\\/www.ip.gov.py\\\/ip\\\/author\\\/vrios\\\/\"}]}<\/script>\n<!-- \/ Yoast SEO plugin. -->","yoast_head_json":{"title":"La OMS expres\u00f3 su preocupaci\u00f3n por la situaci\u00f3n de la pandemia en Sudam\u00e9rica: \u201cVa en mala direcci\u00f3n\u201d - .::Agencia IP::.","robots":{"index":"index","follow":"follow","max-snippet":"max-snippet:-1","max-image-preview":"max-image-preview:large","max-video-preview":"max-video-preview:-1"},"canonical":"https:\/\/www.ip.gov.py\/ip\/2021\/06\/02\/la-oms-expreso-su-preocupacion-por-la-situacion-de-la-pandemia-en-sudamerica-va-en-mala-direccion\/","og_locale":"es_ES","og_type":"article","og_title":"La OMS expres\u00f3 su preocupaci\u00f3n por la situaci\u00f3n de la pandemia en Sudam\u00e9rica: \u201cVa en mala direcci\u00f3n\u201d - .::Agencia IP::.","og_description":"Ginebra.-Michael Ryan, director del organismo para situaciones de emergencia, sostuvo que en la regi\u00f3n \u201cla transmisi\u00f3n de la enfermedad es intensa, la transmisi\u00f3n comunitaria est\u00e1 extendida y los sistemas sanitarios contin\u00faan bajo presi\u00f3n\u201d.","og_url":"https:\/\/www.ip.gov.py\/ip\/2021\/06\/02\/la-oms-expreso-su-preocupacion-por-la-situacion-de-la-pandemia-en-sudamerica-va-en-mala-direccion\/","og_site_name":".::Agencia IP::.","article_publisher":"https:\/\/www.facebook.com\/IPParaguay\/","article_published_time":"2021-06-02T12:10:14+00:00","og_image":[{"width":1200,"height":630,"url":"https:\/\/www.ip.gov.py\/ip\/wp-content\/uploads\/2021\/06\/OMS.jpg","type":"image\/jpeg"}],"author":"vrios","twitter_card":"summary_large_image","twitter_creator":"@IPParaguay","twitter_site":"@IPParaguay","twitter_misc":{"Escrito por":"vrios","Tiempo de lectura":"3 minutos"},"schema":{"@context":"https:\/\/schema.org","@graph":[{"@type":"Article","@id":"https:\/\/www.ip.gov.py\/ip\/2021\/06\/02\/la-oms-expreso-su-preocupacion-por-la-situacion-de-la-pandemia-en-sudamerica-va-en-mala-direccion\/#article","isPartOf":{"@id":"https:\/\/www.ip.gov.py\/ip\/2021\/06\/02\/la-oms-expreso-su-preocupacion-por-la-situacion-de-la-pandemia-en-sudamerica-va-en-mala-direccion\/"},"author":{"name":"vrios","@id":"https:\/\/www.ip.gov.py\/ip\/#\/schema\/person\/fa3668852e893cb0423795330f919039"},"headline":"La OMS expres\u00f3 su preocupaci\u00f3n por la situaci\u00f3n de la pandemia en Sudam\u00e9rica: \u201cVa en mala direcci\u00f3n\u201d","datePublished":"2021-06-02T12:10:14+00:00","mainEntityOfPage":{"@id":"https:\/\/www.ip.gov.py\/ip\/2021\/06\/02\/la-oms-expreso-su-preocupacion-por-la-situacion-de-la-pandemia-en-sudamerica-va-en-mala-direccion\/"},"wordCount":718,"publisher":{"@id":"https:\/\/www.ip.gov.py\/ip\/#organization"},"image":{"@id":"https:\/\/www.ip.gov.py\/ip\/2021\/06\/02\/la-oms-expreso-su-preocupacion-por-la-situacion-de-la-pandemia-en-sudamerica-va-en-mala-direccion\/#primaryimage"},"thumbnailUrl":"https:\/\/www.ip.gov.py\/ip\/wp-content\/uploads\/2021\/06\/OMS.jpg","keywords":["Am\u00e9rica","OMS","pandemia","Preocupaci\u00f3n","Situaci\u00f3n"],"articleSection":["Internacionales"],"inLanguage":"es"},{"@type":"WebPage","@id":"https:\/\/www.ip.gov.py\/ip\/2021\/06\/02\/la-oms-expreso-su-preocupacion-por-la-situacion-de-la-pandemia-en-sudamerica-va-en-mala-direccion\/","url":"https:\/\/www.ip.gov.py\/ip\/2021\/06\/02\/la-oms-expreso-su-preocupacion-por-la-situacion-de-la-pandemia-en-sudamerica-va-en-mala-direccion\/","name":"La OMS expres\u00f3 su preocupaci\u00f3n por la situaci\u00f3n de la pandemia en Sudam\u00e9rica: \u201cVa en mala direcci\u00f3n\u201d - .::Agencia IP::.","isPartOf":{"@id":"https:\/\/www.ip.gov.py\/ip\/#website"},"primaryImageOfPage":{"@id":"https:\/\/www.ip.gov.py\/ip\/2021\/06\/02\/la-oms-expreso-su-preocupacion-por-la-situacion-de-la-pandemia-en-sudamerica-va-en-mala-direccion\/#primaryimage"},"image":{"@id":"https:\/\/www.ip.gov.py\/ip\/2021\/06\/02\/la-oms-expreso-su-preocupacion-por-la-situacion-de-la-pandemia-en-sudamerica-va-en-mala-direccion\/#primaryimage"},"thumbnailUrl":"https:\/\/www.ip.gov.py\/ip\/wp-content\/uploads\/2021\/06\/OMS.jpg","datePublished":"2021-06-02T12:10:14+00:00","breadcrumb":{"@id":"https:\/\/www.ip.gov.py\/ip\/2021\/06\/02\/la-oms-expreso-su-preocupacion-por-la-situacion-de-la-pandemia-en-sudamerica-va-en-mala-direccion\/#breadcrumb"},"inLanguage":"es","potentialAction":[{"@type":"ReadAction","target":["https:\/\/www.ip.gov.py\/ip\/2021\/06\/02\/la-oms-expreso-su-preocupacion-por-la-situacion-de-la-pandemia-en-sudamerica-va-en-mala-direccion\/"]}]},{"@type":"ImageObject","inLanguage":"es","@id":"https:\/\/www.ip.gov.py\/ip\/2021\/06\/02\/la-oms-expreso-su-preocupacion-por-la-situacion-de-la-pandemia-en-sudamerica-va-en-mala-direccion\/#primaryimage","url":"https:\/\/www.ip.gov.py\/ip\/wp-content\/uploads\/2021\/06\/OMS.jpg","contentUrl":"https:\/\/www.ip.gov.py\/ip\/wp-content\/uploads\/2021\/06\/OMS.jpg","width":1200,"height":630,"caption":"Logo el Economista"},{"@type":"BreadcrumbList","@id":"https:\/\/www.ip.gov.py\/ip\/2021\/06\/02\/la-oms-expreso-su-preocupacion-por-la-situacion-de-la-pandemia-en-sudamerica-va-en-mala-direccion\/#breadcrumb","itemListElement":[{"@type":"ListItem","position":1,"name":"Portada","item":"https:\/\/www.ip.gov.py\/ip\/"},{"@type":"ListItem","position":2,"name":"La OMS expres\u00f3 su preocupaci\u00f3n por la situaci\u00f3n de la pandemia en Sudam\u00e9rica: \u201cVa en mala direcci\u00f3n\u201d"}]},{"@type":"WebSite","@id":"https:\/\/www.ip.gov.py\/ip\/#website","url":"https:\/\/www.ip.gov.py\/ip\/","name":".::Agencia IP::.","description":"","publisher":{"@id":"https:\/\/www.ip.gov.py\/ip\/#organization"},"potentialAction":[{"@type":"SearchAction","target":{"@type":"EntryPoint","urlTemplate":"https:\/\/www.ip.gov.py\/ip\/?s={search_term_string}"},"query-input":{"@type":"PropertyValueSpecification","valueRequired":true,"valueName":"search_term_string"}}],"inLanguage":"es"},{"@type":"Organization","@id":"https:\/\/www.ip.gov.py\/ip\/#organization","name":"Agencia IP","url":"https:\/\/www.ip.gov.py\/ip\/","logo":{"@type":"ImageObject","inLanguage":"es","@id":"https:\/\/www.ip.gov.py\/ip\/#\/schema\/logo\/image\/","url":"https:\/\/www.ip.gov.py\/ip\/wp-content\/uploads\/2018\/01\/Agencia-IP.jpg","contentUrl":"https:\/\/www.ip.gov.py\/ip\/wp-content\/uploads\/2018\/01\/Agencia-IP.jpg","width":150,"height":150,"caption":"Agencia IP"},"image":{"@id":"https:\/\/www.ip.gov.py\/ip\/#\/schema\/logo\/image\/"},"sameAs":["https:\/\/www.facebook.com\/IPParaguay\/","https:\/\/x.com\/IPParaguay","https:\/\/www.instagram.com\/IPParaguay"]},{"@type":"Person","@id":"https:\/\/www.ip.gov.py\/ip\/#\/schema\/person\/fa3668852e893cb0423795330f919039","name":"vrios","url":"https:\/\/www.ip.gov.py\/ip\/author\/vrios\/"}]}},"_links":{"self":[{"href":"https:\/\/www.ip.gov.py\/ip\/wp-json\/wp\/v2\/posts\/368017","targetHints":{"allow":["GET"]}}],"collection":[{"href":"https:\/\/www.ip.gov.py\/ip\/wp-json\/wp\/v2\/posts"}],"about":[{"href":"https:\/\/www.ip.gov.py\/ip\/wp-json\/wp\/v2\/types\/post"}],"author":[{"embeddable":true,"href":"https:\/\/www.ip.gov.py\/ip\/wp-json\/wp\/v2\/users\/11"}],"replies":[{"embeddable":true,"href":"https:\/\/www.ip.gov.py\/ip\/wp-json\/wp\/v2\/comments?post=368017"}],"version-history":[{"count":0,"href":"https:\/\/www.ip.gov.py\/ip\/wp-json\/wp\/v2\/posts\/368017\/revisions"}],"wp:featuredmedia":[{"embeddable":true,"href":"https:\/\/www.ip.gov.py\/ip\/wp-json\/wp\/v2\/media\/368018"}],"wp:attachment":[{"href":"https:\/\/www.ip.gov.py\/ip\/wp-json\/wp\/v2\/media?parent=368017"}],"wp:term":[{"taxonomy":"category","embeddable":true,"href":"https:\/\/www.ip.gov.py\/ip\/wp-json\/wp\/v2\/categories?post=368017"},{"taxonomy":"post_tag","embeddable":true,"href":"https:\/\/www.ip.gov.py\/ip\/wp-json\/wp\/v2\/tags?post=368017"}],"curies":[{"name":"wp","href":"https:\/\/api.w.org\/{rel}","templated":true}]}}