{"id":368924,"date":"2021-06-09T07:26:41","date_gmt":"2021-06-09T11:26:41","guid":{"rendered":"https:\/\/www.ip.gov.py\/ip\/?p=368924"},"modified":"2021-06-09T08:08:19","modified_gmt":"2021-06-09T12:08:19","slug":"montan-estructura-del-futuro-pabellon-de-contingencia-del-chaco","status":"publish","type":"post","link":"https:\/\/www.ip.gov.py\/ip\/2021\/06\/09\/montan-estructura-del-futuro-pabellon-de-contingencia-del-chaco\/","title":{"rendered":"Montan estructura para futuro pabell\u00f3n de contingencia del Chaco"},"content":{"rendered":"<p style=\"text-align: justify;\"><em><strong>Asunci\u00f3n, Agencia IP.-<\/strong><\/em> El primer pabell\u00f3n de contingencia que se construye en el Chaco paraguayo va tomando forma con la consolidaci\u00f3n de la estructura principal.<!--more--><\/p>\n<p style=\"text-align: justify;\">Esta obra beneficiar\u00e1 directamente a m\u00e1s de 32.000 habitantes del distrito de Mariscal Estigarribia, as\u00ed como a todo el departamento de Boquer\u00f3n, inform\u00f3 el Ministerio de Obras P\u00fablicas y Comunicaciones (MOPC).<\/p>\n<p style=\"text-align: justify;\">Este proyecto se ejecuta en la sede del Hospital Regional de Mariscal Estigarribia, siendo la empresa responsable la Constructora Isacio Vallejos S.A. con un contrato de 2.365.408.430 guaran\u00edes.<\/p>\n<p style=\"text-align: justify;\">La licitaci\u00f3n se hizo por v\u00eda de la excepci\u00f3n conjuntamente con el Ministerio de Salud P\u00fablica y Bienestar Social (Mspybs), en el marco de la emergencia sanitaria por covid-19.<\/p>\n<p style=\"text-align: justify;\">Una vez concluido este pabell\u00f3n, permitir\u00e1 sumar 8 camas al sistema de salud, respondiendo as\u00ed al pedido realizado por las autoridades locales a la cartera de Salud P\u00fablica.<\/p>\n<p style=\"text-align: justify;\">El lugar contar\u00e1 con el acondicionamiento f\u00edsico y clim\u00e1tico necesario mediante la instalaci\u00f3n de acondicionadores de aire de alto rendimiento tipo Roof-top, un sistema que utiliza agua fr\u00eda en el sistema de refrigeraci\u00f3n mejorando considerablemente su rendimiento y economizando el consumo energ\u00e9tico.<\/p>\n<p style=\"text-align: justify;\">Incluye un sistema de triple filtrado de aire tipo HEPA que retiene hasta el 97% de las impurezas en gravitaci\u00f3n, junto con la puesta en funcionamiento de un generador de presi\u00f3n negativa que aportar\u00e1 al pabell\u00f3n de mejores condiciones de asepsia.<\/p>\n<p style=\"text-align: justify;\">Tambi\u00e9n se prev\u00e9 todo el equipamiento requerido para la protecci\u00f3n contra incendios y un sistema de reserva de agua independiente al resto del hospital.<\/p>\n<p style=\"text-align: justify;\">Finalmente vale recordar que el ministro del MOPC, <a href=\"https:\/\/www.ip.gov.py\/ip\/construccion-del-pabellon-de-contingencia-del-chaco-culminara-el-20-de-junio-afirma-ministro\/\" target=\"_blank\" rel=\"noopener noreferrer\"><strong>Arnoldo Wiens afirm\u00f3<\/strong> <\/a>que para el 20 de junio pr\u00f3ximo culminar\u00edan las labores del pabell\u00f3n de contingencia en el Chaco.<\/p>\n","protected":false},"excerpt":{"rendered":"<p>Asunci\u00f3n, Agencia IP.- El primer pabell\u00f3n de contingencia que se construye en el Chaco paraguayo va tomando forma con la consolidaci\u00f3n de la estructura principal.<\/p>\n","protected":false},"author":23,"featured_media":368926,"comment_status":"closed","ping_status":"closed","sticky":false,"template":"","format":"standard","meta":{"_monsterinsights_skip_tracking":false,"_monsterinsights_sitenote_active":false,"_monsterinsights_sitenote_note":"","_monsterinsights_sitenote_category":0,"footnotes":""},"categories":[2,4],"tags":[2197,75,97,2220,3001],"class_list":{"0":"post-368924","1":"post","2":"type-post","3":"status-publish","4":"format-standard","5":"has-post-thumbnail","7":"category-destacado","8":"category-nacionales","9":"tag-boqueron","10":"tag-chaco","11":"tag-mopc","12":"tag-mspybs","13":"tag-pabellon-de-contingencia"},"yoast_head":"<!-- This site is optimized with the Yoast SEO plugin v27.5 - https:\/\/yoast.com\/product\/yoast-seo-wordpress\/ -->\n<title>Montan estructura para futuro pabell\u00f3n de contingencia del Chaco - .::Agencia IP::.<\/title>\n<meta name=\"robots\" content=\"index, follow, max-snippet:-1, max-image-preview:large, max-video-preview:-1\" \/>\n<link rel=\"canonical\" href=\"https:\/\/www.ip.gov.py\/ip\/2021\/06\/09\/montan-estructura-del-futuro-pabellon-de-contingencia-del-chaco\/\" \/>\n<meta property=\"og:locale\" content=\"es_ES\" \/>\n<meta property=\"og:type\" content=\"article\" \/>\n<meta property=\"og:title\" content=\"Montan estructura para futuro pabell\u00f3n de contingencia del Chaco - .::Agencia IP::.\" \/>\n<meta property=\"og:description\" content=\"Asunci\u00f3n, Agencia IP.- El primer pabell\u00f3n de contingencia que se construye en el Chaco paraguayo va tomando forma con la consolidaci\u00f3n de la estructura principal.\" \/>\n<meta property=\"og:url\" content=\"https:\/\/www.ip.gov.py\/ip\/2021\/06\/09\/montan-estructura-del-futuro-pabellon-de-contingencia-del-chaco\/\" \/>\n<meta property=\"og:site_name\" content=\".::Agencia IP::.\" \/>\n<meta property=\"article:publisher\" content=\"https:\/\/www.facebook.com\/IPParaguay\/\" \/>\n<meta property=\"article:published_time\" content=\"2021-06-09T11:26:41+00:00\" \/>\n<meta property=\"article:modified_time\" content=\"2021-06-09T12:08:19+00:00\" \/>\n<meta property=\"og:image\" content=\"https:\/\/www.ip.gov.py\/ip\/wp-content\/uploads\/2021\/06\/Contigencia-Pabell\u00f3n-MOPC.jpg\" \/>\n\t<meta property=\"og:image:width\" content=\"1268\" \/>\n\t<meta property=\"og:image:height\" content=\"700\" \/>\n\t<meta property=\"og:image:type\" content=\"image\/jpeg\" \/>\n<meta name=\"author\" content=\"Noelia Ferreira\" \/>\n<meta name=\"twitter:card\" content=\"summary_large_image\" \/>\n<meta name=\"twitter:creator\" content=\"@IPParaguay\" \/>\n<meta name=\"twitter:site\" content=\"@IPParaguay\" \/>\n<meta name=\"twitter:label1\" content=\"Escrito por\" \/>\n\t<meta name=\"twitter:data1\" content=\"Noelia Ferreira\" \/>\n\t<meta name=\"twitter:label2\" content=\"Tiempo de lectura\" \/>\n\t<meta name=\"twitter:data2\" content=\"2 minutos\" \/>\n<script type=\"application\/ld+json\" class=\"yoast-schema-graph\">{\"@context\":\"https:\\\/\\\/schema.org\",\"@graph\":[{\"@type\":\"Article\",\"@id\":\"https:\\\/\\\/www.ip.gov.py\\\/ip\\\/2021\\\/06\\\/09\\\/montan-estructura-del-futuro-pabellon-de-contingencia-del-chaco\\\/#article\",\"isPartOf\":{\"@id\":\"https:\\\/\\\/www.ip.gov.py\\\/ip\\\/2021\\\/06\\\/09\\\/montan-estructura-del-futuro-pabellon-de-contingencia-del-chaco\\\/\"},\"author\":{\"name\":\"Noelia Ferreira\",\"@id\":\"https:\\\/\\\/www.ip.gov.py\\\/ip\\\/#\\\/schema\\\/person\\\/791af27a9219bdbf9064abb776bb41c2\"},\"headline\":\"Montan estructura para futuro pabell\u00f3n de contingencia del Chaco\",\"datePublished\":\"2021-06-09T11:26:41+00:00\",\"dateModified\":\"2021-06-09T12:08:19+00:00\",\"mainEntityOfPage\":{\"@id\":\"https:\\\/\\\/www.ip.gov.py\\\/ip\\\/2021\\\/06\\\/09\\\/montan-estructura-del-futuro-pabellon-de-contingencia-del-chaco\\\/\"},\"wordCount\":310,\"publisher\":{\"@id\":\"https:\\\/\\\/www.ip.gov.py\\\/ip\\\/#organization\"},\"image\":{\"@id\":\"https:\\\/\\\/www.ip.gov.py\\\/ip\\\/2021\\\/06\\\/09\\\/montan-estructura-del-futuro-pabellon-de-contingencia-del-chaco\\\/#primaryimage\"},\"thumbnailUrl\":\"https:\\\/\\\/www.ip.gov.py\\\/ip\\\/wp-content\\\/uploads\\\/2021\\\/06\\\/Contigencia-Pabell\u00f3n-MOPC.jpg\",\"keywords\":[\"Boquer\u00f3n\",\"Chaco\",\"MOPC\",\"MspyBs\",\"pabell\u00f3n de contingencia\"],\"articleSection\":[\"Destacado\",\"Nacionales\"],\"inLanguage\":\"es\"},{\"@type\":\"WebPage\",\"@id\":\"https:\\\/\\\/www.ip.gov.py\\\/ip\\\/2021\\\/06\\\/09\\\/montan-estructura-del-futuro-pabellon-de-contingencia-del-chaco\\\/\",\"url\":\"https:\\\/\\\/www.ip.gov.py\\\/ip\\\/2021\\\/06\\\/09\\\/montan-estructura-del-futuro-pabellon-de-contingencia-del-chaco\\\/\",\"name\":\"Montan estructura para futuro pabell\u00f3n de contingencia del Chaco - .::Agencia IP::.\",\"isPartOf\":{\"@id\":\"https:\\\/\\\/www.ip.gov.py\\\/ip\\\/#website\"},\"primaryImageOfPage\":{\"@id\":\"https:\\\/\\\/www.ip.gov.py\\\/ip\\\/2021\\\/06\\\/09\\\/montan-estructura-del-futuro-pabellon-de-contingencia-del-chaco\\\/#primaryimage\"},\"image\":{\"@id\":\"https:\\\/\\\/www.ip.gov.py\\\/ip\\\/2021\\\/06\\\/09\\\/montan-estructura-del-futuro-pabellon-de-contingencia-del-chaco\\\/#primaryimage\"},\"thumbnailUrl\":\"https:\\\/\\\/www.ip.gov.py\\\/ip\\\/wp-content\\\/uploads\\\/2021\\\/06\\\/Contigencia-Pabell\u00f3n-MOPC.jpg\",\"datePublished\":\"2021-06-09T11:26:41+00:00\",\"dateModified\":\"2021-06-09T12:08:19+00:00\",\"breadcrumb\":{\"@id\":\"https:\\\/\\\/www.ip.gov.py\\\/ip\\\/2021\\\/06\\\/09\\\/montan-estructura-del-futuro-pabellon-de-contingencia-del-chaco\\\/#breadcrumb\"},\"inLanguage\":\"es\",\"potentialAction\":[{\"@type\":\"ReadAction\",\"target\":[\"https:\\\/\\\/www.ip.gov.py\\\/ip\\\/2021\\\/06\\\/09\\\/montan-estructura-del-futuro-pabellon-de-contingencia-del-chaco\\\/\"]}]},{\"@type\":\"ImageObject\",\"inLanguage\":\"es\",\"@id\":\"https:\\\/\\\/www.ip.gov.py\\\/ip\\\/2021\\\/06\\\/09\\\/montan-estructura-del-futuro-pabellon-de-contingencia-del-chaco\\\/#primaryimage\",\"url\":\"https:\\\/\\\/www.ip.gov.py\\\/ip\\\/wp-content\\\/uploads\\\/2021\\\/06\\\/Contigencia-Pabell\u00f3n-MOPC.jpg\",\"contentUrl\":\"https:\\\/\\\/www.ip.gov.py\\\/ip\\\/wp-content\\\/uploads\\\/2021\\\/06\\\/Contigencia-Pabell\u00f3n-MOPC.jpg\",\"width\":1268,\"height\":700,\"caption\":\"Foto: MOPC\"},{\"@type\":\"BreadcrumbList\",\"@id\":\"https:\\\/\\\/www.ip.gov.py\\\/ip\\\/2021\\\/06\\\/09\\\/montan-estructura-del-futuro-pabellon-de-contingencia-del-chaco\\\/#breadcrumb\",\"itemListElement\":[{\"@type\":\"ListItem\",\"position\":1,\"name\":\"Portada\",\"item\":\"https:\\\/\\\/www.ip.gov.py\\\/ip\\\/\"},{\"@type\":\"ListItem\",\"position\":2,\"name\":\"Montan estructura para futuro pabell\u00f3n de contingencia del Chaco\"}]},{\"@type\":\"WebSite\",\"@id\":\"https:\\\/\\\/www.ip.gov.py\\\/ip\\\/#website\",\"url\":\"https:\\\/\\\/www.ip.gov.py\\\/ip\\\/\",\"name\":\".::Agencia IP::.\",\"description\":\"\",\"publisher\":{\"@id\":\"https:\\\/\\\/www.ip.gov.py\\\/ip\\\/#organization\"},\"potentialAction\":[{\"@type\":\"SearchAction\",\"target\":{\"@type\":\"EntryPoint\",\"urlTemplate\":\"https:\\\/\\\/www.ip.gov.py\\\/ip\\\/?s={search_term_string}\"},\"query-input\":{\"@type\":\"PropertyValueSpecification\",\"valueRequired\":true,\"valueName\":\"search_term_string\"}}],\"inLanguage\":\"es\"},{\"@type\":\"Organization\",\"@id\":\"https:\\\/\\\/www.ip.gov.py\\\/ip\\\/#organization\",\"name\":\"Agencia IP\",\"url\":\"https:\\\/\\\/www.ip.gov.py\\\/ip\\\/\",\"logo\":{\"@type\":\"ImageObject\",\"inLanguage\":\"es\",\"@id\":\"https:\\\/\\\/www.ip.gov.py\\\/ip\\\/#\\\/schema\\\/logo\\\/image\\\/\",\"url\":\"https:\\\/\\\/www.ip.gov.py\\\/ip\\\/wp-content\\\/uploads\\\/2018\\\/01\\\/Agencia-IP.jpg\",\"contentUrl\":\"https:\\\/\\\/www.ip.gov.py\\\/ip\\\/wp-content\\\/uploads\\\/2018\\\/01\\\/Agencia-IP.jpg\",\"width\":150,\"height\":150,\"caption\":\"Agencia IP\"},\"image\":{\"@id\":\"https:\\\/\\\/www.ip.gov.py\\\/ip\\\/#\\\/schema\\\/logo\\\/image\\\/\"},\"sameAs\":[\"https:\\\/\\\/www.facebook.com\\\/IPParaguay\\\/\",\"https:\\\/\\\/x.com\\\/IPParaguay\",\"https:\\\/\\\/www.instagram.com\\\/IPParaguay\"]},{\"@type\":\"Person\",\"@id\":\"https:\\\/\\\/www.ip.gov.py\\\/ip\\\/#\\\/schema\\\/person\\\/791af27a9219bdbf9064abb776bb41c2\",\"name\":\"Noelia Ferreira\",\"sameAs\":[\"http:\\\/\\\/www.ip.gov.py\"],\"url\":\"https:\\\/\\\/www.ip.gov.py\\\/ip\\\/author\\\/nferreira\\\/\"}]}<\/script>\n<!-- \/ Yoast SEO plugin. -->","yoast_head_json":{"title":"Montan estructura para futuro pabell\u00f3n de contingencia del Chaco - .::Agencia IP::.","robots":{"index":"index","follow":"follow","max-snippet":"max-snippet:-1","max-image-preview":"max-image-preview:large","max-video-preview":"max-video-preview:-1"},"canonical":"https:\/\/www.ip.gov.py\/ip\/2021\/06\/09\/montan-estructura-del-futuro-pabellon-de-contingencia-del-chaco\/","og_locale":"es_ES","og_type":"article","og_title":"Montan estructura para futuro pabell\u00f3n de contingencia del Chaco - .::Agencia IP::.","og_description":"Asunci\u00f3n, Agencia IP.- El primer pabell\u00f3n de contingencia que se construye en el Chaco paraguayo va tomando forma con la consolidaci\u00f3n de la estructura principal.","og_url":"https:\/\/www.ip.gov.py\/ip\/2021\/06\/09\/montan-estructura-del-futuro-pabellon-de-contingencia-del-chaco\/","og_site_name":".::Agencia IP::.","article_publisher":"https:\/\/www.facebook.com\/IPParaguay\/","article_published_time":"2021-06-09T11:26:41+00:00","article_modified_time":"2021-06-09T12:08:19+00:00","og_image":[{"width":1268,"height":700,"url":"https:\/\/www.ip.gov.py\/ip\/wp-content\/uploads\/2021\/06\/Contigencia-Pabell\u00f3n-MOPC.jpg","type":"image\/jpeg"}],"author":"Noelia Ferreira","twitter_card":"summary_large_image","twitter_creator":"@IPParaguay","twitter_site":"@IPParaguay","twitter_misc":{"Escrito por":"Noelia Ferreira","Tiempo de lectura":"2 minutos"},"schema":{"@context":"https:\/\/schema.org","@graph":[{"@type":"Article","@id":"https:\/\/www.ip.gov.py\/ip\/2021\/06\/09\/montan-estructura-del-futuro-pabellon-de-contingencia-del-chaco\/#article","isPartOf":{"@id":"https:\/\/www.ip.gov.py\/ip\/2021\/06\/09\/montan-estructura-del-futuro-pabellon-de-contingencia-del-chaco\/"},"author":{"name":"Noelia Ferreira","@id":"https:\/\/www.ip.gov.py\/ip\/#\/schema\/person\/791af27a9219bdbf9064abb776bb41c2"},"headline":"Montan estructura para futuro pabell\u00f3n de contingencia del Chaco","datePublished":"2021-06-09T11:26:41+00:00","dateModified":"2021-06-09T12:08:19+00:00","mainEntityOfPage":{"@id":"https:\/\/www.ip.gov.py\/ip\/2021\/06\/09\/montan-estructura-del-futuro-pabellon-de-contingencia-del-chaco\/"},"wordCount":310,"publisher":{"@id":"https:\/\/www.ip.gov.py\/ip\/#organization"},"image":{"@id":"https:\/\/www.ip.gov.py\/ip\/2021\/06\/09\/montan-estructura-del-futuro-pabellon-de-contingencia-del-chaco\/#primaryimage"},"thumbnailUrl":"https:\/\/www.ip.gov.py\/ip\/wp-content\/uploads\/2021\/06\/Contigencia-Pabell\u00f3n-MOPC.jpg","keywords":["Boquer\u00f3n","Chaco","MOPC","MspyBs","pabell\u00f3n de contingencia"],"articleSection":["Destacado","Nacionales"],"inLanguage":"es"},{"@type":"WebPage","@id":"https:\/\/www.ip.gov.py\/ip\/2021\/06\/09\/montan-estructura-del-futuro-pabellon-de-contingencia-del-chaco\/","url":"https:\/\/www.ip.gov.py\/ip\/2021\/06\/09\/montan-estructura-del-futuro-pabellon-de-contingencia-del-chaco\/","name":"Montan estructura para futuro pabell\u00f3n de contingencia del Chaco - .::Agencia IP::.","isPartOf":{"@id":"https:\/\/www.ip.gov.py\/ip\/#website"},"primaryImageOfPage":{"@id":"https:\/\/www.ip.gov.py\/ip\/2021\/06\/09\/montan-estructura-del-futuro-pabellon-de-contingencia-del-chaco\/#primaryimage"},"image":{"@id":"https:\/\/www.ip.gov.py\/ip\/2021\/06\/09\/montan-estructura-del-futuro-pabellon-de-contingencia-del-chaco\/#primaryimage"},"thumbnailUrl":"https:\/\/www.ip.gov.py\/ip\/wp-content\/uploads\/2021\/06\/Contigencia-Pabell\u00f3n-MOPC.jpg","datePublished":"2021-06-09T11:26:41+00:00","dateModified":"2021-06-09T12:08:19+00:00","breadcrumb":{"@id":"https:\/\/www.ip.gov.py\/ip\/2021\/06\/09\/montan-estructura-del-futuro-pabellon-de-contingencia-del-chaco\/#breadcrumb"},"inLanguage":"es","potentialAction":[{"@type":"ReadAction","target":["https:\/\/www.ip.gov.py\/ip\/2021\/06\/09\/montan-estructura-del-futuro-pabellon-de-contingencia-del-chaco\/"]}]},{"@type":"ImageObject","inLanguage":"es","@id":"https:\/\/www.ip.gov.py\/ip\/2021\/06\/09\/montan-estructura-del-futuro-pabellon-de-contingencia-del-chaco\/#primaryimage","url":"https:\/\/www.ip.gov.py\/ip\/wp-content\/uploads\/2021\/06\/Contigencia-Pabell\u00f3n-MOPC.jpg","contentUrl":"https:\/\/www.ip.gov.py\/ip\/wp-content\/uploads\/2021\/06\/Contigencia-Pabell\u00f3n-MOPC.jpg","width":1268,"height":700,"caption":"Foto: MOPC"},{"@type":"BreadcrumbList","@id":"https:\/\/www.ip.gov.py\/ip\/2021\/06\/09\/montan-estructura-del-futuro-pabellon-de-contingencia-del-chaco\/#breadcrumb","itemListElement":[{"@type":"ListItem","position":1,"name":"Portada","item":"https:\/\/www.ip.gov.py\/ip\/"},{"@type":"ListItem","position":2,"name":"Montan estructura para futuro pabell\u00f3n de contingencia del Chaco"}]},{"@type":"WebSite","@id":"https:\/\/www.ip.gov.py\/ip\/#website","url":"https:\/\/www.ip.gov.py\/ip\/","name":".::Agencia IP::.","description":"","publisher":{"@id":"https:\/\/www.ip.gov.py\/ip\/#organization"},"potentialAction":[{"@type":"SearchAction","target":{"@type":"EntryPoint","urlTemplate":"https:\/\/www.ip.gov.py\/ip\/?s={search_term_string}"},"query-input":{"@type":"PropertyValueSpecification","valueRequired":true,"valueName":"search_term_string"}}],"inLanguage":"es"},{"@type":"Organization","@id":"https:\/\/www.ip.gov.py\/ip\/#organization","name":"Agencia IP","url":"https:\/\/www.ip.gov.py\/ip\/","logo":{"@type":"ImageObject","inLanguage":"es","@id":"https:\/\/www.ip.gov.py\/ip\/#\/schema\/logo\/image\/","url":"https:\/\/www.ip.gov.py\/ip\/wp-content\/uploads\/2018\/01\/Agencia-IP.jpg","contentUrl":"https:\/\/www.ip.gov.py\/ip\/wp-content\/uploads\/2018\/01\/Agencia-IP.jpg","width":150,"height":150,"caption":"Agencia IP"},"image":{"@id":"https:\/\/www.ip.gov.py\/ip\/#\/schema\/logo\/image\/"},"sameAs":["https:\/\/www.facebook.com\/IPParaguay\/","https:\/\/x.com\/IPParaguay","https:\/\/www.instagram.com\/IPParaguay"]},{"@type":"Person","@id":"https:\/\/www.ip.gov.py\/ip\/#\/schema\/person\/791af27a9219bdbf9064abb776bb41c2","name":"Noelia Ferreira","sameAs":["http:\/\/www.ip.gov.py"],"url":"https:\/\/www.ip.gov.py\/ip\/author\/nferreira\/"}]}},"_links":{"self":[{"href":"https:\/\/www.ip.gov.py\/ip\/wp-json\/wp\/v2\/posts\/368924","targetHints":{"allow":["GET"]}}],"collection":[{"href":"https:\/\/www.ip.gov.py\/ip\/wp-json\/wp\/v2\/posts"}],"about":[{"href":"https:\/\/www.ip.gov.py\/ip\/wp-json\/wp\/v2\/types\/post"}],"author":[{"embeddable":true,"href":"https:\/\/www.ip.gov.py\/ip\/wp-json\/wp\/v2\/users\/23"}],"replies":[{"embeddable":true,"href":"https:\/\/www.ip.gov.py\/ip\/wp-json\/wp\/v2\/comments?post=368924"}],"version-history":[{"count":0,"href":"https:\/\/www.ip.gov.py\/ip\/wp-json\/wp\/v2\/posts\/368924\/revisions"}],"wp:featuredmedia":[{"embeddable":true,"href":"https:\/\/www.ip.gov.py\/ip\/wp-json\/wp\/v2\/media\/368926"}],"wp:attachment":[{"href":"https:\/\/www.ip.gov.py\/ip\/wp-json\/wp\/v2\/media?parent=368924"}],"wp:term":[{"taxonomy":"category","embeddable":true,"href":"https:\/\/www.ip.gov.py\/ip\/wp-json\/wp\/v2\/categories?post=368924"},{"taxonomy":"post_tag","embeddable":true,"href":"https:\/\/www.ip.gov.py\/ip\/wp-json\/wp\/v2\/tags?post=368924"}],"curies":[{"name":"wp","href":"https:\/\/api.w.org\/{rel}","templated":true}]}}