{"id":369771,"date":"2021-06-14T12:33:08","date_gmt":"2021-06-14T16:33:08","guid":{"rendered":"https:\/\/www.ip.gov.py\/ip\/?p=369771"},"modified":"2021-06-14T12:52:14","modified_gmt":"2021-06-14T16:52:14","slug":"no-habra-incremento-de-pasaje-y-acabaran-reguladas-ratifico-viceministro-de-transporte","status":"publish","type":"post","link":"https:\/\/www.ip.gov.py\/ip\/2021\/06\/14\/no-habra-incremento-de-pasaje-y-acabaran-reguladas-ratifico-viceministro-de-transporte\/","title":{"rendered":"No habr\u00e1 incremento de pasaje y acabar\u00e1n reguladas, ratific\u00f3 viceministro de transporte"},"content":{"rendered":"<p style=\"text-align: justify;\"><em><strong>Asunci\u00f3n, Agencia IP.-<\/strong><\/em> El viceministro de Transporte, V\u00edctor S\u00e1nchez, ratific\u00f3 que no subir\u00e1 el costo del pasaje y adem\u00e1s asegur\u00f3 que \u201cterminar\u00e1n las reguladas\u201d, tras acuerdo con el sector empresarial.<\/p>\n<p style=\"text-align: justify;\"><!--more--><\/p>\n<p style=\"text-align: justify;\">En conversaci\u00f3n con <strong>Radio Nacional del Paraguay<\/strong>, el viceministro S\u00e1nchez manifest\u00f3 que el paro de transportes previsto, para este lunes 14 de junio, qued\u00f3 sin efecto tras una reuni\u00f3n entre autoridades del Gobierno y transportistas.<\/p>\n<p style=\"text-align: justify;\">\u201cSe logr\u00f3 destrabar el paro y hoy estamos nuevamente con los servicios establecidos. Pr\u00e1cticamente ya es algo definitivo, nos pusimos de acuerdo y \u00a0estructuramos los trabajos\u201d, coment\u00f3.<\/p>\n<p style=\"text-align: justify;\">\u201cLas reguladas van a terminar y el pasaje no va a subir, se va a mantener\u201d, agreg\u00f3. En ese sentido, detall\u00f3 que durante la reuni\u00f3n entre ambas partes acordaron ajustarse a la situaci\u00f3n actual del pa\u00eds.<\/p>\n<p style=\"text-align: justify;\">El viceministro detall\u00f3 que uno de los puntos acordados fue la remuneraci\u00f3n empresarial. \u201cOperaci\u00f3n marzo hasta septiembre los beneficios empresariales llega al 0 por ciento. A partir del \u00faltimo trimestre hasta lo que ser\u00eda el primer semestre del 2022, el pago de la remuneraci\u00f3n va a ir de manera gradual\u201d, explic\u00f3.<\/p>\n<p style=\"text-align: justify;\">En ese contexto, se\u00f1al\u00f3 que la tarifa t\u00e9cnica ser\u00e1 totalmente din\u00e1mica mediante el uso del billetaje electr\u00f3nico. Sobre este c\u00e1lculo se realiza el pago de subsidio para mantener los costos actuales del pasaje.<\/p>\n<p style=\"text-align: justify;\">\u201cLa tarifa t\u00e9cnica es la divisi\u00f3n de los costos totales por kil\u00f3metro dividido por la cantidad de pasajero que tuvo en ese mes de operaci\u00f3n. Pr\u00e1cticamente vamos a estar pagando por un servicio prestado y real, con toda la transparencia que nos da el billetaje electr\u00f3nico\u201d, puntualiz\u00f3.<\/p>\n<p style=\"text-align: justify;\">Cabe mencionar que con el billetaje electr\u00f3nico se cuentan datos precisos sobre cantidad de pasajeros, cuando anteriormente se utilizaban cifras estimadas de estudios de a\u00f1os anteriores.<\/p>\n","protected":false},"excerpt":{"rendered":"<p>Asunci\u00f3n, Agencia IP.- El viceministro de Transporte, V\u00edctor S\u00e1nchez, ratific\u00f3 que no subir\u00e1 el costo del pasaje y adem\u00e1s asegur\u00f3 que \u201cterminar\u00e1n las reguladas\u201d, tras acuerdo con el sector empresarial.<\/p>\n","protected":false},"author":31,"featured_media":286860,"comment_status":"closed","ping_status":"closed","sticky":false,"template":"","format":"standard","meta":{"_monsterinsights_skip_tracking":false,"_monsterinsights_sitenote_active":false,"_monsterinsights_sitenote_note":"","_monsterinsights_sitenote_category":0,"footnotes":""},"categories":[9],"tags":[3050,6917,6352],"class_list":{"0":"post-369771","1":"post","2":"type-post","3":"status-publish","4":"format-standard","5":"has-post-thumbnail","7":"category-economia","8":"tag-pasaje","9":"tag-sector-del-transporte","10":"tag-tarifa-tecnica"},"yoast_head":"<!-- This site is optimized with the Yoast SEO plugin v27.5 - https:\/\/yoast.com\/product\/yoast-seo-wordpress\/ -->\n<title>No habr\u00e1 incremento de pasaje y acabar\u00e1n reguladas, ratific\u00f3 viceministro de transporte - .::Agencia IP::.<\/title>\n<meta name=\"robots\" content=\"index, follow, max-snippet:-1, max-image-preview:large, max-video-preview:-1\" \/>\n<link rel=\"canonical\" href=\"https:\/\/www.ip.gov.py\/ip\/2021\/06\/14\/no-habra-incremento-de-pasaje-y-acabaran-reguladas-ratifico-viceministro-de-transporte\/\" \/>\n<meta property=\"og:locale\" content=\"es_ES\" \/>\n<meta property=\"og:type\" content=\"article\" \/>\n<meta property=\"og:title\" content=\"No habr\u00e1 incremento de pasaje y acabar\u00e1n reguladas, ratific\u00f3 viceministro de transporte - .::Agencia IP::.\" \/>\n<meta property=\"og:description\" content=\"Asunci\u00f3n, Agencia IP.- El viceministro de Transporte, V\u00edctor S\u00e1nchez, ratific\u00f3 que no subir\u00e1 el costo del pasaje y adem\u00e1s asegur\u00f3 que \u201cterminar\u00e1n las reguladas\u201d, tras acuerdo con el sector empresarial.\" \/>\n<meta property=\"og:url\" content=\"https:\/\/www.ip.gov.py\/ip\/2021\/06\/14\/no-habra-incremento-de-pasaje-y-acabaran-reguladas-ratifico-viceministro-de-transporte\/\" \/>\n<meta property=\"og:site_name\" content=\".::Agencia IP::.\" \/>\n<meta property=\"article:publisher\" content=\"https:\/\/www.facebook.com\/IPParaguay\/\" \/>\n<meta property=\"article:published_time\" content=\"2021-06-14T16:33:08+00:00\" \/>\n<meta property=\"article:modified_time\" content=\"2021-06-14T16:52:14+00:00\" \/>\n<meta property=\"og:image\" content=\"https:\/\/www.ip.gov.py\/ip\/wp-content\/uploads\/2019\/09\/bus-transporte-pasajero.jpeg\" \/>\n\t<meta property=\"og:image:width\" content=\"853\" \/>\n\t<meta property=\"og:image:height\" content=\"1280\" \/>\n\t<meta property=\"og:image:type\" content=\"image\/jpeg\" \/>\n<meta name=\"author\" content=\"Veronica Gimenez\" \/>\n<meta name=\"twitter:card\" content=\"summary_large_image\" \/>\n<meta name=\"twitter:creator\" content=\"@IPParaguay\" \/>\n<meta name=\"twitter:site\" content=\"@IPParaguay\" \/>\n<meta name=\"twitter:label1\" content=\"Escrito por\" \/>\n\t<meta name=\"twitter:data1\" content=\"Veronica Gimenez\" \/>\n\t<meta name=\"twitter:label2\" content=\"Tiempo de lectura\" \/>\n\t<meta name=\"twitter:data2\" content=\"2 minutos\" \/>\n<script type=\"application\/ld+json\" class=\"yoast-schema-graph\">{\"@context\":\"https:\\\/\\\/schema.org\",\"@graph\":[{\"@type\":\"Article\",\"@id\":\"https:\\\/\\\/www.ip.gov.py\\\/ip\\\/2021\\\/06\\\/14\\\/no-habra-incremento-de-pasaje-y-acabaran-reguladas-ratifico-viceministro-de-transporte\\\/#article\",\"isPartOf\":{\"@id\":\"https:\\\/\\\/www.ip.gov.py\\\/ip\\\/2021\\\/06\\\/14\\\/no-habra-incremento-de-pasaje-y-acabaran-reguladas-ratifico-viceministro-de-transporte\\\/\"},\"author\":{\"name\":\"Veronica Gimenez\",\"@id\":\"https:\\\/\\\/www.ip.gov.py\\\/ip\\\/#\\\/schema\\\/person\\\/80dabd959b84f4db18b2b1a238d83e30\"},\"headline\":\"No habr\u00e1 incremento de pasaje y acabar\u00e1n reguladas, ratific\u00f3 viceministro de transporte\",\"datePublished\":\"2021-06-14T16:33:08+00:00\",\"dateModified\":\"2021-06-14T16:52:14+00:00\",\"mainEntityOfPage\":{\"@id\":\"https:\\\/\\\/www.ip.gov.py\\\/ip\\\/2021\\\/06\\\/14\\\/no-habra-incremento-de-pasaje-y-acabaran-reguladas-ratifico-viceministro-de-transporte\\\/\"},\"wordCount\":325,\"publisher\":{\"@id\":\"https:\\\/\\\/www.ip.gov.py\\\/ip\\\/#organization\"},\"image\":{\"@id\":\"https:\\\/\\\/www.ip.gov.py\\\/ip\\\/2021\\\/06\\\/14\\\/no-habra-incremento-de-pasaje-y-acabaran-reguladas-ratifico-viceministro-de-transporte\\\/#primaryimage\"},\"thumbnailUrl\":\"https:\\\/\\\/www.ip.gov.py\\\/ip\\\/wp-content\\\/uploads\\\/2019\\\/09\\\/bus-transporte-pasajero.jpeg\",\"keywords\":[\"pasaje\",\"sector del transporte\",\"Tarifa t\u00e9cnica\"],\"articleSection\":[\"Econom\u00eda\"],\"inLanguage\":\"es\"},{\"@type\":\"WebPage\",\"@id\":\"https:\\\/\\\/www.ip.gov.py\\\/ip\\\/2021\\\/06\\\/14\\\/no-habra-incremento-de-pasaje-y-acabaran-reguladas-ratifico-viceministro-de-transporte\\\/\",\"url\":\"https:\\\/\\\/www.ip.gov.py\\\/ip\\\/2021\\\/06\\\/14\\\/no-habra-incremento-de-pasaje-y-acabaran-reguladas-ratifico-viceministro-de-transporte\\\/\",\"name\":\"No habr\u00e1 incremento de pasaje y acabar\u00e1n reguladas, ratific\u00f3 viceministro de transporte - .::Agencia IP::.\",\"isPartOf\":{\"@id\":\"https:\\\/\\\/www.ip.gov.py\\\/ip\\\/#website\"},\"primaryImageOfPage\":{\"@id\":\"https:\\\/\\\/www.ip.gov.py\\\/ip\\\/2021\\\/06\\\/14\\\/no-habra-incremento-de-pasaje-y-acabaran-reguladas-ratifico-viceministro-de-transporte\\\/#primaryimage\"},\"image\":{\"@id\":\"https:\\\/\\\/www.ip.gov.py\\\/ip\\\/2021\\\/06\\\/14\\\/no-habra-incremento-de-pasaje-y-acabaran-reguladas-ratifico-viceministro-de-transporte\\\/#primaryimage\"},\"thumbnailUrl\":\"https:\\\/\\\/www.ip.gov.py\\\/ip\\\/wp-content\\\/uploads\\\/2019\\\/09\\\/bus-transporte-pasajero.jpeg\",\"datePublished\":\"2021-06-14T16:33:08+00:00\",\"dateModified\":\"2021-06-14T16:52:14+00:00\",\"breadcrumb\":{\"@id\":\"https:\\\/\\\/www.ip.gov.py\\\/ip\\\/2021\\\/06\\\/14\\\/no-habra-incremento-de-pasaje-y-acabaran-reguladas-ratifico-viceministro-de-transporte\\\/#breadcrumb\"},\"inLanguage\":\"es\",\"potentialAction\":[{\"@type\":\"ReadAction\",\"target\":[\"https:\\\/\\\/www.ip.gov.py\\\/ip\\\/2021\\\/06\\\/14\\\/no-habra-incremento-de-pasaje-y-acabaran-reguladas-ratifico-viceministro-de-transporte\\\/\"]}]},{\"@type\":\"ImageObject\",\"inLanguage\":\"es\",\"@id\":\"https:\\\/\\\/www.ip.gov.py\\\/ip\\\/2021\\\/06\\\/14\\\/no-habra-incremento-de-pasaje-y-acabaran-reguladas-ratifico-viceministro-de-transporte\\\/#primaryimage\",\"url\":\"https:\\\/\\\/www.ip.gov.py\\\/ip\\\/wp-content\\\/uploads\\\/2019\\\/09\\\/bus-transporte-pasajero.jpeg\",\"contentUrl\":\"https:\\\/\\\/www.ip.gov.py\\\/ip\\\/wp-content\\\/uploads\\\/2019\\\/09\\\/bus-transporte-pasajero.jpeg\",\"width\":853,\"height\":1280,\"caption\":\"Ilustraci\u00f3n \\\/ Foto Agencia IP\"},{\"@type\":\"BreadcrumbList\",\"@id\":\"https:\\\/\\\/www.ip.gov.py\\\/ip\\\/2021\\\/06\\\/14\\\/no-habra-incremento-de-pasaje-y-acabaran-reguladas-ratifico-viceministro-de-transporte\\\/#breadcrumb\",\"itemListElement\":[{\"@type\":\"ListItem\",\"position\":1,\"name\":\"Portada\",\"item\":\"https:\\\/\\\/www.ip.gov.py\\\/ip\\\/\"},{\"@type\":\"ListItem\",\"position\":2,\"name\":\"No habr\u00e1 incremento de pasaje y acabar\u00e1n reguladas, ratific\u00f3 viceministro de transporte\"}]},{\"@type\":\"WebSite\",\"@id\":\"https:\\\/\\\/www.ip.gov.py\\\/ip\\\/#website\",\"url\":\"https:\\\/\\\/www.ip.gov.py\\\/ip\\\/\",\"name\":\".::Agencia IP::.\",\"description\":\"\",\"publisher\":{\"@id\":\"https:\\\/\\\/www.ip.gov.py\\\/ip\\\/#organization\"},\"potentialAction\":[{\"@type\":\"SearchAction\",\"target\":{\"@type\":\"EntryPoint\",\"urlTemplate\":\"https:\\\/\\\/www.ip.gov.py\\\/ip\\\/?s={search_term_string}\"},\"query-input\":{\"@type\":\"PropertyValueSpecification\",\"valueRequired\":true,\"valueName\":\"search_term_string\"}}],\"inLanguage\":\"es\"},{\"@type\":\"Organization\",\"@id\":\"https:\\\/\\\/www.ip.gov.py\\\/ip\\\/#organization\",\"name\":\"Agencia IP\",\"url\":\"https:\\\/\\\/www.ip.gov.py\\\/ip\\\/\",\"logo\":{\"@type\":\"ImageObject\",\"inLanguage\":\"es\",\"@id\":\"https:\\\/\\\/www.ip.gov.py\\\/ip\\\/#\\\/schema\\\/logo\\\/image\\\/\",\"url\":\"https:\\\/\\\/www.ip.gov.py\\\/ip\\\/wp-content\\\/uploads\\\/2018\\\/01\\\/Agencia-IP.jpg\",\"contentUrl\":\"https:\\\/\\\/www.ip.gov.py\\\/ip\\\/wp-content\\\/uploads\\\/2018\\\/01\\\/Agencia-IP.jpg\",\"width\":150,\"height\":150,\"caption\":\"Agencia IP\"},\"image\":{\"@id\":\"https:\\\/\\\/www.ip.gov.py\\\/ip\\\/#\\\/schema\\\/logo\\\/image\\\/\"},\"sameAs\":[\"https:\\\/\\\/www.facebook.com\\\/IPParaguay\\\/\",\"https:\\\/\\\/x.com\\\/IPParaguay\",\"https:\\\/\\\/www.instagram.com\\\/IPParaguay\"]},{\"@type\":\"Person\",\"@id\":\"https:\\\/\\\/www.ip.gov.py\\\/ip\\\/#\\\/schema\\\/person\\\/80dabd959b84f4db18b2b1a238d83e30\",\"name\":\"Veronica Gimenez\",\"url\":\"https:\\\/\\\/www.ip.gov.py\\\/ip\\\/author\\\/vgimenez\\\/\"}]}<\/script>\n<!-- \/ Yoast SEO plugin. -->","yoast_head_json":{"title":"No habr\u00e1 incremento de pasaje y acabar\u00e1n reguladas, ratific\u00f3 viceministro de transporte - .::Agencia IP::.","robots":{"index":"index","follow":"follow","max-snippet":"max-snippet:-1","max-image-preview":"max-image-preview:large","max-video-preview":"max-video-preview:-1"},"canonical":"https:\/\/www.ip.gov.py\/ip\/2021\/06\/14\/no-habra-incremento-de-pasaje-y-acabaran-reguladas-ratifico-viceministro-de-transporte\/","og_locale":"es_ES","og_type":"article","og_title":"No habr\u00e1 incremento de pasaje y acabar\u00e1n reguladas, ratific\u00f3 viceministro de transporte - .::Agencia IP::.","og_description":"Asunci\u00f3n, Agencia IP.- El viceministro de Transporte, V\u00edctor S\u00e1nchez, ratific\u00f3 que no subir\u00e1 el costo del pasaje y adem\u00e1s asegur\u00f3 que \u201cterminar\u00e1n las reguladas\u201d, tras acuerdo con el sector empresarial.","og_url":"https:\/\/www.ip.gov.py\/ip\/2021\/06\/14\/no-habra-incremento-de-pasaje-y-acabaran-reguladas-ratifico-viceministro-de-transporte\/","og_site_name":".::Agencia IP::.","article_publisher":"https:\/\/www.facebook.com\/IPParaguay\/","article_published_time":"2021-06-14T16:33:08+00:00","article_modified_time":"2021-06-14T16:52:14+00:00","og_image":[{"width":853,"height":1280,"url":"https:\/\/www.ip.gov.py\/ip\/wp-content\/uploads\/2019\/09\/bus-transporte-pasajero.jpeg","type":"image\/jpeg"}],"author":"Veronica Gimenez","twitter_card":"summary_large_image","twitter_creator":"@IPParaguay","twitter_site":"@IPParaguay","twitter_misc":{"Escrito por":"Veronica Gimenez","Tiempo de lectura":"2 minutos"},"schema":{"@context":"https:\/\/schema.org","@graph":[{"@type":"Article","@id":"https:\/\/www.ip.gov.py\/ip\/2021\/06\/14\/no-habra-incremento-de-pasaje-y-acabaran-reguladas-ratifico-viceministro-de-transporte\/#article","isPartOf":{"@id":"https:\/\/www.ip.gov.py\/ip\/2021\/06\/14\/no-habra-incremento-de-pasaje-y-acabaran-reguladas-ratifico-viceministro-de-transporte\/"},"author":{"name":"Veronica Gimenez","@id":"https:\/\/www.ip.gov.py\/ip\/#\/schema\/person\/80dabd959b84f4db18b2b1a238d83e30"},"headline":"No habr\u00e1 incremento de pasaje y acabar\u00e1n reguladas, ratific\u00f3 viceministro de transporte","datePublished":"2021-06-14T16:33:08+00:00","dateModified":"2021-06-14T16:52:14+00:00","mainEntityOfPage":{"@id":"https:\/\/www.ip.gov.py\/ip\/2021\/06\/14\/no-habra-incremento-de-pasaje-y-acabaran-reguladas-ratifico-viceministro-de-transporte\/"},"wordCount":325,"publisher":{"@id":"https:\/\/www.ip.gov.py\/ip\/#organization"},"image":{"@id":"https:\/\/www.ip.gov.py\/ip\/2021\/06\/14\/no-habra-incremento-de-pasaje-y-acabaran-reguladas-ratifico-viceministro-de-transporte\/#primaryimage"},"thumbnailUrl":"https:\/\/www.ip.gov.py\/ip\/wp-content\/uploads\/2019\/09\/bus-transporte-pasajero.jpeg","keywords":["pasaje","sector del transporte","Tarifa t\u00e9cnica"],"articleSection":["Econom\u00eda"],"inLanguage":"es"},{"@type":"WebPage","@id":"https:\/\/www.ip.gov.py\/ip\/2021\/06\/14\/no-habra-incremento-de-pasaje-y-acabaran-reguladas-ratifico-viceministro-de-transporte\/","url":"https:\/\/www.ip.gov.py\/ip\/2021\/06\/14\/no-habra-incremento-de-pasaje-y-acabaran-reguladas-ratifico-viceministro-de-transporte\/","name":"No habr\u00e1 incremento de pasaje y acabar\u00e1n reguladas, ratific\u00f3 viceministro de transporte - .::Agencia IP::.","isPartOf":{"@id":"https:\/\/www.ip.gov.py\/ip\/#website"},"primaryImageOfPage":{"@id":"https:\/\/www.ip.gov.py\/ip\/2021\/06\/14\/no-habra-incremento-de-pasaje-y-acabaran-reguladas-ratifico-viceministro-de-transporte\/#primaryimage"},"image":{"@id":"https:\/\/www.ip.gov.py\/ip\/2021\/06\/14\/no-habra-incremento-de-pasaje-y-acabaran-reguladas-ratifico-viceministro-de-transporte\/#primaryimage"},"thumbnailUrl":"https:\/\/www.ip.gov.py\/ip\/wp-content\/uploads\/2019\/09\/bus-transporte-pasajero.jpeg","datePublished":"2021-06-14T16:33:08+00:00","dateModified":"2021-06-14T16:52:14+00:00","breadcrumb":{"@id":"https:\/\/www.ip.gov.py\/ip\/2021\/06\/14\/no-habra-incremento-de-pasaje-y-acabaran-reguladas-ratifico-viceministro-de-transporte\/#breadcrumb"},"inLanguage":"es","potentialAction":[{"@type":"ReadAction","target":["https:\/\/www.ip.gov.py\/ip\/2021\/06\/14\/no-habra-incremento-de-pasaje-y-acabaran-reguladas-ratifico-viceministro-de-transporte\/"]}]},{"@type":"ImageObject","inLanguage":"es","@id":"https:\/\/www.ip.gov.py\/ip\/2021\/06\/14\/no-habra-incremento-de-pasaje-y-acabaran-reguladas-ratifico-viceministro-de-transporte\/#primaryimage","url":"https:\/\/www.ip.gov.py\/ip\/wp-content\/uploads\/2019\/09\/bus-transporte-pasajero.jpeg","contentUrl":"https:\/\/www.ip.gov.py\/ip\/wp-content\/uploads\/2019\/09\/bus-transporte-pasajero.jpeg","width":853,"height":1280,"caption":"Ilustraci\u00f3n \/ Foto Agencia IP"},{"@type":"BreadcrumbList","@id":"https:\/\/www.ip.gov.py\/ip\/2021\/06\/14\/no-habra-incremento-de-pasaje-y-acabaran-reguladas-ratifico-viceministro-de-transporte\/#breadcrumb","itemListElement":[{"@type":"ListItem","position":1,"name":"Portada","item":"https:\/\/www.ip.gov.py\/ip\/"},{"@type":"ListItem","position":2,"name":"No habr\u00e1 incremento de pasaje y acabar\u00e1n reguladas, ratific\u00f3 viceministro de transporte"}]},{"@type":"WebSite","@id":"https:\/\/www.ip.gov.py\/ip\/#website","url":"https:\/\/www.ip.gov.py\/ip\/","name":".::Agencia IP::.","description":"","publisher":{"@id":"https:\/\/www.ip.gov.py\/ip\/#organization"},"potentialAction":[{"@type":"SearchAction","target":{"@type":"EntryPoint","urlTemplate":"https:\/\/www.ip.gov.py\/ip\/?s={search_term_string}"},"query-input":{"@type":"PropertyValueSpecification","valueRequired":true,"valueName":"search_term_string"}}],"inLanguage":"es"},{"@type":"Organization","@id":"https:\/\/www.ip.gov.py\/ip\/#organization","name":"Agencia IP","url":"https:\/\/www.ip.gov.py\/ip\/","logo":{"@type":"ImageObject","inLanguage":"es","@id":"https:\/\/www.ip.gov.py\/ip\/#\/schema\/logo\/image\/","url":"https:\/\/www.ip.gov.py\/ip\/wp-content\/uploads\/2018\/01\/Agencia-IP.jpg","contentUrl":"https:\/\/www.ip.gov.py\/ip\/wp-content\/uploads\/2018\/01\/Agencia-IP.jpg","width":150,"height":150,"caption":"Agencia IP"},"image":{"@id":"https:\/\/www.ip.gov.py\/ip\/#\/schema\/logo\/image\/"},"sameAs":["https:\/\/www.facebook.com\/IPParaguay\/","https:\/\/x.com\/IPParaguay","https:\/\/www.instagram.com\/IPParaguay"]},{"@type":"Person","@id":"https:\/\/www.ip.gov.py\/ip\/#\/schema\/person\/80dabd959b84f4db18b2b1a238d83e30","name":"Veronica Gimenez","url":"https:\/\/www.ip.gov.py\/ip\/author\/vgimenez\/"}]}},"_links":{"self":[{"href":"https:\/\/www.ip.gov.py\/ip\/wp-json\/wp\/v2\/posts\/369771","targetHints":{"allow":["GET"]}}],"collection":[{"href":"https:\/\/www.ip.gov.py\/ip\/wp-json\/wp\/v2\/posts"}],"about":[{"href":"https:\/\/www.ip.gov.py\/ip\/wp-json\/wp\/v2\/types\/post"}],"author":[{"embeddable":true,"href":"https:\/\/www.ip.gov.py\/ip\/wp-json\/wp\/v2\/users\/31"}],"replies":[{"embeddable":true,"href":"https:\/\/www.ip.gov.py\/ip\/wp-json\/wp\/v2\/comments?post=369771"}],"version-history":[{"count":0,"href":"https:\/\/www.ip.gov.py\/ip\/wp-json\/wp\/v2\/posts\/369771\/revisions"}],"wp:featuredmedia":[{"embeddable":true,"href":"https:\/\/www.ip.gov.py\/ip\/wp-json\/wp\/v2\/media\/286860"}],"wp:attachment":[{"href":"https:\/\/www.ip.gov.py\/ip\/wp-json\/wp\/v2\/media?parent=369771"}],"wp:term":[{"taxonomy":"category","embeddable":true,"href":"https:\/\/www.ip.gov.py\/ip\/wp-json\/wp\/v2\/categories?post=369771"},{"taxonomy":"post_tag","embeddable":true,"href":"https:\/\/www.ip.gov.py\/ip\/wp-json\/wp\/v2\/tags?post=369771"}],"curies":[{"name":"wp","href":"https:\/\/api.w.org\/{rel}","templated":true}]}}