{"id":370242,"date":"2021-06-16T14:48:58","date_gmt":"2021-06-16T18:48:58","guid":{"rendered":"https:\/\/www.ip.gov.py\/ip\/?p=370242"},"modified":"2021-06-16T15:03:52","modified_gmt":"2021-06-16T19:03:52","slug":"situacion-comercial-en-frontera-con-brasil-esta-bastante-fluida-informo-viceministro","status":"publish","type":"post","link":"https:\/\/www.ip.gov.py\/ip\/2021\/06\/16\/situacion-comercial-en-frontera-con-brasil-esta-bastante-fluida-informo-viceministro\/","title":{"rendered":"Situaci\u00f3n comercial en frontera con Brasil est\u00e1 \u201cbastante fluida\u201d, inform\u00f3 viceministro"},"content":{"rendered":"<p style=\"text-align: justify;\"><em><strong>Asunci\u00f3n, Agencia IP.-<\/strong><\/em> El viceministro de Comercio, Pedro Mancuello, inform\u00f3 que la situaci\u00f3n comercial en la frontera con Brasil est\u00e1 \u201cbastante fluida\u201d, mientras que del lado argentino est\u00e1n sobrellevando mediante el subsidio a los afectados por la pandemia covid-19.<\/p>\n<p style=\"text-align: justify;\"><!--more--><\/p>\n<p style=\"text-align: justify;\">En primer t\u00e9rmino, el viceministro del Ministerio de Industria y Comercio (MIC), Pedro Mancuello, manifest\u00f3 que la situaci\u00f3n comercial en la frontera con Brasil se encuentra mejorando tras el impacto econ\u00f3mico generado con la llegada del coronavirus al pa\u00eds.<\/p>\n<p style=\"text-align: justify;\">\u201cCon Brasil ya tenemos un comercio bastante fluido. Se est\u00e1n abriendo tiendas que generan competencia en el mercado. Ah\u00ed tenemos un frente de trabajo para mejorar la competitividad\u00a0 y recuperar algunos sectores que antes no eran tan competitivos\u201d, se\u00f1al\u00f3 el funcionario en conversaci\u00f3n con<strong> Radio Nacional del Paraguay<\/strong>.<\/p>\n<p style=\"text-align: justify;\">Sin embargo, comunic\u00f3 que del lado argentino la situaci\u00f3n es m\u00e1s sensible. \u201cNo hay posibilidad de paso, y se est\u00e1 aliando en parte con el Pytyvo de Frontera\u201d, indic\u00f3.<\/p>\n<p style=\"text-align: justify;\">Por otra parte, mencion\u00f3 que desde la cartera de Industria y Comercio tienen como responsabilidad encontrar la manera efectiva de permitir la importaci\u00f3n sin afectar a los productores nacionales.<\/p>\n<p style=\"text-align: justify;\">\u201cQue el precio del producto importado no sea m\u00e1s barato que el producto nacional, y que eso a su vez permita que haya competencia entre los propios productores locales. Buscamos que la importaci\u00f3n pueda tener un camino con cierta trazabilidad, cuando la producci\u00f3n local no da abasto\u201d, explic\u00f3.<\/p>\n<p style=\"text-align: justify;\"><strong>Ley de Servicios de Confianza<\/strong><\/p>\n<p style=\"text-align: justify;\">En otro contexto, el viceministro del MIC remarc\u00f3 que esta normativa tuvo lugar tras la llegada del covid-19 al pa\u00eds, ya que con las medidas adoptadas ante la emergencia sanitaria muchos comercios apuntaron a las operaciones en l\u00ednea.<\/p>\n<p style=\"text-align: justify;\">\u201cEn el caso de la ley de confianza tenemos un marco legal muy moderno que va a ayudar a darle protecci\u00f3n a la identidad digital de las personas, y garantizar seguridad en las transacciones\u201d, puntualiz\u00f3.<\/p>\n<p style=\"text-align: justify;\">Cabe mencionar que la C\u00e1mara de Diputados se ratific\u00f3 este martes en su versi\u00f3n que incluye en sus puntos criterios altos de seguridad para las transferencias de dinero a trav\u00e9s de las telef\u00f3nicas, conocidas como los giros.<\/p>\n<p style=\"text-align: justify;\">\n","protected":false},"excerpt":{"rendered":"<p>Asunci\u00f3n, Agencia IP.- El viceministro de Comercio, Pedro Mancuello, inform\u00f3 que la situaci\u00f3n comercial en la frontera con Brasil est\u00e1 \u201cbastante fluida\u201d, mientras que del lado argentino est\u00e1n sobrellevando mediante el subsidio a los afectados por la pandemia covid-19.<\/p>\n","protected":false},"author":31,"featured_media":338255,"comment_status":"closed","ping_status":"closed","sticky":false,"template":"","format":"standard","meta":{"_monsterinsights_skip_tracking":false,"_monsterinsights_sitenote_active":false,"_monsterinsights_sitenote_note":"","_monsterinsights_sitenote_category":0,"footnotes":""},"categories":[9],"tags":[426,335,2985,764,317],"class_list":{"0":"post-370242","1":"post","2":"type-post","3":"status-publish","4":"format-standard","5":"has-post-thumbnail","7":"category-economia","8":"tag-argentina","9":"tag-brasil","10":"tag-covid-19","11":"tag-frontera","12":"tag-mic"},"yoast_head":"<!-- This site is optimized with the Yoast SEO plugin v27.5 - https:\/\/yoast.com\/product\/yoast-seo-wordpress\/ -->\n<title>Situaci\u00f3n comercial en frontera con Brasil est\u00e1 \u201cbastante fluida\u201d, inform\u00f3 viceministro - .::Agencia IP::.<\/title>\n<meta name=\"robots\" content=\"index, follow, max-snippet:-1, max-image-preview:large, max-video-preview:-1\" \/>\n<link rel=\"canonical\" href=\"https:\/\/www.ip.gov.py\/ip\/2021\/06\/16\/situacion-comercial-en-frontera-con-brasil-esta-bastante-fluida-informo-viceministro\/\" \/>\n<meta property=\"og:locale\" content=\"es_ES\" \/>\n<meta property=\"og:type\" content=\"article\" \/>\n<meta property=\"og:title\" content=\"Situaci\u00f3n comercial en frontera con Brasil est\u00e1 \u201cbastante fluida\u201d, inform\u00f3 viceministro - .::Agencia IP::.\" \/>\n<meta property=\"og:description\" content=\"Asunci\u00f3n, Agencia IP.- El viceministro de Comercio, Pedro Mancuello, inform\u00f3 que la situaci\u00f3n comercial en la frontera con Brasil est\u00e1 \u201cbastante fluida\u201d, mientras que del lado argentino est\u00e1n sobrellevando mediante el subsidio a los afectados por la pandemia covid-19.\" \/>\n<meta property=\"og:url\" content=\"https:\/\/www.ip.gov.py\/ip\/2021\/06\/16\/situacion-comercial-en-frontera-con-brasil-esta-bastante-fluida-informo-viceministro\/\" \/>\n<meta property=\"og:site_name\" content=\".::Agencia IP::.\" \/>\n<meta property=\"article:publisher\" content=\"https:\/\/www.facebook.com\/IPParaguay\/\" \/>\n<meta property=\"article:published_time\" content=\"2021-06-16T18:48:58+00:00\" \/>\n<meta property=\"article:modified_time\" content=\"2021-06-16T19:03:52+00:00\" \/>\n<meta property=\"og:image\" content=\"https:\/\/www.ip.gov.py\/ip\/wp-content\/uploads\/2020\/10\/Puente-Alto-Paran\u00e1-Amistad.jpeg\" \/>\n\t<meta property=\"og:image:width\" content=\"810\" \/>\n\t<meta property=\"og:image:height\" content=\"540\" \/>\n\t<meta property=\"og:image:type\" content=\"image\/jpeg\" \/>\n<meta name=\"author\" content=\"Veronica Gimenez\" \/>\n<meta name=\"twitter:card\" content=\"summary_large_image\" \/>\n<meta name=\"twitter:creator\" content=\"@IPParaguay\" \/>\n<meta name=\"twitter:site\" content=\"@IPParaguay\" \/>\n<meta name=\"twitter:label1\" content=\"Escrito por\" \/>\n\t<meta name=\"twitter:data1\" content=\"Veronica Gimenez\" \/>\n\t<meta name=\"twitter:label2\" content=\"Tiempo de lectura\" \/>\n\t<meta name=\"twitter:data2\" content=\"2 minutos\" \/>\n<script type=\"application\/ld+json\" class=\"yoast-schema-graph\">{\"@context\":\"https:\\\/\\\/schema.org\",\"@graph\":[{\"@type\":\"Article\",\"@id\":\"https:\\\/\\\/www.ip.gov.py\\\/ip\\\/2021\\\/06\\\/16\\\/situacion-comercial-en-frontera-con-brasil-esta-bastante-fluida-informo-viceministro\\\/#article\",\"isPartOf\":{\"@id\":\"https:\\\/\\\/www.ip.gov.py\\\/ip\\\/2021\\\/06\\\/16\\\/situacion-comercial-en-frontera-con-brasil-esta-bastante-fluida-informo-viceministro\\\/\"},\"author\":{\"name\":\"Veronica Gimenez\",\"@id\":\"https:\\\/\\\/www.ip.gov.py\\\/ip\\\/#\\\/schema\\\/person\\\/80dabd959b84f4db18b2b1a238d83e30\"},\"headline\":\"Situaci\u00f3n comercial en frontera con Brasil est\u00e1 \u201cbastante fluida\u201d, inform\u00f3 viceministro\",\"datePublished\":\"2021-06-16T18:48:58+00:00\",\"dateModified\":\"2021-06-16T19:03:52+00:00\",\"mainEntityOfPage\":{\"@id\":\"https:\\\/\\\/www.ip.gov.py\\\/ip\\\/2021\\\/06\\\/16\\\/situacion-comercial-en-frontera-con-brasil-esta-bastante-fluida-informo-viceministro\\\/\"},\"wordCount\":383,\"publisher\":{\"@id\":\"https:\\\/\\\/www.ip.gov.py\\\/ip\\\/#organization\"},\"image\":{\"@id\":\"https:\\\/\\\/www.ip.gov.py\\\/ip\\\/2021\\\/06\\\/16\\\/situacion-comercial-en-frontera-con-brasil-esta-bastante-fluida-informo-viceministro\\\/#primaryimage\"},\"thumbnailUrl\":\"https:\\\/\\\/www.ip.gov.py\\\/ip\\\/wp-content\\\/uploads\\\/2020\\\/10\\\/Puente-Alto-Paran\u00e1-Amistad.jpeg\",\"keywords\":[\"Argentina\",\"Brasil\",\"covid-19\",\"frontera\",\"MIC\"],\"articleSection\":[\"Econom\u00eda\"],\"inLanguage\":\"es\"},{\"@type\":\"WebPage\",\"@id\":\"https:\\\/\\\/www.ip.gov.py\\\/ip\\\/2021\\\/06\\\/16\\\/situacion-comercial-en-frontera-con-brasil-esta-bastante-fluida-informo-viceministro\\\/\",\"url\":\"https:\\\/\\\/www.ip.gov.py\\\/ip\\\/2021\\\/06\\\/16\\\/situacion-comercial-en-frontera-con-brasil-esta-bastante-fluida-informo-viceministro\\\/\",\"name\":\"Situaci\u00f3n comercial en frontera con Brasil est\u00e1 \u201cbastante fluida\u201d, inform\u00f3 viceministro - .::Agencia IP::.\",\"isPartOf\":{\"@id\":\"https:\\\/\\\/www.ip.gov.py\\\/ip\\\/#website\"},\"primaryImageOfPage\":{\"@id\":\"https:\\\/\\\/www.ip.gov.py\\\/ip\\\/2021\\\/06\\\/16\\\/situacion-comercial-en-frontera-con-brasil-esta-bastante-fluida-informo-viceministro\\\/#primaryimage\"},\"image\":{\"@id\":\"https:\\\/\\\/www.ip.gov.py\\\/ip\\\/2021\\\/06\\\/16\\\/situacion-comercial-en-frontera-con-brasil-esta-bastante-fluida-informo-viceministro\\\/#primaryimage\"},\"thumbnailUrl\":\"https:\\\/\\\/www.ip.gov.py\\\/ip\\\/wp-content\\\/uploads\\\/2020\\\/10\\\/Puente-Alto-Paran\u00e1-Amistad.jpeg\",\"datePublished\":\"2021-06-16T18:48:58+00:00\",\"dateModified\":\"2021-06-16T19:03:52+00:00\",\"breadcrumb\":{\"@id\":\"https:\\\/\\\/www.ip.gov.py\\\/ip\\\/2021\\\/06\\\/16\\\/situacion-comercial-en-frontera-con-brasil-esta-bastante-fluida-informo-viceministro\\\/#breadcrumb\"},\"inLanguage\":\"es\",\"potentialAction\":[{\"@type\":\"ReadAction\",\"target\":[\"https:\\\/\\\/www.ip.gov.py\\\/ip\\\/2021\\\/06\\\/16\\\/situacion-comercial-en-frontera-con-brasil-esta-bastante-fluida-informo-viceministro\\\/\"]}]},{\"@type\":\"ImageObject\",\"inLanguage\":\"es\",\"@id\":\"https:\\\/\\\/www.ip.gov.py\\\/ip\\\/2021\\\/06\\\/16\\\/situacion-comercial-en-frontera-con-brasil-esta-bastante-fluida-informo-viceministro\\\/#primaryimage\",\"url\":\"https:\\\/\\\/www.ip.gov.py\\\/ip\\\/wp-content\\\/uploads\\\/2020\\\/10\\\/Puente-Alto-Paran\u00e1-Amistad.jpeg\",\"contentUrl\":\"https:\\\/\\\/www.ip.gov.py\\\/ip\\\/wp-content\\\/uploads\\\/2020\\\/10\\\/Puente-Alto-Paran\u00e1-Amistad.jpeg\",\"width\":810,\"height\":540,\"caption\":\"Acceso a la zona de control migratorio en el Puente de la Amistad en Ciudad del Este.\"},{\"@type\":\"BreadcrumbList\",\"@id\":\"https:\\\/\\\/www.ip.gov.py\\\/ip\\\/2021\\\/06\\\/16\\\/situacion-comercial-en-frontera-con-brasil-esta-bastante-fluida-informo-viceministro\\\/#breadcrumb\",\"itemListElement\":[{\"@type\":\"ListItem\",\"position\":1,\"name\":\"Portada\",\"item\":\"https:\\\/\\\/www.ip.gov.py\\\/ip\\\/\"},{\"@type\":\"ListItem\",\"position\":2,\"name\":\"Situaci\u00f3n comercial en frontera con Brasil est\u00e1 \u201cbastante fluida\u201d, inform\u00f3 viceministro\"}]},{\"@type\":\"WebSite\",\"@id\":\"https:\\\/\\\/www.ip.gov.py\\\/ip\\\/#website\",\"url\":\"https:\\\/\\\/www.ip.gov.py\\\/ip\\\/\",\"name\":\".::Agencia IP::.\",\"description\":\"\",\"publisher\":{\"@id\":\"https:\\\/\\\/www.ip.gov.py\\\/ip\\\/#organization\"},\"potentialAction\":[{\"@type\":\"SearchAction\",\"target\":{\"@type\":\"EntryPoint\",\"urlTemplate\":\"https:\\\/\\\/www.ip.gov.py\\\/ip\\\/?s={search_term_string}\"},\"query-input\":{\"@type\":\"PropertyValueSpecification\",\"valueRequired\":true,\"valueName\":\"search_term_string\"}}],\"inLanguage\":\"es\"},{\"@type\":\"Organization\",\"@id\":\"https:\\\/\\\/www.ip.gov.py\\\/ip\\\/#organization\",\"name\":\"Agencia IP\",\"url\":\"https:\\\/\\\/www.ip.gov.py\\\/ip\\\/\",\"logo\":{\"@type\":\"ImageObject\",\"inLanguage\":\"es\",\"@id\":\"https:\\\/\\\/www.ip.gov.py\\\/ip\\\/#\\\/schema\\\/logo\\\/image\\\/\",\"url\":\"https:\\\/\\\/www.ip.gov.py\\\/ip\\\/wp-content\\\/uploads\\\/2018\\\/01\\\/Agencia-IP.jpg\",\"contentUrl\":\"https:\\\/\\\/www.ip.gov.py\\\/ip\\\/wp-content\\\/uploads\\\/2018\\\/01\\\/Agencia-IP.jpg\",\"width\":150,\"height\":150,\"caption\":\"Agencia IP\"},\"image\":{\"@id\":\"https:\\\/\\\/www.ip.gov.py\\\/ip\\\/#\\\/schema\\\/logo\\\/image\\\/\"},\"sameAs\":[\"https:\\\/\\\/www.facebook.com\\\/IPParaguay\\\/\",\"https:\\\/\\\/x.com\\\/IPParaguay\",\"https:\\\/\\\/www.instagram.com\\\/IPParaguay\"]},{\"@type\":\"Person\",\"@id\":\"https:\\\/\\\/www.ip.gov.py\\\/ip\\\/#\\\/schema\\\/person\\\/80dabd959b84f4db18b2b1a238d83e30\",\"name\":\"Veronica Gimenez\",\"url\":\"https:\\\/\\\/www.ip.gov.py\\\/ip\\\/author\\\/vgimenez\\\/\"}]}<\/script>\n<!-- \/ Yoast SEO plugin. -->","yoast_head_json":{"title":"Situaci\u00f3n comercial en frontera con Brasil est\u00e1 \u201cbastante fluida\u201d, inform\u00f3 viceministro - .::Agencia IP::.","robots":{"index":"index","follow":"follow","max-snippet":"max-snippet:-1","max-image-preview":"max-image-preview:large","max-video-preview":"max-video-preview:-1"},"canonical":"https:\/\/www.ip.gov.py\/ip\/2021\/06\/16\/situacion-comercial-en-frontera-con-brasil-esta-bastante-fluida-informo-viceministro\/","og_locale":"es_ES","og_type":"article","og_title":"Situaci\u00f3n comercial en frontera con Brasil est\u00e1 \u201cbastante fluida\u201d, inform\u00f3 viceministro - .::Agencia IP::.","og_description":"Asunci\u00f3n, Agencia IP.- El viceministro de Comercio, Pedro Mancuello, inform\u00f3 que la situaci\u00f3n comercial en la frontera con Brasil est\u00e1 \u201cbastante fluida\u201d, mientras que del lado argentino est\u00e1n sobrellevando mediante el subsidio a los afectados por la pandemia covid-19.","og_url":"https:\/\/www.ip.gov.py\/ip\/2021\/06\/16\/situacion-comercial-en-frontera-con-brasil-esta-bastante-fluida-informo-viceministro\/","og_site_name":".::Agencia IP::.","article_publisher":"https:\/\/www.facebook.com\/IPParaguay\/","article_published_time":"2021-06-16T18:48:58+00:00","article_modified_time":"2021-06-16T19:03:52+00:00","og_image":[{"width":810,"height":540,"url":"https:\/\/www.ip.gov.py\/ip\/wp-content\/uploads\/2020\/10\/Puente-Alto-Paran\u00e1-Amistad.jpeg","type":"image\/jpeg"}],"author":"Veronica Gimenez","twitter_card":"summary_large_image","twitter_creator":"@IPParaguay","twitter_site":"@IPParaguay","twitter_misc":{"Escrito por":"Veronica Gimenez","Tiempo de lectura":"2 minutos"},"schema":{"@context":"https:\/\/schema.org","@graph":[{"@type":"Article","@id":"https:\/\/www.ip.gov.py\/ip\/2021\/06\/16\/situacion-comercial-en-frontera-con-brasil-esta-bastante-fluida-informo-viceministro\/#article","isPartOf":{"@id":"https:\/\/www.ip.gov.py\/ip\/2021\/06\/16\/situacion-comercial-en-frontera-con-brasil-esta-bastante-fluida-informo-viceministro\/"},"author":{"name":"Veronica Gimenez","@id":"https:\/\/www.ip.gov.py\/ip\/#\/schema\/person\/80dabd959b84f4db18b2b1a238d83e30"},"headline":"Situaci\u00f3n comercial en frontera con Brasil est\u00e1 \u201cbastante fluida\u201d, inform\u00f3 viceministro","datePublished":"2021-06-16T18:48:58+00:00","dateModified":"2021-06-16T19:03:52+00:00","mainEntityOfPage":{"@id":"https:\/\/www.ip.gov.py\/ip\/2021\/06\/16\/situacion-comercial-en-frontera-con-brasil-esta-bastante-fluida-informo-viceministro\/"},"wordCount":383,"publisher":{"@id":"https:\/\/www.ip.gov.py\/ip\/#organization"},"image":{"@id":"https:\/\/www.ip.gov.py\/ip\/2021\/06\/16\/situacion-comercial-en-frontera-con-brasil-esta-bastante-fluida-informo-viceministro\/#primaryimage"},"thumbnailUrl":"https:\/\/www.ip.gov.py\/ip\/wp-content\/uploads\/2020\/10\/Puente-Alto-Paran\u00e1-Amistad.jpeg","keywords":["Argentina","Brasil","covid-19","frontera","MIC"],"articleSection":["Econom\u00eda"],"inLanguage":"es"},{"@type":"WebPage","@id":"https:\/\/www.ip.gov.py\/ip\/2021\/06\/16\/situacion-comercial-en-frontera-con-brasil-esta-bastante-fluida-informo-viceministro\/","url":"https:\/\/www.ip.gov.py\/ip\/2021\/06\/16\/situacion-comercial-en-frontera-con-brasil-esta-bastante-fluida-informo-viceministro\/","name":"Situaci\u00f3n comercial en frontera con Brasil est\u00e1 \u201cbastante fluida\u201d, inform\u00f3 viceministro - .::Agencia IP::.","isPartOf":{"@id":"https:\/\/www.ip.gov.py\/ip\/#website"},"primaryImageOfPage":{"@id":"https:\/\/www.ip.gov.py\/ip\/2021\/06\/16\/situacion-comercial-en-frontera-con-brasil-esta-bastante-fluida-informo-viceministro\/#primaryimage"},"image":{"@id":"https:\/\/www.ip.gov.py\/ip\/2021\/06\/16\/situacion-comercial-en-frontera-con-brasil-esta-bastante-fluida-informo-viceministro\/#primaryimage"},"thumbnailUrl":"https:\/\/www.ip.gov.py\/ip\/wp-content\/uploads\/2020\/10\/Puente-Alto-Paran\u00e1-Amistad.jpeg","datePublished":"2021-06-16T18:48:58+00:00","dateModified":"2021-06-16T19:03:52+00:00","breadcrumb":{"@id":"https:\/\/www.ip.gov.py\/ip\/2021\/06\/16\/situacion-comercial-en-frontera-con-brasil-esta-bastante-fluida-informo-viceministro\/#breadcrumb"},"inLanguage":"es","potentialAction":[{"@type":"ReadAction","target":["https:\/\/www.ip.gov.py\/ip\/2021\/06\/16\/situacion-comercial-en-frontera-con-brasil-esta-bastante-fluida-informo-viceministro\/"]}]},{"@type":"ImageObject","inLanguage":"es","@id":"https:\/\/www.ip.gov.py\/ip\/2021\/06\/16\/situacion-comercial-en-frontera-con-brasil-esta-bastante-fluida-informo-viceministro\/#primaryimage","url":"https:\/\/www.ip.gov.py\/ip\/wp-content\/uploads\/2020\/10\/Puente-Alto-Paran\u00e1-Amistad.jpeg","contentUrl":"https:\/\/www.ip.gov.py\/ip\/wp-content\/uploads\/2020\/10\/Puente-Alto-Paran\u00e1-Amistad.jpeg","width":810,"height":540,"caption":"Acceso a la zona de control migratorio en el Puente de la Amistad en Ciudad del Este."},{"@type":"BreadcrumbList","@id":"https:\/\/www.ip.gov.py\/ip\/2021\/06\/16\/situacion-comercial-en-frontera-con-brasil-esta-bastante-fluida-informo-viceministro\/#breadcrumb","itemListElement":[{"@type":"ListItem","position":1,"name":"Portada","item":"https:\/\/www.ip.gov.py\/ip\/"},{"@type":"ListItem","position":2,"name":"Situaci\u00f3n comercial en frontera con Brasil est\u00e1 \u201cbastante fluida\u201d, inform\u00f3 viceministro"}]},{"@type":"WebSite","@id":"https:\/\/www.ip.gov.py\/ip\/#website","url":"https:\/\/www.ip.gov.py\/ip\/","name":".::Agencia IP::.","description":"","publisher":{"@id":"https:\/\/www.ip.gov.py\/ip\/#organization"},"potentialAction":[{"@type":"SearchAction","target":{"@type":"EntryPoint","urlTemplate":"https:\/\/www.ip.gov.py\/ip\/?s={search_term_string}"},"query-input":{"@type":"PropertyValueSpecification","valueRequired":true,"valueName":"search_term_string"}}],"inLanguage":"es"},{"@type":"Organization","@id":"https:\/\/www.ip.gov.py\/ip\/#organization","name":"Agencia IP","url":"https:\/\/www.ip.gov.py\/ip\/","logo":{"@type":"ImageObject","inLanguage":"es","@id":"https:\/\/www.ip.gov.py\/ip\/#\/schema\/logo\/image\/","url":"https:\/\/www.ip.gov.py\/ip\/wp-content\/uploads\/2018\/01\/Agencia-IP.jpg","contentUrl":"https:\/\/www.ip.gov.py\/ip\/wp-content\/uploads\/2018\/01\/Agencia-IP.jpg","width":150,"height":150,"caption":"Agencia IP"},"image":{"@id":"https:\/\/www.ip.gov.py\/ip\/#\/schema\/logo\/image\/"},"sameAs":["https:\/\/www.facebook.com\/IPParaguay\/","https:\/\/x.com\/IPParaguay","https:\/\/www.instagram.com\/IPParaguay"]},{"@type":"Person","@id":"https:\/\/www.ip.gov.py\/ip\/#\/schema\/person\/80dabd959b84f4db18b2b1a238d83e30","name":"Veronica Gimenez","url":"https:\/\/www.ip.gov.py\/ip\/author\/vgimenez\/"}]}},"_links":{"self":[{"href":"https:\/\/www.ip.gov.py\/ip\/wp-json\/wp\/v2\/posts\/370242","targetHints":{"allow":["GET"]}}],"collection":[{"href":"https:\/\/www.ip.gov.py\/ip\/wp-json\/wp\/v2\/posts"}],"about":[{"href":"https:\/\/www.ip.gov.py\/ip\/wp-json\/wp\/v2\/types\/post"}],"author":[{"embeddable":true,"href":"https:\/\/www.ip.gov.py\/ip\/wp-json\/wp\/v2\/users\/31"}],"replies":[{"embeddable":true,"href":"https:\/\/www.ip.gov.py\/ip\/wp-json\/wp\/v2\/comments?post=370242"}],"version-history":[{"count":0,"href":"https:\/\/www.ip.gov.py\/ip\/wp-json\/wp\/v2\/posts\/370242\/revisions"}],"wp:featuredmedia":[{"embeddable":true,"href":"https:\/\/www.ip.gov.py\/ip\/wp-json\/wp\/v2\/media\/338255"}],"wp:attachment":[{"href":"https:\/\/www.ip.gov.py\/ip\/wp-json\/wp\/v2\/media?parent=370242"}],"wp:term":[{"taxonomy":"category","embeddable":true,"href":"https:\/\/www.ip.gov.py\/ip\/wp-json\/wp\/v2\/categories?post=370242"},{"taxonomy":"post_tag","embeddable":true,"href":"https:\/\/www.ip.gov.py\/ip\/wp-json\/wp\/v2\/tags?post=370242"}],"curies":[{"name":"wp","href":"https:\/\/api.w.org\/{rel}","templated":true}]}}