{"id":370994,"date":"2021-06-22T08:34:48","date_gmt":"2021-06-22T12:34:48","guid":{"rendered":"https:\/\/www.ip.gov.py\/ip\/?p=370994"},"modified":"2021-06-22T08:35:41","modified_gmt":"2021-06-22T12:35:41","slug":"jair-bolsonaro-insulto-a-una-periodista-que-le-pregunto-sobre-el-uso-de-la-mascarilla-sinverguenzas-prensa-de-mierda-canallas","status":"publish","type":"post","link":"https:\/\/www.ip.gov.py\/ip\/2021\/06\/22\/jair-bolsonaro-insulto-a-una-periodista-que-le-pregunto-sobre-el-uso-de-la-mascarilla-sinverguenzas-prensa-de-mierda-canallas\/","title":{"rendered":"Jair Bolsonaro insult\u00f3 a una periodista que le pregunt\u00f3 sobre el uso de la mascarilla"},"content":{"rendered":"<p style=\"text-align: justify;\"><em><strong>Brasilia.-<\/strong><\/em>El presidente brasile\u00f1o, Jair Bolsonaro, mand\u00f3 a callar a una periodista que lo interrogaba sobre su negativa a usar mascarilla y calific\u00f3 de \u201cmierda\u201d al Grupo Globo, el mayor conglomerado de medios del pa\u00eds.<!--more--><\/p>\n<p style=\"text-align: justify;\">El mandatario estaba irritado desde momentos antes cuando le pidieron un comentario sobre el umbral de 500 mil fallecidos por COVID que Brasil pas\u00f3 el s\u00e1bado. \u201dLamento todas las muertes\u201d, dijo claramente molesto Bolsonaro, quien hasta ahora no se hab\u00eda pronunciado sobre la fat\u00eddica marca, por una pandemia cuya gravedad ha negado desde el inicio y a\u00fan no reconoce. Pero estall\u00f3 cuando le recordaron que hab\u00eda sido multado por no usar mascarilla.<\/p>\n<p style=\"text-align: justify;\">\u201c\u00a1C\u00e1llate la boca! \u00a1Ustedes son unos canallas! Practican un periodismo canalla, que no ayuda en nada. \u00a1Ustedes destruyen la familia brasile\u00f1a, destruyen la religi\u00f3n brasile\u00f1a!\u201d, le espet\u00f3 a gritos Bolsonaro a la reportera a la salida de una ceremonia militar en Guaratinguet\u00e1, en el estado de Sao Paulo.<\/p>\n<p style=\"text-align: justify;\">La periodista de TV Vanguarda, una emisora de la red Globo, le recordaba los actos en los que convoc\u00f3 a aglomeraciones de sus simpatizantes sin mascarilla. Y cuando le hizo notar que hab\u00eda llegado a la ceremonia sin barbijo, Bolsonaro, ofuscado, respondi\u00f3: \u201cYo llego como quiero, cuando quiero. Dejen de ocuparse de mi vida\u201d.<\/p>\n<p style=\"text-align: justify;\">Acto seguido, se sac\u00f3 el tapabocas oscuro que llevaba en ese momento, y grit\u00f3: \u201cAhora pueden ponerlo en el Jornal Nacional [el popular telediario nocturno de Globo]: estoy sin m\u00e1scara en Guaratinguet\u00e1. \u00bfEst\u00e1s feliz ahora?\u201d.<\/p>\n<p style=\"text-align: justify;\">Desde que lleg\u00f3 al poder en enero de 2019, Bolsonaro atac\u00f3 en repetidas ocasiones a periodistas y a medios de prensa. \u201cGlobo es una prensa de mierda. Ustedes son una prensa de porquer\u00eda (&#8230;), si miras Globo, te desinformas. Tendr\u00edas que tener verg\u00fcenza de prestar un servicio puerco como ese\u201d, prosigui\u00f3. A su lado, la diputada oficialista Carla Zambelli, envalentonada por el reclamo del l\u00edder ultraderechista, tambi\u00e9n se retir\u00f3 su mascarilla.<\/p>\n<p style=\"text-align: justify;\">Bolsonaro, adem\u00e1s, se quej\u00f3 de que los medios de comunicaci\u00f3n \u201cno informan\u201d sobre lo que su Gobierno califica de \u201ctratamiento precoz\u201d contra el COVID-19, un c\u00f3ctel de medicamentos usado solo en Brasil y compuesto por remedios cuya eficacia frente al coronavirus no est\u00e1 comprobada, como la cloroquina.<\/p>\n<p style=\"text-align: justify;\">\u201cTratar de silenciar y atacar a la prensa es t\u00edpico de los fascistas y de la gente reacia a la democracia brasile\u00f1a\u201d, indicaron los miembros de la Comisi\u00f3n Investigadora del Senado que revisa el accionar del gobierno frente a la pandemia.<\/p>\n<p style=\"text-align: justify;\">Adem\u00e1s, expresaron su solidaridad con la periodista Laurene Santos, que fue \u201cobjeto de una reacci\u00f3n, cuando menos desproporcionada, por parte del Presidente de la Rep\u00fablica a una pregunta leg\u00edtimamente formulada\u201d. En ese sentido, marcaron que la \u201cagresi\u00f3n\u201d de Bolsonaro \u201cno solo fue a la periodista Laurene, sino a todos los brasile\u00f1os que anhelan una respuesta a la tragedia\u201d.<\/p>\n<p style=\"text-align: justify;\">En su Instagram, la periodista recibi\u00f3 varios mensajes de solidaridad de los internautas en sus \u00faltimas publicaciones. \u201cToda mi solidaridad. Fuiste valiente!\u201d, coment\u00f3 uno de sus seguidores. \u201cMis felicitaciones por tu profesionalismo de hoy. Tu altivez, tu valent\u00eda y tu calma marcan la diferencia y ayudan a iluminar el grave momento hist\u00f3rico que estamos viviendo. Siga adelante y siga avanzando. Viva el periodismo. Vamos juntos\u201d, escribi\u00f3 la colega Vera Magalhaes.<\/p>\n<p style=\"text-align: justify;\">El grupo tampoco Globo no tard\u00f3 en reaccionar. \u201cNo ser\u00e1 con gritos ni con intolerancia que el presidente impedir\u00e1 o inhibir\u00e1 el trabajo de la prensa en Brasil\u201d, indic\u00f3 en un comunicado.<\/p>\n<p style=\"text-align: justify;\">Bolsonaro tambi\u00e9n la emprendi\u00f3 contra CNN Brasil, acus\u00e1ndola de haber \u201celogiado\u201d las manifestaciones que el s\u00e1bado pasado congregaron a decenas de miles de personas para criticar la pol\u00edtica del gobierno ante la pandemia.<\/p>\n<p style=\"text-align: justify;\">Seg\u00fan el Ministerio de Salud, la soluci\u00f3n definitiva ser\u00e1 la vacunaci\u00f3n, pero el proceso avanza muy lentamente y hasta ahora s\u00f3lo poco m\u00e1s del 11 % de los 210 millones de brasile\u00f1os han recibido las dos dosis necesarias.<\/p>\n<p style=\"text-align: justify;\">Bolsonaro se opuso desde el inicio de la pandemia a las medidas de confinamiento, cuestion\u00f3 la eficacia de las vacunas y la utilidad de los barbijos y promovi\u00f3 medicamentos sin eficacia comprobada contra el covid.<\/p>\n<p style=\"text-align: justify;\">\u201cMientras yo sea presidente (&#8230;), vamos a luchar para que los ciudadanos tengan armas y no est\u00e9n obligados a usar mascarillas\u201d, dijo el jueves pasado, en su programa semanal en vivo.Infobae.<\/p>\n<p style=\"text-align: justify;\">\n","protected":false},"excerpt":{"rendered":"<p>Brasilia.-El presidente brasile\u00f1o, Jair Bolsonaro, mand\u00f3 a callar a una periodista que lo interrogaba sobre su negativa a usar mascarilla y calific\u00f3 de \u201cmierda\u201d al Grupo Globo, el mayor conglomerado de medios del pa\u00eds.<\/p>\n","protected":false},"author":11,"featured_media":370995,"comment_status":"closed","ping_status":"closed","sticky":false,"template":"","format":"standard","meta":{"_monsterinsights_skip_tracking":false,"_monsterinsights_sitenote_active":false,"_monsterinsights_sitenote_note":"","_monsterinsights_sitenote_category":0,"footnotes":""},"categories":[5],"tags":[3147,3270,335,7319,7318],"class_list":{"0":"post-370994","1":"post","2":"type-post","3":"status-publish","4":"format-standard","5":"has-post-thumbnail","7":"category-internacionales","8":"tag-ataque","9":"tag-bolsonaro","10":"tag-brasil","11":"tag-periodista","12":"tag-prensa"},"yoast_head":"<!-- This site is optimized with the Yoast SEO plugin v27.5 - https:\/\/yoast.com\/product\/yoast-seo-wordpress\/ -->\n<title>Jair Bolsonaro insult\u00f3 a una periodista que le pregunt\u00f3 sobre el uso de la mascarilla - .::Agencia IP::.<\/title>\n<meta name=\"robots\" content=\"index, follow, max-snippet:-1, max-image-preview:large, max-video-preview:-1\" \/>\n<link rel=\"canonical\" href=\"https:\/\/www.ip.gov.py\/ip\/2021\/06\/22\/jair-bolsonaro-insulto-a-una-periodista-que-le-pregunto-sobre-el-uso-de-la-mascarilla-sinverguenzas-prensa-de-mierda-canallas\/\" \/>\n<meta property=\"og:locale\" content=\"es_ES\" \/>\n<meta property=\"og:type\" content=\"article\" \/>\n<meta property=\"og:title\" content=\"Jair Bolsonaro insult\u00f3 a una periodista que le pregunt\u00f3 sobre el uso de la mascarilla - .::Agencia IP::.\" \/>\n<meta property=\"og:description\" content=\"Brasilia.-El presidente brasile\u00f1o, Jair Bolsonaro, mand\u00f3 a callar a una periodista que lo interrogaba sobre su negativa a usar mascarilla y calific\u00f3 de \u201cmierda\u201d al Grupo Globo, el mayor conglomerado de medios del pa\u00eds.\" \/>\n<meta property=\"og:url\" content=\"https:\/\/www.ip.gov.py\/ip\/2021\/06\/22\/jair-bolsonaro-insulto-a-una-periodista-que-le-pregunto-sobre-el-uso-de-la-mascarilla-sinverguenzas-prensa-de-mierda-canallas\/\" \/>\n<meta property=\"og:site_name\" content=\".::Agencia IP::.\" \/>\n<meta property=\"article:publisher\" content=\"https:\/\/www.facebook.com\/IPParaguay\/\" \/>\n<meta property=\"article:published_time\" content=\"2021-06-22T12:34:48+00:00\" \/>\n<meta property=\"article:modified_time\" content=\"2021-06-22T12:35:41+00:00\" \/>\n<meta property=\"og:image\" content=\"https:\/\/www.ip.gov.py\/ip\/wp-content\/uploads\/2021\/06\/Bolsonaro-1.jpg\" \/>\n\t<meta property=\"og:image:width\" content=\"950\" \/>\n\t<meta property=\"og:image:height\" content=\"534\" \/>\n\t<meta property=\"og:image:type\" content=\"image\/jpeg\" \/>\n<meta name=\"author\" content=\"vrios\" \/>\n<meta name=\"twitter:card\" content=\"summary_large_image\" \/>\n<meta name=\"twitter:creator\" content=\"@IPParaguay\" \/>\n<meta name=\"twitter:site\" content=\"@IPParaguay\" \/>\n<meta name=\"twitter:label1\" content=\"Escrito por\" \/>\n\t<meta name=\"twitter:data1\" content=\"vrios\" \/>\n\t<meta name=\"twitter:label2\" content=\"Tiempo de lectura\" \/>\n\t<meta name=\"twitter:data2\" content=\"4 minutos\" \/>\n<script type=\"application\/ld+json\" class=\"yoast-schema-graph\">{\"@context\":\"https:\\\/\\\/schema.org\",\"@graph\":[{\"@type\":\"Article\",\"@id\":\"https:\\\/\\\/www.ip.gov.py\\\/ip\\\/2021\\\/06\\\/22\\\/jair-bolsonaro-insulto-a-una-periodista-que-le-pregunto-sobre-el-uso-de-la-mascarilla-sinverguenzas-prensa-de-mierda-canallas\\\/#article\",\"isPartOf\":{\"@id\":\"https:\\\/\\\/www.ip.gov.py\\\/ip\\\/2021\\\/06\\\/22\\\/jair-bolsonaro-insulto-a-una-periodista-que-le-pregunto-sobre-el-uso-de-la-mascarilla-sinverguenzas-prensa-de-mierda-canallas\\\/\"},\"author\":{\"name\":\"vrios\",\"@id\":\"https:\\\/\\\/www.ip.gov.py\\\/ip\\\/#\\\/schema\\\/person\\\/fa3668852e893cb0423795330f919039\"},\"headline\":\"Jair Bolsonaro insult\u00f3 a una periodista que le pregunt\u00f3 sobre el uso de la mascarilla\",\"datePublished\":\"2021-06-22T12:34:48+00:00\",\"dateModified\":\"2021-06-22T12:35:41+00:00\",\"mainEntityOfPage\":{\"@id\":\"https:\\\/\\\/www.ip.gov.py\\\/ip\\\/2021\\\/06\\\/22\\\/jair-bolsonaro-insulto-a-una-periodista-que-le-pregunto-sobre-el-uso-de-la-mascarilla-sinverguenzas-prensa-de-mierda-canallas\\\/\"},\"wordCount\":754,\"publisher\":{\"@id\":\"https:\\\/\\\/www.ip.gov.py\\\/ip\\\/#organization\"},\"image\":{\"@id\":\"https:\\\/\\\/www.ip.gov.py\\\/ip\\\/2021\\\/06\\\/22\\\/jair-bolsonaro-insulto-a-una-periodista-que-le-pregunto-sobre-el-uso-de-la-mascarilla-sinverguenzas-prensa-de-mierda-canallas\\\/#primaryimage\"},\"thumbnailUrl\":\"https:\\\/\\\/www.ip.gov.py\\\/ip\\\/wp-content\\\/uploads\\\/2021\\\/06\\\/Bolsonaro-1.jpg\",\"keywords\":[\"ataque\",\"Bolsonaro\",\"Brasil\",\"Periodista\",\"Prensa\"],\"articleSection\":[\"Internacionales\"],\"inLanguage\":\"es\"},{\"@type\":\"WebPage\",\"@id\":\"https:\\\/\\\/www.ip.gov.py\\\/ip\\\/2021\\\/06\\\/22\\\/jair-bolsonaro-insulto-a-una-periodista-que-le-pregunto-sobre-el-uso-de-la-mascarilla-sinverguenzas-prensa-de-mierda-canallas\\\/\",\"url\":\"https:\\\/\\\/www.ip.gov.py\\\/ip\\\/2021\\\/06\\\/22\\\/jair-bolsonaro-insulto-a-una-periodista-que-le-pregunto-sobre-el-uso-de-la-mascarilla-sinverguenzas-prensa-de-mierda-canallas\\\/\",\"name\":\"Jair Bolsonaro insult\u00f3 a una periodista que le pregunt\u00f3 sobre el uso de la mascarilla - .::Agencia IP::.\",\"isPartOf\":{\"@id\":\"https:\\\/\\\/www.ip.gov.py\\\/ip\\\/#website\"},\"primaryImageOfPage\":{\"@id\":\"https:\\\/\\\/www.ip.gov.py\\\/ip\\\/2021\\\/06\\\/22\\\/jair-bolsonaro-insulto-a-una-periodista-que-le-pregunto-sobre-el-uso-de-la-mascarilla-sinverguenzas-prensa-de-mierda-canallas\\\/#primaryimage\"},\"image\":{\"@id\":\"https:\\\/\\\/www.ip.gov.py\\\/ip\\\/2021\\\/06\\\/22\\\/jair-bolsonaro-insulto-a-una-periodista-que-le-pregunto-sobre-el-uso-de-la-mascarilla-sinverguenzas-prensa-de-mierda-canallas\\\/#primaryimage\"},\"thumbnailUrl\":\"https:\\\/\\\/www.ip.gov.py\\\/ip\\\/wp-content\\\/uploads\\\/2021\\\/06\\\/Bolsonaro-1.jpg\",\"datePublished\":\"2021-06-22T12:34:48+00:00\",\"dateModified\":\"2021-06-22T12:35:41+00:00\",\"breadcrumb\":{\"@id\":\"https:\\\/\\\/www.ip.gov.py\\\/ip\\\/2021\\\/06\\\/22\\\/jair-bolsonaro-insulto-a-una-periodista-que-le-pregunto-sobre-el-uso-de-la-mascarilla-sinverguenzas-prensa-de-mierda-canallas\\\/#breadcrumb\"},\"inLanguage\":\"es\",\"potentialAction\":[{\"@type\":\"ReadAction\",\"target\":[\"https:\\\/\\\/www.ip.gov.py\\\/ip\\\/2021\\\/06\\\/22\\\/jair-bolsonaro-insulto-a-una-periodista-que-le-pregunto-sobre-el-uso-de-la-mascarilla-sinverguenzas-prensa-de-mierda-canallas\\\/\"]}]},{\"@type\":\"ImageObject\",\"inLanguage\":\"es\",\"@id\":\"https:\\\/\\\/www.ip.gov.py\\\/ip\\\/2021\\\/06\\\/22\\\/jair-bolsonaro-insulto-a-una-periodista-que-le-pregunto-sobre-el-uso-de-la-mascarilla-sinverguenzas-prensa-de-mierda-canallas\\\/#primaryimage\",\"url\":\"https:\\\/\\\/www.ip.gov.py\\\/ip\\\/wp-content\\\/uploads\\\/2021\\\/06\\\/Bolsonaro-1.jpg\",\"contentUrl\":\"https:\\\/\\\/www.ip.gov.py\\\/ip\\\/wp-content\\\/uploads\\\/2021\\\/06\\\/Bolsonaro-1.jpg\",\"width\":950,\"height\":534,\"caption\":\"Perfil\"},{\"@type\":\"BreadcrumbList\",\"@id\":\"https:\\\/\\\/www.ip.gov.py\\\/ip\\\/2021\\\/06\\\/22\\\/jair-bolsonaro-insulto-a-una-periodista-que-le-pregunto-sobre-el-uso-de-la-mascarilla-sinverguenzas-prensa-de-mierda-canallas\\\/#breadcrumb\",\"itemListElement\":[{\"@type\":\"ListItem\",\"position\":1,\"name\":\"Portada\",\"item\":\"https:\\\/\\\/www.ip.gov.py\\\/ip\\\/\"},{\"@type\":\"ListItem\",\"position\":2,\"name\":\"Jair Bolsonaro insult\u00f3 a una periodista que le pregunt\u00f3 sobre el uso de la mascarilla\"}]},{\"@type\":\"WebSite\",\"@id\":\"https:\\\/\\\/www.ip.gov.py\\\/ip\\\/#website\",\"url\":\"https:\\\/\\\/www.ip.gov.py\\\/ip\\\/\",\"name\":\".::Agencia IP::.\",\"description\":\"\",\"publisher\":{\"@id\":\"https:\\\/\\\/www.ip.gov.py\\\/ip\\\/#organization\"},\"potentialAction\":[{\"@type\":\"SearchAction\",\"target\":{\"@type\":\"EntryPoint\",\"urlTemplate\":\"https:\\\/\\\/www.ip.gov.py\\\/ip\\\/?s={search_term_string}\"},\"query-input\":{\"@type\":\"PropertyValueSpecification\",\"valueRequired\":true,\"valueName\":\"search_term_string\"}}],\"inLanguage\":\"es\"},{\"@type\":\"Organization\",\"@id\":\"https:\\\/\\\/www.ip.gov.py\\\/ip\\\/#organization\",\"name\":\"Agencia IP\",\"url\":\"https:\\\/\\\/www.ip.gov.py\\\/ip\\\/\",\"logo\":{\"@type\":\"ImageObject\",\"inLanguage\":\"es\",\"@id\":\"https:\\\/\\\/www.ip.gov.py\\\/ip\\\/#\\\/schema\\\/logo\\\/image\\\/\",\"url\":\"https:\\\/\\\/www.ip.gov.py\\\/ip\\\/wp-content\\\/uploads\\\/2018\\\/01\\\/Agencia-IP.jpg\",\"contentUrl\":\"https:\\\/\\\/www.ip.gov.py\\\/ip\\\/wp-content\\\/uploads\\\/2018\\\/01\\\/Agencia-IP.jpg\",\"width\":150,\"height\":150,\"caption\":\"Agencia IP\"},\"image\":{\"@id\":\"https:\\\/\\\/www.ip.gov.py\\\/ip\\\/#\\\/schema\\\/logo\\\/image\\\/\"},\"sameAs\":[\"https:\\\/\\\/www.facebook.com\\\/IPParaguay\\\/\",\"https:\\\/\\\/x.com\\\/IPParaguay\",\"https:\\\/\\\/www.instagram.com\\\/IPParaguay\"]},{\"@type\":\"Person\",\"@id\":\"https:\\\/\\\/www.ip.gov.py\\\/ip\\\/#\\\/schema\\\/person\\\/fa3668852e893cb0423795330f919039\",\"name\":\"vrios\",\"url\":\"https:\\\/\\\/www.ip.gov.py\\\/ip\\\/author\\\/vrios\\\/\"}]}<\/script>\n<!-- \/ Yoast SEO plugin. -->","yoast_head_json":{"title":"Jair Bolsonaro insult\u00f3 a una periodista que le pregunt\u00f3 sobre el uso de la mascarilla - .::Agencia IP::.","robots":{"index":"index","follow":"follow","max-snippet":"max-snippet:-1","max-image-preview":"max-image-preview:large","max-video-preview":"max-video-preview:-1"},"canonical":"https:\/\/www.ip.gov.py\/ip\/2021\/06\/22\/jair-bolsonaro-insulto-a-una-periodista-que-le-pregunto-sobre-el-uso-de-la-mascarilla-sinverguenzas-prensa-de-mierda-canallas\/","og_locale":"es_ES","og_type":"article","og_title":"Jair Bolsonaro insult\u00f3 a una periodista que le pregunt\u00f3 sobre el uso de la mascarilla - .::Agencia IP::.","og_description":"Brasilia.-El presidente brasile\u00f1o, Jair Bolsonaro, mand\u00f3 a callar a una periodista que lo interrogaba sobre su negativa a usar mascarilla y calific\u00f3 de \u201cmierda\u201d al Grupo Globo, el mayor conglomerado de medios del pa\u00eds.","og_url":"https:\/\/www.ip.gov.py\/ip\/2021\/06\/22\/jair-bolsonaro-insulto-a-una-periodista-que-le-pregunto-sobre-el-uso-de-la-mascarilla-sinverguenzas-prensa-de-mierda-canallas\/","og_site_name":".::Agencia IP::.","article_publisher":"https:\/\/www.facebook.com\/IPParaguay\/","article_published_time":"2021-06-22T12:34:48+00:00","article_modified_time":"2021-06-22T12:35:41+00:00","og_image":[{"width":950,"height":534,"url":"https:\/\/www.ip.gov.py\/ip\/wp-content\/uploads\/2021\/06\/Bolsonaro-1.jpg","type":"image\/jpeg"}],"author":"vrios","twitter_card":"summary_large_image","twitter_creator":"@IPParaguay","twitter_site":"@IPParaguay","twitter_misc":{"Escrito por":"vrios","Tiempo de lectura":"4 minutos"},"schema":{"@context":"https:\/\/schema.org","@graph":[{"@type":"Article","@id":"https:\/\/www.ip.gov.py\/ip\/2021\/06\/22\/jair-bolsonaro-insulto-a-una-periodista-que-le-pregunto-sobre-el-uso-de-la-mascarilla-sinverguenzas-prensa-de-mierda-canallas\/#article","isPartOf":{"@id":"https:\/\/www.ip.gov.py\/ip\/2021\/06\/22\/jair-bolsonaro-insulto-a-una-periodista-que-le-pregunto-sobre-el-uso-de-la-mascarilla-sinverguenzas-prensa-de-mierda-canallas\/"},"author":{"name":"vrios","@id":"https:\/\/www.ip.gov.py\/ip\/#\/schema\/person\/fa3668852e893cb0423795330f919039"},"headline":"Jair Bolsonaro insult\u00f3 a una periodista que le pregunt\u00f3 sobre el uso de la mascarilla","datePublished":"2021-06-22T12:34:48+00:00","dateModified":"2021-06-22T12:35:41+00:00","mainEntityOfPage":{"@id":"https:\/\/www.ip.gov.py\/ip\/2021\/06\/22\/jair-bolsonaro-insulto-a-una-periodista-que-le-pregunto-sobre-el-uso-de-la-mascarilla-sinverguenzas-prensa-de-mierda-canallas\/"},"wordCount":754,"publisher":{"@id":"https:\/\/www.ip.gov.py\/ip\/#organization"},"image":{"@id":"https:\/\/www.ip.gov.py\/ip\/2021\/06\/22\/jair-bolsonaro-insulto-a-una-periodista-que-le-pregunto-sobre-el-uso-de-la-mascarilla-sinverguenzas-prensa-de-mierda-canallas\/#primaryimage"},"thumbnailUrl":"https:\/\/www.ip.gov.py\/ip\/wp-content\/uploads\/2021\/06\/Bolsonaro-1.jpg","keywords":["ataque","Bolsonaro","Brasil","Periodista","Prensa"],"articleSection":["Internacionales"],"inLanguage":"es"},{"@type":"WebPage","@id":"https:\/\/www.ip.gov.py\/ip\/2021\/06\/22\/jair-bolsonaro-insulto-a-una-periodista-que-le-pregunto-sobre-el-uso-de-la-mascarilla-sinverguenzas-prensa-de-mierda-canallas\/","url":"https:\/\/www.ip.gov.py\/ip\/2021\/06\/22\/jair-bolsonaro-insulto-a-una-periodista-que-le-pregunto-sobre-el-uso-de-la-mascarilla-sinverguenzas-prensa-de-mierda-canallas\/","name":"Jair Bolsonaro insult\u00f3 a una periodista que le pregunt\u00f3 sobre el uso de la mascarilla - .::Agencia IP::.","isPartOf":{"@id":"https:\/\/www.ip.gov.py\/ip\/#website"},"primaryImageOfPage":{"@id":"https:\/\/www.ip.gov.py\/ip\/2021\/06\/22\/jair-bolsonaro-insulto-a-una-periodista-que-le-pregunto-sobre-el-uso-de-la-mascarilla-sinverguenzas-prensa-de-mierda-canallas\/#primaryimage"},"image":{"@id":"https:\/\/www.ip.gov.py\/ip\/2021\/06\/22\/jair-bolsonaro-insulto-a-una-periodista-que-le-pregunto-sobre-el-uso-de-la-mascarilla-sinverguenzas-prensa-de-mierda-canallas\/#primaryimage"},"thumbnailUrl":"https:\/\/www.ip.gov.py\/ip\/wp-content\/uploads\/2021\/06\/Bolsonaro-1.jpg","datePublished":"2021-06-22T12:34:48+00:00","dateModified":"2021-06-22T12:35:41+00:00","breadcrumb":{"@id":"https:\/\/www.ip.gov.py\/ip\/2021\/06\/22\/jair-bolsonaro-insulto-a-una-periodista-que-le-pregunto-sobre-el-uso-de-la-mascarilla-sinverguenzas-prensa-de-mierda-canallas\/#breadcrumb"},"inLanguage":"es","potentialAction":[{"@type":"ReadAction","target":["https:\/\/www.ip.gov.py\/ip\/2021\/06\/22\/jair-bolsonaro-insulto-a-una-periodista-que-le-pregunto-sobre-el-uso-de-la-mascarilla-sinverguenzas-prensa-de-mierda-canallas\/"]}]},{"@type":"ImageObject","inLanguage":"es","@id":"https:\/\/www.ip.gov.py\/ip\/2021\/06\/22\/jair-bolsonaro-insulto-a-una-periodista-que-le-pregunto-sobre-el-uso-de-la-mascarilla-sinverguenzas-prensa-de-mierda-canallas\/#primaryimage","url":"https:\/\/www.ip.gov.py\/ip\/wp-content\/uploads\/2021\/06\/Bolsonaro-1.jpg","contentUrl":"https:\/\/www.ip.gov.py\/ip\/wp-content\/uploads\/2021\/06\/Bolsonaro-1.jpg","width":950,"height":534,"caption":"Perfil"},{"@type":"BreadcrumbList","@id":"https:\/\/www.ip.gov.py\/ip\/2021\/06\/22\/jair-bolsonaro-insulto-a-una-periodista-que-le-pregunto-sobre-el-uso-de-la-mascarilla-sinverguenzas-prensa-de-mierda-canallas\/#breadcrumb","itemListElement":[{"@type":"ListItem","position":1,"name":"Portada","item":"https:\/\/www.ip.gov.py\/ip\/"},{"@type":"ListItem","position":2,"name":"Jair Bolsonaro insult\u00f3 a una periodista que le pregunt\u00f3 sobre el uso de la mascarilla"}]},{"@type":"WebSite","@id":"https:\/\/www.ip.gov.py\/ip\/#website","url":"https:\/\/www.ip.gov.py\/ip\/","name":".::Agencia IP::.","description":"","publisher":{"@id":"https:\/\/www.ip.gov.py\/ip\/#organization"},"potentialAction":[{"@type":"SearchAction","target":{"@type":"EntryPoint","urlTemplate":"https:\/\/www.ip.gov.py\/ip\/?s={search_term_string}"},"query-input":{"@type":"PropertyValueSpecification","valueRequired":true,"valueName":"search_term_string"}}],"inLanguage":"es"},{"@type":"Organization","@id":"https:\/\/www.ip.gov.py\/ip\/#organization","name":"Agencia IP","url":"https:\/\/www.ip.gov.py\/ip\/","logo":{"@type":"ImageObject","inLanguage":"es","@id":"https:\/\/www.ip.gov.py\/ip\/#\/schema\/logo\/image\/","url":"https:\/\/www.ip.gov.py\/ip\/wp-content\/uploads\/2018\/01\/Agencia-IP.jpg","contentUrl":"https:\/\/www.ip.gov.py\/ip\/wp-content\/uploads\/2018\/01\/Agencia-IP.jpg","width":150,"height":150,"caption":"Agencia IP"},"image":{"@id":"https:\/\/www.ip.gov.py\/ip\/#\/schema\/logo\/image\/"},"sameAs":["https:\/\/www.facebook.com\/IPParaguay\/","https:\/\/x.com\/IPParaguay","https:\/\/www.instagram.com\/IPParaguay"]},{"@type":"Person","@id":"https:\/\/www.ip.gov.py\/ip\/#\/schema\/person\/fa3668852e893cb0423795330f919039","name":"vrios","url":"https:\/\/www.ip.gov.py\/ip\/author\/vrios\/"}]}},"_links":{"self":[{"href":"https:\/\/www.ip.gov.py\/ip\/wp-json\/wp\/v2\/posts\/370994","targetHints":{"allow":["GET"]}}],"collection":[{"href":"https:\/\/www.ip.gov.py\/ip\/wp-json\/wp\/v2\/posts"}],"about":[{"href":"https:\/\/www.ip.gov.py\/ip\/wp-json\/wp\/v2\/types\/post"}],"author":[{"embeddable":true,"href":"https:\/\/www.ip.gov.py\/ip\/wp-json\/wp\/v2\/users\/11"}],"replies":[{"embeddable":true,"href":"https:\/\/www.ip.gov.py\/ip\/wp-json\/wp\/v2\/comments?post=370994"}],"version-history":[{"count":0,"href":"https:\/\/www.ip.gov.py\/ip\/wp-json\/wp\/v2\/posts\/370994\/revisions"}],"wp:featuredmedia":[{"embeddable":true,"href":"https:\/\/www.ip.gov.py\/ip\/wp-json\/wp\/v2\/media\/370995"}],"wp:attachment":[{"href":"https:\/\/www.ip.gov.py\/ip\/wp-json\/wp\/v2\/media?parent=370994"}],"wp:term":[{"taxonomy":"category","embeddable":true,"href":"https:\/\/www.ip.gov.py\/ip\/wp-json\/wp\/v2\/categories?post=370994"},{"taxonomy":"post_tag","embeddable":true,"href":"https:\/\/www.ip.gov.py\/ip\/wp-json\/wp\/v2\/tags?post=370994"}],"curies":[{"name":"wp","href":"https:\/\/api.w.org\/{rel}","templated":true}]}}