{"id":371188,"date":"2021-06-23T08:07:06","date_gmt":"2021-06-23T12:07:06","guid":{"rendered":"https:\/\/www.ip.gov.py\/ip\/?p=371188"},"modified":"2021-06-23T08:09:03","modified_gmt":"2021-06-23T12:09:03","slug":"liberaron-a-los-nueve-separatistas-catalanes-indultados-por-el-gobierno-espanol","status":"publish","type":"post","link":"https:\/\/www.ip.gov.py\/ip\/2021\/06\/23\/liberaron-a-los-nueve-separatistas-catalanes-indultados-por-el-gobierno-espanol\/","title":{"rendered":"Liberaron a los nueve separatistas catalanes indultados por el Gobierno espa\u00f1ol"},"content":{"rendered":"<p style=\"text-align: justify;\"><em><strong>Madrid.-<\/strong><\/em>Los nueve l\u00edderes separatistas catalanes indultados el martes por el Gobierno espa\u00f1ol salieron este mi\u00e9rcoles de prisi\u00f3n, tras permanecer encarcelados m\u00e1s de tres a\u00f1os por el intento fallido de secesi\u00f3n de 2017.<!--more--><\/p>\n<p style=\"text-align: justify;\">Bajo un cielo lluvioso, los indultados salieron de la c\u00e1rcel de Lledoners, a unos 70 kil\u00f3metros al noroeste de Barcelona, donde fueron recibidos por un centenar de simpatizantes a gritos de \u00ab\u00a1independencia!\u00bb y por el presidente regional catal\u00e1n, Pere Aragon\u00e8s, que los abraz\u00f3 uno a uno, consign\u00f3 la agencia de noticias AFP.<\/p>\n<p style=\"text-align: justify;\">Entre los liberados est\u00e1 el compa\u00f1ero de partido de Aragon\u00e8s y exvicepresidente catal\u00e1n Oriol Junqueras, condenado a 13 a\u00f1os de c\u00e1rcel y a otros 13 de inhabilitaci\u00f3n por sedici\u00f3n y malversaci\u00f3n de fondos p\u00fablicos.<\/p>\n<p style=\"text-align: justify;\">Junto a \u00e9l tambi\u00e9n fueron liberados Jordi S\u00e1nchez y Jordi Cuixart, l\u00edderes en aquel momento de dos potentes asociaciones que abarrotaron las calles de manifestantes en favor de la independencia de esta regi\u00f3n espa\u00f1ola. Ambos fueron los primeros en ingresar en prisi\u00f3n, el 16 de octubre de 2017.<\/p>\n<p style=\"text-align: justify;\">La expresidenta del Parlamento catal\u00e1n Carme Forcadell fue a su vez liberada de la prisi\u00f3n para mujeres donde se encontraba, en Barcelona.<\/p>\n<p style=\"text-align: justify;\">\u00abEs un d\u00eda de alegr\u00eda\u00bb, dijo Forcadell, y a\u00f1adi\u00f3: \u00abUtilicemos esta peque\u00f1a victoria para nuestra gran victoria: la amnist\u00eda, la autodeterminaci\u00f3n y la rep\u00fablica catalana\u00bb.<\/p>\n<p style=\"text-align: justify;\">\u00abEstoy aqu\u00ed porque el sacrificio que han hecho ellos por Catalu\u00f1a y por todos nosotros ha sido muy grande. Es una manera de darles las gracias\u00bb, dijo a AFP Ignasi Sol\u00e9, un mec\u00e1nico jubilado que recorri\u00f3 casi 100 kil\u00f3metros hasta Lledoners y promete seguir movilizado hasta \u00abllegar a la independencia\u00bb.<\/p>\n<p style=\"text-align: justify;\">Una medida muy criticada por la oposici\u00f3n de derecha, y con la que el ejecutivo liderado por el socialista Pedro S\u00e1nchez quiere promover el \u00abdi\u00e1logo\u00bb y la \u00abconcordia\u00bb en Catalu\u00f1a, donde los separatistas han venido denunciando sistem\u00e1ticamente el encarcelamiento de sus l\u00edderes por considerarlos \u00abpresos pol\u00edticos\u00bb.<\/p>\n<p style=\"text-align: justify;\">\u00abLa generosidad y el respeto son el camino que hemos elegido. Y esperamos que esos cientos de miles de catalanes y catalanas a los que representan los pol\u00edticos indultados elijan tambi\u00e9n esta misma senda\u00bb, escribi\u00f3 Pedro S\u00e1nchez en una columna que publica este mi\u00e9rcoles el diario El Pa\u00eds.<\/p>\n<p style=\"text-align: justify;\">\u00abCuanto antes seamos capaces de superar la divisi\u00f3n, antes podremos dedicar toda nuestra energ\u00eda pol\u00edtica a mejorar la vida real de la ciudadan\u00eda\u00bb, a\u00f1adi\u00f3 el dirigente socialista, que despu\u00e9s del verano prev\u00e9 reanudar una mesa de negociaci\u00f3n con el gobierno catal\u00e1n, en donde los independentistas quieren incluir a Junqueras.<\/p>\n<p style=\"text-align: justify;\">Los indultos concedidos son parciales, lo que significa que aunque a los nueve se les conmutan los a\u00f1os de c\u00e1rcel pendientes de cumplir, se les mantiene la inhabilitaci\u00f3n para ejercer cargos p\u00fablicos.<\/p>\n<p style=\"text-align: justify;\">Adem\u00e1s, los indultos se revocar\u00e1n si cometen delitos graves en un per\u00edodo de entre tres y seis a\u00f1os, seg\u00fan los casos.<\/p>\n<p style=\"text-align: justify;\">Los secesionistas exig\u00edan una amnist\u00eda, que habr\u00eda implicado un borrado de los delitos cometidos, una medida que para el Gobierno espa\u00f1ol era inasumible en un r\u00e9gimen democr\u00e1tico.<\/p>\n<p style=\"text-align: justify;\">En el Congreso, el l\u00edder de la oposici\u00f3n conservadora, Pablo Casado, del Partido Popular, aprovech\u00f3 este mio\u00e9rcoles la sesi\u00f3n de control al gobierno para atacar de nuevo con contundencia este gesto para con el independentismo, de cuyo apoyo depende el ejecutivo minoritario de Pedro S\u00e1nchez en la C\u00e1mara baja.<\/p>\n<p style=\"text-align: justify;\">\u00abUsted ha quemado las naves y se ha pasado a la orilla del nacionalismo que aborrece Espa\u00f1a. Se ha colocado en el lado equivocado de la historia, que no le absolver\u00e1\u00bb, le espet\u00f3 Casado a S\u00e1nchez.<\/p>\n<p style=\"text-align: justify;\">El intento de secesi\u00f3n fue la mayor crisis pol\u00edtica en Espa\u00f1a en 40 a\u00f1os, y tuvo como momentos fuertes la celebraci\u00f3n de un referendo ilegal de autodeterminaci\u00f3n el 1 de octubre de 2017, y la proclamaci\u00f3n unilateral de independencia en el Parlamento catal\u00e1n el 27 de ese mes, que no fue reconocida por ning\u00fan pa\u00eds.<\/p>\n<p style=\"text-align: justify;\">El entonces presidente catal\u00e1n y ahora eurodiputado Carles Puigdemont huy\u00f3 a B\u00e9lgica horas despu\u00e9s de la proclamaci\u00f3n unilateral y su causa judicial sigue abierta en Espa\u00f1a, adonde no ha regresado desde entonces.T\u00e9lam.<\/p>\n","protected":false},"excerpt":{"rendered":"<p>Madrid.-Los nueve l\u00edderes separatistas catalanes indultados el martes por el Gobierno espa\u00f1ol salieron este mi\u00e9rcoles de prisi\u00f3n, tras permanecer encarcelados m\u00e1s de tres a\u00f1os por el intento fallido de secesi\u00f3n de 2017.<\/p>\n","protected":false},"author":11,"featured_media":371191,"comment_status":"closed","ping_status":"closed","sticky":false,"template":"","format":"standard","meta":{"_monsterinsights_skip_tracking":false,"_monsterinsights_sitenote_active":false,"_monsterinsights_sitenote_note":"","_monsterinsights_sitenote_category":0,"footnotes":""},"categories":[5],"tags":[7332,486,142,5695,7324],"class_list":{"0":"post-371188","1":"post","2":"type-post","3":"status-publish","4":"format-standard","5":"has-post-thumbnail","7":"category-internacionales","9":"tag-espana","10":"tag-gobierno","11":"tag-liberacion","12":"tag-presos"},"yoast_head":"<!-- This site is optimized with the Yoast SEO plugin v27.4 - https:\/\/yoast.com\/product\/yoast-seo-wordpress\/ -->\n<title>Liberaron a los nueve separatistas catalanes indultados por el Gobierno espa\u00f1ol - .::Agencia IP::.<\/title>\n<meta name=\"robots\" content=\"index, follow, max-snippet:-1, max-image-preview:large, max-video-preview:-1\" \/>\n<link rel=\"canonical\" href=\"https:\/\/www.ip.gov.py\/ip\/2021\/06\/23\/liberaron-a-los-nueve-separatistas-catalanes-indultados-por-el-gobierno-espanol\/\" \/>\n<meta property=\"og:locale\" content=\"es_ES\" \/>\n<meta property=\"og:type\" content=\"article\" \/>\n<meta property=\"og:title\" content=\"Liberaron a los nueve separatistas catalanes indultados por el Gobierno espa\u00f1ol - .::Agencia IP::.\" \/>\n<meta property=\"og:description\" content=\"Madrid.-Los nueve l\u00edderes separatistas catalanes indultados el martes por el Gobierno espa\u00f1ol salieron este mi\u00e9rcoles de prisi\u00f3n, tras permanecer encarcelados m\u00e1s de tres a\u00f1os por el intento fallido de secesi\u00f3n de 2017.\" \/>\n<meta property=\"og:url\" content=\"https:\/\/www.ip.gov.py\/ip\/2021\/06\/23\/liberaron-a-los-nueve-separatistas-catalanes-indultados-por-el-gobierno-espanol\/\" \/>\n<meta property=\"og:site_name\" content=\".::Agencia IP::.\" \/>\n<meta property=\"article:publisher\" content=\"https:\/\/www.facebook.com\/IPParaguay\/\" \/>\n<meta property=\"article:published_time\" content=\"2021-06-23T12:07:06+00:00\" \/>\n<meta property=\"article:modified_time\" content=\"2021-06-23T12:09:03+00:00\" \/>\n<meta property=\"og:image\" content=\"https:\/\/www.ip.gov.py\/ip\/wp-content\/uploads\/2021\/06\/Espa\u00f1a-5.jpg\" \/>\n\t<meta property=\"og:image:width\" content=\"643\" \/>\n\t<meta property=\"og:image:height\" content=\"362\" \/>\n\t<meta property=\"og:image:type\" content=\"image\/jpeg\" \/>\n<meta name=\"author\" content=\"vrios\" \/>\n<meta name=\"twitter:card\" content=\"summary_large_image\" \/>\n<meta name=\"twitter:creator\" content=\"@IPParaguay\" \/>\n<meta name=\"twitter:site\" content=\"@IPParaguay\" \/>\n<meta name=\"twitter:label1\" content=\"Escrito por\" \/>\n\t<meta name=\"twitter:data1\" content=\"vrios\" \/>\n\t<meta name=\"twitter:label2\" content=\"Tiempo de lectura\" \/>\n\t<meta name=\"twitter:data2\" content=\"4 minutos\" \/>\n<script type=\"application\/ld+json\" class=\"yoast-schema-graph\">{\"@context\":\"https:\\\/\\\/schema.org\",\"@graph\":[{\"@type\":\"Article\",\"@id\":\"https:\\\/\\\/www.ip.gov.py\\\/ip\\\/2021\\\/06\\\/23\\\/liberaron-a-los-nueve-separatistas-catalanes-indultados-por-el-gobierno-espanol\\\/#article\",\"isPartOf\":{\"@id\":\"https:\\\/\\\/www.ip.gov.py\\\/ip\\\/2021\\\/06\\\/23\\\/liberaron-a-los-nueve-separatistas-catalanes-indultados-por-el-gobierno-espanol\\\/\"},\"author\":{\"name\":\"vrios\",\"@id\":\"https:\\\/\\\/www.ip.gov.py\\\/ip\\\/#\\\/schema\\\/person\\\/fa3668852e893cb0423795330f919039\"},\"headline\":\"Liberaron a los nueve separatistas catalanes indultados por el Gobierno espa\u00f1ol\",\"datePublished\":\"2021-06-23T12:07:06+00:00\",\"dateModified\":\"2021-06-23T12:09:03+00:00\",\"mainEntityOfPage\":{\"@id\":\"https:\\\/\\\/www.ip.gov.py\\\/ip\\\/2021\\\/06\\\/23\\\/liberaron-a-los-nueve-separatistas-catalanes-indultados-por-el-gobierno-espanol\\\/\"},\"wordCount\":759,\"publisher\":{\"@id\":\"https:\\\/\\\/www.ip.gov.py\\\/ip\\\/#organization\"},\"image\":{\"@id\":\"https:\\\/\\\/www.ip.gov.py\\\/ip\\\/2021\\\/06\\\/23\\\/liberaron-a-los-nueve-separatistas-catalanes-indultados-por-el-gobierno-espanol\\\/#primaryimage\"},\"thumbnailUrl\":\"https:\\\/\\\/www.ip.gov.py\\\/ip\\\/wp-content\\\/uploads\\\/2021\\\/06\\\/Espa\u00f1a-5.jpg\",\"keywords\":[\"Catalanes\",\"Espa\u00f1a\",\"Gobierno\",\"Liberaci\u00f3n\",\"Presos\"],\"articleSection\":[\"Internacionales\"],\"inLanguage\":\"es\"},{\"@type\":\"WebPage\",\"@id\":\"https:\\\/\\\/www.ip.gov.py\\\/ip\\\/2021\\\/06\\\/23\\\/liberaron-a-los-nueve-separatistas-catalanes-indultados-por-el-gobierno-espanol\\\/\",\"url\":\"https:\\\/\\\/www.ip.gov.py\\\/ip\\\/2021\\\/06\\\/23\\\/liberaron-a-los-nueve-separatistas-catalanes-indultados-por-el-gobierno-espanol\\\/\",\"name\":\"Liberaron a los nueve separatistas catalanes indultados por el Gobierno espa\u00f1ol - .::Agencia IP::.\",\"isPartOf\":{\"@id\":\"https:\\\/\\\/www.ip.gov.py\\\/ip\\\/#website\"},\"primaryImageOfPage\":{\"@id\":\"https:\\\/\\\/www.ip.gov.py\\\/ip\\\/2021\\\/06\\\/23\\\/liberaron-a-los-nueve-separatistas-catalanes-indultados-por-el-gobierno-espanol\\\/#primaryimage\"},\"image\":{\"@id\":\"https:\\\/\\\/www.ip.gov.py\\\/ip\\\/2021\\\/06\\\/23\\\/liberaron-a-los-nueve-separatistas-catalanes-indultados-por-el-gobierno-espanol\\\/#primaryimage\"},\"thumbnailUrl\":\"https:\\\/\\\/www.ip.gov.py\\\/ip\\\/wp-content\\\/uploads\\\/2021\\\/06\\\/Espa\u00f1a-5.jpg\",\"datePublished\":\"2021-06-23T12:07:06+00:00\",\"dateModified\":\"2021-06-23T12:09:03+00:00\",\"breadcrumb\":{\"@id\":\"https:\\\/\\\/www.ip.gov.py\\\/ip\\\/2021\\\/06\\\/23\\\/liberaron-a-los-nueve-separatistas-catalanes-indultados-por-el-gobierno-espanol\\\/#breadcrumb\"},\"inLanguage\":\"es\",\"potentialAction\":[{\"@type\":\"ReadAction\",\"target\":[\"https:\\\/\\\/www.ip.gov.py\\\/ip\\\/2021\\\/06\\\/23\\\/liberaron-a-los-nueve-separatistas-catalanes-indultados-por-el-gobierno-espanol\\\/\"]}]},{\"@type\":\"ImageObject\",\"inLanguage\":\"es\",\"@id\":\"https:\\\/\\\/www.ip.gov.py\\\/ip\\\/2021\\\/06\\\/23\\\/liberaron-a-los-nueve-separatistas-catalanes-indultados-por-el-gobierno-espanol\\\/#primaryimage\",\"url\":\"https:\\\/\\\/www.ip.gov.py\\\/ip\\\/wp-content\\\/uploads\\\/2021\\\/06\\\/Espa\u00f1a-5.jpg\",\"contentUrl\":\"https:\\\/\\\/www.ip.gov.py\\\/ip\\\/wp-content\\\/uploads\\\/2021\\\/06\\\/Espa\u00f1a-5.jpg\",\"width\":643,\"height\":362,\"caption\":\"T\u00e9lam\"},{\"@type\":\"BreadcrumbList\",\"@id\":\"https:\\\/\\\/www.ip.gov.py\\\/ip\\\/2021\\\/06\\\/23\\\/liberaron-a-los-nueve-separatistas-catalanes-indultados-por-el-gobierno-espanol\\\/#breadcrumb\",\"itemListElement\":[{\"@type\":\"ListItem\",\"position\":1,\"name\":\"Portada\",\"item\":\"https:\\\/\\\/www.ip.gov.py\\\/ip\\\/\"},{\"@type\":\"ListItem\",\"position\":2,\"name\":\"Liberaron a los nueve separatistas catalanes indultados por el Gobierno espa\u00f1ol\"}]},{\"@type\":\"WebSite\",\"@id\":\"https:\\\/\\\/www.ip.gov.py\\\/ip\\\/#website\",\"url\":\"https:\\\/\\\/www.ip.gov.py\\\/ip\\\/\",\"name\":\".::Agencia IP::.\",\"description\":\"\",\"publisher\":{\"@id\":\"https:\\\/\\\/www.ip.gov.py\\\/ip\\\/#organization\"},\"potentialAction\":[{\"@type\":\"SearchAction\",\"target\":{\"@type\":\"EntryPoint\",\"urlTemplate\":\"https:\\\/\\\/www.ip.gov.py\\\/ip\\\/?s={search_term_string}\"},\"query-input\":{\"@type\":\"PropertyValueSpecification\",\"valueRequired\":true,\"valueName\":\"search_term_string\"}}],\"inLanguage\":\"es\"},{\"@type\":\"Organization\",\"@id\":\"https:\\\/\\\/www.ip.gov.py\\\/ip\\\/#organization\",\"name\":\"Agencia IP\",\"url\":\"https:\\\/\\\/www.ip.gov.py\\\/ip\\\/\",\"logo\":{\"@type\":\"ImageObject\",\"inLanguage\":\"es\",\"@id\":\"https:\\\/\\\/www.ip.gov.py\\\/ip\\\/#\\\/schema\\\/logo\\\/image\\\/\",\"url\":\"https:\\\/\\\/www.ip.gov.py\\\/ip\\\/wp-content\\\/uploads\\\/2018\\\/01\\\/Agencia-IP.jpg\",\"contentUrl\":\"https:\\\/\\\/www.ip.gov.py\\\/ip\\\/wp-content\\\/uploads\\\/2018\\\/01\\\/Agencia-IP.jpg\",\"width\":150,\"height\":150,\"caption\":\"Agencia IP\"},\"image\":{\"@id\":\"https:\\\/\\\/www.ip.gov.py\\\/ip\\\/#\\\/schema\\\/logo\\\/image\\\/\"},\"sameAs\":[\"https:\\\/\\\/www.facebook.com\\\/IPParaguay\\\/\",\"https:\\\/\\\/x.com\\\/IPParaguay\",\"https:\\\/\\\/www.instagram.com\\\/IPParaguay\"]},{\"@type\":\"Person\",\"@id\":\"https:\\\/\\\/www.ip.gov.py\\\/ip\\\/#\\\/schema\\\/person\\\/fa3668852e893cb0423795330f919039\",\"name\":\"vrios\",\"url\":\"https:\\\/\\\/www.ip.gov.py\\\/ip\\\/author\\\/vrios\\\/\"}]}<\/script>\n<!-- \/ Yoast SEO plugin. -->","yoast_head_json":{"title":"Liberaron a los nueve separatistas catalanes indultados por el Gobierno espa\u00f1ol - .::Agencia IP::.","robots":{"index":"index","follow":"follow","max-snippet":"max-snippet:-1","max-image-preview":"max-image-preview:large","max-video-preview":"max-video-preview:-1"},"canonical":"https:\/\/www.ip.gov.py\/ip\/2021\/06\/23\/liberaron-a-los-nueve-separatistas-catalanes-indultados-por-el-gobierno-espanol\/","og_locale":"es_ES","og_type":"article","og_title":"Liberaron a los nueve separatistas catalanes indultados por el Gobierno espa\u00f1ol - .::Agencia IP::.","og_description":"Madrid.-Los nueve l\u00edderes separatistas catalanes indultados el martes por el Gobierno espa\u00f1ol salieron este mi\u00e9rcoles de prisi\u00f3n, tras permanecer encarcelados m\u00e1s de tres a\u00f1os por el intento fallido de secesi\u00f3n de 2017.","og_url":"https:\/\/www.ip.gov.py\/ip\/2021\/06\/23\/liberaron-a-los-nueve-separatistas-catalanes-indultados-por-el-gobierno-espanol\/","og_site_name":".::Agencia IP::.","article_publisher":"https:\/\/www.facebook.com\/IPParaguay\/","article_published_time":"2021-06-23T12:07:06+00:00","article_modified_time":"2021-06-23T12:09:03+00:00","og_image":[{"width":643,"height":362,"url":"https:\/\/www.ip.gov.py\/ip\/wp-content\/uploads\/2021\/06\/Espa\u00f1a-5.jpg","type":"image\/jpeg"}],"author":"vrios","twitter_card":"summary_large_image","twitter_creator":"@IPParaguay","twitter_site":"@IPParaguay","twitter_misc":{"Escrito por":"vrios","Tiempo de lectura":"4 minutos"},"schema":{"@context":"https:\/\/schema.org","@graph":[{"@type":"Article","@id":"https:\/\/www.ip.gov.py\/ip\/2021\/06\/23\/liberaron-a-los-nueve-separatistas-catalanes-indultados-por-el-gobierno-espanol\/#article","isPartOf":{"@id":"https:\/\/www.ip.gov.py\/ip\/2021\/06\/23\/liberaron-a-los-nueve-separatistas-catalanes-indultados-por-el-gobierno-espanol\/"},"author":{"name":"vrios","@id":"https:\/\/www.ip.gov.py\/ip\/#\/schema\/person\/fa3668852e893cb0423795330f919039"},"headline":"Liberaron a los nueve separatistas catalanes indultados por el Gobierno espa\u00f1ol","datePublished":"2021-06-23T12:07:06+00:00","dateModified":"2021-06-23T12:09:03+00:00","mainEntityOfPage":{"@id":"https:\/\/www.ip.gov.py\/ip\/2021\/06\/23\/liberaron-a-los-nueve-separatistas-catalanes-indultados-por-el-gobierno-espanol\/"},"wordCount":759,"publisher":{"@id":"https:\/\/www.ip.gov.py\/ip\/#organization"},"image":{"@id":"https:\/\/www.ip.gov.py\/ip\/2021\/06\/23\/liberaron-a-los-nueve-separatistas-catalanes-indultados-por-el-gobierno-espanol\/#primaryimage"},"thumbnailUrl":"https:\/\/www.ip.gov.py\/ip\/wp-content\/uploads\/2021\/06\/Espa\u00f1a-5.jpg","keywords":["Catalanes","Espa\u00f1a","Gobierno","Liberaci\u00f3n","Presos"],"articleSection":["Internacionales"],"inLanguage":"es"},{"@type":"WebPage","@id":"https:\/\/www.ip.gov.py\/ip\/2021\/06\/23\/liberaron-a-los-nueve-separatistas-catalanes-indultados-por-el-gobierno-espanol\/","url":"https:\/\/www.ip.gov.py\/ip\/2021\/06\/23\/liberaron-a-los-nueve-separatistas-catalanes-indultados-por-el-gobierno-espanol\/","name":"Liberaron a los nueve separatistas catalanes indultados por el Gobierno espa\u00f1ol - .::Agencia IP::.","isPartOf":{"@id":"https:\/\/www.ip.gov.py\/ip\/#website"},"primaryImageOfPage":{"@id":"https:\/\/www.ip.gov.py\/ip\/2021\/06\/23\/liberaron-a-los-nueve-separatistas-catalanes-indultados-por-el-gobierno-espanol\/#primaryimage"},"image":{"@id":"https:\/\/www.ip.gov.py\/ip\/2021\/06\/23\/liberaron-a-los-nueve-separatistas-catalanes-indultados-por-el-gobierno-espanol\/#primaryimage"},"thumbnailUrl":"https:\/\/www.ip.gov.py\/ip\/wp-content\/uploads\/2021\/06\/Espa\u00f1a-5.jpg","datePublished":"2021-06-23T12:07:06+00:00","dateModified":"2021-06-23T12:09:03+00:00","breadcrumb":{"@id":"https:\/\/www.ip.gov.py\/ip\/2021\/06\/23\/liberaron-a-los-nueve-separatistas-catalanes-indultados-por-el-gobierno-espanol\/#breadcrumb"},"inLanguage":"es","potentialAction":[{"@type":"ReadAction","target":["https:\/\/www.ip.gov.py\/ip\/2021\/06\/23\/liberaron-a-los-nueve-separatistas-catalanes-indultados-por-el-gobierno-espanol\/"]}]},{"@type":"ImageObject","inLanguage":"es","@id":"https:\/\/www.ip.gov.py\/ip\/2021\/06\/23\/liberaron-a-los-nueve-separatistas-catalanes-indultados-por-el-gobierno-espanol\/#primaryimage","url":"https:\/\/www.ip.gov.py\/ip\/wp-content\/uploads\/2021\/06\/Espa\u00f1a-5.jpg","contentUrl":"https:\/\/www.ip.gov.py\/ip\/wp-content\/uploads\/2021\/06\/Espa\u00f1a-5.jpg","width":643,"height":362,"caption":"T\u00e9lam"},{"@type":"BreadcrumbList","@id":"https:\/\/www.ip.gov.py\/ip\/2021\/06\/23\/liberaron-a-los-nueve-separatistas-catalanes-indultados-por-el-gobierno-espanol\/#breadcrumb","itemListElement":[{"@type":"ListItem","position":1,"name":"Portada","item":"https:\/\/www.ip.gov.py\/ip\/"},{"@type":"ListItem","position":2,"name":"Liberaron a los nueve separatistas catalanes indultados por el Gobierno espa\u00f1ol"}]},{"@type":"WebSite","@id":"https:\/\/www.ip.gov.py\/ip\/#website","url":"https:\/\/www.ip.gov.py\/ip\/","name":".::Agencia IP::.","description":"","publisher":{"@id":"https:\/\/www.ip.gov.py\/ip\/#organization"},"potentialAction":[{"@type":"SearchAction","target":{"@type":"EntryPoint","urlTemplate":"https:\/\/www.ip.gov.py\/ip\/?s={search_term_string}"},"query-input":{"@type":"PropertyValueSpecification","valueRequired":true,"valueName":"search_term_string"}}],"inLanguage":"es"},{"@type":"Organization","@id":"https:\/\/www.ip.gov.py\/ip\/#organization","name":"Agencia IP","url":"https:\/\/www.ip.gov.py\/ip\/","logo":{"@type":"ImageObject","inLanguage":"es","@id":"https:\/\/www.ip.gov.py\/ip\/#\/schema\/logo\/image\/","url":"https:\/\/www.ip.gov.py\/ip\/wp-content\/uploads\/2018\/01\/Agencia-IP.jpg","contentUrl":"https:\/\/www.ip.gov.py\/ip\/wp-content\/uploads\/2018\/01\/Agencia-IP.jpg","width":150,"height":150,"caption":"Agencia IP"},"image":{"@id":"https:\/\/www.ip.gov.py\/ip\/#\/schema\/logo\/image\/"},"sameAs":["https:\/\/www.facebook.com\/IPParaguay\/","https:\/\/x.com\/IPParaguay","https:\/\/www.instagram.com\/IPParaguay"]},{"@type":"Person","@id":"https:\/\/www.ip.gov.py\/ip\/#\/schema\/person\/fa3668852e893cb0423795330f919039","name":"vrios","url":"https:\/\/www.ip.gov.py\/ip\/author\/vrios\/"}]}},"_links":{"self":[{"href":"https:\/\/www.ip.gov.py\/ip\/wp-json\/wp\/v2\/posts\/371188","targetHints":{"allow":["GET"]}}],"collection":[{"href":"https:\/\/www.ip.gov.py\/ip\/wp-json\/wp\/v2\/posts"}],"about":[{"href":"https:\/\/www.ip.gov.py\/ip\/wp-json\/wp\/v2\/types\/post"}],"author":[{"embeddable":true,"href":"https:\/\/www.ip.gov.py\/ip\/wp-json\/wp\/v2\/users\/11"}],"replies":[{"embeddable":true,"href":"https:\/\/www.ip.gov.py\/ip\/wp-json\/wp\/v2\/comments?post=371188"}],"version-history":[{"count":0,"href":"https:\/\/www.ip.gov.py\/ip\/wp-json\/wp\/v2\/posts\/371188\/revisions"}],"wp:featuredmedia":[{"embeddable":true,"href":"https:\/\/www.ip.gov.py\/ip\/wp-json\/wp\/v2\/media\/371191"}],"wp:attachment":[{"href":"https:\/\/www.ip.gov.py\/ip\/wp-json\/wp\/v2\/media?parent=371188"}],"wp:term":[{"taxonomy":"category","embeddable":true,"href":"https:\/\/www.ip.gov.py\/ip\/wp-json\/wp\/v2\/categories?post=371188"},{"taxonomy":"post_tag","embeddable":true,"href":"https:\/\/www.ip.gov.py\/ip\/wp-json\/wp\/v2\/tags?post=371188"}],"curies":[{"name":"wp","href":"https:\/\/api.w.org\/{rel}","templated":true}]}}