{"id":371819,"date":"2021-06-28T08:03:24","date_gmt":"2021-06-28T12:03:24","guid":{"rendered":"https:\/\/www.ip.gov.py\/ip\/?p=371819"},"modified":"2021-06-28T08:03:24","modified_gmt":"2021-06-28T12:03:24","slug":"pedro-sanchez-asegura-que-se-estan-dando-pasos-para-arreglar-la-situacion-en-cataluna","status":"publish","type":"post","link":"https:\/\/www.ip.gov.py\/ip\/2021\/06\/28\/pedro-sanchez-asegura-que-se-estan-dando-pasos-para-arreglar-la-situacion-en-cataluna\/","title":{"rendered":"Pedro S\u00e1nchez asegura que se est\u00e1n dando pasos para arreglar la situaci\u00f3n en Catalu\u00f1a"},"content":{"rendered":"<p style=\"text-align: justify;\"><em><strong>Madrid.-<\/strong><\/em>El presidente del Gobierno de Espa\u00f1a, Pedro S\u00e1nchez, se mostr\u00f3 convencido de que los recientes acontecimientos (como la concesi\u00f3n de indultos a los presos independentistas o su encuentro con el presidente catal\u00e1n Pere Aragon\u00e9s y el Rey Felipe VI en Barcelona) suponen los primeros pasos para arreglar el conflicto en Catalu\u00f1a.<!--more--><\/p>\n<p style=\"text-align: justify;\">\u00abSiempre tiene uno la sensaci\u00f3n de que no vamos a arreglar de la noche a la ma\u00f1ana lo que se ha estropeado en los \u00faltimos diez a\u00f1os, pero tambi\u00e9n es cierto que estamos dando los primeros pasos para poder avanzar en la resoluci\u00f3n de esta crisis\u00bb, dijo S\u00e1nchez en una entrevista con la Cadena SER.<\/p>\n<p style=\"text-align: justify;\">Durante esa entrevista, la primera que concede desde la concesi\u00f3n de los indultos, S\u00e1nchez volvi\u00f3 a defender la medida de gracia como la mejor herramienta para \u00abdevolver esta crisis al terreno de la pol\u00edtica\u00bb.<\/p>\n<p style=\"text-align: justify;\">\u00abPara restaurar la convivencia, lo \u00fatil es el perd\u00f3n. Es importante avanzar. El mensaje que los indultos trasladan al conjunto de la ciudadan\u00eda es que queremos avanzar y superar la crisis\u00bb, se\u00f1al\u00f3.<\/p>\n<p style=\"text-align: justify;\">De cara al encuentro que mantendr\u00e1 el 29 de junio con Pere Aragon\u00e8s en Madrid, el mandatario espa\u00f1ol baj\u00f3 el nivel de las expectativas asegurando que \u00abel di\u00e1logo hay que plantearlo siendo gradualista en los pasos que hay que tomar\u00bb. \u00abLo importante es sentarnos y trabajar\u00bb, insisti\u00f3.<\/p>\n<p style=\"text-align: justify;\">De nuevo, S\u00e1nchez afirm\u00f3 que no est\u00e1 dispuesto a aceptar la pretensi\u00f3n del independentismo de celebrar un refer\u00e9ndum de autodeterminaci\u00f3n. Sin embargo, se\u00f1al\u00f3 que hay otras \u00e1reas en las que se pueden conseguir acuerdos, como un aumento de las inversiones en Catalu\u00f1a.<\/p>\n<p style=\"text-align: justify;\">En cuanto a la mesa de di\u00e1logo entre el Gobierno de Espa\u00f1a y la Generalitat de Catalu\u00f1a, aunque todav\u00eda no hay avances sobre los plazos para su reconstituci\u00f3n, S\u00e1nchez descart\u00f3 que el exvicepresidente catal\u00e1n, Oriol Junqueras (l\u00edder del partido ERC) pueda participar en ella.<\/p>\n<p style=\"text-align: justify;\">Sobre a d\u00f3nde debe conducir ese di\u00e1logo, S\u00e1nchez evit\u00f3 dibujar un horizonte concreto. No obstante, no descart\u00f3 que pueda conducir a una posible reforma de la Constituci\u00f3n.<\/p>\n<p style=\"text-align: justify;\">\u00abSi vivimos juntos, tendr\u00e1 que decidir el conjunto de la ciudadan\u00eda sobre qu\u00e9 es lo que queremos que sea Espa\u00f1a\u00bb, se\u00f1al\u00f3.Sputnik.<\/p>\n","protected":false},"excerpt":{"rendered":"<p>Madrid.-El presidente del Gobierno de Espa\u00f1a, Pedro S\u00e1nchez, se mostr\u00f3 convencido de que los recientes acontecimientos (como la concesi\u00f3n de indultos a los presos independentistas o su encuentro con el presidente catal\u00e1n Pere Aragon\u00e9s y el Rey Felipe VI en Barcelona) suponen los primeros pasos para arreglar el conflicto en Catalu\u00f1a.<\/p>\n","protected":false},"author":11,"featured_media":371820,"comment_status":"closed","ping_status":"closed","sticky":false,"template":"","format":"standard","meta":{"_monsterinsights_skip_tracking":false,"_monsterinsights_sitenote_active":false,"_monsterinsights_sitenote_note":"","_monsterinsights_sitenote_category":0,"footnotes":""},"categories":[5],"tags":[1507,486,4661,5692],"class_list":{"0":"post-371819","1":"post","2":"type-post","3":"status-publish","4":"format-standard","5":"has-post-thumbnail","7":"category-internacionales","9":"tag-espana","10":"tag-pedro-sanchez","11":"tag-relacion"},"yoast_head":"<!-- This site is optimized with the Yoast SEO plugin v27.4 - https:\/\/yoast.com\/product\/yoast-seo-wordpress\/ -->\n<title>Pedro S\u00e1nchez asegura que se est\u00e1n dando pasos para arreglar la situaci\u00f3n en Catalu\u00f1a - .::Agencia IP::.<\/title>\n<meta name=\"robots\" content=\"index, follow, max-snippet:-1, max-image-preview:large, max-video-preview:-1\" \/>\n<link rel=\"canonical\" href=\"https:\/\/www.ip.gov.py\/ip\/2021\/06\/28\/pedro-sanchez-asegura-que-se-estan-dando-pasos-para-arreglar-la-situacion-en-cataluna\/\" \/>\n<meta property=\"og:locale\" content=\"es_ES\" \/>\n<meta property=\"og:type\" content=\"article\" \/>\n<meta property=\"og:title\" content=\"Pedro S\u00e1nchez asegura que se est\u00e1n dando pasos para arreglar la situaci\u00f3n en Catalu\u00f1a - .::Agencia IP::.\" \/>\n<meta property=\"og:description\" content=\"Madrid.-El presidente del Gobierno de Espa\u00f1a, Pedro S\u00e1nchez, se mostr\u00f3 convencido de que los recientes acontecimientos (como la concesi\u00f3n de indultos a los presos independentistas o su encuentro con el presidente catal\u00e1n Pere Aragon\u00e9s y el Rey Felipe VI en Barcelona) suponen los primeros pasos para arreglar el conflicto en Catalu\u00f1a.\" \/>\n<meta property=\"og:url\" content=\"https:\/\/www.ip.gov.py\/ip\/2021\/06\/28\/pedro-sanchez-asegura-que-se-estan-dando-pasos-para-arreglar-la-situacion-en-cataluna\/\" \/>\n<meta property=\"og:site_name\" content=\".::Agencia IP::.\" \/>\n<meta property=\"article:publisher\" content=\"https:\/\/www.facebook.com\/IPParaguay\/\" \/>\n<meta property=\"article:published_time\" content=\"2021-06-28T12:03:24+00:00\" \/>\n<meta property=\"og:image\" content=\"https:\/\/www.ip.gov.py\/ip\/wp-content\/uploads\/2021\/06\/Espa\u00f1a-6.jpg\" \/>\n\t<meta property=\"og:image:width\" content=\"1920\" \/>\n\t<meta property=\"og:image:height\" content=\"1080\" \/>\n\t<meta property=\"og:image:type\" content=\"image\/jpeg\" \/>\n<meta name=\"author\" content=\"vrios\" \/>\n<meta name=\"twitter:card\" content=\"summary_large_image\" \/>\n<meta name=\"twitter:creator\" content=\"@IPParaguay\" \/>\n<meta name=\"twitter:site\" content=\"@IPParaguay\" \/>\n<meta name=\"twitter:label1\" content=\"Escrito por\" \/>\n\t<meta name=\"twitter:data1\" content=\"vrios\" \/>\n\t<meta name=\"twitter:label2\" content=\"Tiempo de lectura\" \/>\n\t<meta name=\"twitter:data2\" content=\"2 minutos\" \/>\n<script type=\"application\/ld+json\" class=\"yoast-schema-graph\">{\"@context\":\"https:\\\/\\\/schema.org\",\"@graph\":[{\"@type\":\"Article\",\"@id\":\"https:\\\/\\\/www.ip.gov.py\\\/ip\\\/2021\\\/06\\\/28\\\/pedro-sanchez-asegura-que-se-estan-dando-pasos-para-arreglar-la-situacion-en-cataluna\\\/#article\",\"isPartOf\":{\"@id\":\"https:\\\/\\\/www.ip.gov.py\\\/ip\\\/2021\\\/06\\\/28\\\/pedro-sanchez-asegura-que-se-estan-dando-pasos-para-arreglar-la-situacion-en-cataluna\\\/\"},\"author\":{\"name\":\"vrios\",\"@id\":\"https:\\\/\\\/www.ip.gov.py\\\/ip\\\/#\\\/schema\\\/person\\\/fa3668852e893cb0423795330f919039\"},\"headline\":\"Pedro S\u00e1nchez asegura que se est\u00e1n dando pasos para arreglar la situaci\u00f3n en Catalu\u00f1a\",\"datePublished\":\"2021-06-28T12:03:24+00:00\",\"mainEntityOfPage\":{\"@id\":\"https:\\\/\\\/www.ip.gov.py\\\/ip\\\/2021\\\/06\\\/28\\\/pedro-sanchez-asegura-que-se-estan-dando-pasos-para-arreglar-la-situacion-en-cataluna\\\/\"},\"wordCount\":415,\"publisher\":{\"@id\":\"https:\\\/\\\/www.ip.gov.py\\\/ip\\\/#organization\"},\"image\":{\"@id\":\"https:\\\/\\\/www.ip.gov.py\\\/ip\\\/2021\\\/06\\\/28\\\/pedro-sanchez-asegura-que-se-estan-dando-pasos-para-arreglar-la-situacion-en-cataluna\\\/#primaryimage\"},\"thumbnailUrl\":\"https:\\\/\\\/www.ip.gov.py\\\/ip\\\/wp-content\\\/uploads\\\/2021\\\/06\\\/Espa\u00f1a-6.jpg\",\"keywords\":[\"Catalu\u00f1a\",\"Espa\u00f1a\",\"Pedro S\u00e1nchez\",\"Relaci\u00f3n\"],\"articleSection\":[\"Internacionales\"],\"inLanguage\":\"es\"},{\"@type\":\"WebPage\",\"@id\":\"https:\\\/\\\/www.ip.gov.py\\\/ip\\\/2021\\\/06\\\/28\\\/pedro-sanchez-asegura-que-se-estan-dando-pasos-para-arreglar-la-situacion-en-cataluna\\\/\",\"url\":\"https:\\\/\\\/www.ip.gov.py\\\/ip\\\/2021\\\/06\\\/28\\\/pedro-sanchez-asegura-que-se-estan-dando-pasos-para-arreglar-la-situacion-en-cataluna\\\/\",\"name\":\"Pedro S\u00e1nchez asegura que se est\u00e1n dando pasos para arreglar la situaci\u00f3n en Catalu\u00f1a - .::Agencia IP::.\",\"isPartOf\":{\"@id\":\"https:\\\/\\\/www.ip.gov.py\\\/ip\\\/#website\"},\"primaryImageOfPage\":{\"@id\":\"https:\\\/\\\/www.ip.gov.py\\\/ip\\\/2021\\\/06\\\/28\\\/pedro-sanchez-asegura-que-se-estan-dando-pasos-para-arreglar-la-situacion-en-cataluna\\\/#primaryimage\"},\"image\":{\"@id\":\"https:\\\/\\\/www.ip.gov.py\\\/ip\\\/2021\\\/06\\\/28\\\/pedro-sanchez-asegura-que-se-estan-dando-pasos-para-arreglar-la-situacion-en-cataluna\\\/#primaryimage\"},\"thumbnailUrl\":\"https:\\\/\\\/www.ip.gov.py\\\/ip\\\/wp-content\\\/uploads\\\/2021\\\/06\\\/Espa\u00f1a-6.jpg\",\"datePublished\":\"2021-06-28T12:03:24+00:00\",\"breadcrumb\":{\"@id\":\"https:\\\/\\\/www.ip.gov.py\\\/ip\\\/2021\\\/06\\\/28\\\/pedro-sanchez-asegura-que-se-estan-dando-pasos-para-arreglar-la-situacion-en-cataluna\\\/#breadcrumb\"},\"inLanguage\":\"es\",\"potentialAction\":[{\"@type\":\"ReadAction\",\"target\":[\"https:\\\/\\\/www.ip.gov.py\\\/ip\\\/2021\\\/06\\\/28\\\/pedro-sanchez-asegura-que-se-estan-dando-pasos-para-arreglar-la-situacion-en-cataluna\\\/\"]}]},{\"@type\":\"ImageObject\",\"inLanguage\":\"es\",\"@id\":\"https:\\\/\\\/www.ip.gov.py\\\/ip\\\/2021\\\/06\\\/28\\\/pedro-sanchez-asegura-que-se-estan-dando-pasos-para-arreglar-la-situacion-en-cataluna\\\/#primaryimage\",\"url\":\"https:\\\/\\\/www.ip.gov.py\\\/ip\\\/wp-content\\\/uploads\\\/2021\\\/06\\\/Espa\u00f1a-6.jpg\",\"contentUrl\":\"https:\\\/\\\/www.ip.gov.py\\\/ip\\\/wp-content\\\/uploads\\\/2021\\\/06\\\/Espa\u00f1a-6.jpg\",\"width\":1920,\"height\":1080,\"caption\":\"Sputnik\"},{\"@type\":\"BreadcrumbList\",\"@id\":\"https:\\\/\\\/www.ip.gov.py\\\/ip\\\/2021\\\/06\\\/28\\\/pedro-sanchez-asegura-que-se-estan-dando-pasos-para-arreglar-la-situacion-en-cataluna\\\/#breadcrumb\",\"itemListElement\":[{\"@type\":\"ListItem\",\"position\":1,\"name\":\"Portada\",\"item\":\"https:\\\/\\\/www.ip.gov.py\\\/ip\\\/\"},{\"@type\":\"ListItem\",\"position\":2,\"name\":\"Pedro S\u00e1nchez asegura que se est\u00e1n dando pasos para arreglar la situaci\u00f3n en Catalu\u00f1a\"}]},{\"@type\":\"WebSite\",\"@id\":\"https:\\\/\\\/www.ip.gov.py\\\/ip\\\/#website\",\"url\":\"https:\\\/\\\/www.ip.gov.py\\\/ip\\\/\",\"name\":\".::Agencia IP::.\",\"description\":\"\",\"publisher\":{\"@id\":\"https:\\\/\\\/www.ip.gov.py\\\/ip\\\/#organization\"},\"potentialAction\":[{\"@type\":\"SearchAction\",\"target\":{\"@type\":\"EntryPoint\",\"urlTemplate\":\"https:\\\/\\\/www.ip.gov.py\\\/ip\\\/?s={search_term_string}\"},\"query-input\":{\"@type\":\"PropertyValueSpecification\",\"valueRequired\":true,\"valueName\":\"search_term_string\"}}],\"inLanguage\":\"es\"},{\"@type\":\"Organization\",\"@id\":\"https:\\\/\\\/www.ip.gov.py\\\/ip\\\/#organization\",\"name\":\"Agencia IP\",\"url\":\"https:\\\/\\\/www.ip.gov.py\\\/ip\\\/\",\"logo\":{\"@type\":\"ImageObject\",\"inLanguage\":\"es\",\"@id\":\"https:\\\/\\\/www.ip.gov.py\\\/ip\\\/#\\\/schema\\\/logo\\\/image\\\/\",\"url\":\"https:\\\/\\\/www.ip.gov.py\\\/ip\\\/wp-content\\\/uploads\\\/2018\\\/01\\\/Agencia-IP.jpg\",\"contentUrl\":\"https:\\\/\\\/www.ip.gov.py\\\/ip\\\/wp-content\\\/uploads\\\/2018\\\/01\\\/Agencia-IP.jpg\",\"width\":150,\"height\":150,\"caption\":\"Agencia IP\"},\"image\":{\"@id\":\"https:\\\/\\\/www.ip.gov.py\\\/ip\\\/#\\\/schema\\\/logo\\\/image\\\/\"},\"sameAs\":[\"https:\\\/\\\/www.facebook.com\\\/IPParaguay\\\/\",\"https:\\\/\\\/x.com\\\/IPParaguay\",\"https:\\\/\\\/www.instagram.com\\\/IPParaguay\"]},{\"@type\":\"Person\",\"@id\":\"https:\\\/\\\/www.ip.gov.py\\\/ip\\\/#\\\/schema\\\/person\\\/fa3668852e893cb0423795330f919039\",\"name\":\"vrios\",\"url\":\"https:\\\/\\\/www.ip.gov.py\\\/ip\\\/author\\\/vrios\\\/\"}]}<\/script>\n<!-- \/ Yoast SEO plugin. -->","yoast_head_json":{"title":"Pedro S\u00e1nchez asegura que se est\u00e1n dando pasos para arreglar la situaci\u00f3n en Catalu\u00f1a - .::Agencia IP::.","robots":{"index":"index","follow":"follow","max-snippet":"max-snippet:-1","max-image-preview":"max-image-preview:large","max-video-preview":"max-video-preview:-1"},"canonical":"https:\/\/www.ip.gov.py\/ip\/2021\/06\/28\/pedro-sanchez-asegura-que-se-estan-dando-pasos-para-arreglar-la-situacion-en-cataluna\/","og_locale":"es_ES","og_type":"article","og_title":"Pedro S\u00e1nchez asegura que se est\u00e1n dando pasos para arreglar la situaci\u00f3n en Catalu\u00f1a - .::Agencia IP::.","og_description":"Madrid.-El presidente del Gobierno de Espa\u00f1a, Pedro S\u00e1nchez, se mostr\u00f3 convencido de que los recientes acontecimientos (como la concesi\u00f3n de indultos a los presos independentistas o su encuentro con el presidente catal\u00e1n Pere Aragon\u00e9s y el Rey Felipe VI en Barcelona) suponen los primeros pasos para arreglar el conflicto en Catalu\u00f1a.","og_url":"https:\/\/www.ip.gov.py\/ip\/2021\/06\/28\/pedro-sanchez-asegura-que-se-estan-dando-pasos-para-arreglar-la-situacion-en-cataluna\/","og_site_name":".::Agencia IP::.","article_publisher":"https:\/\/www.facebook.com\/IPParaguay\/","article_published_time":"2021-06-28T12:03:24+00:00","og_image":[{"width":1920,"height":1080,"url":"https:\/\/www.ip.gov.py\/ip\/wp-content\/uploads\/2021\/06\/Espa\u00f1a-6.jpg","type":"image\/jpeg"}],"author":"vrios","twitter_card":"summary_large_image","twitter_creator":"@IPParaguay","twitter_site":"@IPParaguay","twitter_misc":{"Escrito por":"vrios","Tiempo de lectura":"2 minutos"},"schema":{"@context":"https:\/\/schema.org","@graph":[{"@type":"Article","@id":"https:\/\/www.ip.gov.py\/ip\/2021\/06\/28\/pedro-sanchez-asegura-que-se-estan-dando-pasos-para-arreglar-la-situacion-en-cataluna\/#article","isPartOf":{"@id":"https:\/\/www.ip.gov.py\/ip\/2021\/06\/28\/pedro-sanchez-asegura-que-se-estan-dando-pasos-para-arreglar-la-situacion-en-cataluna\/"},"author":{"name":"vrios","@id":"https:\/\/www.ip.gov.py\/ip\/#\/schema\/person\/fa3668852e893cb0423795330f919039"},"headline":"Pedro S\u00e1nchez asegura que se est\u00e1n dando pasos para arreglar la situaci\u00f3n en Catalu\u00f1a","datePublished":"2021-06-28T12:03:24+00:00","mainEntityOfPage":{"@id":"https:\/\/www.ip.gov.py\/ip\/2021\/06\/28\/pedro-sanchez-asegura-que-se-estan-dando-pasos-para-arreglar-la-situacion-en-cataluna\/"},"wordCount":415,"publisher":{"@id":"https:\/\/www.ip.gov.py\/ip\/#organization"},"image":{"@id":"https:\/\/www.ip.gov.py\/ip\/2021\/06\/28\/pedro-sanchez-asegura-que-se-estan-dando-pasos-para-arreglar-la-situacion-en-cataluna\/#primaryimage"},"thumbnailUrl":"https:\/\/www.ip.gov.py\/ip\/wp-content\/uploads\/2021\/06\/Espa\u00f1a-6.jpg","keywords":["Catalu\u00f1a","Espa\u00f1a","Pedro S\u00e1nchez","Relaci\u00f3n"],"articleSection":["Internacionales"],"inLanguage":"es"},{"@type":"WebPage","@id":"https:\/\/www.ip.gov.py\/ip\/2021\/06\/28\/pedro-sanchez-asegura-que-se-estan-dando-pasos-para-arreglar-la-situacion-en-cataluna\/","url":"https:\/\/www.ip.gov.py\/ip\/2021\/06\/28\/pedro-sanchez-asegura-que-se-estan-dando-pasos-para-arreglar-la-situacion-en-cataluna\/","name":"Pedro S\u00e1nchez asegura que se est\u00e1n dando pasos para arreglar la situaci\u00f3n en Catalu\u00f1a - .::Agencia IP::.","isPartOf":{"@id":"https:\/\/www.ip.gov.py\/ip\/#website"},"primaryImageOfPage":{"@id":"https:\/\/www.ip.gov.py\/ip\/2021\/06\/28\/pedro-sanchez-asegura-que-se-estan-dando-pasos-para-arreglar-la-situacion-en-cataluna\/#primaryimage"},"image":{"@id":"https:\/\/www.ip.gov.py\/ip\/2021\/06\/28\/pedro-sanchez-asegura-que-se-estan-dando-pasos-para-arreglar-la-situacion-en-cataluna\/#primaryimage"},"thumbnailUrl":"https:\/\/www.ip.gov.py\/ip\/wp-content\/uploads\/2021\/06\/Espa\u00f1a-6.jpg","datePublished":"2021-06-28T12:03:24+00:00","breadcrumb":{"@id":"https:\/\/www.ip.gov.py\/ip\/2021\/06\/28\/pedro-sanchez-asegura-que-se-estan-dando-pasos-para-arreglar-la-situacion-en-cataluna\/#breadcrumb"},"inLanguage":"es","potentialAction":[{"@type":"ReadAction","target":["https:\/\/www.ip.gov.py\/ip\/2021\/06\/28\/pedro-sanchez-asegura-que-se-estan-dando-pasos-para-arreglar-la-situacion-en-cataluna\/"]}]},{"@type":"ImageObject","inLanguage":"es","@id":"https:\/\/www.ip.gov.py\/ip\/2021\/06\/28\/pedro-sanchez-asegura-que-se-estan-dando-pasos-para-arreglar-la-situacion-en-cataluna\/#primaryimage","url":"https:\/\/www.ip.gov.py\/ip\/wp-content\/uploads\/2021\/06\/Espa\u00f1a-6.jpg","contentUrl":"https:\/\/www.ip.gov.py\/ip\/wp-content\/uploads\/2021\/06\/Espa\u00f1a-6.jpg","width":1920,"height":1080,"caption":"Sputnik"},{"@type":"BreadcrumbList","@id":"https:\/\/www.ip.gov.py\/ip\/2021\/06\/28\/pedro-sanchez-asegura-que-se-estan-dando-pasos-para-arreglar-la-situacion-en-cataluna\/#breadcrumb","itemListElement":[{"@type":"ListItem","position":1,"name":"Portada","item":"https:\/\/www.ip.gov.py\/ip\/"},{"@type":"ListItem","position":2,"name":"Pedro S\u00e1nchez asegura que se est\u00e1n dando pasos para arreglar la situaci\u00f3n en Catalu\u00f1a"}]},{"@type":"WebSite","@id":"https:\/\/www.ip.gov.py\/ip\/#website","url":"https:\/\/www.ip.gov.py\/ip\/","name":".::Agencia IP::.","description":"","publisher":{"@id":"https:\/\/www.ip.gov.py\/ip\/#organization"},"potentialAction":[{"@type":"SearchAction","target":{"@type":"EntryPoint","urlTemplate":"https:\/\/www.ip.gov.py\/ip\/?s={search_term_string}"},"query-input":{"@type":"PropertyValueSpecification","valueRequired":true,"valueName":"search_term_string"}}],"inLanguage":"es"},{"@type":"Organization","@id":"https:\/\/www.ip.gov.py\/ip\/#organization","name":"Agencia IP","url":"https:\/\/www.ip.gov.py\/ip\/","logo":{"@type":"ImageObject","inLanguage":"es","@id":"https:\/\/www.ip.gov.py\/ip\/#\/schema\/logo\/image\/","url":"https:\/\/www.ip.gov.py\/ip\/wp-content\/uploads\/2018\/01\/Agencia-IP.jpg","contentUrl":"https:\/\/www.ip.gov.py\/ip\/wp-content\/uploads\/2018\/01\/Agencia-IP.jpg","width":150,"height":150,"caption":"Agencia IP"},"image":{"@id":"https:\/\/www.ip.gov.py\/ip\/#\/schema\/logo\/image\/"},"sameAs":["https:\/\/www.facebook.com\/IPParaguay\/","https:\/\/x.com\/IPParaguay","https:\/\/www.instagram.com\/IPParaguay"]},{"@type":"Person","@id":"https:\/\/www.ip.gov.py\/ip\/#\/schema\/person\/fa3668852e893cb0423795330f919039","name":"vrios","url":"https:\/\/www.ip.gov.py\/ip\/author\/vrios\/"}]}},"_links":{"self":[{"href":"https:\/\/www.ip.gov.py\/ip\/wp-json\/wp\/v2\/posts\/371819","targetHints":{"allow":["GET"]}}],"collection":[{"href":"https:\/\/www.ip.gov.py\/ip\/wp-json\/wp\/v2\/posts"}],"about":[{"href":"https:\/\/www.ip.gov.py\/ip\/wp-json\/wp\/v2\/types\/post"}],"author":[{"embeddable":true,"href":"https:\/\/www.ip.gov.py\/ip\/wp-json\/wp\/v2\/users\/11"}],"replies":[{"embeddable":true,"href":"https:\/\/www.ip.gov.py\/ip\/wp-json\/wp\/v2\/comments?post=371819"}],"version-history":[{"count":0,"href":"https:\/\/www.ip.gov.py\/ip\/wp-json\/wp\/v2\/posts\/371819\/revisions"}],"wp:featuredmedia":[{"embeddable":true,"href":"https:\/\/www.ip.gov.py\/ip\/wp-json\/wp\/v2\/media\/371820"}],"wp:attachment":[{"href":"https:\/\/www.ip.gov.py\/ip\/wp-json\/wp\/v2\/media?parent=371819"}],"wp:term":[{"taxonomy":"category","embeddable":true,"href":"https:\/\/www.ip.gov.py\/ip\/wp-json\/wp\/v2\/categories?post=371819"},{"taxonomy":"post_tag","embeddable":true,"href":"https:\/\/www.ip.gov.py\/ip\/wp-json\/wp\/v2\/tags?post=371819"}],"curies":[{"name":"wp","href":"https:\/\/api.w.org\/{rel}","templated":true}]}}