{"id":373729,"date":"2021-07-08T13:04:52","date_gmt":"2021-07-08T17:04:52","guid":{"rendered":"https:\/\/www.ip.gov.py\/ip\/?p=373729"},"modified":"2021-07-08T13:19:41","modified_gmt":"2021-07-08T17:19:41","slug":"jair-bolsonaro-tras-asumir-la-presidencia-del-mercosur-debemos-tratar-la-flexibilizacion-de-negociaciones-con-paises-externos","status":"publish","type":"post","link":"https:\/\/www.ip.gov.py\/ip\/2021\/07\/08\/jair-bolsonaro-tras-asumir-la-presidencia-del-mercosur-debemos-tratar-la-flexibilizacion-de-negociaciones-con-paises-externos\/","title":{"rendered":"Tras asumir presidencia del Mercosur Bolsonaro pide flexibilizar negociaciones con pa\u00edses externos"},"content":{"rendered":"<p style=\"text-align: justify;\"><em><strong>Brasilia.-<\/strong><\/em>El mandatario brasile\u00f1o, Jair Bolsonaro, cuyo pa\u00eds asume este jueves la presidencia semestral del Mercosur, anunci\u00f3 en la Cumbre del bloque que mantendr\u00e1 sus \u201cesfuerzos\u201d por \u201cla revisi\u00f3n de aranceles externos comunes y la flexibilidad para las negociaciones\u201d comerciales.<!--more--><\/p>\n<p style=\"text-align: justify;\">\u201cNo podemos dejar que el Mercosur siga siendo un sin\u00f3nimo de ineficiencia y desperdicio de oportunidades\u201d, declar\u00f3 Bolsonaro al intervenir en forma virtual en la cumbre, a la que tambi\u00e9n asisten los presidentes de Argentina, Uruguay y Paraguay.<\/p>\n<p style=\"text-align: justify;\">Seg\u00fan Bolsonaro, \u201cBrasil no va a parar en sus esfuerzos por la modernizaci\u00f3n\u201d de su propia econom\u00eda y del Mercosur, y desea que sus \u201csocios de la integraci\u00f3n\u201d lo acompa\u00f1en en los ideales de \u201capertura, democracia y libertad\u201d que promueve su Gobierno.<\/p>\n<p style=\"text-align: justify;\">El l\u00edder brasile\u00f1o asegur\u00f3 que \u201cel semestre que termina (en el que Argentina tuvo la presidencia del bloque) dej\u00f3 de corresponder a las expectativas\u201d en relaci\u00f3n a \u201cdos de los temas que m\u00e1s movilizan\u201d al Mercosur, que identific\u00f3 como \u201cla revisi\u00f3n de la tarifa externa com\u00fan y la flexibilidad de las negociaciones\u201d.<\/p>\n<p style=\"text-align: justify;\">Aludi\u00f3 as\u00ed a la postura, que Brasil comparte con Uruguay y a la que se opone Argentina, de avanzar hacia una fuerte reducci\u00f3n de las tasas de importaci\u00f3n del bloque, y a una cl\u00e1usula que obliga a los Estados miembros a negociar acuerdos comerciales en conjunto con otros mecanismos de integraci\u00f3n o pa\u00edses.<\/p>\n<p style=\"text-align: justify;\">\u201cNo podemos patinar en la consecuci\u00f3n de esos objetivos\u201d, pues \u201cel Mercosur debe mostrar su valor con entregas a la poblaci\u00f3n, con la conquista de nuevos mercados y la eliminaci\u00f3n de trabas\u201d, dijo.<\/p>\n<p style=\"text-align: justify;\">Bolsonaro apunt\u00f3, en franca colisi\u00f3n con las posiciones del presidente argentino, Alberto Fern\u00e1ndez, que \u201cla persistencia de impases o el uso de la regla del consenso como instrumento de veto\u201d constituyen \u201cherramientas arcaicas que siembran escepticismo\u201d.<\/p>\n<p style=\"text-align: justify;\">\u201cLos ministros y negociadores del Mercosur saben de nuestra sed de resultados\u201d, apunt\u00f3 el mandatario brasile\u00f1o, para subrayar que su Gobierno dedicar\u00e1 los seis meses de su presidencia rotativa a buscar \u201cresultados que puedan ser entendidos, valorados y percibidos por la poblaci\u00f3n y los empresarios\u201d de los pa\u00edses del bloque.Infobae.<\/p>\n<p style=\"text-align: justify;\">\n","protected":false},"excerpt":{"rendered":"<p>Brasilia.-El mandatario brasile\u00f1o, Jair Bolsonaro, cuyo pa\u00eds asume este jueves la presidencia semestral del Mercosur, anunci\u00f3 en la Cumbre del bloque que mantendr\u00e1 sus \u201cesfuerzos\u201d por \u201cla revisi\u00f3n de aranceles externos comunes y la flexibilidad para las negociaciones\u201d comerciales.<\/p>\n","protected":false},"author":11,"featured_media":373731,"comment_status":"closed","ping_status":"closed","sticky":false,"template":"","format":"standard","meta":{"_monsterinsights_skip_tracking":false,"_monsterinsights_sitenote_active":false,"_monsterinsights_sitenote_note":"","_monsterinsights_sitenote_category":0,"footnotes":""},"categories":[5],"tags":[3270,335,320,1893],"class_list":{"0":"post-373729","1":"post","2":"type-post","3":"status-publish","4":"format-standard","5":"has-post-thumbnail","7":"category-internacionales","8":"tag-bolsonaro","9":"tag-brasil","10":"tag-mercosur","11":"tag-negociacion"},"yoast_head":"<!-- This site is optimized with the Yoast SEO plugin v27.4 - https:\/\/yoast.com\/product\/yoast-seo-wordpress\/ -->\n<title>Tras asumir presidencia del Mercosur Bolsonaro pide flexibilizar negociaciones con pa\u00edses externos - .::Agencia IP::.<\/title>\n<meta name=\"robots\" content=\"index, follow, max-snippet:-1, max-image-preview:large, max-video-preview:-1\" \/>\n<link rel=\"canonical\" href=\"https:\/\/www.ip.gov.py\/ip\/2021\/07\/08\/jair-bolsonaro-tras-asumir-la-presidencia-del-mercosur-debemos-tratar-la-flexibilizacion-de-negociaciones-con-paises-externos\/\" \/>\n<meta property=\"og:locale\" content=\"es_ES\" \/>\n<meta property=\"og:type\" content=\"article\" \/>\n<meta property=\"og:title\" content=\"Tras asumir presidencia del Mercosur Bolsonaro pide flexibilizar negociaciones con pa\u00edses externos - .::Agencia IP::.\" \/>\n<meta property=\"og:description\" content=\"Brasilia.-El mandatario brasile\u00f1o, Jair Bolsonaro, cuyo pa\u00eds asume este jueves la presidencia semestral del Mercosur, anunci\u00f3 en la Cumbre del bloque que mantendr\u00e1 sus \u201cesfuerzos\u201d por \u201cla revisi\u00f3n de aranceles externos comunes y la flexibilidad para las negociaciones\u201d comerciales.\" \/>\n<meta property=\"og:url\" content=\"https:\/\/www.ip.gov.py\/ip\/2021\/07\/08\/jair-bolsonaro-tras-asumir-la-presidencia-del-mercosur-debemos-tratar-la-flexibilizacion-de-negociaciones-con-paises-externos\/\" \/>\n<meta property=\"og:site_name\" content=\".::Agencia IP::.\" \/>\n<meta property=\"article:publisher\" content=\"https:\/\/www.facebook.com\/IPParaguay\/\" \/>\n<meta property=\"article:published_time\" content=\"2021-07-08T17:04:52+00:00\" \/>\n<meta property=\"article:modified_time\" content=\"2021-07-08T17:19:41+00:00\" \/>\n<meta property=\"og:image\" content=\"https:\/\/www.ip.gov.py\/ip\/wp-content\/uploads\/2021\/07\/Brasil-2.jpg\" \/>\n\t<meta property=\"og:image:width\" content=\"1200\" \/>\n\t<meta property=\"og:image:height\" content=\"675\" \/>\n\t<meta property=\"og:image:type\" content=\"image\/jpeg\" \/>\n<meta name=\"author\" content=\"vrios\" \/>\n<meta name=\"twitter:card\" content=\"summary_large_image\" \/>\n<meta name=\"twitter:creator\" content=\"@IPParaguay\" \/>\n<meta name=\"twitter:site\" content=\"@IPParaguay\" \/>\n<meta name=\"twitter:label1\" content=\"Escrito por\" \/>\n\t<meta name=\"twitter:data1\" content=\"vrios\" \/>\n\t<meta name=\"twitter:label2\" content=\"Tiempo de lectura\" \/>\n\t<meta name=\"twitter:data2\" content=\"2 minutos\" \/>\n<script type=\"application\/ld+json\" class=\"yoast-schema-graph\">{\"@context\":\"https:\\\/\\\/schema.org\",\"@graph\":[{\"@type\":\"Article\",\"@id\":\"https:\\\/\\\/www.ip.gov.py\\\/ip\\\/2021\\\/07\\\/08\\\/jair-bolsonaro-tras-asumir-la-presidencia-del-mercosur-debemos-tratar-la-flexibilizacion-de-negociaciones-con-paises-externos\\\/#article\",\"isPartOf\":{\"@id\":\"https:\\\/\\\/www.ip.gov.py\\\/ip\\\/2021\\\/07\\\/08\\\/jair-bolsonaro-tras-asumir-la-presidencia-del-mercosur-debemos-tratar-la-flexibilizacion-de-negociaciones-con-paises-externos\\\/\"},\"author\":{\"name\":\"vrios\",\"@id\":\"https:\\\/\\\/www.ip.gov.py\\\/ip\\\/#\\\/schema\\\/person\\\/fa3668852e893cb0423795330f919039\"},\"headline\":\"Tras asumir presidencia del Mercosur Bolsonaro pide flexibilizar negociaciones con pa\u00edses externos\",\"datePublished\":\"2021-07-08T17:04:52+00:00\",\"dateModified\":\"2021-07-08T17:19:41+00:00\",\"mainEntityOfPage\":{\"@id\":\"https:\\\/\\\/www.ip.gov.py\\\/ip\\\/2021\\\/07\\\/08\\\/jair-bolsonaro-tras-asumir-la-presidencia-del-mercosur-debemos-tratar-la-flexibilizacion-de-negociaciones-con-paises-externos\\\/\"},\"wordCount\":388,\"publisher\":{\"@id\":\"https:\\\/\\\/www.ip.gov.py\\\/ip\\\/#organization\"},\"image\":{\"@id\":\"https:\\\/\\\/www.ip.gov.py\\\/ip\\\/2021\\\/07\\\/08\\\/jair-bolsonaro-tras-asumir-la-presidencia-del-mercosur-debemos-tratar-la-flexibilizacion-de-negociaciones-con-paises-externos\\\/#primaryimage\"},\"thumbnailUrl\":\"https:\\\/\\\/www.ip.gov.py\\\/ip\\\/wp-content\\\/uploads\\\/2021\\\/07\\\/Brasil-2.jpg\",\"keywords\":[\"Bolsonaro\",\"Brasil\",\"Mercosur\",\"negociaci\u00f3n\"],\"articleSection\":[\"Internacionales\"],\"inLanguage\":\"es\"},{\"@type\":\"WebPage\",\"@id\":\"https:\\\/\\\/www.ip.gov.py\\\/ip\\\/2021\\\/07\\\/08\\\/jair-bolsonaro-tras-asumir-la-presidencia-del-mercosur-debemos-tratar-la-flexibilizacion-de-negociaciones-con-paises-externos\\\/\",\"url\":\"https:\\\/\\\/www.ip.gov.py\\\/ip\\\/2021\\\/07\\\/08\\\/jair-bolsonaro-tras-asumir-la-presidencia-del-mercosur-debemos-tratar-la-flexibilizacion-de-negociaciones-con-paises-externos\\\/\",\"name\":\"Tras asumir presidencia del Mercosur Bolsonaro pide flexibilizar negociaciones con pa\u00edses externos - .::Agencia IP::.\",\"isPartOf\":{\"@id\":\"https:\\\/\\\/www.ip.gov.py\\\/ip\\\/#website\"},\"primaryImageOfPage\":{\"@id\":\"https:\\\/\\\/www.ip.gov.py\\\/ip\\\/2021\\\/07\\\/08\\\/jair-bolsonaro-tras-asumir-la-presidencia-del-mercosur-debemos-tratar-la-flexibilizacion-de-negociaciones-con-paises-externos\\\/#primaryimage\"},\"image\":{\"@id\":\"https:\\\/\\\/www.ip.gov.py\\\/ip\\\/2021\\\/07\\\/08\\\/jair-bolsonaro-tras-asumir-la-presidencia-del-mercosur-debemos-tratar-la-flexibilizacion-de-negociaciones-con-paises-externos\\\/#primaryimage\"},\"thumbnailUrl\":\"https:\\\/\\\/www.ip.gov.py\\\/ip\\\/wp-content\\\/uploads\\\/2021\\\/07\\\/Brasil-2.jpg\",\"datePublished\":\"2021-07-08T17:04:52+00:00\",\"dateModified\":\"2021-07-08T17:19:41+00:00\",\"breadcrumb\":{\"@id\":\"https:\\\/\\\/www.ip.gov.py\\\/ip\\\/2021\\\/07\\\/08\\\/jair-bolsonaro-tras-asumir-la-presidencia-del-mercosur-debemos-tratar-la-flexibilizacion-de-negociaciones-con-paises-externos\\\/#breadcrumb\"},\"inLanguage\":\"es\",\"potentialAction\":[{\"@type\":\"ReadAction\",\"target\":[\"https:\\\/\\\/www.ip.gov.py\\\/ip\\\/2021\\\/07\\\/08\\\/jair-bolsonaro-tras-asumir-la-presidencia-del-mercosur-debemos-tratar-la-flexibilizacion-de-negociaciones-con-paises-externos\\\/\"]}]},{\"@type\":\"ImageObject\",\"inLanguage\":\"es\",\"@id\":\"https:\\\/\\\/www.ip.gov.py\\\/ip\\\/2021\\\/07\\\/08\\\/jair-bolsonaro-tras-asumir-la-presidencia-del-mercosur-debemos-tratar-la-flexibilizacion-de-negociaciones-con-paises-externos\\\/#primaryimage\",\"url\":\"https:\\\/\\\/www.ip.gov.py\\\/ip\\\/wp-content\\\/uploads\\\/2021\\\/07\\\/Brasil-2.jpg\",\"contentUrl\":\"https:\\\/\\\/www.ip.gov.py\\\/ip\\\/wp-content\\\/uploads\\\/2021\\\/07\\\/Brasil-2.jpg\",\"width\":1200,\"height\":675,\"caption\":\"Semana.com\"},{\"@type\":\"BreadcrumbList\",\"@id\":\"https:\\\/\\\/www.ip.gov.py\\\/ip\\\/2021\\\/07\\\/08\\\/jair-bolsonaro-tras-asumir-la-presidencia-del-mercosur-debemos-tratar-la-flexibilizacion-de-negociaciones-con-paises-externos\\\/#breadcrumb\",\"itemListElement\":[{\"@type\":\"ListItem\",\"position\":1,\"name\":\"Portada\",\"item\":\"https:\\\/\\\/www.ip.gov.py\\\/ip\\\/\"},{\"@type\":\"ListItem\",\"position\":2,\"name\":\"Tras asumir presidencia del Mercosur Bolsonaro pide flexibilizar negociaciones con pa\u00edses externos\"}]},{\"@type\":\"WebSite\",\"@id\":\"https:\\\/\\\/www.ip.gov.py\\\/ip\\\/#website\",\"url\":\"https:\\\/\\\/www.ip.gov.py\\\/ip\\\/\",\"name\":\".::Agencia IP::.\",\"description\":\"\",\"publisher\":{\"@id\":\"https:\\\/\\\/www.ip.gov.py\\\/ip\\\/#organization\"},\"potentialAction\":[{\"@type\":\"SearchAction\",\"target\":{\"@type\":\"EntryPoint\",\"urlTemplate\":\"https:\\\/\\\/www.ip.gov.py\\\/ip\\\/?s={search_term_string}\"},\"query-input\":{\"@type\":\"PropertyValueSpecification\",\"valueRequired\":true,\"valueName\":\"search_term_string\"}}],\"inLanguage\":\"es\"},{\"@type\":\"Organization\",\"@id\":\"https:\\\/\\\/www.ip.gov.py\\\/ip\\\/#organization\",\"name\":\"Agencia IP\",\"url\":\"https:\\\/\\\/www.ip.gov.py\\\/ip\\\/\",\"logo\":{\"@type\":\"ImageObject\",\"inLanguage\":\"es\",\"@id\":\"https:\\\/\\\/www.ip.gov.py\\\/ip\\\/#\\\/schema\\\/logo\\\/image\\\/\",\"url\":\"https:\\\/\\\/www.ip.gov.py\\\/ip\\\/wp-content\\\/uploads\\\/2018\\\/01\\\/Agencia-IP.jpg\",\"contentUrl\":\"https:\\\/\\\/www.ip.gov.py\\\/ip\\\/wp-content\\\/uploads\\\/2018\\\/01\\\/Agencia-IP.jpg\",\"width\":150,\"height\":150,\"caption\":\"Agencia IP\"},\"image\":{\"@id\":\"https:\\\/\\\/www.ip.gov.py\\\/ip\\\/#\\\/schema\\\/logo\\\/image\\\/\"},\"sameAs\":[\"https:\\\/\\\/www.facebook.com\\\/IPParaguay\\\/\",\"https:\\\/\\\/x.com\\\/IPParaguay\",\"https:\\\/\\\/www.instagram.com\\\/IPParaguay\"]},{\"@type\":\"Person\",\"@id\":\"https:\\\/\\\/www.ip.gov.py\\\/ip\\\/#\\\/schema\\\/person\\\/fa3668852e893cb0423795330f919039\",\"name\":\"vrios\",\"url\":\"https:\\\/\\\/www.ip.gov.py\\\/ip\\\/author\\\/vrios\\\/\"}]}<\/script>\n<!-- \/ Yoast SEO plugin. -->","yoast_head_json":{"title":"Tras asumir presidencia del Mercosur Bolsonaro pide flexibilizar negociaciones con pa\u00edses externos - .::Agencia IP::.","robots":{"index":"index","follow":"follow","max-snippet":"max-snippet:-1","max-image-preview":"max-image-preview:large","max-video-preview":"max-video-preview:-1"},"canonical":"https:\/\/www.ip.gov.py\/ip\/2021\/07\/08\/jair-bolsonaro-tras-asumir-la-presidencia-del-mercosur-debemos-tratar-la-flexibilizacion-de-negociaciones-con-paises-externos\/","og_locale":"es_ES","og_type":"article","og_title":"Tras asumir presidencia del Mercosur Bolsonaro pide flexibilizar negociaciones con pa\u00edses externos - .::Agencia IP::.","og_description":"Brasilia.-El mandatario brasile\u00f1o, Jair Bolsonaro, cuyo pa\u00eds asume este jueves la presidencia semestral del Mercosur, anunci\u00f3 en la Cumbre del bloque que mantendr\u00e1 sus \u201cesfuerzos\u201d por \u201cla revisi\u00f3n de aranceles externos comunes y la flexibilidad para las negociaciones\u201d comerciales.","og_url":"https:\/\/www.ip.gov.py\/ip\/2021\/07\/08\/jair-bolsonaro-tras-asumir-la-presidencia-del-mercosur-debemos-tratar-la-flexibilizacion-de-negociaciones-con-paises-externos\/","og_site_name":".::Agencia IP::.","article_publisher":"https:\/\/www.facebook.com\/IPParaguay\/","article_published_time":"2021-07-08T17:04:52+00:00","article_modified_time":"2021-07-08T17:19:41+00:00","og_image":[{"width":1200,"height":675,"url":"https:\/\/www.ip.gov.py\/ip\/wp-content\/uploads\/2021\/07\/Brasil-2.jpg","type":"image\/jpeg"}],"author":"vrios","twitter_card":"summary_large_image","twitter_creator":"@IPParaguay","twitter_site":"@IPParaguay","twitter_misc":{"Escrito por":"vrios","Tiempo de lectura":"2 minutos"},"schema":{"@context":"https:\/\/schema.org","@graph":[{"@type":"Article","@id":"https:\/\/www.ip.gov.py\/ip\/2021\/07\/08\/jair-bolsonaro-tras-asumir-la-presidencia-del-mercosur-debemos-tratar-la-flexibilizacion-de-negociaciones-con-paises-externos\/#article","isPartOf":{"@id":"https:\/\/www.ip.gov.py\/ip\/2021\/07\/08\/jair-bolsonaro-tras-asumir-la-presidencia-del-mercosur-debemos-tratar-la-flexibilizacion-de-negociaciones-con-paises-externos\/"},"author":{"name":"vrios","@id":"https:\/\/www.ip.gov.py\/ip\/#\/schema\/person\/fa3668852e893cb0423795330f919039"},"headline":"Tras asumir presidencia del Mercosur Bolsonaro pide flexibilizar negociaciones con pa\u00edses externos","datePublished":"2021-07-08T17:04:52+00:00","dateModified":"2021-07-08T17:19:41+00:00","mainEntityOfPage":{"@id":"https:\/\/www.ip.gov.py\/ip\/2021\/07\/08\/jair-bolsonaro-tras-asumir-la-presidencia-del-mercosur-debemos-tratar-la-flexibilizacion-de-negociaciones-con-paises-externos\/"},"wordCount":388,"publisher":{"@id":"https:\/\/www.ip.gov.py\/ip\/#organization"},"image":{"@id":"https:\/\/www.ip.gov.py\/ip\/2021\/07\/08\/jair-bolsonaro-tras-asumir-la-presidencia-del-mercosur-debemos-tratar-la-flexibilizacion-de-negociaciones-con-paises-externos\/#primaryimage"},"thumbnailUrl":"https:\/\/www.ip.gov.py\/ip\/wp-content\/uploads\/2021\/07\/Brasil-2.jpg","keywords":["Bolsonaro","Brasil","Mercosur","negociaci\u00f3n"],"articleSection":["Internacionales"],"inLanguage":"es"},{"@type":"WebPage","@id":"https:\/\/www.ip.gov.py\/ip\/2021\/07\/08\/jair-bolsonaro-tras-asumir-la-presidencia-del-mercosur-debemos-tratar-la-flexibilizacion-de-negociaciones-con-paises-externos\/","url":"https:\/\/www.ip.gov.py\/ip\/2021\/07\/08\/jair-bolsonaro-tras-asumir-la-presidencia-del-mercosur-debemos-tratar-la-flexibilizacion-de-negociaciones-con-paises-externos\/","name":"Tras asumir presidencia del Mercosur Bolsonaro pide flexibilizar negociaciones con pa\u00edses externos - .::Agencia IP::.","isPartOf":{"@id":"https:\/\/www.ip.gov.py\/ip\/#website"},"primaryImageOfPage":{"@id":"https:\/\/www.ip.gov.py\/ip\/2021\/07\/08\/jair-bolsonaro-tras-asumir-la-presidencia-del-mercosur-debemos-tratar-la-flexibilizacion-de-negociaciones-con-paises-externos\/#primaryimage"},"image":{"@id":"https:\/\/www.ip.gov.py\/ip\/2021\/07\/08\/jair-bolsonaro-tras-asumir-la-presidencia-del-mercosur-debemos-tratar-la-flexibilizacion-de-negociaciones-con-paises-externos\/#primaryimage"},"thumbnailUrl":"https:\/\/www.ip.gov.py\/ip\/wp-content\/uploads\/2021\/07\/Brasil-2.jpg","datePublished":"2021-07-08T17:04:52+00:00","dateModified":"2021-07-08T17:19:41+00:00","breadcrumb":{"@id":"https:\/\/www.ip.gov.py\/ip\/2021\/07\/08\/jair-bolsonaro-tras-asumir-la-presidencia-del-mercosur-debemos-tratar-la-flexibilizacion-de-negociaciones-con-paises-externos\/#breadcrumb"},"inLanguage":"es","potentialAction":[{"@type":"ReadAction","target":["https:\/\/www.ip.gov.py\/ip\/2021\/07\/08\/jair-bolsonaro-tras-asumir-la-presidencia-del-mercosur-debemos-tratar-la-flexibilizacion-de-negociaciones-con-paises-externos\/"]}]},{"@type":"ImageObject","inLanguage":"es","@id":"https:\/\/www.ip.gov.py\/ip\/2021\/07\/08\/jair-bolsonaro-tras-asumir-la-presidencia-del-mercosur-debemos-tratar-la-flexibilizacion-de-negociaciones-con-paises-externos\/#primaryimage","url":"https:\/\/www.ip.gov.py\/ip\/wp-content\/uploads\/2021\/07\/Brasil-2.jpg","contentUrl":"https:\/\/www.ip.gov.py\/ip\/wp-content\/uploads\/2021\/07\/Brasil-2.jpg","width":1200,"height":675,"caption":"Semana.com"},{"@type":"BreadcrumbList","@id":"https:\/\/www.ip.gov.py\/ip\/2021\/07\/08\/jair-bolsonaro-tras-asumir-la-presidencia-del-mercosur-debemos-tratar-la-flexibilizacion-de-negociaciones-con-paises-externos\/#breadcrumb","itemListElement":[{"@type":"ListItem","position":1,"name":"Portada","item":"https:\/\/www.ip.gov.py\/ip\/"},{"@type":"ListItem","position":2,"name":"Tras asumir presidencia del Mercosur Bolsonaro pide flexibilizar negociaciones con pa\u00edses externos"}]},{"@type":"WebSite","@id":"https:\/\/www.ip.gov.py\/ip\/#website","url":"https:\/\/www.ip.gov.py\/ip\/","name":".::Agencia IP::.","description":"","publisher":{"@id":"https:\/\/www.ip.gov.py\/ip\/#organization"},"potentialAction":[{"@type":"SearchAction","target":{"@type":"EntryPoint","urlTemplate":"https:\/\/www.ip.gov.py\/ip\/?s={search_term_string}"},"query-input":{"@type":"PropertyValueSpecification","valueRequired":true,"valueName":"search_term_string"}}],"inLanguage":"es"},{"@type":"Organization","@id":"https:\/\/www.ip.gov.py\/ip\/#organization","name":"Agencia IP","url":"https:\/\/www.ip.gov.py\/ip\/","logo":{"@type":"ImageObject","inLanguage":"es","@id":"https:\/\/www.ip.gov.py\/ip\/#\/schema\/logo\/image\/","url":"https:\/\/www.ip.gov.py\/ip\/wp-content\/uploads\/2018\/01\/Agencia-IP.jpg","contentUrl":"https:\/\/www.ip.gov.py\/ip\/wp-content\/uploads\/2018\/01\/Agencia-IP.jpg","width":150,"height":150,"caption":"Agencia IP"},"image":{"@id":"https:\/\/www.ip.gov.py\/ip\/#\/schema\/logo\/image\/"},"sameAs":["https:\/\/www.facebook.com\/IPParaguay\/","https:\/\/x.com\/IPParaguay","https:\/\/www.instagram.com\/IPParaguay"]},{"@type":"Person","@id":"https:\/\/www.ip.gov.py\/ip\/#\/schema\/person\/fa3668852e893cb0423795330f919039","name":"vrios","url":"https:\/\/www.ip.gov.py\/ip\/author\/vrios\/"}]}},"_links":{"self":[{"href":"https:\/\/www.ip.gov.py\/ip\/wp-json\/wp\/v2\/posts\/373729","targetHints":{"allow":["GET"]}}],"collection":[{"href":"https:\/\/www.ip.gov.py\/ip\/wp-json\/wp\/v2\/posts"}],"about":[{"href":"https:\/\/www.ip.gov.py\/ip\/wp-json\/wp\/v2\/types\/post"}],"author":[{"embeddable":true,"href":"https:\/\/www.ip.gov.py\/ip\/wp-json\/wp\/v2\/users\/11"}],"replies":[{"embeddable":true,"href":"https:\/\/www.ip.gov.py\/ip\/wp-json\/wp\/v2\/comments?post=373729"}],"version-history":[{"count":0,"href":"https:\/\/www.ip.gov.py\/ip\/wp-json\/wp\/v2\/posts\/373729\/revisions"}],"wp:featuredmedia":[{"embeddable":true,"href":"https:\/\/www.ip.gov.py\/ip\/wp-json\/wp\/v2\/media\/373731"}],"wp:attachment":[{"href":"https:\/\/www.ip.gov.py\/ip\/wp-json\/wp\/v2\/media?parent=373729"}],"wp:term":[{"taxonomy":"category","embeddable":true,"href":"https:\/\/www.ip.gov.py\/ip\/wp-json\/wp\/v2\/categories?post=373729"},{"taxonomy":"post_tag","embeddable":true,"href":"https:\/\/www.ip.gov.py\/ip\/wp-json\/wp\/v2\/tags?post=373729"}],"curies":[{"name":"wp","href":"https:\/\/api.w.org\/{rel}","templated":true}]}}