{"id":373866,"date":"2021-07-09T12:37:39","date_gmt":"2021-07-09T16:37:39","guid":{"rendered":"https:\/\/www.ip.gov.py\/ip\/?p=373866"},"modified":"2021-07-09T12:56:48","modified_gmt":"2021-07-09T16:56:48","slug":"vacunadores-de-salud-se-capacitaran-durante-el-fin-de-semana","status":"publish","type":"post","link":"https:\/\/www.ip.gov.py\/ip\/2021\/07\/09\/vacunadores-de-salud-se-capacitaran-durante-el-fin-de-semana\/","title":{"rendered":"Vacunadores de Salud se capacitar\u00e1n durante el fin de semana"},"content":{"rendered":"<p style=\"text-align: justify;\"><em><strong>Asunci\u00f3n, Agencia IP.-<\/strong><\/em> El fin de semana no se prev\u00e9 la vacunaci\u00f3n anticovid a la poblaci\u00f3n, ya que los vacunadores se capacitar\u00e1n este s\u00e1bado 10 y domingo 11 para la aplicaci\u00f3n de la dosis Pfizer, cuya llegada al pa\u00eds se prev\u00e9 para este viernes.<!--more--><\/p>\n<p style=\"text-align: justify;\">En contacto con Radio Nacional del Paraguay, el doctor Roque Silva, director de la Und\u00e9cima Regi\u00f3n Sanitaria \u2013 Central, explic\u00f3 que la capacitaci\u00f3n se debe a que el biol\u00f3gico cuenta con una preparaci\u00f3n diferente a las otras plataformas.<\/p>\n<p style=\"text-align: justify;\">\u201cEste fin de semana nos capacitamos. La Pfizer viene congelada y se prepara en los vacunatorios, tiene su t\u00e9cnica, es la m\u00e1s sensible de preparar\u201d, remarc\u00f3.<\/p>\n<p style=\"text-align: justify;\">Expres\u00f3 que es una vacuna deseada en muchos pa\u00edses, y que por cuestiones pol\u00edticas no todos la tienen; por lo que apel\u00f3 a la poblaci\u00f3n en general a acudir a los 217 vacunatorios del pa\u00eds, ya que los biol\u00f3gicos ayudan a salvar vidas, y no importa si son donadas o compradas.<\/p>\n<p style=\"text-align: justify;\">\u201cEstamos m\u00e1s que seguros que las vacunas cambian vidas. Esperamos que lleguen con mucha ilusi\u00f3n y alegr\u00eda, son dosis de esperanza. Que la gente est\u00e9 contenta, que vaya feliz a los vacunatorios, su dosis le va a esperar, que nada le quite el foco de que se necesita recibir la vacuna, y a cuidarse. Vacunate por vos y por los tuyos, la mejor vacuna es la que te toca\u201d, subray\u00f3 el profesional.<\/p>\n<p style=\"text-align: justify;\">Explic\u00f3 que la segunda dosis de la Pfizer se aplica luego de tres semanas, entre 21 a 42 d\u00edas despu\u00e9s. \u201cEsta vacuna, las 1.000.000 que recibiremos, 500.000 son para primera dosis, y las otras 500.000 para segunda dosis\u201d, concluy\u00f3.<\/p>\n<p style=\"text-align: justify;\">Asever\u00f3 que hoy \u201cla vacunaci\u00f3n es una causa nacional\u201d, y por esta raz\u00f3n varias instituciones gubernamentales se unieron para ayudar con el Ministerio de Salud P\u00fablico y Bienestar Social; de modo a que desde el martes, puedan vacunarse las personas de 35 a\u00f1os en adelante, con o sin enfermedad de base.<\/p>\n<p style=\"text-align: justify;\">\u201cLa otra cara de la pandemia es la alegr\u00eda de recibir la vacuna, pero no nos olvidamos de esos que est\u00e1n sufriendo en los hospitales. Hoy todav\u00eda la terapia intensiva tiene una ocupaci\u00f3n del 100%, y las salas comunes, con 80%. Estamos empezando a respirar, pero necesitamos que la gente se vacune\u201d, subray\u00f3.<\/p>\n<p style=\"text-align: justify;\">\u201cSilenciosamente hemos llegado casi a 1.000.000 de personas vacunadas con al menos 1 dosis y eso se tiene que rescatar\u201d, enfatiz\u00f3 el doctor Silva<\/p>\n<p style=\"text-align: justify;\">Por otra parte, se refiri\u00f3 al mega vacunatorio que estar\u00e1 en el aut\u00f3dromo Rub\u00e9n Dumot ex Aratir\u00ed, en Capiat\u00e1, Central, que se habilitar\u00e1 desde el lunes para la atenci\u00f3n a la poblaci\u00f3n las 24 horas, y los siete d\u00edas de la semana.<\/p>\n<p style=\"text-align: justify;\">\u201cLas personas que van a ir al vacunatorio Rub\u00e9n Dumot, no se tendr\u00e1 en cuenta la terminaci\u00f3n de c\u00e9dula. \u00a0En el mega vacunatorio tenemos 23 brigadas de vacunaci\u00f3n que trabajar\u00e1n en horarios rotativos, que son de 3 turnos de 8 horas cada uno\u201d, record\u00f3.<\/p>\n","protected":false},"excerpt":{"rendered":"<p>Asunci\u00f3n, Agencia IP.- El fin de semana no se prev\u00e9 la vacunaci\u00f3n anticovid a la poblaci\u00f3n, ya que los vacunadores se capacitar\u00e1n este s\u00e1bado 10 y domingo 11 para la aplicaci\u00f3n de la dosis Pfizer, cuya llegada al pa\u00eds se prev\u00e9 para este viernes.<\/p>\n","protected":false},"author":29,"featured_media":371811,"comment_status":"closed","ping_status":"closed","sticky":false,"template":"","format":"standard","meta":{"_monsterinsights_skip_tracking":false,"_monsterinsights_sitenote_active":false,"_monsterinsights_sitenote_note":"","_monsterinsights_sitenote_category":0,"footnotes":""},"categories":[2,4,2987],"tags":[7593,184,3425,6691,3705,4312],"class_list":{"0":"post-373866","1":"post","2":"type-post","3":"status-publish","4":"format-standard","5":"has-post-thumbnail","7":"category-destacado","8":"category-nacionales","9":"category-salud","10":"tag-mega-vacunatorio","11":"tag-mspbs","12":"tag-pfizer","13":"tag-vacuna-anticovid","14":"tag-vacunatorios","15":"tag-xi-region-sanitaria"},"yoast_head":"<!-- This site is optimized with the Yoast SEO plugin v27.5 - https:\/\/yoast.com\/product\/yoast-seo-wordpress\/ -->\n<title>Vacunadores de Salud se capacitar\u00e1n durante el fin de semana - .::Agencia IP::.<\/title>\n<meta name=\"robots\" content=\"index, follow, max-snippet:-1, max-image-preview:large, max-video-preview:-1\" \/>\n<link rel=\"canonical\" href=\"https:\/\/www.ip.gov.py\/ip\/2021\/07\/09\/vacunadores-de-salud-se-capacitaran-durante-el-fin-de-semana\/\" \/>\n<meta property=\"og:locale\" content=\"es_ES\" \/>\n<meta property=\"og:type\" content=\"article\" \/>\n<meta property=\"og:title\" content=\"Vacunadores de Salud se capacitar\u00e1n durante el fin de semana - .::Agencia IP::.\" \/>\n<meta property=\"og:description\" content=\"Asunci\u00f3n, Agencia IP.- El fin de semana no se prev\u00e9 la vacunaci\u00f3n anticovid a la poblaci\u00f3n, ya que los vacunadores se capacitar\u00e1n este s\u00e1bado 10 y domingo 11 para la aplicaci\u00f3n de la dosis Pfizer, cuya llegada al pa\u00eds se prev\u00e9 para este viernes.\" \/>\n<meta property=\"og:url\" content=\"https:\/\/www.ip.gov.py\/ip\/2021\/07\/09\/vacunadores-de-salud-se-capacitaran-durante-el-fin-de-semana\/\" \/>\n<meta property=\"og:site_name\" content=\".::Agencia IP::.\" \/>\n<meta property=\"article:publisher\" content=\"https:\/\/www.facebook.com\/IPParaguay\/\" \/>\n<meta property=\"article:published_time\" content=\"2021-07-09T16:37:39+00:00\" \/>\n<meta property=\"article:modified_time\" content=\"2021-07-09T16:56:48+00:00\" \/>\n<meta property=\"og:image\" content=\"https:\/\/www.ip.gov.py\/ip\/wp-content\/uploads\/2021\/06\/vacunacion-contra-el-coronavirus-adultos-mayores.jpg\" \/>\n\t<meta property=\"og:image:width\" content=\"1253\" \/>\n\t<meta property=\"og:image:height\" content=\"861\" \/>\n\t<meta property=\"og:image:type\" content=\"image\/jpeg\" \/>\n<meta name=\"author\" content=\"jzelada\" \/>\n<meta name=\"twitter:card\" content=\"summary_large_image\" \/>\n<meta name=\"twitter:creator\" content=\"@IPParaguay\" \/>\n<meta name=\"twitter:site\" content=\"@IPParaguay\" \/>\n<meta name=\"twitter:label1\" content=\"Escrito por\" \/>\n\t<meta name=\"twitter:data1\" content=\"jzelada\" \/>\n\t<meta name=\"twitter:label2\" content=\"Tiempo de lectura\" \/>\n\t<meta name=\"twitter:data2\" content=\"3 minutos\" \/>\n<script type=\"application\/ld+json\" class=\"yoast-schema-graph\">{\"@context\":\"https:\\\/\\\/schema.org\",\"@graph\":[{\"@type\":\"Article\",\"@id\":\"https:\\\/\\\/www.ip.gov.py\\\/ip\\\/2021\\\/07\\\/09\\\/vacunadores-de-salud-se-capacitaran-durante-el-fin-de-semana\\\/#article\",\"isPartOf\":{\"@id\":\"https:\\\/\\\/www.ip.gov.py\\\/ip\\\/2021\\\/07\\\/09\\\/vacunadores-de-salud-se-capacitaran-durante-el-fin-de-semana\\\/\"},\"author\":{\"name\":\"jzelada\",\"@id\":\"https:\\\/\\\/www.ip.gov.py\\\/ip\\\/#\\\/schema\\\/person\\\/b0f4c235f0f0d7a0985bbb33c6a7941e\"},\"headline\":\"Vacunadores de Salud se capacitar\u00e1n durante el fin de semana\",\"datePublished\":\"2021-07-09T16:37:39+00:00\",\"dateModified\":\"2021-07-09T16:56:48+00:00\",\"mainEntityOfPage\":{\"@id\":\"https:\\\/\\\/www.ip.gov.py\\\/ip\\\/2021\\\/07\\\/09\\\/vacunadores-de-salud-se-capacitaran-durante-el-fin-de-semana\\\/\"},\"wordCount\":520,\"publisher\":{\"@id\":\"https:\\\/\\\/www.ip.gov.py\\\/ip\\\/#organization\"},\"image\":{\"@id\":\"https:\\\/\\\/www.ip.gov.py\\\/ip\\\/2021\\\/07\\\/09\\\/vacunadores-de-salud-se-capacitaran-durante-el-fin-de-semana\\\/#primaryimage\"},\"thumbnailUrl\":\"https:\\\/\\\/www.ip.gov.py\\\/ip\\\/wp-content\\\/uploads\\\/2021\\\/06\\\/vacunacion-contra-el-coronavirus-adultos-mayores.jpg\",\"keywords\":[\"mega vacunatorio\",\"MSPBS\",\"Pfizer\",\"vacuna anticovid\",\"vacunatorios\",\"XI Regi\u00f3n Sanitaria\"],\"articleSection\":[\"Destacado\",\"Nacionales\",\"Salud\"],\"inLanguage\":\"es\"},{\"@type\":\"WebPage\",\"@id\":\"https:\\\/\\\/www.ip.gov.py\\\/ip\\\/2021\\\/07\\\/09\\\/vacunadores-de-salud-se-capacitaran-durante-el-fin-de-semana\\\/\",\"url\":\"https:\\\/\\\/www.ip.gov.py\\\/ip\\\/2021\\\/07\\\/09\\\/vacunadores-de-salud-se-capacitaran-durante-el-fin-de-semana\\\/\",\"name\":\"Vacunadores de Salud se capacitar\u00e1n durante el fin de semana - .::Agencia IP::.\",\"isPartOf\":{\"@id\":\"https:\\\/\\\/www.ip.gov.py\\\/ip\\\/#website\"},\"primaryImageOfPage\":{\"@id\":\"https:\\\/\\\/www.ip.gov.py\\\/ip\\\/2021\\\/07\\\/09\\\/vacunadores-de-salud-se-capacitaran-durante-el-fin-de-semana\\\/#primaryimage\"},\"image\":{\"@id\":\"https:\\\/\\\/www.ip.gov.py\\\/ip\\\/2021\\\/07\\\/09\\\/vacunadores-de-salud-se-capacitaran-durante-el-fin-de-semana\\\/#primaryimage\"},\"thumbnailUrl\":\"https:\\\/\\\/www.ip.gov.py\\\/ip\\\/wp-content\\\/uploads\\\/2021\\\/06\\\/vacunacion-contra-el-coronavirus-adultos-mayores.jpg\",\"datePublished\":\"2021-07-09T16:37:39+00:00\",\"dateModified\":\"2021-07-09T16:56:48+00:00\",\"breadcrumb\":{\"@id\":\"https:\\\/\\\/www.ip.gov.py\\\/ip\\\/2021\\\/07\\\/09\\\/vacunadores-de-salud-se-capacitaran-durante-el-fin-de-semana\\\/#breadcrumb\"},\"inLanguage\":\"es\",\"potentialAction\":[{\"@type\":\"ReadAction\",\"target\":[\"https:\\\/\\\/www.ip.gov.py\\\/ip\\\/2021\\\/07\\\/09\\\/vacunadores-de-salud-se-capacitaran-durante-el-fin-de-semana\\\/\"]}]},{\"@type\":\"ImageObject\",\"inLanguage\":\"es\",\"@id\":\"https:\\\/\\\/www.ip.gov.py\\\/ip\\\/2021\\\/07\\\/09\\\/vacunadores-de-salud-se-capacitaran-durante-el-fin-de-semana\\\/#primaryimage\",\"url\":\"https:\\\/\\\/www.ip.gov.py\\\/ip\\\/wp-content\\\/uploads\\\/2021\\\/06\\\/vacunacion-contra-el-coronavirus-adultos-mayores.jpg\",\"contentUrl\":\"https:\\\/\\\/www.ip.gov.py\\\/ip\\\/wp-content\\\/uploads\\\/2021\\\/06\\\/vacunacion-contra-el-coronavirus-adultos-mayores.jpg\",\"width\":1253,\"height\":861,\"caption\":\"Desde este martes se vacunan las personas mayores de 35 a\u00f1os con la vacuna Pfizer, por lo que el fin de semana ser\u00e1n capacitados los vacunadores. Foto Ilustrativa.-\"},{\"@type\":\"BreadcrumbList\",\"@id\":\"https:\\\/\\\/www.ip.gov.py\\\/ip\\\/2021\\\/07\\\/09\\\/vacunadores-de-salud-se-capacitaran-durante-el-fin-de-semana\\\/#breadcrumb\",\"itemListElement\":[{\"@type\":\"ListItem\",\"position\":1,\"name\":\"Portada\",\"item\":\"https:\\\/\\\/www.ip.gov.py\\\/ip\\\/\"},{\"@type\":\"ListItem\",\"position\":2,\"name\":\"Vacunadores de Salud se capacitar\u00e1n durante el fin de semana\"}]},{\"@type\":\"WebSite\",\"@id\":\"https:\\\/\\\/www.ip.gov.py\\\/ip\\\/#website\",\"url\":\"https:\\\/\\\/www.ip.gov.py\\\/ip\\\/\",\"name\":\".::Agencia IP::.\",\"description\":\"\",\"publisher\":{\"@id\":\"https:\\\/\\\/www.ip.gov.py\\\/ip\\\/#organization\"},\"potentialAction\":[{\"@type\":\"SearchAction\",\"target\":{\"@type\":\"EntryPoint\",\"urlTemplate\":\"https:\\\/\\\/www.ip.gov.py\\\/ip\\\/?s={search_term_string}\"},\"query-input\":{\"@type\":\"PropertyValueSpecification\",\"valueRequired\":true,\"valueName\":\"search_term_string\"}}],\"inLanguage\":\"es\"},{\"@type\":\"Organization\",\"@id\":\"https:\\\/\\\/www.ip.gov.py\\\/ip\\\/#organization\",\"name\":\"Agencia IP\",\"url\":\"https:\\\/\\\/www.ip.gov.py\\\/ip\\\/\",\"logo\":{\"@type\":\"ImageObject\",\"inLanguage\":\"es\",\"@id\":\"https:\\\/\\\/www.ip.gov.py\\\/ip\\\/#\\\/schema\\\/logo\\\/image\\\/\",\"url\":\"https:\\\/\\\/www.ip.gov.py\\\/ip\\\/wp-content\\\/uploads\\\/2018\\\/01\\\/Agencia-IP.jpg\",\"contentUrl\":\"https:\\\/\\\/www.ip.gov.py\\\/ip\\\/wp-content\\\/uploads\\\/2018\\\/01\\\/Agencia-IP.jpg\",\"width\":150,\"height\":150,\"caption\":\"Agencia IP\"},\"image\":{\"@id\":\"https:\\\/\\\/www.ip.gov.py\\\/ip\\\/#\\\/schema\\\/logo\\\/image\\\/\"},\"sameAs\":[\"https:\\\/\\\/www.facebook.com\\\/IPParaguay\\\/\",\"https:\\\/\\\/x.com\\\/IPParaguay\",\"https:\\\/\\\/www.instagram.com\\\/IPParaguay\"]},{\"@type\":\"Person\",\"@id\":\"https:\\\/\\\/www.ip.gov.py\\\/ip\\\/#\\\/schema\\\/person\\\/b0f4c235f0f0d7a0985bbb33c6a7941e\",\"name\":\"jzelada\",\"url\":\"https:\\\/\\\/www.ip.gov.py\\\/ip\\\/author\\\/jzelada\\\/\"}]}<\/script>\n<!-- \/ Yoast SEO plugin. -->","yoast_head_json":{"title":"Vacunadores de Salud se capacitar\u00e1n durante el fin de semana - .::Agencia IP::.","robots":{"index":"index","follow":"follow","max-snippet":"max-snippet:-1","max-image-preview":"max-image-preview:large","max-video-preview":"max-video-preview:-1"},"canonical":"https:\/\/www.ip.gov.py\/ip\/2021\/07\/09\/vacunadores-de-salud-se-capacitaran-durante-el-fin-de-semana\/","og_locale":"es_ES","og_type":"article","og_title":"Vacunadores de Salud se capacitar\u00e1n durante el fin de semana - .::Agencia IP::.","og_description":"Asunci\u00f3n, Agencia IP.- El fin de semana no se prev\u00e9 la vacunaci\u00f3n anticovid a la poblaci\u00f3n, ya que los vacunadores se capacitar\u00e1n este s\u00e1bado 10 y domingo 11 para la aplicaci\u00f3n de la dosis Pfizer, cuya llegada al pa\u00eds se prev\u00e9 para este viernes.","og_url":"https:\/\/www.ip.gov.py\/ip\/2021\/07\/09\/vacunadores-de-salud-se-capacitaran-durante-el-fin-de-semana\/","og_site_name":".::Agencia IP::.","article_publisher":"https:\/\/www.facebook.com\/IPParaguay\/","article_published_time":"2021-07-09T16:37:39+00:00","article_modified_time":"2021-07-09T16:56:48+00:00","og_image":[{"width":1253,"height":861,"url":"https:\/\/www.ip.gov.py\/ip\/wp-content\/uploads\/2021\/06\/vacunacion-contra-el-coronavirus-adultos-mayores.jpg","type":"image\/jpeg"}],"author":"jzelada","twitter_card":"summary_large_image","twitter_creator":"@IPParaguay","twitter_site":"@IPParaguay","twitter_misc":{"Escrito por":"jzelada","Tiempo de lectura":"3 minutos"},"schema":{"@context":"https:\/\/schema.org","@graph":[{"@type":"Article","@id":"https:\/\/www.ip.gov.py\/ip\/2021\/07\/09\/vacunadores-de-salud-se-capacitaran-durante-el-fin-de-semana\/#article","isPartOf":{"@id":"https:\/\/www.ip.gov.py\/ip\/2021\/07\/09\/vacunadores-de-salud-se-capacitaran-durante-el-fin-de-semana\/"},"author":{"name":"jzelada","@id":"https:\/\/www.ip.gov.py\/ip\/#\/schema\/person\/b0f4c235f0f0d7a0985bbb33c6a7941e"},"headline":"Vacunadores de Salud se capacitar\u00e1n durante el fin de semana","datePublished":"2021-07-09T16:37:39+00:00","dateModified":"2021-07-09T16:56:48+00:00","mainEntityOfPage":{"@id":"https:\/\/www.ip.gov.py\/ip\/2021\/07\/09\/vacunadores-de-salud-se-capacitaran-durante-el-fin-de-semana\/"},"wordCount":520,"publisher":{"@id":"https:\/\/www.ip.gov.py\/ip\/#organization"},"image":{"@id":"https:\/\/www.ip.gov.py\/ip\/2021\/07\/09\/vacunadores-de-salud-se-capacitaran-durante-el-fin-de-semana\/#primaryimage"},"thumbnailUrl":"https:\/\/www.ip.gov.py\/ip\/wp-content\/uploads\/2021\/06\/vacunacion-contra-el-coronavirus-adultos-mayores.jpg","keywords":["mega vacunatorio","MSPBS","Pfizer","vacuna anticovid","vacunatorios","XI Regi\u00f3n Sanitaria"],"articleSection":["Destacado","Nacionales","Salud"],"inLanguage":"es"},{"@type":"WebPage","@id":"https:\/\/www.ip.gov.py\/ip\/2021\/07\/09\/vacunadores-de-salud-se-capacitaran-durante-el-fin-de-semana\/","url":"https:\/\/www.ip.gov.py\/ip\/2021\/07\/09\/vacunadores-de-salud-se-capacitaran-durante-el-fin-de-semana\/","name":"Vacunadores de Salud se capacitar\u00e1n durante el fin de semana - .::Agencia IP::.","isPartOf":{"@id":"https:\/\/www.ip.gov.py\/ip\/#website"},"primaryImageOfPage":{"@id":"https:\/\/www.ip.gov.py\/ip\/2021\/07\/09\/vacunadores-de-salud-se-capacitaran-durante-el-fin-de-semana\/#primaryimage"},"image":{"@id":"https:\/\/www.ip.gov.py\/ip\/2021\/07\/09\/vacunadores-de-salud-se-capacitaran-durante-el-fin-de-semana\/#primaryimage"},"thumbnailUrl":"https:\/\/www.ip.gov.py\/ip\/wp-content\/uploads\/2021\/06\/vacunacion-contra-el-coronavirus-adultos-mayores.jpg","datePublished":"2021-07-09T16:37:39+00:00","dateModified":"2021-07-09T16:56:48+00:00","breadcrumb":{"@id":"https:\/\/www.ip.gov.py\/ip\/2021\/07\/09\/vacunadores-de-salud-se-capacitaran-durante-el-fin-de-semana\/#breadcrumb"},"inLanguage":"es","potentialAction":[{"@type":"ReadAction","target":["https:\/\/www.ip.gov.py\/ip\/2021\/07\/09\/vacunadores-de-salud-se-capacitaran-durante-el-fin-de-semana\/"]}]},{"@type":"ImageObject","inLanguage":"es","@id":"https:\/\/www.ip.gov.py\/ip\/2021\/07\/09\/vacunadores-de-salud-se-capacitaran-durante-el-fin-de-semana\/#primaryimage","url":"https:\/\/www.ip.gov.py\/ip\/wp-content\/uploads\/2021\/06\/vacunacion-contra-el-coronavirus-adultos-mayores.jpg","contentUrl":"https:\/\/www.ip.gov.py\/ip\/wp-content\/uploads\/2021\/06\/vacunacion-contra-el-coronavirus-adultos-mayores.jpg","width":1253,"height":861,"caption":"Desde este martes se vacunan las personas mayores de 35 a\u00f1os con la vacuna Pfizer, por lo que el fin de semana ser\u00e1n capacitados los vacunadores. Foto Ilustrativa.-"},{"@type":"BreadcrumbList","@id":"https:\/\/www.ip.gov.py\/ip\/2021\/07\/09\/vacunadores-de-salud-se-capacitaran-durante-el-fin-de-semana\/#breadcrumb","itemListElement":[{"@type":"ListItem","position":1,"name":"Portada","item":"https:\/\/www.ip.gov.py\/ip\/"},{"@type":"ListItem","position":2,"name":"Vacunadores de Salud se capacitar\u00e1n durante el fin de semana"}]},{"@type":"WebSite","@id":"https:\/\/www.ip.gov.py\/ip\/#website","url":"https:\/\/www.ip.gov.py\/ip\/","name":".::Agencia IP::.","description":"","publisher":{"@id":"https:\/\/www.ip.gov.py\/ip\/#organization"},"potentialAction":[{"@type":"SearchAction","target":{"@type":"EntryPoint","urlTemplate":"https:\/\/www.ip.gov.py\/ip\/?s={search_term_string}"},"query-input":{"@type":"PropertyValueSpecification","valueRequired":true,"valueName":"search_term_string"}}],"inLanguage":"es"},{"@type":"Organization","@id":"https:\/\/www.ip.gov.py\/ip\/#organization","name":"Agencia IP","url":"https:\/\/www.ip.gov.py\/ip\/","logo":{"@type":"ImageObject","inLanguage":"es","@id":"https:\/\/www.ip.gov.py\/ip\/#\/schema\/logo\/image\/","url":"https:\/\/www.ip.gov.py\/ip\/wp-content\/uploads\/2018\/01\/Agencia-IP.jpg","contentUrl":"https:\/\/www.ip.gov.py\/ip\/wp-content\/uploads\/2018\/01\/Agencia-IP.jpg","width":150,"height":150,"caption":"Agencia IP"},"image":{"@id":"https:\/\/www.ip.gov.py\/ip\/#\/schema\/logo\/image\/"},"sameAs":["https:\/\/www.facebook.com\/IPParaguay\/","https:\/\/x.com\/IPParaguay","https:\/\/www.instagram.com\/IPParaguay"]},{"@type":"Person","@id":"https:\/\/www.ip.gov.py\/ip\/#\/schema\/person\/b0f4c235f0f0d7a0985bbb33c6a7941e","name":"jzelada","url":"https:\/\/www.ip.gov.py\/ip\/author\/jzelada\/"}]}},"_links":{"self":[{"href":"https:\/\/www.ip.gov.py\/ip\/wp-json\/wp\/v2\/posts\/373866","targetHints":{"allow":["GET"]}}],"collection":[{"href":"https:\/\/www.ip.gov.py\/ip\/wp-json\/wp\/v2\/posts"}],"about":[{"href":"https:\/\/www.ip.gov.py\/ip\/wp-json\/wp\/v2\/types\/post"}],"author":[{"embeddable":true,"href":"https:\/\/www.ip.gov.py\/ip\/wp-json\/wp\/v2\/users\/29"}],"replies":[{"embeddable":true,"href":"https:\/\/www.ip.gov.py\/ip\/wp-json\/wp\/v2\/comments?post=373866"}],"version-history":[{"count":0,"href":"https:\/\/www.ip.gov.py\/ip\/wp-json\/wp\/v2\/posts\/373866\/revisions"}],"wp:featuredmedia":[{"embeddable":true,"href":"https:\/\/www.ip.gov.py\/ip\/wp-json\/wp\/v2\/media\/371811"}],"wp:attachment":[{"href":"https:\/\/www.ip.gov.py\/ip\/wp-json\/wp\/v2\/media?parent=373866"}],"wp:term":[{"taxonomy":"category","embeddable":true,"href":"https:\/\/www.ip.gov.py\/ip\/wp-json\/wp\/v2\/categories?post=373866"},{"taxonomy":"post_tag","embeddable":true,"href":"https:\/\/www.ip.gov.py\/ip\/wp-json\/wp\/v2\/tags?post=373866"}],"curies":[{"name":"wp","href":"https:\/\/api.w.org\/{rel}","templated":true}]}}