{"id":374698,"date":"2021-07-14T09:56:43","date_gmt":"2021-07-14T13:56:43","guid":{"rendered":"https:\/\/www.ip.gov.py\/ip\/?p=374698"},"modified":"2021-07-14T14:43:19","modified_gmt":"2021-07-14T18:43:19","slug":"con-cifras-records-central-vacuno-este-martes-a-37-500-personas","status":"publish","type":"post","link":"https:\/\/www.ip.gov.py\/ip\/2021\/07\/14\/con-cifras-records-central-vacuno-este-martes-a-37-500-personas\/","title":{"rendered":"Con cifras r\u00e9cords, Central vacun\u00f3 este martes a 37.500 personas"},"content":{"rendered":"<p style=\"text-align: justify;\"><em><strong>Asunci\u00f3n, Agencia IP.-<\/strong><\/em> Central, el departamento m\u00e1s poblado del pa\u00eds, vacun\u00f3 contra el coronavirus, durante la jornada de este martes, a unas 37.500 personas de 35 a\u00f1os en adelante, llegando a cifras r\u00e9cords diarias.<!--more--><\/p>\n<p style=\"text-align: justify;\">El doctor Roque Silva, director de la Und\u00e9cima Regi\u00f3n Sanitaria, resalt\u00f3 que los vacunatorios de Central reportaron gran cantidad de inoculados, llegando a 27.500 vacunados, sin contar los del aut\u00f3dromo Rub\u00e9n Dumot ex Aratir\u00ed, donde se inmuniz\u00f3 a alrededor de 10.000 personas.<\/p>\n<p style=\"text-align: justify;\">\u201cVivimos un julio diferente y esperamos que eso se mantenga, por el bien de la gente, pero que se entienda que debemos seguir cuid\u00e1ndonos. Es una luz de esperanza en todo este tiempo tan dif\u00edcil que pasamos\u201d, asever\u00f3 Silva en comunicaci\u00f3n con Radio Nacional del Paraguay.<\/p>\n<p style=\"text-align: justify;\">\u201cEsperemos que esto vaya para adelante. La premisa es vacunar a la mayor cantidad de gente, en el menor tiempo posible\u201d, remarc\u00f3.<\/p>\n<p style=\"text-align: justify;\">Afirm\u00f3 que con la aplicaci\u00f3n de la vacuna anticovid, hay que seguir cumpliendo las medidas sanitarias. \u201cSi nosotros hacemos los papeles en regla esto pasar\u00e1 y se podr\u00e1 controlar\u201d, mencion\u00f3.<\/p>\n<p style=\"text-align: justify;\">\u201cNo tenemos que relajarnos, que no nos pase lo que le pas\u00f3 a otros pa\u00edses, con un efecto rebote. Si no nos cuidamos post vacuna nos puede ir mal. Yo ya aspiro a pasar una fiesta de fin de a\u00f1o diferente, si se puede sin tapabocas, pero por lo menos reunirnos en familia todos vacunados\u201d, agreg\u00f3.<\/p>\n<p style=\"text-align: justify;\">Detall\u00f3 que en el departamento Central se aplican los biol\u00f3gicos Moderna, Pfizer, y Sputnik V. \u00a0\u201cEstamos haciendo todo lo que podamos de entregar las vacunas disponibles y aplicar a la poblaci\u00f3n\u201d, a\u00f1adi\u00f3.<\/p>\n<p style=\"text-align: justify;\">Mencion\u00f3 que la adrenalina de la gente que llega a los vacunatorios hace que en varios lugares se hayan habilitado la vacunaci\u00f3n sin tener en cuenta la terminaci\u00f3n de la c\u00e9dula de identidad, adem\u00e1s del aut\u00f3dromo situado en Capiat\u00e1.<\/p>\n<p style=\"text-align: justify;\">Los otros lugares son Paseo Parque Villa Elisa, Paseo 1811 de Fernando de la Mora, Polideportivo de la Cooperativa Lambar\u00e9, Shopping San Lorenzo, Shopping Pinedo, CIMEE de Mariano Roque Alonso, Polideportivo Municipal de Fernando de la Mora, Vacunatorio Nacional de Capiat\u00e1, y Cerro \u00d1emby.<\/p>\n<h4 style=\"text-align: justify;\"><strong>Disminuci\u00f3n de casos en Central <\/strong><\/h4>\n<p style=\"text-align: justify;\">Por otra parte, el doctor Silva se\u00f1al\u00f3 que Central presenta una disminuci\u00f3n importante de casos positivos, ocupaci\u00f3n de camas en hospitales y fallecimientos.<\/p>\n<p style=\"text-align: justify;\">\u201cEn Central pr\u00e1cticamente llevamos el 30% a 35% del Ministerio. Esta semana la cifra es alrededor de 400 casos y fallecidos son entre 11 y 20. Son n\u00fameros que pr\u00e1cticamente los ten\u00edamos olvidados despu\u00e9s de bordear los 1.000 o 1.2000 casos, por eso para nosotros es auspicioso este momento dulce, pero hay que seguir cumpliendo con las medidas de control\u201d, enfatiz\u00f3.<\/p>\n<p style=\"text-align: justify;\">As\u00ed mismo, expres\u00f3 que \u00abes una situaci\u00f3n superada\u00bb la que se tuvo en cuanto a la provisi\u00f3n de medicamentos para tratamiento de covid-19 en los establecimientos sanitarios.<\/p>\n","protected":false},"excerpt":{"rendered":"<p>Asunci\u00f3n, Agencia IP.- Central, el departamento m\u00e1s poblado del pa\u00eds, vacun\u00f3 contra el coronavirus, durante la jornada de este martes, a unas 37.500 personas de 35 a\u00f1os en adelante, llegando a cifras r\u00e9cords diarias.<\/p>\n","protected":false},"author":29,"featured_media":374673,"comment_status":"closed","ping_status":"closed","sticky":false,"template":"","format":"standard","meta":{"_monsterinsights_skip_tracking":false,"_monsterinsights_sitenote_active":false,"_monsterinsights_sitenote_note":"","_monsterinsights_sitenote_category":0,"footnotes":""},"categories":[2,6,2987],"tags":[7439,7381,6691,3705,4312],"class_list":{"0":"post-374698","1":"post","2":"type-post","3":"status-publish","4":"format-standard","5":"has-post-thumbnail","7":"category-destacado","8":"category-politica","9":"category-salud","10":"tag-ex-aratiri","11":"tag-reduccion-de-casos","12":"tag-vacuna-anticovid","13":"tag-vacunatorios","14":"tag-xi-region-sanitaria"},"yoast_head":"<!-- This site is optimized with the Yoast SEO plugin v27.5 - https:\/\/yoast.com\/product\/yoast-seo-wordpress\/ -->\n<title>Con cifras r\u00e9cords, Central vacun\u00f3 este martes a 37.500 personas - .::Agencia IP::.<\/title>\n<meta name=\"robots\" content=\"index, follow, max-snippet:-1, max-image-preview:large, max-video-preview:-1\" \/>\n<link rel=\"canonical\" href=\"https:\/\/www.ip.gov.py\/ip\/2021\/07\/14\/con-cifras-records-central-vacuno-este-martes-a-37-500-personas\/\" \/>\n<meta property=\"og:locale\" content=\"es_ES\" \/>\n<meta property=\"og:type\" content=\"article\" \/>\n<meta property=\"og:title\" content=\"Con cifras r\u00e9cords, Central vacun\u00f3 este martes a 37.500 personas - .::Agencia IP::.\" \/>\n<meta property=\"og:description\" content=\"Asunci\u00f3n, Agencia IP.- Central, el departamento m\u00e1s poblado del pa\u00eds, vacun\u00f3 contra el coronavirus, durante la jornada de este martes, a unas 37.500 personas de 35 a\u00f1os en adelante, llegando a cifras r\u00e9cords diarias.\" \/>\n<meta property=\"og:url\" content=\"https:\/\/www.ip.gov.py\/ip\/2021\/07\/14\/con-cifras-records-central-vacuno-este-martes-a-37-500-personas\/\" \/>\n<meta property=\"og:site_name\" content=\".::Agencia IP::.\" \/>\n<meta property=\"article:publisher\" content=\"https:\/\/www.facebook.com\/IPParaguay\/\" \/>\n<meta property=\"article:published_time\" content=\"2021-07-14T13:56:43+00:00\" \/>\n<meta property=\"article:modified_time\" content=\"2021-07-14T18:43:19+00:00\" \/>\n<meta property=\"og:image\" content=\"https:\/\/www.ip.gov.py\/ip\/wp-content\/uploads\/2021\/07\/vacunanacion-tercera-jornada-19.jpg\" \/>\n\t<meta property=\"og:image:width\" content=\"1260\" \/>\n\t<meta property=\"og:image:height\" content=\"877\" \/>\n\t<meta property=\"og:image:type\" content=\"image\/jpeg\" \/>\n<meta name=\"author\" content=\"jzelada\" \/>\n<meta name=\"twitter:card\" content=\"summary_large_image\" \/>\n<meta name=\"twitter:creator\" content=\"@IPParaguay\" \/>\n<meta name=\"twitter:site\" content=\"@IPParaguay\" \/>\n<meta name=\"twitter:label1\" content=\"Escrito por\" \/>\n\t<meta name=\"twitter:data1\" content=\"jzelada\" \/>\n\t<meta name=\"twitter:label2\" content=\"Tiempo de lectura\" \/>\n\t<meta name=\"twitter:data2\" content=\"2 minutos\" \/>\n<script type=\"application\/ld+json\" class=\"yoast-schema-graph\">{\"@context\":\"https:\\\/\\\/schema.org\",\"@graph\":[{\"@type\":\"Article\",\"@id\":\"https:\\\/\\\/www.ip.gov.py\\\/ip\\\/2021\\\/07\\\/14\\\/con-cifras-records-central-vacuno-este-martes-a-37-500-personas\\\/#article\",\"isPartOf\":{\"@id\":\"https:\\\/\\\/www.ip.gov.py\\\/ip\\\/2021\\\/07\\\/14\\\/con-cifras-records-central-vacuno-este-martes-a-37-500-personas\\\/\"},\"author\":{\"name\":\"jzelada\",\"@id\":\"https:\\\/\\\/www.ip.gov.py\\\/ip\\\/#\\\/schema\\\/person\\\/b0f4c235f0f0d7a0985bbb33c6a7941e\"},\"headline\":\"Con cifras r\u00e9cords, Central vacun\u00f3 este martes a 37.500 personas\",\"datePublished\":\"2021-07-14T13:56:43+00:00\",\"dateModified\":\"2021-07-14T18:43:19+00:00\",\"mainEntityOfPage\":{\"@id\":\"https:\\\/\\\/www.ip.gov.py\\\/ip\\\/2021\\\/07\\\/14\\\/con-cifras-records-central-vacuno-este-martes-a-37-500-personas\\\/\"},\"wordCount\":494,\"publisher\":{\"@id\":\"https:\\\/\\\/www.ip.gov.py\\\/ip\\\/#organization\"},\"image\":{\"@id\":\"https:\\\/\\\/www.ip.gov.py\\\/ip\\\/2021\\\/07\\\/14\\\/con-cifras-records-central-vacuno-este-martes-a-37-500-personas\\\/#primaryimage\"},\"thumbnailUrl\":\"https:\\\/\\\/www.ip.gov.py\\\/ip\\\/wp-content\\\/uploads\\\/2021\\\/07\\\/vacunanacion-tercera-jornada-19.jpg\",\"keywords\":[\"ex Aratir\u00ed\",\"reducci\u00f3n de casos\",\"vacuna anticovid\",\"vacunatorios\",\"XI Regi\u00f3n Sanitaria\"],\"articleSection\":[\"Destacado\",\"Pol\u00edtica\",\"Salud\"],\"inLanguage\":\"es\"},{\"@type\":\"WebPage\",\"@id\":\"https:\\\/\\\/www.ip.gov.py\\\/ip\\\/2021\\\/07\\\/14\\\/con-cifras-records-central-vacuno-este-martes-a-37-500-personas\\\/\",\"url\":\"https:\\\/\\\/www.ip.gov.py\\\/ip\\\/2021\\\/07\\\/14\\\/con-cifras-records-central-vacuno-este-martes-a-37-500-personas\\\/\",\"name\":\"Con cifras r\u00e9cords, Central vacun\u00f3 este martes a 37.500 personas - .::Agencia IP::.\",\"isPartOf\":{\"@id\":\"https:\\\/\\\/www.ip.gov.py\\\/ip\\\/#website\"},\"primaryImageOfPage\":{\"@id\":\"https:\\\/\\\/www.ip.gov.py\\\/ip\\\/2021\\\/07\\\/14\\\/con-cifras-records-central-vacuno-este-martes-a-37-500-personas\\\/#primaryimage\"},\"image\":{\"@id\":\"https:\\\/\\\/www.ip.gov.py\\\/ip\\\/2021\\\/07\\\/14\\\/con-cifras-records-central-vacuno-este-martes-a-37-500-personas\\\/#primaryimage\"},\"thumbnailUrl\":\"https:\\\/\\\/www.ip.gov.py\\\/ip\\\/wp-content\\\/uploads\\\/2021\\\/07\\\/vacunanacion-tercera-jornada-19.jpg\",\"datePublished\":\"2021-07-14T13:56:43+00:00\",\"dateModified\":\"2021-07-14T18:43:19+00:00\",\"breadcrumb\":{\"@id\":\"https:\\\/\\\/www.ip.gov.py\\\/ip\\\/2021\\\/07\\\/14\\\/con-cifras-records-central-vacuno-este-martes-a-37-500-personas\\\/#breadcrumb\"},\"inLanguage\":\"es\",\"potentialAction\":[{\"@type\":\"ReadAction\",\"target\":[\"https:\\\/\\\/www.ip.gov.py\\\/ip\\\/2021\\\/07\\\/14\\\/con-cifras-records-central-vacuno-este-martes-a-37-500-personas\\\/\"]}]},{\"@type\":\"ImageObject\",\"inLanguage\":\"es\",\"@id\":\"https:\\\/\\\/www.ip.gov.py\\\/ip\\\/2021\\\/07\\\/14\\\/con-cifras-records-central-vacuno-este-martes-a-37-500-personas\\\/#primaryimage\",\"url\":\"https:\\\/\\\/www.ip.gov.py\\\/ip\\\/wp-content\\\/uploads\\\/2021\\\/07\\\/vacunanacion-tercera-jornada-19.jpg\",\"contentUrl\":\"https:\\\/\\\/www.ip.gov.py\\\/ip\\\/wp-content\\\/uploads\\\/2021\\\/07\\\/vacunanacion-tercera-jornada-19.jpg\",\"width\":1260,\"height\":877,\"caption\":\"Central bate records en disminuci\u00f3n de casos y en vacunaci\u00f3n anticovid. Este martes se inocularon 37.500 personas. Foto Agencia IP.-\"},{\"@type\":\"BreadcrumbList\",\"@id\":\"https:\\\/\\\/www.ip.gov.py\\\/ip\\\/2021\\\/07\\\/14\\\/con-cifras-records-central-vacuno-este-martes-a-37-500-personas\\\/#breadcrumb\",\"itemListElement\":[{\"@type\":\"ListItem\",\"position\":1,\"name\":\"Portada\",\"item\":\"https:\\\/\\\/www.ip.gov.py\\\/ip\\\/\"},{\"@type\":\"ListItem\",\"position\":2,\"name\":\"Con cifras r\u00e9cords, Central vacun\u00f3 este martes a 37.500 personas\"}]},{\"@type\":\"WebSite\",\"@id\":\"https:\\\/\\\/www.ip.gov.py\\\/ip\\\/#website\",\"url\":\"https:\\\/\\\/www.ip.gov.py\\\/ip\\\/\",\"name\":\".::Agencia IP::.\",\"description\":\"\",\"publisher\":{\"@id\":\"https:\\\/\\\/www.ip.gov.py\\\/ip\\\/#organization\"},\"potentialAction\":[{\"@type\":\"SearchAction\",\"target\":{\"@type\":\"EntryPoint\",\"urlTemplate\":\"https:\\\/\\\/www.ip.gov.py\\\/ip\\\/?s={search_term_string}\"},\"query-input\":{\"@type\":\"PropertyValueSpecification\",\"valueRequired\":true,\"valueName\":\"search_term_string\"}}],\"inLanguage\":\"es\"},{\"@type\":\"Organization\",\"@id\":\"https:\\\/\\\/www.ip.gov.py\\\/ip\\\/#organization\",\"name\":\"Agencia IP\",\"url\":\"https:\\\/\\\/www.ip.gov.py\\\/ip\\\/\",\"logo\":{\"@type\":\"ImageObject\",\"inLanguage\":\"es\",\"@id\":\"https:\\\/\\\/www.ip.gov.py\\\/ip\\\/#\\\/schema\\\/logo\\\/image\\\/\",\"url\":\"https:\\\/\\\/www.ip.gov.py\\\/ip\\\/wp-content\\\/uploads\\\/2018\\\/01\\\/Agencia-IP.jpg\",\"contentUrl\":\"https:\\\/\\\/www.ip.gov.py\\\/ip\\\/wp-content\\\/uploads\\\/2018\\\/01\\\/Agencia-IP.jpg\",\"width\":150,\"height\":150,\"caption\":\"Agencia IP\"},\"image\":{\"@id\":\"https:\\\/\\\/www.ip.gov.py\\\/ip\\\/#\\\/schema\\\/logo\\\/image\\\/\"},\"sameAs\":[\"https:\\\/\\\/www.facebook.com\\\/IPParaguay\\\/\",\"https:\\\/\\\/x.com\\\/IPParaguay\",\"https:\\\/\\\/www.instagram.com\\\/IPParaguay\"]},{\"@type\":\"Person\",\"@id\":\"https:\\\/\\\/www.ip.gov.py\\\/ip\\\/#\\\/schema\\\/person\\\/b0f4c235f0f0d7a0985bbb33c6a7941e\",\"name\":\"jzelada\",\"url\":\"https:\\\/\\\/www.ip.gov.py\\\/ip\\\/author\\\/jzelada\\\/\"}]}<\/script>\n<!-- \/ Yoast SEO plugin. -->","yoast_head_json":{"title":"Con cifras r\u00e9cords, Central vacun\u00f3 este martes a 37.500 personas - .::Agencia IP::.","robots":{"index":"index","follow":"follow","max-snippet":"max-snippet:-1","max-image-preview":"max-image-preview:large","max-video-preview":"max-video-preview:-1"},"canonical":"https:\/\/www.ip.gov.py\/ip\/2021\/07\/14\/con-cifras-records-central-vacuno-este-martes-a-37-500-personas\/","og_locale":"es_ES","og_type":"article","og_title":"Con cifras r\u00e9cords, Central vacun\u00f3 este martes a 37.500 personas - .::Agencia IP::.","og_description":"Asunci\u00f3n, Agencia IP.- Central, el departamento m\u00e1s poblado del pa\u00eds, vacun\u00f3 contra el coronavirus, durante la jornada de este martes, a unas 37.500 personas de 35 a\u00f1os en adelante, llegando a cifras r\u00e9cords diarias.","og_url":"https:\/\/www.ip.gov.py\/ip\/2021\/07\/14\/con-cifras-records-central-vacuno-este-martes-a-37-500-personas\/","og_site_name":".::Agencia IP::.","article_publisher":"https:\/\/www.facebook.com\/IPParaguay\/","article_published_time":"2021-07-14T13:56:43+00:00","article_modified_time":"2021-07-14T18:43:19+00:00","og_image":[{"width":1260,"height":877,"url":"https:\/\/www.ip.gov.py\/ip\/wp-content\/uploads\/2021\/07\/vacunanacion-tercera-jornada-19.jpg","type":"image\/jpeg"}],"author":"jzelada","twitter_card":"summary_large_image","twitter_creator":"@IPParaguay","twitter_site":"@IPParaguay","twitter_misc":{"Escrito por":"jzelada","Tiempo de lectura":"2 minutos"},"schema":{"@context":"https:\/\/schema.org","@graph":[{"@type":"Article","@id":"https:\/\/www.ip.gov.py\/ip\/2021\/07\/14\/con-cifras-records-central-vacuno-este-martes-a-37-500-personas\/#article","isPartOf":{"@id":"https:\/\/www.ip.gov.py\/ip\/2021\/07\/14\/con-cifras-records-central-vacuno-este-martes-a-37-500-personas\/"},"author":{"name":"jzelada","@id":"https:\/\/www.ip.gov.py\/ip\/#\/schema\/person\/b0f4c235f0f0d7a0985bbb33c6a7941e"},"headline":"Con cifras r\u00e9cords, Central vacun\u00f3 este martes a 37.500 personas","datePublished":"2021-07-14T13:56:43+00:00","dateModified":"2021-07-14T18:43:19+00:00","mainEntityOfPage":{"@id":"https:\/\/www.ip.gov.py\/ip\/2021\/07\/14\/con-cifras-records-central-vacuno-este-martes-a-37-500-personas\/"},"wordCount":494,"publisher":{"@id":"https:\/\/www.ip.gov.py\/ip\/#organization"},"image":{"@id":"https:\/\/www.ip.gov.py\/ip\/2021\/07\/14\/con-cifras-records-central-vacuno-este-martes-a-37-500-personas\/#primaryimage"},"thumbnailUrl":"https:\/\/www.ip.gov.py\/ip\/wp-content\/uploads\/2021\/07\/vacunanacion-tercera-jornada-19.jpg","keywords":["ex Aratir\u00ed","reducci\u00f3n de casos","vacuna anticovid","vacunatorios","XI Regi\u00f3n Sanitaria"],"articleSection":["Destacado","Pol\u00edtica","Salud"],"inLanguage":"es"},{"@type":"WebPage","@id":"https:\/\/www.ip.gov.py\/ip\/2021\/07\/14\/con-cifras-records-central-vacuno-este-martes-a-37-500-personas\/","url":"https:\/\/www.ip.gov.py\/ip\/2021\/07\/14\/con-cifras-records-central-vacuno-este-martes-a-37-500-personas\/","name":"Con cifras r\u00e9cords, Central vacun\u00f3 este martes a 37.500 personas - .::Agencia IP::.","isPartOf":{"@id":"https:\/\/www.ip.gov.py\/ip\/#website"},"primaryImageOfPage":{"@id":"https:\/\/www.ip.gov.py\/ip\/2021\/07\/14\/con-cifras-records-central-vacuno-este-martes-a-37-500-personas\/#primaryimage"},"image":{"@id":"https:\/\/www.ip.gov.py\/ip\/2021\/07\/14\/con-cifras-records-central-vacuno-este-martes-a-37-500-personas\/#primaryimage"},"thumbnailUrl":"https:\/\/www.ip.gov.py\/ip\/wp-content\/uploads\/2021\/07\/vacunanacion-tercera-jornada-19.jpg","datePublished":"2021-07-14T13:56:43+00:00","dateModified":"2021-07-14T18:43:19+00:00","breadcrumb":{"@id":"https:\/\/www.ip.gov.py\/ip\/2021\/07\/14\/con-cifras-records-central-vacuno-este-martes-a-37-500-personas\/#breadcrumb"},"inLanguage":"es","potentialAction":[{"@type":"ReadAction","target":["https:\/\/www.ip.gov.py\/ip\/2021\/07\/14\/con-cifras-records-central-vacuno-este-martes-a-37-500-personas\/"]}]},{"@type":"ImageObject","inLanguage":"es","@id":"https:\/\/www.ip.gov.py\/ip\/2021\/07\/14\/con-cifras-records-central-vacuno-este-martes-a-37-500-personas\/#primaryimage","url":"https:\/\/www.ip.gov.py\/ip\/wp-content\/uploads\/2021\/07\/vacunanacion-tercera-jornada-19.jpg","contentUrl":"https:\/\/www.ip.gov.py\/ip\/wp-content\/uploads\/2021\/07\/vacunanacion-tercera-jornada-19.jpg","width":1260,"height":877,"caption":"Central bate records en disminuci\u00f3n de casos y en vacunaci\u00f3n anticovid. Este martes se inocularon 37.500 personas. Foto Agencia IP.-"},{"@type":"BreadcrumbList","@id":"https:\/\/www.ip.gov.py\/ip\/2021\/07\/14\/con-cifras-records-central-vacuno-este-martes-a-37-500-personas\/#breadcrumb","itemListElement":[{"@type":"ListItem","position":1,"name":"Portada","item":"https:\/\/www.ip.gov.py\/ip\/"},{"@type":"ListItem","position":2,"name":"Con cifras r\u00e9cords, Central vacun\u00f3 este martes a 37.500 personas"}]},{"@type":"WebSite","@id":"https:\/\/www.ip.gov.py\/ip\/#website","url":"https:\/\/www.ip.gov.py\/ip\/","name":".::Agencia IP::.","description":"","publisher":{"@id":"https:\/\/www.ip.gov.py\/ip\/#organization"},"potentialAction":[{"@type":"SearchAction","target":{"@type":"EntryPoint","urlTemplate":"https:\/\/www.ip.gov.py\/ip\/?s={search_term_string}"},"query-input":{"@type":"PropertyValueSpecification","valueRequired":true,"valueName":"search_term_string"}}],"inLanguage":"es"},{"@type":"Organization","@id":"https:\/\/www.ip.gov.py\/ip\/#organization","name":"Agencia IP","url":"https:\/\/www.ip.gov.py\/ip\/","logo":{"@type":"ImageObject","inLanguage":"es","@id":"https:\/\/www.ip.gov.py\/ip\/#\/schema\/logo\/image\/","url":"https:\/\/www.ip.gov.py\/ip\/wp-content\/uploads\/2018\/01\/Agencia-IP.jpg","contentUrl":"https:\/\/www.ip.gov.py\/ip\/wp-content\/uploads\/2018\/01\/Agencia-IP.jpg","width":150,"height":150,"caption":"Agencia IP"},"image":{"@id":"https:\/\/www.ip.gov.py\/ip\/#\/schema\/logo\/image\/"},"sameAs":["https:\/\/www.facebook.com\/IPParaguay\/","https:\/\/x.com\/IPParaguay","https:\/\/www.instagram.com\/IPParaguay"]},{"@type":"Person","@id":"https:\/\/www.ip.gov.py\/ip\/#\/schema\/person\/b0f4c235f0f0d7a0985bbb33c6a7941e","name":"jzelada","url":"https:\/\/www.ip.gov.py\/ip\/author\/jzelada\/"}]}},"_links":{"self":[{"href":"https:\/\/www.ip.gov.py\/ip\/wp-json\/wp\/v2\/posts\/374698","targetHints":{"allow":["GET"]}}],"collection":[{"href":"https:\/\/www.ip.gov.py\/ip\/wp-json\/wp\/v2\/posts"}],"about":[{"href":"https:\/\/www.ip.gov.py\/ip\/wp-json\/wp\/v2\/types\/post"}],"author":[{"embeddable":true,"href":"https:\/\/www.ip.gov.py\/ip\/wp-json\/wp\/v2\/users\/29"}],"replies":[{"embeddable":true,"href":"https:\/\/www.ip.gov.py\/ip\/wp-json\/wp\/v2\/comments?post=374698"}],"version-history":[{"count":0,"href":"https:\/\/www.ip.gov.py\/ip\/wp-json\/wp\/v2\/posts\/374698\/revisions"}],"wp:featuredmedia":[{"embeddable":true,"href":"https:\/\/www.ip.gov.py\/ip\/wp-json\/wp\/v2\/media\/374673"}],"wp:attachment":[{"href":"https:\/\/www.ip.gov.py\/ip\/wp-json\/wp\/v2\/media?parent=374698"}],"wp:term":[{"taxonomy":"category","embeddable":true,"href":"https:\/\/www.ip.gov.py\/ip\/wp-json\/wp\/v2\/categories?post=374698"},{"taxonomy":"post_tag","embeddable":true,"href":"https:\/\/www.ip.gov.py\/ip\/wp-json\/wp\/v2\/tags?post=374698"}],"curies":[{"name":"wp","href":"https:\/\/api.w.org\/{rel}","templated":true}]}}