{"id":374773,"date":"2021-07-14T13:18:43","date_gmt":"2021-07-14T17:18:43","guid":{"rendered":"https:\/\/www.ip.gov.py\/ip\/?p=374773"},"modified":"2021-07-15T08:29:11","modified_gmt":"2021-07-15T12:29:11","slug":"el-presidente-de-ecuador-anuncio-que-busca-alcanzar-un-acuerdo-de-libre-comercio-con-estados-unidos","status":"publish","type":"post","link":"https:\/\/www.ip.gov.py\/ip\/2021\/07\/14\/el-presidente-de-ecuador-anuncio-que-busca-alcanzar-un-acuerdo-de-libre-comercio-con-estados-unidos\/","title":{"rendered":"Presidente de Ecuador busca acuerdo de libre comercio con Estados Unidos"},"content":{"rendered":"<p style=\"text-align: justify;\"><em><strong>Quito.-<\/strong><\/em>Guillermo Lasso dijo que intentar\u00e1 lograr en un corto plazo el tratado con el principal socio comercial de su pa\u00eds y tambi\u00e9n abir\u00f3 la puerta a otros acuerdos de comercio exterior para enfrentar la crisis financiera.<!--more--><\/p>\n<p style=\"text-align: justify;\">Con 50 d\u00edas en ejercicio el poder, el presidente del Ecuador, Guillermo Lassom ha anunciado que el pa\u00eds busca firmar un tratado de libre comercio con Estados Unidos. En su discurso inaugural, el 24 de mayo de 2021, Lasso dijo que el pa\u00eds abrir\u00eda sus puertas al comercio mundial: \u201cNos insertaremos plenamente en el mundo para buscar un comercio libre y justo. M\u00e1s Ecuador en el mundo y m\u00e1s mundo en el Ecuador\u201d, asegur\u00f3. Con el anuncio, parece que Lasso empezar\u00eda a cumplir esa promesa. Antes, los vecinos de Ecuador ya firmaron tratados de libre comercio con EE.UU.. Per\u00fa lo hizo en 2009 y Colombia en 2011.<\/p>\n<p style=\"text-align: justify;\">Lasso particip\u00f3 en el Business Future of the Americas \u2013 BFA 2021, un encuentro de negocios que congrega a la comunidad empresarial de 20 pa\u00edses, incluyendo a los Estados Unidos, a Latinoam\u00e9rica y al Caribe. Este es uno de los encuentros empresariales de la Asociaci\u00f3n de C\u00e1maras Americanas de Comercio de Am\u00e9rica Latina y el Caribe (AACCLA), que representa a 20 mil empresas y m\u00e1s del 80% de la inversi\u00f3n estadounidense en la regi\u00f3n.<\/p>\n<p style=\"text-align: justify;\">Durante el evento, Lasso asegur\u00f3 que desde su gobierno se ejecutan acciones para firmar un tratado de libre comercio con Estados Unidos, su principal socio comercial. El intercambio bilateral entre ambos pa\u00edses fue de m\u00e1s de USD 10.000 millones en 2020, seg\u00fan datos oficiales. Adem\u00e1s, el 30 % de exportaciones ecuatorianas tienen como destino a Estados Unidos, de acuerdo a lo mencionado por Debra Hevia, ministra Consejera de la Embajada de Estados Unidos.<\/p>\n<p style=\"text-align: justify;\">\u201cBuscamos una alianza que no solo incluya temas de comercio, sino asuntos de derecho laboral, propiedad intelectual, equidad de g\u00e9nero, sostenibilidad ambiental. Es decir, temas que ya constan en la agenda del gobierno\u201d, expres\u00f3 el mandatario.<\/p>\n<p style=\"text-align: justify;\">Guillermo Lasso, un exbanquero y pol\u00edtico de derecha, ha recalcado en varias ocasiones que el comercio exterior es la alternativa para enfrentar la crisis econ\u00f3mica por la que pasa Ecuador. Fortalecer los lazos con importantes socios comerciales del pa\u00eds es uno de los objetivos principales del gobierno de Lasso, seg\u00fan inform\u00f3 su departamento de prensa. Lasso asegur\u00f3 que \u201cel Ecuador est\u00e1 convencido de que la integraci\u00f3n es el camino y es indispensable para la recuperaci\u00f3n econ\u00f3mica y social\u201d.<\/p>\n<p style=\"text-align: justify;\">La reactivaci\u00f3n econ\u00f3mica es una de las principales preocupaciones del gobierno de Lasso. A la actual crisis provocada por la pandemia del COVID-19, se suman las alarmantes cifras de desempleo con las que Lasso recibe el gobierno. Es as\u00ed que una de las apuestas de las autoridades es el plan de vacunaci\u00f3n 9-100, que tiene por objetivo vacunar a 9 millones de ecuatorianos hasta el 5 de septiembre, lo que representar\u00eda que m\u00e1s de la mitad de la poblaci\u00f3n est\u00e9 inmunizada contra el virus. Para Lasso, la vacunaci\u00f3n \u201ces clave para retomar las actividades productivas del pa\u00eds\u201d.<\/p>\n<p style=\"text-align: justify;\">Aunque Lasso se ha congratulado en redes sociales por los avances del plan de vacunaci\u00f3n que diariamente rompe r\u00e9cords de n\u00famero de vacunados, llegando a vacunar a m\u00e1s de 200.000 personas al d\u00eda, el presidente reconoce que \u201ctenemos que prepararnos para un mayor desaf\u00edo que es la reactivaci\u00f3n, generar empleo y oportunidades para la familia ecuatoriana\u201d, as\u00ed lo dijo durante la reuni\u00f3n que celebr\u00f3 con los ministros del gabinete productivo.<\/p>\n<p style=\"text-align: justify;\">En esa reuni\u00f3n, el ministro de Producci\u00f3n, Comercio Exterior, Inversiones y Pesca, Julio Prado, inform\u00f3 que, el 13 de julio, se present\u00f3 al presidente Lasso una hoja de ruta que busca expandir oportunidades comerciales para el Ecuador. Esta comprende un acuerdo comercial con M\u00e9xico, Alianza del Pacifico, Estados Unidos y potencialmente Canad\u00e1 \u201cpara cubrir las oportunidades de reactivaci\u00f3n de empresarios, de peque\u00f1as y medianas empresas y artesanos en el exterior\u201d, dijo el secretario de Estado.<\/p>\n<p style=\"text-align: justify;\">Seg\u00fan la informaci\u00f3n de la EENI Global Business School, Estados Unidos mantiene tratados de libre comercio con Australia, Bahr\u00e9in, Canad\u00e1, M\u00e9xico, Chile, Colombia, Costa Rica, la Rep\u00fablica Dominicana, El Salvador, Guatemala, Honduras, Israel, Jordania, Corea del Sur, Marruecos, Nicaragua, Om\u00e1n, Panam\u00e1, Per\u00fa y Singapur. De firmarse el tratado, Ecuador ser\u00eda el cuarto pa\u00eds sudamericano en acordar con EE.UU.Infobae.<\/p>\n<p style=\"text-align: justify;\">\n","protected":false},"excerpt":{"rendered":"<p>Quito.-Guillermo Lasso dijo que intentar\u00e1 lograr en un corto plazo el tratado con el principal socio comercial de su pa\u00eds y tambi\u00e9n abir\u00f3 la puerta a otros acuerdos de comercio exterior para enfrentar la crisis financiera.<\/p>\n","protected":false},"author":11,"featured_media":374774,"comment_status":"closed","ping_status":"closed","sticky":false,"template":"","format":"standard","meta":{"_monsterinsights_skip_tracking":false,"_monsterinsights_sitenote_active":false,"_monsterinsights_sitenote_note":"","_monsterinsights_sitenote_category":0,"footnotes":""},"categories":[5],"tags":[1539,368,6380,7680,1893,495],"class_list":{"0":"post-374773","1":"post","2":"type-post","3":"status-publish","4":"format-standard","5":"has-post-thumbnail","7":"category-internacionales","8":"tag-ecuador","9":"tag-ee-uu","10":"tag-lasso","11":"tag-libre-mercado","12":"tag-negociacion","13":"tag-presidente"},"yoast_head":"<!-- This site is optimized with the Yoast SEO plugin v27.5 - https:\/\/yoast.com\/product\/yoast-seo-wordpress\/ -->\n<title>Presidente de Ecuador busca acuerdo de libre comercio con Estados Unidos - .::Agencia IP::.<\/title>\n<meta name=\"robots\" content=\"index, follow, max-snippet:-1, max-image-preview:large, max-video-preview:-1\" \/>\n<link rel=\"canonical\" href=\"https:\/\/www.ip.gov.py\/ip\/2021\/07\/14\/el-presidente-de-ecuador-anuncio-que-busca-alcanzar-un-acuerdo-de-libre-comercio-con-estados-unidos\/\" \/>\n<meta property=\"og:locale\" content=\"es_ES\" \/>\n<meta property=\"og:type\" content=\"article\" \/>\n<meta property=\"og:title\" content=\"Presidente de Ecuador busca acuerdo de libre comercio con Estados Unidos - .::Agencia IP::.\" \/>\n<meta property=\"og:description\" content=\"Quito.-Guillermo Lasso dijo que intentar\u00e1 lograr en un corto plazo el tratado con el principal socio comercial de su pa\u00eds y tambi\u00e9n abir\u00f3 la puerta a otros acuerdos de comercio exterior para enfrentar la crisis financiera.\" \/>\n<meta property=\"og:url\" content=\"https:\/\/www.ip.gov.py\/ip\/2021\/07\/14\/el-presidente-de-ecuador-anuncio-que-busca-alcanzar-un-acuerdo-de-libre-comercio-con-estados-unidos\/\" \/>\n<meta property=\"og:site_name\" content=\".::Agencia IP::.\" \/>\n<meta property=\"article:publisher\" content=\"https:\/\/www.facebook.com\/IPParaguay\/\" \/>\n<meta property=\"article:published_time\" content=\"2021-07-14T17:18:43+00:00\" \/>\n<meta property=\"article:modified_time\" content=\"2021-07-15T12:29:11+00:00\" \/>\n<meta property=\"og:image\" content=\"https:\/\/www.ip.gov.py\/ip\/wp-content\/uploads\/2021\/07\/Ecuador-1.jpg\" \/>\n\t<meta property=\"og:image:width\" content=\"768\" \/>\n\t<meta property=\"og:image:height\" content=\"512\" \/>\n\t<meta property=\"og:image:type\" content=\"image\/jpeg\" \/>\n<meta name=\"author\" content=\"vrios\" \/>\n<meta name=\"twitter:card\" content=\"summary_large_image\" \/>\n<meta name=\"twitter:creator\" content=\"@IPParaguay\" \/>\n<meta name=\"twitter:site\" content=\"@IPParaguay\" \/>\n<meta name=\"twitter:label1\" content=\"Escrito por\" \/>\n\t<meta name=\"twitter:data1\" content=\"vrios\" \/>\n\t<meta name=\"twitter:label2\" content=\"Tiempo de lectura\" \/>\n\t<meta name=\"twitter:data2\" content=\"4 minutos\" \/>\n<script type=\"application\/ld+json\" class=\"yoast-schema-graph\">{\"@context\":\"https:\\\/\\\/schema.org\",\"@graph\":[{\"@type\":\"Article\",\"@id\":\"https:\\\/\\\/www.ip.gov.py\\\/ip\\\/2021\\\/07\\\/14\\\/el-presidente-de-ecuador-anuncio-que-busca-alcanzar-un-acuerdo-de-libre-comercio-con-estados-unidos\\\/#article\",\"isPartOf\":{\"@id\":\"https:\\\/\\\/www.ip.gov.py\\\/ip\\\/2021\\\/07\\\/14\\\/el-presidente-de-ecuador-anuncio-que-busca-alcanzar-un-acuerdo-de-libre-comercio-con-estados-unidos\\\/\"},\"author\":{\"name\":\"vrios\",\"@id\":\"https:\\\/\\\/www.ip.gov.py\\\/ip\\\/#\\\/schema\\\/person\\\/fa3668852e893cb0423795330f919039\"},\"headline\":\"Presidente de Ecuador busca acuerdo de libre comercio con Estados Unidos\",\"datePublished\":\"2021-07-14T17:18:43+00:00\",\"dateModified\":\"2021-07-15T12:29:11+00:00\",\"mainEntityOfPage\":{\"@id\":\"https:\\\/\\\/www.ip.gov.py\\\/ip\\\/2021\\\/07\\\/14\\\/el-presidente-de-ecuador-anuncio-que-busca-alcanzar-un-acuerdo-de-libre-comercio-con-estados-unidos\\\/\"},\"wordCount\":760,\"publisher\":{\"@id\":\"https:\\\/\\\/www.ip.gov.py\\\/ip\\\/#organization\"},\"image\":{\"@id\":\"https:\\\/\\\/www.ip.gov.py\\\/ip\\\/2021\\\/07\\\/14\\\/el-presidente-de-ecuador-anuncio-que-busca-alcanzar-un-acuerdo-de-libre-comercio-con-estados-unidos\\\/#primaryimage\"},\"thumbnailUrl\":\"https:\\\/\\\/www.ip.gov.py\\\/ip\\\/wp-content\\\/uploads\\\/2021\\\/07\\\/Ecuador-1.jpg\",\"keywords\":[\"Ecuador\",\"EE.UU\",\"Lasso\",\"Libre Mercado\",\"negociaci\u00f3n\",\"presidente\"],\"articleSection\":[\"Internacionales\"],\"inLanguage\":\"es\"},{\"@type\":\"WebPage\",\"@id\":\"https:\\\/\\\/www.ip.gov.py\\\/ip\\\/2021\\\/07\\\/14\\\/el-presidente-de-ecuador-anuncio-que-busca-alcanzar-un-acuerdo-de-libre-comercio-con-estados-unidos\\\/\",\"url\":\"https:\\\/\\\/www.ip.gov.py\\\/ip\\\/2021\\\/07\\\/14\\\/el-presidente-de-ecuador-anuncio-que-busca-alcanzar-un-acuerdo-de-libre-comercio-con-estados-unidos\\\/\",\"name\":\"Presidente de Ecuador busca acuerdo de libre comercio con Estados Unidos - .::Agencia IP::.\",\"isPartOf\":{\"@id\":\"https:\\\/\\\/www.ip.gov.py\\\/ip\\\/#website\"},\"primaryImageOfPage\":{\"@id\":\"https:\\\/\\\/www.ip.gov.py\\\/ip\\\/2021\\\/07\\\/14\\\/el-presidente-de-ecuador-anuncio-que-busca-alcanzar-un-acuerdo-de-libre-comercio-con-estados-unidos\\\/#primaryimage\"},\"image\":{\"@id\":\"https:\\\/\\\/www.ip.gov.py\\\/ip\\\/2021\\\/07\\\/14\\\/el-presidente-de-ecuador-anuncio-que-busca-alcanzar-un-acuerdo-de-libre-comercio-con-estados-unidos\\\/#primaryimage\"},\"thumbnailUrl\":\"https:\\\/\\\/www.ip.gov.py\\\/ip\\\/wp-content\\\/uploads\\\/2021\\\/07\\\/Ecuador-1.jpg\",\"datePublished\":\"2021-07-14T17:18:43+00:00\",\"dateModified\":\"2021-07-15T12:29:11+00:00\",\"breadcrumb\":{\"@id\":\"https:\\\/\\\/www.ip.gov.py\\\/ip\\\/2021\\\/07\\\/14\\\/el-presidente-de-ecuador-anuncio-que-busca-alcanzar-un-acuerdo-de-libre-comercio-con-estados-unidos\\\/#breadcrumb\"},\"inLanguage\":\"es\",\"potentialAction\":[{\"@type\":\"ReadAction\",\"target\":[\"https:\\\/\\\/www.ip.gov.py\\\/ip\\\/2021\\\/07\\\/14\\\/el-presidente-de-ecuador-anuncio-que-busca-alcanzar-un-acuerdo-de-libre-comercio-con-estados-unidos\\\/\"]}]},{\"@type\":\"ImageObject\",\"inLanguage\":\"es\",\"@id\":\"https:\\\/\\\/www.ip.gov.py\\\/ip\\\/2021\\\/07\\\/14\\\/el-presidente-de-ecuador-anuncio-que-busca-alcanzar-un-acuerdo-de-libre-comercio-con-estados-unidos\\\/#primaryimage\",\"url\":\"https:\\\/\\\/www.ip.gov.py\\\/ip\\\/wp-content\\\/uploads\\\/2021\\\/07\\\/Ecuador-1.jpg\",\"contentUrl\":\"https:\\\/\\\/www.ip.gov.py\\\/ip\\\/wp-content\\\/uploads\\\/2021\\\/07\\\/Ecuador-1.jpg\",\"width\":768,\"height\":512,\"caption\":\"Presidencia Ecuador\"},{\"@type\":\"BreadcrumbList\",\"@id\":\"https:\\\/\\\/www.ip.gov.py\\\/ip\\\/2021\\\/07\\\/14\\\/el-presidente-de-ecuador-anuncio-que-busca-alcanzar-un-acuerdo-de-libre-comercio-con-estados-unidos\\\/#breadcrumb\",\"itemListElement\":[{\"@type\":\"ListItem\",\"position\":1,\"name\":\"Portada\",\"item\":\"https:\\\/\\\/www.ip.gov.py\\\/ip\\\/\"},{\"@type\":\"ListItem\",\"position\":2,\"name\":\"Presidente de Ecuador busca acuerdo de libre comercio con Estados Unidos\"}]},{\"@type\":\"WebSite\",\"@id\":\"https:\\\/\\\/www.ip.gov.py\\\/ip\\\/#website\",\"url\":\"https:\\\/\\\/www.ip.gov.py\\\/ip\\\/\",\"name\":\".::Agencia IP::.\",\"description\":\"\",\"publisher\":{\"@id\":\"https:\\\/\\\/www.ip.gov.py\\\/ip\\\/#organization\"},\"potentialAction\":[{\"@type\":\"SearchAction\",\"target\":{\"@type\":\"EntryPoint\",\"urlTemplate\":\"https:\\\/\\\/www.ip.gov.py\\\/ip\\\/?s={search_term_string}\"},\"query-input\":{\"@type\":\"PropertyValueSpecification\",\"valueRequired\":true,\"valueName\":\"search_term_string\"}}],\"inLanguage\":\"es\"},{\"@type\":\"Organization\",\"@id\":\"https:\\\/\\\/www.ip.gov.py\\\/ip\\\/#organization\",\"name\":\"Agencia IP\",\"url\":\"https:\\\/\\\/www.ip.gov.py\\\/ip\\\/\",\"logo\":{\"@type\":\"ImageObject\",\"inLanguage\":\"es\",\"@id\":\"https:\\\/\\\/www.ip.gov.py\\\/ip\\\/#\\\/schema\\\/logo\\\/image\\\/\",\"url\":\"https:\\\/\\\/www.ip.gov.py\\\/ip\\\/wp-content\\\/uploads\\\/2018\\\/01\\\/Agencia-IP.jpg\",\"contentUrl\":\"https:\\\/\\\/www.ip.gov.py\\\/ip\\\/wp-content\\\/uploads\\\/2018\\\/01\\\/Agencia-IP.jpg\",\"width\":150,\"height\":150,\"caption\":\"Agencia IP\"},\"image\":{\"@id\":\"https:\\\/\\\/www.ip.gov.py\\\/ip\\\/#\\\/schema\\\/logo\\\/image\\\/\"},\"sameAs\":[\"https:\\\/\\\/www.facebook.com\\\/IPParaguay\\\/\",\"https:\\\/\\\/x.com\\\/IPParaguay\",\"https:\\\/\\\/www.instagram.com\\\/IPParaguay\"]},{\"@type\":\"Person\",\"@id\":\"https:\\\/\\\/www.ip.gov.py\\\/ip\\\/#\\\/schema\\\/person\\\/fa3668852e893cb0423795330f919039\",\"name\":\"vrios\",\"url\":\"https:\\\/\\\/www.ip.gov.py\\\/ip\\\/author\\\/vrios\\\/\"}]}<\/script>\n<!-- \/ Yoast SEO plugin. -->","yoast_head_json":{"title":"Presidente de Ecuador busca acuerdo de libre comercio con Estados Unidos - .::Agencia IP::.","robots":{"index":"index","follow":"follow","max-snippet":"max-snippet:-1","max-image-preview":"max-image-preview:large","max-video-preview":"max-video-preview:-1"},"canonical":"https:\/\/www.ip.gov.py\/ip\/2021\/07\/14\/el-presidente-de-ecuador-anuncio-que-busca-alcanzar-un-acuerdo-de-libre-comercio-con-estados-unidos\/","og_locale":"es_ES","og_type":"article","og_title":"Presidente de Ecuador busca acuerdo de libre comercio con Estados Unidos - .::Agencia IP::.","og_description":"Quito.-Guillermo Lasso dijo que intentar\u00e1 lograr en un corto plazo el tratado con el principal socio comercial de su pa\u00eds y tambi\u00e9n abir\u00f3 la puerta a otros acuerdos de comercio exterior para enfrentar la crisis financiera.","og_url":"https:\/\/www.ip.gov.py\/ip\/2021\/07\/14\/el-presidente-de-ecuador-anuncio-que-busca-alcanzar-un-acuerdo-de-libre-comercio-con-estados-unidos\/","og_site_name":".::Agencia IP::.","article_publisher":"https:\/\/www.facebook.com\/IPParaguay\/","article_published_time":"2021-07-14T17:18:43+00:00","article_modified_time":"2021-07-15T12:29:11+00:00","og_image":[{"width":768,"height":512,"url":"https:\/\/www.ip.gov.py\/ip\/wp-content\/uploads\/2021\/07\/Ecuador-1.jpg","type":"image\/jpeg"}],"author":"vrios","twitter_card":"summary_large_image","twitter_creator":"@IPParaguay","twitter_site":"@IPParaguay","twitter_misc":{"Escrito por":"vrios","Tiempo de lectura":"4 minutos"},"schema":{"@context":"https:\/\/schema.org","@graph":[{"@type":"Article","@id":"https:\/\/www.ip.gov.py\/ip\/2021\/07\/14\/el-presidente-de-ecuador-anuncio-que-busca-alcanzar-un-acuerdo-de-libre-comercio-con-estados-unidos\/#article","isPartOf":{"@id":"https:\/\/www.ip.gov.py\/ip\/2021\/07\/14\/el-presidente-de-ecuador-anuncio-que-busca-alcanzar-un-acuerdo-de-libre-comercio-con-estados-unidos\/"},"author":{"name":"vrios","@id":"https:\/\/www.ip.gov.py\/ip\/#\/schema\/person\/fa3668852e893cb0423795330f919039"},"headline":"Presidente de Ecuador busca acuerdo de libre comercio con Estados Unidos","datePublished":"2021-07-14T17:18:43+00:00","dateModified":"2021-07-15T12:29:11+00:00","mainEntityOfPage":{"@id":"https:\/\/www.ip.gov.py\/ip\/2021\/07\/14\/el-presidente-de-ecuador-anuncio-que-busca-alcanzar-un-acuerdo-de-libre-comercio-con-estados-unidos\/"},"wordCount":760,"publisher":{"@id":"https:\/\/www.ip.gov.py\/ip\/#organization"},"image":{"@id":"https:\/\/www.ip.gov.py\/ip\/2021\/07\/14\/el-presidente-de-ecuador-anuncio-que-busca-alcanzar-un-acuerdo-de-libre-comercio-con-estados-unidos\/#primaryimage"},"thumbnailUrl":"https:\/\/www.ip.gov.py\/ip\/wp-content\/uploads\/2021\/07\/Ecuador-1.jpg","keywords":["Ecuador","EE.UU","Lasso","Libre Mercado","negociaci\u00f3n","presidente"],"articleSection":["Internacionales"],"inLanguage":"es"},{"@type":"WebPage","@id":"https:\/\/www.ip.gov.py\/ip\/2021\/07\/14\/el-presidente-de-ecuador-anuncio-que-busca-alcanzar-un-acuerdo-de-libre-comercio-con-estados-unidos\/","url":"https:\/\/www.ip.gov.py\/ip\/2021\/07\/14\/el-presidente-de-ecuador-anuncio-que-busca-alcanzar-un-acuerdo-de-libre-comercio-con-estados-unidos\/","name":"Presidente de Ecuador busca acuerdo de libre comercio con Estados Unidos - .::Agencia IP::.","isPartOf":{"@id":"https:\/\/www.ip.gov.py\/ip\/#website"},"primaryImageOfPage":{"@id":"https:\/\/www.ip.gov.py\/ip\/2021\/07\/14\/el-presidente-de-ecuador-anuncio-que-busca-alcanzar-un-acuerdo-de-libre-comercio-con-estados-unidos\/#primaryimage"},"image":{"@id":"https:\/\/www.ip.gov.py\/ip\/2021\/07\/14\/el-presidente-de-ecuador-anuncio-que-busca-alcanzar-un-acuerdo-de-libre-comercio-con-estados-unidos\/#primaryimage"},"thumbnailUrl":"https:\/\/www.ip.gov.py\/ip\/wp-content\/uploads\/2021\/07\/Ecuador-1.jpg","datePublished":"2021-07-14T17:18:43+00:00","dateModified":"2021-07-15T12:29:11+00:00","breadcrumb":{"@id":"https:\/\/www.ip.gov.py\/ip\/2021\/07\/14\/el-presidente-de-ecuador-anuncio-que-busca-alcanzar-un-acuerdo-de-libre-comercio-con-estados-unidos\/#breadcrumb"},"inLanguage":"es","potentialAction":[{"@type":"ReadAction","target":["https:\/\/www.ip.gov.py\/ip\/2021\/07\/14\/el-presidente-de-ecuador-anuncio-que-busca-alcanzar-un-acuerdo-de-libre-comercio-con-estados-unidos\/"]}]},{"@type":"ImageObject","inLanguage":"es","@id":"https:\/\/www.ip.gov.py\/ip\/2021\/07\/14\/el-presidente-de-ecuador-anuncio-que-busca-alcanzar-un-acuerdo-de-libre-comercio-con-estados-unidos\/#primaryimage","url":"https:\/\/www.ip.gov.py\/ip\/wp-content\/uploads\/2021\/07\/Ecuador-1.jpg","contentUrl":"https:\/\/www.ip.gov.py\/ip\/wp-content\/uploads\/2021\/07\/Ecuador-1.jpg","width":768,"height":512,"caption":"Presidencia Ecuador"},{"@type":"BreadcrumbList","@id":"https:\/\/www.ip.gov.py\/ip\/2021\/07\/14\/el-presidente-de-ecuador-anuncio-que-busca-alcanzar-un-acuerdo-de-libre-comercio-con-estados-unidos\/#breadcrumb","itemListElement":[{"@type":"ListItem","position":1,"name":"Portada","item":"https:\/\/www.ip.gov.py\/ip\/"},{"@type":"ListItem","position":2,"name":"Presidente de Ecuador busca acuerdo de libre comercio con Estados Unidos"}]},{"@type":"WebSite","@id":"https:\/\/www.ip.gov.py\/ip\/#website","url":"https:\/\/www.ip.gov.py\/ip\/","name":".::Agencia IP::.","description":"","publisher":{"@id":"https:\/\/www.ip.gov.py\/ip\/#organization"},"potentialAction":[{"@type":"SearchAction","target":{"@type":"EntryPoint","urlTemplate":"https:\/\/www.ip.gov.py\/ip\/?s={search_term_string}"},"query-input":{"@type":"PropertyValueSpecification","valueRequired":true,"valueName":"search_term_string"}}],"inLanguage":"es"},{"@type":"Organization","@id":"https:\/\/www.ip.gov.py\/ip\/#organization","name":"Agencia IP","url":"https:\/\/www.ip.gov.py\/ip\/","logo":{"@type":"ImageObject","inLanguage":"es","@id":"https:\/\/www.ip.gov.py\/ip\/#\/schema\/logo\/image\/","url":"https:\/\/www.ip.gov.py\/ip\/wp-content\/uploads\/2018\/01\/Agencia-IP.jpg","contentUrl":"https:\/\/www.ip.gov.py\/ip\/wp-content\/uploads\/2018\/01\/Agencia-IP.jpg","width":150,"height":150,"caption":"Agencia IP"},"image":{"@id":"https:\/\/www.ip.gov.py\/ip\/#\/schema\/logo\/image\/"},"sameAs":["https:\/\/www.facebook.com\/IPParaguay\/","https:\/\/x.com\/IPParaguay","https:\/\/www.instagram.com\/IPParaguay"]},{"@type":"Person","@id":"https:\/\/www.ip.gov.py\/ip\/#\/schema\/person\/fa3668852e893cb0423795330f919039","name":"vrios","url":"https:\/\/www.ip.gov.py\/ip\/author\/vrios\/"}]}},"_links":{"self":[{"href":"https:\/\/www.ip.gov.py\/ip\/wp-json\/wp\/v2\/posts\/374773","targetHints":{"allow":["GET"]}}],"collection":[{"href":"https:\/\/www.ip.gov.py\/ip\/wp-json\/wp\/v2\/posts"}],"about":[{"href":"https:\/\/www.ip.gov.py\/ip\/wp-json\/wp\/v2\/types\/post"}],"author":[{"embeddable":true,"href":"https:\/\/www.ip.gov.py\/ip\/wp-json\/wp\/v2\/users\/11"}],"replies":[{"embeddable":true,"href":"https:\/\/www.ip.gov.py\/ip\/wp-json\/wp\/v2\/comments?post=374773"}],"version-history":[{"count":0,"href":"https:\/\/www.ip.gov.py\/ip\/wp-json\/wp\/v2\/posts\/374773\/revisions"}],"wp:featuredmedia":[{"embeddable":true,"href":"https:\/\/www.ip.gov.py\/ip\/wp-json\/wp\/v2\/media\/374774"}],"wp:attachment":[{"href":"https:\/\/www.ip.gov.py\/ip\/wp-json\/wp\/v2\/media?parent=374773"}],"wp:term":[{"taxonomy":"category","embeddable":true,"href":"https:\/\/www.ip.gov.py\/ip\/wp-json\/wp\/v2\/categories?post=374773"},{"taxonomy":"post_tag","embeddable":true,"href":"https:\/\/www.ip.gov.py\/ip\/wp-json\/wp\/v2\/tags?post=374773"}],"curies":[{"name":"wp","href":"https:\/\/api.w.org\/{rel}","templated":true}]}}