{"id":374927,"date":"2021-07-15T08:44:53","date_gmt":"2021-07-15T12:44:53","guid":{"rendered":"https:\/\/www.ip.gov.py\/ip\/?p=374927"},"modified":"2021-07-15T08:45:33","modified_gmt":"2021-07-15T12:45:33","slug":"mopc-socializa-resultado-de-la-tarifa-tecnica-del-transporte-publico","status":"publish","type":"post","link":"https:\/\/www.ip.gov.py\/ip\/2021\/07\/15\/mopc-socializa-resultado-de-la-tarifa-tecnica-del-transporte-publico\/","title":{"rendered":"MOPC socializa resultado de la tarifa t\u00e9cnica del transporte p\u00fablico"},"content":{"rendered":"<p style=\"text-align: justify;\"><em><strong>Asunci\u00f3n, Agencia IP.-<\/strong><\/em> El Ministerio de Obras P\u00fablicas y Comunicaciones (MOPC), informa que la tarifa t\u00e9cnica del Sistema de Transporte P\u00fablico del \u00c1rea Metropolitana, es la suma del costo del pasaje abonado por el usuario m\u00e1s el subsidio por pasajero abonado por el Estado.<!--more--><\/p>\n<p style=\"text-align: justify;\">Para que se pueda extender mejor, la cartera Estatal por medio de la Consultora MF Econom\u00eda elabor\u00f3 materiales audiovisuales explicando el funcionamiento de la misma, que se encuentran publicados en el siguiente <a href=\"https:\/\/www.mopc.gov.py\/index.php\/unidades-y-comisiones\/dependencias\/viceministrerio-de-transporte\/tarifa-tecnica-sistema-de-transporte-publico-del-area-metropolitana\" target=\"_blank\" rel=\"noopener noreferrer\"><strong>enlace<\/strong><\/a>.<\/p>\n<p style=\"text-align: justify;\">De esta manera, la ciudadan\u00eda puede acceder a las planillas tanto del servicio convencional como diferencial, como parte del proceso de transparencia con el que est\u00e1 comprometido el MOPC.<\/p>\n<p style=\"text-align: justify;\">Hay que mencionar que, para la elaboraci\u00f3n de esta tarifa t\u00e9cnica, se estableci\u00f3 por Decreto N\u00b0 4998 el Consejo Asesor de Tarifa de Transporte P\u00fablico de Pasajeros para el \u00c1rea Metropolitana de Asunci\u00f3n, conformado por los principales actores inherentes a la misma que, tras varios meses de an\u00e1lisis y estudios, finalmente dio como resultado el c\u00e1lculo para la tarifa de los meses de operaci\u00f3n de marzo y abril.<\/p>\n<p style=\"text-align: justify;\">Los valores resultantes se dieron gracias a los datos exactos provistos por el Centro de Control y Monitoreo del Sistema Nacional de Billetaje Electr\u00f3nico, relacionados a la cantidad de validaciones, kil\u00f3metros recorridos y otros factores determinantes. Estas variantes son analizadas mes a mes, por lo cual la tarifa t\u00e9cnica ser\u00e1 variable.<\/p>\n","protected":false},"excerpt":{"rendered":"<p>Asunci\u00f3n, Agencia IP.- El Ministerio de Obras P\u00fablicas y Comunicaciones (MOPC), informa que la tarifa t\u00e9cnica del Sistema de Transporte P\u00fablico del \u00c1rea Metropolitana, es la suma del costo del pasaje abonado por el usuario m\u00e1s el subsidio por pasajero abonado por el Estado.<\/p>\n","protected":false},"author":23,"featured_media":315270,"comment_status":"closed","ping_status":"closed","sticky":false,"template":"","format":"standard","meta":{"_monsterinsights_skip_tracking":false,"_monsterinsights_sitenote_active":false,"_monsterinsights_sitenote_note":"","_monsterinsights_sitenote_category":0,"footnotes":""},"categories":[4],"tags":[497,7692,3050,6189,7691,7690],"class_list":{"0":"post-374927","1":"post","2":"type-post","3":"status-publish","4":"format-standard","5":"has-post-thumbnail","7":"category-nacionales","8":"tag-billetaje-electronico","9":"tag-costo","10":"tag-pasaje","11":"tag-precio","12":"tag-precio-del-pasaje","13":"tag-tarifa-del-transporte-publico"},"yoast_head":"<!-- This site is optimized with the Yoast SEO plugin v27.5 - https:\/\/yoast.com\/product\/yoast-seo-wordpress\/ -->\n<title>MOPC socializa resultado de la tarifa t\u00e9cnica del transporte p\u00fablico - .::Agencia IP::.<\/title>\n<meta name=\"robots\" content=\"index, follow, max-snippet:-1, max-image-preview:large, max-video-preview:-1\" \/>\n<link rel=\"canonical\" href=\"https:\/\/www.ip.gov.py\/ip\/2021\/07\/15\/mopc-socializa-resultado-de-la-tarifa-tecnica-del-transporte-publico\/\" \/>\n<meta property=\"og:locale\" content=\"es_ES\" \/>\n<meta property=\"og:type\" content=\"article\" \/>\n<meta property=\"og:title\" content=\"MOPC socializa resultado de la tarifa t\u00e9cnica del transporte p\u00fablico - .::Agencia IP::.\" \/>\n<meta property=\"og:description\" content=\"Asunci\u00f3n, Agencia IP.- El Ministerio de Obras P\u00fablicas y Comunicaciones (MOPC), informa que la tarifa t\u00e9cnica del Sistema de Transporte P\u00fablico del \u00c1rea Metropolitana, es la suma del costo del pasaje abonado por el usuario m\u00e1s el subsidio por pasajero abonado por el Estado.\" \/>\n<meta property=\"og:url\" content=\"https:\/\/www.ip.gov.py\/ip\/2021\/07\/15\/mopc-socializa-resultado-de-la-tarifa-tecnica-del-transporte-publico\/\" \/>\n<meta property=\"og:site_name\" content=\".::Agencia IP::.\" \/>\n<meta property=\"article:publisher\" content=\"https:\/\/www.facebook.com\/IPParaguay\/\" \/>\n<meta property=\"article:published_time\" content=\"2021-07-15T12:44:53+00:00\" \/>\n<meta property=\"article:modified_time\" content=\"2021-07-15T12:45:33+00:00\" \/>\n<meta property=\"og:image\" content=\"https:\/\/www.ip.gov.py\/ip\/wp-content\/uploads\/2020\/05\/covid-pasajeros-buses.jpg\" \/>\n\t<meta property=\"og:image:width\" content=\"1179\" \/>\n\t<meta property=\"og:image:height\" content=\"766\" \/>\n\t<meta property=\"og:image:type\" content=\"image\/jpeg\" \/>\n<meta name=\"author\" content=\"Noelia Ferreira\" \/>\n<meta name=\"twitter:card\" content=\"summary_large_image\" \/>\n<meta name=\"twitter:creator\" content=\"@IPParaguay\" \/>\n<meta name=\"twitter:site\" content=\"@IPParaguay\" \/>\n<meta name=\"twitter:label1\" content=\"Escrito por\" \/>\n\t<meta name=\"twitter:data1\" content=\"Noelia Ferreira\" \/>\n\t<meta name=\"twitter:label2\" content=\"Tiempo de lectura\" \/>\n\t<meta name=\"twitter:data2\" content=\"1 minuto\" \/>\n<script type=\"application\/ld+json\" class=\"yoast-schema-graph\">{\"@context\":\"https:\\\/\\\/schema.org\",\"@graph\":[{\"@type\":\"Article\",\"@id\":\"https:\\\/\\\/www.ip.gov.py\\\/ip\\\/2021\\\/07\\\/15\\\/mopc-socializa-resultado-de-la-tarifa-tecnica-del-transporte-publico\\\/#article\",\"isPartOf\":{\"@id\":\"https:\\\/\\\/www.ip.gov.py\\\/ip\\\/2021\\\/07\\\/15\\\/mopc-socializa-resultado-de-la-tarifa-tecnica-del-transporte-publico\\\/\"},\"author\":{\"name\":\"Noelia Ferreira\",\"@id\":\"https:\\\/\\\/www.ip.gov.py\\\/ip\\\/#\\\/schema\\\/person\\\/791af27a9219bdbf9064abb776bb41c2\"},\"headline\":\"MOPC socializa resultado de la tarifa t\u00e9cnica del transporte p\u00fablico\",\"datePublished\":\"2021-07-15T12:44:53+00:00\",\"dateModified\":\"2021-07-15T12:45:33+00:00\",\"mainEntityOfPage\":{\"@id\":\"https:\\\/\\\/www.ip.gov.py\\\/ip\\\/2021\\\/07\\\/15\\\/mopc-socializa-resultado-de-la-tarifa-tecnica-del-transporte-publico\\\/\"},\"wordCount\":254,\"publisher\":{\"@id\":\"https:\\\/\\\/www.ip.gov.py\\\/ip\\\/#organization\"},\"image\":{\"@id\":\"https:\\\/\\\/www.ip.gov.py\\\/ip\\\/2021\\\/07\\\/15\\\/mopc-socializa-resultado-de-la-tarifa-tecnica-del-transporte-publico\\\/#primaryimage\"},\"thumbnailUrl\":\"https:\\\/\\\/www.ip.gov.py\\\/ip\\\/wp-content\\\/uploads\\\/2020\\\/05\\\/covid-pasajeros-buses.jpg\",\"keywords\":[\"billetaje electr\u00f3nico\",\"Costo\",\"pasaje\",\"precio\",\"Precio del Pasaje\",\"Tarifa del Transporte P\u00fablico\"],\"articleSection\":[\"Nacionales\"],\"inLanguage\":\"es\"},{\"@type\":\"WebPage\",\"@id\":\"https:\\\/\\\/www.ip.gov.py\\\/ip\\\/2021\\\/07\\\/15\\\/mopc-socializa-resultado-de-la-tarifa-tecnica-del-transporte-publico\\\/\",\"url\":\"https:\\\/\\\/www.ip.gov.py\\\/ip\\\/2021\\\/07\\\/15\\\/mopc-socializa-resultado-de-la-tarifa-tecnica-del-transporte-publico\\\/\",\"name\":\"MOPC socializa resultado de la tarifa t\u00e9cnica del transporte p\u00fablico - .::Agencia IP::.\",\"isPartOf\":{\"@id\":\"https:\\\/\\\/www.ip.gov.py\\\/ip\\\/#website\"},\"primaryImageOfPage\":{\"@id\":\"https:\\\/\\\/www.ip.gov.py\\\/ip\\\/2021\\\/07\\\/15\\\/mopc-socializa-resultado-de-la-tarifa-tecnica-del-transporte-publico\\\/#primaryimage\"},\"image\":{\"@id\":\"https:\\\/\\\/www.ip.gov.py\\\/ip\\\/2021\\\/07\\\/15\\\/mopc-socializa-resultado-de-la-tarifa-tecnica-del-transporte-publico\\\/#primaryimage\"},\"thumbnailUrl\":\"https:\\\/\\\/www.ip.gov.py\\\/ip\\\/wp-content\\\/uploads\\\/2020\\\/05\\\/covid-pasajeros-buses.jpg\",\"datePublished\":\"2021-07-15T12:44:53+00:00\",\"dateModified\":\"2021-07-15T12:45:33+00:00\",\"breadcrumb\":{\"@id\":\"https:\\\/\\\/www.ip.gov.py\\\/ip\\\/2021\\\/07\\\/15\\\/mopc-socializa-resultado-de-la-tarifa-tecnica-del-transporte-publico\\\/#breadcrumb\"},\"inLanguage\":\"es\",\"potentialAction\":[{\"@type\":\"ReadAction\",\"target\":[\"https:\\\/\\\/www.ip.gov.py\\\/ip\\\/2021\\\/07\\\/15\\\/mopc-socializa-resultado-de-la-tarifa-tecnica-del-transporte-publico\\\/\"]}]},{\"@type\":\"ImageObject\",\"inLanguage\":\"es\",\"@id\":\"https:\\\/\\\/www.ip.gov.py\\\/ip\\\/2021\\\/07\\\/15\\\/mopc-socializa-resultado-de-la-tarifa-tecnica-del-transporte-publico\\\/#primaryimage\",\"url\":\"https:\\\/\\\/www.ip.gov.py\\\/ip\\\/wp-content\\\/uploads\\\/2020\\\/05\\\/covid-pasajeros-buses.jpg\",\"contentUrl\":\"https:\\\/\\\/www.ip.gov.py\\\/ip\\\/wp-content\\\/uploads\\\/2020\\\/05\\\/covid-pasajeros-buses.jpg\",\"width\":1179,\"height\":766,\"caption\":\"Foto: Agencia IP\"},{\"@type\":\"BreadcrumbList\",\"@id\":\"https:\\\/\\\/www.ip.gov.py\\\/ip\\\/2021\\\/07\\\/15\\\/mopc-socializa-resultado-de-la-tarifa-tecnica-del-transporte-publico\\\/#breadcrumb\",\"itemListElement\":[{\"@type\":\"ListItem\",\"position\":1,\"name\":\"Portada\",\"item\":\"https:\\\/\\\/www.ip.gov.py\\\/ip\\\/\"},{\"@type\":\"ListItem\",\"position\":2,\"name\":\"MOPC socializa resultado de la tarifa t\u00e9cnica del transporte p\u00fablico\"}]},{\"@type\":\"WebSite\",\"@id\":\"https:\\\/\\\/www.ip.gov.py\\\/ip\\\/#website\",\"url\":\"https:\\\/\\\/www.ip.gov.py\\\/ip\\\/\",\"name\":\".::Agencia IP::.\",\"description\":\"\",\"publisher\":{\"@id\":\"https:\\\/\\\/www.ip.gov.py\\\/ip\\\/#organization\"},\"potentialAction\":[{\"@type\":\"SearchAction\",\"target\":{\"@type\":\"EntryPoint\",\"urlTemplate\":\"https:\\\/\\\/www.ip.gov.py\\\/ip\\\/?s={search_term_string}\"},\"query-input\":{\"@type\":\"PropertyValueSpecification\",\"valueRequired\":true,\"valueName\":\"search_term_string\"}}],\"inLanguage\":\"es\"},{\"@type\":\"Organization\",\"@id\":\"https:\\\/\\\/www.ip.gov.py\\\/ip\\\/#organization\",\"name\":\"Agencia IP\",\"url\":\"https:\\\/\\\/www.ip.gov.py\\\/ip\\\/\",\"logo\":{\"@type\":\"ImageObject\",\"inLanguage\":\"es\",\"@id\":\"https:\\\/\\\/www.ip.gov.py\\\/ip\\\/#\\\/schema\\\/logo\\\/image\\\/\",\"url\":\"https:\\\/\\\/www.ip.gov.py\\\/ip\\\/wp-content\\\/uploads\\\/2018\\\/01\\\/Agencia-IP.jpg\",\"contentUrl\":\"https:\\\/\\\/www.ip.gov.py\\\/ip\\\/wp-content\\\/uploads\\\/2018\\\/01\\\/Agencia-IP.jpg\",\"width\":150,\"height\":150,\"caption\":\"Agencia IP\"},\"image\":{\"@id\":\"https:\\\/\\\/www.ip.gov.py\\\/ip\\\/#\\\/schema\\\/logo\\\/image\\\/\"},\"sameAs\":[\"https:\\\/\\\/www.facebook.com\\\/IPParaguay\\\/\",\"https:\\\/\\\/x.com\\\/IPParaguay\",\"https:\\\/\\\/www.instagram.com\\\/IPParaguay\"]},{\"@type\":\"Person\",\"@id\":\"https:\\\/\\\/www.ip.gov.py\\\/ip\\\/#\\\/schema\\\/person\\\/791af27a9219bdbf9064abb776bb41c2\",\"name\":\"Noelia Ferreira\",\"sameAs\":[\"http:\\\/\\\/www.ip.gov.py\"],\"url\":\"https:\\\/\\\/www.ip.gov.py\\\/ip\\\/author\\\/nferreira\\\/\"}]}<\/script>\n<!-- \/ Yoast SEO plugin. -->","yoast_head_json":{"title":"MOPC socializa resultado de la tarifa t\u00e9cnica del transporte p\u00fablico - .::Agencia IP::.","robots":{"index":"index","follow":"follow","max-snippet":"max-snippet:-1","max-image-preview":"max-image-preview:large","max-video-preview":"max-video-preview:-1"},"canonical":"https:\/\/www.ip.gov.py\/ip\/2021\/07\/15\/mopc-socializa-resultado-de-la-tarifa-tecnica-del-transporte-publico\/","og_locale":"es_ES","og_type":"article","og_title":"MOPC socializa resultado de la tarifa t\u00e9cnica del transporte p\u00fablico - .::Agencia IP::.","og_description":"Asunci\u00f3n, Agencia IP.- El Ministerio de Obras P\u00fablicas y Comunicaciones (MOPC), informa que la tarifa t\u00e9cnica del Sistema de Transporte P\u00fablico del \u00c1rea Metropolitana, es la suma del costo del pasaje abonado por el usuario m\u00e1s el subsidio por pasajero abonado por el Estado.","og_url":"https:\/\/www.ip.gov.py\/ip\/2021\/07\/15\/mopc-socializa-resultado-de-la-tarifa-tecnica-del-transporte-publico\/","og_site_name":".::Agencia IP::.","article_publisher":"https:\/\/www.facebook.com\/IPParaguay\/","article_published_time":"2021-07-15T12:44:53+00:00","article_modified_time":"2021-07-15T12:45:33+00:00","og_image":[{"width":1179,"height":766,"url":"https:\/\/www.ip.gov.py\/ip\/wp-content\/uploads\/2020\/05\/covid-pasajeros-buses.jpg","type":"image\/jpeg"}],"author":"Noelia Ferreira","twitter_card":"summary_large_image","twitter_creator":"@IPParaguay","twitter_site":"@IPParaguay","twitter_misc":{"Escrito por":"Noelia Ferreira","Tiempo de lectura":"1 minuto"},"schema":{"@context":"https:\/\/schema.org","@graph":[{"@type":"Article","@id":"https:\/\/www.ip.gov.py\/ip\/2021\/07\/15\/mopc-socializa-resultado-de-la-tarifa-tecnica-del-transporte-publico\/#article","isPartOf":{"@id":"https:\/\/www.ip.gov.py\/ip\/2021\/07\/15\/mopc-socializa-resultado-de-la-tarifa-tecnica-del-transporte-publico\/"},"author":{"name":"Noelia Ferreira","@id":"https:\/\/www.ip.gov.py\/ip\/#\/schema\/person\/791af27a9219bdbf9064abb776bb41c2"},"headline":"MOPC socializa resultado de la tarifa t\u00e9cnica del transporte p\u00fablico","datePublished":"2021-07-15T12:44:53+00:00","dateModified":"2021-07-15T12:45:33+00:00","mainEntityOfPage":{"@id":"https:\/\/www.ip.gov.py\/ip\/2021\/07\/15\/mopc-socializa-resultado-de-la-tarifa-tecnica-del-transporte-publico\/"},"wordCount":254,"publisher":{"@id":"https:\/\/www.ip.gov.py\/ip\/#organization"},"image":{"@id":"https:\/\/www.ip.gov.py\/ip\/2021\/07\/15\/mopc-socializa-resultado-de-la-tarifa-tecnica-del-transporte-publico\/#primaryimage"},"thumbnailUrl":"https:\/\/www.ip.gov.py\/ip\/wp-content\/uploads\/2020\/05\/covid-pasajeros-buses.jpg","keywords":["billetaje electr\u00f3nico","Costo","pasaje","precio","Precio del Pasaje","Tarifa del Transporte P\u00fablico"],"articleSection":["Nacionales"],"inLanguage":"es"},{"@type":"WebPage","@id":"https:\/\/www.ip.gov.py\/ip\/2021\/07\/15\/mopc-socializa-resultado-de-la-tarifa-tecnica-del-transporte-publico\/","url":"https:\/\/www.ip.gov.py\/ip\/2021\/07\/15\/mopc-socializa-resultado-de-la-tarifa-tecnica-del-transporte-publico\/","name":"MOPC socializa resultado de la tarifa t\u00e9cnica del transporte p\u00fablico - .::Agencia IP::.","isPartOf":{"@id":"https:\/\/www.ip.gov.py\/ip\/#website"},"primaryImageOfPage":{"@id":"https:\/\/www.ip.gov.py\/ip\/2021\/07\/15\/mopc-socializa-resultado-de-la-tarifa-tecnica-del-transporte-publico\/#primaryimage"},"image":{"@id":"https:\/\/www.ip.gov.py\/ip\/2021\/07\/15\/mopc-socializa-resultado-de-la-tarifa-tecnica-del-transporte-publico\/#primaryimage"},"thumbnailUrl":"https:\/\/www.ip.gov.py\/ip\/wp-content\/uploads\/2020\/05\/covid-pasajeros-buses.jpg","datePublished":"2021-07-15T12:44:53+00:00","dateModified":"2021-07-15T12:45:33+00:00","breadcrumb":{"@id":"https:\/\/www.ip.gov.py\/ip\/2021\/07\/15\/mopc-socializa-resultado-de-la-tarifa-tecnica-del-transporte-publico\/#breadcrumb"},"inLanguage":"es","potentialAction":[{"@type":"ReadAction","target":["https:\/\/www.ip.gov.py\/ip\/2021\/07\/15\/mopc-socializa-resultado-de-la-tarifa-tecnica-del-transporte-publico\/"]}]},{"@type":"ImageObject","inLanguage":"es","@id":"https:\/\/www.ip.gov.py\/ip\/2021\/07\/15\/mopc-socializa-resultado-de-la-tarifa-tecnica-del-transporte-publico\/#primaryimage","url":"https:\/\/www.ip.gov.py\/ip\/wp-content\/uploads\/2020\/05\/covid-pasajeros-buses.jpg","contentUrl":"https:\/\/www.ip.gov.py\/ip\/wp-content\/uploads\/2020\/05\/covid-pasajeros-buses.jpg","width":1179,"height":766,"caption":"Foto: Agencia IP"},{"@type":"BreadcrumbList","@id":"https:\/\/www.ip.gov.py\/ip\/2021\/07\/15\/mopc-socializa-resultado-de-la-tarifa-tecnica-del-transporte-publico\/#breadcrumb","itemListElement":[{"@type":"ListItem","position":1,"name":"Portada","item":"https:\/\/www.ip.gov.py\/ip\/"},{"@type":"ListItem","position":2,"name":"MOPC socializa resultado de la tarifa t\u00e9cnica del transporte p\u00fablico"}]},{"@type":"WebSite","@id":"https:\/\/www.ip.gov.py\/ip\/#website","url":"https:\/\/www.ip.gov.py\/ip\/","name":".::Agencia IP::.","description":"","publisher":{"@id":"https:\/\/www.ip.gov.py\/ip\/#organization"},"potentialAction":[{"@type":"SearchAction","target":{"@type":"EntryPoint","urlTemplate":"https:\/\/www.ip.gov.py\/ip\/?s={search_term_string}"},"query-input":{"@type":"PropertyValueSpecification","valueRequired":true,"valueName":"search_term_string"}}],"inLanguage":"es"},{"@type":"Organization","@id":"https:\/\/www.ip.gov.py\/ip\/#organization","name":"Agencia IP","url":"https:\/\/www.ip.gov.py\/ip\/","logo":{"@type":"ImageObject","inLanguage":"es","@id":"https:\/\/www.ip.gov.py\/ip\/#\/schema\/logo\/image\/","url":"https:\/\/www.ip.gov.py\/ip\/wp-content\/uploads\/2018\/01\/Agencia-IP.jpg","contentUrl":"https:\/\/www.ip.gov.py\/ip\/wp-content\/uploads\/2018\/01\/Agencia-IP.jpg","width":150,"height":150,"caption":"Agencia IP"},"image":{"@id":"https:\/\/www.ip.gov.py\/ip\/#\/schema\/logo\/image\/"},"sameAs":["https:\/\/www.facebook.com\/IPParaguay\/","https:\/\/x.com\/IPParaguay","https:\/\/www.instagram.com\/IPParaguay"]},{"@type":"Person","@id":"https:\/\/www.ip.gov.py\/ip\/#\/schema\/person\/791af27a9219bdbf9064abb776bb41c2","name":"Noelia Ferreira","sameAs":["http:\/\/www.ip.gov.py"],"url":"https:\/\/www.ip.gov.py\/ip\/author\/nferreira\/"}]}},"_links":{"self":[{"href":"https:\/\/www.ip.gov.py\/ip\/wp-json\/wp\/v2\/posts\/374927","targetHints":{"allow":["GET"]}}],"collection":[{"href":"https:\/\/www.ip.gov.py\/ip\/wp-json\/wp\/v2\/posts"}],"about":[{"href":"https:\/\/www.ip.gov.py\/ip\/wp-json\/wp\/v2\/types\/post"}],"author":[{"embeddable":true,"href":"https:\/\/www.ip.gov.py\/ip\/wp-json\/wp\/v2\/users\/23"}],"replies":[{"embeddable":true,"href":"https:\/\/www.ip.gov.py\/ip\/wp-json\/wp\/v2\/comments?post=374927"}],"version-history":[{"count":0,"href":"https:\/\/www.ip.gov.py\/ip\/wp-json\/wp\/v2\/posts\/374927\/revisions"}],"wp:featuredmedia":[{"embeddable":true,"href":"https:\/\/www.ip.gov.py\/ip\/wp-json\/wp\/v2\/media\/315270"}],"wp:attachment":[{"href":"https:\/\/www.ip.gov.py\/ip\/wp-json\/wp\/v2\/media?parent=374927"}],"wp:term":[{"taxonomy":"category","embeddable":true,"href":"https:\/\/www.ip.gov.py\/ip\/wp-json\/wp\/v2\/categories?post=374927"},{"taxonomy":"post_tag","embeddable":true,"href":"https:\/\/www.ip.gov.py\/ip\/wp-json\/wp\/v2\/tags?post=374927"}],"curies":[{"name":"wp","href":"https:\/\/api.w.org\/{rel}","templated":true}]}}