{"id":375393,"date":"2021-07-17T13:09:19","date_gmt":"2021-07-17T17:09:19","guid":{"rendered":"https:\/\/www.ip.gov.py\/ip\/?p=375393"},"modified":"2021-07-17T13:11:32","modified_gmt":"2021-07-17T17:11:32","slug":"piden-reforzar-lucha-contra-el-abigeato-en-el-chaco-tras-reunion-con-giuzzio","status":"publish","type":"post","link":"https:\/\/www.ip.gov.py\/ip\/2021\/07\/17\/piden-reforzar-lucha-contra-el-abigeato-en-el-chaco-tras-reunion-con-giuzzio\/","title":{"rendered":"Piden reforzar lucha contra el abigeato en el Chaco tras reuni\u00f3n con Giuzzio"},"content":{"rendered":"<p style=\"text-align: justify;\"><em><strong>Asunci\u00f3n, Agencia IP.-<\/strong> <\/em>El ministro del Interior, Arnaldo Giuzzio, se reuni\u00f3 con referentes del\u00a0 departamento de Boquer\u00f3n, quienes abogaron por el fortalecimiento de los controles contra el abigeato para el beneficio de la producci\u00f3n y resguardo de la seguridad a los productores del Chaco.<!--more--><\/p>\n<p style=\"text-align: justify;\">Durante el encuentro desarrollado en la v\u00edspera en la sede ministerial, las autoridades del Chaco manifestaron su preocupaci\u00f3n por las condiciones de las principales rutas del departamento, inform\u00f3 el Ministerio del Interior.<\/p>\n<p style=\"text-align: justify;\">As\u00ed tambi\u00e9n conversaron sobre tareas de seguridad preventiva desde una visi\u00f3n compartida con las organizaciones civiles de las distintas localidades del mencionado departamento.<\/p>\n<p style=\"text-align: justify;\">Igualmente expresaron su apoyo a los responsables de la seguridad, considerando que la construcci\u00f3n del Corredor vial Bioce\u00e1nico que unir\u00e1 en su primer tramo a las localidades de Carmelo Peralta de Alto Paraguay y Loma Plata de Boquer\u00f3n, ser\u00e1 clave para el desarrollo productivo en la regi\u00f3n Occidental.<\/p>\n<p style=\"text-align: justify;\">Las autoridades de Boquer\u00f3n coincidieron en la necesidad de fortalecer los sistemas de control con la Polic\u00eda Nacional, a trav\u00e9s de su Departamento de Lucha Contra el Abigeato, en beneficio de la producci\u00f3n nacional y resguardo de la seguridad a los productores del Chaco.<\/p>\n<p style=\"text-align: justify;\">\u00abPedimos al ministro (Arnaldo) Giuzzio seguir trabajando de forma coordinada y colaborativa, para fortalecer el departamento y, a su vez, ofrecimos nuestros recursos para las acciones que as\u00ed lo requieran\u00bb, expres\u00f3 Ronald Reimer Hiebert, presidente de la Cooperativa Chortizer.<\/p>\n<p style=\"text-align: justify;\">Acot\u00f3 que el ministro del Interior, le manifest\u00f3 la predisposici\u00f3n y compromiso de trabajar conjuntamente, reforzando el rol de la Polic\u00eda Nacional, sobre todo en las localidades m\u00e1s lejas del departamento.<\/p>\n<p style=\"text-align: justify;\">Participaron de la reuni\u00f3n, el Gobernador de Boquer\u00f3n, Dar\u00edo Medina, el diputado nacional, Edwin Reimer, el concejal de Mariscal Estigarribia, C\u00e9sar Gonz\u00e1lez, el intendente de Loma Plata, Walter Stockl y, el presidente de la Cooperativa Chortizer, Ronald Reimer Hiebert.<\/p>\n","protected":false},"excerpt":{"rendered":"<p>Asunci\u00f3n, Agencia IP.- El ministro del Interior, Arnaldo Giuzzio, se reuni\u00f3 con referentes del\u00a0 departamento de Boquer\u00f3n, quienes abogaron por el fortalecimiento de los controles contra el abigeato para el beneficio de la producci\u00f3n y resguardo de la seguridad a los productores del Chaco.<\/p>\n","protected":false},"author":7,"featured_media":375394,"comment_status":"closed","ping_status":"closed","sticky":false,"template":"","format":"standard","meta":{"_monsterinsights_skip_tracking":false,"_monsterinsights_sitenote_active":false,"_monsterinsights_sitenote_note":"","_monsterinsights_sitenote_category":0,"footnotes":""},"categories":[6],"tags":[2197,3386,47],"class_list":{"0":"post-375393","1":"post","2":"type-post","3":"status-publish","4":"format-standard","5":"has-post-thumbnail","7":"category-politica","8":"tag-boqueron","9":"tag-chaco-paraguayo","10":"tag-ministerio-del-interior"},"yoast_head":"<!-- This site is optimized with the Yoast SEO plugin v27.5 - https:\/\/yoast.com\/product\/yoast-seo-wordpress\/ -->\n<title>Piden reforzar lucha contra el abigeato en el Chaco tras reuni\u00f3n con Giuzzio - .::Agencia IP::.<\/title>\n<meta name=\"robots\" content=\"index, follow, max-snippet:-1, max-image-preview:large, max-video-preview:-1\" \/>\n<link rel=\"canonical\" href=\"https:\/\/www.ip.gov.py\/ip\/2021\/07\/17\/piden-reforzar-lucha-contra-el-abigeato-en-el-chaco-tras-reunion-con-giuzzio\/\" \/>\n<meta property=\"og:locale\" content=\"es_ES\" \/>\n<meta property=\"og:type\" content=\"article\" \/>\n<meta property=\"og:title\" content=\"Piden reforzar lucha contra el abigeato en el Chaco tras reuni\u00f3n con Giuzzio - .::Agencia IP::.\" \/>\n<meta property=\"og:description\" content=\"Asunci\u00f3n, Agencia IP.- El ministro del Interior, Arnaldo Giuzzio, se reuni\u00f3 con referentes del\u00a0 departamento de Boquer\u00f3n, quienes abogaron por el fortalecimiento de los controles contra el abigeato para el beneficio de la producci\u00f3n y resguardo de la seguridad a los productores del Chaco.\" \/>\n<meta property=\"og:url\" content=\"https:\/\/www.ip.gov.py\/ip\/2021\/07\/17\/piden-reforzar-lucha-contra-el-abigeato-en-el-chaco-tras-reunion-con-giuzzio\/\" \/>\n<meta property=\"og:site_name\" content=\".::Agencia IP::.\" \/>\n<meta property=\"article:publisher\" content=\"https:\/\/www.facebook.com\/IPParaguay\/\" \/>\n<meta property=\"article:published_time\" content=\"2021-07-17T17:09:19+00:00\" \/>\n<meta property=\"article:modified_time\" content=\"2021-07-17T17:11:32+00:00\" \/>\n<meta property=\"og:image\" content=\"https:\/\/www.ip.gov.py\/ip\/wp-content\/uploads\/2021\/07\/ministro-con-autoridades-de-boqueron.jpg\" \/>\n\t<meta property=\"og:image:width\" content=\"900\" \/>\n\t<meta property=\"og:image:height\" content=\"577\" \/>\n\t<meta property=\"og:image:type\" content=\"image\/jpeg\" \/>\n<meta name=\"author\" content=\"Karina L\u00f3pez\" \/>\n<meta name=\"twitter:card\" content=\"summary_large_image\" \/>\n<meta name=\"twitter:creator\" content=\"@IPParaguay\" \/>\n<meta name=\"twitter:site\" content=\"@IPParaguay\" \/>\n<meta name=\"twitter:label1\" content=\"Escrito por\" \/>\n\t<meta name=\"twitter:data1\" content=\"Karina L\u00f3pez\" \/>\n\t<meta name=\"twitter:label2\" content=\"Tiempo de lectura\" \/>\n\t<meta name=\"twitter:data2\" content=\"2 minutos\" \/>\n<script type=\"application\/ld+json\" class=\"yoast-schema-graph\">{\"@context\":\"https:\\\/\\\/schema.org\",\"@graph\":[{\"@type\":\"Article\",\"@id\":\"https:\\\/\\\/www.ip.gov.py\\\/ip\\\/2021\\\/07\\\/17\\\/piden-reforzar-lucha-contra-el-abigeato-en-el-chaco-tras-reunion-con-giuzzio\\\/#article\",\"isPartOf\":{\"@id\":\"https:\\\/\\\/www.ip.gov.py\\\/ip\\\/2021\\\/07\\\/17\\\/piden-reforzar-lucha-contra-el-abigeato-en-el-chaco-tras-reunion-con-giuzzio\\\/\"},\"author\":{\"name\":\"Karina L\u00f3pez\",\"@id\":\"https:\\\/\\\/www.ip.gov.py\\\/ip\\\/#\\\/schema\\\/person\\\/613765cf13d420d448042e6802220539\"},\"headline\":\"Piden reforzar lucha contra el abigeato en el Chaco tras reuni\u00f3n con Giuzzio\",\"datePublished\":\"2021-07-17T17:09:19+00:00\",\"dateModified\":\"2021-07-17T17:11:32+00:00\",\"mainEntityOfPage\":{\"@id\":\"https:\\\/\\\/www.ip.gov.py\\\/ip\\\/2021\\\/07\\\/17\\\/piden-reforzar-lucha-contra-el-abigeato-en-el-chaco-tras-reunion-con-giuzzio\\\/\"},\"wordCount\":338,\"publisher\":{\"@id\":\"https:\\\/\\\/www.ip.gov.py\\\/ip\\\/#organization\"},\"image\":{\"@id\":\"https:\\\/\\\/www.ip.gov.py\\\/ip\\\/2021\\\/07\\\/17\\\/piden-reforzar-lucha-contra-el-abigeato-en-el-chaco-tras-reunion-con-giuzzio\\\/#primaryimage\"},\"thumbnailUrl\":\"https:\\\/\\\/www.ip.gov.py\\\/ip\\\/wp-content\\\/uploads\\\/2021\\\/07\\\/ministro-con-autoridades-de-boqueron.jpg\",\"keywords\":[\"Boquer\u00f3n\",\"Chaco paraguayo\",\"Ministerio del Interior\"],\"articleSection\":[\"Pol\u00edtica\"],\"inLanguage\":\"es\"},{\"@type\":\"WebPage\",\"@id\":\"https:\\\/\\\/www.ip.gov.py\\\/ip\\\/2021\\\/07\\\/17\\\/piden-reforzar-lucha-contra-el-abigeato-en-el-chaco-tras-reunion-con-giuzzio\\\/\",\"url\":\"https:\\\/\\\/www.ip.gov.py\\\/ip\\\/2021\\\/07\\\/17\\\/piden-reforzar-lucha-contra-el-abigeato-en-el-chaco-tras-reunion-con-giuzzio\\\/\",\"name\":\"Piden reforzar lucha contra el abigeato en el Chaco tras reuni\u00f3n con Giuzzio - .::Agencia IP::.\",\"isPartOf\":{\"@id\":\"https:\\\/\\\/www.ip.gov.py\\\/ip\\\/#website\"},\"primaryImageOfPage\":{\"@id\":\"https:\\\/\\\/www.ip.gov.py\\\/ip\\\/2021\\\/07\\\/17\\\/piden-reforzar-lucha-contra-el-abigeato-en-el-chaco-tras-reunion-con-giuzzio\\\/#primaryimage\"},\"image\":{\"@id\":\"https:\\\/\\\/www.ip.gov.py\\\/ip\\\/2021\\\/07\\\/17\\\/piden-reforzar-lucha-contra-el-abigeato-en-el-chaco-tras-reunion-con-giuzzio\\\/#primaryimage\"},\"thumbnailUrl\":\"https:\\\/\\\/www.ip.gov.py\\\/ip\\\/wp-content\\\/uploads\\\/2021\\\/07\\\/ministro-con-autoridades-de-boqueron.jpg\",\"datePublished\":\"2021-07-17T17:09:19+00:00\",\"dateModified\":\"2021-07-17T17:11:32+00:00\",\"breadcrumb\":{\"@id\":\"https:\\\/\\\/www.ip.gov.py\\\/ip\\\/2021\\\/07\\\/17\\\/piden-reforzar-lucha-contra-el-abigeato-en-el-chaco-tras-reunion-con-giuzzio\\\/#breadcrumb\"},\"inLanguage\":\"es\",\"potentialAction\":[{\"@type\":\"ReadAction\",\"target\":[\"https:\\\/\\\/www.ip.gov.py\\\/ip\\\/2021\\\/07\\\/17\\\/piden-reforzar-lucha-contra-el-abigeato-en-el-chaco-tras-reunion-con-giuzzio\\\/\"]}]},{\"@type\":\"ImageObject\",\"inLanguage\":\"es\",\"@id\":\"https:\\\/\\\/www.ip.gov.py\\\/ip\\\/2021\\\/07\\\/17\\\/piden-reforzar-lucha-contra-el-abigeato-en-el-chaco-tras-reunion-con-giuzzio\\\/#primaryimage\",\"url\":\"https:\\\/\\\/www.ip.gov.py\\\/ip\\\/wp-content\\\/uploads\\\/2021\\\/07\\\/ministro-con-autoridades-de-boqueron.jpg\",\"contentUrl\":\"https:\\\/\\\/www.ip.gov.py\\\/ip\\\/wp-content\\\/uploads\\\/2021\\\/07\\\/ministro-con-autoridades-de-boqueron.jpg\",\"width\":900,\"height\":577,\"caption\":\"Durante el desarrollo de la reuni\u00f3n. Foto Ministerio del Interior\"},{\"@type\":\"BreadcrumbList\",\"@id\":\"https:\\\/\\\/www.ip.gov.py\\\/ip\\\/2021\\\/07\\\/17\\\/piden-reforzar-lucha-contra-el-abigeato-en-el-chaco-tras-reunion-con-giuzzio\\\/#breadcrumb\",\"itemListElement\":[{\"@type\":\"ListItem\",\"position\":1,\"name\":\"Portada\",\"item\":\"https:\\\/\\\/www.ip.gov.py\\\/ip\\\/\"},{\"@type\":\"ListItem\",\"position\":2,\"name\":\"Piden reforzar lucha contra el abigeato en el Chaco tras reuni\u00f3n con Giuzzio\"}]},{\"@type\":\"WebSite\",\"@id\":\"https:\\\/\\\/www.ip.gov.py\\\/ip\\\/#website\",\"url\":\"https:\\\/\\\/www.ip.gov.py\\\/ip\\\/\",\"name\":\".::Agencia IP::.\",\"description\":\"\",\"publisher\":{\"@id\":\"https:\\\/\\\/www.ip.gov.py\\\/ip\\\/#organization\"},\"potentialAction\":[{\"@type\":\"SearchAction\",\"target\":{\"@type\":\"EntryPoint\",\"urlTemplate\":\"https:\\\/\\\/www.ip.gov.py\\\/ip\\\/?s={search_term_string}\"},\"query-input\":{\"@type\":\"PropertyValueSpecification\",\"valueRequired\":true,\"valueName\":\"search_term_string\"}}],\"inLanguage\":\"es\"},{\"@type\":\"Organization\",\"@id\":\"https:\\\/\\\/www.ip.gov.py\\\/ip\\\/#organization\",\"name\":\"Agencia IP\",\"url\":\"https:\\\/\\\/www.ip.gov.py\\\/ip\\\/\",\"logo\":{\"@type\":\"ImageObject\",\"inLanguage\":\"es\",\"@id\":\"https:\\\/\\\/www.ip.gov.py\\\/ip\\\/#\\\/schema\\\/logo\\\/image\\\/\",\"url\":\"https:\\\/\\\/www.ip.gov.py\\\/ip\\\/wp-content\\\/uploads\\\/2018\\\/01\\\/Agencia-IP.jpg\",\"contentUrl\":\"https:\\\/\\\/www.ip.gov.py\\\/ip\\\/wp-content\\\/uploads\\\/2018\\\/01\\\/Agencia-IP.jpg\",\"width\":150,\"height\":150,\"caption\":\"Agencia IP\"},\"image\":{\"@id\":\"https:\\\/\\\/www.ip.gov.py\\\/ip\\\/#\\\/schema\\\/logo\\\/image\\\/\"},\"sameAs\":[\"https:\\\/\\\/www.facebook.com\\\/IPParaguay\\\/\",\"https:\\\/\\\/x.com\\\/IPParaguay\",\"https:\\\/\\\/www.instagram.com\\\/IPParaguay\"]},{\"@type\":\"Person\",\"@id\":\"https:\\\/\\\/www.ip.gov.py\\\/ip\\\/#\\\/schema\\\/person\\\/613765cf13d420d448042e6802220539\",\"name\":\"Karina L\u00f3pez\",\"url\":\"https:\\\/\\\/www.ip.gov.py\\\/ip\\\/author\\\/klopez\\\/\"}]}<\/script>\n<!-- \/ Yoast SEO plugin. -->","yoast_head_json":{"title":"Piden reforzar lucha contra el abigeato en el Chaco tras reuni\u00f3n con Giuzzio - .::Agencia IP::.","robots":{"index":"index","follow":"follow","max-snippet":"max-snippet:-1","max-image-preview":"max-image-preview:large","max-video-preview":"max-video-preview:-1"},"canonical":"https:\/\/www.ip.gov.py\/ip\/2021\/07\/17\/piden-reforzar-lucha-contra-el-abigeato-en-el-chaco-tras-reunion-con-giuzzio\/","og_locale":"es_ES","og_type":"article","og_title":"Piden reforzar lucha contra el abigeato en el Chaco tras reuni\u00f3n con Giuzzio - .::Agencia IP::.","og_description":"Asunci\u00f3n, Agencia IP.- El ministro del Interior, Arnaldo Giuzzio, se reuni\u00f3 con referentes del\u00a0 departamento de Boquer\u00f3n, quienes abogaron por el fortalecimiento de los controles contra el abigeato para el beneficio de la producci\u00f3n y resguardo de la seguridad a los productores del Chaco.","og_url":"https:\/\/www.ip.gov.py\/ip\/2021\/07\/17\/piden-reforzar-lucha-contra-el-abigeato-en-el-chaco-tras-reunion-con-giuzzio\/","og_site_name":".::Agencia IP::.","article_publisher":"https:\/\/www.facebook.com\/IPParaguay\/","article_published_time":"2021-07-17T17:09:19+00:00","article_modified_time":"2021-07-17T17:11:32+00:00","og_image":[{"width":900,"height":577,"url":"https:\/\/www.ip.gov.py\/ip\/wp-content\/uploads\/2021\/07\/ministro-con-autoridades-de-boqueron.jpg","type":"image\/jpeg"}],"author":"Karina L\u00f3pez","twitter_card":"summary_large_image","twitter_creator":"@IPParaguay","twitter_site":"@IPParaguay","twitter_misc":{"Escrito por":"Karina L\u00f3pez","Tiempo de lectura":"2 minutos"},"schema":{"@context":"https:\/\/schema.org","@graph":[{"@type":"Article","@id":"https:\/\/www.ip.gov.py\/ip\/2021\/07\/17\/piden-reforzar-lucha-contra-el-abigeato-en-el-chaco-tras-reunion-con-giuzzio\/#article","isPartOf":{"@id":"https:\/\/www.ip.gov.py\/ip\/2021\/07\/17\/piden-reforzar-lucha-contra-el-abigeato-en-el-chaco-tras-reunion-con-giuzzio\/"},"author":{"name":"Karina L\u00f3pez","@id":"https:\/\/www.ip.gov.py\/ip\/#\/schema\/person\/613765cf13d420d448042e6802220539"},"headline":"Piden reforzar lucha contra el abigeato en el Chaco tras reuni\u00f3n con Giuzzio","datePublished":"2021-07-17T17:09:19+00:00","dateModified":"2021-07-17T17:11:32+00:00","mainEntityOfPage":{"@id":"https:\/\/www.ip.gov.py\/ip\/2021\/07\/17\/piden-reforzar-lucha-contra-el-abigeato-en-el-chaco-tras-reunion-con-giuzzio\/"},"wordCount":338,"publisher":{"@id":"https:\/\/www.ip.gov.py\/ip\/#organization"},"image":{"@id":"https:\/\/www.ip.gov.py\/ip\/2021\/07\/17\/piden-reforzar-lucha-contra-el-abigeato-en-el-chaco-tras-reunion-con-giuzzio\/#primaryimage"},"thumbnailUrl":"https:\/\/www.ip.gov.py\/ip\/wp-content\/uploads\/2021\/07\/ministro-con-autoridades-de-boqueron.jpg","keywords":["Boquer\u00f3n","Chaco paraguayo","Ministerio del Interior"],"articleSection":["Pol\u00edtica"],"inLanguage":"es"},{"@type":"WebPage","@id":"https:\/\/www.ip.gov.py\/ip\/2021\/07\/17\/piden-reforzar-lucha-contra-el-abigeato-en-el-chaco-tras-reunion-con-giuzzio\/","url":"https:\/\/www.ip.gov.py\/ip\/2021\/07\/17\/piden-reforzar-lucha-contra-el-abigeato-en-el-chaco-tras-reunion-con-giuzzio\/","name":"Piden reforzar lucha contra el abigeato en el Chaco tras reuni\u00f3n con Giuzzio - .::Agencia IP::.","isPartOf":{"@id":"https:\/\/www.ip.gov.py\/ip\/#website"},"primaryImageOfPage":{"@id":"https:\/\/www.ip.gov.py\/ip\/2021\/07\/17\/piden-reforzar-lucha-contra-el-abigeato-en-el-chaco-tras-reunion-con-giuzzio\/#primaryimage"},"image":{"@id":"https:\/\/www.ip.gov.py\/ip\/2021\/07\/17\/piden-reforzar-lucha-contra-el-abigeato-en-el-chaco-tras-reunion-con-giuzzio\/#primaryimage"},"thumbnailUrl":"https:\/\/www.ip.gov.py\/ip\/wp-content\/uploads\/2021\/07\/ministro-con-autoridades-de-boqueron.jpg","datePublished":"2021-07-17T17:09:19+00:00","dateModified":"2021-07-17T17:11:32+00:00","breadcrumb":{"@id":"https:\/\/www.ip.gov.py\/ip\/2021\/07\/17\/piden-reforzar-lucha-contra-el-abigeato-en-el-chaco-tras-reunion-con-giuzzio\/#breadcrumb"},"inLanguage":"es","potentialAction":[{"@type":"ReadAction","target":["https:\/\/www.ip.gov.py\/ip\/2021\/07\/17\/piden-reforzar-lucha-contra-el-abigeato-en-el-chaco-tras-reunion-con-giuzzio\/"]}]},{"@type":"ImageObject","inLanguage":"es","@id":"https:\/\/www.ip.gov.py\/ip\/2021\/07\/17\/piden-reforzar-lucha-contra-el-abigeato-en-el-chaco-tras-reunion-con-giuzzio\/#primaryimage","url":"https:\/\/www.ip.gov.py\/ip\/wp-content\/uploads\/2021\/07\/ministro-con-autoridades-de-boqueron.jpg","contentUrl":"https:\/\/www.ip.gov.py\/ip\/wp-content\/uploads\/2021\/07\/ministro-con-autoridades-de-boqueron.jpg","width":900,"height":577,"caption":"Durante el desarrollo de la reuni\u00f3n. Foto Ministerio del Interior"},{"@type":"BreadcrumbList","@id":"https:\/\/www.ip.gov.py\/ip\/2021\/07\/17\/piden-reforzar-lucha-contra-el-abigeato-en-el-chaco-tras-reunion-con-giuzzio\/#breadcrumb","itemListElement":[{"@type":"ListItem","position":1,"name":"Portada","item":"https:\/\/www.ip.gov.py\/ip\/"},{"@type":"ListItem","position":2,"name":"Piden reforzar lucha contra el abigeato en el Chaco tras reuni\u00f3n con Giuzzio"}]},{"@type":"WebSite","@id":"https:\/\/www.ip.gov.py\/ip\/#website","url":"https:\/\/www.ip.gov.py\/ip\/","name":".::Agencia IP::.","description":"","publisher":{"@id":"https:\/\/www.ip.gov.py\/ip\/#organization"},"potentialAction":[{"@type":"SearchAction","target":{"@type":"EntryPoint","urlTemplate":"https:\/\/www.ip.gov.py\/ip\/?s={search_term_string}"},"query-input":{"@type":"PropertyValueSpecification","valueRequired":true,"valueName":"search_term_string"}}],"inLanguage":"es"},{"@type":"Organization","@id":"https:\/\/www.ip.gov.py\/ip\/#organization","name":"Agencia IP","url":"https:\/\/www.ip.gov.py\/ip\/","logo":{"@type":"ImageObject","inLanguage":"es","@id":"https:\/\/www.ip.gov.py\/ip\/#\/schema\/logo\/image\/","url":"https:\/\/www.ip.gov.py\/ip\/wp-content\/uploads\/2018\/01\/Agencia-IP.jpg","contentUrl":"https:\/\/www.ip.gov.py\/ip\/wp-content\/uploads\/2018\/01\/Agencia-IP.jpg","width":150,"height":150,"caption":"Agencia IP"},"image":{"@id":"https:\/\/www.ip.gov.py\/ip\/#\/schema\/logo\/image\/"},"sameAs":["https:\/\/www.facebook.com\/IPParaguay\/","https:\/\/x.com\/IPParaguay","https:\/\/www.instagram.com\/IPParaguay"]},{"@type":"Person","@id":"https:\/\/www.ip.gov.py\/ip\/#\/schema\/person\/613765cf13d420d448042e6802220539","name":"Karina L\u00f3pez","url":"https:\/\/www.ip.gov.py\/ip\/author\/klopez\/"}]}},"_links":{"self":[{"href":"https:\/\/www.ip.gov.py\/ip\/wp-json\/wp\/v2\/posts\/375393","targetHints":{"allow":["GET"]}}],"collection":[{"href":"https:\/\/www.ip.gov.py\/ip\/wp-json\/wp\/v2\/posts"}],"about":[{"href":"https:\/\/www.ip.gov.py\/ip\/wp-json\/wp\/v2\/types\/post"}],"author":[{"embeddable":true,"href":"https:\/\/www.ip.gov.py\/ip\/wp-json\/wp\/v2\/users\/7"}],"replies":[{"embeddable":true,"href":"https:\/\/www.ip.gov.py\/ip\/wp-json\/wp\/v2\/comments?post=375393"}],"version-history":[{"count":0,"href":"https:\/\/www.ip.gov.py\/ip\/wp-json\/wp\/v2\/posts\/375393\/revisions"}],"wp:featuredmedia":[{"embeddable":true,"href":"https:\/\/www.ip.gov.py\/ip\/wp-json\/wp\/v2\/media\/375394"}],"wp:attachment":[{"href":"https:\/\/www.ip.gov.py\/ip\/wp-json\/wp\/v2\/media?parent=375393"}],"wp:term":[{"taxonomy":"category","embeddable":true,"href":"https:\/\/www.ip.gov.py\/ip\/wp-json\/wp\/v2\/categories?post=375393"},{"taxonomy":"post_tag","embeddable":true,"href":"https:\/\/www.ip.gov.py\/ip\/wp-json\/wp\/v2\/tags?post=375393"}],"curies":[{"name":"wp","href":"https:\/\/api.w.org\/{rel}","templated":true}]}}