{"id":376843,"date":"2021-07-26T15:07:36","date_gmt":"2021-07-26T19:07:36","guid":{"rendered":"https:\/\/www.ip.gov.py\/ip\/?p=376843"},"modified":"2021-07-26T15:07:36","modified_gmt":"2021-07-26T19:07:36","slug":"la-oposicion-peruana-gana-la-presidencia-del-nuevo-congreso","status":"publish","type":"post","link":"https:\/\/www.ip.gov.py\/ip\/2021\/07\/26\/la-oposicion-peruana-gana-la-presidencia-del-nuevo-congreso\/","title":{"rendered":"La oposici\u00f3n peruana gana la presidencia del nuevo Congreso"},"content":{"rendered":"<p style=\"text-align: justify;\"><em><strong>Lima.-<\/strong><\/em>Los partidos de oposici\u00f3n ganaron, mediante votaci\u00f3n, la Mesa Directiva del flamante Congreso de Per\u00fa, conformada por el presidente y los tres vicepresidentes del parlamento.<!--more--><\/p>\n<p style=\"text-align: justify;\">\u00abElecci\u00f3n Mesa Directiva. La congresista Mar\u00eda del Carmen Alva Prieto jur\u00f3 como presidenta del Congreso para el periodo anual de sesiones 2021-2022\u00bb, inform\u00f3 el parlamento a trav\u00e9s de su cuenta en Twitter.<\/p>\n<p style=\"text-align: justify;\">Alva Prieto es militante del partido Acci\u00f3n Popular (centroderecha), una agrupaci\u00f3n opositora al partido oficialista Per\u00fa Libre (izquierda), el cual tomar\u00e1 el poder del Ejecutivo el 28 de julio cuando Pedro Castillo juramente como presidente de la Rep\u00fablica.<\/p>\n<p style=\"text-align: justify;\">La acompa\u00f1an en la tres vicepresidencias los parlamentarios Lady Camones de Alianza para el Progreso (derecha), Enrique Wong de Podemos Per\u00fa (centroderecha), y Patricia Chirinos de Avanza Pa\u00eds (derecha).<\/p>\n<p style=\"text-align: justify;\">La Mesa Directiva est\u00e1 facultada para presidir y dirigir los debates del Pleno, as\u00ed como supervisa la pol\u00edtica administrativa y financiera del Congreso, adem\u00e1s de realizar el nombramiento de los altos funcionarios del parlamento.<\/p>\n<p style=\"text-align: justify;\">Esta mesa obtuvo 69 votos a favor, cantidad suficiente pues para elegir a este organismo se necesita de mayor\u00eda simple en el parlamento unicameral peruano, compuesto por 130 miembros.<\/p>\n<p style=\"text-align: justify;\">Minutos antes de la votaci\u00f3n, la lista oficialista fue tachada por estar presidida por una congresista del Partido Morado (centroizquierda), aliado de Per\u00fa Libre.<\/p>\n<p style=\"text-align: justify;\">Esto se produjo porque el Partido Morado s\u00f3lo cuenta con tres representantes y por ese bajo n\u00famero no califica como bancada; por ley es requisito que el presidente del Congreso pertenezca a una bancada.<\/p>\n<p style=\"text-align: justify;\">La elecci\u00f3n de la Mesa Directiva representa la primera dificultad que tendr\u00e1 el presidente electo Castillo para lograr consensos con el Legislativo.Sputnik.<\/p>\n<p style=\"text-align: justify;\">\n<p style=\"text-align: justify;\">\n","protected":false},"excerpt":{"rendered":"<p>Lima.-Los partidos de oposici\u00f3n ganaron, mediante votaci\u00f3n, la Mesa Directiva del flamante Congreso de Per\u00fa, conformada por el presidente y los tres vicepresidentes del parlamento.<\/p>\n","protected":false},"author":11,"featured_media":376846,"comment_status":"closed","ping_status":"closed","sticky":false,"template":"","format":"standard","meta":{"_monsterinsights_skip_tracking":false,"_monsterinsights_sitenote_active":false,"_monsterinsights_sitenote_note":"","_monsterinsights_sitenote_category":0,"footnotes":""},"categories":[5],"tags":[462,7878,865,379],"class_list":{"0":"post-376843","1":"post","2":"type-post","3":"status-publish","4":"format-standard","5":"has-post-thumbnail","7":"category-internacionales","8":"tag-congreso","9":"tag-oposicion","10":"tag-peru","11":"tag-presidencia"},"yoast_head":"<!-- This site is optimized with the Yoast SEO plugin v27.5 - https:\/\/yoast.com\/product\/yoast-seo-wordpress\/ -->\n<title>La oposici\u00f3n peruana gana la presidencia del nuevo Congreso - .::Agencia IP::.<\/title>\n<meta name=\"robots\" content=\"index, follow, max-snippet:-1, max-image-preview:large, max-video-preview:-1\" \/>\n<link rel=\"canonical\" href=\"https:\/\/www.ip.gov.py\/ip\/2021\/07\/26\/la-oposicion-peruana-gana-la-presidencia-del-nuevo-congreso\/\" \/>\n<meta property=\"og:locale\" content=\"es_ES\" \/>\n<meta property=\"og:type\" content=\"article\" \/>\n<meta property=\"og:title\" content=\"La oposici\u00f3n peruana gana la presidencia del nuevo Congreso - .::Agencia IP::.\" \/>\n<meta property=\"og:description\" content=\"Lima.-Los partidos de oposici\u00f3n ganaron, mediante votaci\u00f3n, la Mesa Directiva del flamante Congreso de Per\u00fa, conformada por el presidente y los tres vicepresidentes del parlamento.\" \/>\n<meta property=\"og:url\" content=\"https:\/\/www.ip.gov.py\/ip\/2021\/07\/26\/la-oposicion-peruana-gana-la-presidencia-del-nuevo-congreso\/\" \/>\n<meta property=\"og:site_name\" content=\".::Agencia IP::.\" \/>\n<meta property=\"article:publisher\" content=\"https:\/\/www.facebook.com\/IPParaguay\/\" \/>\n<meta property=\"article:published_time\" content=\"2021-07-26T19:07:36+00:00\" \/>\n<meta property=\"og:image\" content=\"https:\/\/www.ip.gov.py\/ip\/wp-content\/uploads\/2021\/07\/Congreso.png\" \/>\n\t<meta property=\"og:image:width\" content=\"680\" \/>\n\t<meta property=\"og:image:height\" content=\"454\" \/>\n\t<meta property=\"og:image:type\" content=\"image\/png\" \/>\n<meta name=\"author\" content=\"vrios\" \/>\n<meta name=\"twitter:card\" content=\"summary_large_image\" \/>\n<meta name=\"twitter:creator\" content=\"@IPParaguay\" \/>\n<meta name=\"twitter:site\" content=\"@IPParaguay\" \/>\n<meta name=\"twitter:label1\" content=\"Escrito por\" \/>\n\t<meta name=\"twitter:data1\" content=\"vrios\" \/>\n\t<meta name=\"twitter:label2\" content=\"Tiempo de lectura\" \/>\n\t<meta name=\"twitter:data2\" content=\"1 minuto\" \/>\n<script type=\"application\/ld+json\" class=\"yoast-schema-graph\">{\"@context\":\"https:\\\/\\\/schema.org\",\"@graph\":[{\"@type\":\"Article\",\"@id\":\"https:\\\/\\\/www.ip.gov.py\\\/ip\\\/2021\\\/07\\\/26\\\/la-oposicion-peruana-gana-la-presidencia-del-nuevo-congreso\\\/#article\",\"isPartOf\":{\"@id\":\"https:\\\/\\\/www.ip.gov.py\\\/ip\\\/2021\\\/07\\\/26\\\/la-oposicion-peruana-gana-la-presidencia-del-nuevo-congreso\\\/\"},\"author\":{\"name\":\"vrios\",\"@id\":\"https:\\\/\\\/www.ip.gov.py\\\/ip\\\/#\\\/schema\\\/person\\\/fa3668852e893cb0423795330f919039\"},\"headline\":\"La oposici\u00f3n peruana gana la presidencia del nuevo Congreso\",\"datePublished\":\"2021-07-26T19:07:36+00:00\",\"mainEntityOfPage\":{\"@id\":\"https:\\\/\\\/www.ip.gov.py\\\/ip\\\/2021\\\/07\\\/26\\\/la-oposicion-peruana-gana-la-presidencia-del-nuevo-congreso\\\/\"},\"wordCount\":294,\"publisher\":{\"@id\":\"https:\\\/\\\/www.ip.gov.py\\\/ip\\\/#organization\"},\"image\":{\"@id\":\"https:\\\/\\\/www.ip.gov.py\\\/ip\\\/2021\\\/07\\\/26\\\/la-oposicion-peruana-gana-la-presidencia-del-nuevo-congreso\\\/#primaryimage\"},\"thumbnailUrl\":\"https:\\\/\\\/www.ip.gov.py\\\/ip\\\/wp-content\\\/uploads\\\/2021\\\/07\\\/Congreso.png\",\"keywords\":[\"Congreso\",\"Oposici\u00f3n\",\"peru\",\"presidencia\"],\"articleSection\":[\"Internacionales\"],\"inLanguage\":\"es\"},{\"@type\":\"WebPage\",\"@id\":\"https:\\\/\\\/www.ip.gov.py\\\/ip\\\/2021\\\/07\\\/26\\\/la-oposicion-peruana-gana-la-presidencia-del-nuevo-congreso\\\/\",\"url\":\"https:\\\/\\\/www.ip.gov.py\\\/ip\\\/2021\\\/07\\\/26\\\/la-oposicion-peruana-gana-la-presidencia-del-nuevo-congreso\\\/\",\"name\":\"La oposici\u00f3n peruana gana la presidencia del nuevo Congreso - .::Agencia IP::.\",\"isPartOf\":{\"@id\":\"https:\\\/\\\/www.ip.gov.py\\\/ip\\\/#website\"},\"primaryImageOfPage\":{\"@id\":\"https:\\\/\\\/www.ip.gov.py\\\/ip\\\/2021\\\/07\\\/26\\\/la-oposicion-peruana-gana-la-presidencia-del-nuevo-congreso\\\/#primaryimage\"},\"image\":{\"@id\":\"https:\\\/\\\/www.ip.gov.py\\\/ip\\\/2021\\\/07\\\/26\\\/la-oposicion-peruana-gana-la-presidencia-del-nuevo-congreso\\\/#primaryimage\"},\"thumbnailUrl\":\"https:\\\/\\\/www.ip.gov.py\\\/ip\\\/wp-content\\\/uploads\\\/2021\\\/07\\\/Congreso.png\",\"datePublished\":\"2021-07-26T19:07:36+00:00\",\"breadcrumb\":{\"@id\":\"https:\\\/\\\/www.ip.gov.py\\\/ip\\\/2021\\\/07\\\/26\\\/la-oposicion-peruana-gana-la-presidencia-del-nuevo-congreso\\\/#breadcrumb\"},\"inLanguage\":\"es\",\"potentialAction\":[{\"@type\":\"ReadAction\",\"target\":[\"https:\\\/\\\/www.ip.gov.py\\\/ip\\\/2021\\\/07\\\/26\\\/la-oposicion-peruana-gana-la-presidencia-del-nuevo-congreso\\\/\"]}]},{\"@type\":\"ImageObject\",\"inLanguage\":\"es\",\"@id\":\"https:\\\/\\\/www.ip.gov.py\\\/ip\\\/2021\\\/07\\\/26\\\/la-oposicion-peruana-gana-la-presidencia-del-nuevo-congreso\\\/#primaryimage\",\"url\":\"https:\\\/\\\/www.ip.gov.py\\\/ip\\\/wp-content\\\/uploads\\\/2021\\\/07\\\/Congreso.png\",\"contentUrl\":\"https:\\\/\\\/www.ip.gov.py\\\/ip\\\/wp-content\\\/uploads\\\/2021\\\/07\\\/Congreso.png\",\"width\":680,\"height\":454,\"caption\":\"@DiarioElPeruano\"},{\"@type\":\"BreadcrumbList\",\"@id\":\"https:\\\/\\\/www.ip.gov.py\\\/ip\\\/2021\\\/07\\\/26\\\/la-oposicion-peruana-gana-la-presidencia-del-nuevo-congreso\\\/#breadcrumb\",\"itemListElement\":[{\"@type\":\"ListItem\",\"position\":1,\"name\":\"Portada\",\"item\":\"https:\\\/\\\/www.ip.gov.py\\\/ip\\\/\"},{\"@type\":\"ListItem\",\"position\":2,\"name\":\"La oposici\u00f3n peruana gana la presidencia del nuevo Congreso\"}]},{\"@type\":\"WebSite\",\"@id\":\"https:\\\/\\\/www.ip.gov.py\\\/ip\\\/#website\",\"url\":\"https:\\\/\\\/www.ip.gov.py\\\/ip\\\/\",\"name\":\".::Agencia IP::.\",\"description\":\"\",\"publisher\":{\"@id\":\"https:\\\/\\\/www.ip.gov.py\\\/ip\\\/#organization\"},\"potentialAction\":[{\"@type\":\"SearchAction\",\"target\":{\"@type\":\"EntryPoint\",\"urlTemplate\":\"https:\\\/\\\/www.ip.gov.py\\\/ip\\\/?s={search_term_string}\"},\"query-input\":{\"@type\":\"PropertyValueSpecification\",\"valueRequired\":true,\"valueName\":\"search_term_string\"}}],\"inLanguage\":\"es\"},{\"@type\":\"Organization\",\"@id\":\"https:\\\/\\\/www.ip.gov.py\\\/ip\\\/#organization\",\"name\":\"Agencia IP\",\"url\":\"https:\\\/\\\/www.ip.gov.py\\\/ip\\\/\",\"logo\":{\"@type\":\"ImageObject\",\"inLanguage\":\"es\",\"@id\":\"https:\\\/\\\/www.ip.gov.py\\\/ip\\\/#\\\/schema\\\/logo\\\/image\\\/\",\"url\":\"https:\\\/\\\/www.ip.gov.py\\\/ip\\\/wp-content\\\/uploads\\\/2018\\\/01\\\/Agencia-IP.jpg\",\"contentUrl\":\"https:\\\/\\\/www.ip.gov.py\\\/ip\\\/wp-content\\\/uploads\\\/2018\\\/01\\\/Agencia-IP.jpg\",\"width\":150,\"height\":150,\"caption\":\"Agencia IP\"},\"image\":{\"@id\":\"https:\\\/\\\/www.ip.gov.py\\\/ip\\\/#\\\/schema\\\/logo\\\/image\\\/\"},\"sameAs\":[\"https:\\\/\\\/www.facebook.com\\\/IPParaguay\\\/\",\"https:\\\/\\\/x.com\\\/IPParaguay\",\"https:\\\/\\\/www.instagram.com\\\/IPParaguay\"]},{\"@type\":\"Person\",\"@id\":\"https:\\\/\\\/www.ip.gov.py\\\/ip\\\/#\\\/schema\\\/person\\\/fa3668852e893cb0423795330f919039\",\"name\":\"vrios\",\"url\":\"https:\\\/\\\/www.ip.gov.py\\\/ip\\\/author\\\/vrios\\\/\"}]}<\/script>\n<!-- \/ Yoast SEO plugin. -->","yoast_head_json":{"title":"La oposici\u00f3n peruana gana la presidencia del nuevo Congreso - .::Agencia IP::.","robots":{"index":"index","follow":"follow","max-snippet":"max-snippet:-1","max-image-preview":"max-image-preview:large","max-video-preview":"max-video-preview:-1"},"canonical":"https:\/\/www.ip.gov.py\/ip\/2021\/07\/26\/la-oposicion-peruana-gana-la-presidencia-del-nuevo-congreso\/","og_locale":"es_ES","og_type":"article","og_title":"La oposici\u00f3n peruana gana la presidencia del nuevo Congreso - .::Agencia IP::.","og_description":"Lima.-Los partidos de oposici\u00f3n ganaron, mediante votaci\u00f3n, la Mesa Directiva del flamante Congreso de Per\u00fa, conformada por el presidente y los tres vicepresidentes del parlamento.","og_url":"https:\/\/www.ip.gov.py\/ip\/2021\/07\/26\/la-oposicion-peruana-gana-la-presidencia-del-nuevo-congreso\/","og_site_name":".::Agencia IP::.","article_publisher":"https:\/\/www.facebook.com\/IPParaguay\/","article_published_time":"2021-07-26T19:07:36+00:00","og_image":[{"width":680,"height":454,"url":"https:\/\/www.ip.gov.py\/ip\/wp-content\/uploads\/2021\/07\/Congreso.png","type":"image\/png"}],"author":"vrios","twitter_card":"summary_large_image","twitter_creator":"@IPParaguay","twitter_site":"@IPParaguay","twitter_misc":{"Escrito por":"vrios","Tiempo de lectura":"1 minuto"},"schema":{"@context":"https:\/\/schema.org","@graph":[{"@type":"Article","@id":"https:\/\/www.ip.gov.py\/ip\/2021\/07\/26\/la-oposicion-peruana-gana-la-presidencia-del-nuevo-congreso\/#article","isPartOf":{"@id":"https:\/\/www.ip.gov.py\/ip\/2021\/07\/26\/la-oposicion-peruana-gana-la-presidencia-del-nuevo-congreso\/"},"author":{"name":"vrios","@id":"https:\/\/www.ip.gov.py\/ip\/#\/schema\/person\/fa3668852e893cb0423795330f919039"},"headline":"La oposici\u00f3n peruana gana la presidencia del nuevo Congreso","datePublished":"2021-07-26T19:07:36+00:00","mainEntityOfPage":{"@id":"https:\/\/www.ip.gov.py\/ip\/2021\/07\/26\/la-oposicion-peruana-gana-la-presidencia-del-nuevo-congreso\/"},"wordCount":294,"publisher":{"@id":"https:\/\/www.ip.gov.py\/ip\/#organization"},"image":{"@id":"https:\/\/www.ip.gov.py\/ip\/2021\/07\/26\/la-oposicion-peruana-gana-la-presidencia-del-nuevo-congreso\/#primaryimage"},"thumbnailUrl":"https:\/\/www.ip.gov.py\/ip\/wp-content\/uploads\/2021\/07\/Congreso.png","keywords":["Congreso","Oposici\u00f3n","peru","presidencia"],"articleSection":["Internacionales"],"inLanguage":"es"},{"@type":"WebPage","@id":"https:\/\/www.ip.gov.py\/ip\/2021\/07\/26\/la-oposicion-peruana-gana-la-presidencia-del-nuevo-congreso\/","url":"https:\/\/www.ip.gov.py\/ip\/2021\/07\/26\/la-oposicion-peruana-gana-la-presidencia-del-nuevo-congreso\/","name":"La oposici\u00f3n peruana gana la presidencia del nuevo Congreso - .::Agencia IP::.","isPartOf":{"@id":"https:\/\/www.ip.gov.py\/ip\/#website"},"primaryImageOfPage":{"@id":"https:\/\/www.ip.gov.py\/ip\/2021\/07\/26\/la-oposicion-peruana-gana-la-presidencia-del-nuevo-congreso\/#primaryimage"},"image":{"@id":"https:\/\/www.ip.gov.py\/ip\/2021\/07\/26\/la-oposicion-peruana-gana-la-presidencia-del-nuevo-congreso\/#primaryimage"},"thumbnailUrl":"https:\/\/www.ip.gov.py\/ip\/wp-content\/uploads\/2021\/07\/Congreso.png","datePublished":"2021-07-26T19:07:36+00:00","breadcrumb":{"@id":"https:\/\/www.ip.gov.py\/ip\/2021\/07\/26\/la-oposicion-peruana-gana-la-presidencia-del-nuevo-congreso\/#breadcrumb"},"inLanguage":"es","potentialAction":[{"@type":"ReadAction","target":["https:\/\/www.ip.gov.py\/ip\/2021\/07\/26\/la-oposicion-peruana-gana-la-presidencia-del-nuevo-congreso\/"]}]},{"@type":"ImageObject","inLanguage":"es","@id":"https:\/\/www.ip.gov.py\/ip\/2021\/07\/26\/la-oposicion-peruana-gana-la-presidencia-del-nuevo-congreso\/#primaryimage","url":"https:\/\/www.ip.gov.py\/ip\/wp-content\/uploads\/2021\/07\/Congreso.png","contentUrl":"https:\/\/www.ip.gov.py\/ip\/wp-content\/uploads\/2021\/07\/Congreso.png","width":680,"height":454,"caption":"@DiarioElPeruano"},{"@type":"BreadcrumbList","@id":"https:\/\/www.ip.gov.py\/ip\/2021\/07\/26\/la-oposicion-peruana-gana-la-presidencia-del-nuevo-congreso\/#breadcrumb","itemListElement":[{"@type":"ListItem","position":1,"name":"Portada","item":"https:\/\/www.ip.gov.py\/ip\/"},{"@type":"ListItem","position":2,"name":"La oposici\u00f3n peruana gana la presidencia del nuevo Congreso"}]},{"@type":"WebSite","@id":"https:\/\/www.ip.gov.py\/ip\/#website","url":"https:\/\/www.ip.gov.py\/ip\/","name":".::Agencia IP::.","description":"","publisher":{"@id":"https:\/\/www.ip.gov.py\/ip\/#organization"},"potentialAction":[{"@type":"SearchAction","target":{"@type":"EntryPoint","urlTemplate":"https:\/\/www.ip.gov.py\/ip\/?s={search_term_string}"},"query-input":{"@type":"PropertyValueSpecification","valueRequired":true,"valueName":"search_term_string"}}],"inLanguage":"es"},{"@type":"Organization","@id":"https:\/\/www.ip.gov.py\/ip\/#organization","name":"Agencia IP","url":"https:\/\/www.ip.gov.py\/ip\/","logo":{"@type":"ImageObject","inLanguage":"es","@id":"https:\/\/www.ip.gov.py\/ip\/#\/schema\/logo\/image\/","url":"https:\/\/www.ip.gov.py\/ip\/wp-content\/uploads\/2018\/01\/Agencia-IP.jpg","contentUrl":"https:\/\/www.ip.gov.py\/ip\/wp-content\/uploads\/2018\/01\/Agencia-IP.jpg","width":150,"height":150,"caption":"Agencia IP"},"image":{"@id":"https:\/\/www.ip.gov.py\/ip\/#\/schema\/logo\/image\/"},"sameAs":["https:\/\/www.facebook.com\/IPParaguay\/","https:\/\/x.com\/IPParaguay","https:\/\/www.instagram.com\/IPParaguay"]},{"@type":"Person","@id":"https:\/\/www.ip.gov.py\/ip\/#\/schema\/person\/fa3668852e893cb0423795330f919039","name":"vrios","url":"https:\/\/www.ip.gov.py\/ip\/author\/vrios\/"}]}},"_links":{"self":[{"href":"https:\/\/www.ip.gov.py\/ip\/wp-json\/wp\/v2\/posts\/376843","targetHints":{"allow":["GET"]}}],"collection":[{"href":"https:\/\/www.ip.gov.py\/ip\/wp-json\/wp\/v2\/posts"}],"about":[{"href":"https:\/\/www.ip.gov.py\/ip\/wp-json\/wp\/v2\/types\/post"}],"author":[{"embeddable":true,"href":"https:\/\/www.ip.gov.py\/ip\/wp-json\/wp\/v2\/users\/11"}],"replies":[{"embeddable":true,"href":"https:\/\/www.ip.gov.py\/ip\/wp-json\/wp\/v2\/comments?post=376843"}],"version-history":[{"count":0,"href":"https:\/\/www.ip.gov.py\/ip\/wp-json\/wp\/v2\/posts\/376843\/revisions"}],"wp:featuredmedia":[{"embeddable":true,"href":"https:\/\/www.ip.gov.py\/ip\/wp-json\/wp\/v2\/media\/376846"}],"wp:attachment":[{"href":"https:\/\/www.ip.gov.py\/ip\/wp-json\/wp\/v2\/media?parent=376843"}],"wp:term":[{"taxonomy":"category","embeddable":true,"href":"https:\/\/www.ip.gov.py\/ip\/wp-json\/wp\/v2\/categories?post=376843"},{"taxonomy":"post_tag","embeddable":true,"href":"https:\/\/www.ip.gov.py\/ip\/wp-json\/wp\/v2\/tags?post=376843"}],"curies":[{"name":"wp","href":"https:\/\/api.w.org\/{rel}","templated":true}]}}