{"id":379981,"date":"2021-08-15T11:43:24","date_gmt":"2021-08-15T15:43:24","guid":{"rendered":"https:\/\/www.ip.gov.py\/ip\/?p=379981"},"modified":"2021-08-15T11:44:19","modified_gmt":"2021-08-15T15:44:19","slug":"comite-tecnico-apunta-a-formalizar-servicio-de-transporte-de-cargas-y-de-empresas-intermediarias","status":"publish","type":"post","link":"https:\/\/www.ip.gov.py\/ip\/2021\/08\/15\/comite-tecnico-apunta-a-formalizar-servicio-de-transporte-de-cargas-y-de-empresas-intermediarias\/","title":{"rendered":"Comit\u00e9 t\u00e9cnico apunta a formalizar servicio de transporte de cargas y de empresas intermediarias"},"content":{"rendered":"<p style=\"text-align: justify;\"><strong><em>Asunci\u00f3n, Agencia IP.- <\/em><\/strong>Uno de los prop\u00f3sitos del comit\u00e9 t\u00e9cnico creado a inicios de esta semana es el de formalizar al sector de los camioneros y de las empresas intermediarias que contratan los servicios para el transporte de productos agr\u00edcolas.<!--more--><\/p>\n<p style=\"text-align: justify;\">El titular de la Direcci\u00f3n Nacional de Transporte (Dinatran), Juan Jos\u00e9 Vidal, indic\u00f3 que el <strong><a href=\"https:\/\/www.ip.gov.py\/ip\/gobierno-crea-comite-tecnico-para-acordar-costos-referenciales-del-transporte-de-cargas\/\">decreto presidencial que crea el comit\u00e9<\/a><\/strong> otorga mayor control a la Direcci\u00f3n para la regulaci\u00f3n de esta actividad.<\/p>\n<p style=\"text-align: justify;\">Indic\u00f3 que una de las dificultades radica en que muchas empresas intermediarias son \u201cempresas de malet\u00edn\u201d y crean un problema en el sistema del transporte de cargas, por lo que se apunta a un registro para la formalizaci\u00f3n del sector, dijo en entrevista con el canal Telefuturo.<\/p>\n<p style=\"text-align: justify;\">\u00a0Adem\u00e1s se prev\u00e9 un censo de camioneros para transparentar el servicio.<\/p>\n<p style=\"text-align: justify;\">Otra medida que se busca implementar es la obligatoriedad de la carta de flete, un documento donde figuren todos los datos de la negociaci\u00f3n entre los camioneros y las empresas que contratan el servicio, que permitir\u00e1 transparentar al sector.<\/p>\n<h5 style=\"text-align: justify;\"><strong>Costo m\u00ednimo operativo<\/strong><\/h5>\n<p style=\"text-align: justify;\">La principal tarea del comit\u00e9, sin embargo, es la de negociar con las empresas agroexportadoras, los camioneros y las empresas intermediarias, un costo m\u00ednimo operativo para la realizaci\u00f3n de los servicios de flete.<\/p>\n<p style=\"text-align: justify;\">Vidal se\u00f1al\u00f3 que el \u201cpoder de negociaci\u00f3n es desigual\u201d, con las empresas agroexportadoras y empresas intermediarias poniendo precios por debajo del costo operativo, motivo por el cual el sector de camioneros aplica un paro nacional desde la semana pasada.<\/p>\n<p style=\"text-align: justify;\">Agreg\u00f3 que la Dinatran cuenta con un estudio realizado sobre el precio referencial para el servicio de flete, \u201cdonde no se contempla la ganancia, sino lo m\u00ednimo necesario para mover el cami\u00f3n\u201d. Sin embargo, los precios de negociaci\u00f3n se encuentran muy por debajo del costo m\u00ednimo de ese estudio, declar\u00f3.<\/p>\n<p style=\"text-align: justify;\">Actualmente en el Congreso existe un proyecto de ley con un objetivo similar, el de establecer un costo m\u00ednimo operativo para el transporte de granos y productos agr\u00edcolas. El director de la DInatran indic\u00f3 que el comit\u00e9 creado por decreto presidencial cumple con la misma funci\u00f3n.<\/p>\n<p style=\"text-align: justify;\">Reiter\u00f3 la necesidad de sentarse a negociar entre las partes, para lo cual est\u00e1 fijada para este martes una nueva sesi\u00f3n del comit\u00e9 t\u00e9cnico, e hizo un llamado a los gremios de camioneros a acudir.<\/p>\n","protected":false},"excerpt":{"rendered":"<p>Asunci\u00f3n, Agencia IP.- Uno de los prop\u00f3sitos del comit\u00e9 t\u00e9cnico creado a inicios de esta semana es el de formalizar al sector de los camioneros y de las empresas intermediarias que contratan los servicios para el transporte de productos agr\u00edcolas.<\/p>\n","protected":false},"author":22,"featured_media":149399,"comment_status":"closed","ping_status":"closed","sticky":false,"template":"","format":"standard","meta":{"_monsterinsights_skip_tracking":false,"_monsterinsights_sitenote_active":false,"_monsterinsights_sitenote_note":"","_monsterinsights_sitenote_category":0,"footnotes":""},"categories":[6],"tags":[8111,8016],"class_list":{"0":"post-379981","1":"post","2":"type-post","3":"status-publish","4":"format-standard","5":"has-post-thumbnail","7":"category-politica","8":"tag-comite-tecnico-del-transporte-terrestre-de-cargas","9":"tag-paro-de-camioneros"},"yoast_head":"<!-- This site is optimized with the Yoast SEO plugin v27.5 - https:\/\/yoast.com\/product\/yoast-seo-wordpress\/ -->\n<title>Comit\u00e9 t\u00e9cnico apunta a formalizar servicio de transporte de cargas y de empresas intermediarias - .::Agencia IP::.<\/title>\n<meta name=\"robots\" content=\"index, follow, max-snippet:-1, max-image-preview:large, max-video-preview:-1\" \/>\n<link rel=\"canonical\" href=\"https:\/\/www.ip.gov.py\/ip\/2021\/08\/15\/comite-tecnico-apunta-a-formalizar-servicio-de-transporte-de-cargas-y-de-empresas-intermediarias\/\" \/>\n<meta property=\"og:locale\" content=\"es_ES\" \/>\n<meta property=\"og:type\" content=\"article\" \/>\n<meta property=\"og:title\" content=\"Comit\u00e9 t\u00e9cnico apunta a formalizar servicio de transporte de cargas y de empresas intermediarias - .::Agencia IP::.\" \/>\n<meta property=\"og:description\" content=\"Asunci\u00f3n, Agencia IP.- Uno de los prop\u00f3sitos del comit\u00e9 t\u00e9cnico creado a inicios de esta semana es el de formalizar al sector de los camioneros y de las empresas intermediarias que contratan los servicios para el transporte de productos agr\u00edcolas.\" \/>\n<meta property=\"og:url\" content=\"https:\/\/www.ip.gov.py\/ip\/2021\/08\/15\/comite-tecnico-apunta-a-formalizar-servicio-de-transporte-de-cargas-y-de-empresas-intermediarias\/\" \/>\n<meta property=\"og:site_name\" content=\".::Agencia IP::.\" \/>\n<meta property=\"article:publisher\" content=\"https:\/\/www.facebook.com\/IPParaguay\/\" \/>\n<meta property=\"article:published_time\" content=\"2021-08-15T15:43:24+00:00\" \/>\n<meta property=\"article:modified_time\" content=\"2021-08-15T15:44:19+00:00\" \/>\n<meta property=\"og:image\" content=\"https:\/\/www.ip.gov.py\/ip\/wp-content\/uploads\/2017\/03\/agricultura-arroz-granos-cosecha-exportacion-116-.jpg\" \/>\n\t<meta property=\"og:image:width\" content=\"1026\" \/>\n\t<meta property=\"og:image:height\" content=\"608\" \/>\n\t<meta property=\"og:image:type\" content=\"image\/jpeg\" \/>\n<meta name=\"author\" content=\"Alberto C\" \/>\n<meta name=\"twitter:card\" content=\"summary_large_image\" \/>\n<meta name=\"twitter:creator\" content=\"@IPParaguay\" \/>\n<meta name=\"twitter:site\" content=\"@IPParaguay\" \/>\n<meta name=\"twitter:label1\" content=\"Escrito por\" \/>\n\t<meta name=\"twitter:data1\" content=\"Alberto C\" \/>\n\t<meta name=\"twitter:label2\" content=\"Tiempo de lectura\" \/>\n\t<meta name=\"twitter:data2\" content=\"2 minutos\" \/>\n<script type=\"application\/ld+json\" class=\"yoast-schema-graph\">{\"@context\":\"https:\\\/\\\/schema.org\",\"@graph\":[{\"@type\":\"Article\",\"@id\":\"https:\\\/\\\/www.ip.gov.py\\\/ip\\\/2021\\\/08\\\/15\\\/comite-tecnico-apunta-a-formalizar-servicio-de-transporte-de-cargas-y-de-empresas-intermediarias\\\/#article\",\"isPartOf\":{\"@id\":\"https:\\\/\\\/www.ip.gov.py\\\/ip\\\/2021\\\/08\\\/15\\\/comite-tecnico-apunta-a-formalizar-servicio-de-transporte-de-cargas-y-de-empresas-intermediarias\\\/\"},\"author\":{\"name\":\"Alberto C\",\"@id\":\"https:\\\/\\\/www.ip.gov.py\\\/ip\\\/#\\\/schema\\\/person\\\/369fedd28420fad35e23b10a9df16fb8\"},\"headline\":\"Comit\u00e9 t\u00e9cnico apunta a formalizar servicio de transporte de cargas y de empresas intermediarias\",\"datePublished\":\"2021-08-15T15:43:24+00:00\",\"dateModified\":\"2021-08-15T15:44:19+00:00\",\"mainEntityOfPage\":{\"@id\":\"https:\\\/\\\/www.ip.gov.py\\\/ip\\\/2021\\\/08\\\/15\\\/comite-tecnico-apunta-a-formalizar-servicio-de-transporte-de-cargas-y-de-empresas-intermediarias\\\/\"},\"wordCount\":417,\"publisher\":{\"@id\":\"https:\\\/\\\/www.ip.gov.py\\\/ip\\\/#organization\"},\"image\":{\"@id\":\"https:\\\/\\\/www.ip.gov.py\\\/ip\\\/2021\\\/08\\\/15\\\/comite-tecnico-apunta-a-formalizar-servicio-de-transporte-de-cargas-y-de-empresas-intermediarias\\\/#primaryimage\"},\"thumbnailUrl\":\"https:\\\/\\\/www.ip.gov.py\\\/ip\\\/wp-content\\\/uploads\\\/2017\\\/03\\\/agricultura-arroz-granos-cosecha-exportacion-116-.jpg\",\"keywords\":[\"Comit\u00e9 T\u00e9cnico del Transporte Terrestre de Cargas\",\"Paro de camioneros\"],\"articleSection\":[\"Pol\u00edtica\"],\"inLanguage\":\"es\"},{\"@type\":\"WebPage\",\"@id\":\"https:\\\/\\\/www.ip.gov.py\\\/ip\\\/2021\\\/08\\\/15\\\/comite-tecnico-apunta-a-formalizar-servicio-de-transporte-de-cargas-y-de-empresas-intermediarias\\\/\",\"url\":\"https:\\\/\\\/www.ip.gov.py\\\/ip\\\/2021\\\/08\\\/15\\\/comite-tecnico-apunta-a-formalizar-servicio-de-transporte-de-cargas-y-de-empresas-intermediarias\\\/\",\"name\":\"Comit\u00e9 t\u00e9cnico apunta a formalizar servicio de transporte de cargas y de empresas intermediarias - .::Agencia IP::.\",\"isPartOf\":{\"@id\":\"https:\\\/\\\/www.ip.gov.py\\\/ip\\\/#website\"},\"primaryImageOfPage\":{\"@id\":\"https:\\\/\\\/www.ip.gov.py\\\/ip\\\/2021\\\/08\\\/15\\\/comite-tecnico-apunta-a-formalizar-servicio-de-transporte-de-cargas-y-de-empresas-intermediarias\\\/#primaryimage\"},\"image\":{\"@id\":\"https:\\\/\\\/www.ip.gov.py\\\/ip\\\/2021\\\/08\\\/15\\\/comite-tecnico-apunta-a-formalizar-servicio-de-transporte-de-cargas-y-de-empresas-intermediarias\\\/#primaryimage\"},\"thumbnailUrl\":\"https:\\\/\\\/www.ip.gov.py\\\/ip\\\/wp-content\\\/uploads\\\/2017\\\/03\\\/agricultura-arroz-granos-cosecha-exportacion-116-.jpg\",\"datePublished\":\"2021-08-15T15:43:24+00:00\",\"dateModified\":\"2021-08-15T15:44:19+00:00\",\"breadcrumb\":{\"@id\":\"https:\\\/\\\/www.ip.gov.py\\\/ip\\\/2021\\\/08\\\/15\\\/comite-tecnico-apunta-a-formalizar-servicio-de-transporte-de-cargas-y-de-empresas-intermediarias\\\/#breadcrumb\"},\"inLanguage\":\"es\",\"potentialAction\":[{\"@type\":\"ReadAction\",\"target\":[\"https:\\\/\\\/www.ip.gov.py\\\/ip\\\/2021\\\/08\\\/15\\\/comite-tecnico-apunta-a-formalizar-servicio-de-transporte-de-cargas-y-de-empresas-intermediarias\\\/\"]}]},{\"@type\":\"ImageObject\",\"inLanguage\":\"es\",\"@id\":\"https:\\\/\\\/www.ip.gov.py\\\/ip\\\/2021\\\/08\\\/15\\\/comite-tecnico-apunta-a-formalizar-servicio-de-transporte-de-cargas-y-de-empresas-intermediarias\\\/#primaryimage\",\"url\":\"https:\\\/\\\/www.ip.gov.py\\\/ip\\\/wp-content\\\/uploads\\\/2017\\\/03\\\/agricultura-arroz-granos-cosecha-exportacion-116-.jpg\",\"contentUrl\":\"https:\\\/\\\/www.ip.gov.py\\\/ip\\\/wp-content\\\/uploads\\\/2017\\\/03\\\/agricultura-arroz-granos-cosecha-exportacion-116-.jpg\",\"width\":1026,\"height\":608,\"caption\":\"Ilustraci\u00f3n.\"},{\"@type\":\"BreadcrumbList\",\"@id\":\"https:\\\/\\\/www.ip.gov.py\\\/ip\\\/2021\\\/08\\\/15\\\/comite-tecnico-apunta-a-formalizar-servicio-de-transporte-de-cargas-y-de-empresas-intermediarias\\\/#breadcrumb\",\"itemListElement\":[{\"@type\":\"ListItem\",\"position\":1,\"name\":\"Portada\",\"item\":\"https:\\\/\\\/www.ip.gov.py\\\/ip\\\/\"},{\"@type\":\"ListItem\",\"position\":2,\"name\":\"Comit\u00e9 t\u00e9cnico apunta a formalizar servicio de transporte de cargas y de empresas intermediarias\"}]},{\"@type\":\"WebSite\",\"@id\":\"https:\\\/\\\/www.ip.gov.py\\\/ip\\\/#website\",\"url\":\"https:\\\/\\\/www.ip.gov.py\\\/ip\\\/\",\"name\":\".::Agencia IP::.\",\"description\":\"\",\"publisher\":{\"@id\":\"https:\\\/\\\/www.ip.gov.py\\\/ip\\\/#organization\"},\"potentialAction\":[{\"@type\":\"SearchAction\",\"target\":{\"@type\":\"EntryPoint\",\"urlTemplate\":\"https:\\\/\\\/www.ip.gov.py\\\/ip\\\/?s={search_term_string}\"},\"query-input\":{\"@type\":\"PropertyValueSpecification\",\"valueRequired\":true,\"valueName\":\"search_term_string\"}}],\"inLanguage\":\"es\"},{\"@type\":\"Organization\",\"@id\":\"https:\\\/\\\/www.ip.gov.py\\\/ip\\\/#organization\",\"name\":\"Agencia IP\",\"url\":\"https:\\\/\\\/www.ip.gov.py\\\/ip\\\/\",\"logo\":{\"@type\":\"ImageObject\",\"inLanguage\":\"es\",\"@id\":\"https:\\\/\\\/www.ip.gov.py\\\/ip\\\/#\\\/schema\\\/logo\\\/image\\\/\",\"url\":\"https:\\\/\\\/www.ip.gov.py\\\/ip\\\/wp-content\\\/uploads\\\/2018\\\/01\\\/Agencia-IP.jpg\",\"contentUrl\":\"https:\\\/\\\/www.ip.gov.py\\\/ip\\\/wp-content\\\/uploads\\\/2018\\\/01\\\/Agencia-IP.jpg\",\"width\":150,\"height\":150,\"caption\":\"Agencia IP\"},\"image\":{\"@id\":\"https:\\\/\\\/www.ip.gov.py\\\/ip\\\/#\\\/schema\\\/logo\\\/image\\\/\"},\"sameAs\":[\"https:\\\/\\\/www.facebook.com\\\/IPParaguay\\\/\",\"https:\\\/\\\/x.com\\\/IPParaguay\",\"https:\\\/\\\/www.instagram.com\\\/IPParaguay\"]},{\"@type\":\"Person\",\"@id\":\"https:\\\/\\\/www.ip.gov.py\\\/ip\\\/#\\\/schema\\\/person\\\/369fedd28420fad35e23b10a9df16fb8\",\"name\":\"Alberto C\",\"sameAs\":[\"https:\\\/\\\/www.ip.gov.py\"],\"url\":\"https:\\\/\\\/www.ip.gov.py\\\/ip\\\/author\\\/acelma\\\/\"}]}<\/script>\n<!-- \/ Yoast SEO plugin. -->","yoast_head_json":{"title":"Comit\u00e9 t\u00e9cnico apunta a formalizar servicio de transporte de cargas y de empresas intermediarias - .::Agencia IP::.","robots":{"index":"index","follow":"follow","max-snippet":"max-snippet:-1","max-image-preview":"max-image-preview:large","max-video-preview":"max-video-preview:-1"},"canonical":"https:\/\/www.ip.gov.py\/ip\/2021\/08\/15\/comite-tecnico-apunta-a-formalizar-servicio-de-transporte-de-cargas-y-de-empresas-intermediarias\/","og_locale":"es_ES","og_type":"article","og_title":"Comit\u00e9 t\u00e9cnico apunta a formalizar servicio de transporte de cargas y de empresas intermediarias - .::Agencia IP::.","og_description":"Asunci\u00f3n, Agencia IP.- Uno de los prop\u00f3sitos del comit\u00e9 t\u00e9cnico creado a inicios de esta semana es el de formalizar al sector de los camioneros y de las empresas intermediarias que contratan los servicios para el transporte de productos agr\u00edcolas.","og_url":"https:\/\/www.ip.gov.py\/ip\/2021\/08\/15\/comite-tecnico-apunta-a-formalizar-servicio-de-transporte-de-cargas-y-de-empresas-intermediarias\/","og_site_name":".::Agencia IP::.","article_publisher":"https:\/\/www.facebook.com\/IPParaguay\/","article_published_time":"2021-08-15T15:43:24+00:00","article_modified_time":"2021-08-15T15:44:19+00:00","og_image":[{"width":1026,"height":608,"url":"https:\/\/www.ip.gov.py\/ip\/wp-content\/uploads\/2017\/03\/agricultura-arroz-granos-cosecha-exportacion-116-.jpg","type":"image\/jpeg"}],"author":"Alberto C","twitter_card":"summary_large_image","twitter_creator":"@IPParaguay","twitter_site":"@IPParaguay","twitter_misc":{"Escrito por":"Alberto C","Tiempo de lectura":"2 minutos"},"schema":{"@context":"https:\/\/schema.org","@graph":[{"@type":"Article","@id":"https:\/\/www.ip.gov.py\/ip\/2021\/08\/15\/comite-tecnico-apunta-a-formalizar-servicio-de-transporte-de-cargas-y-de-empresas-intermediarias\/#article","isPartOf":{"@id":"https:\/\/www.ip.gov.py\/ip\/2021\/08\/15\/comite-tecnico-apunta-a-formalizar-servicio-de-transporte-de-cargas-y-de-empresas-intermediarias\/"},"author":{"name":"Alberto C","@id":"https:\/\/www.ip.gov.py\/ip\/#\/schema\/person\/369fedd28420fad35e23b10a9df16fb8"},"headline":"Comit\u00e9 t\u00e9cnico apunta a formalizar servicio de transporte de cargas y de empresas intermediarias","datePublished":"2021-08-15T15:43:24+00:00","dateModified":"2021-08-15T15:44:19+00:00","mainEntityOfPage":{"@id":"https:\/\/www.ip.gov.py\/ip\/2021\/08\/15\/comite-tecnico-apunta-a-formalizar-servicio-de-transporte-de-cargas-y-de-empresas-intermediarias\/"},"wordCount":417,"publisher":{"@id":"https:\/\/www.ip.gov.py\/ip\/#organization"},"image":{"@id":"https:\/\/www.ip.gov.py\/ip\/2021\/08\/15\/comite-tecnico-apunta-a-formalizar-servicio-de-transporte-de-cargas-y-de-empresas-intermediarias\/#primaryimage"},"thumbnailUrl":"https:\/\/www.ip.gov.py\/ip\/wp-content\/uploads\/2017\/03\/agricultura-arroz-granos-cosecha-exportacion-116-.jpg","keywords":["Comit\u00e9 T\u00e9cnico del Transporte Terrestre de Cargas","Paro de camioneros"],"articleSection":["Pol\u00edtica"],"inLanguage":"es"},{"@type":"WebPage","@id":"https:\/\/www.ip.gov.py\/ip\/2021\/08\/15\/comite-tecnico-apunta-a-formalizar-servicio-de-transporte-de-cargas-y-de-empresas-intermediarias\/","url":"https:\/\/www.ip.gov.py\/ip\/2021\/08\/15\/comite-tecnico-apunta-a-formalizar-servicio-de-transporte-de-cargas-y-de-empresas-intermediarias\/","name":"Comit\u00e9 t\u00e9cnico apunta a formalizar servicio de transporte de cargas y de empresas intermediarias - .::Agencia IP::.","isPartOf":{"@id":"https:\/\/www.ip.gov.py\/ip\/#website"},"primaryImageOfPage":{"@id":"https:\/\/www.ip.gov.py\/ip\/2021\/08\/15\/comite-tecnico-apunta-a-formalizar-servicio-de-transporte-de-cargas-y-de-empresas-intermediarias\/#primaryimage"},"image":{"@id":"https:\/\/www.ip.gov.py\/ip\/2021\/08\/15\/comite-tecnico-apunta-a-formalizar-servicio-de-transporte-de-cargas-y-de-empresas-intermediarias\/#primaryimage"},"thumbnailUrl":"https:\/\/www.ip.gov.py\/ip\/wp-content\/uploads\/2017\/03\/agricultura-arroz-granos-cosecha-exportacion-116-.jpg","datePublished":"2021-08-15T15:43:24+00:00","dateModified":"2021-08-15T15:44:19+00:00","breadcrumb":{"@id":"https:\/\/www.ip.gov.py\/ip\/2021\/08\/15\/comite-tecnico-apunta-a-formalizar-servicio-de-transporte-de-cargas-y-de-empresas-intermediarias\/#breadcrumb"},"inLanguage":"es","potentialAction":[{"@type":"ReadAction","target":["https:\/\/www.ip.gov.py\/ip\/2021\/08\/15\/comite-tecnico-apunta-a-formalizar-servicio-de-transporte-de-cargas-y-de-empresas-intermediarias\/"]}]},{"@type":"ImageObject","inLanguage":"es","@id":"https:\/\/www.ip.gov.py\/ip\/2021\/08\/15\/comite-tecnico-apunta-a-formalizar-servicio-de-transporte-de-cargas-y-de-empresas-intermediarias\/#primaryimage","url":"https:\/\/www.ip.gov.py\/ip\/wp-content\/uploads\/2017\/03\/agricultura-arroz-granos-cosecha-exportacion-116-.jpg","contentUrl":"https:\/\/www.ip.gov.py\/ip\/wp-content\/uploads\/2017\/03\/agricultura-arroz-granos-cosecha-exportacion-116-.jpg","width":1026,"height":608,"caption":"Ilustraci\u00f3n."},{"@type":"BreadcrumbList","@id":"https:\/\/www.ip.gov.py\/ip\/2021\/08\/15\/comite-tecnico-apunta-a-formalizar-servicio-de-transporte-de-cargas-y-de-empresas-intermediarias\/#breadcrumb","itemListElement":[{"@type":"ListItem","position":1,"name":"Portada","item":"https:\/\/www.ip.gov.py\/ip\/"},{"@type":"ListItem","position":2,"name":"Comit\u00e9 t\u00e9cnico apunta a formalizar servicio de transporte de cargas y de empresas intermediarias"}]},{"@type":"WebSite","@id":"https:\/\/www.ip.gov.py\/ip\/#website","url":"https:\/\/www.ip.gov.py\/ip\/","name":".::Agencia IP::.","description":"","publisher":{"@id":"https:\/\/www.ip.gov.py\/ip\/#organization"},"potentialAction":[{"@type":"SearchAction","target":{"@type":"EntryPoint","urlTemplate":"https:\/\/www.ip.gov.py\/ip\/?s={search_term_string}"},"query-input":{"@type":"PropertyValueSpecification","valueRequired":true,"valueName":"search_term_string"}}],"inLanguage":"es"},{"@type":"Organization","@id":"https:\/\/www.ip.gov.py\/ip\/#organization","name":"Agencia IP","url":"https:\/\/www.ip.gov.py\/ip\/","logo":{"@type":"ImageObject","inLanguage":"es","@id":"https:\/\/www.ip.gov.py\/ip\/#\/schema\/logo\/image\/","url":"https:\/\/www.ip.gov.py\/ip\/wp-content\/uploads\/2018\/01\/Agencia-IP.jpg","contentUrl":"https:\/\/www.ip.gov.py\/ip\/wp-content\/uploads\/2018\/01\/Agencia-IP.jpg","width":150,"height":150,"caption":"Agencia IP"},"image":{"@id":"https:\/\/www.ip.gov.py\/ip\/#\/schema\/logo\/image\/"},"sameAs":["https:\/\/www.facebook.com\/IPParaguay\/","https:\/\/x.com\/IPParaguay","https:\/\/www.instagram.com\/IPParaguay"]},{"@type":"Person","@id":"https:\/\/www.ip.gov.py\/ip\/#\/schema\/person\/369fedd28420fad35e23b10a9df16fb8","name":"Alberto C","sameAs":["https:\/\/www.ip.gov.py"],"url":"https:\/\/www.ip.gov.py\/ip\/author\/acelma\/"}]}},"_links":{"self":[{"href":"https:\/\/www.ip.gov.py\/ip\/wp-json\/wp\/v2\/posts\/379981","targetHints":{"allow":["GET"]}}],"collection":[{"href":"https:\/\/www.ip.gov.py\/ip\/wp-json\/wp\/v2\/posts"}],"about":[{"href":"https:\/\/www.ip.gov.py\/ip\/wp-json\/wp\/v2\/types\/post"}],"author":[{"embeddable":true,"href":"https:\/\/www.ip.gov.py\/ip\/wp-json\/wp\/v2\/users\/22"}],"replies":[{"embeddable":true,"href":"https:\/\/www.ip.gov.py\/ip\/wp-json\/wp\/v2\/comments?post=379981"}],"version-history":[{"count":0,"href":"https:\/\/www.ip.gov.py\/ip\/wp-json\/wp\/v2\/posts\/379981\/revisions"}],"wp:featuredmedia":[{"embeddable":true,"href":"https:\/\/www.ip.gov.py\/ip\/wp-json\/wp\/v2\/media\/149399"}],"wp:attachment":[{"href":"https:\/\/www.ip.gov.py\/ip\/wp-json\/wp\/v2\/media?parent=379981"}],"wp:term":[{"taxonomy":"category","embeddable":true,"href":"https:\/\/www.ip.gov.py\/ip\/wp-json\/wp\/v2\/categories?post=379981"},{"taxonomy":"post_tag","embeddable":true,"href":"https:\/\/www.ip.gov.py\/ip\/wp-json\/wp\/v2\/tags?post=379981"}],"curies":[{"name":"wp","href":"https:\/\/api.w.org\/{rel}","templated":true}]}}