{"id":381629,"date":"2021-08-24T14:36:01","date_gmt":"2021-08-24T18:36:01","guid":{"rendered":"https:\/\/www.ip.gov.py\/ip\/?p=381629"},"modified":"2021-08-24T14:36:01","modified_gmt":"2021-08-24T18:36:01","slug":"osn-celebra-17-anos-con-un-concierto-en-homenaje-a-su-fundador-el-maestro-florentin-gimenez","status":"publish","type":"post","link":"https:\/\/www.ip.gov.py\/ip\/2021\/08\/24\/osn-celebra-17-anos-con-un-concierto-en-homenaje-a-su-fundador-el-maestro-florentin-gimenez\/","title":{"rendered":"OSN celebra 17 a\u00f1os con un concierto en homenaje a su fundador, el maestro Florent\u00edn Gim\u00e9nez"},"content":{"rendered":"<p style=\"text-align: justify;\"><em><strong>Asunci\u00f3n, Agencia IP.-<\/strong><\/em> La Orquesta Sinf\u00f3nica Nacional celebra 17 a\u00f1os brindando arte y cultura con la gente, por esta raz\u00f3n, ofrecer\u00e1 un gran concierto este martes 24 de agosto, a las 19:30 horas, en el Teatro Municipal \u201cIgnacio A. Pane\u201d (Presidente Franco, entre Chile y Alberdi &#8211; Asunci\u00f3n).<!--more--><\/p>\n<p style=\"text-align: justify;\">En la ocasi\u00f3n, rendir\u00e1 homenaje al director fundador de la Sinf\u00f3nica Nacional, el recordado maestro Florent\u00edn Gim\u00e9nez, interpretando sus obras: \u201cSuite\u201d del Ballet Arasy y el \u201cConcierto para Viol\u00edn y Orquesta en Re Mayor\u201d, con la destacada violinista paraguaya, Mar\u00eda Arr\u00faa.<\/p>\n<p style=\"text-align: justify;\">El acceso ser\u00e1 libre y gratuito, con previa reserva al 0971 700 200, a fin de cumplir con el protocolo establecido ante la pandemia de Covid-19.<\/p>\n<p style=\"text-align: justify;\"><strong>OSN y sus 17 a\u00f1os con la gente<\/strong><\/p>\n<p style=\"text-align: justify;\">Tras un largo proceso hist\u00f3rico, en el 2004 se promulg\u00f3 la Ley de creaci\u00f3n de la Orquesta Sinf\u00f3nica Nacional, y el 19 de agosto de ese mismo a\u00f1o, la OSN dio su primer concierto oficial en el club \u201cSol de Am\u00e9rica\u201d, bajo la direcci\u00f3n de su fundador, el maestro Florent\u00edn Gim\u00e9nez.<\/p>\n<p style=\"text-align: justify;\">En el 2008 la normativa fue reemplazada por una nueva, que sigue vigente y que dio creaci\u00f3n a la Sinf\u00f3nica Nacional como orquesta oficial del Estado paraguayo, declar\u00e1ndola \u201cPatrimonio Cultural de la Naci\u00f3n\u201d.<\/p>\n<p style=\"text-align: justify;\">Su actual director es el maestro Juan Carlos Dos Santos y cuenta con 85 personas, integrado por un plantel de m\u00fasicos y personal administrativo que trabaja para su funcionamiento.<\/p>\n<p style=\"text-align: justify;\">Desde sus inicios la Sinf\u00f3nica estuvo abocada a presentar los mejores trabajos art\u00edsticos y culturales, como conciertos, seminarios, masterclass, registros fonogr\u00e1ficos de obras nacionales e internacionales, concursos y festivales internacionales de repercusi\u00f3n mundial, entre otros.<\/p>\n<p style=\"text-align: justify;\">La OSN tiene muchos logros importantes en su haber y continuar\u00e1 abocada a promocionar la m\u00fasica paraguaya y a sus creadores; adem\u00e1s de incentivar a los nuevos compositores, as\u00ed como dar su aporte para renovar y ampliar nuestro acervo cultural.<\/p>\n<p style=\"text-align: justify;\">Es as\u00ed que, sorteando las dificultades que todos afrontamos desde el 2020 con la pandemia de Covid-19, la Sinf\u00f3nica Nacional celebra sus 17 a\u00f1os de vida institucional renovando el compromiso de trabajar por el desarrollo y la difusi\u00f3n del arte y la cultura del Paraguay.<\/p>\n","protected":false},"excerpt":{"rendered":"<p>Asunci\u00f3n, Agencia IP.- La Orquesta Sinf\u00f3nica Nacional celebra 17 a\u00f1os brindando arte y cultura con la gente, por esta raz\u00f3n, ofrecer\u00e1 un gran concierto este martes 24 de agosto, a las 19:30 horas, en el Teatro Municipal \u201cIgnacio A. Pane\u201d (Presidente Franco, entre Chile y Alberdi &#8211; Asunci\u00f3n).<\/p>\n","protected":false},"author":29,"featured_media":381630,"comment_status":"closed","ping_status":"closed","sticky":false,"template":"","format":"standard","meta":{"_monsterinsights_skip_tracking":false,"_monsterinsights_sitenote_active":false,"_monsterinsights_sitenote_note":"","_monsterinsights_sitenote_category":0,"footnotes":""},"categories":[7],"tags":[8343,567],"class_list":{"0":"post-381629","1":"post","2":"type-post","3":"status-publish","4":"format-standard","5":"has-post-thumbnail","7":"category-cultura","8":"tag-17-aniversario","9":"tag-osn"},"yoast_head":"<!-- This site is optimized with the Yoast SEO plugin v27.5 - https:\/\/yoast.com\/product\/yoast-seo-wordpress\/ -->\n<title>OSN celebra 17 a\u00f1os con un concierto en homenaje a su fundador, el maestro Florent\u00edn Gim\u00e9nez - .::Agencia IP::.<\/title>\n<meta name=\"robots\" content=\"index, follow, max-snippet:-1, max-image-preview:large, max-video-preview:-1\" \/>\n<link rel=\"canonical\" href=\"https:\/\/www.ip.gov.py\/ip\/2021\/08\/24\/osn-celebra-17-anos-con-un-concierto-en-homenaje-a-su-fundador-el-maestro-florentin-gimenez\/\" \/>\n<meta property=\"og:locale\" content=\"es_ES\" \/>\n<meta property=\"og:type\" content=\"article\" \/>\n<meta property=\"og:title\" content=\"OSN celebra 17 a\u00f1os con un concierto en homenaje a su fundador, el maestro Florent\u00edn Gim\u00e9nez - .::Agencia IP::.\" \/>\n<meta property=\"og:description\" content=\"Asunci\u00f3n, Agencia IP.- La Orquesta Sinf\u00f3nica Nacional celebra 17 a\u00f1os brindando arte y cultura con la gente, por esta raz\u00f3n, ofrecer\u00e1 un gran concierto este martes 24 de agosto, a las 19:30 horas, en el Teatro Municipal \u201cIgnacio A. Pane\u201d (Presidente Franco, entre Chile y Alberdi &#8211; Asunci\u00f3n).\" \/>\n<meta property=\"og:url\" content=\"https:\/\/www.ip.gov.py\/ip\/2021\/08\/24\/osn-celebra-17-anos-con-un-concierto-en-homenaje-a-su-fundador-el-maestro-florentin-gimenez\/\" \/>\n<meta property=\"og:site_name\" content=\".::Agencia IP::.\" \/>\n<meta property=\"article:publisher\" content=\"https:\/\/www.facebook.com\/IPParaguay\/\" \/>\n<meta property=\"article:published_time\" content=\"2021-08-24T18:36:01+00:00\" \/>\n<meta property=\"og:image\" content=\"https:\/\/www.ip.gov.py\/ip\/wp-content\/uploads\/2021\/08\/OSN-2.jpg\" \/>\n\t<meta property=\"og:image:width\" content=\"1200\" \/>\n\t<meta property=\"og:image:height\" content=\"811\" \/>\n\t<meta property=\"og:image:type\" content=\"image\/jpeg\" \/>\n<meta name=\"author\" content=\"jzelada\" \/>\n<meta name=\"twitter:card\" content=\"summary_large_image\" \/>\n<meta name=\"twitter:creator\" content=\"@IPParaguay\" \/>\n<meta name=\"twitter:site\" content=\"@IPParaguay\" \/>\n<meta name=\"twitter:label1\" content=\"Escrito por\" \/>\n\t<meta name=\"twitter:data1\" content=\"jzelada\" \/>\n\t<meta name=\"twitter:label2\" content=\"Tiempo de lectura\" \/>\n\t<meta name=\"twitter:data2\" content=\"2 minutos\" \/>\n<script type=\"application\/ld+json\" class=\"yoast-schema-graph\">{\"@context\":\"https:\\\/\\\/schema.org\",\"@graph\":[{\"@type\":\"Article\",\"@id\":\"https:\\\/\\\/www.ip.gov.py\\\/ip\\\/2021\\\/08\\\/24\\\/osn-celebra-17-anos-con-un-concierto-en-homenaje-a-su-fundador-el-maestro-florentin-gimenez\\\/#article\",\"isPartOf\":{\"@id\":\"https:\\\/\\\/www.ip.gov.py\\\/ip\\\/2021\\\/08\\\/24\\\/osn-celebra-17-anos-con-un-concierto-en-homenaje-a-su-fundador-el-maestro-florentin-gimenez\\\/\"},\"author\":{\"name\":\"jzelada\",\"@id\":\"https:\\\/\\\/www.ip.gov.py\\\/ip\\\/#\\\/schema\\\/person\\\/b0f4c235f0f0d7a0985bbb33c6a7941e\"},\"headline\":\"OSN celebra 17 a\u00f1os con un concierto en homenaje a su fundador, el maestro Florent\u00edn Gim\u00e9nez\",\"datePublished\":\"2021-08-24T18:36:01+00:00\",\"mainEntityOfPage\":{\"@id\":\"https:\\\/\\\/www.ip.gov.py\\\/ip\\\/2021\\\/08\\\/24\\\/osn-celebra-17-anos-con-un-concierto-en-homenaje-a-su-fundador-el-maestro-florentin-gimenez\\\/\"},\"wordCount\":397,\"publisher\":{\"@id\":\"https:\\\/\\\/www.ip.gov.py\\\/ip\\\/#organization\"},\"image\":{\"@id\":\"https:\\\/\\\/www.ip.gov.py\\\/ip\\\/2021\\\/08\\\/24\\\/osn-celebra-17-anos-con-un-concierto-en-homenaje-a-su-fundador-el-maestro-florentin-gimenez\\\/#primaryimage\"},\"thumbnailUrl\":\"https:\\\/\\\/www.ip.gov.py\\\/ip\\\/wp-content\\\/uploads\\\/2021\\\/08\\\/OSN-2.jpg\",\"keywords\":[\"17\u00b0 aniversario\",\"OSN\"],\"articleSection\":[\"Cultura\"],\"inLanguage\":\"es\"},{\"@type\":\"WebPage\",\"@id\":\"https:\\\/\\\/www.ip.gov.py\\\/ip\\\/2021\\\/08\\\/24\\\/osn-celebra-17-anos-con-un-concierto-en-homenaje-a-su-fundador-el-maestro-florentin-gimenez\\\/\",\"url\":\"https:\\\/\\\/www.ip.gov.py\\\/ip\\\/2021\\\/08\\\/24\\\/osn-celebra-17-anos-con-un-concierto-en-homenaje-a-su-fundador-el-maestro-florentin-gimenez\\\/\",\"name\":\"OSN celebra 17 a\u00f1os con un concierto en homenaje a su fundador, el maestro Florent\u00edn Gim\u00e9nez - .::Agencia IP::.\",\"isPartOf\":{\"@id\":\"https:\\\/\\\/www.ip.gov.py\\\/ip\\\/#website\"},\"primaryImageOfPage\":{\"@id\":\"https:\\\/\\\/www.ip.gov.py\\\/ip\\\/2021\\\/08\\\/24\\\/osn-celebra-17-anos-con-un-concierto-en-homenaje-a-su-fundador-el-maestro-florentin-gimenez\\\/#primaryimage\"},\"image\":{\"@id\":\"https:\\\/\\\/www.ip.gov.py\\\/ip\\\/2021\\\/08\\\/24\\\/osn-celebra-17-anos-con-un-concierto-en-homenaje-a-su-fundador-el-maestro-florentin-gimenez\\\/#primaryimage\"},\"thumbnailUrl\":\"https:\\\/\\\/www.ip.gov.py\\\/ip\\\/wp-content\\\/uploads\\\/2021\\\/08\\\/OSN-2.jpg\",\"datePublished\":\"2021-08-24T18:36:01+00:00\",\"breadcrumb\":{\"@id\":\"https:\\\/\\\/www.ip.gov.py\\\/ip\\\/2021\\\/08\\\/24\\\/osn-celebra-17-anos-con-un-concierto-en-homenaje-a-su-fundador-el-maestro-florentin-gimenez\\\/#breadcrumb\"},\"inLanguage\":\"es\",\"potentialAction\":[{\"@type\":\"ReadAction\",\"target\":[\"https:\\\/\\\/www.ip.gov.py\\\/ip\\\/2021\\\/08\\\/24\\\/osn-celebra-17-anos-con-un-concierto-en-homenaje-a-su-fundador-el-maestro-florentin-gimenez\\\/\"]}]},{\"@type\":\"ImageObject\",\"inLanguage\":\"es\",\"@id\":\"https:\\\/\\\/www.ip.gov.py\\\/ip\\\/2021\\\/08\\\/24\\\/osn-celebra-17-anos-con-un-concierto-en-homenaje-a-su-fundador-el-maestro-florentin-gimenez\\\/#primaryimage\",\"url\":\"https:\\\/\\\/www.ip.gov.py\\\/ip\\\/wp-content\\\/uploads\\\/2021\\\/08\\\/OSN-2.jpg\",\"contentUrl\":\"https:\\\/\\\/www.ip.gov.py\\\/ip\\\/wp-content\\\/uploads\\\/2021\\\/08\\\/OSN-2.jpg\",\"width\":1200,\"height\":811,\"caption\":\"La OSN celebra 17 a\u00f1os brindando arte y cultura para la gente. Foto Gentileza.-\"},{\"@type\":\"BreadcrumbList\",\"@id\":\"https:\\\/\\\/www.ip.gov.py\\\/ip\\\/2021\\\/08\\\/24\\\/osn-celebra-17-anos-con-un-concierto-en-homenaje-a-su-fundador-el-maestro-florentin-gimenez\\\/#breadcrumb\",\"itemListElement\":[{\"@type\":\"ListItem\",\"position\":1,\"name\":\"Portada\",\"item\":\"https:\\\/\\\/www.ip.gov.py\\\/ip\\\/\"},{\"@type\":\"ListItem\",\"position\":2,\"name\":\"OSN celebra 17 a\u00f1os con un concierto en homenaje a su fundador, el maestro Florent\u00edn Gim\u00e9nez\"}]},{\"@type\":\"WebSite\",\"@id\":\"https:\\\/\\\/www.ip.gov.py\\\/ip\\\/#website\",\"url\":\"https:\\\/\\\/www.ip.gov.py\\\/ip\\\/\",\"name\":\".::Agencia IP::.\",\"description\":\"\",\"publisher\":{\"@id\":\"https:\\\/\\\/www.ip.gov.py\\\/ip\\\/#organization\"},\"potentialAction\":[{\"@type\":\"SearchAction\",\"target\":{\"@type\":\"EntryPoint\",\"urlTemplate\":\"https:\\\/\\\/www.ip.gov.py\\\/ip\\\/?s={search_term_string}\"},\"query-input\":{\"@type\":\"PropertyValueSpecification\",\"valueRequired\":true,\"valueName\":\"search_term_string\"}}],\"inLanguage\":\"es\"},{\"@type\":\"Organization\",\"@id\":\"https:\\\/\\\/www.ip.gov.py\\\/ip\\\/#organization\",\"name\":\"Agencia IP\",\"url\":\"https:\\\/\\\/www.ip.gov.py\\\/ip\\\/\",\"logo\":{\"@type\":\"ImageObject\",\"inLanguage\":\"es\",\"@id\":\"https:\\\/\\\/www.ip.gov.py\\\/ip\\\/#\\\/schema\\\/logo\\\/image\\\/\",\"url\":\"https:\\\/\\\/www.ip.gov.py\\\/ip\\\/wp-content\\\/uploads\\\/2018\\\/01\\\/Agencia-IP.jpg\",\"contentUrl\":\"https:\\\/\\\/www.ip.gov.py\\\/ip\\\/wp-content\\\/uploads\\\/2018\\\/01\\\/Agencia-IP.jpg\",\"width\":150,\"height\":150,\"caption\":\"Agencia IP\"},\"image\":{\"@id\":\"https:\\\/\\\/www.ip.gov.py\\\/ip\\\/#\\\/schema\\\/logo\\\/image\\\/\"},\"sameAs\":[\"https:\\\/\\\/www.facebook.com\\\/IPParaguay\\\/\",\"https:\\\/\\\/x.com\\\/IPParaguay\",\"https:\\\/\\\/www.instagram.com\\\/IPParaguay\"]},{\"@type\":\"Person\",\"@id\":\"https:\\\/\\\/www.ip.gov.py\\\/ip\\\/#\\\/schema\\\/person\\\/b0f4c235f0f0d7a0985bbb33c6a7941e\",\"name\":\"jzelada\",\"url\":\"https:\\\/\\\/www.ip.gov.py\\\/ip\\\/author\\\/jzelada\\\/\"}]}<\/script>\n<!-- \/ Yoast SEO plugin. -->","yoast_head_json":{"title":"OSN celebra 17 a\u00f1os con un concierto en homenaje a su fundador, el maestro Florent\u00edn Gim\u00e9nez - .::Agencia IP::.","robots":{"index":"index","follow":"follow","max-snippet":"max-snippet:-1","max-image-preview":"max-image-preview:large","max-video-preview":"max-video-preview:-1"},"canonical":"https:\/\/www.ip.gov.py\/ip\/2021\/08\/24\/osn-celebra-17-anos-con-un-concierto-en-homenaje-a-su-fundador-el-maestro-florentin-gimenez\/","og_locale":"es_ES","og_type":"article","og_title":"OSN celebra 17 a\u00f1os con un concierto en homenaje a su fundador, el maestro Florent\u00edn Gim\u00e9nez - .::Agencia IP::.","og_description":"Asunci\u00f3n, Agencia IP.- La Orquesta Sinf\u00f3nica Nacional celebra 17 a\u00f1os brindando arte y cultura con la gente, por esta raz\u00f3n, ofrecer\u00e1 un gran concierto este martes 24 de agosto, a las 19:30 horas, en el Teatro Municipal \u201cIgnacio A. Pane\u201d (Presidente Franco, entre Chile y Alberdi &#8211; Asunci\u00f3n).","og_url":"https:\/\/www.ip.gov.py\/ip\/2021\/08\/24\/osn-celebra-17-anos-con-un-concierto-en-homenaje-a-su-fundador-el-maestro-florentin-gimenez\/","og_site_name":".::Agencia IP::.","article_publisher":"https:\/\/www.facebook.com\/IPParaguay\/","article_published_time":"2021-08-24T18:36:01+00:00","og_image":[{"width":1200,"height":811,"url":"https:\/\/www.ip.gov.py\/ip\/wp-content\/uploads\/2021\/08\/OSN-2.jpg","type":"image\/jpeg"}],"author":"jzelada","twitter_card":"summary_large_image","twitter_creator":"@IPParaguay","twitter_site":"@IPParaguay","twitter_misc":{"Escrito por":"jzelada","Tiempo de lectura":"2 minutos"},"schema":{"@context":"https:\/\/schema.org","@graph":[{"@type":"Article","@id":"https:\/\/www.ip.gov.py\/ip\/2021\/08\/24\/osn-celebra-17-anos-con-un-concierto-en-homenaje-a-su-fundador-el-maestro-florentin-gimenez\/#article","isPartOf":{"@id":"https:\/\/www.ip.gov.py\/ip\/2021\/08\/24\/osn-celebra-17-anos-con-un-concierto-en-homenaje-a-su-fundador-el-maestro-florentin-gimenez\/"},"author":{"name":"jzelada","@id":"https:\/\/www.ip.gov.py\/ip\/#\/schema\/person\/b0f4c235f0f0d7a0985bbb33c6a7941e"},"headline":"OSN celebra 17 a\u00f1os con un concierto en homenaje a su fundador, el maestro Florent\u00edn Gim\u00e9nez","datePublished":"2021-08-24T18:36:01+00:00","mainEntityOfPage":{"@id":"https:\/\/www.ip.gov.py\/ip\/2021\/08\/24\/osn-celebra-17-anos-con-un-concierto-en-homenaje-a-su-fundador-el-maestro-florentin-gimenez\/"},"wordCount":397,"publisher":{"@id":"https:\/\/www.ip.gov.py\/ip\/#organization"},"image":{"@id":"https:\/\/www.ip.gov.py\/ip\/2021\/08\/24\/osn-celebra-17-anos-con-un-concierto-en-homenaje-a-su-fundador-el-maestro-florentin-gimenez\/#primaryimage"},"thumbnailUrl":"https:\/\/www.ip.gov.py\/ip\/wp-content\/uploads\/2021\/08\/OSN-2.jpg","keywords":["17\u00b0 aniversario","OSN"],"articleSection":["Cultura"],"inLanguage":"es"},{"@type":"WebPage","@id":"https:\/\/www.ip.gov.py\/ip\/2021\/08\/24\/osn-celebra-17-anos-con-un-concierto-en-homenaje-a-su-fundador-el-maestro-florentin-gimenez\/","url":"https:\/\/www.ip.gov.py\/ip\/2021\/08\/24\/osn-celebra-17-anos-con-un-concierto-en-homenaje-a-su-fundador-el-maestro-florentin-gimenez\/","name":"OSN celebra 17 a\u00f1os con un concierto en homenaje a su fundador, el maestro Florent\u00edn Gim\u00e9nez - .::Agencia IP::.","isPartOf":{"@id":"https:\/\/www.ip.gov.py\/ip\/#website"},"primaryImageOfPage":{"@id":"https:\/\/www.ip.gov.py\/ip\/2021\/08\/24\/osn-celebra-17-anos-con-un-concierto-en-homenaje-a-su-fundador-el-maestro-florentin-gimenez\/#primaryimage"},"image":{"@id":"https:\/\/www.ip.gov.py\/ip\/2021\/08\/24\/osn-celebra-17-anos-con-un-concierto-en-homenaje-a-su-fundador-el-maestro-florentin-gimenez\/#primaryimage"},"thumbnailUrl":"https:\/\/www.ip.gov.py\/ip\/wp-content\/uploads\/2021\/08\/OSN-2.jpg","datePublished":"2021-08-24T18:36:01+00:00","breadcrumb":{"@id":"https:\/\/www.ip.gov.py\/ip\/2021\/08\/24\/osn-celebra-17-anos-con-un-concierto-en-homenaje-a-su-fundador-el-maestro-florentin-gimenez\/#breadcrumb"},"inLanguage":"es","potentialAction":[{"@type":"ReadAction","target":["https:\/\/www.ip.gov.py\/ip\/2021\/08\/24\/osn-celebra-17-anos-con-un-concierto-en-homenaje-a-su-fundador-el-maestro-florentin-gimenez\/"]}]},{"@type":"ImageObject","inLanguage":"es","@id":"https:\/\/www.ip.gov.py\/ip\/2021\/08\/24\/osn-celebra-17-anos-con-un-concierto-en-homenaje-a-su-fundador-el-maestro-florentin-gimenez\/#primaryimage","url":"https:\/\/www.ip.gov.py\/ip\/wp-content\/uploads\/2021\/08\/OSN-2.jpg","contentUrl":"https:\/\/www.ip.gov.py\/ip\/wp-content\/uploads\/2021\/08\/OSN-2.jpg","width":1200,"height":811,"caption":"La OSN celebra 17 a\u00f1os brindando arte y cultura para la gente. Foto Gentileza.-"},{"@type":"BreadcrumbList","@id":"https:\/\/www.ip.gov.py\/ip\/2021\/08\/24\/osn-celebra-17-anos-con-un-concierto-en-homenaje-a-su-fundador-el-maestro-florentin-gimenez\/#breadcrumb","itemListElement":[{"@type":"ListItem","position":1,"name":"Portada","item":"https:\/\/www.ip.gov.py\/ip\/"},{"@type":"ListItem","position":2,"name":"OSN celebra 17 a\u00f1os con un concierto en homenaje a su fundador, el maestro Florent\u00edn Gim\u00e9nez"}]},{"@type":"WebSite","@id":"https:\/\/www.ip.gov.py\/ip\/#website","url":"https:\/\/www.ip.gov.py\/ip\/","name":".::Agencia IP::.","description":"","publisher":{"@id":"https:\/\/www.ip.gov.py\/ip\/#organization"},"potentialAction":[{"@type":"SearchAction","target":{"@type":"EntryPoint","urlTemplate":"https:\/\/www.ip.gov.py\/ip\/?s={search_term_string}"},"query-input":{"@type":"PropertyValueSpecification","valueRequired":true,"valueName":"search_term_string"}}],"inLanguage":"es"},{"@type":"Organization","@id":"https:\/\/www.ip.gov.py\/ip\/#organization","name":"Agencia IP","url":"https:\/\/www.ip.gov.py\/ip\/","logo":{"@type":"ImageObject","inLanguage":"es","@id":"https:\/\/www.ip.gov.py\/ip\/#\/schema\/logo\/image\/","url":"https:\/\/www.ip.gov.py\/ip\/wp-content\/uploads\/2018\/01\/Agencia-IP.jpg","contentUrl":"https:\/\/www.ip.gov.py\/ip\/wp-content\/uploads\/2018\/01\/Agencia-IP.jpg","width":150,"height":150,"caption":"Agencia IP"},"image":{"@id":"https:\/\/www.ip.gov.py\/ip\/#\/schema\/logo\/image\/"},"sameAs":["https:\/\/www.facebook.com\/IPParaguay\/","https:\/\/x.com\/IPParaguay","https:\/\/www.instagram.com\/IPParaguay"]},{"@type":"Person","@id":"https:\/\/www.ip.gov.py\/ip\/#\/schema\/person\/b0f4c235f0f0d7a0985bbb33c6a7941e","name":"jzelada","url":"https:\/\/www.ip.gov.py\/ip\/author\/jzelada\/"}]}},"_links":{"self":[{"href":"https:\/\/www.ip.gov.py\/ip\/wp-json\/wp\/v2\/posts\/381629","targetHints":{"allow":["GET"]}}],"collection":[{"href":"https:\/\/www.ip.gov.py\/ip\/wp-json\/wp\/v2\/posts"}],"about":[{"href":"https:\/\/www.ip.gov.py\/ip\/wp-json\/wp\/v2\/types\/post"}],"author":[{"embeddable":true,"href":"https:\/\/www.ip.gov.py\/ip\/wp-json\/wp\/v2\/users\/29"}],"replies":[{"embeddable":true,"href":"https:\/\/www.ip.gov.py\/ip\/wp-json\/wp\/v2\/comments?post=381629"}],"version-history":[{"count":0,"href":"https:\/\/www.ip.gov.py\/ip\/wp-json\/wp\/v2\/posts\/381629\/revisions"}],"wp:featuredmedia":[{"embeddable":true,"href":"https:\/\/www.ip.gov.py\/ip\/wp-json\/wp\/v2\/media\/381630"}],"wp:attachment":[{"href":"https:\/\/www.ip.gov.py\/ip\/wp-json\/wp\/v2\/media?parent=381629"}],"wp:term":[{"taxonomy":"category","embeddable":true,"href":"https:\/\/www.ip.gov.py\/ip\/wp-json\/wp\/v2\/categories?post=381629"},{"taxonomy":"post_tag","embeddable":true,"href":"https:\/\/www.ip.gov.py\/ip\/wp-json\/wp\/v2\/tags?post=381629"}],"curies":[{"name":"wp","href":"https:\/\/api.w.org\/{rel}","templated":true}]}}