{"id":381672,"date":"2021-08-25T08:26:09","date_gmt":"2021-08-25T12:26:09","guid":{"rendered":"https:\/\/www.ip.gov.py\/ip\/?p=381672"},"modified":"2021-08-25T08:26:09","modified_gmt":"2021-08-25T12:26:09","slug":"los-taliban-aseguraron-que-permitiran-vuelos-civiles-en-afganistan-tras-el-fin-de-la-evacuacion","status":"publish","type":"post","link":"https:\/\/www.ip.gov.py\/ip\/2021\/08\/25\/los-taliban-aseguraron-que-permitiran-vuelos-civiles-en-afganistan-tras-el-fin-de-la-evacuacion\/","title":{"rendered":"Los talib\u00e1n aseguraron que permitir\u00e1n vuelos civiles en Afganist\u00e1n tras el fin de la evacuaci\u00f3n"},"content":{"rendered":"<p style=\"text-align: justify;\"><em><strong>Kabul.-<\/strong><\/em>Los talibanes aseguraron este mi\u00e9rcoles que permitir\u00e1n la operaci\u00f3n de vuelos comerciales en Afganist\u00e1n despu\u00e9s de la fecha l\u00edmite para las evacuaciones internacionales del 31 de agosto.<!--more--><\/p>\n<p style=\"text-align: justify;\">De esta manera, volvieron a insistir con que no es necesario ning\u00fan tipo de extensi\u00f3n de esa fecha para continuar con los vuelos de evacuaci\u00f3n.<\/p>\n<p style=\"text-align: justify;\">Los talibanes \u00aballanar\u00e1n el camino para la reanudaci\u00f3n de los vuelos civiles. Las personas con documentos legales pueden viajar a trav\u00e9s de vuelos comerciales despu\u00e9s del 31 de agosto\u00bb, inform\u00f3 en Twitter el portavoz de la oficina pol\u00edtica de los talibanes, Suhail Shaheen.<\/p>\n<p style=\"text-align: justify;\">Esta garant\u00eda fue dada por el director adjunto de la oficina pol\u00edtica del movimiento insurgente en Qatar, M. Abbas Stanikzai, tras una reuni\u00f3n con el embajador de Alemania en Afganist\u00e1n, Markus Potzel, a\u00f1adi\u00f3 el portavoz.<\/p>\n<p style=\"text-align: justify;\">La reuni\u00f3n, que tuvo lugar el martes, ten\u00eda como fin discutir asuntos pol\u00edticos del pa\u00eds y la situaci\u00f3n del aeropuerto de Kabul, donde se han vivido escenas de caos con miles de personas tratando de huir despu\u00e9s de que los insurgentes tomaran el poder el pasado 15 de agosto.<\/p>\n<p style=\"text-align: justify;\">Seg\u00fan el portavoz talib\u00e1n, Alemania hizo hincapi\u00e9 en \u00abla continuaci\u00f3n de la asistencia humanitaria a Afganist\u00e1n y agreg\u00f3 que los proyectos de desarrollo suspendidos tambi\u00e9n se reanudar\u00e1n despu\u00e9s de la normalizaci\u00f3n de la situaci\u00f3n\u00bb.<\/p>\n<p style=\"text-align: justify;\">Sin embargo, no precis\u00f3 c\u00f3mo continuar\u00e1 Berl\u00edn dando apoyo a los ciudadanos afganos, ahora que los insurgentes han pasado a tomar las riendas del pa\u00eds, y se desconoce si seguir\u00e1 la financiaci\u00f3n internacional de los pa\u00edses que impulsaron la reconstrucci\u00f3n de Afganist\u00e1n tras la ca\u00edda del r\u00e9gimen talib\u00e1n en 2001.<\/p>\n<p style=\"text-align: justify;\">Los talibanes se han mostrado tajantes sobre su negativa a ampliar la fecha l\u00edmite del pr\u00f3ximo 31 de agosto para que las tropas extranjeras abandonen el aeropuerto internacional de Kabul, donde llevan a cabo a contrarreloj las evacuaciones de sus ciudadanos y afganos en situaci\u00f3n de peligro.<\/p>\n<p style=\"text-align: justify;\">Washington deber\u00e1 retirarse por completo en siete d\u00edas, si quiere cumplir las exigencias de los insurgentes.<\/p>\n<p style=\"text-align: justify;\">El martes los talibanes anunciaron adem\u00e1s que los afganos no podr\u00e1n ir al aeropuerto, limitando los accesos solo a extranjeros, una decisi\u00f3n que compromete los planes de sacar del pa\u00eds a miles de personas consideradas vulnerables bajo el nuevo r\u00e9gimen isl\u00e1mico.Clarin.<\/p>\n<p style=\"text-align: justify;\">\n","protected":false},"excerpt":{"rendered":"<p>Kabul.-Los talibanes aseguraron este mi\u00e9rcoles que permitir\u00e1n la operaci\u00f3n de vuelos comerciales en Afganist\u00e1n despu\u00e9s de la fecha l\u00edmite para las evacuaciones internacionales del 31 de agosto.<\/p>\n","protected":false},"author":11,"featured_media":381677,"comment_status":"closed","ping_status":"closed","sticky":false,"template":"","format":"standard","meta":{"_monsterinsights_skip_tracking":false,"_monsterinsights_sitenote_active":false,"_monsterinsights_sitenote_note":"","_monsterinsights_sitenote_category":0,"footnotes":""},"categories":[5],"tags":[6330,8351,8352,8153,489],"class_list":{"0":"post-381672","1":"post","2":"type-post","3":"status-publish","4":"format-standard","5":"has-post-thumbnail","7":"category-internacionales","8":"tag-afganistan","9":"tag-civiles","10":"tag-evacuacion","11":"tag-talibanes","12":"tag-vuelos"},"yoast_head":"<!-- This site is optimized with the Yoast SEO plugin v27.5 - https:\/\/yoast.com\/product\/yoast-seo-wordpress\/ -->\n<title>Los talib\u00e1n aseguraron que permitir\u00e1n vuelos civiles en Afganist\u00e1n tras el fin de la evacuaci\u00f3n - .::Agencia IP::.<\/title>\n<meta name=\"robots\" content=\"index, follow, max-snippet:-1, max-image-preview:large, max-video-preview:-1\" \/>\n<link rel=\"canonical\" href=\"https:\/\/www.ip.gov.py\/ip\/2021\/08\/25\/los-taliban-aseguraron-que-permitiran-vuelos-civiles-en-afganistan-tras-el-fin-de-la-evacuacion\/\" \/>\n<meta property=\"og:locale\" content=\"es_ES\" \/>\n<meta property=\"og:type\" content=\"article\" \/>\n<meta property=\"og:title\" content=\"Los talib\u00e1n aseguraron que permitir\u00e1n vuelos civiles en Afganist\u00e1n tras el fin de la evacuaci\u00f3n - .::Agencia IP::.\" \/>\n<meta property=\"og:description\" content=\"Kabul.-Los talibanes aseguraron este mi\u00e9rcoles que permitir\u00e1n la operaci\u00f3n de vuelos comerciales en Afganist\u00e1n despu\u00e9s de la fecha l\u00edmite para las evacuaciones internacionales del 31 de agosto.\" \/>\n<meta property=\"og:url\" content=\"https:\/\/www.ip.gov.py\/ip\/2021\/08\/25\/los-taliban-aseguraron-que-permitiran-vuelos-civiles-en-afganistan-tras-el-fin-de-la-evacuacion\/\" \/>\n<meta property=\"og:site_name\" content=\".::Agencia IP::.\" \/>\n<meta property=\"article:publisher\" content=\"https:\/\/www.facebook.com\/IPParaguay\/\" \/>\n<meta property=\"article:published_time\" content=\"2021-08-25T12:26:09+00:00\" \/>\n<meta property=\"og:image\" content=\"https:\/\/www.ip.gov.py\/ip\/wp-content\/uploads\/2021\/08\/Taliban.jpg\" \/>\n\t<meta property=\"og:image:width\" content=\"800\" \/>\n\t<meta property=\"og:image:height\" content=\"533\" \/>\n\t<meta property=\"og:image:type\" content=\"image\/jpeg\" \/>\n<meta name=\"author\" content=\"vrios\" \/>\n<meta name=\"twitter:card\" content=\"summary_large_image\" \/>\n<meta name=\"twitter:creator\" content=\"@IPParaguay\" \/>\n<meta name=\"twitter:site\" content=\"@IPParaguay\" \/>\n<meta name=\"twitter:label1\" content=\"Escrito por\" \/>\n\t<meta name=\"twitter:data1\" content=\"vrios\" \/>\n\t<meta name=\"twitter:label2\" content=\"Tiempo de lectura\" \/>\n\t<meta name=\"twitter:data2\" content=\"2 minutos\" \/>\n<script type=\"application\/ld+json\" class=\"yoast-schema-graph\">{\"@context\":\"https:\\\/\\\/schema.org\",\"@graph\":[{\"@type\":\"Article\",\"@id\":\"https:\\\/\\\/www.ip.gov.py\\\/ip\\\/2021\\\/08\\\/25\\\/los-taliban-aseguraron-que-permitiran-vuelos-civiles-en-afganistan-tras-el-fin-de-la-evacuacion\\\/#article\",\"isPartOf\":{\"@id\":\"https:\\\/\\\/www.ip.gov.py\\\/ip\\\/2021\\\/08\\\/25\\\/los-taliban-aseguraron-que-permitiran-vuelos-civiles-en-afganistan-tras-el-fin-de-la-evacuacion\\\/\"},\"author\":{\"name\":\"vrios\",\"@id\":\"https:\\\/\\\/www.ip.gov.py\\\/ip\\\/#\\\/schema\\\/person\\\/fa3668852e893cb0423795330f919039\"},\"headline\":\"Los talib\u00e1n aseguraron que permitir\u00e1n vuelos civiles en Afganist\u00e1n tras el fin de la evacuaci\u00f3n\",\"datePublished\":\"2021-08-25T12:26:09+00:00\",\"mainEntityOfPage\":{\"@id\":\"https:\\\/\\\/www.ip.gov.py\\\/ip\\\/2021\\\/08\\\/25\\\/los-taliban-aseguraron-que-permitiran-vuelos-civiles-en-afganistan-tras-el-fin-de-la-evacuacion\\\/\"},\"wordCount\":438,\"publisher\":{\"@id\":\"https:\\\/\\\/www.ip.gov.py\\\/ip\\\/#organization\"},\"image\":{\"@id\":\"https:\\\/\\\/www.ip.gov.py\\\/ip\\\/2021\\\/08\\\/25\\\/los-taliban-aseguraron-que-permitiran-vuelos-civiles-en-afganistan-tras-el-fin-de-la-evacuacion\\\/#primaryimage\"},\"thumbnailUrl\":\"https:\\\/\\\/www.ip.gov.py\\\/ip\\\/wp-content\\\/uploads\\\/2021\\\/08\\\/Taliban.jpg\",\"keywords\":[\"Afganistan\",\"Civiles\",\"Evacuaci\u00f3n\",\"Talibanes\",\"vuelos\"],\"articleSection\":[\"Internacionales\"],\"inLanguage\":\"es\"},{\"@type\":\"WebPage\",\"@id\":\"https:\\\/\\\/www.ip.gov.py\\\/ip\\\/2021\\\/08\\\/25\\\/los-taliban-aseguraron-que-permitiran-vuelos-civiles-en-afganistan-tras-el-fin-de-la-evacuacion\\\/\",\"url\":\"https:\\\/\\\/www.ip.gov.py\\\/ip\\\/2021\\\/08\\\/25\\\/los-taliban-aseguraron-que-permitiran-vuelos-civiles-en-afganistan-tras-el-fin-de-la-evacuacion\\\/\",\"name\":\"Los talib\u00e1n aseguraron que permitir\u00e1n vuelos civiles en Afganist\u00e1n tras el fin de la evacuaci\u00f3n - .::Agencia IP::.\",\"isPartOf\":{\"@id\":\"https:\\\/\\\/www.ip.gov.py\\\/ip\\\/#website\"},\"primaryImageOfPage\":{\"@id\":\"https:\\\/\\\/www.ip.gov.py\\\/ip\\\/2021\\\/08\\\/25\\\/los-taliban-aseguraron-que-permitiran-vuelos-civiles-en-afganistan-tras-el-fin-de-la-evacuacion\\\/#primaryimage\"},\"image\":{\"@id\":\"https:\\\/\\\/www.ip.gov.py\\\/ip\\\/2021\\\/08\\\/25\\\/los-taliban-aseguraron-que-permitiran-vuelos-civiles-en-afganistan-tras-el-fin-de-la-evacuacion\\\/#primaryimage\"},\"thumbnailUrl\":\"https:\\\/\\\/www.ip.gov.py\\\/ip\\\/wp-content\\\/uploads\\\/2021\\\/08\\\/Taliban.jpg\",\"datePublished\":\"2021-08-25T12:26:09+00:00\",\"breadcrumb\":{\"@id\":\"https:\\\/\\\/www.ip.gov.py\\\/ip\\\/2021\\\/08\\\/25\\\/los-taliban-aseguraron-que-permitiran-vuelos-civiles-en-afganistan-tras-el-fin-de-la-evacuacion\\\/#breadcrumb\"},\"inLanguage\":\"es\",\"potentialAction\":[{\"@type\":\"ReadAction\",\"target\":[\"https:\\\/\\\/www.ip.gov.py\\\/ip\\\/2021\\\/08\\\/25\\\/los-taliban-aseguraron-que-permitiran-vuelos-civiles-en-afganistan-tras-el-fin-de-la-evacuacion\\\/\"]}]},{\"@type\":\"ImageObject\",\"inLanguage\":\"es\",\"@id\":\"https:\\\/\\\/www.ip.gov.py\\\/ip\\\/2021\\\/08\\\/25\\\/los-taliban-aseguraron-que-permitiran-vuelos-civiles-en-afganistan-tras-el-fin-de-la-evacuacion\\\/#primaryimage\",\"url\":\"https:\\\/\\\/www.ip.gov.py\\\/ip\\\/wp-content\\\/uploads\\\/2021\\\/08\\\/Taliban.jpg\",\"contentUrl\":\"https:\\\/\\\/www.ip.gov.py\\\/ip\\\/wp-content\\\/uploads\\\/2021\\\/08\\\/Taliban.jpg\",\"width\":800,\"height\":533,\"caption\":\"Hola News\"},{\"@type\":\"BreadcrumbList\",\"@id\":\"https:\\\/\\\/www.ip.gov.py\\\/ip\\\/2021\\\/08\\\/25\\\/los-taliban-aseguraron-que-permitiran-vuelos-civiles-en-afganistan-tras-el-fin-de-la-evacuacion\\\/#breadcrumb\",\"itemListElement\":[{\"@type\":\"ListItem\",\"position\":1,\"name\":\"Portada\",\"item\":\"https:\\\/\\\/www.ip.gov.py\\\/ip\\\/\"},{\"@type\":\"ListItem\",\"position\":2,\"name\":\"Los talib\u00e1n aseguraron que permitir\u00e1n vuelos civiles en Afganist\u00e1n tras el fin de la evacuaci\u00f3n\"}]},{\"@type\":\"WebSite\",\"@id\":\"https:\\\/\\\/www.ip.gov.py\\\/ip\\\/#website\",\"url\":\"https:\\\/\\\/www.ip.gov.py\\\/ip\\\/\",\"name\":\".::Agencia IP::.\",\"description\":\"\",\"publisher\":{\"@id\":\"https:\\\/\\\/www.ip.gov.py\\\/ip\\\/#organization\"},\"potentialAction\":[{\"@type\":\"SearchAction\",\"target\":{\"@type\":\"EntryPoint\",\"urlTemplate\":\"https:\\\/\\\/www.ip.gov.py\\\/ip\\\/?s={search_term_string}\"},\"query-input\":{\"@type\":\"PropertyValueSpecification\",\"valueRequired\":true,\"valueName\":\"search_term_string\"}}],\"inLanguage\":\"es\"},{\"@type\":\"Organization\",\"@id\":\"https:\\\/\\\/www.ip.gov.py\\\/ip\\\/#organization\",\"name\":\"Agencia IP\",\"url\":\"https:\\\/\\\/www.ip.gov.py\\\/ip\\\/\",\"logo\":{\"@type\":\"ImageObject\",\"inLanguage\":\"es\",\"@id\":\"https:\\\/\\\/www.ip.gov.py\\\/ip\\\/#\\\/schema\\\/logo\\\/image\\\/\",\"url\":\"https:\\\/\\\/www.ip.gov.py\\\/ip\\\/wp-content\\\/uploads\\\/2018\\\/01\\\/Agencia-IP.jpg\",\"contentUrl\":\"https:\\\/\\\/www.ip.gov.py\\\/ip\\\/wp-content\\\/uploads\\\/2018\\\/01\\\/Agencia-IP.jpg\",\"width\":150,\"height\":150,\"caption\":\"Agencia IP\"},\"image\":{\"@id\":\"https:\\\/\\\/www.ip.gov.py\\\/ip\\\/#\\\/schema\\\/logo\\\/image\\\/\"},\"sameAs\":[\"https:\\\/\\\/www.facebook.com\\\/IPParaguay\\\/\",\"https:\\\/\\\/x.com\\\/IPParaguay\",\"https:\\\/\\\/www.instagram.com\\\/IPParaguay\"]},{\"@type\":\"Person\",\"@id\":\"https:\\\/\\\/www.ip.gov.py\\\/ip\\\/#\\\/schema\\\/person\\\/fa3668852e893cb0423795330f919039\",\"name\":\"vrios\",\"url\":\"https:\\\/\\\/www.ip.gov.py\\\/ip\\\/author\\\/vrios\\\/\"}]}<\/script>\n<!-- \/ Yoast SEO plugin. -->","yoast_head_json":{"title":"Los talib\u00e1n aseguraron que permitir\u00e1n vuelos civiles en Afganist\u00e1n tras el fin de la evacuaci\u00f3n - .::Agencia IP::.","robots":{"index":"index","follow":"follow","max-snippet":"max-snippet:-1","max-image-preview":"max-image-preview:large","max-video-preview":"max-video-preview:-1"},"canonical":"https:\/\/www.ip.gov.py\/ip\/2021\/08\/25\/los-taliban-aseguraron-que-permitiran-vuelos-civiles-en-afganistan-tras-el-fin-de-la-evacuacion\/","og_locale":"es_ES","og_type":"article","og_title":"Los talib\u00e1n aseguraron que permitir\u00e1n vuelos civiles en Afganist\u00e1n tras el fin de la evacuaci\u00f3n - .::Agencia IP::.","og_description":"Kabul.-Los talibanes aseguraron este mi\u00e9rcoles que permitir\u00e1n la operaci\u00f3n de vuelos comerciales en Afganist\u00e1n despu\u00e9s de la fecha l\u00edmite para las evacuaciones internacionales del 31 de agosto.","og_url":"https:\/\/www.ip.gov.py\/ip\/2021\/08\/25\/los-taliban-aseguraron-que-permitiran-vuelos-civiles-en-afganistan-tras-el-fin-de-la-evacuacion\/","og_site_name":".::Agencia IP::.","article_publisher":"https:\/\/www.facebook.com\/IPParaguay\/","article_published_time":"2021-08-25T12:26:09+00:00","og_image":[{"width":800,"height":533,"url":"https:\/\/www.ip.gov.py\/ip\/wp-content\/uploads\/2021\/08\/Taliban.jpg","type":"image\/jpeg"}],"author":"vrios","twitter_card":"summary_large_image","twitter_creator":"@IPParaguay","twitter_site":"@IPParaguay","twitter_misc":{"Escrito por":"vrios","Tiempo de lectura":"2 minutos"},"schema":{"@context":"https:\/\/schema.org","@graph":[{"@type":"Article","@id":"https:\/\/www.ip.gov.py\/ip\/2021\/08\/25\/los-taliban-aseguraron-que-permitiran-vuelos-civiles-en-afganistan-tras-el-fin-de-la-evacuacion\/#article","isPartOf":{"@id":"https:\/\/www.ip.gov.py\/ip\/2021\/08\/25\/los-taliban-aseguraron-que-permitiran-vuelos-civiles-en-afganistan-tras-el-fin-de-la-evacuacion\/"},"author":{"name":"vrios","@id":"https:\/\/www.ip.gov.py\/ip\/#\/schema\/person\/fa3668852e893cb0423795330f919039"},"headline":"Los talib\u00e1n aseguraron que permitir\u00e1n vuelos civiles en Afganist\u00e1n tras el fin de la evacuaci\u00f3n","datePublished":"2021-08-25T12:26:09+00:00","mainEntityOfPage":{"@id":"https:\/\/www.ip.gov.py\/ip\/2021\/08\/25\/los-taliban-aseguraron-que-permitiran-vuelos-civiles-en-afganistan-tras-el-fin-de-la-evacuacion\/"},"wordCount":438,"publisher":{"@id":"https:\/\/www.ip.gov.py\/ip\/#organization"},"image":{"@id":"https:\/\/www.ip.gov.py\/ip\/2021\/08\/25\/los-taliban-aseguraron-que-permitiran-vuelos-civiles-en-afganistan-tras-el-fin-de-la-evacuacion\/#primaryimage"},"thumbnailUrl":"https:\/\/www.ip.gov.py\/ip\/wp-content\/uploads\/2021\/08\/Taliban.jpg","keywords":["Afganistan","Civiles","Evacuaci\u00f3n","Talibanes","vuelos"],"articleSection":["Internacionales"],"inLanguage":"es"},{"@type":"WebPage","@id":"https:\/\/www.ip.gov.py\/ip\/2021\/08\/25\/los-taliban-aseguraron-que-permitiran-vuelos-civiles-en-afganistan-tras-el-fin-de-la-evacuacion\/","url":"https:\/\/www.ip.gov.py\/ip\/2021\/08\/25\/los-taliban-aseguraron-que-permitiran-vuelos-civiles-en-afganistan-tras-el-fin-de-la-evacuacion\/","name":"Los talib\u00e1n aseguraron que permitir\u00e1n vuelos civiles en Afganist\u00e1n tras el fin de la evacuaci\u00f3n - .::Agencia IP::.","isPartOf":{"@id":"https:\/\/www.ip.gov.py\/ip\/#website"},"primaryImageOfPage":{"@id":"https:\/\/www.ip.gov.py\/ip\/2021\/08\/25\/los-taliban-aseguraron-que-permitiran-vuelos-civiles-en-afganistan-tras-el-fin-de-la-evacuacion\/#primaryimage"},"image":{"@id":"https:\/\/www.ip.gov.py\/ip\/2021\/08\/25\/los-taliban-aseguraron-que-permitiran-vuelos-civiles-en-afganistan-tras-el-fin-de-la-evacuacion\/#primaryimage"},"thumbnailUrl":"https:\/\/www.ip.gov.py\/ip\/wp-content\/uploads\/2021\/08\/Taliban.jpg","datePublished":"2021-08-25T12:26:09+00:00","breadcrumb":{"@id":"https:\/\/www.ip.gov.py\/ip\/2021\/08\/25\/los-taliban-aseguraron-que-permitiran-vuelos-civiles-en-afganistan-tras-el-fin-de-la-evacuacion\/#breadcrumb"},"inLanguage":"es","potentialAction":[{"@type":"ReadAction","target":["https:\/\/www.ip.gov.py\/ip\/2021\/08\/25\/los-taliban-aseguraron-que-permitiran-vuelos-civiles-en-afganistan-tras-el-fin-de-la-evacuacion\/"]}]},{"@type":"ImageObject","inLanguage":"es","@id":"https:\/\/www.ip.gov.py\/ip\/2021\/08\/25\/los-taliban-aseguraron-que-permitiran-vuelos-civiles-en-afganistan-tras-el-fin-de-la-evacuacion\/#primaryimage","url":"https:\/\/www.ip.gov.py\/ip\/wp-content\/uploads\/2021\/08\/Taliban.jpg","contentUrl":"https:\/\/www.ip.gov.py\/ip\/wp-content\/uploads\/2021\/08\/Taliban.jpg","width":800,"height":533,"caption":"Hola News"},{"@type":"BreadcrumbList","@id":"https:\/\/www.ip.gov.py\/ip\/2021\/08\/25\/los-taliban-aseguraron-que-permitiran-vuelos-civiles-en-afganistan-tras-el-fin-de-la-evacuacion\/#breadcrumb","itemListElement":[{"@type":"ListItem","position":1,"name":"Portada","item":"https:\/\/www.ip.gov.py\/ip\/"},{"@type":"ListItem","position":2,"name":"Los talib\u00e1n aseguraron que permitir\u00e1n vuelos civiles en Afganist\u00e1n tras el fin de la evacuaci\u00f3n"}]},{"@type":"WebSite","@id":"https:\/\/www.ip.gov.py\/ip\/#website","url":"https:\/\/www.ip.gov.py\/ip\/","name":".::Agencia IP::.","description":"","publisher":{"@id":"https:\/\/www.ip.gov.py\/ip\/#organization"},"potentialAction":[{"@type":"SearchAction","target":{"@type":"EntryPoint","urlTemplate":"https:\/\/www.ip.gov.py\/ip\/?s={search_term_string}"},"query-input":{"@type":"PropertyValueSpecification","valueRequired":true,"valueName":"search_term_string"}}],"inLanguage":"es"},{"@type":"Organization","@id":"https:\/\/www.ip.gov.py\/ip\/#organization","name":"Agencia IP","url":"https:\/\/www.ip.gov.py\/ip\/","logo":{"@type":"ImageObject","inLanguage":"es","@id":"https:\/\/www.ip.gov.py\/ip\/#\/schema\/logo\/image\/","url":"https:\/\/www.ip.gov.py\/ip\/wp-content\/uploads\/2018\/01\/Agencia-IP.jpg","contentUrl":"https:\/\/www.ip.gov.py\/ip\/wp-content\/uploads\/2018\/01\/Agencia-IP.jpg","width":150,"height":150,"caption":"Agencia IP"},"image":{"@id":"https:\/\/www.ip.gov.py\/ip\/#\/schema\/logo\/image\/"},"sameAs":["https:\/\/www.facebook.com\/IPParaguay\/","https:\/\/x.com\/IPParaguay","https:\/\/www.instagram.com\/IPParaguay"]},{"@type":"Person","@id":"https:\/\/www.ip.gov.py\/ip\/#\/schema\/person\/fa3668852e893cb0423795330f919039","name":"vrios","url":"https:\/\/www.ip.gov.py\/ip\/author\/vrios\/"}]}},"_links":{"self":[{"href":"https:\/\/www.ip.gov.py\/ip\/wp-json\/wp\/v2\/posts\/381672","targetHints":{"allow":["GET"]}}],"collection":[{"href":"https:\/\/www.ip.gov.py\/ip\/wp-json\/wp\/v2\/posts"}],"about":[{"href":"https:\/\/www.ip.gov.py\/ip\/wp-json\/wp\/v2\/types\/post"}],"author":[{"embeddable":true,"href":"https:\/\/www.ip.gov.py\/ip\/wp-json\/wp\/v2\/users\/11"}],"replies":[{"embeddable":true,"href":"https:\/\/www.ip.gov.py\/ip\/wp-json\/wp\/v2\/comments?post=381672"}],"version-history":[{"count":0,"href":"https:\/\/www.ip.gov.py\/ip\/wp-json\/wp\/v2\/posts\/381672\/revisions"}],"wp:featuredmedia":[{"embeddable":true,"href":"https:\/\/www.ip.gov.py\/ip\/wp-json\/wp\/v2\/media\/381677"}],"wp:attachment":[{"href":"https:\/\/www.ip.gov.py\/ip\/wp-json\/wp\/v2\/media?parent=381672"}],"wp:term":[{"taxonomy":"category","embeddable":true,"href":"https:\/\/www.ip.gov.py\/ip\/wp-json\/wp\/v2\/categories?post=381672"},{"taxonomy":"post_tag","embeddable":true,"href":"https:\/\/www.ip.gov.py\/ip\/wp-json\/wp\/v2\/tags?post=381672"}],"curies":[{"name":"wp","href":"https:\/\/api.w.org\/{rel}","templated":true}]}}