{"id":383258,"date":"2021-09-03T14:05:00","date_gmt":"2021-09-03T18:05:00","guid":{"rendered":"https:\/\/www.ip.gov.py\/ip\/?p=383258"},"modified":"2021-09-03T14:05:00","modified_gmt":"2021-09-03T18:05:00","slug":"jair-bolsonaro-amenazo-a-jueces-y-advirtio-que-la-marcha-del-7-de-septiembre-es-un-ultimatum","status":"publish","type":"post","link":"https:\/\/www.ip.gov.py\/ip\/2021\/09\/03\/jair-bolsonaro-amenazo-a-jueces-y-advirtio-que-la-marcha-del-7-de-septiembre-es-un-ultimatum\/","title":{"rendered":"Jair Bolsonaro amenaz\u00f3 a jueces y advirti\u00f3 que la marcha del 7 de septiembre es un \u201cultim\u00e1tum\u201d"},"content":{"rendered":"<p style=\"text-align: justify;\"><em><strong>Brasilia.-<\/strong><\/em>El presidente de Brasil, Jair Bolsonaro, afirm\u00f3 este viernes que las manifestaciones del pr\u00f3ximo 7 de septiembre, convocadas para promover la intervenci\u00f3n del Ej\u00e9rcito en el Supremo Tribunal Federal (STF), seg\u00fan los organizadores, servir\u00e1n de ultim\u00e1tum a los magistrados del m\u00e1ximo tribunal del pa\u00eds.<!--more--><\/p>\n<p style=\"text-align: justify;\">Sin dar nombres, el mandatario dijo que no critica a las instituciones ni a los Poderes, sino que s\u00f3lo realiza \u00abcr\u00edticas concretas a las personas\u00bb.<\/p>\n<p style=\"text-align: justify;\">El mandatario asegura que la movilizaci\u00f3n, a la que asegur\u00f3 que asistir\u00e1n m\u00e1s de 2 millones de personas, son para defender la \u00ablibertad de expresi\u00f3n\u00bb y el \u00abrespeto a la Constituci\u00f3n\u00bb.<\/p>\n<p style=\"text-align: justify;\">Ir\u00f3nicamente, tambi\u00e9n reiter\u00f3 que el juez supremo Alexandre de Moraes, que lo investiga por diseminar noticias falsas y atentar contra el sistema electoral por sus denuncias de fraude sin fundamento, puede acompa\u00f1arlo al acto.<\/p>\n<p style=\"text-align: justify;\">\u00abIncl\u00ednese ante la Constituci\u00f3n, respete nuestra libertad, entienda que ustedes dos est\u00e1n en el camino equivocado porque siempre hay tiempo para redimirse\u00bb, continu\u00f3 el presidente, aludiendo a De Moraes y a Lu\u00eds Roberto Barroso, este \u00faltimo tambi\u00e9n presidente del TSE.<\/p>\n<p style=\"text-align: justify;\">Sin embargo, Bolsonaro no puede &#8211;al menos en el marco de la ley&#8211; dar un ultim\u00e1tum a los ministros de la Corte Suprema.<\/p>\n<p style=\"text-align: justify;\">El camino ser\u00eda presentar su juicio pol\u00edtico en el Senado, que ya result\u00f3 ser un camino infructuoso: la solicitud contra Moraes pronto fue rechazada por el presidente del Senado, Rodrigo Pacheco.<\/p>\n<p style=\"text-align: justify;\">Barroso, adem\u00e1s de integrar el Supremo, preside el Tribunal Superior Electoral (TSE), sobre el cual Bolsonaro sostiene, sin pruebas, que prepara un \u00abfraude\u00bb para los comicios de 2022 y que se valdr\u00e1 para ello del sistema de sufragio electr\u00f3nico que el pa\u00eds adopt\u00f3 en 1996 y cuya transparencia es mayoritariamente reconocida.<\/p>\n<p style=\"text-align: justify;\">De Moraes, es quien tiene bajo su \u00f3rbita un proceso sobre la difusi\u00f3n masiva de \u00abfake news\u00bb (noticias falsas en redes) y ataques a las instituciones democr\u00e1ticas a trav\u00e9s de la red Internet, en el que Bolsonaro y decenas de activistas de ultraderecha son investigados.<\/p>\n<p style=\"text-align: justify;\">La convocatoria a la marcha del 7 fue rechazada por el Congreso y el propio Supremo, y condenada por organizaciones empresariales, entidades financieras, sindicatos y los partidos pol\u00edticos de la derecha m\u00e1s moderada, que en los \u00faltimos d\u00edas han publicado manifiestos en defensa de la democracia y contra cualquier tipo de \u00abaventura autoritaria\u00bb.<\/p>\n<p style=\"text-align: justify;\">Bolsonaro, cuya popularidad hoy se sit\u00faa en torno al 25 % seg\u00fan todas las encuestas, reiter\u00f3 este viernes que estar\u00e1 presente en esas manifestaciones \u00abjunto al pueblo\u00bb, e insisti\u00f3 en que la marcha constituye \u00abun ultim\u00e1tum a quienes respetan la Constituci\u00f3n\u00bb.<\/p>\n<p style=\"text-align: justify;\">Otro sondeo publicado este viernes, del Instituto demosc\u00f3pico PoderData, registra que el \u00edndice de desaprobaci\u00f3n del ultraderechista mandatario se ubica en torno al 63%, mientras su aprobaci\u00f3n se desplom\u00f3 hasta el 27%, mientras un 10% no responde.<\/p>\n<p style=\"text-align: justify;\">En tono a\u00fan m\u00e1s \u00e1spero, el capit\u00e1n de la reserva del Ej\u00e9rcito agreg\u00f3 que \u00abcomo militar\u00bb, jur\u00f3 \u00abdar la vida por la Patria y la libertad\u00bb y que, junto \u00abal pueblo\u00bb, podr\u00e1 \u00abderrotar a los que quieren llevar a Brasil por el camino de Venezuela\u00bb.Clar\u00edn.<\/p>\n","protected":false},"excerpt":{"rendered":"<p>Brasilia.-El presidente de Brasil, Jair Bolsonaro, afirm\u00f3 este viernes que las manifestaciones del pr\u00f3ximo 7 de septiembre, convocadas para promover la intervenci\u00f3n del Ej\u00e9rcito en el Supremo Tribunal Federal (STF), seg\u00fan los organizadores, servir\u00e1n de ultim\u00e1tum a los magistrados del m\u00e1ximo tribunal del pa\u00eds.<\/p>\n","protected":false},"author":11,"featured_media":383259,"comment_status":"closed","ping_status":"closed","sticky":false,"template":"","format":"standard","meta":{"_monsterinsights_skip_tracking":false,"_monsterinsights_sitenote_active":false,"_monsterinsights_sitenote_note":"","_monsterinsights_sitenote_category":0,"footnotes":""},"categories":[5],"tags":[3270,335,119,7161],"class_list":{"0":"post-383258","1":"post","2":"type-post","3":"status-publish","4":"format-standard","5":"has-post-thumbnail","7":"category-internacionales","8":"tag-bolsonaro","9":"tag-brasil","10":"tag-manifestacion","11":"tag-reaccion"},"yoast_head":"<!-- This site is optimized with the Yoast SEO plugin v27.5 - https:\/\/yoast.com\/product\/yoast-seo-wordpress\/ -->\n<title>Jair Bolsonaro amenaz\u00f3 a jueces y advirti\u00f3 que la marcha del 7 de septiembre es un \u201cultim\u00e1tum\u201d - .::Agencia IP::.<\/title>\n<meta name=\"robots\" content=\"index, follow, max-snippet:-1, max-image-preview:large, max-video-preview:-1\" \/>\n<link rel=\"canonical\" href=\"https:\/\/www.ip.gov.py\/ip\/2021\/09\/03\/jair-bolsonaro-amenazo-a-jueces-y-advirtio-que-la-marcha-del-7-de-septiembre-es-un-ultimatum\/\" \/>\n<meta property=\"og:locale\" content=\"es_ES\" \/>\n<meta property=\"og:type\" content=\"article\" \/>\n<meta property=\"og:title\" content=\"Jair Bolsonaro amenaz\u00f3 a jueces y advirti\u00f3 que la marcha del 7 de septiembre es un \u201cultim\u00e1tum\u201d - .::Agencia IP::.\" \/>\n<meta property=\"og:description\" content=\"Brasilia.-El presidente de Brasil, Jair Bolsonaro, afirm\u00f3 este viernes que las manifestaciones del pr\u00f3ximo 7 de septiembre, convocadas para promover la intervenci\u00f3n del Ej\u00e9rcito en el Supremo Tribunal Federal (STF), seg\u00fan los organizadores, servir\u00e1n de ultim\u00e1tum a los magistrados del m\u00e1ximo tribunal del pa\u00eds.\" \/>\n<meta property=\"og:url\" content=\"https:\/\/www.ip.gov.py\/ip\/2021\/09\/03\/jair-bolsonaro-amenazo-a-jueces-y-advirtio-que-la-marcha-del-7-de-septiembre-es-un-ultimatum\/\" \/>\n<meta property=\"og:site_name\" content=\".::Agencia IP::.\" \/>\n<meta property=\"article:publisher\" content=\"https:\/\/www.facebook.com\/IPParaguay\/\" \/>\n<meta property=\"article:published_time\" content=\"2021-09-03T18:05:00+00:00\" \/>\n<meta property=\"og:image\" content=\"https:\/\/www.ip.gov.py\/ip\/wp-content\/uploads\/2021\/09\/Bolsonaro.jpg\" \/>\n\t<meta property=\"og:image:width\" content=\"1100\" \/>\n\t<meta property=\"og:image:height\" content=\"619\" \/>\n\t<meta property=\"og:image:type\" content=\"image\/jpeg\" \/>\n<meta name=\"author\" content=\"vrios\" \/>\n<meta name=\"twitter:card\" content=\"summary_large_image\" \/>\n<meta name=\"twitter:creator\" content=\"@IPParaguay\" \/>\n<meta name=\"twitter:site\" content=\"@IPParaguay\" \/>\n<meta name=\"twitter:label1\" content=\"Escrito por\" \/>\n\t<meta name=\"twitter:data1\" content=\"vrios\" \/>\n\t<meta name=\"twitter:label2\" content=\"Tiempo de lectura\" \/>\n\t<meta name=\"twitter:data2\" content=\"3 minutos\" \/>\n<script type=\"application\/ld+json\" class=\"yoast-schema-graph\">{\"@context\":\"https:\\\/\\\/schema.org\",\"@graph\":[{\"@type\":\"Article\",\"@id\":\"https:\\\/\\\/www.ip.gov.py\\\/ip\\\/2021\\\/09\\\/03\\\/jair-bolsonaro-amenazo-a-jueces-y-advirtio-que-la-marcha-del-7-de-septiembre-es-un-ultimatum\\\/#article\",\"isPartOf\":{\"@id\":\"https:\\\/\\\/www.ip.gov.py\\\/ip\\\/2021\\\/09\\\/03\\\/jair-bolsonaro-amenazo-a-jueces-y-advirtio-que-la-marcha-del-7-de-septiembre-es-un-ultimatum\\\/\"},\"author\":{\"name\":\"vrios\",\"@id\":\"https:\\\/\\\/www.ip.gov.py\\\/ip\\\/#\\\/schema\\\/person\\\/fa3668852e893cb0423795330f919039\"},\"headline\":\"Jair Bolsonaro amenaz\u00f3 a jueces y advirti\u00f3 que la marcha del 7 de septiembre es un \u201cultim\u00e1tum\u201d\",\"datePublished\":\"2021-09-03T18:05:00+00:00\",\"mainEntityOfPage\":{\"@id\":\"https:\\\/\\\/www.ip.gov.py\\\/ip\\\/2021\\\/09\\\/03\\\/jair-bolsonaro-amenazo-a-jueces-y-advirtio-que-la-marcha-del-7-de-septiembre-es-un-ultimatum\\\/\"},\"wordCount\":557,\"publisher\":{\"@id\":\"https:\\\/\\\/www.ip.gov.py\\\/ip\\\/#organization\"},\"image\":{\"@id\":\"https:\\\/\\\/www.ip.gov.py\\\/ip\\\/2021\\\/09\\\/03\\\/jair-bolsonaro-amenazo-a-jueces-y-advirtio-que-la-marcha-del-7-de-septiembre-es-un-ultimatum\\\/#primaryimage\"},\"thumbnailUrl\":\"https:\\\/\\\/www.ip.gov.py\\\/ip\\\/wp-content\\\/uploads\\\/2021\\\/09\\\/Bolsonaro.jpg\",\"keywords\":[\"Bolsonaro\",\"Brasil\",\"manifestaci\u00f3n\",\"Reacci\u00f3n\"],\"articleSection\":[\"Internacionales\"],\"inLanguage\":\"es\"},{\"@type\":\"WebPage\",\"@id\":\"https:\\\/\\\/www.ip.gov.py\\\/ip\\\/2021\\\/09\\\/03\\\/jair-bolsonaro-amenazo-a-jueces-y-advirtio-que-la-marcha-del-7-de-septiembre-es-un-ultimatum\\\/\",\"url\":\"https:\\\/\\\/www.ip.gov.py\\\/ip\\\/2021\\\/09\\\/03\\\/jair-bolsonaro-amenazo-a-jueces-y-advirtio-que-la-marcha-del-7-de-septiembre-es-un-ultimatum\\\/\",\"name\":\"Jair Bolsonaro amenaz\u00f3 a jueces y advirti\u00f3 que la marcha del 7 de septiembre es un \u201cultim\u00e1tum\u201d - .::Agencia IP::.\",\"isPartOf\":{\"@id\":\"https:\\\/\\\/www.ip.gov.py\\\/ip\\\/#website\"},\"primaryImageOfPage\":{\"@id\":\"https:\\\/\\\/www.ip.gov.py\\\/ip\\\/2021\\\/09\\\/03\\\/jair-bolsonaro-amenazo-a-jueces-y-advirtio-que-la-marcha-del-7-de-septiembre-es-un-ultimatum\\\/#primaryimage\"},\"image\":{\"@id\":\"https:\\\/\\\/www.ip.gov.py\\\/ip\\\/2021\\\/09\\\/03\\\/jair-bolsonaro-amenazo-a-jueces-y-advirtio-que-la-marcha-del-7-de-septiembre-es-un-ultimatum\\\/#primaryimage\"},\"thumbnailUrl\":\"https:\\\/\\\/www.ip.gov.py\\\/ip\\\/wp-content\\\/uploads\\\/2021\\\/09\\\/Bolsonaro.jpg\",\"datePublished\":\"2021-09-03T18:05:00+00:00\",\"breadcrumb\":{\"@id\":\"https:\\\/\\\/www.ip.gov.py\\\/ip\\\/2021\\\/09\\\/03\\\/jair-bolsonaro-amenazo-a-jueces-y-advirtio-que-la-marcha-del-7-de-septiembre-es-un-ultimatum\\\/#breadcrumb\"},\"inLanguage\":\"es\",\"potentialAction\":[{\"@type\":\"ReadAction\",\"target\":[\"https:\\\/\\\/www.ip.gov.py\\\/ip\\\/2021\\\/09\\\/03\\\/jair-bolsonaro-amenazo-a-jueces-y-advirtio-que-la-marcha-del-7-de-septiembre-es-un-ultimatum\\\/\"]}]},{\"@type\":\"ImageObject\",\"inLanguage\":\"es\",\"@id\":\"https:\\\/\\\/www.ip.gov.py\\\/ip\\\/2021\\\/09\\\/03\\\/jair-bolsonaro-amenazo-a-jueces-y-advirtio-que-la-marcha-del-7-de-septiembre-es-un-ultimatum\\\/#primaryimage\",\"url\":\"https:\\\/\\\/www.ip.gov.py\\\/ip\\\/wp-content\\\/uploads\\\/2021\\\/09\\\/Bolsonaro.jpg\",\"contentUrl\":\"https:\\\/\\\/www.ip.gov.py\\\/ip\\\/wp-content\\\/uploads\\\/2021\\\/09\\\/Bolsonaro.jpg\",\"width\":1100,\"height\":619,\"caption\":\"CNN\"},{\"@type\":\"BreadcrumbList\",\"@id\":\"https:\\\/\\\/www.ip.gov.py\\\/ip\\\/2021\\\/09\\\/03\\\/jair-bolsonaro-amenazo-a-jueces-y-advirtio-que-la-marcha-del-7-de-septiembre-es-un-ultimatum\\\/#breadcrumb\",\"itemListElement\":[{\"@type\":\"ListItem\",\"position\":1,\"name\":\"Portada\",\"item\":\"https:\\\/\\\/www.ip.gov.py\\\/ip\\\/\"},{\"@type\":\"ListItem\",\"position\":2,\"name\":\"Jair Bolsonaro amenaz\u00f3 a jueces y advirti\u00f3 que la marcha del 7 de septiembre es un \u201cultim\u00e1tum\u201d\"}]},{\"@type\":\"WebSite\",\"@id\":\"https:\\\/\\\/www.ip.gov.py\\\/ip\\\/#website\",\"url\":\"https:\\\/\\\/www.ip.gov.py\\\/ip\\\/\",\"name\":\".::Agencia IP::.\",\"description\":\"\",\"publisher\":{\"@id\":\"https:\\\/\\\/www.ip.gov.py\\\/ip\\\/#organization\"},\"potentialAction\":[{\"@type\":\"SearchAction\",\"target\":{\"@type\":\"EntryPoint\",\"urlTemplate\":\"https:\\\/\\\/www.ip.gov.py\\\/ip\\\/?s={search_term_string}\"},\"query-input\":{\"@type\":\"PropertyValueSpecification\",\"valueRequired\":true,\"valueName\":\"search_term_string\"}}],\"inLanguage\":\"es\"},{\"@type\":\"Organization\",\"@id\":\"https:\\\/\\\/www.ip.gov.py\\\/ip\\\/#organization\",\"name\":\"Agencia IP\",\"url\":\"https:\\\/\\\/www.ip.gov.py\\\/ip\\\/\",\"logo\":{\"@type\":\"ImageObject\",\"inLanguage\":\"es\",\"@id\":\"https:\\\/\\\/www.ip.gov.py\\\/ip\\\/#\\\/schema\\\/logo\\\/image\\\/\",\"url\":\"https:\\\/\\\/www.ip.gov.py\\\/ip\\\/wp-content\\\/uploads\\\/2018\\\/01\\\/Agencia-IP.jpg\",\"contentUrl\":\"https:\\\/\\\/www.ip.gov.py\\\/ip\\\/wp-content\\\/uploads\\\/2018\\\/01\\\/Agencia-IP.jpg\",\"width\":150,\"height\":150,\"caption\":\"Agencia IP\"},\"image\":{\"@id\":\"https:\\\/\\\/www.ip.gov.py\\\/ip\\\/#\\\/schema\\\/logo\\\/image\\\/\"},\"sameAs\":[\"https:\\\/\\\/www.facebook.com\\\/IPParaguay\\\/\",\"https:\\\/\\\/x.com\\\/IPParaguay\",\"https:\\\/\\\/www.instagram.com\\\/IPParaguay\"]},{\"@type\":\"Person\",\"@id\":\"https:\\\/\\\/www.ip.gov.py\\\/ip\\\/#\\\/schema\\\/person\\\/fa3668852e893cb0423795330f919039\",\"name\":\"vrios\",\"url\":\"https:\\\/\\\/www.ip.gov.py\\\/ip\\\/author\\\/vrios\\\/\"}]}<\/script>\n<!-- \/ Yoast SEO plugin. -->","yoast_head_json":{"title":"Jair Bolsonaro amenaz\u00f3 a jueces y advirti\u00f3 que la marcha del 7 de septiembre es un \u201cultim\u00e1tum\u201d - .::Agencia IP::.","robots":{"index":"index","follow":"follow","max-snippet":"max-snippet:-1","max-image-preview":"max-image-preview:large","max-video-preview":"max-video-preview:-1"},"canonical":"https:\/\/www.ip.gov.py\/ip\/2021\/09\/03\/jair-bolsonaro-amenazo-a-jueces-y-advirtio-que-la-marcha-del-7-de-septiembre-es-un-ultimatum\/","og_locale":"es_ES","og_type":"article","og_title":"Jair Bolsonaro amenaz\u00f3 a jueces y advirti\u00f3 que la marcha del 7 de septiembre es un \u201cultim\u00e1tum\u201d - .::Agencia IP::.","og_description":"Brasilia.-El presidente de Brasil, Jair Bolsonaro, afirm\u00f3 este viernes que las manifestaciones del pr\u00f3ximo 7 de septiembre, convocadas para promover la intervenci\u00f3n del Ej\u00e9rcito en el Supremo Tribunal Federal (STF), seg\u00fan los organizadores, servir\u00e1n de ultim\u00e1tum a los magistrados del m\u00e1ximo tribunal del pa\u00eds.","og_url":"https:\/\/www.ip.gov.py\/ip\/2021\/09\/03\/jair-bolsonaro-amenazo-a-jueces-y-advirtio-que-la-marcha-del-7-de-septiembre-es-un-ultimatum\/","og_site_name":".::Agencia IP::.","article_publisher":"https:\/\/www.facebook.com\/IPParaguay\/","article_published_time":"2021-09-03T18:05:00+00:00","og_image":[{"width":1100,"height":619,"url":"https:\/\/www.ip.gov.py\/ip\/wp-content\/uploads\/2021\/09\/Bolsonaro.jpg","type":"image\/jpeg"}],"author":"vrios","twitter_card":"summary_large_image","twitter_creator":"@IPParaguay","twitter_site":"@IPParaguay","twitter_misc":{"Escrito por":"vrios","Tiempo de lectura":"3 minutos"},"schema":{"@context":"https:\/\/schema.org","@graph":[{"@type":"Article","@id":"https:\/\/www.ip.gov.py\/ip\/2021\/09\/03\/jair-bolsonaro-amenazo-a-jueces-y-advirtio-que-la-marcha-del-7-de-septiembre-es-un-ultimatum\/#article","isPartOf":{"@id":"https:\/\/www.ip.gov.py\/ip\/2021\/09\/03\/jair-bolsonaro-amenazo-a-jueces-y-advirtio-que-la-marcha-del-7-de-septiembre-es-un-ultimatum\/"},"author":{"name":"vrios","@id":"https:\/\/www.ip.gov.py\/ip\/#\/schema\/person\/fa3668852e893cb0423795330f919039"},"headline":"Jair Bolsonaro amenaz\u00f3 a jueces y advirti\u00f3 que la marcha del 7 de septiembre es un \u201cultim\u00e1tum\u201d","datePublished":"2021-09-03T18:05:00+00:00","mainEntityOfPage":{"@id":"https:\/\/www.ip.gov.py\/ip\/2021\/09\/03\/jair-bolsonaro-amenazo-a-jueces-y-advirtio-que-la-marcha-del-7-de-septiembre-es-un-ultimatum\/"},"wordCount":557,"publisher":{"@id":"https:\/\/www.ip.gov.py\/ip\/#organization"},"image":{"@id":"https:\/\/www.ip.gov.py\/ip\/2021\/09\/03\/jair-bolsonaro-amenazo-a-jueces-y-advirtio-que-la-marcha-del-7-de-septiembre-es-un-ultimatum\/#primaryimage"},"thumbnailUrl":"https:\/\/www.ip.gov.py\/ip\/wp-content\/uploads\/2021\/09\/Bolsonaro.jpg","keywords":["Bolsonaro","Brasil","manifestaci\u00f3n","Reacci\u00f3n"],"articleSection":["Internacionales"],"inLanguage":"es"},{"@type":"WebPage","@id":"https:\/\/www.ip.gov.py\/ip\/2021\/09\/03\/jair-bolsonaro-amenazo-a-jueces-y-advirtio-que-la-marcha-del-7-de-septiembre-es-un-ultimatum\/","url":"https:\/\/www.ip.gov.py\/ip\/2021\/09\/03\/jair-bolsonaro-amenazo-a-jueces-y-advirtio-que-la-marcha-del-7-de-septiembre-es-un-ultimatum\/","name":"Jair Bolsonaro amenaz\u00f3 a jueces y advirti\u00f3 que la marcha del 7 de septiembre es un \u201cultim\u00e1tum\u201d - .::Agencia IP::.","isPartOf":{"@id":"https:\/\/www.ip.gov.py\/ip\/#website"},"primaryImageOfPage":{"@id":"https:\/\/www.ip.gov.py\/ip\/2021\/09\/03\/jair-bolsonaro-amenazo-a-jueces-y-advirtio-que-la-marcha-del-7-de-septiembre-es-un-ultimatum\/#primaryimage"},"image":{"@id":"https:\/\/www.ip.gov.py\/ip\/2021\/09\/03\/jair-bolsonaro-amenazo-a-jueces-y-advirtio-que-la-marcha-del-7-de-septiembre-es-un-ultimatum\/#primaryimage"},"thumbnailUrl":"https:\/\/www.ip.gov.py\/ip\/wp-content\/uploads\/2021\/09\/Bolsonaro.jpg","datePublished":"2021-09-03T18:05:00+00:00","breadcrumb":{"@id":"https:\/\/www.ip.gov.py\/ip\/2021\/09\/03\/jair-bolsonaro-amenazo-a-jueces-y-advirtio-que-la-marcha-del-7-de-septiembre-es-un-ultimatum\/#breadcrumb"},"inLanguage":"es","potentialAction":[{"@type":"ReadAction","target":["https:\/\/www.ip.gov.py\/ip\/2021\/09\/03\/jair-bolsonaro-amenazo-a-jueces-y-advirtio-que-la-marcha-del-7-de-septiembre-es-un-ultimatum\/"]}]},{"@type":"ImageObject","inLanguage":"es","@id":"https:\/\/www.ip.gov.py\/ip\/2021\/09\/03\/jair-bolsonaro-amenazo-a-jueces-y-advirtio-que-la-marcha-del-7-de-septiembre-es-un-ultimatum\/#primaryimage","url":"https:\/\/www.ip.gov.py\/ip\/wp-content\/uploads\/2021\/09\/Bolsonaro.jpg","contentUrl":"https:\/\/www.ip.gov.py\/ip\/wp-content\/uploads\/2021\/09\/Bolsonaro.jpg","width":1100,"height":619,"caption":"CNN"},{"@type":"BreadcrumbList","@id":"https:\/\/www.ip.gov.py\/ip\/2021\/09\/03\/jair-bolsonaro-amenazo-a-jueces-y-advirtio-que-la-marcha-del-7-de-septiembre-es-un-ultimatum\/#breadcrumb","itemListElement":[{"@type":"ListItem","position":1,"name":"Portada","item":"https:\/\/www.ip.gov.py\/ip\/"},{"@type":"ListItem","position":2,"name":"Jair Bolsonaro amenaz\u00f3 a jueces y advirti\u00f3 que la marcha del 7 de septiembre es un \u201cultim\u00e1tum\u201d"}]},{"@type":"WebSite","@id":"https:\/\/www.ip.gov.py\/ip\/#website","url":"https:\/\/www.ip.gov.py\/ip\/","name":".::Agencia IP::.","description":"","publisher":{"@id":"https:\/\/www.ip.gov.py\/ip\/#organization"},"potentialAction":[{"@type":"SearchAction","target":{"@type":"EntryPoint","urlTemplate":"https:\/\/www.ip.gov.py\/ip\/?s={search_term_string}"},"query-input":{"@type":"PropertyValueSpecification","valueRequired":true,"valueName":"search_term_string"}}],"inLanguage":"es"},{"@type":"Organization","@id":"https:\/\/www.ip.gov.py\/ip\/#organization","name":"Agencia IP","url":"https:\/\/www.ip.gov.py\/ip\/","logo":{"@type":"ImageObject","inLanguage":"es","@id":"https:\/\/www.ip.gov.py\/ip\/#\/schema\/logo\/image\/","url":"https:\/\/www.ip.gov.py\/ip\/wp-content\/uploads\/2018\/01\/Agencia-IP.jpg","contentUrl":"https:\/\/www.ip.gov.py\/ip\/wp-content\/uploads\/2018\/01\/Agencia-IP.jpg","width":150,"height":150,"caption":"Agencia IP"},"image":{"@id":"https:\/\/www.ip.gov.py\/ip\/#\/schema\/logo\/image\/"},"sameAs":["https:\/\/www.facebook.com\/IPParaguay\/","https:\/\/x.com\/IPParaguay","https:\/\/www.instagram.com\/IPParaguay"]},{"@type":"Person","@id":"https:\/\/www.ip.gov.py\/ip\/#\/schema\/person\/fa3668852e893cb0423795330f919039","name":"vrios","url":"https:\/\/www.ip.gov.py\/ip\/author\/vrios\/"}]}},"_links":{"self":[{"href":"https:\/\/www.ip.gov.py\/ip\/wp-json\/wp\/v2\/posts\/383258","targetHints":{"allow":["GET"]}}],"collection":[{"href":"https:\/\/www.ip.gov.py\/ip\/wp-json\/wp\/v2\/posts"}],"about":[{"href":"https:\/\/www.ip.gov.py\/ip\/wp-json\/wp\/v2\/types\/post"}],"author":[{"embeddable":true,"href":"https:\/\/www.ip.gov.py\/ip\/wp-json\/wp\/v2\/users\/11"}],"replies":[{"embeddable":true,"href":"https:\/\/www.ip.gov.py\/ip\/wp-json\/wp\/v2\/comments?post=383258"}],"version-history":[{"count":0,"href":"https:\/\/www.ip.gov.py\/ip\/wp-json\/wp\/v2\/posts\/383258\/revisions"}],"wp:featuredmedia":[{"embeddable":true,"href":"https:\/\/www.ip.gov.py\/ip\/wp-json\/wp\/v2\/media\/383259"}],"wp:attachment":[{"href":"https:\/\/www.ip.gov.py\/ip\/wp-json\/wp\/v2\/media?parent=383258"}],"wp:term":[{"taxonomy":"category","embeddable":true,"href":"https:\/\/www.ip.gov.py\/ip\/wp-json\/wp\/v2\/categories?post=383258"},{"taxonomy":"post_tag","embeddable":true,"href":"https:\/\/www.ip.gov.py\/ip\/wp-json\/wp\/v2\/tags?post=383258"}],"curies":[{"name":"wp","href":"https:\/\/api.w.org\/{rel}","templated":true}]}}