{"id":384277,"date":"2021-09-13T14:26:54","date_gmt":"2021-09-13T18:26:54","guid":{"rendered":"https:\/\/www.ip.gov.py\/ip\/?p=384277"},"modified":"2021-09-13T14:32:44","modified_gmt":"2021-09-13T18:32:44","slug":"ministerio-de-justicia-asistio-a-comunidades-indigenas-de-boqueron","status":"publish","type":"post","link":"https:\/\/www.ip.gov.py\/ip\/2021\/09\/13\/ministerio-de-justicia-asistio-a-comunidades-indigenas-de-boqueron\/","title":{"rendered":"Ministerio de Justicia asisti\u00f3 a comunidades ind\u00edgenas de Boquer\u00f3n"},"content":{"rendered":"<p style=\"text-align: justify;\"><em><strong>Asunci\u00f3n, Agencia IP.-<\/strong><\/em> El Ministerio de Justicia brind\u00f3 asistencia a las comunidades ind\u00edgenas del departamento de Boquer\u00f3n a trav\u00e9s del programa nacional \u201cCasas de Justicia M\u00f3vil\u201d. <!--more--><\/p>\n<p style=\"text-align: justify;\">Los pobladores de las comunidades accedieron a servicios de varias instituciones p\u00fablicas que se trasladaron hasta la zona, en el marco del Programa Nacional Casas.<\/p>\n<p style=\"text-align: justify;\">El programa es una pol\u00edtica p\u00fablica implementada por el Ministerio de Justicia a fin de acercar los servicios que brinda el Estado a las zonas m\u00e1s alejadas y vulnerables.<\/p>\n<p style=\"text-align: justify;\">En la oportunidad, los servicios del Estado llegaron a las comunidades ind\u00edgenas La Princesa, Sandhorts y Yi&#8217;shinachat, de Boquer\u00f3n. Las mismas se encuentran a m\u00e1s de 600 kil\u00f3metros de la capital del pa\u00eds.<\/p>\n<p style=\"text-align: justify;\">El viceministro de Justicia, \u00c9dgar Taboada, manifest\u00f3 que los miembros de estas comunidades est\u00e1n accediendo a derechos fundamentales a trav\u00e9s del Programa Nacional y el apoyo de varias instituciones que trasladaron sus servicios hasta aqu\u00ed.<\/p>\n<p style=\"text-align: justify;\">\u00abEl Estado dispone la realizaci\u00f3n de jornadas de asistencias en comunidades ind\u00edgenas y a la vez se est\u00e1 marcando presencia en las zonas m\u00e1s alejadas y vulnerables del pa\u00eds\u00bb, expres\u00f3.<\/p>\n<p>Por su parte, el gobernador de Boquer\u00f3n, Rub\u00e9n Medina, se\u00f1al\u00f3 que en el marco del convenio suscripto con esta cartera del Estado realizaron varias actividades que fueron de mucha importancia para este sector de la poblaci\u00f3n.<\/p>\n<p style=\"text-align: justify;\">Durante las jornadas se cont\u00f3 con el servicio del Registro del Estado Civil, para la inscripci\u00f3n y expedici\u00f3n de certificados de nacimiento; el Departamento de Identificaciones con trabajos de cedulaci\u00f3n; el Instituto Paraguayo del Ind\u00edgena que hizo entrega del Carnet Ind\u00edgena; y el III Cuerpo de Ej\u00e9rcito con el apoyo del personal militar; el Ministerio de Salud a trav\u00e9s de funcionarios del Hospital Regional de Mariscal Estigarribia con atenci\u00f3n m\u00e9dica, medicamentos, vacunaci\u00f3n, entrega de leche en el Marco del Programa de Alimentaci\u00f3n y Nutrici\u00f3n Integral PANI, dirigido a ni\u00f1os y embarazadas. As\u00ed tambi\u00e9n, se cont\u00f3 con el servicio de orientaci\u00f3n legal a cargo de la Direcci\u00f3n de Acceso a la Justicia.<\/p>\n<p style=\"text-align: justify;\">El traslado del equipo integral que asisti\u00f3 a los pobladores de la comunidad cont\u00f3 con el apoyo de la Direcci\u00f3n de Pueblos Originarios dependiente de la Gobernaci\u00f3n de dicho departamento.<\/p>\n<p style=\"text-align: justify;\">De esta manera, el Ministerio de Justicia cumple en apoyar y colaborar con los planes y programas del Gobierno Nacional a fin de mejorar los mecanismos de acceso a la Justicia y protecci\u00f3n de los Derechos Humanos en igualdad de condiciones para todos los ciudadanos.<\/p>\n","protected":false},"excerpt":{"rendered":"<p>Asunci\u00f3n, Agencia IP.- El Ministerio de Justicia brind\u00f3 asistencia a las comunidades ind\u00edgenas del departamento de Boquer\u00f3n a trav\u00e9s del programa nacional \u201cCasas de Justicia M\u00f3vil\u201d.<\/p>\n","protected":false},"author":31,"featured_media":384284,"comment_status":"closed","ping_status":"closed","sticky":false,"template":"","format":"standard","meta":{"_monsterinsights_skip_tracking":false,"_monsterinsights_sitenote_active":false,"_monsterinsights_sitenote_note":"","_monsterinsights_sitenote_category":0,"footnotes":""},"categories":[4],"tags":[2197,955,406],"class_list":{"0":"post-384277","1":"post","2":"type-post","3":"status-publish","4":"format-standard","5":"has-post-thumbnail","7":"category-nacionales","8":"tag-boqueron","9":"tag-comunidades-indigenas","10":"tag-ministerio-de-justicia"},"yoast_head":"<!-- This site is optimized with the Yoast SEO plugin v27.5 - https:\/\/yoast.com\/product\/yoast-seo-wordpress\/ -->\n<title>Ministerio de Justicia asisti\u00f3 a comunidades ind\u00edgenas de Boquer\u00f3n - .::Agencia IP::.<\/title>\n<meta name=\"robots\" content=\"index, follow, max-snippet:-1, max-image-preview:large, max-video-preview:-1\" \/>\n<link rel=\"canonical\" href=\"https:\/\/www.ip.gov.py\/ip\/2021\/09\/13\/ministerio-de-justicia-asistio-a-comunidades-indigenas-de-boqueron\/\" \/>\n<meta property=\"og:locale\" content=\"es_ES\" \/>\n<meta property=\"og:type\" content=\"article\" \/>\n<meta property=\"og:title\" content=\"Ministerio de Justicia asisti\u00f3 a comunidades ind\u00edgenas de Boquer\u00f3n - .::Agencia IP::.\" \/>\n<meta property=\"og:description\" content=\"Asunci\u00f3n, Agencia IP.- El Ministerio de Justicia brind\u00f3 asistencia a las comunidades ind\u00edgenas del departamento de Boquer\u00f3n a trav\u00e9s del programa nacional \u201cCasas de Justicia M\u00f3vil\u201d.\" \/>\n<meta property=\"og:url\" content=\"https:\/\/www.ip.gov.py\/ip\/2021\/09\/13\/ministerio-de-justicia-asistio-a-comunidades-indigenas-de-boqueron\/\" \/>\n<meta property=\"og:site_name\" content=\".::Agencia IP::.\" \/>\n<meta property=\"article:publisher\" content=\"https:\/\/www.facebook.com\/IPParaguay\/\" \/>\n<meta property=\"article:published_time\" content=\"2021-09-13T18:26:54+00:00\" \/>\n<meta property=\"article:modified_time\" content=\"2021-09-13T18:32:44+00:00\" \/>\n<meta property=\"og:image\" content=\"https:\/\/www.ip.gov.py\/ip\/wp-content\/uploads\/2021\/09\/WhatsApp-Image-2021-09-10-at-10.04.50.jpeg\" \/>\n\t<meta property=\"og:image:width\" content=\"682\" \/>\n\t<meta property=\"og:image:height\" content=\"447\" \/>\n\t<meta property=\"og:image:type\" content=\"image\/jpeg\" \/>\n<meta name=\"author\" content=\"Veronica Gimenez\" \/>\n<meta name=\"twitter:card\" content=\"summary_large_image\" \/>\n<meta name=\"twitter:creator\" content=\"@IPParaguay\" \/>\n<meta name=\"twitter:site\" content=\"@IPParaguay\" \/>\n<meta name=\"twitter:label1\" content=\"Escrito por\" \/>\n\t<meta name=\"twitter:data1\" content=\"Veronica Gimenez\" \/>\n\t<meta name=\"twitter:label2\" content=\"Tiempo de lectura\" \/>\n\t<meta name=\"twitter:data2\" content=\"2 minutos\" \/>\n<script type=\"application\/ld+json\" class=\"yoast-schema-graph\">{\"@context\":\"https:\\\/\\\/schema.org\",\"@graph\":[{\"@type\":\"Article\",\"@id\":\"https:\\\/\\\/www.ip.gov.py\\\/ip\\\/2021\\\/09\\\/13\\\/ministerio-de-justicia-asistio-a-comunidades-indigenas-de-boqueron\\\/#article\",\"isPartOf\":{\"@id\":\"https:\\\/\\\/www.ip.gov.py\\\/ip\\\/2021\\\/09\\\/13\\\/ministerio-de-justicia-asistio-a-comunidades-indigenas-de-boqueron\\\/\"},\"author\":{\"name\":\"Veronica Gimenez\",\"@id\":\"https:\\\/\\\/www.ip.gov.py\\\/ip\\\/#\\\/schema\\\/person\\\/80dabd959b84f4db18b2b1a238d83e30\"},\"headline\":\"Ministerio de Justicia asisti\u00f3 a comunidades ind\u00edgenas de Boquer\u00f3n\",\"datePublished\":\"2021-09-13T18:26:54+00:00\",\"dateModified\":\"2021-09-13T18:32:44+00:00\",\"mainEntityOfPage\":{\"@id\":\"https:\\\/\\\/www.ip.gov.py\\\/ip\\\/2021\\\/09\\\/13\\\/ministerio-de-justicia-asistio-a-comunidades-indigenas-de-boqueron\\\/\"},\"wordCount\":455,\"publisher\":{\"@id\":\"https:\\\/\\\/www.ip.gov.py\\\/ip\\\/#organization\"},\"image\":{\"@id\":\"https:\\\/\\\/www.ip.gov.py\\\/ip\\\/2021\\\/09\\\/13\\\/ministerio-de-justicia-asistio-a-comunidades-indigenas-de-boqueron\\\/#primaryimage\"},\"thumbnailUrl\":\"https:\\\/\\\/www.ip.gov.py\\\/ip\\\/wp-content\\\/uploads\\\/2021\\\/09\\\/WhatsApp-Image-2021-09-10-at-10.04.50.jpeg\",\"keywords\":[\"Boquer\u00f3n\",\"Comunidades ind\u00edgenas\",\"Ministerio de Justicia\"],\"articleSection\":[\"Nacionales\"],\"inLanguage\":\"es\"},{\"@type\":\"WebPage\",\"@id\":\"https:\\\/\\\/www.ip.gov.py\\\/ip\\\/2021\\\/09\\\/13\\\/ministerio-de-justicia-asistio-a-comunidades-indigenas-de-boqueron\\\/\",\"url\":\"https:\\\/\\\/www.ip.gov.py\\\/ip\\\/2021\\\/09\\\/13\\\/ministerio-de-justicia-asistio-a-comunidades-indigenas-de-boqueron\\\/\",\"name\":\"Ministerio de Justicia asisti\u00f3 a comunidades ind\u00edgenas de Boquer\u00f3n - .::Agencia IP::.\",\"isPartOf\":{\"@id\":\"https:\\\/\\\/www.ip.gov.py\\\/ip\\\/#website\"},\"primaryImageOfPage\":{\"@id\":\"https:\\\/\\\/www.ip.gov.py\\\/ip\\\/2021\\\/09\\\/13\\\/ministerio-de-justicia-asistio-a-comunidades-indigenas-de-boqueron\\\/#primaryimage\"},\"image\":{\"@id\":\"https:\\\/\\\/www.ip.gov.py\\\/ip\\\/2021\\\/09\\\/13\\\/ministerio-de-justicia-asistio-a-comunidades-indigenas-de-boqueron\\\/#primaryimage\"},\"thumbnailUrl\":\"https:\\\/\\\/www.ip.gov.py\\\/ip\\\/wp-content\\\/uploads\\\/2021\\\/09\\\/WhatsApp-Image-2021-09-10-at-10.04.50.jpeg\",\"datePublished\":\"2021-09-13T18:26:54+00:00\",\"dateModified\":\"2021-09-13T18:32:44+00:00\",\"breadcrumb\":{\"@id\":\"https:\\\/\\\/www.ip.gov.py\\\/ip\\\/2021\\\/09\\\/13\\\/ministerio-de-justicia-asistio-a-comunidades-indigenas-de-boqueron\\\/#breadcrumb\"},\"inLanguage\":\"es\",\"potentialAction\":[{\"@type\":\"ReadAction\",\"target\":[\"https:\\\/\\\/www.ip.gov.py\\\/ip\\\/2021\\\/09\\\/13\\\/ministerio-de-justicia-asistio-a-comunidades-indigenas-de-boqueron\\\/\"]}]},{\"@type\":\"ImageObject\",\"inLanguage\":\"es\",\"@id\":\"https:\\\/\\\/www.ip.gov.py\\\/ip\\\/2021\\\/09\\\/13\\\/ministerio-de-justicia-asistio-a-comunidades-indigenas-de-boqueron\\\/#primaryimage\",\"url\":\"https:\\\/\\\/www.ip.gov.py\\\/ip\\\/wp-content\\\/uploads\\\/2021\\\/09\\\/WhatsApp-Image-2021-09-10-at-10.04.50.jpeg\",\"contentUrl\":\"https:\\\/\\\/www.ip.gov.py\\\/ip\\\/wp-content\\\/uploads\\\/2021\\\/09\\\/WhatsApp-Image-2021-09-10-at-10.04.50.jpeg\",\"width\":682,\"height\":447,\"caption\":\"Pobladores de las comunidades accedieron a servicios de varias instituciones p\u00fablicas. Foto: MJ\"},{\"@type\":\"BreadcrumbList\",\"@id\":\"https:\\\/\\\/www.ip.gov.py\\\/ip\\\/2021\\\/09\\\/13\\\/ministerio-de-justicia-asistio-a-comunidades-indigenas-de-boqueron\\\/#breadcrumb\",\"itemListElement\":[{\"@type\":\"ListItem\",\"position\":1,\"name\":\"Portada\",\"item\":\"https:\\\/\\\/www.ip.gov.py\\\/ip\\\/\"},{\"@type\":\"ListItem\",\"position\":2,\"name\":\"Ministerio de Justicia asisti\u00f3 a comunidades ind\u00edgenas de Boquer\u00f3n\"}]},{\"@type\":\"WebSite\",\"@id\":\"https:\\\/\\\/www.ip.gov.py\\\/ip\\\/#website\",\"url\":\"https:\\\/\\\/www.ip.gov.py\\\/ip\\\/\",\"name\":\".::Agencia IP::.\",\"description\":\"\",\"publisher\":{\"@id\":\"https:\\\/\\\/www.ip.gov.py\\\/ip\\\/#organization\"},\"potentialAction\":[{\"@type\":\"SearchAction\",\"target\":{\"@type\":\"EntryPoint\",\"urlTemplate\":\"https:\\\/\\\/www.ip.gov.py\\\/ip\\\/?s={search_term_string}\"},\"query-input\":{\"@type\":\"PropertyValueSpecification\",\"valueRequired\":true,\"valueName\":\"search_term_string\"}}],\"inLanguage\":\"es\"},{\"@type\":\"Organization\",\"@id\":\"https:\\\/\\\/www.ip.gov.py\\\/ip\\\/#organization\",\"name\":\"Agencia IP\",\"url\":\"https:\\\/\\\/www.ip.gov.py\\\/ip\\\/\",\"logo\":{\"@type\":\"ImageObject\",\"inLanguage\":\"es\",\"@id\":\"https:\\\/\\\/www.ip.gov.py\\\/ip\\\/#\\\/schema\\\/logo\\\/image\\\/\",\"url\":\"https:\\\/\\\/www.ip.gov.py\\\/ip\\\/wp-content\\\/uploads\\\/2018\\\/01\\\/Agencia-IP.jpg\",\"contentUrl\":\"https:\\\/\\\/www.ip.gov.py\\\/ip\\\/wp-content\\\/uploads\\\/2018\\\/01\\\/Agencia-IP.jpg\",\"width\":150,\"height\":150,\"caption\":\"Agencia IP\"},\"image\":{\"@id\":\"https:\\\/\\\/www.ip.gov.py\\\/ip\\\/#\\\/schema\\\/logo\\\/image\\\/\"},\"sameAs\":[\"https:\\\/\\\/www.facebook.com\\\/IPParaguay\\\/\",\"https:\\\/\\\/x.com\\\/IPParaguay\",\"https:\\\/\\\/www.instagram.com\\\/IPParaguay\"]},{\"@type\":\"Person\",\"@id\":\"https:\\\/\\\/www.ip.gov.py\\\/ip\\\/#\\\/schema\\\/person\\\/80dabd959b84f4db18b2b1a238d83e30\",\"name\":\"Veronica Gimenez\",\"url\":\"https:\\\/\\\/www.ip.gov.py\\\/ip\\\/author\\\/vgimenez\\\/\"}]}<\/script>\n<!-- \/ Yoast SEO plugin. -->","yoast_head_json":{"title":"Ministerio de Justicia asisti\u00f3 a comunidades ind\u00edgenas de Boquer\u00f3n - .::Agencia IP::.","robots":{"index":"index","follow":"follow","max-snippet":"max-snippet:-1","max-image-preview":"max-image-preview:large","max-video-preview":"max-video-preview:-1"},"canonical":"https:\/\/www.ip.gov.py\/ip\/2021\/09\/13\/ministerio-de-justicia-asistio-a-comunidades-indigenas-de-boqueron\/","og_locale":"es_ES","og_type":"article","og_title":"Ministerio de Justicia asisti\u00f3 a comunidades ind\u00edgenas de Boquer\u00f3n - .::Agencia IP::.","og_description":"Asunci\u00f3n, Agencia IP.- El Ministerio de Justicia brind\u00f3 asistencia a las comunidades ind\u00edgenas del departamento de Boquer\u00f3n a trav\u00e9s del programa nacional \u201cCasas de Justicia M\u00f3vil\u201d.","og_url":"https:\/\/www.ip.gov.py\/ip\/2021\/09\/13\/ministerio-de-justicia-asistio-a-comunidades-indigenas-de-boqueron\/","og_site_name":".::Agencia IP::.","article_publisher":"https:\/\/www.facebook.com\/IPParaguay\/","article_published_time":"2021-09-13T18:26:54+00:00","article_modified_time":"2021-09-13T18:32:44+00:00","og_image":[{"width":682,"height":447,"url":"https:\/\/www.ip.gov.py\/ip\/wp-content\/uploads\/2021\/09\/WhatsApp-Image-2021-09-10-at-10.04.50.jpeg","type":"image\/jpeg"}],"author":"Veronica Gimenez","twitter_card":"summary_large_image","twitter_creator":"@IPParaguay","twitter_site":"@IPParaguay","twitter_misc":{"Escrito por":"Veronica Gimenez","Tiempo de lectura":"2 minutos"},"schema":{"@context":"https:\/\/schema.org","@graph":[{"@type":"Article","@id":"https:\/\/www.ip.gov.py\/ip\/2021\/09\/13\/ministerio-de-justicia-asistio-a-comunidades-indigenas-de-boqueron\/#article","isPartOf":{"@id":"https:\/\/www.ip.gov.py\/ip\/2021\/09\/13\/ministerio-de-justicia-asistio-a-comunidades-indigenas-de-boqueron\/"},"author":{"name":"Veronica Gimenez","@id":"https:\/\/www.ip.gov.py\/ip\/#\/schema\/person\/80dabd959b84f4db18b2b1a238d83e30"},"headline":"Ministerio de Justicia asisti\u00f3 a comunidades ind\u00edgenas de Boquer\u00f3n","datePublished":"2021-09-13T18:26:54+00:00","dateModified":"2021-09-13T18:32:44+00:00","mainEntityOfPage":{"@id":"https:\/\/www.ip.gov.py\/ip\/2021\/09\/13\/ministerio-de-justicia-asistio-a-comunidades-indigenas-de-boqueron\/"},"wordCount":455,"publisher":{"@id":"https:\/\/www.ip.gov.py\/ip\/#organization"},"image":{"@id":"https:\/\/www.ip.gov.py\/ip\/2021\/09\/13\/ministerio-de-justicia-asistio-a-comunidades-indigenas-de-boqueron\/#primaryimage"},"thumbnailUrl":"https:\/\/www.ip.gov.py\/ip\/wp-content\/uploads\/2021\/09\/WhatsApp-Image-2021-09-10-at-10.04.50.jpeg","keywords":["Boquer\u00f3n","Comunidades ind\u00edgenas","Ministerio de Justicia"],"articleSection":["Nacionales"],"inLanguage":"es"},{"@type":"WebPage","@id":"https:\/\/www.ip.gov.py\/ip\/2021\/09\/13\/ministerio-de-justicia-asistio-a-comunidades-indigenas-de-boqueron\/","url":"https:\/\/www.ip.gov.py\/ip\/2021\/09\/13\/ministerio-de-justicia-asistio-a-comunidades-indigenas-de-boqueron\/","name":"Ministerio de Justicia asisti\u00f3 a comunidades ind\u00edgenas de Boquer\u00f3n - .::Agencia IP::.","isPartOf":{"@id":"https:\/\/www.ip.gov.py\/ip\/#website"},"primaryImageOfPage":{"@id":"https:\/\/www.ip.gov.py\/ip\/2021\/09\/13\/ministerio-de-justicia-asistio-a-comunidades-indigenas-de-boqueron\/#primaryimage"},"image":{"@id":"https:\/\/www.ip.gov.py\/ip\/2021\/09\/13\/ministerio-de-justicia-asistio-a-comunidades-indigenas-de-boqueron\/#primaryimage"},"thumbnailUrl":"https:\/\/www.ip.gov.py\/ip\/wp-content\/uploads\/2021\/09\/WhatsApp-Image-2021-09-10-at-10.04.50.jpeg","datePublished":"2021-09-13T18:26:54+00:00","dateModified":"2021-09-13T18:32:44+00:00","breadcrumb":{"@id":"https:\/\/www.ip.gov.py\/ip\/2021\/09\/13\/ministerio-de-justicia-asistio-a-comunidades-indigenas-de-boqueron\/#breadcrumb"},"inLanguage":"es","potentialAction":[{"@type":"ReadAction","target":["https:\/\/www.ip.gov.py\/ip\/2021\/09\/13\/ministerio-de-justicia-asistio-a-comunidades-indigenas-de-boqueron\/"]}]},{"@type":"ImageObject","inLanguage":"es","@id":"https:\/\/www.ip.gov.py\/ip\/2021\/09\/13\/ministerio-de-justicia-asistio-a-comunidades-indigenas-de-boqueron\/#primaryimage","url":"https:\/\/www.ip.gov.py\/ip\/wp-content\/uploads\/2021\/09\/WhatsApp-Image-2021-09-10-at-10.04.50.jpeg","contentUrl":"https:\/\/www.ip.gov.py\/ip\/wp-content\/uploads\/2021\/09\/WhatsApp-Image-2021-09-10-at-10.04.50.jpeg","width":682,"height":447,"caption":"Pobladores de las comunidades accedieron a servicios de varias instituciones p\u00fablicas. Foto: MJ"},{"@type":"BreadcrumbList","@id":"https:\/\/www.ip.gov.py\/ip\/2021\/09\/13\/ministerio-de-justicia-asistio-a-comunidades-indigenas-de-boqueron\/#breadcrumb","itemListElement":[{"@type":"ListItem","position":1,"name":"Portada","item":"https:\/\/www.ip.gov.py\/ip\/"},{"@type":"ListItem","position":2,"name":"Ministerio de Justicia asisti\u00f3 a comunidades ind\u00edgenas de Boquer\u00f3n"}]},{"@type":"WebSite","@id":"https:\/\/www.ip.gov.py\/ip\/#website","url":"https:\/\/www.ip.gov.py\/ip\/","name":".::Agencia IP::.","description":"","publisher":{"@id":"https:\/\/www.ip.gov.py\/ip\/#organization"},"potentialAction":[{"@type":"SearchAction","target":{"@type":"EntryPoint","urlTemplate":"https:\/\/www.ip.gov.py\/ip\/?s={search_term_string}"},"query-input":{"@type":"PropertyValueSpecification","valueRequired":true,"valueName":"search_term_string"}}],"inLanguage":"es"},{"@type":"Organization","@id":"https:\/\/www.ip.gov.py\/ip\/#organization","name":"Agencia IP","url":"https:\/\/www.ip.gov.py\/ip\/","logo":{"@type":"ImageObject","inLanguage":"es","@id":"https:\/\/www.ip.gov.py\/ip\/#\/schema\/logo\/image\/","url":"https:\/\/www.ip.gov.py\/ip\/wp-content\/uploads\/2018\/01\/Agencia-IP.jpg","contentUrl":"https:\/\/www.ip.gov.py\/ip\/wp-content\/uploads\/2018\/01\/Agencia-IP.jpg","width":150,"height":150,"caption":"Agencia IP"},"image":{"@id":"https:\/\/www.ip.gov.py\/ip\/#\/schema\/logo\/image\/"},"sameAs":["https:\/\/www.facebook.com\/IPParaguay\/","https:\/\/x.com\/IPParaguay","https:\/\/www.instagram.com\/IPParaguay"]},{"@type":"Person","@id":"https:\/\/www.ip.gov.py\/ip\/#\/schema\/person\/80dabd959b84f4db18b2b1a238d83e30","name":"Veronica Gimenez","url":"https:\/\/www.ip.gov.py\/ip\/author\/vgimenez\/"}]}},"_links":{"self":[{"href":"https:\/\/www.ip.gov.py\/ip\/wp-json\/wp\/v2\/posts\/384277","targetHints":{"allow":["GET"]}}],"collection":[{"href":"https:\/\/www.ip.gov.py\/ip\/wp-json\/wp\/v2\/posts"}],"about":[{"href":"https:\/\/www.ip.gov.py\/ip\/wp-json\/wp\/v2\/types\/post"}],"author":[{"embeddable":true,"href":"https:\/\/www.ip.gov.py\/ip\/wp-json\/wp\/v2\/users\/31"}],"replies":[{"embeddable":true,"href":"https:\/\/www.ip.gov.py\/ip\/wp-json\/wp\/v2\/comments?post=384277"}],"version-history":[{"count":0,"href":"https:\/\/www.ip.gov.py\/ip\/wp-json\/wp\/v2\/posts\/384277\/revisions"}],"wp:featuredmedia":[{"embeddable":true,"href":"https:\/\/www.ip.gov.py\/ip\/wp-json\/wp\/v2\/media\/384284"}],"wp:attachment":[{"href":"https:\/\/www.ip.gov.py\/ip\/wp-json\/wp\/v2\/media?parent=384277"}],"wp:term":[{"taxonomy":"category","embeddable":true,"href":"https:\/\/www.ip.gov.py\/ip\/wp-json\/wp\/v2\/categories?post=384277"},{"taxonomy":"post_tag","embeddable":true,"href":"https:\/\/www.ip.gov.py\/ip\/wp-json\/wp\/v2\/tags?post=384277"}],"curies":[{"name":"wp","href":"https:\/\/api.w.org\/{rel}","templated":true}]}}