{"id":384786,"date":"2021-09-17T08:17:12","date_gmt":"2021-09-17T12:17:12","guid":{"rendered":"https:\/\/www.ip.gov.py\/ip\/?p=384786"},"modified":"2021-09-17T08:17:12","modified_gmt":"2021-09-17T12:17:12","slug":"reunion-extraordinaria-del-g20-para-tratar-la-crisis-en-afganistan","status":"publish","type":"post","link":"https:\/\/www.ip.gov.py\/ip\/2021\/09\/17\/reunion-extraordinaria-del-g20-para-tratar-la-crisis-en-afganistan\/","title":{"rendered":"Reuni\u00f3n \u00abextraordinaria\u00bb del G20 para tratar la crisis en Afganist\u00e1n"},"content":{"rendered":"<p style=\"text-align: justify;\"><em><strong>Roma.-<\/strong><\/em>El canciller italiano Luigi Di Maio afirm\u00f3 este viernes que habr\u00e1 una reuni\u00f3n \u00abextraordinaria\u00bb de los pa\u00edses del G20 para tratar la crisis en Afganist\u00e1n originada por la salida de Estados Unidos tras 20 a\u00f1os de ocupaci\u00f3n.<!--more--><\/p>\n<p style=\"text-align: justify;\">\u00abEl G20 extraordinario sobre Afganist\u00e1n se har\u00e1 tras la Asamblea General de las Naciones Unidas a la que ir\u00e9 la semana pr\u00f3xima\u00bb, plante\u00f3 Di Maio en declaraciones al diario Repubblica, en referencia al encuentro que se har\u00e1 en Nueva York.<\/p>\n<p style=\"text-align: justify;\">Seg\u00fan Di Maio, \u00abal margen de la Asamblea de Naciones Unidas habr\u00e1 un encuentro de ministros de Exteriores para preparar la cumbre extraordinaria de l\u00edderes\u00bb, a\u00fan sin fecha.<\/p>\n<p style=\"text-align: justify;\">Por el momento, la \u00fanica cumbre de jefes de Estado y de Gobierno del G20 confirmada es la que se har\u00e1 en Roma el 30 y 31 de octubre, y que marcar\u00e1 el fin de la presidencia italiana del grupo que tambi\u00e9n integra la Argentina.T\u00e9lam.<\/p>\n","protected":false},"excerpt":{"rendered":"<p>Roma.-El canciller italiano Luigi Di Maio afirm\u00f3 este viernes que habr\u00e1 una reuni\u00f3n \u00abextraordinaria\u00bb de los pa\u00edses del G20 para tratar la crisis en Afganist\u00e1n originada por la salida de Estados Unidos tras 20 a\u00f1os de ocupaci\u00f3n.<\/p>\n","protected":false},"author":11,"featured_media":384789,"comment_status":"closed","ping_status":"closed","sticky":false,"template":"","format":"standard","meta":{"_monsterinsights_skip_tracking":false,"_monsterinsights_sitenote_active":false,"_monsterinsights_sitenote_note":"","_monsterinsights_sitenote_category":0,"footnotes":""},"categories":[5],"tags":[6330,3612,4247,3826,641],"class_list":{"0":"post-384786","1":"post","2":"type-post","3":"status-publish","4":"format-standard","5":"has-post-thumbnail","7":"category-internacionales","8":"tag-afganistan","9":"tag-crisis","10":"tag-cumbre","11":"tag-g20","12":"tag-reunion"},"yoast_head":"<!-- This site is optimized with the Yoast SEO plugin v27.5 - https:\/\/yoast.com\/product\/yoast-seo-wordpress\/ -->\n<title>Reuni\u00f3n &quot;extraordinaria&quot; del G20 para tratar la crisis en Afganist\u00e1n - .::Agencia IP::.<\/title>\n<meta name=\"robots\" content=\"index, follow, max-snippet:-1, max-image-preview:large, max-video-preview:-1\" \/>\n<link rel=\"canonical\" href=\"https:\/\/www.ip.gov.py\/ip\/2021\/09\/17\/reunion-extraordinaria-del-g20-para-tratar-la-crisis-en-afganistan\/\" \/>\n<meta property=\"og:locale\" content=\"es_ES\" \/>\n<meta property=\"og:type\" content=\"article\" \/>\n<meta property=\"og:title\" content=\"Reuni\u00f3n &quot;extraordinaria&quot; del G20 para tratar la crisis en Afganist\u00e1n - .::Agencia IP::.\" \/>\n<meta property=\"og:description\" content=\"Roma.-El canciller italiano Luigi Di Maio afirm\u00f3 este viernes que habr\u00e1 una reuni\u00f3n \u00abextraordinaria\u00bb de los pa\u00edses del G20 para tratar la crisis en Afganist\u00e1n originada por la salida de Estados Unidos tras 20 a\u00f1os de ocupaci\u00f3n.\" \/>\n<meta property=\"og:url\" content=\"https:\/\/www.ip.gov.py\/ip\/2021\/09\/17\/reunion-extraordinaria-del-g20-para-tratar-la-crisis-en-afganistan\/\" \/>\n<meta property=\"og:site_name\" content=\".::Agencia IP::.\" \/>\n<meta property=\"article:publisher\" content=\"https:\/\/www.facebook.com\/IPParaguay\/\" \/>\n<meta property=\"article:published_time\" content=\"2021-09-17T12:17:12+00:00\" \/>\n<meta property=\"og:image\" content=\"https:\/\/www.ip.gov.py\/ip\/wp-content\/uploads\/2021\/09\/Italia-3.jpg\" \/>\n\t<meta property=\"og:image:width\" content=\"1004\" \/>\n\t<meta property=\"og:image:height\" content=\"565\" \/>\n\t<meta property=\"og:image:type\" content=\"image\/jpeg\" \/>\n<meta name=\"author\" content=\"vrios\" \/>\n<meta name=\"twitter:card\" content=\"summary_large_image\" \/>\n<meta name=\"twitter:creator\" content=\"@IPParaguay\" \/>\n<meta name=\"twitter:site\" content=\"@IPParaguay\" \/>\n<meta name=\"twitter:label1\" content=\"Escrito por\" \/>\n\t<meta name=\"twitter:data1\" content=\"vrios\" \/>\n\t<meta name=\"twitter:label2\" content=\"Tiempo de lectura\" \/>\n\t<meta name=\"twitter:data2\" content=\"1 minuto\" \/>\n<script type=\"application\/ld+json\" class=\"yoast-schema-graph\">{\"@context\":\"https:\\\/\\\/schema.org\",\"@graph\":[{\"@type\":\"Article\",\"@id\":\"https:\\\/\\\/www.ip.gov.py\\\/ip\\\/2021\\\/09\\\/17\\\/reunion-extraordinaria-del-g20-para-tratar-la-crisis-en-afganistan\\\/#article\",\"isPartOf\":{\"@id\":\"https:\\\/\\\/www.ip.gov.py\\\/ip\\\/2021\\\/09\\\/17\\\/reunion-extraordinaria-del-g20-para-tratar-la-crisis-en-afganistan\\\/\"},\"author\":{\"name\":\"vrios\",\"@id\":\"https:\\\/\\\/www.ip.gov.py\\\/ip\\\/#\\\/schema\\\/person\\\/fa3668852e893cb0423795330f919039\"},\"headline\":\"Reuni\u00f3n \u00abextraordinaria\u00bb del G20 para tratar la crisis en Afganist\u00e1n\",\"datePublished\":\"2021-09-17T12:17:12+00:00\",\"mainEntityOfPage\":{\"@id\":\"https:\\\/\\\/www.ip.gov.py\\\/ip\\\/2021\\\/09\\\/17\\\/reunion-extraordinaria-del-g20-para-tratar-la-crisis-en-afganistan\\\/\"},\"wordCount\":174,\"publisher\":{\"@id\":\"https:\\\/\\\/www.ip.gov.py\\\/ip\\\/#organization\"},\"image\":{\"@id\":\"https:\\\/\\\/www.ip.gov.py\\\/ip\\\/2021\\\/09\\\/17\\\/reunion-extraordinaria-del-g20-para-tratar-la-crisis-en-afganistan\\\/#primaryimage\"},\"thumbnailUrl\":\"https:\\\/\\\/www.ip.gov.py\\\/ip\\\/wp-content\\\/uploads\\\/2021\\\/09\\\/Italia-3.jpg\",\"keywords\":[\"Afganistan\",\"Crisis\",\"Cumbre\",\"G20\",\"Reuni\u00f3n\"],\"articleSection\":[\"Internacionales\"],\"inLanguage\":\"es\"},{\"@type\":\"WebPage\",\"@id\":\"https:\\\/\\\/www.ip.gov.py\\\/ip\\\/2021\\\/09\\\/17\\\/reunion-extraordinaria-del-g20-para-tratar-la-crisis-en-afganistan\\\/\",\"url\":\"https:\\\/\\\/www.ip.gov.py\\\/ip\\\/2021\\\/09\\\/17\\\/reunion-extraordinaria-del-g20-para-tratar-la-crisis-en-afganistan\\\/\",\"name\":\"Reuni\u00f3n \\\"extraordinaria\\\" del G20 para tratar la crisis en Afganist\u00e1n - .::Agencia IP::.\",\"isPartOf\":{\"@id\":\"https:\\\/\\\/www.ip.gov.py\\\/ip\\\/#website\"},\"primaryImageOfPage\":{\"@id\":\"https:\\\/\\\/www.ip.gov.py\\\/ip\\\/2021\\\/09\\\/17\\\/reunion-extraordinaria-del-g20-para-tratar-la-crisis-en-afganistan\\\/#primaryimage\"},\"image\":{\"@id\":\"https:\\\/\\\/www.ip.gov.py\\\/ip\\\/2021\\\/09\\\/17\\\/reunion-extraordinaria-del-g20-para-tratar-la-crisis-en-afganistan\\\/#primaryimage\"},\"thumbnailUrl\":\"https:\\\/\\\/www.ip.gov.py\\\/ip\\\/wp-content\\\/uploads\\\/2021\\\/09\\\/Italia-3.jpg\",\"datePublished\":\"2021-09-17T12:17:12+00:00\",\"breadcrumb\":{\"@id\":\"https:\\\/\\\/www.ip.gov.py\\\/ip\\\/2021\\\/09\\\/17\\\/reunion-extraordinaria-del-g20-para-tratar-la-crisis-en-afganistan\\\/#breadcrumb\"},\"inLanguage\":\"es\",\"potentialAction\":[{\"@type\":\"ReadAction\",\"target\":[\"https:\\\/\\\/www.ip.gov.py\\\/ip\\\/2021\\\/09\\\/17\\\/reunion-extraordinaria-del-g20-para-tratar-la-crisis-en-afganistan\\\/\"]}]},{\"@type\":\"ImageObject\",\"inLanguage\":\"es\",\"@id\":\"https:\\\/\\\/www.ip.gov.py\\\/ip\\\/2021\\\/09\\\/17\\\/reunion-extraordinaria-del-g20-para-tratar-la-crisis-en-afganistan\\\/#primaryimage\",\"url\":\"https:\\\/\\\/www.ip.gov.py\\\/ip\\\/wp-content\\\/uploads\\\/2021\\\/09\\\/Italia-3.jpg\",\"contentUrl\":\"https:\\\/\\\/www.ip.gov.py\\\/ip\\\/wp-content\\\/uploads\\\/2021\\\/09\\\/Italia-3.jpg\",\"width\":1004,\"height\":565,\"caption\":\"T\u00e9lam\"},{\"@type\":\"BreadcrumbList\",\"@id\":\"https:\\\/\\\/www.ip.gov.py\\\/ip\\\/2021\\\/09\\\/17\\\/reunion-extraordinaria-del-g20-para-tratar-la-crisis-en-afganistan\\\/#breadcrumb\",\"itemListElement\":[{\"@type\":\"ListItem\",\"position\":1,\"name\":\"Portada\",\"item\":\"https:\\\/\\\/www.ip.gov.py\\\/ip\\\/\"},{\"@type\":\"ListItem\",\"position\":2,\"name\":\"Reuni\u00f3n \u00abextraordinaria\u00bb del G20 para tratar la crisis en Afganist\u00e1n\"}]},{\"@type\":\"WebSite\",\"@id\":\"https:\\\/\\\/www.ip.gov.py\\\/ip\\\/#website\",\"url\":\"https:\\\/\\\/www.ip.gov.py\\\/ip\\\/\",\"name\":\".::Agencia IP::.\",\"description\":\"\",\"publisher\":{\"@id\":\"https:\\\/\\\/www.ip.gov.py\\\/ip\\\/#organization\"},\"potentialAction\":[{\"@type\":\"SearchAction\",\"target\":{\"@type\":\"EntryPoint\",\"urlTemplate\":\"https:\\\/\\\/www.ip.gov.py\\\/ip\\\/?s={search_term_string}\"},\"query-input\":{\"@type\":\"PropertyValueSpecification\",\"valueRequired\":true,\"valueName\":\"search_term_string\"}}],\"inLanguage\":\"es\"},{\"@type\":\"Organization\",\"@id\":\"https:\\\/\\\/www.ip.gov.py\\\/ip\\\/#organization\",\"name\":\"Agencia IP\",\"url\":\"https:\\\/\\\/www.ip.gov.py\\\/ip\\\/\",\"logo\":{\"@type\":\"ImageObject\",\"inLanguage\":\"es\",\"@id\":\"https:\\\/\\\/www.ip.gov.py\\\/ip\\\/#\\\/schema\\\/logo\\\/image\\\/\",\"url\":\"https:\\\/\\\/www.ip.gov.py\\\/ip\\\/wp-content\\\/uploads\\\/2018\\\/01\\\/Agencia-IP.jpg\",\"contentUrl\":\"https:\\\/\\\/www.ip.gov.py\\\/ip\\\/wp-content\\\/uploads\\\/2018\\\/01\\\/Agencia-IP.jpg\",\"width\":150,\"height\":150,\"caption\":\"Agencia IP\"},\"image\":{\"@id\":\"https:\\\/\\\/www.ip.gov.py\\\/ip\\\/#\\\/schema\\\/logo\\\/image\\\/\"},\"sameAs\":[\"https:\\\/\\\/www.facebook.com\\\/IPParaguay\\\/\",\"https:\\\/\\\/x.com\\\/IPParaguay\",\"https:\\\/\\\/www.instagram.com\\\/IPParaguay\"]},{\"@type\":\"Person\",\"@id\":\"https:\\\/\\\/www.ip.gov.py\\\/ip\\\/#\\\/schema\\\/person\\\/fa3668852e893cb0423795330f919039\",\"name\":\"vrios\",\"url\":\"https:\\\/\\\/www.ip.gov.py\\\/ip\\\/author\\\/vrios\\\/\"}]}<\/script>\n<!-- \/ Yoast SEO plugin. -->","yoast_head_json":{"title":"Reuni\u00f3n \"extraordinaria\" del G20 para tratar la crisis en Afganist\u00e1n - .::Agencia IP::.","robots":{"index":"index","follow":"follow","max-snippet":"max-snippet:-1","max-image-preview":"max-image-preview:large","max-video-preview":"max-video-preview:-1"},"canonical":"https:\/\/www.ip.gov.py\/ip\/2021\/09\/17\/reunion-extraordinaria-del-g20-para-tratar-la-crisis-en-afganistan\/","og_locale":"es_ES","og_type":"article","og_title":"Reuni\u00f3n \"extraordinaria\" del G20 para tratar la crisis en Afganist\u00e1n - .::Agencia IP::.","og_description":"Roma.-El canciller italiano Luigi Di Maio afirm\u00f3 este viernes que habr\u00e1 una reuni\u00f3n \u00abextraordinaria\u00bb de los pa\u00edses del G20 para tratar la crisis en Afganist\u00e1n originada por la salida de Estados Unidos tras 20 a\u00f1os de ocupaci\u00f3n.","og_url":"https:\/\/www.ip.gov.py\/ip\/2021\/09\/17\/reunion-extraordinaria-del-g20-para-tratar-la-crisis-en-afganistan\/","og_site_name":".::Agencia IP::.","article_publisher":"https:\/\/www.facebook.com\/IPParaguay\/","article_published_time":"2021-09-17T12:17:12+00:00","og_image":[{"width":1004,"height":565,"url":"https:\/\/www.ip.gov.py\/ip\/wp-content\/uploads\/2021\/09\/Italia-3.jpg","type":"image\/jpeg"}],"author":"vrios","twitter_card":"summary_large_image","twitter_creator":"@IPParaguay","twitter_site":"@IPParaguay","twitter_misc":{"Escrito por":"vrios","Tiempo de lectura":"1 minuto"},"schema":{"@context":"https:\/\/schema.org","@graph":[{"@type":"Article","@id":"https:\/\/www.ip.gov.py\/ip\/2021\/09\/17\/reunion-extraordinaria-del-g20-para-tratar-la-crisis-en-afganistan\/#article","isPartOf":{"@id":"https:\/\/www.ip.gov.py\/ip\/2021\/09\/17\/reunion-extraordinaria-del-g20-para-tratar-la-crisis-en-afganistan\/"},"author":{"name":"vrios","@id":"https:\/\/www.ip.gov.py\/ip\/#\/schema\/person\/fa3668852e893cb0423795330f919039"},"headline":"Reuni\u00f3n \u00abextraordinaria\u00bb del G20 para tratar la crisis en Afganist\u00e1n","datePublished":"2021-09-17T12:17:12+00:00","mainEntityOfPage":{"@id":"https:\/\/www.ip.gov.py\/ip\/2021\/09\/17\/reunion-extraordinaria-del-g20-para-tratar-la-crisis-en-afganistan\/"},"wordCount":174,"publisher":{"@id":"https:\/\/www.ip.gov.py\/ip\/#organization"},"image":{"@id":"https:\/\/www.ip.gov.py\/ip\/2021\/09\/17\/reunion-extraordinaria-del-g20-para-tratar-la-crisis-en-afganistan\/#primaryimage"},"thumbnailUrl":"https:\/\/www.ip.gov.py\/ip\/wp-content\/uploads\/2021\/09\/Italia-3.jpg","keywords":["Afganistan","Crisis","Cumbre","G20","Reuni\u00f3n"],"articleSection":["Internacionales"],"inLanguage":"es"},{"@type":"WebPage","@id":"https:\/\/www.ip.gov.py\/ip\/2021\/09\/17\/reunion-extraordinaria-del-g20-para-tratar-la-crisis-en-afganistan\/","url":"https:\/\/www.ip.gov.py\/ip\/2021\/09\/17\/reunion-extraordinaria-del-g20-para-tratar-la-crisis-en-afganistan\/","name":"Reuni\u00f3n \"extraordinaria\" del G20 para tratar la crisis en Afganist\u00e1n - .::Agencia IP::.","isPartOf":{"@id":"https:\/\/www.ip.gov.py\/ip\/#website"},"primaryImageOfPage":{"@id":"https:\/\/www.ip.gov.py\/ip\/2021\/09\/17\/reunion-extraordinaria-del-g20-para-tratar-la-crisis-en-afganistan\/#primaryimage"},"image":{"@id":"https:\/\/www.ip.gov.py\/ip\/2021\/09\/17\/reunion-extraordinaria-del-g20-para-tratar-la-crisis-en-afganistan\/#primaryimage"},"thumbnailUrl":"https:\/\/www.ip.gov.py\/ip\/wp-content\/uploads\/2021\/09\/Italia-3.jpg","datePublished":"2021-09-17T12:17:12+00:00","breadcrumb":{"@id":"https:\/\/www.ip.gov.py\/ip\/2021\/09\/17\/reunion-extraordinaria-del-g20-para-tratar-la-crisis-en-afganistan\/#breadcrumb"},"inLanguage":"es","potentialAction":[{"@type":"ReadAction","target":["https:\/\/www.ip.gov.py\/ip\/2021\/09\/17\/reunion-extraordinaria-del-g20-para-tratar-la-crisis-en-afganistan\/"]}]},{"@type":"ImageObject","inLanguage":"es","@id":"https:\/\/www.ip.gov.py\/ip\/2021\/09\/17\/reunion-extraordinaria-del-g20-para-tratar-la-crisis-en-afganistan\/#primaryimage","url":"https:\/\/www.ip.gov.py\/ip\/wp-content\/uploads\/2021\/09\/Italia-3.jpg","contentUrl":"https:\/\/www.ip.gov.py\/ip\/wp-content\/uploads\/2021\/09\/Italia-3.jpg","width":1004,"height":565,"caption":"T\u00e9lam"},{"@type":"BreadcrumbList","@id":"https:\/\/www.ip.gov.py\/ip\/2021\/09\/17\/reunion-extraordinaria-del-g20-para-tratar-la-crisis-en-afganistan\/#breadcrumb","itemListElement":[{"@type":"ListItem","position":1,"name":"Portada","item":"https:\/\/www.ip.gov.py\/ip\/"},{"@type":"ListItem","position":2,"name":"Reuni\u00f3n \u00abextraordinaria\u00bb del G20 para tratar la crisis en Afganist\u00e1n"}]},{"@type":"WebSite","@id":"https:\/\/www.ip.gov.py\/ip\/#website","url":"https:\/\/www.ip.gov.py\/ip\/","name":".::Agencia IP::.","description":"","publisher":{"@id":"https:\/\/www.ip.gov.py\/ip\/#organization"},"potentialAction":[{"@type":"SearchAction","target":{"@type":"EntryPoint","urlTemplate":"https:\/\/www.ip.gov.py\/ip\/?s={search_term_string}"},"query-input":{"@type":"PropertyValueSpecification","valueRequired":true,"valueName":"search_term_string"}}],"inLanguage":"es"},{"@type":"Organization","@id":"https:\/\/www.ip.gov.py\/ip\/#organization","name":"Agencia IP","url":"https:\/\/www.ip.gov.py\/ip\/","logo":{"@type":"ImageObject","inLanguage":"es","@id":"https:\/\/www.ip.gov.py\/ip\/#\/schema\/logo\/image\/","url":"https:\/\/www.ip.gov.py\/ip\/wp-content\/uploads\/2018\/01\/Agencia-IP.jpg","contentUrl":"https:\/\/www.ip.gov.py\/ip\/wp-content\/uploads\/2018\/01\/Agencia-IP.jpg","width":150,"height":150,"caption":"Agencia IP"},"image":{"@id":"https:\/\/www.ip.gov.py\/ip\/#\/schema\/logo\/image\/"},"sameAs":["https:\/\/www.facebook.com\/IPParaguay\/","https:\/\/x.com\/IPParaguay","https:\/\/www.instagram.com\/IPParaguay"]},{"@type":"Person","@id":"https:\/\/www.ip.gov.py\/ip\/#\/schema\/person\/fa3668852e893cb0423795330f919039","name":"vrios","url":"https:\/\/www.ip.gov.py\/ip\/author\/vrios\/"}]}},"_links":{"self":[{"href":"https:\/\/www.ip.gov.py\/ip\/wp-json\/wp\/v2\/posts\/384786","targetHints":{"allow":["GET"]}}],"collection":[{"href":"https:\/\/www.ip.gov.py\/ip\/wp-json\/wp\/v2\/posts"}],"about":[{"href":"https:\/\/www.ip.gov.py\/ip\/wp-json\/wp\/v2\/types\/post"}],"author":[{"embeddable":true,"href":"https:\/\/www.ip.gov.py\/ip\/wp-json\/wp\/v2\/users\/11"}],"replies":[{"embeddable":true,"href":"https:\/\/www.ip.gov.py\/ip\/wp-json\/wp\/v2\/comments?post=384786"}],"version-history":[{"count":0,"href":"https:\/\/www.ip.gov.py\/ip\/wp-json\/wp\/v2\/posts\/384786\/revisions"}],"wp:featuredmedia":[{"embeddable":true,"href":"https:\/\/www.ip.gov.py\/ip\/wp-json\/wp\/v2\/media\/384789"}],"wp:attachment":[{"href":"https:\/\/www.ip.gov.py\/ip\/wp-json\/wp\/v2\/media?parent=384786"}],"wp:term":[{"taxonomy":"category","embeddable":true,"href":"https:\/\/www.ip.gov.py\/ip\/wp-json\/wp\/v2\/categories?post=384786"},{"taxonomy":"post_tag","embeddable":true,"href":"https:\/\/www.ip.gov.py\/ip\/wp-json\/wp\/v2\/tags?post=384786"}],"curies":[{"name":"wp","href":"https:\/\/api.w.org\/{rel}","templated":true}]}}