{"id":384933,"date":"2021-09-18T16:35:33","date_gmt":"2021-09-18T20:35:33","guid":{"rendered":"https:\/\/www.ip.gov.py\/ip\/?p=384933"},"modified":"2021-09-18T14:08:24","modified_gmt":"2021-09-18T18:08:24","slug":"horticultores-de-ayolas-reciben-capacitacion-en-manejo-de-cultivos-en-invernadero","status":"publish","type":"post","link":"https:\/\/www.ip.gov.py\/ip\/2021\/09\/18\/horticultores-de-ayolas-reciben-capacitacion-en-manejo-de-cultivos-en-invernadero\/","title":{"rendered":"Horticultores de Ayolas reciben capacitaci\u00f3n en manejo de cultivos en invernadero"},"content":{"rendered":"<p style=\"text-align: justify;\"><em><strong>Asunci\u00f3n, Agencia IP.-<\/strong> <\/em>Horticultores de Ayolas que hab\u00edan sido beneficiados por la Entidad Binacional Yacyret\u00e1 (EBY) con la instalaci\u00f3n de invernaderos, recibieron capacitaci\u00f3n te\u00f3rica y pr\u00e1ctica para el manejo de los cultivos bajo este sistema y lograr mayor calidad y cantidad en sus productos.<!--more--><\/p>\n<p style=\"text-align: justify;\">Las familias que integran el Comit\u00e9 de Peque\u00f1os Productores del Asentamiento Mbokaja Poty y el Comit\u00e9 de Horticultores Ayolenses, participaron del adiestramiento que estuvo a cargo de los t\u00e9cnicos de la Unidad de Producci\u00f3n, del \u00c1rea de Coordinaci\u00f3n Social de la EBY, y abarc\u00f3 t\u00e9cnicas de producci\u00f3n en ambiente protegido (temperatura, fertirrigaci\u00f3n en invernaderos), mudas hort\u00edcolas, manejo de plagas y enfermedades.<\/p>\n<p style=\"text-align: justify;\">Luego de la charla, los profesionales y los horticultores se trasladaron a la zona de producci\u00f3n para profundizar en las clases pr\u00e1cticas.<\/p>\n<p style=\"text-align: justify;\">La econom\u00eda de las familias que integran ambas comisiones, dependen de la venta de la producci\u00f3n hort\u00edcola en el mercado de Ayolas, por lo que la capacitaci\u00f3n redundar\u00e1 en beneficio de sus ingresos.<\/p>\n<p style=\"text-align: justify;\">\u201cNosotros fuimos beneficiados con un hermoso invernadero donde estamos trabajando familias de diferentes barrios, y hoy estamos participando de una nueva capacitaci\u00f3n para sacar una mejor producci\u00f3n\u201d, indic\u00f3 Delia Torres, presidenta del Comit\u00e9 de Horticultores Ayolenses.<\/p>\n<p style=\"text-align: justify;\">Se\u00f1al\u00f3 que actualmente varios rubros hort\u00edcolas, como por el ejemplo el tomate en invernadero, lechuga, repollo, locote bajo media sombra, se encuentran ya en plena etapa de desarrollo.<\/p>\n<p style=\"text-align: justify;\">\u201cEl proyecto con el que fuimos beneficiados incluye todo, desde la instalaci\u00f3n de infraestructura de producci\u00f3n bajo sistema de media sombra y tambi\u00e9n fuimos beneficiados con el invernadero que incluye todo, semillas, herramientas, capacitaciones, todo, nosotros lo que tenemos que poner es nuestra buena voluntad, capacidad y sacar una buena producci\u00f3n\u201d, agreg\u00f3.<\/p>\n<p style=\"text-align: justify;\">Record\u00f3 que el comit\u00e9 est\u00e1 integrado por familias cuyos miembros ya son mayores de edad e incluso, por profesionales agr\u00f3nomos j\u00f3venes, quienes trabajan coordinadamente para el mejor aprovechamiento de la asistencia del Gobierno Nacional.<\/p>\n<p style=\"text-align: justify;\">Los peque\u00f1os productores son acompa\u00f1ados en forma permanente por t\u00e9cnicos de la Entidad Binacional Yacyret\u00e1.<\/p>\n<p style=\"text-align: justify;\">Oscar Serv\u00edn, profesional que estuvo a cargo de la capacitaci\u00f3n se\u00f1al\u00f3 a los productores que van por buen camino, tras verificar la producci\u00f3n del Comit\u00e9 de Horticultores Ayolenses durante la parte pr\u00e1ctica, inform\u00f3 la EBY.<\/p>\n","protected":false},"excerpt":{"rendered":"<p>Asunci\u00f3n, Agencia IP.- Horticultores de Ayolas que hab\u00edan sido beneficiados por la Entidad Binacional Yacyret\u00e1 (EBY) con la instalaci\u00f3n de invernaderos, recibieron capacitaci\u00f3n te\u00f3rica y pr\u00e1ctica para el manejo de los cultivos bajo este sistema y lograr mayor calidad y cantidad en sus productos.<\/p>\n","protected":false},"author":7,"featured_media":384934,"comment_status":"closed","ping_status":"closed","sticky":false,"template":"","format":"standard","meta":{"_monsterinsights_skip_tracking":false,"_monsterinsights_sitenote_active":false,"_monsterinsights_sitenote_note":"","_monsterinsights_sitenote_category":0,"footnotes":""},"categories":[9],"tags":[2999,7171,883],"class_list":{"0":"post-384933","1":"post","2":"type-post","3":"status-publish","4":"format-standard","5":"has-post-thumbnail","7":"category-economia","8":"tag-ayolas","9":"tag-entidad-binacional-yacyreta","10":"tag-misiones"},"yoast_head":"<!-- This site is optimized with the Yoast SEO plugin v27.5 - https:\/\/yoast.com\/product\/yoast-seo-wordpress\/ -->\n<title>Horticultores de Ayolas reciben capacitaci\u00f3n en manejo de cultivos en invernadero - .::Agencia IP::.<\/title>\n<meta name=\"robots\" content=\"index, follow, max-snippet:-1, max-image-preview:large, max-video-preview:-1\" \/>\n<link rel=\"canonical\" href=\"https:\/\/www.ip.gov.py\/ip\/2021\/09\/18\/horticultores-de-ayolas-reciben-capacitacion-en-manejo-de-cultivos-en-invernadero\/\" \/>\n<meta property=\"og:locale\" content=\"es_ES\" \/>\n<meta property=\"og:type\" content=\"article\" \/>\n<meta property=\"og:title\" content=\"Horticultores de Ayolas reciben capacitaci\u00f3n en manejo de cultivos en invernadero - .::Agencia IP::.\" \/>\n<meta property=\"og:description\" content=\"Asunci\u00f3n, Agencia IP.- Horticultores de Ayolas que hab\u00edan sido beneficiados por la Entidad Binacional Yacyret\u00e1 (EBY) con la instalaci\u00f3n de invernaderos, recibieron capacitaci\u00f3n te\u00f3rica y pr\u00e1ctica para el manejo de los cultivos bajo este sistema y lograr mayor calidad y cantidad en sus productos.\" \/>\n<meta property=\"og:url\" content=\"https:\/\/www.ip.gov.py\/ip\/2021\/09\/18\/horticultores-de-ayolas-reciben-capacitacion-en-manejo-de-cultivos-en-invernadero\/\" \/>\n<meta property=\"og:site_name\" content=\".::Agencia IP::.\" \/>\n<meta property=\"article:publisher\" content=\"https:\/\/www.facebook.com\/IPParaguay\/\" \/>\n<meta property=\"article:published_time\" content=\"2021-09-18T20:35:33+00:00\" \/>\n<meta property=\"og:image\" content=\"https:\/\/www.ip.gov.py\/ip\/wp-content\/uploads\/2021\/09\/capacitacion-para-horticultores.jpg\" \/>\n\t<meta property=\"og:image:width\" content=\"1280\" \/>\n\t<meta property=\"og:image:height\" content=\"960\" \/>\n\t<meta property=\"og:image:type\" content=\"image\/jpeg\" \/>\n<meta name=\"author\" content=\"Karina L\u00f3pez\" \/>\n<meta name=\"twitter:card\" content=\"summary_large_image\" \/>\n<meta name=\"twitter:creator\" content=\"@IPParaguay\" \/>\n<meta name=\"twitter:site\" content=\"@IPParaguay\" \/>\n<meta name=\"twitter:label1\" content=\"Escrito por\" \/>\n\t<meta name=\"twitter:data1\" content=\"Karina L\u00f3pez\" \/>\n\t<meta name=\"twitter:label2\" content=\"Tiempo de lectura\" \/>\n\t<meta name=\"twitter:data2\" content=\"2 minutos\" \/>\n<script type=\"application\/ld+json\" class=\"yoast-schema-graph\">{\"@context\":\"https:\\\/\\\/schema.org\",\"@graph\":[{\"@type\":\"Article\",\"@id\":\"https:\\\/\\\/www.ip.gov.py\\\/ip\\\/2021\\\/09\\\/18\\\/horticultores-de-ayolas-reciben-capacitacion-en-manejo-de-cultivos-en-invernadero\\\/#article\",\"isPartOf\":{\"@id\":\"https:\\\/\\\/www.ip.gov.py\\\/ip\\\/2021\\\/09\\\/18\\\/horticultores-de-ayolas-reciben-capacitacion-en-manejo-de-cultivos-en-invernadero\\\/\"},\"author\":{\"name\":\"Karina L\u00f3pez\",\"@id\":\"https:\\\/\\\/www.ip.gov.py\\\/ip\\\/#\\\/schema\\\/person\\\/613765cf13d420d448042e6802220539\"},\"headline\":\"Horticultores de Ayolas reciben capacitaci\u00f3n en manejo de cultivos en invernadero\",\"datePublished\":\"2021-09-18T20:35:33+00:00\",\"mainEntityOfPage\":{\"@id\":\"https:\\\/\\\/www.ip.gov.py\\\/ip\\\/2021\\\/09\\\/18\\\/horticultores-de-ayolas-reciben-capacitacion-en-manejo-de-cultivos-en-invernadero\\\/\"},\"wordCount\":411,\"publisher\":{\"@id\":\"https:\\\/\\\/www.ip.gov.py\\\/ip\\\/#organization\"},\"image\":{\"@id\":\"https:\\\/\\\/www.ip.gov.py\\\/ip\\\/2021\\\/09\\\/18\\\/horticultores-de-ayolas-reciben-capacitacion-en-manejo-de-cultivos-en-invernadero\\\/#primaryimage\"},\"thumbnailUrl\":\"https:\\\/\\\/www.ip.gov.py\\\/ip\\\/wp-content\\\/uploads\\\/2021\\\/09\\\/capacitacion-para-horticultores.jpg\",\"keywords\":[\"Ayolas\",\"Entidad Binacional Yacyret\u00e1\",\"Misiones\"],\"articleSection\":[\"Econom\u00eda\"],\"inLanguage\":\"es\"},{\"@type\":\"WebPage\",\"@id\":\"https:\\\/\\\/www.ip.gov.py\\\/ip\\\/2021\\\/09\\\/18\\\/horticultores-de-ayolas-reciben-capacitacion-en-manejo-de-cultivos-en-invernadero\\\/\",\"url\":\"https:\\\/\\\/www.ip.gov.py\\\/ip\\\/2021\\\/09\\\/18\\\/horticultores-de-ayolas-reciben-capacitacion-en-manejo-de-cultivos-en-invernadero\\\/\",\"name\":\"Horticultores de Ayolas reciben capacitaci\u00f3n en manejo de cultivos en invernadero - .::Agencia IP::.\",\"isPartOf\":{\"@id\":\"https:\\\/\\\/www.ip.gov.py\\\/ip\\\/#website\"},\"primaryImageOfPage\":{\"@id\":\"https:\\\/\\\/www.ip.gov.py\\\/ip\\\/2021\\\/09\\\/18\\\/horticultores-de-ayolas-reciben-capacitacion-en-manejo-de-cultivos-en-invernadero\\\/#primaryimage\"},\"image\":{\"@id\":\"https:\\\/\\\/www.ip.gov.py\\\/ip\\\/2021\\\/09\\\/18\\\/horticultores-de-ayolas-reciben-capacitacion-en-manejo-de-cultivos-en-invernadero\\\/#primaryimage\"},\"thumbnailUrl\":\"https:\\\/\\\/www.ip.gov.py\\\/ip\\\/wp-content\\\/uploads\\\/2021\\\/09\\\/capacitacion-para-horticultores.jpg\",\"datePublished\":\"2021-09-18T20:35:33+00:00\",\"breadcrumb\":{\"@id\":\"https:\\\/\\\/www.ip.gov.py\\\/ip\\\/2021\\\/09\\\/18\\\/horticultores-de-ayolas-reciben-capacitacion-en-manejo-de-cultivos-en-invernadero\\\/#breadcrumb\"},\"inLanguage\":\"es\",\"potentialAction\":[{\"@type\":\"ReadAction\",\"target\":[\"https:\\\/\\\/www.ip.gov.py\\\/ip\\\/2021\\\/09\\\/18\\\/horticultores-de-ayolas-reciben-capacitacion-en-manejo-de-cultivos-en-invernadero\\\/\"]}]},{\"@type\":\"ImageObject\",\"inLanguage\":\"es\",\"@id\":\"https:\\\/\\\/www.ip.gov.py\\\/ip\\\/2021\\\/09\\\/18\\\/horticultores-de-ayolas-reciben-capacitacion-en-manejo-de-cultivos-en-invernadero\\\/#primaryimage\",\"url\":\"https:\\\/\\\/www.ip.gov.py\\\/ip\\\/wp-content\\\/uploads\\\/2021\\\/09\\\/capacitacion-para-horticultores.jpg\",\"contentUrl\":\"https:\\\/\\\/www.ip.gov.py\\\/ip\\\/wp-content\\\/uploads\\\/2021\\\/09\\\/capacitacion-para-horticultores.jpg\",\"width\":1280,\"height\":960,\"caption\":\"Foto Entidad Binacional Yacyret\u00e1 (EBY)\"},{\"@type\":\"BreadcrumbList\",\"@id\":\"https:\\\/\\\/www.ip.gov.py\\\/ip\\\/2021\\\/09\\\/18\\\/horticultores-de-ayolas-reciben-capacitacion-en-manejo-de-cultivos-en-invernadero\\\/#breadcrumb\",\"itemListElement\":[{\"@type\":\"ListItem\",\"position\":1,\"name\":\"Portada\",\"item\":\"https:\\\/\\\/www.ip.gov.py\\\/ip\\\/\"},{\"@type\":\"ListItem\",\"position\":2,\"name\":\"Horticultores de Ayolas reciben capacitaci\u00f3n en manejo de cultivos en invernadero\"}]},{\"@type\":\"WebSite\",\"@id\":\"https:\\\/\\\/www.ip.gov.py\\\/ip\\\/#website\",\"url\":\"https:\\\/\\\/www.ip.gov.py\\\/ip\\\/\",\"name\":\".::Agencia IP::.\",\"description\":\"\",\"publisher\":{\"@id\":\"https:\\\/\\\/www.ip.gov.py\\\/ip\\\/#organization\"},\"potentialAction\":[{\"@type\":\"SearchAction\",\"target\":{\"@type\":\"EntryPoint\",\"urlTemplate\":\"https:\\\/\\\/www.ip.gov.py\\\/ip\\\/?s={search_term_string}\"},\"query-input\":{\"@type\":\"PropertyValueSpecification\",\"valueRequired\":true,\"valueName\":\"search_term_string\"}}],\"inLanguage\":\"es\"},{\"@type\":\"Organization\",\"@id\":\"https:\\\/\\\/www.ip.gov.py\\\/ip\\\/#organization\",\"name\":\"Agencia IP\",\"url\":\"https:\\\/\\\/www.ip.gov.py\\\/ip\\\/\",\"logo\":{\"@type\":\"ImageObject\",\"inLanguage\":\"es\",\"@id\":\"https:\\\/\\\/www.ip.gov.py\\\/ip\\\/#\\\/schema\\\/logo\\\/image\\\/\",\"url\":\"https:\\\/\\\/www.ip.gov.py\\\/ip\\\/wp-content\\\/uploads\\\/2018\\\/01\\\/Agencia-IP.jpg\",\"contentUrl\":\"https:\\\/\\\/www.ip.gov.py\\\/ip\\\/wp-content\\\/uploads\\\/2018\\\/01\\\/Agencia-IP.jpg\",\"width\":150,\"height\":150,\"caption\":\"Agencia IP\"},\"image\":{\"@id\":\"https:\\\/\\\/www.ip.gov.py\\\/ip\\\/#\\\/schema\\\/logo\\\/image\\\/\"},\"sameAs\":[\"https:\\\/\\\/www.facebook.com\\\/IPParaguay\\\/\",\"https:\\\/\\\/x.com\\\/IPParaguay\",\"https:\\\/\\\/www.instagram.com\\\/IPParaguay\"]},{\"@type\":\"Person\",\"@id\":\"https:\\\/\\\/www.ip.gov.py\\\/ip\\\/#\\\/schema\\\/person\\\/613765cf13d420d448042e6802220539\",\"name\":\"Karina L\u00f3pez\",\"url\":\"https:\\\/\\\/www.ip.gov.py\\\/ip\\\/author\\\/klopez\\\/\"}]}<\/script>\n<!-- \/ Yoast SEO plugin. -->","yoast_head_json":{"title":"Horticultores de Ayolas reciben capacitaci\u00f3n en manejo de cultivos en invernadero - .::Agencia IP::.","robots":{"index":"index","follow":"follow","max-snippet":"max-snippet:-1","max-image-preview":"max-image-preview:large","max-video-preview":"max-video-preview:-1"},"canonical":"https:\/\/www.ip.gov.py\/ip\/2021\/09\/18\/horticultores-de-ayolas-reciben-capacitacion-en-manejo-de-cultivos-en-invernadero\/","og_locale":"es_ES","og_type":"article","og_title":"Horticultores de Ayolas reciben capacitaci\u00f3n en manejo de cultivos en invernadero - .::Agencia IP::.","og_description":"Asunci\u00f3n, Agencia IP.- Horticultores de Ayolas que hab\u00edan sido beneficiados por la Entidad Binacional Yacyret\u00e1 (EBY) con la instalaci\u00f3n de invernaderos, recibieron capacitaci\u00f3n te\u00f3rica y pr\u00e1ctica para el manejo de los cultivos bajo este sistema y lograr mayor calidad y cantidad en sus productos.","og_url":"https:\/\/www.ip.gov.py\/ip\/2021\/09\/18\/horticultores-de-ayolas-reciben-capacitacion-en-manejo-de-cultivos-en-invernadero\/","og_site_name":".::Agencia IP::.","article_publisher":"https:\/\/www.facebook.com\/IPParaguay\/","article_published_time":"2021-09-18T20:35:33+00:00","og_image":[{"width":1280,"height":960,"url":"https:\/\/www.ip.gov.py\/ip\/wp-content\/uploads\/2021\/09\/capacitacion-para-horticultores.jpg","type":"image\/jpeg"}],"author":"Karina L\u00f3pez","twitter_card":"summary_large_image","twitter_creator":"@IPParaguay","twitter_site":"@IPParaguay","twitter_misc":{"Escrito por":"Karina L\u00f3pez","Tiempo de lectura":"2 minutos"},"schema":{"@context":"https:\/\/schema.org","@graph":[{"@type":"Article","@id":"https:\/\/www.ip.gov.py\/ip\/2021\/09\/18\/horticultores-de-ayolas-reciben-capacitacion-en-manejo-de-cultivos-en-invernadero\/#article","isPartOf":{"@id":"https:\/\/www.ip.gov.py\/ip\/2021\/09\/18\/horticultores-de-ayolas-reciben-capacitacion-en-manejo-de-cultivos-en-invernadero\/"},"author":{"name":"Karina L\u00f3pez","@id":"https:\/\/www.ip.gov.py\/ip\/#\/schema\/person\/613765cf13d420d448042e6802220539"},"headline":"Horticultores de Ayolas reciben capacitaci\u00f3n en manejo de cultivos en invernadero","datePublished":"2021-09-18T20:35:33+00:00","mainEntityOfPage":{"@id":"https:\/\/www.ip.gov.py\/ip\/2021\/09\/18\/horticultores-de-ayolas-reciben-capacitacion-en-manejo-de-cultivos-en-invernadero\/"},"wordCount":411,"publisher":{"@id":"https:\/\/www.ip.gov.py\/ip\/#organization"},"image":{"@id":"https:\/\/www.ip.gov.py\/ip\/2021\/09\/18\/horticultores-de-ayolas-reciben-capacitacion-en-manejo-de-cultivos-en-invernadero\/#primaryimage"},"thumbnailUrl":"https:\/\/www.ip.gov.py\/ip\/wp-content\/uploads\/2021\/09\/capacitacion-para-horticultores.jpg","keywords":["Ayolas","Entidad Binacional Yacyret\u00e1","Misiones"],"articleSection":["Econom\u00eda"],"inLanguage":"es"},{"@type":"WebPage","@id":"https:\/\/www.ip.gov.py\/ip\/2021\/09\/18\/horticultores-de-ayolas-reciben-capacitacion-en-manejo-de-cultivos-en-invernadero\/","url":"https:\/\/www.ip.gov.py\/ip\/2021\/09\/18\/horticultores-de-ayolas-reciben-capacitacion-en-manejo-de-cultivos-en-invernadero\/","name":"Horticultores de Ayolas reciben capacitaci\u00f3n en manejo de cultivos en invernadero - .::Agencia IP::.","isPartOf":{"@id":"https:\/\/www.ip.gov.py\/ip\/#website"},"primaryImageOfPage":{"@id":"https:\/\/www.ip.gov.py\/ip\/2021\/09\/18\/horticultores-de-ayolas-reciben-capacitacion-en-manejo-de-cultivos-en-invernadero\/#primaryimage"},"image":{"@id":"https:\/\/www.ip.gov.py\/ip\/2021\/09\/18\/horticultores-de-ayolas-reciben-capacitacion-en-manejo-de-cultivos-en-invernadero\/#primaryimage"},"thumbnailUrl":"https:\/\/www.ip.gov.py\/ip\/wp-content\/uploads\/2021\/09\/capacitacion-para-horticultores.jpg","datePublished":"2021-09-18T20:35:33+00:00","breadcrumb":{"@id":"https:\/\/www.ip.gov.py\/ip\/2021\/09\/18\/horticultores-de-ayolas-reciben-capacitacion-en-manejo-de-cultivos-en-invernadero\/#breadcrumb"},"inLanguage":"es","potentialAction":[{"@type":"ReadAction","target":["https:\/\/www.ip.gov.py\/ip\/2021\/09\/18\/horticultores-de-ayolas-reciben-capacitacion-en-manejo-de-cultivos-en-invernadero\/"]}]},{"@type":"ImageObject","inLanguage":"es","@id":"https:\/\/www.ip.gov.py\/ip\/2021\/09\/18\/horticultores-de-ayolas-reciben-capacitacion-en-manejo-de-cultivos-en-invernadero\/#primaryimage","url":"https:\/\/www.ip.gov.py\/ip\/wp-content\/uploads\/2021\/09\/capacitacion-para-horticultores.jpg","contentUrl":"https:\/\/www.ip.gov.py\/ip\/wp-content\/uploads\/2021\/09\/capacitacion-para-horticultores.jpg","width":1280,"height":960,"caption":"Foto Entidad Binacional Yacyret\u00e1 (EBY)"},{"@type":"BreadcrumbList","@id":"https:\/\/www.ip.gov.py\/ip\/2021\/09\/18\/horticultores-de-ayolas-reciben-capacitacion-en-manejo-de-cultivos-en-invernadero\/#breadcrumb","itemListElement":[{"@type":"ListItem","position":1,"name":"Portada","item":"https:\/\/www.ip.gov.py\/ip\/"},{"@type":"ListItem","position":2,"name":"Horticultores de Ayolas reciben capacitaci\u00f3n en manejo de cultivos en invernadero"}]},{"@type":"WebSite","@id":"https:\/\/www.ip.gov.py\/ip\/#website","url":"https:\/\/www.ip.gov.py\/ip\/","name":".::Agencia IP::.","description":"","publisher":{"@id":"https:\/\/www.ip.gov.py\/ip\/#organization"},"potentialAction":[{"@type":"SearchAction","target":{"@type":"EntryPoint","urlTemplate":"https:\/\/www.ip.gov.py\/ip\/?s={search_term_string}"},"query-input":{"@type":"PropertyValueSpecification","valueRequired":true,"valueName":"search_term_string"}}],"inLanguage":"es"},{"@type":"Organization","@id":"https:\/\/www.ip.gov.py\/ip\/#organization","name":"Agencia IP","url":"https:\/\/www.ip.gov.py\/ip\/","logo":{"@type":"ImageObject","inLanguage":"es","@id":"https:\/\/www.ip.gov.py\/ip\/#\/schema\/logo\/image\/","url":"https:\/\/www.ip.gov.py\/ip\/wp-content\/uploads\/2018\/01\/Agencia-IP.jpg","contentUrl":"https:\/\/www.ip.gov.py\/ip\/wp-content\/uploads\/2018\/01\/Agencia-IP.jpg","width":150,"height":150,"caption":"Agencia IP"},"image":{"@id":"https:\/\/www.ip.gov.py\/ip\/#\/schema\/logo\/image\/"},"sameAs":["https:\/\/www.facebook.com\/IPParaguay\/","https:\/\/x.com\/IPParaguay","https:\/\/www.instagram.com\/IPParaguay"]},{"@type":"Person","@id":"https:\/\/www.ip.gov.py\/ip\/#\/schema\/person\/613765cf13d420d448042e6802220539","name":"Karina L\u00f3pez","url":"https:\/\/www.ip.gov.py\/ip\/author\/klopez\/"}]}},"_links":{"self":[{"href":"https:\/\/www.ip.gov.py\/ip\/wp-json\/wp\/v2\/posts\/384933","targetHints":{"allow":["GET"]}}],"collection":[{"href":"https:\/\/www.ip.gov.py\/ip\/wp-json\/wp\/v2\/posts"}],"about":[{"href":"https:\/\/www.ip.gov.py\/ip\/wp-json\/wp\/v2\/types\/post"}],"author":[{"embeddable":true,"href":"https:\/\/www.ip.gov.py\/ip\/wp-json\/wp\/v2\/users\/7"}],"replies":[{"embeddable":true,"href":"https:\/\/www.ip.gov.py\/ip\/wp-json\/wp\/v2\/comments?post=384933"}],"version-history":[{"count":0,"href":"https:\/\/www.ip.gov.py\/ip\/wp-json\/wp\/v2\/posts\/384933\/revisions"}],"wp:featuredmedia":[{"embeddable":true,"href":"https:\/\/www.ip.gov.py\/ip\/wp-json\/wp\/v2\/media\/384934"}],"wp:attachment":[{"href":"https:\/\/www.ip.gov.py\/ip\/wp-json\/wp\/v2\/media?parent=384933"}],"wp:term":[{"taxonomy":"category","embeddable":true,"href":"https:\/\/www.ip.gov.py\/ip\/wp-json\/wp\/v2\/categories?post=384933"},{"taxonomy":"post_tag","embeddable":true,"href":"https:\/\/www.ip.gov.py\/ip\/wp-json\/wp\/v2\/tags?post=384933"}],"curies":[{"name":"wp","href":"https:\/\/api.w.org\/{rel}","templated":true}]}}