{"id":384981,"date":"2021-09-19T12:58:40","date_gmt":"2021-09-19T16:58:40","guid":{"rendered":"https:\/\/www.ip.gov.py\/ip\/?p=384981"},"modified":"2021-09-19T12:58:59","modified_gmt":"2021-09-19T16:58:59","slug":"iniciara-a-la-semana-del-supremo-homenaje-a-jose-gaspar-rodriguez-de-francia","status":"publish","type":"post","link":"https:\/\/www.ip.gov.py\/ip\/2021\/09\/19\/iniciara-a-la-semana-del-supremo-homenaje-a-jose-gaspar-rodriguez-de-francia\/","title":{"rendered":"Iniciar\u00e1 la Semana del Supremo, homenaje a Jos\u00e9 Gaspar Rodr\u00edguez de Francia"},"content":{"rendered":"<p style=\"text-align: justify;\"><em><strong>Asunci\u00f3n, Agencia IP.-<\/strong><\/em> A los 181 a\u00f1os del fallecimiento del forjador y principal ide\u00f3logo que llev\u00f3 adelante el proceso de independencia de la Rep\u00fablica del Paraguay, se realizar\u00e1 la segunda edici\u00f3n de la Semana del Supremo, homenaje a Jos\u00e9 Gaspar Rodr\u00edguez de Francia.<!--more--><\/p>\n<p style=\"text-align: justify;\">De este modo, el lunes 20 de septiembre a las 10:00 tendr\u00e1 lugar en el Centro Cultural de la Ciudad Carlos Colombino \u2013 Manzana de la Rivera la presentaci\u00f3n oficial de la Semana del Supremo 2021, con la disertaci\u00f3n del periodista, escritor e historiador Roberto Paredes y la lectura del poema Al Supremo (Don Jos\u00e9 Gaspar) a cargo del escritor y poeta, Isidro Cabral.<\/p>\n<p style=\"text-align: justify;\">As\u00ed tambi\u00e9n, se realizar\u00e1 la inauguraci\u00f3n en paralelo de una exposici\u00f3n de libros sobre Francia en el Centro Cultural Fausto, sitio Eligio Ayala entre Brasil y EEUU y una Muestra de dibujos del Supremo en la Manzana de la Rivera, sitio Ayolas esquina Benjam\u00edn Constant. Con permanencia hasta el 23 de septiembre, en horario de 08:00 a 18:00 en el Fausto Cultural y de 08:00 a 19:00 en la Manzana de la Rivera.<\/p>\n<p style=\"text-align: justify;\">Asimismo, desde las 20:00, podr\u00e1 disfrutarse a trav\u00e9s de <strong><a href=\"https:\/\/www.facebook.com\/CulturaAsu\/\" target=\"_blank\" rel=\"noopener\">@CulturaAsu<\/a><\/strong> en Facebook del unipersonal Jos\u00e9 Gaspar (La soledad del Poder), protagonizado por Jorge Ramos, con textos de Hern\u00e1n Jaeggi y bajo la direcci\u00f3n de Gustavo Ilutovich, en una producci\u00f3n especial realizada por el Dpto. Audiovisual de la Manzana de la Rivera. En la misma se observa al Dr. Jos\u00e9 Gaspar Rodr\u00edguez de Francia mostrando sus diferentes facetas, entre ellas, el momento en que se encuentra solo y siente el abandono de aquellos que obtuvieron provecho de su poder.<\/p>\n<p style=\"text-align: justify;\">La obra expone la filosof\u00eda de gobierno de quien es considerado el padre de la independencia del Paraguay, quien fue proclamado \u201cDictador Perpetuo del Paraguay\u201d (1813-1840). As\u00ed mismo representa los enfrentamientos con las grandes potencias de aquel entonces: Espa\u00f1a, Inglaterra, Portugal, con los porte\u00f1os, sus diferencias con la iglesia y con sus ex-compa\u00f1eros de la independencia.<\/p>\n<p style=\"text-align: justify;\">Del mismo modo, el martes 21 de septiembre a las 20:00 se presentar\u00e1 v\u00eda transmisi\u00f3n on line por <strong><a href=\"https:\/\/www.facebook.com\/CulturaAsu\/\" target=\"_blank\" rel=\"noopener\">@CulturaAsu<\/a><\/strong> el documental sobre la obra teatral Yo El Supremo, realizado por Ray Armele y Roberto Paredes.<\/p>\n<p style=\"text-align: justify;\">La puesta de la obra fue realizada en el Teatro Municipal del 13 de abril al 01 de junio de 1991, bajo la direcci\u00f3n de Agust\u00edn N\u00fa\u00f1ez, en una adaptaci\u00f3n de Gloria Mu\u00f1oz sobre el libro hom\u00f3nimo del escritor, periodista y guionista paraguayo Augusto Roa Bastos. En el documental el Director narra c\u00f3mo mediante una extendida experiencia sobre la realizaci\u00f3n de obras teatrales y trabajos como telenovelas para televisi\u00f3n, realizada en Colombia, le ayud\u00f3 al desarrollo del paso por paso en todo lo que fue la puesta en escena de la obra. En cuanto al contenido, Agust\u00edn N\u00fa\u00f1ez explic\u00f3 que la obra no ten\u00eda un car\u00e1cter cronol\u00f3gico, ni ten\u00eda rigor hist\u00f3rico y que \u00e9l se vio obligado a crear dos Francia. Un Francia joven vigoroso y un Francia viejo, decadente y con delirios.<\/p>\n<p style=\"text-align: justify;\">Asimismo detalla las dificultades que pasaron para la realizaci\u00f3n de las tres escenograf\u00edas que demandaba la obra, dado que hasta entonces no se hab\u00edan desarrollado en el pa\u00eds puestas que precisen tanta tecnolog\u00eda, es as\u00ed que para lograr el movimiento de todos los objetos corredizos y giratorios se llevaban a cabo a mano y a \u201cpuro pulm\u00f3n\u201d como expresa el Director quien dise\u00f1\u00f3 el montaje junto al reconocido arquitecto, pintor y actor Ricardo Migliorisi, quien destaca tambi\u00e9n por el dise\u00f1o de vestuario.<\/p>\n<p style=\"text-align: justify;\">Prosiguiendo la programaci\u00f3n el 22 de septiembre a las 19:00 en el Centro Cultural Fausto, tendr\u00e1 lugar la ponencia sobre la conspiraci\u00f3n de 1820, donde ejecutaron el intento de asesinato a Francia. De la mano de las j\u00f3venes historiadoras Anah\u00ed Soto Vera y Bel\u00e9n Cantero, escritoras del libro El Intento de asesinar al supremo.<\/p>\n<p style=\"text-align: justify;\">As\u00ed tambi\u00e9n, se contar\u00e1 con la disertaci\u00f3n sobre educaci\u00f3n a cargo de la historiadora, M\u00e1ster en Educaci\u00f3n, Licenciada en Educaci\u00f3n y ciencias sociales, Prof. Viviana Paglialunga. Catedr\u00e1tica de historia en el colegio Goethe de Asunci\u00f3n y Docente investigadora de la Universidad Nacional de Pilar, \u00d1eembuc\u00fa, Paraguay.<\/p>\n<p style=\"text-align: justify;\">Seguidamente a las 20:00 a trav\u00e9s de <strong><a href=\"https:\/\/www.facebook.com\/CulturaAsu\/\" target=\"_blank\" rel=\"noopener\">@CulturaAsu<\/a><\/strong> en Facebook, se presentar\u00e1 la versi\u00f3n teatral de Yo el Supremo, en una producci\u00f3n de La Parada Teatro, bajo la direcci\u00f3n de Nelson de Santan\u00ed e interpretada por Luis Dante Zorrilla, Calolo Rodr\u00edguez, Laura Mar\u00edn, Miguel H. L\u00f3pez, Luz Marisabel Bobadilla, Nery Almir\u00f3n, Luis Guti\u00e9rrez, Eliseo Paniagua, Wilton Vuyk, Juan Reyes, Coke Ru\u00edz, Alexis \u00c1valos, Joel Venialgo, Paulo Metello y Carlos Rub\u00e9n Ojeda.<\/p>\n<p style=\"text-align: justify;\">En esta versi\u00f3n de la obra se recupera la figura e idea social, pol\u00edtica y econ\u00f3mica de Francia que debi\u00f3 enfrentar innumerables y sangrientas conspiraciones de dentro y de fuera en defensa de la soberan\u00eda e independencia del Paraguay, asediado por Buenos Aires, Brasil, Inglaterra y los libertadores.<\/p>\n<p style=\"text-align: justify;\">Finalizando la Semana del Supremo, el jueves 23 de septiembre desde las 19:00 en el Auditorio Mercedes Jan\u00e9 del IMA, Presidente Franco esquina Montevideo, tendr\u00e1 lugar un debate hist\u00f3rico-pol\u00edtico que contar\u00e1 con la presencia del historiador Bernardo Coronel y el Profesor Jos\u00e9 Ocampos como disertantes. Culminando esta jornada con la presentaci\u00f3n art\u00edstica de la mano de los alumnos del Instituto Municipal de Arte.<\/p>\n<p style=\"text-align: justify;\">La Semana del Supremo 2021 es organizada por la Direcci\u00f3n General de Cultura y Turismo de la Municipalidad de Asunci\u00f3n, el Centro Cultural Fausto, la Facultad de Derecho y Facultad de Ciencias Jur\u00eddicas, Pol\u00edticas y Sociales de la Universidad Privada del Este y su UPE TV.<\/p>\n<p style=\"text-align: justify;\">As\u00ed como tambi\u00e9n la Honorable C\u00e1mara de Senadores declar\u00f3 \u201cDe Inter\u00e9s Patri\u00f3tico\u201d la Semana del Supremo; y Patrimonio Cultural de la Rep\u00fablica los aportes invalorables de Don Jos\u00e9 de Todas Partes del cantautor Maneco Galeano y la versi\u00f3n teatral de Yo El Supremo dirigida por Agust\u00edn N\u00fa\u00f1ez.<\/p>\n","protected":false},"excerpt":{"rendered":"<p>Asunci\u00f3n, Agencia IP.- A los 181 a\u00f1os del fallecimiento del forjador y principal ide\u00f3logo que llev\u00f3 adelante el proceso de independencia de la Rep\u00fablica del Paraguay, se realizar\u00e1 la segunda edici\u00f3n de la Semana del Supremo, homenaje a Jos\u00e9 Gaspar Rodr\u00edguez de Francia.<\/p>\n","protected":false},"author":23,"featured_media":384983,"comment_status":"closed","ping_status":"closed","sticky":false,"template":"","format":"standard","meta":{"_monsterinsights_skip_tracking":false,"_monsterinsights_sitenote_active":false,"_monsterinsights_sitenote_note":"","_monsterinsights_sitenote_category":0,"footnotes":""},"categories":[7],"tags":[674,8719,8720],"class_list":{"0":"post-384981","1":"post","2":"type-post","3":"status-publish","4":"format-standard","5":"has-post-thumbnail","7":"category-cultura","8":"tag-homenaje","9":"tag-jose-gaspar-rodriguez-de-francia","10":"tag-semana-del-supremo"},"yoast_head":"<!-- This site is optimized with the Yoast SEO plugin v27.5 - https:\/\/yoast.com\/product\/yoast-seo-wordpress\/ -->\n<title>Iniciar\u00e1 la Semana del Supremo, homenaje a Jos\u00e9 Gaspar Rodr\u00edguez de Francia - .::Agencia IP::.<\/title>\n<meta name=\"robots\" content=\"index, follow, max-snippet:-1, max-image-preview:large, max-video-preview:-1\" \/>\n<link rel=\"canonical\" href=\"https:\/\/www.ip.gov.py\/ip\/2021\/09\/19\/iniciara-a-la-semana-del-supremo-homenaje-a-jose-gaspar-rodriguez-de-francia\/\" \/>\n<meta property=\"og:locale\" content=\"es_ES\" \/>\n<meta property=\"og:type\" content=\"article\" \/>\n<meta property=\"og:title\" content=\"Iniciar\u00e1 la Semana del Supremo, homenaje a Jos\u00e9 Gaspar Rodr\u00edguez de Francia - .::Agencia IP::.\" \/>\n<meta property=\"og:description\" content=\"Asunci\u00f3n, Agencia IP.- A los 181 a\u00f1os del fallecimiento del forjador y principal ide\u00f3logo que llev\u00f3 adelante el proceso de independencia de la Rep\u00fablica del Paraguay, se realizar\u00e1 la segunda edici\u00f3n de la Semana del Supremo, homenaje a Jos\u00e9 Gaspar Rodr\u00edguez de Francia.\" \/>\n<meta property=\"og:url\" content=\"https:\/\/www.ip.gov.py\/ip\/2021\/09\/19\/iniciara-a-la-semana-del-supremo-homenaje-a-jose-gaspar-rodriguez-de-francia\/\" \/>\n<meta property=\"og:site_name\" content=\".::Agencia IP::.\" \/>\n<meta property=\"article:publisher\" content=\"https:\/\/www.facebook.com\/IPParaguay\/\" \/>\n<meta property=\"article:published_time\" content=\"2021-09-19T16:58:40+00:00\" \/>\n<meta property=\"article:modified_time\" content=\"2021-09-19T16:58:59+00:00\" \/>\n<meta property=\"og:image\" content=\"https:\/\/www.ip.gov.py\/ip\/wp-content\/uploads\/2021\/09\/Jose-Gaspar.jpeg\" \/>\n\t<meta property=\"og:image:width\" content=\"384\" \/>\n\t<meta property=\"og:image:height\" content=\"512\" \/>\n\t<meta property=\"og:image:type\" content=\"image\/jpeg\" \/>\n<meta name=\"author\" content=\"Noelia Ferreira\" \/>\n<meta name=\"twitter:card\" content=\"summary_large_image\" \/>\n<meta name=\"twitter:creator\" content=\"@IPParaguay\" \/>\n<meta name=\"twitter:site\" content=\"@IPParaguay\" \/>\n<meta name=\"twitter:label1\" content=\"Escrito por\" \/>\n\t<meta name=\"twitter:data1\" content=\"Noelia Ferreira\" \/>\n\t<meta name=\"twitter:label2\" content=\"Tiempo de lectura\" \/>\n\t<meta name=\"twitter:data2\" content=\"5 minutos\" \/>\n<script type=\"application\/ld+json\" class=\"yoast-schema-graph\">{\"@context\":\"https:\\\/\\\/schema.org\",\"@graph\":[{\"@type\":\"Article\",\"@id\":\"https:\\\/\\\/www.ip.gov.py\\\/ip\\\/2021\\\/09\\\/19\\\/iniciara-a-la-semana-del-supremo-homenaje-a-jose-gaspar-rodriguez-de-francia\\\/#article\",\"isPartOf\":{\"@id\":\"https:\\\/\\\/www.ip.gov.py\\\/ip\\\/2021\\\/09\\\/19\\\/iniciara-a-la-semana-del-supremo-homenaje-a-jose-gaspar-rodriguez-de-francia\\\/\"},\"author\":{\"name\":\"Noelia Ferreira\",\"@id\":\"https:\\\/\\\/www.ip.gov.py\\\/ip\\\/#\\\/schema\\\/person\\\/791af27a9219bdbf9064abb776bb41c2\"},\"headline\":\"Iniciar\u00e1 la Semana del Supremo, homenaje a Jos\u00e9 Gaspar Rodr\u00edguez de Francia\",\"datePublished\":\"2021-09-19T16:58:40+00:00\",\"dateModified\":\"2021-09-19T16:58:59+00:00\",\"mainEntityOfPage\":{\"@id\":\"https:\\\/\\\/www.ip.gov.py\\\/ip\\\/2021\\\/09\\\/19\\\/iniciara-a-la-semana-del-supremo-homenaje-a-jose-gaspar-rodriguez-de-francia\\\/\"},\"wordCount\":1030,\"publisher\":{\"@id\":\"https:\\\/\\\/www.ip.gov.py\\\/ip\\\/#organization\"},\"image\":{\"@id\":\"https:\\\/\\\/www.ip.gov.py\\\/ip\\\/2021\\\/09\\\/19\\\/iniciara-a-la-semana-del-supremo-homenaje-a-jose-gaspar-rodriguez-de-francia\\\/#primaryimage\"},\"thumbnailUrl\":\"https:\\\/\\\/www.ip.gov.py\\\/ip\\\/wp-content\\\/uploads\\\/2021\\\/09\\\/Jose-Gaspar.jpeg\",\"keywords\":[\"Homenaje\",\"Jos\u00e9 Gaspar Rodr\u00edguez de Francia\",\"Semana del Supremo\"],\"articleSection\":[\"Cultura\"],\"inLanguage\":\"es\"},{\"@type\":\"WebPage\",\"@id\":\"https:\\\/\\\/www.ip.gov.py\\\/ip\\\/2021\\\/09\\\/19\\\/iniciara-a-la-semana-del-supremo-homenaje-a-jose-gaspar-rodriguez-de-francia\\\/\",\"url\":\"https:\\\/\\\/www.ip.gov.py\\\/ip\\\/2021\\\/09\\\/19\\\/iniciara-a-la-semana-del-supremo-homenaje-a-jose-gaspar-rodriguez-de-francia\\\/\",\"name\":\"Iniciar\u00e1 la Semana del Supremo, homenaje a Jos\u00e9 Gaspar Rodr\u00edguez de Francia - .::Agencia IP::.\",\"isPartOf\":{\"@id\":\"https:\\\/\\\/www.ip.gov.py\\\/ip\\\/#website\"},\"primaryImageOfPage\":{\"@id\":\"https:\\\/\\\/www.ip.gov.py\\\/ip\\\/2021\\\/09\\\/19\\\/iniciara-a-la-semana-del-supremo-homenaje-a-jose-gaspar-rodriguez-de-francia\\\/#primaryimage\"},\"image\":{\"@id\":\"https:\\\/\\\/www.ip.gov.py\\\/ip\\\/2021\\\/09\\\/19\\\/iniciara-a-la-semana-del-supremo-homenaje-a-jose-gaspar-rodriguez-de-francia\\\/#primaryimage\"},\"thumbnailUrl\":\"https:\\\/\\\/www.ip.gov.py\\\/ip\\\/wp-content\\\/uploads\\\/2021\\\/09\\\/Jose-Gaspar.jpeg\",\"datePublished\":\"2021-09-19T16:58:40+00:00\",\"dateModified\":\"2021-09-19T16:58:59+00:00\",\"breadcrumb\":{\"@id\":\"https:\\\/\\\/www.ip.gov.py\\\/ip\\\/2021\\\/09\\\/19\\\/iniciara-a-la-semana-del-supremo-homenaje-a-jose-gaspar-rodriguez-de-francia\\\/#breadcrumb\"},\"inLanguage\":\"es\",\"potentialAction\":[{\"@type\":\"ReadAction\",\"target\":[\"https:\\\/\\\/www.ip.gov.py\\\/ip\\\/2021\\\/09\\\/19\\\/iniciara-a-la-semana-del-supremo-homenaje-a-jose-gaspar-rodriguez-de-francia\\\/\"]}]},{\"@type\":\"ImageObject\",\"inLanguage\":\"es\",\"@id\":\"https:\\\/\\\/www.ip.gov.py\\\/ip\\\/2021\\\/09\\\/19\\\/iniciara-a-la-semana-del-supremo-homenaje-a-jose-gaspar-rodriguez-de-francia\\\/#primaryimage\",\"url\":\"https:\\\/\\\/www.ip.gov.py\\\/ip\\\/wp-content\\\/uploads\\\/2021\\\/09\\\/Jose-Gaspar.jpeg\",\"contentUrl\":\"https:\\\/\\\/www.ip.gov.py\\\/ip\\\/wp-content\\\/uploads\\\/2021\\\/09\\\/Jose-Gaspar.jpeg\",\"width\":384,\"height\":512,\"caption\":\"Don Jos\u00e9 Gaspar Rodr\u00edguez de Francia \\\/ Gentileza\"},{\"@type\":\"BreadcrumbList\",\"@id\":\"https:\\\/\\\/www.ip.gov.py\\\/ip\\\/2021\\\/09\\\/19\\\/iniciara-a-la-semana-del-supremo-homenaje-a-jose-gaspar-rodriguez-de-francia\\\/#breadcrumb\",\"itemListElement\":[{\"@type\":\"ListItem\",\"position\":1,\"name\":\"Portada\",\"item\":\"https:\\\/\\\/www.ip.gov.py\\\/ip\\\/\"},{\"@type\":\"ListItem\",\"position\":2,\"name\":\"Iniciar\u00e1 la Semana del Supremo, homenaje a Jos\u00e9 Gaspar Rodr\u00edguez de Francia\"}]},{\"@type\":\"WebSite\",\"@id\":\"https:\\\/\\\/www.ip.gov.py\\\/ip\\\/#website\",\"url\":\"https:\\\/\\\/www.ip.gov.py\\\/ip\\\/\",\"name\":\".::Agencia IP::.\",\"description\":\"\",\"publisher\":{\"@id\":\"https:\\\/\\\/www.ip.gov.py\\\/ip\\\/#organization\"},\"potentialAction\":[{\"@type\":\"SearchAction\",\"target\":{\"@type\":\"EntryPoint\",\"urlTemplate\":\"https:\\\/\\\/www.ip.gov.py\\\/ip\\\/?s={search_term_string}\"},\"query-input\":{\"@type\":\"PropertyValueSpecification\",\"valueRequired\":true,\"valueName\":\"search_term_string\"}}],\"inLanguage\":\"es\"},{\"@type\":\"Organization\",\"@id\":\"https:\\\/\\\/www.ip.gov.py\\\/ip\\\/#organization\",\"name\":\"Agencia IP\",\"url\":\"https:\\\/\\\/www.ip.gov.py\\\/ip\\\/\",\"logo\":{\"@type\":\"ImageObject\",\"inLanguage\":\"es\",\"@id\":\"https:\\\/\\\/www.ip.gov.py\\\/ip\\\/#\\\/schema\\\/logo\\\/image\\\/\",\"url\":\"https:\\\/\\\/www.ip.gov.py\\\/ip\\\/wp-content\\\/uploads\\\/2018\\\/01\\\/Agencia-IP.jpg\",\"contentUrl\":\"https:\\\/\\\/www.ip.gov.py\\\/ip\\\/wp-content\\\/uploads\\\/2018\\\/01\\\/Agencia-IP.jpg\",\"width\":150,\"height\":150,\"caption\":\"Agencia IP\"},\"image\":{\"@id\":\"https:\\\/\\\/www.ip.gov.py\\\/ip\\\/#\\\/schema\\\/logo\\\/image\\\/\"},\"sameAs\":[\"https:\\\/\\\/www.facebook.com\\\/IPParaguay\\\/\",\"https:\\\/\\\/x.com\\\/IPParaguay\",\"https:\\\/\\\/www.instagram.com\\\/IPParaguay\"]},{\"@type\":\"Person\",\"@id\":\"https:\\\/\\\/www.ip.gov.py\\\/ip\\\/#\\\/schema\\\/person\\\/791af27a9219bdbf9064abb776bb41c2\",\"name\":\"Noelia Ferreira\",\"sameAs\":[\"http:\\\/\\\/www.ip.gov.py\"],\"url\":\"https:\\\/\\\/www.ip.gov.py\\\/ip\\\/author\\\/nferreira\\\/\"}]}<\/script>\n<!-- \/ Yoast SEO plugin. -->","yoast_head_json":{"title":"Iniciar\u00e1 la Semana del Supremo, homenaje a Jos\u00e9 Gaspar Rodr\u00edguez de Francia - .::Agencia IP::.","robots":{"index":"index","follow":"follow","max-snippet":"max-snippet:-1","max-image-preview":"max-image-preview:large","max-video-preview":"max-video-preview:-1"},"canonical":"https:\/\/www.ip.gov.py\/ip\/2021\/09\/19\/iniciara-a-la-semana-del-supremo-homenaje-a-jose-gaspar-rodriguez-de-francia\/","og_locale":"es_ES","og_type":"article","og_title":"Iniciar\u00e1 la Semana del Supremo, homenaje a Jos\u00e9 Gaspar Rodr\u00edguez de Francia - .::Agencia IP::.","og_description":"Asunci\u00f3n, Agencia IP.- A los 181 a\u00f1os del fallecimiento del forjador y principal ide\u00f3logo que llev\u00f3 adelante el proceso de independencia de la Rep\u00fablica del Paraguay, se realizar\u00e1 la segunda edici\u00f3n de la Semana del Supremo, homenaje a Jos\u00e9 Gaspar Rodr\u00edguez de Francia.","og_url":"https:\/\/www.ip.gov.py\/ip\/2021\/09\/19\/iniciara-a-la-semana-del-supremo-homenaje-a-jose-gaspar-rodriguez-de-francia\/","og_site_name":".::Agencia IP::.","article_publisher":"https:\/\/www.facebook.com\/IPParaguay\/","article_published_time":"2021-09-19T16:58:40+00:00","article_modified_time":"2021-09-19T16:58:59+00:00","og_image":[{"width":384,"height":512,"url":"https:\/\/www.ip.gov.py\/ip\/wp-content\/uploads\/2021\/09\/Jose-Gaspar.jpeg","type":"image\/jpeg"}],"author":"Noelia Ferreira","twitter_card":"summary_large_image","twitter_creator":"@IPParaguay","twitter_site":"@IPParaguay","twitter_misc":{"Escrito por":"Noelia Ferreira","Tiempo de lectura":"5 minutos"},"schema":{"@context":"https:\/\/schema.org","@graph":[{"@type":"Article","@id":"https:\/\/www.ip.gov.py\/ip\/2021\/09\/19\/iniciara-a-la-semana-del-supremo-homenaje-a-jose-gaspar-rodriguez-de-francia\/#article","isPartOf":{"@id":"https:\/\/www.ip.gov.py\/ip\/2021\/09\/19\/iniciara-a-la-semana-del-supremo-homenaje-a-jose-gaspar-rodriguez-de-francia\/"},"author":{"name":"Noelia Ferreira","@id":"https:\/\/www.ip.gov.py\/ip\/#\/schema\/person\/791af27a9219bdbf9064abb776bb41c2"},"headline":"Iniciar\u00e1 la Semana del Supremo, homenaje a Jos\u00e9 Gaspar Rodr\u00edguez de Francia","datePublished":"2021-09-19T16:58:40+00:00","dateModified":"2021-09-19T16:58:59+00:00","mainEntityOfPage":{"@id":"https:\/\/www.ip.gov.py\/ip\/2021\/09\/19\/iniciara-a-la-semana-del-supremo-homenaje-a-jose-gaspar-rodriguez-de-francia\/"},"wordCount":1030,"publisher":{"@id":"https:\/\/www.ip.gov.py\/ip\/#organization"},"image":{"@id":"https:\/\/www.ip.gov.py\/ip\/2021\/09\/19\/iniciara-a-la-semana-del-supremo-homenaje-a-jose-gaspar-rodriguez-de-francia\/#primaryimage"},"thumbnailUrl":"https:\/\/www.ip.gov.py\/ip\/wp-content\/uploads\/2021\/09\/Jose-Gaspar.jpeg","keywords":["Homenaje","Jos\u00e9 Gaspar Rodr\u00edguez de Francia","Semana del Supremo"],"articleSection":["Cultura"],"inLanguage":"es"},{"@type":"WebPage","@id":"https:\/\/www.ip.gov.py\/ip\/2021\/09\/19\/iniciara-a-la-semana-del-supremo-homenaje-a-jose-gaspar-rodriguez-de-francia\/","url":"https:\/\/www.ip.gov.py\/ip\/2021\/09\/19\/iniciara-a-la-semana-del-supremo-homenaje-a-jose-gaspar-rodriguez-de-francia\/","name":"Iniciar\u00e1 la Semana del Supremo, homenaje a Jos\u00e9 Gaspar Rodr\u00edguez de Francia - .::Agencia IP::.","isPartOf":{"@id":"https:\/\/www.ip.gov.py\/ip\/#website"},"primaryImageOfPage":{"@id":"https:\/\/www.ip.gov.py\/ip\/2021\/09\/19\/iniciara-a-la-semana-del-supremo-homenaje-a-jose-gaspar-rodriguez-de-francia\/#primaryimage"},"image":{"@id":"https:\/\/www.ip.gov.py\/ip\/2021\/09\/19\/iniciara-a-la-semana-del-supremo-homenaje-a-jose-gaspar-rodriguez-de-francia\/#primaryimage"},"thumbnailUrl":"https:\/\/www.ip.gov.py\/ip\/wp-content\/uploads\/2021\/09\/Jose-Gaspar.jpeg","datePublished":"2021-09-19T16:58:40+00:00","dateModified":"2021-09-19T16:58:59+00:00","breadcrumb":{"@id":"https:\/\/www.ip.gov.py\/ip\/2021\/09\/19\/iniciara-a-la-semana-del-supremo-homenaje-a-jose-gaspar-rodriguez-de-francia\/#breadcrumb"},"inLanguage":"es","potentialAction":[{"@type":"ReadAction","target":["https:\/\/www.ip.gov.py\/ip\/2021\/09\/19\/iniciara-a-la-semana-del-supremo-homenaje-a-jose-gaspar-rodriguez-de-francia\/"]}]},{"@type":"ImageObject","inLanguage":"es","@id":"https:\/\/www.ip.gov.py\/ip\/2021\/09\/19\/iniciara-a-la-semana-del-supremo-homenaje-a-jose-gaspar-rodriguez-de-francia\/#primaryimage","url":"https:\/\/www.ip.gov.py\/ip\/wp-content\/uploads\/2021\/09\/Jose-Gaspar.jpeg","contentUrl":"https:\/\/www.ip.gov.py\/ip\/wp-content\/uploads\/2021\/09\/Jose-Gaspar.jpeg","width":384,"height":512,"caption":"Don Jos\u00e9 Gaspar Rodr\u00edguez de Francia \/ Gentileza"},{"@type":"BreadcrumbList","@id":"https:\/\/www.ip.gov.py\/ip\/2021\/09\/19\/iniciara-a-la-semana-del-supremo-homenaje-a-jose-gaspar-rodriguez-de-francia\/#breadcrumb","itemListElement":[{"@type":"ListItem","position":1,"name":"Portada","item":"https:\/\/www.ip.gov.py\/ip\/"},{"@type":"ListItem","position":2,"name":"Iniciar\u00e1 la Semana del Supremo, homenaje a Jos\u00e9 Gaspar Rodr\u00edguez de Francia"}]},{"@type":"WebSite","@id":"https:\/\/www.ip.gov.py\/ip\/#website","url":"https:\/\/www.ip.gov.py\/ip\/","name":".::Agencia IP::.","description":"","publisher":{"@id":"https:\/\/www.ip.gov.py\/ip\/#organization"},"potentialAction":[{"@type":"SearchAction","target":{"@type":"EntryPoint","urlTemplate":"https:\/\/www.ip.gov.py\/ip\/?s={search_term_string}"},"query-input":{"@type":"PropertyValueSpecification","valueRequired":true,"valueName":"search_term_string"}}],"inLanguage":"es"},{"@type":"Organization","@id":"https:\/\/www.ip.gov.py\/ip\/#organization","name":"Agencia IP","url":"https:\/\/www.ip.gov.py\/ip\/","logo":{"@type":"ImageObject","inLanguage":"es","@id":"https:\/\/www.ip.gov.py\/ip\/#\/schema\/logo\/image\/","url":"https:\/\/www.ip.gov.py\/ip\/wp-content\/uploads\/2018\/01\/Agencia-IP.jpg","contentUrl":"https:\/\/www.ip.gov.py\/ip\/wp-content\/uploads\/2018\/01\/Agencia-IP.jpg","width":150,"height":150,"caption":"Agencia IP"},"image":{"@id":"https:\/\/www.ip.gov.py\/ip\/#\/schema\/logo\/image\/"},"sameAs":["https:\/\/www.facebook.com\/IPParaguay\/","https:\/\/x.com\/IPParaguay","https:\/\/www.instagram.com\/IPParaguay"]},{"@type":"Person","@id":"https:\/\/www.ip.gov.py\/ip\/#\/schema\/person\/791af27a9219bdbf9064abb776bb41c2","name":"Noelia Ferreira","sameAs":["http:\/\/www.ip.gov.py"],"url":"https:\/\/www.ip.gov.py\/ip\/author\/nferreira\/"}]}},"_links":{"self":[{"href":"https:\/\/www.ip.gov.py\/ip\/wp-json\/wp\/v2\/posts\/384981","targetHints":{"allow":["GET"]}}],"collection":[{"href":"https:\/\/www.ip.gov.py\/ip\/wp-json\/wp\/v2\/posts"}],"about":[{"href":"https:\/\/www.ip.gov.py\/ip\/wp-json\/wp\/v2\/types\/post"}],"author":[{"embeddable":true,"href":"https:\/\/www.ip.gov.py\/ip\/wp-json\/wp\/v2\/users\/23"}],"replies":[{"embeddable":true,"href":"https:\/\/www.ip.gov.py\/ip\/wp-json\/wp\/v2\/comments?post=384981"}],"version-history":[{"count":0,"href":"https:\/\/www.ip.gov.py\/ip\/wp-json\/wp\/v2\/posts\/384981\/revisions"}],"wp:featuredmedia":[{"embeddable":true,"href":"https:\/\/www.ip.gov.py\/ip\/wp-json\/wp\/v2\/media\/384983"}],"wp:attachment":[{"href":"https:\/\/www.ip.gov.py\/ip\/wp-json\/wp\/v2\/media?parent=384981"}],"wp:term":[{"taxonomy":"category","embeddable":true,"href":"https:\/\/www.ip.gov.py\/ip\/wp-json\/wp\/v2\/categories?post=384981"},{"taxonomy":"post_tag","embeddable":true,"href":"https:\/\/www.ip.gov.py\/ip\/wp-json\/wp\/v2\/tags?post=384981"}],"curies":[{"name":"wp","href":"https:\/\/api.w.org\/{rel}","templated":true}]}}