{"id":385373,"date":"2021-09-21T13:50:06","date_gmt":"2021-09-21T17:50:06","guid":{"rendered":"https:\/\/www.ip.gov.py\/ip\/?p=385373"},"modified":"2021-09-21T13:50:06","modified_gmt":"2021-09-21T17:50:06","slug":"un-sismo-de-6-6-en-la-escala-de-richter-sacudio-el-centro-sur-de-chile","status":"publish","type":"post","link":"https:\/\/www.ip.gov.py\/ip\/2021\/09\/21\/un-sismo-de-6-6-en-la-escala-de-richter-sacudio-el-centro-sur-de-chile\/","title":{"rendered":"Un sismo de 6.6 en la escala de Richter sacudi\u00f3 el centro sur de Chile"},"content":{"rendered":"<p style=\"text-align: justify;\"><em><strong>Santiago.-<\/strong><\/em>Durante la ma\u00f1ana de este martes dos fuertes sismos afectaron a la regi\u00f3n centro sur de Chile. El Centro Sismol\u00f3gico Nacional indic\u00f3 que la magnitud del temblor m\u00e1s fuerte fue de 6.6 en la escala de Richter, localizado a 159 kil\u00f3metros al Noroeste de Lebu. Y otra de menor intensidad, de 6.3, a 64 kil\u00f3metros al Noroeste de Arauco.<!--more--><\/p>\n<p style=\"text-align: justify;\">Asimismo, el organismo aclar\u00f3 que la \u201clas caracter\u00edsticas del sismo no re\u00fanen las condiciones necesarias para generar un tsunami en las costas chilenas\u201d.<\/p>\n<p style=\"text-align: justify;\">El epicentro del temblor fue en la regi\u00f3n del Biob\u00edo, a m\u00e1s de 500 kil\u00f3metros al sur de Santiago, donde hasta el momento no se han reportado v\u00edctimas o da\u00f1os materiales.<\/p>\n<p style=\"text-align: justify;\">El Centro Sismol\u00f3gico Nacional indica que la magnitud del sismo fue 6.6 localizado a 159 Kms al Noroeste de Leb\u00fa.El primero de los sismos se registr\u00f3 a las 10.14 (hora local), al noroeste de la ciudad de Arauco -unos 630 kil\u00f3metros de Santiago-, inform\u00f3 el Servicio de Geolog\u00eda de Estados Unidos. Un temblor que tuvo una profundidad de 12,5 kil\u00f3metros.<\/p>\n<p style=\"text-align: justify;\">Y el segundo, se origin\u00f3 al noroeste del municipio costero de Lebu con el registro m\u00e1s alto de 6.6 y una profundidad de 10 kil\u00f3metros.<\/p>\n<p style=\"text-align: justify;\">El movimiento tel\u00farico se percibi\u00f3 en la regi\u00f3n del Biob\u00edo y tambi\u00e9n en la regi\u00f3n de \u00d1uble, en la zona centro, donde se registraron intensidades de entre 3 y 5 grados.<\/p>\n<p style=\"text-align: justify;\">En tanto, en la Regi\u00f3n Metropolitana, que alberga la capital, no se report\u00f3 ning\u00fan tipo de movimiento.<\/p>\n<p style=\"text-align: justify;\">Chile es uno de los pa\u00edses m\u00e1s proclives a sufrir terremotos porque est\u00e1 ubicado justo al l\u00edmite de la placa tect\u00f3nica de Nazca, que choca contra la placa Sudamericana.<\/p>\n<p style=\"text-align: justify;\">Durante los \u00faltimos d\u00edas, varios eventos tel\u00faricos se registraron en la regi\u00f3n de Biob\u00edo y tambi\u00e9n m\u00e1s de 80 temblores fueron registrados en la regi\u00f3n Coquimbo, espec\u00edficamente frente a Los Vilos.<\/p>\n<p style=\"text-align: justify;\">El fen\u00f3meno terrestre comenz\u00f3 con un movimiento tel\u00farico de magnitud 4,8 en la escala Richter, y desde ah\u00ed se han detectado decenas en el mismo lugar.<\/p>\n<p style=\"text-align: justify;\">Si bien s\u00f3lo unos pocos temblores fueron percibidos por los habitantes del lugar, al menos uno diario super\u00f3 la magnitud de 4.0.<\/p>\n<p style=\"text-align: justify;\">Seg\u00fan datos del CSN, el organismo t\u00e9cnico oficial encargado de monitorear la actividad s\u00edsmica en el pa\u00eds, durante el 2020 se registraron 7.826 sismos en total, de los cuales 667 tuvieron una magnitud perceptible.Clar\u00edn.<\/p>\n<p style=\"text-align: justify;\">\n","protected":false},"excerpt":{"rendered":"<p>Santiago.-Durante la ma\u00f1ana de este martes dos fuertes sismos afectaron a la regi\u00f3n centro sur de Chile. El Centro Sismol\u00f3gico Nacional indic\u00f3 que la magnitud del temblor m\u00e1s fuerte fue de 6.6 en la escala de Richter, localizado a 159 kil\u00f3metros al Noroeste de Lebu. Y otra de menor intensidad, de 6.3, a 64 kil\u00f3metros [&hellip;]<\/p>\n","protected":false},"author":11,"featured_media":385374,"comment_status":"closed","ping_status":"closed","sticky":false,"template":"","format":"standard","meta":{"_monsterinsights_skip_tracking":false,"_monsterinsights_sitenote_active":false,"_monsterinsights_sitenote_note":"","_monsterinsights_sitenote_category":0,"footnotes":""},"categories":[5],"tags":[3983,8775,858,4203,1066],"class_list":{"0":"post-385373","1":"post","2":"type-post","3":"status-publish","4":"format-standard","5":"has-post-thumbnail","7":"category-internacionales","8":"tag-alarma","9":"tag-arauco","10":"tag-chile","11":"tag-santiago","12":"tag-sismo"},"yoast_head":"<!-- This site is optimized with the Yoast SEO plugin v27.5 - https:\/\/yoast.com\/product\/yoast-seo-wordpress\/ -->\n<title>Un sismo de 6.6 en la escala de Richter sacudi\u00f3 el centro sur de Chile - .::Agencia IP::.<\/title>\n<meta name=\"robots\" content=\"index, follow, max-snippet:-1, max-image-preview:large, max-video-preview:-1\" \/>\n<link rel=\"canonical\" href=\"https:\/\/www.ip.gov.py\/ip\/2021\/09\/21\/un-sismo-de-6-6-en-la-escala-de-richter-sacudio-el-centro-sur-de-chile\/\" \/>\n<meta property=\"og:locale\" content=\"es_ES\" \/>\n<meta property=\"og:type\" content=\"article\" \/>\n<meta property=\"og:title\" content=\"Un sismo de 6.6 en la escala de Richter sacudi\u00f3 el centro sur de Chile - .::Agencia IP::.\" \/>\n<meta property=\"og:description\" content=\"Santiago.-Durante la ma\u00f1ana de este martes dos fuertes sismos afectaron a la regi\u00f3n centro sur de Chile. El Centro Sismol\u00f3gico Nacional indic\u00f3 que la magnitud del temblor m\u00e1s fuerte fue de 6.6 en la escala de Richter, localizado a 159 kil\u00f3metros al Noroeste de Lebu. Y otra de menor intensidad, de 6.3, a 64 kil\u00f3metros [&hellip;]\" \/>\n<meta property=\"og:url\" content=\"https:\/\/www.ip.gov.py\/ip\/2021\/09\/21\/un-sismo-de-6-6-en-la-escala-de-richter-sacudio-el-centro-sur-de-chile\/\" \/>\n<meta property=\"og:site_name\" content=\".::Agencia IP::.\" \/>\n<meta property=\"article:publisher\" content=\"https:\/\/www.facebook.com\/IPParaguay\/\" \/>\n<meta property=\"article:published_time\" content=\"2021-09-21T17:50:06+00:00\" \/>\n<meta property=\"og:image\" content=\"https:\/\/www.ip.gov.py\/ip\/wp-content\/uploads\/2021\/09\/Chile-1.jpg\" \/>\n\t<meta property=\"og:image:width\" content=\"1256\" \/>\n\t<meta property=\"og:image:height\" content=\"620\" \/>\n\t<meta property=\"og:image:type\" content=\"image\/jpeg\" \/>\n<meta name=\"author\" content=\"vrios\" \/>\n<meta name=\"twitter:card\" content=\"summary_large_image\" \/>\n<meta name=\"twitter:creator\" content=\"@IPParaguay\" \/>\n<meta name=\"twitter:site\" content=\"@IPParaguay\" \/>\n<meta name=\"twitter:label1\" content=\"Escrito por\" \/>\n\t<meta name=\"twitter:data1\" content=\"vrios\" \/>\n\t<meta name=\"twitter:label2\" content=\"Tiempo de lectura\" \/>\n\t<meta name=\"twitter:data2\" content=\"2 minutos\" \/>\n<script type=\"application\/ld+json\" class=\"yoast-schema-graph\">{\"@context\":\"https:\\\/\\\/schema.org\",\"@graph\":[{\"@type\":\"Article\",\"@id\":\"https:\\\/\\\/www.ip.gov.py\\\/ip\\\/2021\\\/09\\\/21\\\/un-sismo-de-6-6-en-la-escala-de-richter-sacudio-el-centro-sur-de-chile\\\/#article\",\"isPartOf\":{\"@id\":\"https:\\\/\\\/www.ip.gov.py\\\/ip\\\/2021\\\/09\\\/21\\\/un-sismo-de-6-6-en-la-escala-de-richter-sacudio-el-centro-sur-de-chile\\\/\"},\"author\":{\"name\":\"vrios\",\"@id\":\"https:\\\/\\\/www.ip.gov.py\\\/ip\\\/#\\\/schema\\\/person\\\/fa3668852e893cb0423795330f919039\"},\"headline\":\"Un sismo de 6.6 en la escala de Richter sacudi\u00f3 el centro sur de Chile\",\"datePublished\":\"2021-09-21T17:50:06+00:00\",\"mainEntityOfPage\":{\"@id\":\"https:\\\/\\\/www.ip.gov.py\\\/ip\\\/2021\\\/09\\\/21\\\/un-sismo-de-6-6-en-la-escala-de-richter-sacudio-el-centro-sur-de-chile\\\/\"},\"wordCount\":433,\"publisher\":{\"@id\":\"https:\\\/\\\/www.ip.gov.py\\\/ip\\\/#organization\"},\"image\":{\"@id\":\"https:\\\/\\\/www.ip.gov.py\\\/ip\\\/2021\\\/09\\\/21\\\/un-sismo-de-6-6-en-la-escala-de-richter-sacudio-el-centro-sur-de-chile\\\/#primaryimage\"},\"thumbnailUrl\":\"https:\\\/\\\/www.ip.gov.py\\\/ip\\\/wp-content\\\/uploads\\\/2021\\\/09\\\/Chile-1.jpg\",\"keywords\":[\"Alarma\",\"Arauco\",\"Chile\",\"Santiago\",\"Sismo\"],\"articleSection\":[\"Internacionales\"],\"inLanguage\":\"es\"},{\"@type\":\"WebPage\",\"@id\":\"https:\\\/\\\/www.ip.gov.py\\\/ip\\\/2021\\\/09\\\/21\\\/un-sismo-de-6-6-en-la-escala-de-richter-sacudio-el-centro-sur-de-chile\\\/\",\"url\":\"https:\\\/\\\/www.ip.gov.py\\\/ip\\\/2021\\\/09\\\/21\\\/un-sismo-de-6-6-en-la-escala-de-richter-sacudio-el-centro-sur-de-chile\\\/\",\"name\":\"Un sismo de 6.6 en la escala de Richter sacudi\u00f3 el centro sur de Chile - .::Agencia IP::.\",\"isPartOf\":{\"@id\":\"https:\\\/\\\/www.ip.gov.py\\\/ip\\\/#website\"},\"primaryImageOfPage\":{\"@id\":\"https:\\\/\\\/www.ip.gov.py\\\/ip\\\/2021\\\/09\\\/21\\\/un-sismo-de-6-6-en-la-escala-de-richter-sacudio-el-centro-sur-de-chile\\\/#primaryimage\"},\"image\":{\"@id\":\"https:\\\/\\\/www.ip.gov.py\\\/ip\\\/2021\\\/09\\\/21\\\/un-sismo-de-6-6-en-la-escala-de-richter-sacudio-el-centro-sur-de-chile\\\/#primaryimage\"},\"thumbnailUrl\":\"https:\\\/\\\/www.ip.gov.py\\\/ip\\\/wp-content\\\/uploads\\\/2021\\\/09\\\/Chile-1.jpg\",\"datePublished\":\"2021-09-21T17:50:06+00:00\",\"breadcrumb\":{\"@id\":\"https:\\\/\\\/www.ip.gov.py\\\/ip\\\/2021\\\/09\\\/21\\\/un-sismo-de-6-6-en-la-escala-de-richter-sacudio-el-centro-sur-de-chile\\\/#breadcrumb\"},\"inLanguage\":\"es\",\"potentialAction\":[{\"@type\":\"ReadAction\",\"target\":[\"https:\\\/\\\/www.ip.gov.py\\\/ip\\\/2021\\\/09\\\/21\\\/un-sismo-de-6-6-en-la-escala-de-richter-sacudio-el-centro-sur-de-chile\\\/\"]}]},{\"@type\":\"ImageObject\",\"inLanguage\":\"es\",\"@id\":\"https:\\\/\\\/www.ip.gov.py\\\/ip\\\/2021\\\/09\\\/21\\\/un-sismo-de-6-6-en-la-escala-de-richter-sacudio-el-centro-sur-de-chile\\\/#primaryimage\",\"url\":\"https:\\\/\\\/www.ip.gov.py\\\/ip\\\/wp-content\\\/uploads\\\/2021\\\/09\\\/Chile-1.jpg\",\"contentUrl\":\"https:\\\/\\\/www.ip.gov.py\\\/ip\\\/wp-content\\\/uploads\\\/2021\\\/09\\\/Chile-1.jpg\",\"width\":1256,\"height\":620,\"caption\":\"Efe\"},{\"@type\":\"BreadcrumbList\",\"@id\":\"https:\\\/\\\/www.ip.gov.py\\\/ip\\\/2021\\\/09\\\/21\\\/un-sismo-de-6-6-en-la-escala-de-richter-sacudio-el-centro-sur-de-chile\\\/#breadcrumb\",\"itemListElement\":[{\"@type\":\"ListItem\",\"position\":1,\"name\":\"Portada\",\"item\":\"https:\\\/\\\/www.ip.gov.py\\\/ip\\\/\"},{\"@type\":\"ListItem\",\"position\":2,\"name\":\"Un sismo de 6.6 en la escala de Richter sacudi\u00f3 el centro sur de Chile\"}]},{\"@type\":\"WebSite\",\"@id\":\"https:\\\/\\\/www.ip.gov.py\\\/ip\\\/#website\",\"url\":\"https:\\\/\\\/www.ip.gov.py\\\/ip\\\/\",\"name\":\".::Agencia IP::.\",\"description\":\"\",\"publisher\":{\"@id\":\"https:\\\/\\\/www.ip.gov.py\\\/ip\\\/#organization\"},\"potentialAction\":[{\"@type\":\"SearchAction\",\"target\":{\"@type\":\"EntryPoint\",\"urlTemplate\":\"https:\\\/\\\/www.ip.gov.py\\\/ip\\\/?s={search_term_string}\"},\"query-input\":{\"@type\":\"PropertyValueSpecification\",\"valueRequired\":true,\"valueName\":\"search_term_string\"}}],\"inLanguage\":\"es\"},{\"@type\":\"Organization\",\"@id\":\"https:\\\/\\\/www.ip.gov.py\\\/ip\\\/#organization\",\"name\":\"Agencia IP\",\"url\":\"https:\\\/\\\/www.ip.gov.py\\\/ip\\\/\",\"logo\":{\"@type\":\"ImageObject\",\"inLanguage\":\"es\",\"@id\":\"https:\\\/\\\/www.ip.gov.py\\\/ip\\\/#\\\/schema\\\/logo\\\/image\\\/\",\"url\":\"https:\\\/\\\/www.ip.gov.py\\\/ip\\\/wp-content\\\/uploads\\\/2018\\\/01\\\/Agencia-IP.jpg\",\"contentUrl\":\"https:\\\/\\\/www.ip.gov.py\\\/ip\\\/wp-content\\\/uploads\\\/2018\\\/01\\\/Agencia-IP.jpg\",\"width\":150,\"height\":150,\"caption\":\"Agencia IP\"},\"image\":{\"@id\":\"https:\\\/\\\/www.ip.gov.py\\\/ip\\\/#\\\/schema\\\/logo\\\/image\\\/\"},\"sameAs\":[\"https:\\\/\\\/www.facebook.com\\\/IPParaguay\\\/\",\"https:\\\/\\\/x.com\\\/IPParaguay\",\"https:\\\/\\\/www.instagram.com\\\/IPParaguay\"]},{\"@type\":\"Person\",\"@id\":\"https:\\\/\\\/www.ip.gov.py\\\/ip\\\/#\\\/schema\\\/person\\\/fa3668852e893cb0423795330f919039\",\"name\":\"vrios\",\"url\":\"https:\\\/\\\/www.ip.gov.py\\\/ip\\\/author\\\/vrios\\\/\"}]}<\/script>\n<!-- \/ Yoast SEO plugin. -->","yoast_head_json":{"title":"Un sismo de 6.6 en la escala de Richter sacudi\u00f3 el centro sur de Chile - .::Agencia IP::.","robots":{"index":"index","follow":"follow","max-snippet":"max-snippet:-1","max-image-preview":"max-image-preview:large","max-video-preview":"max-video-preview:-1"},"canonical":"https:\/\/www.ip.gov.py\/ip\/2021\/09\/21\/un-sismo-de-6-6-en-la-escala-de-richter-sacudio-el-centro-sur-de-chile\/","og_locale":"es_ES","og_type":"article","og_title":"Un sismo de 6.6 en la escala de Richter sacudi\u00f3 el centro sur de Chile - .::Agencia IP::.","og_description":"Santiago.-Durante la ma\u00f1ana de este martes dos fuertes sismos afectaron a la regi\u00f3n centro sur de Chile. El Centro Sismol\u00f3gico Nacional indic\u00f3 que la magnitud del temblor m\u00e1s fuerte fue de 6.6 en la escala de Richter, localizado a 159 kil\u00f3metros al Noroeste de Lebu. Y otra de menor intensidad, de 6.3, a 64 kil\u00f3metros [&hellip;]","og_url":"https:\/\/www.ip.gov.py\/ip\/2021\/09\/21\/un-sismo-de-6-6-en-la-escala-de-richter-sacudio-el-centro-sur-de-chile\/","og_site_name":".::Agencia IP::.","article_publisher":"https:\/\/www.facebook.com\/IPParaguay\/","article_published_time":"2021-09-21T17:50:06+00:00","og_image":[{"width":1256,"height":620,"url":"https:\/\/www.ip.gov.py\/ip\/wp-content\/uploads\/2021\/09\/Chile-1.jpg","type":"image\/jpeg"}],"author":"vrios","twitter_card":"summary_large_image","twitter_creator":"@IPParaguay","twitter_site":"@IPParaguay","twitter_misc":{"Escrito por":"vrios","Tiempo de lectura":"2 minutos"},"schema":{"@context":"https:\/\/schema.org","@graph":[{"@type":"Article","@id":"https:\/\/www.ip.gov.py\/ip\/2021\/09\/21\/un-sismo-de-6-6-en-la-escala-de-richter-sacudio-el-centro-sur-de-chile\/#article","isPartOf":{"@id":"https:\/\/www.ip.gov.py\/ip\/2021\/09\/21\/un-sismo-de-6-6-en-la-escala-de-richter-sacudio-el-centro-sur-de-chile\/"},"author":{"name":"vrios","@id":"https:\/\/www.ip.gov.py\/ip\/#\/schema\/person\/fa3668852e893cb0423795330f919039"},"headline":"Un sismo de 6.6 en la escala de Richter sacudi\u00f3 el centro sur de Chile","datePublished":"2021-09-21T17:50:06+00:00","mainEntityOfPage":{"@id":"https:\/\/www.ip.gov.py\/ip\/2021\/09\/21\/un-sismo-de-6-6-en-la-escala-de-richter-sacudio-el-centro-sur-de-chile\/"},"wordCount":433,"publisher":{"@id":"https:\/\/www.ip.gov.py\/ip\/#organization"},"image":{"@id":"https:\/\/www.ip.gov.py\/ip\/2021\/09\/21\/un-sismo-de-6-6-en-la-escala-de-richter-sacudio-el-centro-sur-de-chile\/#primaryimage"},"thumbnailUrl":"https:\/\/www.ip.gov.py\/ip\/wp-content\/uploads\/2021\/09\/Chile-1.jpg","keywords":["Alarma","Arauco","Chile","Santiago","Sismo"],"articleSection":["Internacionales"],"inLanguage":"es"},{"@type":"WebPage","@id":"https:\/\/www.ip.gov.py\/ip\/2021\/09\/21\/un-sismo-de-6-6-en-la-escala-de-richter-sacudio-el-centro-sur-de-chile\/","url":"https:\/\/www.ip.gov.py\/ip\/2021\/09\/21\/un-sismo-de-6-6-en-la-escala-de-richter-sacudio-el-centro-sur-de-chile\/","name":"Un sismo de 6.6 en la escala de Richter sacudi\u00f3 el centro sur de Chile - .::Agencia IP::.","isPartOf":{"@id":"https:\/\/www.ip.gov.py\/ip\/#website"},"primaryImageOfPage":{"@id":"https:\/\/www.ip.gov.py\/ip\/2021\/09\/21\/un-sismo-de-6-6-en-la-escala-de-richter-sacudio-el-centro-sur-de-chile\/#primaryimage"},"image":{"@id":"https:\/\/www.ip.gov.py\/ip\/2021\/09\/21\/un-sismo-de-6-6-en-la-escala-de-richter-sacudio-el-centro-sur-de-chile\/#primaryimage"},"thumbnailUrl":"https:\/\/www.ip.gov.py\/ip\/wp-content\/uploads\/2021\/09\/Chile-1.jpg","datePublished":"2021-09-21T17:50:06+00:00","breadcrumb":{"@id":"https:\/\/www.ip.gov.py\/ip\/2021\/09\/21\/un-sismo-de-6-6-en-la-escala-de-richter-sacudio-el-centro-sur-de-chile\/#breadcrumb"},"inLanguage":"es","potentialAction":[{"@type":"ReadAction","target":["https:\/\/www.ip.gov.py\/ip\/2021\/09\/21\/un-sismo-de-6-6-en-la-escala-de-richter-sacudio-el-centro-sur-de-chile\/"]}]},{"@type":"ImageObject","inLanguage":"es","@id":"https:\/\/www.ip.gov.py\/ip\/2021\/09\/21\/un-sismo-de-6-6-en-la-escala-de-richter-sacudio-el-centro-sur-de-chile\/#primaryimage","url":"https:\/\/www.ip.gov.py\/ip\/wp-content\/uploads\/2021\/09\/Chile-1.jpg","contentUrl":"https:\/\/www.ip.gov.py\/ip\/wp-content\/uploads\/2021\/09\/Chile-1.jpg","width":1256,"height":620,"caption":"Efe"},{"@type":"BreadcrumbList","@id":"https:\/\/www.ip.gov.py\/ip\/2021\/09\/21\/un-sismo-de-6-6-en-la-escala-de-richter-sacudio-el-centro-sur-de-chile\/#breadcrumb","itemListElement":[{"@type":"ListItem","position":1,"name":"Portada","item":"https:\/\/www.ip.gov.py\/ip\/"},{"@type":"ListItem","position":2,"name":"Un sismo de 6.6 en la escala de Richter sacudi\u00f3 el centro sur de Chile"}]},{"@type":"WebSite","@id":"https:\/\/www.ip.gov.py\/ip\/#website","url":"https:\/\/www.ip.gov.py\/ip\/","name":".::Agencia IP::.","description":"","publisher":{"@id":"https:\/\/www.ip.gov.py\/ip\/#organization"},"potentialAction":[{"@type":"SearchAction","target":{"@type":"EntryPoint","urlTemplate":"https:\/\/www.ip.gov.py\/ip\/?s={search_term_string}"},"query-input":{"@type":"PropertyValueSpecification","valueRequired":true,"valueName":"search_term_string"}}],"inLanguage":"es"},{"@type":"Organization","@id":"https:\/\/www.ip.gov.py\/ip\/#organization","name":"Agencia IP","url":"https:\/\/www.ip.gov.py\/ip\/","logo":{"@type":"ImageObject","inLanguage":"es","@id":"https:\/\/www.ip.gov.py\/ip\/#\/schema\/logo\/image\/","url":"https:\/\/www.ip.gov.py\/ip\/wp-content\/uploads\/2018\/01\/Agencia-IP.jpg","contentUrl":"https:\/\/www.ip.gov.py\/ip\/wp-content\/uploads\/2018\/01\/Agencia-IP.jpg","width":150,"height":150,"caption":"Agencia IP"},"image":{"@id":"https:\/\/www.ip.gov.py\/ip\/#\/schema\/logo\/image\/"},"sameAs":["https:\/\/www.facebook.com\/IPParaguay\/","https:\/\/x.com\/IPParaguay","https:\/\/www.instagram.com\/IPParaguay"]},{"@type":"Person","@id":"https:\/\/www.ip.gov.py\/ip\/#\/schema\/person\/fa3668852e893cb0423795330f919039","name":"vrios","url":"https:\/\/www.ip.gov.py\/ip\/author\/vrios\/"}]}},"_links":{"self":[{"href":"https:\/\/www.ip.gov.py\/ip\/wp-json\/wp\/v2\/posts\/385373","targetHints":{"allow":["GET"]}}],"collection":[{"href":"https:\/\/www.ip.gov.py\/ip\/wp-json\/wp\/v2\/posts"}],"about":[{"href":"https:\/\/www.ip.gov.py\/ip\/wp-json\/wp\/v2\/types\/post"}],"author":[{"embeddable":true,"href":"https:\/\/www.ip.gov.py\/ip\/wp-json\/wp\/v2\/users\/11"}],"replies":[{"embeddable":true,"href":"https:\/\/www.ip.gov.py\/ip\/wp-json\/wp\/v2\/comments?post=385373"}],"version-history":[{"count":0,"href":"https:\/\/www.ip.gov.py\/ip\/wp-json\/wp\/v2\/posts\/385373\/revisions"}],"wp:featuredmedia":[{"embeddable":true,"href":"https:\/\/www.ip.gov.py\/ip\/wp-json\/wp\/v2\/media\/385374"}],"wp:attachment":[{"href":"https:\/\/www.ip.gov.py\/ip\/wp-json\/wp\/v2\/media?parent=385373"}],"wp:term":[{"taxonomy":"category","embeddable":true,"href":"https:\/\/www.ip.gov.py\/ip\/wp-json\/wp\/v2\/categories?post=385373"},{"taxonomy":"post_tag","embeddable":true,"href":"https:\/\/www.ip.gov.py\/ip\/wp-json\/wp\/v2\/tags?post=385373"}],"curies":[{"name":"wp","href":"https:\/\/api.w.org\/{rel}","templated":true}]}}