{"id":386341,"date":"2021-09-29T10:38:36","date_gmt":"2021-09-29T14:38:36","guid":{"rendered":"https:\/\/www.ip.gov.py\/ip\/?p=386341"},"modified":"2021-09-29T10:50:04","modified_gmt":"2021-09-29T14:50:04","slug":"presidente-participo-en-homenaje-por-el-89-aniversario-del-triunfo-de-la-batalla-de-boqueron","status":"publish","type":"post","link":"https:\/\/www.ip.gov.py\/ip\/2021\/09\/29\/presidente-participo-en-homenaje-por-el-89-aniversario-del-triunfo-de-la-batalla-de-boqueron\/","title":{"rendered":"Presidente particip\u00f3 en homenaje por el 89 aniversario del triunfo de la Batalla de Boquer\u00f3n"},"content":{"rendered":"<p style=\"text-align: justify;\"><em><strong>Asunci\u00f3n, Agencia IP.-<\/strong><\/em> En el Fort\u00edn Boquer\u00f3n, Chaco paraguayo, el presidente de la Rep\u00fablica, Mario Abdo Ben\u00edtez, particip\u00f3 este mi\u00e9rcoles de la ceremonia en conmemoraci\u00f3n del 89\u00b0 aniversario de la victoria de la Batalla de Boquer\u00f3n, durante la guerra contra Bolivia, que tuvo lugar entre los a\u00f1os 1932 a 1935.<\/p>\n<p style=\"text-align: justify;\"><!--more--><\/p>\n<p style=\"text-align: justify;\">En la ocasi\u00f3n, el comandante de la I Divisi\u00f3n de Caballer\u00eda, Julio C\u00e9sar Arguello Aveiro, indic\u00f3 que la Victoria de la Batalla de Boquer\u00f3n se constituye en un hecho glorioso de la historia guerrera del pa\u00eds, fecha declarada con justa raz\u00f3n como D\u00eda del Soldado Paraguayo.<\/p>\n<p style=\"text-align: justify;\">\u201cSi queremos hablar de Patria tenemos que saber de su historia y si queremos ser patriotas debemos conocer su historia, esta es una ocasi\u00f3n especial para hablar de ella, con el af\u00e1n de estimular las m\u00e1s sensibles fibras patri\u00f3ticas de las generaciones venideras sobre las gloriosas p\u00e1ginas de nuestra patria\u201d, agreg\u00f3 el alto jefe militar.<\/p>\n<p style=\"text-align: justify;\">La contienda de Boquer\u00f3n fue el primer enfrentamiento entre las fuerzas paraguayas y bolivianas, en el a\u00f1o 1932, en el entorno del fort\u00edn que lleva el mismo nombre, considerando que la zona era el acceso al r\u00edo Paraguay y, salida hacia el oc\u00e9ano Atl\u00e1ntico. Dur\u00f3 20 d\u00edas y el 29 de setiembre, los soldados bolivianos se rend\u00edan ante los heroicos soldados paraguayos bajo el mando del teniente coronel Jos\u00e9 F\u00e9lix Estigarribia.<\/p>\n<p style=\"text-align: justify;\"><img loading=\"lazy\" decoding=\"async\" class=\" wp-image-386352 alignright\" src=\"https:\/\/www.ip.gov.py\/ip\/wp-content\/uploads\/2021\/09\/victoria-de-Boqueron-aniversario-1-480x600.jpg\" alt=\"\" width=\"342\" height=\"428\" srcset=\"https:\/\/www.ip.gov.py\/ip\/wp-content\/uploads\/2021\/09\/victoria-de-Boqueron-aniversario-1-480x600.jpg 480w, https:\/\/www.ip.gov.py\/ip\/wp-content\/uploads\/2021\/09\/victoria-de-Boqueron-aniversario-1-768x959.jpg 768w, https:\/\/www.ip.gov.py\/ip\/wp-content\/uploads\/2021\/09\/victoria-de-Boqueron-aniversario-1-696x869.jpg 696w, https:\/\/www.ip.gov.py\/ip\/wp-content\/uploads\/2021\/09\/victoria-de-Boqueron-aniversario-1-336x420.jpg 336w, https:\/\/www.ip.gov.py\/ip\/wp-content\/uploads\/2021\/09\/victoria-de-Boqueron-aniversario-1.jpg 820w\" sizes=\"auto, (max-width: 342px) 100vw, 342px\" \/>A su vez, el gobernador de Boquer\u00f3n, Dar\u00edo Medina, expres\u00f3 que hoy es un d\u00eda de gran relevancia para el departamento y el pa\u00eds, ya que hace 89 a\u00f1os el Paraguay triunfaba en la batalla de Boquer\u00f3n<\/p>\n<p style=\"text-align: justify;\">\u201cEsta victoria sirvi\u00f3 para motivar a todos los soldados y a todo el pueblo paraguayo para ganar la guerra desatada entre 1932 y 1935. El ej\u00e9rcito paraguayo, para sobre esos m\u00e1s de 20 d\u00edas nuestro \u00e1rido Chaco, tuvo que resistir toda la rigurosidad de esta naturaleza como la falta de agua, pero el objetivo hab\u00eda sido logrado, el Fort\u00edn Boquer\u00f3n fue recuperado en un acto de orgullo nacionalista que buscaba fervientemente recuperar la regi\u00f3n del Chaco Boreal\u201d, record\u00f3.<\/p>\n<p style=\"text-align: justify;\">Sostuvo que el departamento lleva con mucho orgullo el nombre de esta hist\u00f3rica batalla \u201cBoquer\u00f3n\u201d, atendiendo a que sus hombres y mujeres desde siempre han luchado d\u00eda tras d\u00eda por el progreso de la regi\u00f3n.<\/p>\n<p style=\"text-align: justify;\">Es una ocasi\u00f3n oportuna para valorar y rendir homenaje a tantos h\u00e9roes y hero\u00ednas quienes han dado sus conocimientos, sus trabajos y hasta sus vidas, procurando salvar la de sus compatriotas, en el marco de la terrible pandemia que nos toca combatir, asever\u00f3.<\/p>\n<p style=\"text-align: justify;\">\u00abLas Fuerzas Armadas de la Naci\u00f3n deben ser siempre la aut\u00e9ntica reivindicadora de la memoria, honra y haza\u00f1a de nuestros h\u00e9roes y soldados para culminar en el glorioso acontecimiento de rendirles el m\u00e1s calificado homenaje. Que el esp\u00edritu de este invicto pabell\u00f3n nos motive hoy y siempre a la unidad nacional para que con el esfuerzo de todos los paraguayos orientemos nuestro accionar con la misma decisi\u00f3n de los combatientes de Boquer\u00f3n a la conquista de intereses y aspiraciones de progreso de esta noble naci\u00f3n guaran\u00ed\u00bb, asever\u00f3 finalmente el comandante de la I Divisi\u00f3n de Caballer\u00eda.<\/p>\n","protected":false},"excerpt":{"rendered":"<p>Asunci\u00f3n, Agencia IP.- En el Fort\u00edn Boquer\u00f3n, Chaco paraguayo, el presidente de la Rep\u00fablica, Mario Abdo Ben\u00edtez, particip\u00f3 este mi\u00e9rcoles de la ceremonia en conmemoraci\u00f3n del 89\u00b0 aniversario de la victoria de la Batalla de Boquer\u00f3n, durante la guerra contra Bolivia, que tuvo lugar entre los a\u00f1os 1932 a 1935.<\/p>\n","protected":false},"author":7,"featured_media":386349,"comment_status":"closed","ping_status":"closed","sticky":false,"template":"","format":"standard","meta":{"_monsterinsights_skip_tracking":false,"_monsterinsights_sitenote_active":false,"_monsterinsights_sitenote_note":"","_monsterinsights_sitenote_category":0,"footnotes":""},"categories":[6],"tags":[2197,620,3292],"class_list":{"0":"post-386341","1":"post","2":"type-post","3":"status-publish","4":"format-standard","5":"has-post-thumbnail","7":"category-politica","8":"tag-boqueron","9":"tag-jornada-de-gobierno","10":"tag-presidente-abdo-benitez"},"yoast_head":"<!-- This site is optimized with the Yoast SEO plugin v27.5 - https:\/\/yoast.com\/product\/yoast-seo-wordpress\/ -->\n<title>Presidente particip\u00f3 en homenaje por el 89 aniversario del triunfo de la Batalla de Boquer\u00f3n - .::Agencia IP::.<\/title>\n<meta name=\"robots\" content=\"index, follow, max-snippet:-1, max-image-preview:large, max-video-preview:-1\" \/>\n<link rel=\"canonical\" href=\"https:\/\/www.ip.gov.py\/ip\/2021\/09\/29\/presidente-participo-en-homenaje-por-el-89-aniversario-del-triunfo-de-la-batalla-de-boqueron\/\" \/>\n<meta property=\"og:locale\" content=\"es_ES\" \/>\n<meta property=\"og:type\" content=\"article\" \/>\n<meta property=\"og:title\" content=\"Presidente particip\u00f3 en homenaje por el 89 aniversario del triunfo de la Batalla de Boquer\u00f3n - .::Agencia IP::.\" \/>\n<meta property=\"og:description\" content=\"Asunci\u00f3n, Agencia IP.- En el Fort\u00edn Boquer\u00f3n, Chaco paraguayo, el presidente de la Rep\u00fablica, Mario Abdo Ben\u00edtez, particip\u00f3 este mi\u00e9rcoles de la ceremonia en conmemoraci\u00f3n del 89\u00b0 aniversario de la victoria de la Batalla de Boquer\u00f3n, durante la guerra contra Bolivia, que tuvo lugar entre los a\u00f1os 1932 a 1935.\" \/>\n<meta property=\"og:url\" content=\"https:\/\/www.ip.gov.py\/ip\/2021\/09\/29\/presidente-participo-en-homenaje-por-el-89-aniversario-del-triunfo-de-la-batalla-de-boqueron\/\" \/>\n<meta property=\"og:site_name\" content=\".::Agencia IP::.\" \/>\n<meta property=\"article:publisher\" content=\"https:\/\/www.facebook.com\/IPParaguay\/\" \/>\n<meta property=\"article:published_time\" content=\"2021-09-29T14:38:36+00:00\" \/>\n<meta property=\"article:modified_time\" content=\"2021-09-29T14:50:04+00:00\" \/>\n<meta property=\"og:image\" content=\"https:\/\/www.ip.gov.py\/ip\/wp-content\/uploads\/2021\/09\/victoria-de-Boqueron-aniversario.jpg\" \/>\n\t<meta property=\"og:image:width\" content=\"1024\" \/>\n\t<meta property=\"og:image:height\" content=\"683\" \/>\n\t<meta property=\"og:image:type\" content=\"image\/jpeg\" \/>\n<meta name=\"author\" content=\"Karina L\u00f3pez\" \/>\n<meta name=\"twitter:card\" content=\"summary_large_image\" \/>\n<meta name=\"twitter:creator\" content=\"@IPParaguay\" \/>\n<meta name=\"twitter:site\" content=\"@IPParaguay\" \/>\n<meta name=\"twitter:label1\" content=\"Escrito por\" \/>\n\t<meta name=\"twitter:data1\" content=\"Karina L\u00f3pez\" \/>\n\t<meta name=\"twitter:label2\" content=\"Tiempo de lectura\" \/>\n\t<meta name=\"twitter:data2\" content=\"3 minutos\" \/>\n<script type=\"application\/ld+json\" class=\"yoast-schema-graph\">{\"@context\":\"https:\\\/\\\/schema.org\",\"@graph\":[{\"@type\":\"Article\",\"@id\":\"https:\\\/\\\/www.ip.gov.py\\\/ip\\\/2021\\\/09\\\/29\\\/presidente-participo-en-homenaje-por-el-89-aniversario-del-triunfo-de-la-batalla-de-boqueron\\\/#article\",\"isPartOf\":{\"@id\":\"https:\\\/\\\/www.ip.gov.py\\\/ip\\\/2021\\\/09\\\/29\\\/presidente-participo-en-homenaje-por-el-89-aniversario-del-triunfo-de-la-batalla-de-boqueron\\\/\"},\"author\":{\"name\":\"Karina L\u00f3pez\",\"@id\":\"https:\\\/\\\/www.ip.gov.py\\\/ip\\\/#\\\/schema\\\/person\\\/613765cf13d420d448042e6802220539\"},\"headline\":\"Presidente particip\u00f3 en homenaje por el 89 aniversario del triunfo de la Batalla de Boquer\u00f3n\",\"datePublished\":\"2021-09-29T14:38:36+00:00\",\"dateModified\":\"2021-09-29T14:50:04+00:00\",\"mainEntityOfPage\":{\"@id\":\"https:\\\/\\\/www.ip.gov.py\\\/ip\\\/2021\\\/09\\\/29\\\/presidente-participo-en-homenaje-por-el-89-aniversario-del-triunfo-de-la-batalla-de-boqueron\\\/\"},\"wordCount\":581,\"publisher\":{\"@id\":\"https:\\\/\\\/www.ip.gov.py\\\/ip\\\/#organization\"},\"image\":{\"@id\":\"https:\\\/\\\/www.ip.gov.py\\\/ip\\\/2021\\\/09\\\/29\\\/presidente-participo-en-homenaje-por-el-89-aniversario-del-triunfo-de-la-batalla-de-boqueron\\\/#primaryimage\"},\"thumbnailUrl\":\"https:\\\/\\\/www.ip.gov.py\\\/ip\\\/wp-content\\\/uploads\\\/2021\\\/09\\\/victoria-de-Boqueron-aniversario.jpg\",\"keywords\":[\"Boquer\u00f3n\",\"Jornada de Gobierno\",\"Presidente Abdo Ben\u00edtez\"],\"articleSection\":[\"Pol\u00edtica\"],\"inLanguage\":\"es\"},{\"@type\":\"WebPage\",\"@id\":\"https:\\\/\\\/www.ip.gov.py\\\/ip\\\/2021\\\/09\\\/29\\\/presidente-participo-en-homenaje-por-el-89-aniversario-del-triunfo-de-la-batalla-de-boqueron\\\/\",\"url\":\"https:\\\/\\\/www.ip.gov.py\\\/ip\\\/2021\\\/09\\\/29\\\/presidente-participo-en-homenaje-por-el-89-aniversario-del-triunfo-de-la-batalla-de-boqueron\\\/\",\"name\":\"Presidente particip\u00f3 en homenaje por el 89 aniversario del triunfo de la Batalla de Boquer\u00f3n - .::Agencia IP::.\",\"isPartOf\":{\"@id\":\"https:\\\/\\\/www.ip.gov.py\\\/ip\\\/#website\"},\"primaryImageOfPage\":{\"@id\":\"https:\\\/\\\/www.ip.gov.py\\\/ip\\\/2021\\\/09\\\/29\\\/presidente-participo-en-homenaje-por-el-89-aniversario-del-triunfo-de-la-batalla-de-boqueron\\\/#primaryimage\"},\"image\":{\"@id\":\"https:\\\/\\\/www.ip.gov.py\\\/ip\\\/2021\\\/09\\\/29\\\/presidente-participo-en-homenaje-por-el-89-aniversario-del-triunfo-de-la-batalla-de-boqueron\\\/#primaryimage\"},\"thumbnailUrl\":\"https:\\\/\\\/www.ip.gov.py\\\/ip\\\/wp-content\\\/uploads\\\/2021\\\/09\\\/victoria-de-Boqueron-aniversario.jpg\",\"datePublished\":\"2021-09-29T14:38:36+00:00\",\"dateModified\":\"2021-09-29T14:50:04+00:00\",\"breadcrumb\":{\"@id\":\"https:\\\/\\\/www.ip.gov.py\\\/ip\\\/2021\\\/09\\\/29\\\/presidente-participo-en-homenaje-por-el-89-aniversario-del-triunfo-de-la-batalla-de-boqueron\\\/#breadcrumb\"},\"inLanguage\":\"es\",\"potentialAction\":[{\"@type\":\"ReadAction\",\"target\":[\"https:\\\/\\\/www.ip.gov.py\\\/ip\\\/2021\\\/09\\\/29\\\/presidente-participo-en-homenaje-por-el-89-aniversario-del-triunfo-de-la-batalla-de-boqueron\\\/\"]}]},{\"@type\":\"ImageObject\",\"inLanguage\":\"es\",\"@id\":\"https:\\\/\\\/www.ip.gov.py\\\/ip\\\/2021\\\/09\\\/29\\\/presidente-participo-en-homenaje-por-el-89-aniversario-del-triunfo-de-la-batalla-de-boqueron\\\/#primaryimage\",\"url\":\"https:\\\/\\\/www.ip.gov.py\\\/ip\\\/wp-content\\\/uploads\\\/2021\\\/09\\\/victoria-de-Boqueron-aniversario.jpg\",\"contentUrl\":\"https:\\\/\\\/www.ip.gov.py\\\/ip\\\/wp-content\\\/uploads\\\/2021\\\/09\\\/victoria-de-Boqueron-aniversario.jpg\",\"width\":1024,\"height\":683,\"caption\":\"El presidente encabez\u00f3 el acto por la victoria de la Batalla de Boquer\u00f3n, en el Chaco. Foto Presidencia\"},{\"@type\":\"BreadcrumbList\",\"@id\":\"https:\\\/\\\/www.ip.gov.py\\\/ip\\\/2021\\\/09\\\/29\\\/presidente-participo-en-homenaje-por-el-89-aniversario-del-triunfo-de-la-batalla-de-boqueron\\\/#breadcrumb\",\"itemListElement\":[{\"@type\":\"ListItem\",\"position\":1,\"name\":\"Portada\",\"item\":\"https:\\\/\\\/www.ip.gov.py\\\/ip\\\/\"},{\"@type\":\"ListItem\",\"position\":2,\"name\":\"Presidente particip\u00f3 en homenaje por el 89 aniversario del triunfo de la Batalla de Boquer\u00f3n\"}]},{\"@type\":\"WebSite\",\"@id\":\"https:\\\/\\\/www.ip.gov.py\\\/ip\\\/#website\",\"url\":\"https:\\\/\\\/www.ip.gov.py\\\/ip\\\/\",\"name\":\".::Agencia IP::.\",\"description\":\"\",\"publisher\":{\"@id\":\"https:\\\/\\\/www.ip.gov.py\\\/ip\\\/#organization\"},\"potentialAction\":[{\"@type\":\"SearchAction\",\"target\":{\"@type\":\"EntryPoint\",\"urlTemplate\":\"https:\\\/\\\/www.ip.gov.py\\\/ip\\\/?s={search_term_string}\"},\"query-input\":{\"@type\":\"PropertyValueSpecification\",\"valueRequired\":true,\"valueName\":\"search_term_string\"}}],\"inLanguage\":\"es\"},{\"@type\":\"Organization\",\"@id\":\"https:\\\/\\\/www.ip.gov.py\\\/ip\\\/#organization\",\"name\":\"Agencia IP\",\"url\":\"https:\\\/\\\/www.ip.gov.py\\\/ip\\\/\",\"logo\":{\"@type\":\"ImageObject\",\"inLanguage\":\"es\",\"@id\":\"https:\\\/\\\/www.ip.gov.py\\\/ip\\\/#\\\/schema\\\/logo\\\/image\\\/\",\"url\":\"https:\\\/\\\/www.ip.gov.py\\\/ip\\\/wp-content\\\/uploads\\\/2018\\\/01\\\/Agencia-IP.jpg\",\"contentUrl\":\"https:\\\/\\\/www.ip.gov.py\\\/ip\\\/wp-content\\\/uploads\\\/2018\\\/01\\\/Agencia-IP.jpg\",\"width\":150,\"height\":150,\"caption\":\"Agencia IP\"},\"image\":{\"@id\":\"https:\\\/\\\/www.ip.gov.py\\\/ip\\\/#\\\/schema\\\/logo\\\/image\\\/\"},\"sameAs\":[\"https:\\\/\\\/www.facebook.com\\\/IPParaguay\\\/\",\"https:\\\/\\\/x.com\\\/IPParaguay\",\"https:\\\/\\\/www.instagram.com\\\/IPParaguay\"]},{\"@type\":\"Person\",\"@id\":\"https:\\\/\\\/www.ip.gov.py\\\/ip\\\/#\\\/schema\\\/person\\\/613765cf13d420d448042e6802220539\",\"name\":\"Karina L\u00f3pez\",\"url\":\"https:\\\/\\\/www.ip.gov.py\\\/ip\\\/author\\\/klopez\\\/\"}]}<\/script>\n<!-- \/ Yoast SEO plugin. -->","yoast_head_json":{"title":"Presidente particip\u00f3 en homenaje por el 89 aniversario del triunfo de la Batalla de Boquer\u00f3n - .::Agencia IP::.","robots":{"index":"index","follow":"follow","max-snippet":"max-snippet:-1","max-image-preview":"max-image-preview:large","max-video-preview":"max-video-preview:-1"},"canonical":"https:\/\/www.ip.gov.py\/ip\/2021\/09\/29\/presidente-participo-en-homenaje-por-el-89-aniversario-del-triunfo-de-la-batalla-de-boqueron\/","og_locale":"es_ES","og_type":"article","og_title":"Presidente particip\u00f3 en homenaje por el 89 aniversario del triunfo de la Batalla de Boquer\u00f3n - .::Agencia IP::.","og_description":"Asunci\u00f3n, Agencia IP.- En el Fort\u00edn Boquer\u00f3n, Chaco paraguayo, el presidente de la Rep\u00fablica, Mario Abdo Ben\u00edtez, particip\u00f3 este mi\u00e9rcoles de la ceremonia en conmemoraci\u00f3n del 89\u00b0 aniversario de la victoria de la Batalla de Boquer\u00f3n, durante la guerra contra Bolivia, que tuvo lugar entre los a\u00f1os 1932 a 1935.","og_url":"https:\/\/www.ip.gov.py\/ip\/2021\/09\/29\/presidente-participo-en-homenaje-por-el-89-aniversario-del-triunfo-de-la-batalla-de-boqueron\/","og_site_name":".::Agencia IP::.","article_publisher":"https:\/\/www.facebook.com\/IPParaguay\/","article_published_time":"2021-09-29T14:38:36+00:00","article_modified_time":"2021-09-29T14:50:04+00:00","og_image":[{"width":1024,"height":683,"url":"https:\/\/www.ip.gov.py\/ip\/wp-content\/uploads\/2021\/09\/victoria-de-Boqueron-aniversario.jpg","type":"image\/jpeg"}],"author":"Karina L\u00f3pez","twitter_card":"summary_large_image","twitter_creator":"@IPParaguay","twitter_site":"@IPParaguay","twitter_misc":{"Escrito por":"Karina L\u00f3pez","Tiempo de lectura":"3 minutos"},"schema":{"@context":"https:\/\/schema.org","@graph":[{"@type":"Article","@id":"https:\/\/www.ip.gov.py\/ip\/2021\/09\/29\/presidente-participo-en-homenaje-por-el-89-aniversario-del-triunfo-de-la-batalla-de-boqueron\/#article","isPartOf":{"@id":"https:\/\/www.ip.gov.py\/ip\/2021\/09\/29\/presidente-participo-en-homenaje-por-el-89-aniversario-del-triunfo-de-la-batalla-de-boqueron\/"},"author":{"name":"Karina L\u00f3pez","@id":"https:\/\/www.ip.gov.py\/ip\/#\/schema\/person\/613765cf13d420d448042e6802220539"},"headline":"Presidente particip\u00f3 en homenaje por el 89 aniversario del triunfo de la Batalla de Boquer\u00f3n","datePublished":"2021-09-29T14:38:36+00:00","dateModified":"2021-09-29T14:50:04+00:00","mainEntityOfPage":{"@id":"https:\/\/www.ip.gov.py\/ip\/2021\/09\/29\/presidente-participo-en-homenaje-por-el-89-aniversario-del-triunfo-de-la-batalla-de-boqueron\/"},"wordCount":581,"publisher":{"@id":"https:\/\/www.ip.gov.py\/ip\/#organization"},"image":{"@id":"https:\/\/www.ip.gov.py\/ip\/2021\/09\/29\/presidente-participo-en-homenaje-por-el-89-aniversario-del-triunfo-de-la-batalla-de-boqueron\/#primaryimage"},"thumbnailUrl":"https:\/\/www.ip.gov.py\/ip\/wp-content\/uploads\/2021\/09\/victoria-de-Boqueron-aniversario.jpg","keywords":["Boquer\u00f3n","Jornada de Gobierno","Presidente Abdo Ben\u00edtez"],"articleSection":["Pol\u00edtica"],"inLanguage":"es"},{"@type":"WebPage","@id":"https:\/\/www.ip.gov.py\/ip\/2021\/09\/29\/presidente-participo-en-homenaje-por-el-89-aniversario-del-triunfo-de-la-batalla-de-boqueron\/","url":"https:\/\/www.ip.gov.py\/ip\/2021\/09\/29\/presidente-participo-en-homenaje-por-el-89-aniversario-del-triunfo-de-la-batalla-de-boqueron\/","name":"Presidente particip\u00f3 en homenaje por el 89 aniversario del triunfo de la Batalla de Boquer\u00f3n - .::Agencia IP::.","isPartOf":{"@id":"https:\/\/www.ip.gov.py\/ip\/#website"},"primaryImageOfPage":{"@id":"https:\/\/www.ip.gov.py\/ip\/2021\/09\/29\/presidente-participo-en-homenaje-por-el-89-aniversario-del-triunfo-de-la-batalla-de-boqueron\/#primaryimage"},"image":{"@id":"https:\/\/www.ip.gov.py\/ip\/2021\/09\/29\/presidente-participo-en-homenaje-por-el-89-aniversario-del-triunfo-de-la-batalla-de-boqueron\/#primaryimage"},"thumbnailUrl":"https:\/\/www.ip.gov.py\/ip\/wp-content\/uploads\/2021\/09\/victoria-de-Boqueron-aniversario.jpg","datePublished":"2021-09-29T14:38:36+00:00","dateModified":"2021-09-29T14:50:04+00:00","breadcrumb":{"@id":"https:\/\/www.ip.gov.py\/ip\/2021\/09\/29\/presidente-participo-en-homenaje-por-el-89-aniversario-del-triunfo-de-la-batalla-de-boqueron\/#breadcrumb"},"inLanguage":"es","potentialAction":[{"@type":"ReadAction","target":["https:\/\/www.ip.gov.py\/ip\/2021\/09\/29\/presidente-participo-en-homenaje-por-el-89-aniversario-del-triunfo-de-la-batalla-de-boqueron\/"]}]},{"@type":"ImageObject","inLanguage":"es","@id":"https:\/\/www.ip.gov.py\/ip\/2021\/09\/29\/presidente-participo-en-homenaje-por-el-89-aniversario-del-triunfo-de-la-batalla-de-boqueron\/#primaryimage","url":"https:\/\/www.ip.gov.py\/ip\/wp-content\/uploads\/2021\/09\/victoria-de-Boqueron-aniversario.jpg","contentUrl":"https:\/\/www.ip.gov.py\/ip\/wp-content\/uploads\/2021\/09\/victoria-de-Boqueron-aniversario.jpg","width":1024,"height":683,"caption":"El presidente encabez\u00f3 el acto por la victoria de la Batalla de Boquer\u00f3n, en el Chaco. Foto Presidencia"},{"@type":"BreadcrumbList","@id":"https:\/\/www.ip.gov.py\/ip\/2021\/09\/29\/presidente-participo-en-homenaje-por-el-89-aniversario-del-triunfo-de-la-batalla-de-boqueron\/#breadcrumb","itemListElement":[{"@type":"ListItem","position":1,"name":"Portada","item":"https:\/\/www.ip.gov.py\/ip\/"},{"@type":"ListItem","position":2,"name":"Presidente particip\u00f3 en homenaje por el 89 aniversario del triunfo de la Batalla de Boquer\u00f3n"}]},{"@type":"WebSite","@id":"https:\/\/www.ip.gov.py\/ip\/#website","url":"https:\/\/www.ip.gov.py\/ip\/","name":".::Agencia IP::.","description":"","publisher":{"@id":"https:\/\/www.ip.gov.py\/ip\/#organization"},"potentialAction":[{"@type":"SearchAction","target":{"@type":"EntryPoint","urlTemplate":"https:\/\/www.ip.gov.py\/ip\/?s={search_term_string}"},"query-input":{"@type":"PropertyValueSpecification","valueRequired":true,"valueName":"search_term_string"}}],"inLanguage":"es"},{"@type":"Organization","@id":"https:\/\/www.ip.gov.py\/ip\/#organization","name":"Agencia IP","url":"https:\/\/www.ip.gov.py\/ip\/","logo":{"@type":"ImageObject","inLanguage":"es","@id":"https:\/\/www.ip.gov.py\/ip\/#\/schema\/logo\/image\/","url":"https:\/\/www.ip.gov.py\/ip\/wp-content\/uploads\/2018\/01\/Agencia-IP.jpg","contentUrl":"https:\/\/www.ip.gov.py\/ip\/wp-content\/uploads\/2018\/01\/Agencia-IP.jpg","width":150,"height":150,"caption":"Agencia IP"},"image":{"@id":"https:\/\/www.ip.gov.py\/ip\/#\/schema\/logo\/image\/"},"sameAs":["https:\/\/www.facebook.com\/IPParaguay\/","https:\/\/x.com\/IPParaguay","https:\/\/www.instagram.com\/IPParaguay"]},{"@type":"Person","@id":"https:\/\/www.ip.gov.py\/ip\/#\/schema\/person\/613765cf13d420d448042e6802220539","name":"Karina L\u00f3pez","url":"https:\/\/www.ip.gov.py\/ip\/author\/klopez\/"}]}},"_links":{"self":[{"href":"https:\/\/www.ip.gov.py\/ip\/wp-json\/wp\/v2\/posts\/386341","targetHints":{"allow":["GET"]}}],"collection":[{"href":"https:\/\/www.ip.gov.py\/ip\/wp-json\/wp\/v2\/posts"}],"about":[{"href":"https:\/\/www.ip.gov.py\/ip\/wp-json\/wp\/v2\/types\/post"}],"author":[{"embeddable":true,"href":"https:\/\/www.ip.gov.py\/ip\/wp-json\/wp\/v2\/users\/7"}],"replies":[{"embeddable":true,"href":"https:\/\/www.ip.gov.py\/ip\/wp-json\/wp\/v2\/comments?post=386341"}],"version-history":[{"count":0,"href":"https:\/\/www.ip.gov.py\/ip\/wp-json\/wp\/v2\/posts\/386341\/revisions"}],"wp:featuredmedia":[{"embeddable":true,"href":"https:\/\/www.ip.gov.py\/ip\/wp-json\/wp\/v2\/media\/386349"}],"wp:attachment":[{"href":"https:\/\/www.ip.gov.py\/ip\/wp-json\/wp\/v2\/media?parent=386341"}],"wp:term":[{"taxonomy":"category","embeddable":true,"href":"https:\/\/www.ip.gov.py\/ip\/wp-json\/wp\/v2\/categories?post=386341"},{"taxonomy":"post_tag","embeddable":true,"href":"https:\/\/www.ip.gov.py\/ip\/wp-json\/wp\/v2\/tags?post=386341"}],"curies":[{"name":"wp","href":"https:\/\/api.w.org\/{rel}","templated":true}]}}