{"id":386668,"date":"2021-10-01T07:01:01","date_gmt":"2021-10-01T11:01:01","guid":{"rendered":"https:\/\/www.ip.gov.py\/ip\/?p=386668"},"modified":"2021-10-01T07:01:01","modified_gmt":"2021-10-01T11:01:01","slug":"corea-del-norte-probo-otro-nuevo-misil-y-crece-tension-por-su-politica-nuclear","status":"publish","type":"post","link":"https:\/\/www.ip.gov.py\/ip\/2021\/10\/01\/corea-del-norte-probo-otro-nuevo-misil-y-crece-tension-por-su-politica-nuclear\/","title":{"rendered":"Corea del Norte prob\u00f3 otro nuevo misil y crece tensi\u00f3n por su pol\u00edtica nuclear"},"content":{"rendered":"<p style=\"text-align: justify;\"><em><strong>Pyongyang.-<\/strong> <\/em>Corea del Norte inform\u00f3 que prob\u00f3 un \u201cnuevo\u201d misil antia\u00e9reo, mientras Estados Unidos la acus\u00f3 de alentar \u201cinestabilidad e inseguridad\u201d. El Consejo de Seguridad de la ONU se reunir\u00e1 hoy para analizar la situaci\u00f3n.<!--more--><\/p>\n<p style=\"text-align: justify;\">El Ej\u00e9rcito norcoreano \u201censay\u00f3\u201d hoy (por ayer) \u201cun misil antia\u00e9reo de nuevo desarrollo\u201d y \u201cse comprob\u00f3\u201d su \u201cgran eficacia de combate\u201d gracias a \u201cla introducci\u00f3n de nuevas tecnolog\u00edas claves\u201d, report\u00f3 la agencia noticiosa estatal KCNA.<\/p>\n<p style=\"text-align: justify;\">El r\u00e9gimen de Pyongyang, que tiene armamento nuclear, realiz\u00f3 otros ensayos en las \u00faltimas semanas, incluido este martes el de un misil de planeo hipers\u00f3nico, que quintuplica la velocidad del sonido y es m\u00e1s dif\u00edcil de interceptar que los comunes, lo que desat\u00f3 una inmediata reacci\u00f3n internacional.<\/p>\n<p style=\"text-align: justify;\">Por un lado, Estados Unidos, Francia y el Reino Unido pidieron una reuni\u00f3n urgente del Consejo de Seguridad de la ONU, que iba a realizarse hoy y fue aplazada para ma\u00f1ana a solicitud de China y Rusia, seg\u00fan fuentes diplom\u00e1ticas citadas por la agencia de noticias AFP.<\/p>\n<p style=\"text-align: justify;\">Por otra parte, Washington reiter\u00f3 su alarma por la escalada de ensayos de armas nucleares por parte de Pyongyang.<\/p>\n<p style=\"text-align: justify;\">\u201cEstamos preocupados por estas repetidas violaciones de las resoluciones del Consejo de Seguridad que crean mayores perspectivas de inestabilidad e inseguridad\u201d, afirm\u00f3 el secretario de Estado norteamericano, Antony Blinken, a periodistas en Pittsburgh.<\/p>\n<p style=\"text-align: justify;\">Blinken subray\u00f3 que Estados Unidos no pod\u00eda confirmar si Corea del Norte prob\u00f3 un misil hipers\u00f3nico: \u201cEstamos evaluando los lanzamientos para entender exactamente lo que hicieron, qu\u00e9 tecnolog\u00eda usaron\u201d, dijo.<\/p>\n<p style=\"text-align: justify;\">La tensi\u00f3n entre Washington y Pyongyang hab\u00eda vuelto a escalar ayer, cuando el l\u00edder norcoreano, Kim Jong-un, rechaz\u00f3 una propuesta de di\u00e1logo de la Casa Blanca y la consider\u00f3 una \u201cfachada para enmascarar su decepci\u00f3n y sus actos hostiles\u201d.<\/p>\n<p style=\"text-align: justify;\">Las partes iniciaron conversaciones durante el mandato de Donald Trump, pero quedaron interrumpidas en 2019, tras el fracaso de la segunda cumbre entre \u00e9l y Kim.<\/p>\n<p style=\"text-align: justify;\">Desde su llegada a la Casa Blanca, en enero de este a\u00f1o, el gobierno del presidente Joe Biden propuso en varias ocasiones reunirse con el de Kim, en cualquier lugar y sin condiciones previas.<\/p>\n<p style=\"text-align: justify;\">El l\u00edder norcoreano sostuvo que esa propuesta es \u00abnada m\u00e1s que una fachada para enmascarar su decepci\u00f3n y sus actos hostiles, y una extensi\u00f3n de la pol\u00edtica hostil de anteriores administraciones\u00bb estadounidenses, seg\u00fan el diario oficial Rodong Sinmun.<\/p>\n<p style=\"text-align: justify;\">Con la llegada de Biden, \u00abla amenaza militar estadounidense y la pol\u00edtica hostil hacia nosotros no cambiaron en absoluto, sino que se volvieron m\u00e1s maliciosas\u00bb, agreg\u00f3 Kim en un discurso ante el parlamento.<\/p>\n<p style=\"text-align: justify;\">En cambio, Kim anunci\u00f3 que a \u201cprincipios de octubre\u201d se restablecer\u00e1 la comunicaci\u00f3n entre Corea del Norte y Corea del Sur, interrumpida en agosto, aunque critic\u00f3 a Se\u00fal por participar en ejercicios militares junto a Estados Unidos y le pidi\u00f3 que \u201csalga del enga\u00f1o de que deber\u00eda contener las provocaciones\u201d de Pyongyang.T\u00e9lam<\/p>\n","protected":false},"excerpt":{"rendered":"<p>Pyongyang.- Corea del Norte inform\u00f3 que prob\u00f3 un \u201cnuevo\u201d misil antia\u00e9reo, mientras Estados Unidos la acus\u00f3 de alentar \u201cinestabilidad e inseguridad\u201d. El Consejo de Seguridad de la ONU se reunir\u00e1 hoy para analizar la situaci\u00f3n.<\/p>\n","protected":false},"author":23,"featured_media":151264,"comment_status":"closed","ping_status":"closed","sticky":false,"template":"","format":"standard","meta":{"_monsterinsights_skip_tracking":false,"_monsterinsights_sitenote_active":false,"_monsterinsights_sitenote_note":"","_monsterinsights_sitenote_category":0,"footnotes":""},"categories":[5],"tags":[229,368,6097,274,8920],"class_list":{"0":"post-386668","1":"post","2":"type-post","3":"status-publish","4":"format-standard","5":"has-post-thumbnail","7":"category-internacionales","8":"tag-corea-del-norte","9":"tag-ee-uu","10":"tag-misil","11":"tag-onu","12":"tag-politica-nuclear"},"yoast_head":"<!-- This site is optimized with the Yoast SEO plugin v27.5 - https:\/\/yoast.com\/product\/yoast-seo-wordpress\/ -->\n<title>Corea del Norte prob\u00f3 otro nuevo misil y crece tensi\u00f3n por su pol\u00edtica nuclear - .::Agencia IP::.<\/title>\n<meta name=\"robots\" content=\"index, follow, max-snippet:-1, max-image-preview:large, max-video-preview:-1\" \/>\n<link rel=\"canonical\" href=\"https:\/\/www.ip.gov.py\/ip\/2021\/10\/01\/corea-del-norte-probo-otro-nuevo-misil-y-crece-tension-por-su-politica-nuclear\/\" \/>\n<meta property=\"og:locale\" content=\"es_ES\" \/>\n<meta property=\"og:type\" content=\"article\" \/>\n<meta property=\"og:title\" content=\"Corea del Norte prob\u00f3 otro nuevo misil y crece tensi\u00f3n por su pol\u00edtica nuclear - .::Agencia IP::.\" \/>\n<meta property=\"og:description\" content=\"Pyongyang.- Corea del Norte inform\u00f3 que prob\u00f3 un \u201cnuevo\u201d misil antia\u00e9reo, mientras Estados Unidos la acus\u00f3 de alentar \u201cinestabilidad e inseguridad\u201d. El Consejo de Seguridad de la ONU se reunir\u00e1 hoy para analizar la situaci\u00f3n.\" \/>\n<meta property=\"og:url\" content=\"https:\/\/www.ip.gov.py\/ip\/2021\/10\/01\/corea-del-norte-probo-otro-nuevo-misil-y-crece-tension-por-su-politica-nuclear\/\" \/>\n<meta property=\"og:site_name\" content=\".::Agencia IP::.\" \/>\n<meta property=\"article:publisher\" content=\"https:\/\/www.facebook.com\/IPParaguay\/\" \/>\n<meta property=\"article:published_time\" content=\"2021-10-01T11:01:01+00:00\" \/>\n<meta property=\"og:image\" content=\"https:\/\/www.ip.gov.py\/ip\/wp-content\/uploads\/2017\/03\/Corea-del-Norte-5.jpg\" \/>\n\t<meta property=\"og:image:width\" content=\"651\" \/>\n\t<meta property=\"og:image:height\" content=\"366\" \/>\n\t<meta property=\"og:image:type\" content=\"image\/jpeg\" \/>\n<meta name=\"author\" content=\"Noelia Ferreira\" \/>\n<meta name=\"twitter:card\" content=\"summary_large_image\" \/>\n<meta name=\"twitter:creator\" content=\"@IPParaguay\" \/>\n<meta name=\"twitter:site\" content=\"@IPParaguay\" \/>\n<meta name=\"twitter:label1\" content=\"Escrito por\" \/>\n\t<meta name=\"twitter:data1\" content=\"Noelia Ferreira\" \/>\n\t<meta name=\"twitter:label2\" content=\"Tiempo de lectura\" \/>\n\t<meta name=\"twitter:data2\" content=\"3 minutos\" \/>\n<script type=\"application\/ld+json\" class=\"yoast-schema-graph\">{\"@context\":\"https:\\\/\\\/schema.org\",\"@graph\":[{\"@type\":\"Article\",\"@id\":\"https:\\\/\\\/www.ip.gov.py\\\/ip\\\/2021\\\/10\\\/01\\\/corea-del-norte-probo-otro-nuevo-misil-y-crece-tension-por-su-politica-nuclear\\\/#article\",\"isPartOf\":{\"@id\":\"https:\\\/\\\/www.ip.gov.py\\\/ip\\\/2021\\\/10\\\/01\\\/corea-del-norte-probo-otro-nuevo-misil-y-crece-tension-por-su-politica-nuclear\\\/\"},\"author\":{\"name\":\"Noelia Ferreira\",\"@id\":\"https:\\\/\\\/www.ip.gov.py\\\/ip\\\/#\\\/schema\\\/person\\\/791af27a9219bdbf9064abb776bb41c2\"},\"headline\":\"Corea del Norte prob\u00f3 otro nuevo misil y crece tensi\u00f3n por su pol\u00edtica nuclear\",\"datePublished\":\"2021-10-01T11:01:01+00:00\",\"mainEntityOfPage\":{\"@id\":\"https:\\\/\\\/www.ip.gov.py\\\/ip\\\/2021\\\/10\\\/01\\\/corea-del-norte-probo-otro-nuevo-misil-y-crece-tension-por-su-politica-nuclear\\\/\"},\"wordCount\":522,\"publisher\":{\"@id\":\"https:\\\/\\\/www.ip.gov.py\\\/ip\\\/#organization\"},\"image\":{\"@id\":\"https:\\\/\\\/www.ip.gov.py\\\/ip\\\/2021\\\/10\\\/01\\\/corea-del-norte-probo-otro-nuevo-misil-y-crece-tension-por-su-politica-nuclear\\\/#primaryimage\"},\"thumbnailUrl\":\"https:\\\/\\\/www.ip.gov.py\\\/ip\\\/wp-content\\\/uploads\\\/2017\\\/03\\\/Corea-del-Norte-5.jpg\",\"keywords\":[\"Corea del Norte\",\"EE.UU\",\"Misil\",\"ONU\",\"Pol\u00edtica nuclear\"],\"articleSection\":[\"Internacionales\"],\"inLanguage\":\"es\"},{\"@type\":\"WebPage\",\"@id\":\"https:\\\/\\\/www.ip.gov.py\\\/ip\\\/2021\\\/10\\\/01\\\/corea-del-norte-probo-otro-nuevo-misil-y-crece-tension-por-su-politica-nuclear\\\/\",\"url\":\"https:\\\/\\\/www.ip.gov.py\\\/ip\\\/2021\\\/10\\\/01\\\/corea-del-norte-probo-otro-nuevo-misil-y-crece-tension-por-su-politica-nuclear\\\/\",\"name\":\"Corea del Norte prob\u00f3 otro nuevo misil y crece tensi\u00f3n por su pol\u00edtica nuclear - .::Agencia IP::.\",\"isPartOf\":{\"@id\":\"https:\\\/\\\/www.ip.gov.py\\\/ip\\\/#website\"},\"primaryImageOfPage\":{\"@id\":\"https:\\\/\\\/www.ip.gov.py\\\/ip\\\/2021\\\/10\\\/01\\\/corea-del-norte-probo-otro-nuevo-misil-y-crece-tension-por-su-politica-nuclear\\\/#primaryimage\"},\"image\":{\"@id\":\"https:\\\/\\\/www.ip.gov.py\\\/ip\\\/2021\\\/10\\\/01\\\/corea-del-norte-probo-otro-nuevo-misil-y-crece-tension-por-su-politica-nuclear\\\/#primaryimage\"},\"thumbnailUrl\":\"https:\\\/\\\/www.ip.gov.py\\\/ip\\\/wp-content\\\/uploads\\\/2017\\\/03\\\/Corea-del-Norte-5.jpg\",\"datePublished\":\"2021-10-01T11:01:01+00:00\",\"breadcrumb\":{\"@id\":\"https:\\\/\\\/www.ip.gov.py\\\/ip\\\/2021\\\/10\\\/01\\\/corea-del-norte-probo-otro-nuevo-misil-y-crece-tension-por-su-politica-nuclear\\\/#breadcrumb\"},\"inLanguage\":\"es\",\"potentialAction\":[{\"@type\":\"ReadAction\",\"target\":[\"https:\\\/\\\/www.ip.gov.py\\\/ip\\\/2021\\\/10\\\/01\\\/corea-del-norte-probo-otro-nuevo-misil-y-crece-tension-por-su-politica-nuclear\\\/\"]}]},{\"@type\":\"ImageObject\",\"inLanguage\":\"es\",\"@id\":\"https:\\\/\\\/www.ip.gov.py\\\/ip\\\/2021\\\/10\\\/01\\\/corea-del-norte-probo-otro-nuevo-misil-y-crece-tension-por-su-politica-nuclear\\\/#primaryimage\",\"url\":\"https:\\\/\\\/www.ip.gov.py\\\/ip\\\/wp-content\\\/uploads\\\/2017\\\/03\\\/Corea-del-Norte-5.jpg\",\"contentUrl\":\"https:\\\/\\\/www.ip.gov.py\\\/ip\\\/wp-content\\\/uploads\\\/2017\\\/03\\\/Corea-del-Norte-5.jpg\",\"width\":651,\"height\":366,\"caption\":\"HispanTV\"},{\"@type\":\"BreadcrumbList\",\"@id\":\"https:\\\/\\\/www.ip.gov.py\\\/ip\\\/2021\\\/10\\\/01\\\/corea-del-norte-probo-otro-nuevo-misil-y-crece-tension-por-su-politica-nuclear\\\/#breadcrumb\",\"itemListElement\":[{\"@type\":\"ListItem\",\"position\":1,\"name\":\"Portada\",\"item\":\"https:\\\/\\\/www.ip.gov.py\\\/ip\\\/\"},{\"@type\":\"ListItem\",\"position\":2,\"name\":\"Corea del Norte prob\u00f3 otro nuevo misil y crece tensi\u00f3n por su pol\u00edtica nuclear\"}]},{\"@type\":\"WebSite\",\"@id\":\"https:\\\/\\\/www.ip.gov.py\\\/ip\\\/#website\",\"url\":\"https:\\\/\\\/www.ip.gov.py\\\/ip\\\/\",\"name\":\".::Agencia IP::.\",\"description\":\"\",\"publisher\":{\"@id\":\"https:\\\/\\\/www.ip.gov.py\\\/ip\\\/#organization\"},\"potentialAction\":[{\"@type\":\"SearchAction\",\"target\":{\"@type\":\"EntryPoint\",\"urlTemplate\":\"https:\\\/\\\/www.ip.gov.py\\\/ip\\\/?s={search_term_string}\"},\"query-input\":{\"@type\":\"PropertyValueSpecification\",\"valueRequired\":true,\"valueName\":\"search_term_string\"}}],\"inLanguage\":\"es\"},{\"@type\":\"Organization\",\"@id\":\"https:\\\/\\\/www.ip.gov.py\\\/ip\\\/#organization\",\"name\":\"Agencia IP\",\"url\":\"https:\\\/\\\/www.ip.gov.py\\\/ip\\\/\",\"logo\":{\"@type\":\"ImageObject\",\"inLanguage\":\"es\",\"@id\":\"https:\\\/\\\/www.ip.gov.py\\\/ip\\\/#\\\/schema\\\/logo\\\/image\\\/\",\"url\":\"https:\\\/\\\/www.ip.gov.py\\\/ip\\\/wp-content\\\/uploads\\\/2018\\\/01\\\/Agencia-IP.jpg\",\"contentUrl\":\"https:\\\/\\\/www.ip.gov.py\\\/ip\\\/wp-content\\\/uploads\\\/2018\\\/01\\\/Agencia-IP.jpg\",\"width\":150,\"height\":150,\"caption\":\"Agencia IP\"},\"image\":{\"@id\":\"https:\\\/\\\/www.ip.gov.py\\\/ip\\\/#\\\/schema\\\/logo\\\/image\\\/\"},\"sameAs\":[\"https:\\\/\\\/www.facebook.com\\\/IPParaguay\\\/\",\"https:\\\/\\\/x.com\\\/IPParaguay\",\"https:\\\/\\\/www.instagram.com\\\/IPParaguay\"]},{\"@type\":\"Person\",\"@id\":\"https:\\\/\\\/www.ip.gov.py\\\/ip\\\/#\\\/schema\\\/person\\\/791af27a9219bdbf9064abb776bb41c2\",\"name\":\"Noelia Ferreira\",\"sameAs\":[\"http:\\\/\\\/www.ip.gov.py\"],\"url\":\"https:\\\/\\\/www.ip.gov.py\\\/ip\\\/author\\\/nferreira\\\/\"}]}<\/script>\n<!-- \/ Yoast SEO plugin. -->","yoast_head_json":{"title":"Corea del Norte prob\u00f3 otro nuevo misil y crece tensi\u00f3n por su pol\u00edtica nuclear - .::Agencia IP::.","robots":{"index":"index","follow":"follow","max-snippet":"max-snippet:-1","max-image-preview":"max-image-preview:large","max-video-preview":"max-video-preview:-1"},"canonical":"https:\/\/www.ip.gov.py\/ip\/2021\/10\/01\/corea-del-norte-probo-otro-nuevo-misil-y-crece-tension-por-su-politica-nuclear\/","og_locale":"es_ES","og_type":"article","og_title":"Corea del Norte prob\u00f3 otro nuevo misil y crece tensi\u00f3n por su pol\u00edtica nuclear - .::Agencia IP::.","og_description":"Pyongyang.- Corea del Norte inform\u00f3 que prob\u00f3 un \u201cnuevo\u201d misil antia\u00e9reo, mientras Estados Unidos la acus\u00f3 de alentar \u201cinestabilidad e inseguridad\u201d. El Consejo de Seguridad de la ONU se reunir\u00e1 hoy para analizar la situaci\u00f3n.","og_url":"https:\/\/www.ip.gov.py\/ip\/2021\/10\/01\/corea-del-norte-probo-otro-nuevo-misil-y-crece-tension-por-su-politica-nuclear\/","og_site_name":".::Agencia IP::.","article_publisher":"https:\/\/www.facebook.com\/IPParaguay\/","article_published_time":"2021-10-01T11:01:01+00:00","og_image":[{"width":651,"height":366,"url":"https:\/\/www.ip.gov.py\/ip\/wp-content\/uploads\/2017\/03\/Corea-del-Norte-5.jpg","type":"image\/jpeg"}],"author":"Noelia Ferreira","twitter_card":"summary_large_image","twitter_creator":"@IPParaguay","twitter_site":"@IPParaguay","twitter_misc":{"Escrito por":"Noelia Ferreira","Tiempo de lectura":"3 minutos"},"schema":{"@context":"https:\/\/schema.org","@graph":[{"@type":"Article","@id":"https:\/\/www.ip.gov.py\/ip\/2021\/10\/01\/corea-del-norte-probo-otro-nuevo-misil-y-crece-tension-por-su-politica-nuclear\/#article","isPartOf":{"@id":"https:\/\/www.ip.gov.py\/ip\/2021\/10\/01\/corea-del-norte-probo-otro-nuevo-misil-y-crece-tension-por-su-politica-nuclear\/"},"author":{"name":"Noelia Ferreira","@id":"https:\/\/www.ip.gov.py\/ip\/#\/schema\/person\/791af27a9219bdbf9064abb776bb41c2"},"headline":"Corea del Norte prob\u00f3 otro nuevo misil y crece tensi\u00f3n por su pol\u00edtica nuclear","datePublished":"2021-10-01T11:01:01+00:00","mainEntityOfPage":{"@id":"https:\/\/www.ip.gov.py\/ip\/2021\/10\/01\/corea-del-norte-probo-otro-nuevo-misil-y-crece-tension-por-su-politica-nuclear\/"},"wordCount":522,"publisher":{"@id":"https:\/\/www.ip.gov.py\/ip\/#organization"},"image":{"@id":"https:\/\/www.ip.gov.py\/ip\/2021\/10\/01\/corea-del-norte-probo-otro-nuevo-misil-y-crece-tension-por-su-politica-nuclear\/#primaryimage"},"thumbnailUrl":"https:\/\/www.ip.gov.py\/ip\/wp-content\/uploads\/2017\/03\/Corea-del-Norte-5.jpg","keywords":["Corea del Norte","EE.UU","Misil","ONU","Pol\u00edtica nuclear"],"articleSection":["Internacionales"],"inLanguage":"es"},{"@type":"WebPage","@id":"https:\/\/www.ip.gov.py\/ip\/2021\/10\/01\/corea-del-norte-probo-otro-nuevo-misil-y-crece-tension-por-su-politica-nuclear\/","url":"https:\/\/www.ip.gov.py\/ip\/2021\/10\/01\/corea-del-norte-probo-otro-nuevo-misil-y-crece-tension-por-su-politica-nuclear\/","name":"Corea del Norte prob\u00f3 otro nuevo misil y crece tensi\u00f3n por su pol\u00edtica nuclear - .::Agencia IP::.","isPartOf":{"@id":"https:\/\/www.ip.gov.py\/ip\/#website"},"primaryImageOfPage":{"@id":"https:\/\/www.ip.gov.py\/ip\/2021\/10\/01\/corea-del-norte-probo-otro-nuevo-misil-y-crece-tension-por-su-politica-nuclear\/#primaryimage"},"image":{"@id":"https:\/\/www.ip.gov.py\/ip\/2021\/10\/01\/corea-del-norte-probo-otro-nuevo-misil-y-crece-tension-por-su-politica-nuclear\/#primaryimage"},"thumbnailUrl":"https:\/\/www.ip.gov.py\/ip\/wp-content\/uploads\/2017\/03\/Corea-del-Norte-5.jpg","datePublished":"2021-10-01T11:01:01+00:00","breadcrumb":{"@id":"https:\/\/www.ip.gov.py\/ip\/2021\/10\/01\/corea-del-norte-probo-otro-nuevo-misil-y-crece-tension-por-su-politica-nuclear\/#breadcrumb"},"inLanguage":"es","potentialAction":[{"@type":"ReadAction","target":["https:\/\/www.ip.gov.py\/ip\/2021\/10\/01\/corea-del-norte-probo-otro-nuevo-misil-y-crece-tension-por-su-politica-nuclear\/"]}]},{"@type":"ImageObject","inLanguage":"es","@id":"https:\/\/www.ip.gov.py\/ip\/2021\/10\/01\/corea-del-norte-probo-otro-nuevo-misil-y-crece-tension-por-su-politica-nuclear\/#primaryimage","url":"https:\/\/www.ip.gov.py\/ip\/wp-content\/uploads\/2017\/03\/Corea-del-Norte-5.jpg","contentUrl":"https:\/\/www.ip.gov.py\/ip\/wp-content\/uploads\/2017\/03\/Corea-del-Norte-5.jpg","width":651,"height":366,"caption":"HispanTV"},{"@type":"BreadcrumbList","@id":"https:\/\/www.ip.gov.py\/ip\/2021\/10\/01\/corea-del-norte-probo-otro-nuevo-misil-y-crece-tension-por-su-politica-nuclear\/#breadcrumb","itemListElement":[{"@type":"ListItem","position":1,"name":"Portada","item":"https:\/\/www.ip.gov.py\/ip\/"},{"@type":"ListItem","position":2,"name":"Corea del Norte prob\u00f3 otro nuevo misil y crece tensi\u00f3n por su pol\u00edtica nuclear"}]},{"@type":"WebSite","@id":"https:\/\/www.ip.gov.py\/ip\/#website","url":"https:\/\/www.ip.gov.py\/ip\/","name":".::Agencia IP::.","description":"","publisher":{"@id":"https:\/\/www.ip.gov.py\/ip\/#organization"},"potentialAction":[{"@type":"SearchAction","target":{"@type":"EntryPoint","urlTemplate":"https:\/\/www.ip.gov.py\/ip\/?s={search_term_string}"},"query-input":{"@type":"PropertyValueSpecification","valueRequired":true,"valueName":"search_term_string"}}],"inLanguage":"es"},{"@type":"Organization","@id":"https:\/\/www.ip.gov.py\/ip\/#organization","name":"Agencia IP","url":"https:\/\/www.ip.gov.py\/ip\/","logo":{"@type":"ImageObject","inLanguage":"es","@id":"https:\/\/www.ip.gov.py\/ip\/#\/schema\/logo\/image\/","url":"https:\/\/www.ip.gov.py\/ip\/wp-content\/uploads\/2018\/01\/Agencia-IP.jpg","contentUrl":"https:\/\/www.ip.gov.py\/ip\/wp-content\/uploads\/2018\/01\/Agencia-IP.jpg","width":150,"height":150,"caption":"Agencia IP"},"image":{"@id":"https:\/\/www.ip.gov.py\/ip\/#\/schema\/logo\/image\/"},"sameAs":["https:\/\/www.facebook.com\/IPParaguay\/","https:\/\/x.com\/IPParaguay","https:\/\/www.instagram.com\/IPParaguay"]},{"@type":"Person","@id":"https:\/\/www.ip.gov.py\/ip\/#\/schema\/person\/791af27a9219bdbf9064abb776bb41c2","name":"Noelia Ferreira","sameAs":["http:\/\/www.ip.gov.py"],"url":"https:\/\/www.ip.gov.py\/ip\/author\/nferreira\/"}]}},"_links":{"self":[{"href":"https:\/\/www.ip.gov.py\/ip\/wp-json\/wp\/v2\/posts\/386668","targetHints":{"allow":["GET"]}}],"collection":[{"href":"https:\/\/www.ip.gov.py\/ip\/wp-json\/wp\/v2\/posts"}],"about":[{"href":"https:\/\/www.ip.gov.py\/ip\/wp-json\/wp\/v2\/types\/post"}],"author":[{"embeddable":true,"href":"https:\/\/www.ip.gov.py\/ip\/wp-json\/wp\/v2\/users\/23"}],"replies":[{"embeddable":true,"href":"https:\/\/www.ip.gov.py\/ip\/wp-json\/wp\/v2\/comments?post=386668"}],"version-history":[{"count":0,"href":"https:\/\/www.ip.gov.py\/ip\/wp-json\/wp\/v2\/posts\/386668\/revisions"}],"wp:featuredmedia":[{"embeddable":true,"href":"https:\/\/www.ip.gov.py\/ip\/wp-json\/wp\/v2\/media\/151264"}],"wp:attachment":[{"href":"https:\/\/www.ip.gov.py\/ip\/wp-json\/wp\/v2\/media?parent=386668"}],"wp:term":[{"taxonomy":"category","embeddable":true,"href":"https:\/\/www.ip.gov.py\/ip\/wp-json\/wp\/v2\/categories?post=386668"},{"taxonomy":"post_tag","embeddable":true,"href":"https:\/\/www.ip.gov.py\/ip\/wp-json\/wp\/v2\/tags?post=386668"}],"curies":[{"name":"wp","href":"https:\/\/api.w.org\/{rel}","templated":true}]}}