{"id":390757,"date":"2021-11-03T10:49:31","date_gmt":"2021-11-03T13:49:31","guid":{"rendered":"https:\/\/www.ip.gov.py\/ip\/?p=390757"},"modified":"2021-11-03T14:23:21","modified_gmt":"2021-11-03T17:23:21","slug":"borba-hace-un-llamado-a-la-poblacion-para-acudir-a-vacunatorios-y-disminuir-la-forma-grave-del-covid-19","status":"publish","type":"post","link":"https:\/\/www.ip.gov.py\/ip\/2021\/11\/03\/borba-hace-un-llamado-a-la-poblacion-para-acudir-a-vacunatorios-y-disminuir-la-forma-grave-del-covid-19\/","title":{"rendered":"Borba hace un llamado para acudir a vacunatorios y disminuir la forma grave del covid-19"},"content":{"rendered":"<p style=\"text-align: justify;\"><span style=\"font-weight: 400;\"><em><strong>Asunci\u00f3n, Agencia IP.-<\/strong><\/em> El ministro de Salud P\u00fablica, Julio Borba, exhort\u00f3 a la poblaci\u00f3n a recibir la vacuna anticovid, ya que de esa forma se evitar\u00e1 la forma grave del Sars-Cov-2 y se ayudar\u00e1 a frenar la propagaci\u00f3n del virus en la comunidad.<\/span><!--more--><\/p>\n<p style=\"text-align: justify;\"><span style=\"font-weight: 400;\">Durante el acto de <a href=\"https:\/\/www.ip.gov.py\/ip\/paraguay-recibe-30-000-vacunas-anticovid-donadas-por-la-conmebol\/\" target=\"_blank\" rel=\"noopener\">entrega de 30.000 dosis de vacunas contra el covid-19<\/a> donadas por la Conmebol, el titular de la cartera sanitaria habl\u00f3 del avance en la campa\u00f1a de vacunaci\u00f3n, que en poco tiempo avanz\u00f3 desde la meta inicial de inocular a los adultos mayores, las personas inmunosuprimidas y el personal sanitario, llegando las dosis a la poblaci\u00f3n en general.<\/span><\/p>\n<p style=\"text-align: justify;\"><span style=\"font-weight: 400;\">\u201cEl MSPBS logr\u00f3 traer siete plataformas este a\u00f1o, a\u00fan deben arribar al pa\u00eds m\u00e1s de 4.500.000 hasta fin de a\u00f1o, y para el a\u00f1o entrante tenemos asegurados 12.000.000 m\u00e1s. Esta cooperaci\u00f3n que nos proporciona hoy la Conmebol es una muestra de la confianza en nuestra instituci\u00f3n para administrar las vacunas y contar con m\u00e1s dosis para la gente\u201d, afirm\u00f3.<\/span><\/p>\n<p style=\"text-align: justify;\"><span style=\"font-weight: 400;\">En ese sentido, inst\u00f3 a la ciudadan\u00eda a mantenerse informados al calendario establecido por el PAI para aprovechar \u201ccada dosis de vida\u201d, que proporcionan las vacunas para el covid-19, e hizo un llamado para acudir a los vacunatorios.<\/span><\/p>\n<p style=\"text-align: justify;\"><span style=\"font-weight: 400;\">\u201cQueridos compatriotas. Las vacunas los esperan para lograr disminuir definitivamente la forma grave de la enfermedad, por favor acudan a los vacunatorios\u201d, enfatiz\u00f3.<\/span><\/p>\n<h4 style=\"text-align: justify;\"><b>Paraguay bati\u00f3 r\u00e9cord internacional en la vacunaci\u00f3n anticovid<\/b><\/h4>\n<p style=\"text-align: justify;\"><span style=\"font-weight: 400;\">Explic\u00f3 que desde la aparici\u00f3n de los biol\u00f3gicos, el Gobierno Nacional se traz\u00f3 la meta de llegar a la poblaci\u00f3n m\u00e1s vulnerable, como son los adultos mayores, las personas inmunosuprimidas, y el personal de salud. Se avanz\u00f3 en la concreci\u00f3n de compras y con ayuda de los cooperantes, se logr\u00f3 planificar la campa\u00f1a de vacunaci\u00f3n diaria para \u201caprovechar cada dosis\u201d, superando un r\u00e9cord internacional en la inoculaci\u00f3n masiva.<\/span><\/p>\n<p style=\"text-align: justify;\"><span style=\"font-weight: 400;\">\u201cSuperamos un r\u00e9cord internacional de vacunaci\u00f3n masiva, llegamos a cubrir un importante porcentaje de nuestra poblaci\u00f3n objetivo y hoy estamos bajando incluso con los adolescentes que deben ir acompa\u00f1ados de sus padres para dar fe y certeza de la vacuna, que est\u00e1n recibiendo sus hijos, cumpliendo la ley de defensa del ni\u00f1o y del adolescente\u201d, a\u00f1adi\u00f3.<\/span><\/p>\n<p style=\"text-align: justify;\"><span style=\"font-weight: 400;\">Record\u00f3 que en la actualidad se implementa la estrategia de llegar con la vacuna casa por casa, as\u00ed como de la inscripci\u00f3n de empresas para llevar las dosis a los lugares de trabajo.<\/span><\/p>\n<p style=\"text-align: justify;\"><span style=\"font-weight: 400;\">Resalt\u00f3 la gesti\u00f3n p\u00fablica al servicio del pueblo para que cada compatriota pueda acceder a los biol\u00f3gicos e insisti\u00f3 en permanecer informados a los calendarios del PAI para aprovechar las dosis de vida proporcionadas por los biol\u00f3gicos.<\/span><\/p>\n<p style=\"text-align: justify;\"><span style=\"font-weight: 400;\">\u201cLa administraci\u00f3n p\u00fablica no es para improvisados, sino para valientes que tienen el fin de servir a la patria mediante el cumplimiento fiel de la ley y la gesti\u00f3n a favor del pueblo. Esta es nuestra gesti\u00f3n, la que, pese a los altibajos, otorga hoy en d\u00eda la disponibilidad de dosis para toda la poblaci\u00f3n\u201d, subray\u00f3.<\/span><\/p>\n","protected":false},"excerpt":{"rendered":"<p>Asunci\u00f3n, Agencia IP.- El ministro de Salud P\u00fablica, Julio Borba, exhort\u00f3 a la poblaci\u00f3n a recibir la vacuna anticovid, ya que de esa forma se evitar\u00e1 la forma grave del Sars-Cov-2 y se ayudar\u00e1 a frenar la propagaci\u00f3n del virus en la comunidad.<\/p>\n","protected":false},"author":29,"featured_media":356506,"comment_status":"closed","ping_status":"closed","sticky":false,"template":"","format":"standard","meta":{"_monsterinsights_skip_tracking":false,"_monsterinsights_sitenote_active":false,"_monsterinsights_sitenote_note":"","_monsterinsights_sitenote_category":0,"footnotes":""},"categories":[2,6,2987],"tags":[2985,2986,5787,184,6691,3705],"class_list":{"0":"post-390757","1":"post","2":"type-post","3":"status-publish","4":"format-standard","5":"has-post-thumbnail","7":"category-destacado","8":"category-politica","9":"category-salud","10":"tag-covid-19","11":"tag-gobierno-nacional","12":"tag-julio-borba","13":"tag-mspbs","14":"tag-vacuna-anticovid","15":"tag-vacunatorios"},"yoast_head":"<!-- This site is optimized with the Yoast SEO plugin v27.5 - https:\/\/yoast.com\/product\/yoast-seo-wordpress\/ -->\n<title>Borba hace un llamado para acudir a vacunatorios y disminuir la forma grave del covid-19 - .::Agencia IP::.<\/title>\n<meta name=\"robots\" content=\"index, follow, max-snippet:-1, max-image-preview:large, max-video-preview:-1\" \/>\n<link rel=\"canonical\" href=\"https:\/\/www.ip.gov.py\/ip\/2021\/11\/03\/borba-hace-un-llamado-a-la-poblacion-para-acudir-a-vacunatorios-y-disminuir-la-forma-grave-del-covid-19\/\" \/>\n<meta property=\"og:locale\" content=\"es_ES\" \/>\n<meta property=\"og:type\" content=\"article\" \/>\n<meta property=\"og:title\" content=\"Borba hace un llamado para acudir a vacunatorios y disminuir la forma grave del covid-19 - .::Agencia IP::.\" \/>\n<meta property=\"og:description\" content=\"Asunci\u00f3n, Agencia IP.- El ministro de Salud P\u00fablica, Julio Borba, exhort\u00f3 a la poblaci\u00f3n a recibir la vacuna anticovid, ya que de esa forma se evitar\u00e1 la forma grave del Sars-Cov-2 y se ayudar\u00e1 a frenar la propagaci\u00f3n del virus en la comunidad.\" \/>\n<meta property=\"og:url\" content=\"https:\/\/www.ip.gov.py\/ip\/2021\/11\/03\/borba-hace-un-llamado-a-la-poblacion-para-acudir-a-vacunatorios-y-disminuir-la-forma-grave-del-covid-19\/\" \/>\n<meta property=\"og:site_name\" content=\".::Agencia IP::.\" \/>\n<meta property=\"article:publisher\" content=\"https:\/\/www.facebook.com\/IPParaguay\/\" \/>\n<meta property=\"article:published_time\" content=\"2021-11-03T13:49:31+00:00\" \/>\n<meta property=\"article:modified_time\" content=\"2021-11-03T17:23:21+00:00\" \/>\n<meta property=\"og:image\" content=\"https:\/\/www.ip.gov.py\/ip\/wp-content\/uploads\/2021\/03\/julio-Borba-nuevo-ministro-de-Salud.jpg\" \/>\n\t<meta property=\"og:image:width\" content=\"1280\" \/>\n\t<meta property=\"og:image:height\" content=\"834\" \/>\n\t<meta property=\"og:image:type\" content=\"image\/jpeg\" \/>\n<meta name=\"author\" content=\"jzelada\" \/>\n<meta name=\"twitter:card\" content=\"summary_large_image\" \/>\n<meta name=\"twitter:creator\" content=\"@IPParaguay\" \/>\n<meta name=\"twitter:site\" content=\"@IPParaguay\" \/>\n<meta name=\"twitter:label1\" content=\"Escrito por\" \/>\n\t<meta name=\"twitter:data1\" content=\"jzelada\" \/>\n\t<meta name=\"twitter:label2\" content=\"Tiempo de lectura\" \/>\n\t<meta name=\"twitter:data2\" content=\"3 minutos\" \/>\n<script type=\"application\/ld+json\" class=\"yoast-schema-graph\">{\"@context\":\"https:\\\/\\\/schema.org\",\"@graph\":[{\"@type\":\"Article\",\"@id\":\"https:\\\/\\\/www.ip.gov.py\\\/ip\\\/2021\\\/11\\\/03\\\/borba-hace-un-llamado-a-la-poblacion-para-acudir-a-vacunatorios-y-disminuir-la-forma-grave-del-covid-19\\\/#article\",\"isPartOf\":{\"@id\":\"https:\\\/\\\/www.ip.gov.py\\\/ip\\\/2021\\\/11\\\/03\\\/borba-hace-un-llamado-a-la-poblacion-para-acudir-a-vacunatorios-y-disminuir-la-forma-grave-del-covid-19\\\/\"},\"author\":{\"name\":\"jzelada\",\"@id\":\"https:\\\/\\\/www.ip.gov.py\\\/ip\\\/#\\\/schema\\\/person\\\/b0f4c235f0f0d7a0985bbb33c6a7941e\"},\"headline\":\"Borba hace un llamado para acudir a vacunatorios y disminuir la forma grave del covid-19\",\"datePublished\":\"2021-11-03T13:49:31+00:00\",\"dateModified\":\"2021-11-03T17:23:21+00:00\",\"mainEntityOfPage\":{\"@id\":\"https:\\\/\\\/www.ip.gov.py\\\/ip\\\/2021\\\/11\\\/03\\\/borba-hace-un-llamado-a-la-poblacion-para-acudir-a-vacunatorios-y-disminuir-la-forma-grave-del-covid-19\\\/\"},\"wordCount\":542,\"publisher\":{\"@id\":\"https:\\\/\\\/www.ip.gov.py\\\/ip\\\/#organization\"},\"image\":{\"@id\":\"https:\\\/\\\/www.ip.gov.py\\\/ip\\\/2021\\\/11\\\/03\\\/borba-hace-un-llamado-a-la-poblacion-para-acudir-a-vacunatorios-y-disminuir-la-forma-grave-del-covid-19\\\/#primaryimage\"},\"thumbnailUrl\":\"https:\\\/\\\/www.ip.gov.py\\\/ip\\\/wp-content\\\/uploads\\\/2021\\\/03\\\/julio-Borba-nuevo-ministro-de-Salud.jpg\",\"keywords\":[\"covid-19\",\"Gobierno Nacional\",\"Julio Borba\",\"MSPBS\",\"vacuna anticovid\",\"vacunatorios\"],\"articleSection\":[\"Destacado\",\"Pol\u00edtica\",\"Salud\"],\"inLanguage\":\"es\"},{\"@type\":\"WebPage\",\"@id\":\"https:\\\/\\\/www.ip.gov.py\\\/ip\\\/2021\\\/11\\\/03\\\/borba-hace-un-llamado-a-la-poblacion-para-acudir-a-vacunatorios-y-disminuir-la-forma-grave-del-covid-19\\\/\",\"url\":\"https:\\\/\\\/www.ip.gov.py\\\/ip\\\/2021\\\/11\\\/03\\\/borba-hace-un-llamado-a-la-poblacion-para-acudir-a-vacunatorios-y-disminuir-la-forma-grave-del-covid-19\\\/\",\"name\":\"Borba hace un llamado para acudir a vacunatorios y disminuir la forma grave del covid-19 - .::Agencia IP::.\",\"isPartOf\":{\"@id\":\"https:\\\/\\\/www.ip.gov.py\\\/ip\\\/#website\"},\"primaryImageOfPage\":{\"@id\":\"https:\\\/\\\/www.ip.gov.py\\\/ip\\\/2021\\\/11\\\/03\\\/borba-hace-un-llamado-a-la-poblacion-para-acudir-a-vacunatorios-y-disminuir-la-forma-grave-del-covid-19\\\/#primaryimage\"},\"image\":{\"@id\":\"https:\\\/\\\/www.ip.gov.py\\\/ip\\\/2021\\\/11\\\/03\\\/borba-hace-un-llamado-a-la-poblacion-para-acudir-a-vacunatorios-y-disminuir-la-forma-grave-del-covid-19\\\/#primaryimage\"},\"thumbnailUrl\":\"https:\\\/\\\/www.ip.gov.py\\\/ip\\\/wp-content\\\/uploads\\\/2021\\\/03\\\/julio-Borba-nuevo-ministro-de-Salud.jpg\",\"datePublished\":\"2021-11-03T13:49:31+00:00\",\"dateModified\":\"2021-11-03T17:23:21+00:00\",\"breadcrumb\":{\"@id\":\"https:\\\/\\\/www.ip.gov.py\\\/ip\\\/2021\\\/11\\\/03\\\/borba-hace-un-llamado-a-la-poblacion-para-acudir-a-vacunatorios-y-disminuir-la-forma-grave-del-covid-19\\\/#breadcrumb\"},\"inLanguage\":\"es\",\"potentialAction\":[{\"@type\":\"ReadAction\",\"target\":[\"https:\\\/\\\/www.ip.gov.py\\\/ip\\\/2021\\\/11\\\/03\\\/borba-hace-un-llamado-a-la-poblacion-para-acudir-a-vacunatorios-y-disminuir-la-forma-grave-del-covid-19\\\/\"]}]},{\"@type\":\"ImageObject\",\"inLanguage\":\"es\",\"@id\":\"https:\\\/\\\/www.ip.gov.py\\\/ip\\\/2021\\\/11\\\/03\\\/borba-hace-un-llamado-a-la-poblacion-para-acudir-a-vacunatorios-y-disminuir-la-forma-grave-del-covid-19\\\/#primaryimage\",\"url\":\"https:\\\/\\\/www.ip.gov.py\\\/ip\\\/wp-content\\\/uploads\\\/2021\\\/03\\\/julio-Borba-nuevo-ministro-de-Salud.jpg\",\"contentUrl\":\"https:\\\/\\\/www.ip.gov.py\\\/ip\\\/wp-content\\\/uploads\\\/2021\\\/03\\\/julio-Borba-nuevo-ministro-de-Salud.jpg\",\"width\":1280,\"height\":834,\"caption\":\"El ministro de Salud, Julio Borba, exhort\u00f3 a la poblaci\u00f3n a vacunarse contra el coronavirus. Foto Agencia IP.-\"},{\"@type\":\"BreadcrumbList\",\"@id\":\"https:\\\/\\\/www.ip.gov.py\\\/ip\\\/2021\\\/11\\\/03\\\/borba-hace-un-llamado-a-la-poblacion-para-acudir-a-vacunatorios-y-disminuir-la-forma-grave-del-covid-19\\\/#breadcrumb\",\"itemListElement\":[{\"@type\":\"ListItem\",\"position\":1,\"name\":\"Portada\",\"item\":\"https:\\\/\\\/www.ip.gov.py\\\/ip\\\/\"},{\"@type\":\"ListItem\",\"position\":2,\"name\":\"Borba hace un llamado para acudir a vacunatorios y disminuir la forma grave del covid-19\"}]},{\"@type\":\"WebSite\",\"@id\":\"https:\\\/\\\/www.ip.gov.py\\\/ip\\\/#website\",\"url\":\"https:\\\/\\\/www.ip.gov.py\\\/ip\\\/\",\"name\":\".::Agencia IP::.\",\"description\":\"\",\"publisher\":{\"@id\":\"https:\\\/\\\/www.ip.gov.py\\\/ip\\\/#organization\"},\"potentialAction\":[{\"@type\":\"SearchAction\",\"target\":{\"@type\":\"EntryPoint\",\"urlTemplate\":\"https:\\\/\\\/www.ip.gov.py\\\/ip\\\/?s={search_term_string}\"},\"query-input\":{\"@type\":\"PropertyValueSpecification\",\"valueRequired\":true,\"valueName\":\"search_term_string\"}}],\"inLanguage\":\"es\"},{\"@type\":\"Organization\",\"@id\":\"https:\\\/\\\/www.ip.gov.py\\\/ip\\\/#organization\",\"name\":\"Agencia IP\",\"url\":\"https:\\\/\\\/www.ip.gov.py\\\/ip\\\/\",\"logo\":{\"@type\":\"ImageObject\",\"inLanguage\":\"es\",\"@id\":\"https:\\\/\\\/www.ip.gov.py\\\/ip\\\/#\\\/schema\\\/logo\\\/image\\\/\",\"url\":\"https:\\\/\\\/www.ip.gov.py\\\/ip\\\/wp-content\\\/uploads\\\/2018\\\/01\\\/Agencia-IP.jpg\",\"contentUrl\":\"https:\\\/\\\/www.ip.gov.py\\\/ip\\\/wp-content\\\/uploads\\\/2018\\\/01\\\/Agencia-IP.jpg\",\"width\":150,\"height\":150,\"caption\":\"Agencia IP\"},\"image\":{\"@id\":\"https:\\\/\\\/www.ip.gov.py\\\/ip\\\/#\\\/schema\\\/logo\\\/image\\\/\"},\"sameAs\":[\"https:\\\/\\\/www.facebook.com\\\/IPParaguay\\\/\",\"https:\\\/\\\/x.com\\\/IPParaguay\",\"https:\\\/\\\/www.instagram.com\\\/IPParaguay\"]},{\"@type\":\"Person\",\"@id\":\"https:\\\/\\\/www.ip.gov.py\\\/ip\\\/#\\\/schema\\\/person\\\/b0f4c235f0f0d7a0985bbb33c6a7941e\",\"name\":\"jzelada\",\"url\":\"https:\\\/\\\/www.ip.gov.py\\\/ip\\\/author\\\/jzelada\\\/\"}]}<\/script>\n<!-- \/ Yoast SEO plugin. -->","yoast_head_json":{"title":"Borba hace un llamado para acudir a vacunatorios y disminuir la forma grave del covid-19 - .::Agencia IP::.","robots":{"index":"index","follow":"follow","max-snippet":"max-snippet:-1","max-image-preview":"max-image-preview:large","max-video-preview":"max-video-preview:-1"},"canonical":"https:\/\/www.ip.gov.py\/ip\/2021\/11\/03\/borba-hace-un-llamado-a-la-poblacion-para-acudir-a-vacunatorios-y-disminuir-la-forma-grave-del-covid-19\/","og_locale":"es_ES","og_type":"article","og_title":"Borba hace un llamado para acudir a vacunatorios y disminuir la forma grave del covid-19 - .::Agencia IP::.","og_description":"Asunci\u00f3n, Agencia IP.- El ministro de Salud P\u00fablica, Julio Borba, exhort\u00f3 a la poblaci\u00f3n a recibir la vacuna anticovid, ya que de esa forma se evitar\u00e1 la forma grave del Sars-Cov-2 y se ayudar\u00e1 a frenar la propagaci\u00f3n del virus en la comunidad.","og_url":"https:\/\/www.ip.gov.py\/ip\/2021\/11\/03\/borba-hace-un-llamado-a-la-poblacion-para-acudir-a-vacunatorios-y-disminuir-la-forma-grave-del-covid-19\/","og_site_name":".::Agencia IP::.","article_publisher":"https:\/\/www.facebook.com\/IPParaguay\/","article_published_time":"2021-11-03T13:49:31+00:00","article_modified_time":"2021-11-03T17:23:21+00:00","og_image":[{"width":1280,"height":834,"url":"https:\/\/www.ip.gov.py\/ip\/wp-content\/uploads\/2021\/03\/julio-Borba-nuevo-ministro-de-Salud.jpg","type":"image\/jpeg"}],"author":"jzelada","twitter_card":"summary_large_image","twitter_creator":"@IPParaguay","twitter_site":"@IPParaguay","twitter_misc":{"Escrito por":"jzelada","Tiempo de lectura":"3 minutos"},"schema":{"@context":"https:\/\/schema.org","@graph":[{"@type":"Article","@id":"https:\/\/www.ip.gov.py\/ip\/2021\/11\/03\/borba-hace-un-llamado-a-la-poblacion-para-acudir-a-vacunatorios-y-disminuir-la-forma-grave-del-covid-19\/#article","isPartOf":{"@id":"https:\/\/www.ip.gov.py\/ip\/2021\/11\/03\/borba-hace-un-llamado-a-la-poblacion-para-acudir-a-vacunatorios-y-disminuir-la-forma-grave-del-covid-19\/"},"author":{"name":"jzelada","@id":"https:\/\/www.ip.gov.py\/ip\/#\/schema\/person\/b0f4c235f0f0d7a0985bbb33c6a7941e"},"headline":"Borba hace un llamado para acudir a vacunatorios y disminuir la forma grave del covid-19","datePublished":"2021-11-03T13:49:31+00:00","dateModified":"2021-11-03T17:23:21+00:00","mainEntityOfPage":{"@id":"https:\/\/www.ip.gov.py\/ip\/2021\/11\/03\/borba-hace-un-llamado-a-la-poblacion-para-acudir-a-vacunatorios-y-disminuir-la-forma-grave-del-covid-19\/"},"wordCount":542,"publisher":{"@id":"https:\/\/www.ip.gov.py\/ip\/#organization"},"image":{"@id":"https:\/\/www.ip.gov.py\/ip\/2021\/11\/03\/borba-hace-un-llamado-a-la-poblacion-para-acudir-a-vacunatorios-y-disminuir-la-forma-grave-del-covid-19\/#primaryimage"},"thumbnailUrl":"https:\/\/www.ip.gov.py\/ip\/wp-content\/uploads\/2021\/03\/julio-Borba-nuevo-ministro-de-Salud.jpg","keywords":["covid-19","Gobierno Nacional","Julio Borba","MSPBS","vacuna anticovid","vacunatorios"],"articleSection":["Destacado","Pol\u00edtica","Salud"],"inLanguage":"es"},{"@type":"WebPage","@id":"https:\/\/www.ip.gov.py\/ip\/2021\/11\/03\/borba-hace-un-llamado-a-la-poblacion-para-acudir-a-vacunatorios-y-disminuir-la-forma-grave-del-covid-19\/","url":"https:\/\/www.ip.gov.py\/ip\/2021\/11\/03\/borba-hace-un-llamado-a-la-poblacion-para-acudir-a-vacunatorios-y-disminuir-la-forma-grave-del-covid-19\/","name":"Borba hace un llamado para acudir a vacunatorios y disminuir la forma grave del covid-19 - .::Agencia IP::.","isPartOf":{"@id":"https:\/\/www.ip.gov.py\/ip\/#website"},"primaryImageOfPage":{"@id":"https:\/\/www.ip.gov.py\/ip\/2021\/11\/03\/borba-hace-un-llamado-a-la-poblacion-para-acudir-a-vacunatorios-y-disminuir-la-forma-grave-del-covid-19\/#primaryimage"},"image":{"@id":"https:\/\/www.ip.gov.py\/ip\/2021\/11\/03\/borba-hace-un-llamado-a-la-poblacion-para-acudir-a-vacunatorios-y-disminuir-la-forma-grave-del-covid-19\/#primaryimage"},"thumbnailUrl":"https:\/\/www.ip.gov.py\/ip\/wp-content\/uploads\/2021\/03\/julio-Borba-nuevo-ministro-de-Salud.jpg","datePublished":"2021-11-03T13:49:31+00:00","dateModified":"2021-11-03T17:23:21+00:00","breadcrumb":{"@id":"https:\/\/www.ip.gov.py\/ip\/2021\/11\/03\/borba-hace-un-llamado-a-la-poblacion-para-acudir-a-vacunatorios-y-disminuir-la-forma-grave-del-covid-19\/#breadcrumb"},"inLanguage":"es","potentialAction":[{"@type":"ReadAction","target":["https:\/\/www.ip.gov.py\/ip\/2021\/11\/03\/borba-hace-un-llamado-a-la-poblacion-para-acudir-a-vacunatorios-y-disminuir-la-forma-grave-del-covid-19\/"]}]},{"@type":"ImageObject","inLanguage":"es","@id":"https:\/\/www.ip.gov.py\/ip\/2021\/11\/03\/borba-hace-un-llamado-a-la-poblacion-para-acudir-a-vacunatorios-y-disminuir-la-forma-grave-del-covid-19\/#primaryimage","url":"https:\/\/www.ip.gov.py\/ip\/wp-content\/uploads\/2021\/03\/julio-Borba-nuevo-ministro-de-Salud.jpg","contentUrl":"https:\/\/www.ip.gov.py\/ip\/wp-content\/uploads\/2021\/03\/julio-Borba-nuevo-ministro-de-Salud.jpg","width":1280,"height":834,"caption":"El ministro de Salud, Julio Borba, exhort\u00f3 a la poblaci\u00f3n a vacunarse contra el coronavirus. Foto Agencia IP.-"},{"@type":"BreadcrumbList","@id":"https:\/\/www.ip.gov.py\/ip\/2021\/11\/03\/borba-hace-un-llamado-a-la-poblacion-para-acudir-a-vacunatorios-y-disminuir-la-forma-grave-del-covid-19\/#breadcrumb","itemListElement":[{"@type":"ListItem","position":1,"name":"Portada","item":"https:\/\/www.ip.gov.py\/ip\/"},{"@type":"ListItem","position":2,"name":"Borba hace un llamado para acudir a vacunatorios y disminuir la forma grave del covid-19"}]},{"@type":"WebSite","@id":"https:\/\/www.ip.gov.py\/ip\/#website","url":"https:\/\/www.ip.gov.py\/ip\/","name":".::Agencia IP::.","description":"","publisher":{"@id":"https:\/\/www.ip.gov.py\/ip\/#organization"},"potentialAction":[{"@type":"SearchAction","target":{"@type":"EntryPoint","urlTemplate":"https:\/\/www.ip.gov.py\/ip\/?s={search_term_string}"},"query-input":{"@type":"PropertyValueSpecification","valueRequired":true,"valueName":"search_term_string"}}],"inLanguage":"es"},{"@type":"Organization","@id":"https:\/\/www.ip.gov.py\/ip\/#organization","name":"Agencia IP","url":"https:\/\/www.ip.gov.py\/ip\/","logo":{"@type":"ImageObject","inLanguage":"es","@id":"https:\/\/www.ip.gov.py\/ip\/#\/schema\/logo\/image\/","url":"https:\/\/www.ip.gov.py\/ip\/wp-content\/uploads\/2018\/01\/Agencia-IP.jpg","contentUrl":"https:\/\/www.ip.gov.py\/ip\/wp-content\/uploads\/2018\/01\/Agencia-IP.jpg","width":150,"height":150,"caption":"Agencia IP"},"image":{"@id":"https:\/\/www.ip.gov.py\/ip\/#\/schema\/logo\/image\/"},"sameAs":["https:\/\/www.facebook.com\/IPParaguay\/","https:\/\/x.com\/IPParaguay","https:\/\/www.instagram.com\/IPParaguay"]},{"@type":"Person","@id":"https:\/\/www.ip.gov.py\/ip\/#\/schema\/person\/b0f4c235f0f0d7a0985bbb33c6a7941e","name":"jzelada","url":"https:\/\/www.ip.gov.py\/ip\/author\/jzelada\/"}]}},"_links":{"self":[{"href":"https:\/\/www.ip.gov.py\/ip\/wp-json\/wp\/v2\/posts\/390757","targetHints":{"allow":["GET"]}}],"collection":[{"href":"https:\/\/www.ip.gov.py\/ip\/wp-json\/wp\/v2\/posts"}],"about":[{"href":"https:\/\/www.ip.gov.py\/ip\/wp-json\/wp\/v2\/types\/post"}],"author":[{"embeddable":true,"href":"https:\/\/www.ip.gov.py\/ip\/wp-json\/wp\/v2\/users\/29"}],"replies":[{"embeddable":true,"href":"https:\/\/www.ip.gov.py\/ip\/wp-json\/wp\/v2\/comments?post=390757"}],"version-history":[{"count":0,"href":"https:\/\/www.ip.gov.py\/ip\/wp-json\/wp\/v2\/posts\/390757\/revisions"}],"wp:featuredmedia":[{"embeddable":true,"href":"https:\/\/www.ip.gov.py\/ip\/wp-json\/wp\/v2\/media\/356506"}],"wp:attachment":[{"href":"https:\/\/www.ip.gov.py\/ip\/wp-json\/wp\/v2\/media?parent=390757"}],"wp:term":[{"taxonomy":"category","embeddable":true,"href":"https:\/\/www.ip.gov.py\/ip\/wp-json\/wp\/v2\/categories?post=390757"},{"taxonomy":"post_tag","embeddable":true,"href":"https:\/\/www.ip.gov.py\/ip\/wp-json\/wp\/v2\/tags?post=390757"}],"curies":[{"name":"wp","href":"https:\/\/api.w.org\/{rel}","templated":true}]}}