{"id":391674,"date":"2021-11-09T13:58:31","date_gmt":"2021-11-09T16:58:31","guid":{"rendered":"https:\/\/www.ip.gov.py\/ip\/?p=391674"},"modified":"2021-11-09T13:58:31","modified_gmt":"2021-11-09T16:58:31","slug":"culmina-puesta-en-valor-de-los-museos-campamento-cerro-leon-y-gaspar-rodriguez-de-francia","status":"publish","type":"post","link":"https:\/\/www.ip.gov.py\/ip\/2021\/11\/09\/culmina-puesta-en-valor-de-los-museos-campamento-cerro-leon-y-gaspar-rodriguez-de-francia\/","title":{"rendered":"Culmina puesta en valor de los museos Campamento Cerro Le\u00f3n y Gaspar Rodr\u00edguez de Francia"},"content":{"rendered":"<p style=\"text-align: justify;\"><em><strong>Asunci\u00f3n, Agencia IP.-<\/strong> <\/em>Concluyeron las obras de puesta en valor de los museos nacionales dependientes de la Secretar\u00eda Nacional de Cultura, el doctor Gaspar Rodr\u00edguez de Francia, situado de Yaguar\u00f3n; y el Campamento Cerro Le\u00f3n, ubicado en Piray\u00fa, departamento de Paraguar\u00ed.<!--more--><\/p>\n<p style=\"text-align: justify;\">Las mismas forman parte de los trabajos de recuperaci\u00f3n del patrimonio hist\u00f3rico del Paraguay. Con la tarea concluida, ambos museos estar\u00e1n habilitados nuevamente desde el mi\u00e9rcoles 10 de noviembre de mi\u00e9rcoles a domingos de 08:00 a 16:00.<\/p>\n<p style=\"text-align: justify;\"><strong>Trabajos en los dos museos<\/strong><\/p>\n<p style=\"text-align: justify;\">Los trabajos realizados en el museo doctor Gaspar Rodr\u00edguez de Francia incluyen pintura en general, tanto en el museo como en el bloque de apoyo, al igual que la reparaci\u00f3n de revoques de adobe y fisuras.<\/p>\n<p style=\"text-align: justify;\">Fueron ejecutadas, adem\u00e1s, obras para el cambio general de veredas, restauraci\u00f3n y mantenimiento de aberturas de madera, restauraci\u00f3n de rejas met\u00e1licas y portones en murallas.<\/p>\n<p style=\"text-align: justify;\">Por otro lado, en el museo Campamento Cerro Le\u00f3n se llevaron a cabo trabajos de pintura en los pabellones 1 y 2 y en el bloque de apoyo, as\u00ed como alba\u00f1iler\u00eda, reparaci\u00f3n de revoques de adobe y fisuras, arreglos de techos, cambios de viga de techo en mal estado (viga fisurada), revisi\u00f3n y limpieza de canal de desag\u00fce pluvial que atraviesa el pabell\u00f3n 2.<\/p>\n<p style=\"text-align: justify;\">Igualmente, se realiz\u00f3 la restituci\u00f3n de pisos de ladrillos en canaletas de desag\u00fce a cielo abierto y obras de canaletas para captaci\u00f3n de agua de lluvia al pozo.<\/p>\n<p style=\"text-align: justify;\"><strong>Los museos nacionales<\/strong><\/p>\n<p style=\"text-align: justify;\">El Museo Nacional doctor Gaspar Rodr\u00edguez de Francia est\u00e1 ubicado en la ciudad de Yaguar\u00f3n, era la casa donde viv\u00eda el capit\u00e1n Jos\u00e9 Engracia de Francia, padre del doctor del dictador supremo del Paraguay, donde se supone que de joven pasaba temporadas en esta residencia.<\/p>\n<p style=\"text-align: justify;\">La construcci\u00f3n de esta antigua vivienda data de la segunda mitad del siglo XVIII, periodo colonial, lo cual se hace evidente en su arquitectura, que nos habla de las costumbres de la \u00e9poca.<\/p>\n<p style=\"text-align: justify;\">La tipolog\u00eda utilizada es la llamada \u00abculata jov\u00e1i\u00bb, muy propia de nuestro medio rural y que aun en nuestros d\u00edas es muy utilizada en el interior del pa\u00eds.<\/p>\n<p style=\"text-align: justify;\">El Museo fue inaugurado el 17 de mayo de 1968 y actualmente depende de la Secretar\u00eda Nacional de Cultura.<\/p>\n<p style=\"text-align: justify;\">En las salas del Museo se encuentra una colecci\u00f3n de pinturas alto peruanas del siglo XVIII, adem\u00e1s de tallas franciscanas y jesu\u00edticas del siglo XVIII y una colecci\u00f3n de retratos.<\/p>\n<p style=\"text-align: justify;\"><strong>Museo Nacional Campamento Cerro Le\u00f3n<\/strong><\/p>\n<p style=\"text-align: justify;\">En marzo de 1864, el Mariscal Francisco Solano L\u00f3pez estableci\u00f3 en Cerro Le\u00f3n un campamento militar, en el que adiestraba para la Guerra un Ej\u00e9rcito de 30.000 hombres de 16 a 50 a\u00f1os de edad.<\/p>\n<p style=\"text-align: justify;\">El lugar estaba compuesto originalmente por 40 pabellones. En la actualidad, quedan en pie dos de ellos. Los dem\u00e1s fueron destruidos por las tropas aliadas.<\/p>\n<p style=\"text-align: justify;\">Campamento Cerro Le\u00f3n fue inmortalizada en una polca \u00e9pica paraguaya, cuya m\u00fasica fue de un autor an\u00f3nimo y la letra y arreglos de Mauricio Cardozo Ocampo.<\/p>\n<p style=\"text-align: justify;\">Este sitio hist\u00f3rico se encuentra en la compa\u00f1\u00eda Cerro Le\u00f3n de Piray\u00fa, ciudad fundada antes de la \u00e9poca franciscana y ubicada a 54 km de Asunci\u00f3n, en el Departamento de Paraguar\u00ed.<\/p>\n<p style=\"text-align: justify;\">\n","protected":false},"excerpt":{"rendered":"<p>Asunci\u00f3n, Agencia IP.- Concluyeron las obras de puesta en valor de los museos nacionales dependientes de la Secretar\u00eda Nacional de Cultura, el doctor Gaspar Rodr\u00edguez de Francia, situado de Yaguar\u00f3n; y el Campamento Cerro Le\u00f3n, ubicado en Piray\u00fa, departamento de Paraguar\u00ed.<\/p>\n","protected":false},"author":29,"featured_media":391677,"comment_status":"closed","ping_status":"closed","sticky":false,"template":"","format":"standard","meta":{"_monsterinsights_skip_tracking":false,"_monsterinsights_sitenote_active":false,"_monsterinsights_sitenote_note":"","_monsterinsights_sitenote_category":0,"footnotes":""},"categories":[7],"tags":[9515,8719,9514,318,3191,3683,199,319],"class_list":{"0":"post-391674","1":"post","2":"type-post","3":"status-publish","4":"format-standard","5":"has-post-thumbnail","7":"category-cultura","8":"tag-campamento-cerro-leon","9":"tag-jose-gaspar-rodriguez-de-francia","10":"tag-museo-nacional","11":"tag-paraguari","12":"tag-pirayu","13":"tag-puesta-en-valor","14":"tag-snc","15":"tag-yaguaron"},"yoast_head":"<!-- This site is optimized with the Yoast SEO plugin v27.5 - https:\/\/yoast.com\/product\/yoast-seo-wordpress\/ -->\n<title>Culmina puesta en valor de los museos Campamento Cerro Le\u00f3n y Gaspar Rodr\u00edguez de Francia - .::Agencia IP::.<\/title>\n<meta name=\"robots\" content=\"index, follow, max-snippet:-1, max-image-preview:large, max-video-preview:-1\" \/>\n<link rel=\"canonical\" href=\"https:\/\/www.ip.gov.py\/ip\/2021\/11\/09\/culmina-puesta-en-valor-de-los-museos-campamento-cerro-leon-y-gaspar-rodriguez-de-francia\/\" \/>\n<meta property=\"og:locale\" content=\"es_ES\" \/>\n<meta property=\"og:type\" content=\"article\" \/>\n<meta property=\"og:title\" content=\"Culmina puesta en valor de los museos Campamento Cerro Le\u00f3n y Gaspar Rodr\u00edguez de Francia - .::Agencia IP::.\" \/>\n<meta property=\"og:description\" content=\"Asunci\u00f3n, Agencia IP.- Concluyeron las obras de puesta en valor de los museos nacionales dependientes de la Secretar\u00eda Nacional de Cultura, el doctor Gaspar Rodr\u00edguez de Francia, situado de Yaguar\u00f3n; y el Campamento Cerro Le\u00f3n, ubicado en Piray\u00fa, departamento de Paraguar\u00ed.\" \/>\n<meta property=\"og:url\" content=\"https:\/\/www.ip.gov.py\/ip\/2021\/11\/09\/culmina-puesta-en-valor-de-los-museos-campamento-cerro-leon-y-gaspar-rodriguez-de-francia\/\" \/>\n<meta property=\"og:site_name\" content=\".::Agencia IP::.\" \/>\n<meta property=\"article:publisher\" content=\"https:\/\/www.facebook.com\/IPParaguay\/\" \/>\n<meta property=\"article:published_time\" content=\"2021-11-09T16:58:31+00:00\" \/>\n<meta property=\"og:image\" content=\"https:\/\/www.ip.gov.py\/ip\/wp-content\/uploads\/2021\/11\/Campamento-Cerro-Leon.jpeg\" \/>\n\t<meta property=\"og:image:width\" content=\"1600\" \/>\n\t<meta property=\"og:image:height\" content=\"1200\" \/>\n\t<meta property=\"og:image:type\" content=\"image\/jpeg\" \/>\n<meta name=\"author\" content=\"jzelada\" \/>\n<meta name=\"twitter:card\" content=\"summary_large_image\" \/>\n<meta name=\"twitter:creator\" content=\"@IPParaguay\" \/>\n<meta name=\"twitter:site\" content=\"@IPParaguay\" \/>\n<meta name=\"twitter:label1\" content=\"Escrito por\" \/>\n\t<meta name=\"twitter:data1\" content=\"jzelada\" \/>\n\t<meta name=\"twitter:label2\" content=\"Tiempo de lectura\" \/>\n\t<meta name=\"twitter:data2\" content=\"3 minutos\" \/>\n<script type=\"application\/ld+json\" class=\"yoast-schema-graph\">{\"@context\":\"https:\\\/\\\/schema.org\",\"@graph\":[{\"@type\":\"Article\",\"@id\":\"https:\\\/\\\/www.ip.gov.py\\\/ip\\\/2021\\\/11\\\/09\\\/culmina-puesta-en-valor-de-los-museos-campamento-cerro-leon-y-gaspar-rodriguez-de-francia\\\/#article\",\"isPartOf\":{\"@id\":\"https:\\\/\\\/www.ip.gov.py\\\/ip\\\/2021\\\/11\\\/09\\\/culmina-puesta-en-valor-de-los-museos-campamento-cerro-leon-y-gaspar-rodriguez-de-francia\\\/\"},\"author\":{\"name\":\"jzelada\",\"@id\":\"https:\\\/\\\/www.ip.gov.py\\\/ip\\\/#\\\/schema\\\/person\\\/b0f4c235f0f0d7a0985bbb33c6a7941e\"},\"headline\":\"Culmina puesta en valor de los museos Campamento Cerro Le\u00f3n y Gaspar Rodr\u00edguez de Francia\",\"datePublished\":\"2021-11-09T16:58:31+00:00\",\"mainEntityOfPage\":{\"@id\":\"https:\\\/\\\/www.ip.gov.py\\\/ip\\\/2021\\\/11\\\/09\\\/culmina-puesta-en-valor-de-los-museos-campamento-cerro-leon-y-gaspar-rodriguez-de-francia\\\/\"},\"wordCount\":573,\"publisher\":{\"@id\":\"https:\\\/\\\/www.ip.gov.py\\\/ip\\\/#organization\"},\"image\":{\"@id\":\"https:\\\/\\\/www.ip.gov.py\\\/ip\\\/2021\\\/11\\\/09\\\/culmina-puesta-en-valor-de-los-museos-campamento-cerro-leon-y-gaspar-rodriguez-de-francia\\\/#primaryimage\"},\"thumbnailUrl\":\"https:\\\/\\\/www.ip.gov.py\\\/ip\\\/wp-content\\\/uploads\\\/2021\\\/11\\\/Campamento-Cerro-Leon.jpeg\",\"keywords\":[\"Campamento Cerro Le\u00f3n\",\"Jos\u00e9 Gaspar Rodr\u00edguez de Francia\",\"Museo Nacional\",\"Paraguar\u00ed\",\"Piray\u00fa\",\"puesta en valor\",\"SNC\",\"Yaguar\u00f3n\"],\"articleSection\":[\"Cultura\"],\"inLanguage\":\"es\"},{\"@type\":\"WebPage\",\"@id\":\"https:\\\/\\\/www.ip.gov.py\\\/ip\\\/2021\\\/11\\\/09\\\/culmina-puesta-en-valor-de-los-museos-campamento-cerro-leon-y-gaspar-rodriguez-de-francia\\\/\",\"url\":\"https:\\\/\\\/www.ip.gov.py\\\/ip\\\/2021\\\/11\\\/09\\\/culmina-puesta-en-valor-de-los-museos-campamento-cerro-leon-y-gaspar-rodriguez-de-francia\\\/\",\"name\":\"Culmina puesta en valor de los museos Campamento Cerro Le\u00f3n y Gaspar Rodr\u00edguez de Francia - .::Agencia IP::.\",\"isPartOf\":{\"@id\":\"https:\\\/\\\/www.ip.gov.py\\\/ip\\\/#website\"},\"primaryImageOfPage\":{\"@id\":\"https:\\\/\\\/www.ip.gov.py\\\/ip\\\/2021\\\/11\\\/09\\\/culmina-puesta-en-valor-de-los-museos-campamento-cerro-leon-y-gaspar-rodriguez-de-francia\\\/#primaryimage\"},\"image\":{\"@id\":\"https:\\\/\\\/www.ip.gov.py\\\/ip\\\/2021\\\/11\\\/09\\\/culmina-puesta-en-valor-de-los-museos-campamento-cerro-leon-y-gaspar-rodriguez-de-francia\\\/#primaryimage\"},\"thumbnailUrl\":\"https:\\\/\\\/www.ip.gov.py\\\/ip\\\/wp-content\\\/uploads\\\/2021\\\/11\\\/Campamento-Cerro-Leon.jpeg\",\"datePublished\":\"2021-11-09T16:58:31+00:00\",\"breadcrumb\":{\"@id\":\"https:\\\/\\\/www.ip.gov.py\\\/ip\\\/2021\\\/11\\\/09\\\/culmina-puesta-en-valor-de-los-museos-campamento-cerro-leon-y-gaspar-rodriguez-de-francia\\\/#breadcrumb\"},\"inLanguage\":\"es\",\"potentialAction\":[{\"@type\":\"ReadAction\",\"target\":[\"https:\\\/\\\/www.ip.gov.py\\\/ip\\\/2021\\\/11\\\/09\\\/culmina-puesta-en-valor-de-los-museos-campamento-cerro-leon-y-gaspar-rodriguez-de-francia\\\/\"]}]},{\"@type\":\"ImageObject\",\"inLanguage\":\"es\",\"@id\":\"https:\\\/\\\/www.ip.gov.py\\\/ip\\\/2021\\\/11\\\/09\\\/culmina-puesta-en-valor-de-los-museos-campamento-cerro-leon-y-gaspar-rodriguez-de-francia\\\/#primaryimage\",\"url\":\"https:\\\/\\\/www.ip.gov.py\\\/ip\\\/wp-content\\\/uploads\\\/2021\\\/11\\\/Campamento-Cerro-Leon.jpeg\",\"contentUrl\":\"https:\\\/\\\/www.ip.gov.py\\\/ip\\\/wp-content\\\/uploads\\\/2021\\\/11\\\/Campamento-Cerro-Leon.jpeg\",\"width\":1600,\"height\":1200,\"caption\":\"Edificio del Museo Nacional Campamento Cerro Le\u00f3n, situado en Piray\u00fa, departamento de Boquer\u00f3n. Foto SNC.-\"},{\"@type\":\"BreadcrumbList\",\"@id\":\"https:\\\/\\\/www.ip.gov.py\\\/ip\\\/2021\\\/11\\\/09\\\/culmina-puesta-en-valor-de-los-museos-campamento-cerro-leon-y-gaspar-rodriguez-de-francia\\\/#breadcrumb\",\"itemListElement\":[{\"@type\":\"ListItem\",\"position\":1,\"name\":\"Portada\",\"item\":\"https:\\\/\\\/www.ip.gov.py\\\/ip\\\/\"},{\"@type\":\"ListItem\",\"position\":2,\"name\":\"Culmina puesta en valor de los museos Campamento Cerro Le\u00f3n y Gaspar Rodr\u00edguez de Francia\"}]},{\"@type\":\"WebSite\",\"@id\":\"https:\\\/\\\/www.ip.gov.py\\\/ip\\\/#website\",\"url\":\"https:\\\/\\\/www.ip.gov.py\\\/ip\\\/\",\"name\":\".::Agencia IP::.\",\"description\":\"\",\"publisher\":{\"@id\":\"https:\\\/\\\/www.ip.gov.py\\\/ip\\\/#organization\"},\"potentialAction\":[{\"@type\":\"SearchAction\",\"target\":{\"@type\":\"EntryPoint\",\"urlTemplate\":\"https:\\\/\\\/www.ip.gov.py\\\/ip\\\/?s={search_term_string}\"},\"query-input\":{\"@type\":\"PropertyValueSpecification\",\"valueRequired\":true,\"valueName\":\"search_term_string\"}}],\"inLanguage\":\"es\"},{\"@type\":\"Organization\",\"@id\":\"https:\\\/\\\/www.ip.gov.py\\\/ip\\\/#organization\",\"name\":\"Agencia IP\",\"url\":\"https:\\\/\\\/www.ip.gov.py\\\/ip\\\/\",\"logo\":{\"@type\":\"ImageObject\",\"inLanguage\":\"es\",\"@id\":\"https:\\\/\\\/www.ip.gov.py\\\/ip\\\/#\\\/schema\\\/logo\\\/image\\\/\",\"url\":\"https:\\\/\\\/www.ip.gov.py\\\/ip\\\/wp-content\\\/uploads\\\/2018\\\/01\\\/Agencia-IP.jpg\",\"contentUrl\":\"https:\\\/\\\/www.ip.gov.py\\\/ip\\\/wp-content\\\/uploads\\\/2018\\\/01\\\/Agencia-IP.jpg\",\"width\":150,\"height\":150,\"caption\":\"Agencia IP\"},\"image\":{\"@id\":\"https:\\\/\\\/www.ip.gov.py\\\/ip\\\/#\\\/schema\\\/logo\\\/image\\\/\"},\"sameAs\":[\"https:\\\/\\\/www.facebook.com\\\/IPParaguay\\\/\",\"https:\\\/\\\/x.com\\\/IPParaguay\",\"https:\\\/\\\/www.instagram.com\\\/IPParaguay\"]},{\"@type\":\"Person\",\"@id\":\"https:\\\/\\\/www.ip.gov.py\\\/ip\\\/#\\\/schema\\\/person\\\/b0f4c235f0f0d7a0985bbb33c6a7941e\",\"name\":\"jzelada\",\"url\":\"https:\\\/\\\/www.ip.gov.py\\\/ip\\\/author\\\/jzelada\\\/\"}]}<\/script>\n<!-- \/ Yoast SEO plugin. -->","yoast_head_json":{"title":"Culmina puesta en valor de los museos Campamento Cerro Le\u00f3n y Gaspar Rodr\u00edguez de Francia - .::Agencia IP::.","robots":{"index":"index","follow":"follow","max-snippet":"max-snippet:-1","max-image-preview":"max-image-preview:large","max-video-preview":"max-video-preview:-1"},"canonical":"https:\/\/www.ip.gov.py\/ip\/2021\/11\/09\/culmina-puesta-en-valor-de-los-museos-campamento-cerro-leon-y-gaspar-rodriguez-de-francia\/","og_locale":"es_ES","og_type":"article","og_title":"Culmina puesta en valor de los museos Campamento Cerro Le\u00f3n y Gaspar Rodr\u00edguez de Francia - .::Agencia IP::.","og_description":"Asunci\u00f3n, Agencia IP.- Concluyeron las obras de puesta en valor de los museos nacionales dependientes de la Secretar\u00eda Nacional de Cultura, el doctor Gaspar Rodr\u00edguez de Francia, situado de Yaguar\u00f3n; y el Campamento Cerro Le\u00f3n, ubicado en Piray\u00fa, departamento de Paraguar\u00ed.","og_url":"https:\/\/www.ip.gov.py\/ip\/2021\/11\/09\/culmina-puesta-en-valor-de-los-museos-campamento-cerro-leon-y-gaspar-rodriguez-de-francia\/","og_site_name":".::Agencia IP::.","article_publisher":"https:\/\/www.facebook.com\/IPParaguay\/","article_published_time":"2021-11-09T16:58:31+00:00","og_image":[{"width":1600,"height":1200,"url":"https:\/\/www.ip.gov.py\/ip\/wp-content\/uploads\/2021\/11\/Campamento-Cerro-Leon.jpeg","type":"image\/jpeg"}],"author":"jzelada","twitter_card":"summary_large_image","twitter_creator":"@IPParaguay","twitter_site":"@IPParaguay","twitter_misc":{"Escrito por":"jzelada","Tiempo de lectura":"3 minutos"},"schema":{"@context":"https:\/\/schema.org","@graph":[{"@type":"Article","@id":"https:\/\/www.ip.gov.py\/ip\/2021\/11\/09\/culmina-puesta-en-valor-de-los-museos-campamento-cerro-leon-y-gaspar-rodriguez-de-francia\/#article","isPartOf":{"@id":"https:\/\/www.ip.gov.py\/ip\/2021\/11\/09\/culmina-puesta-en-valor-de-los-museos-campamento-cerro-leon-y-gaspar-rodriguez-de-francia\/"},"author":{"name":"jzelada","@id":"https:\/\/www.ip.gov.py\/ip\/#\/schema\/person\/b0f4c235f0f0d7a0985bbb33c6a7941e"},"headline":"Culmina puesta en valor de los museos Campamento Cerro Le\u00f3n y Gaspar Rodr\u00edguez de Francia","datePublished":"2021-11-09T16:58:31+00:00","mainEntityOfPage":{"@id":"https:\/\/www.ip.gov.py\/ip\/2021\/11\/09\/culmina-puesta-en-valor-de-los-museos-campamento-cerro-leon-y-gaspar-rodriguez-de-francia\/"},"wordCount":573,"publisher":{"@id":"https:\/\/www.ip.gov.py\/ip\/#organization"},"image":{"@id":"https:\/\/www.ip.gov.py\/ip\/2021\/11\/09\/culmina-puesta-en-valor-de-los-museos-campamento-cerro-leon-y-gaspar-rodriguez-de-francia\/#primaryimage"},"thumbnailUrl":"https:\/\/www.ip.gov.py\/ip\/wp-content\/uploads\/2021\/11\/Campamento-Cerro-Leon.jpeg","keywords":["Campamento Cerro Le\u00f3n","Jos\u00e9 Gaspar Rodr\u00edguez de Francia","Museo Nacional","Paraguar\u00ed","Piray\u00fa","puesta en valor","SNC","Yaguar\u00f3n"],"articleSection":["Cultura"],"inLanguage":"es"},{"@type":"WebPage","@id":"https:\/\/www.ip.gov.py\/ip\/2021\/11\/09\/culmina-puesta-en-valor-de-los-museos-campamento-cerro-leon-y-gaspar-rodriguez-de-francia\/","url":"https:\/\/www.ip.gov.py\/ip\/2021\/11\/09\/culmina-puesta-en-valor-de-los-museos-campamento-cerro-leon-y-gaspar-rodriguez-de-francia\/","name":"Culmina puesta en valor de los museos Campamento Cerro Le\u00f3n y Gaspar Rodr\u00edguez de Francia - .::Agencia IP::.","isPartOf":{"@id":"https:\/\/www.ip.gov.py\/ip\/#website"},"primaryImageOfPage":{"@id":"https:\/\/www.ip.gov.py\/ip\/2021\/11\/09\/culmina-puesta-en-valor-de-los-museos-campamento-cerro-leon-y-gaspar-rodriguez-de-francia\/#primaryimage"},"image":{"@id":"https:\/\/www.ip.gov.py\/ip\/2021\/11\/09\/culmina-puesta-en-valor-de-los-museos-campamento-cerro-leon-y-gaspar-rodriguez-de-francia\/#primaryimage"},"thumbnailUrl":"https:\/\/www.ip.gov.py\/ip\/wp-content\/uploads\/2021\/11\/Campamento-Cerro-Leon.jpeg","datePublished":"2021-11-09T16:58:31+00:00","breadcrumb":{"@id":"https:\/\/www.ip.gov.py\/ip\/2021\/11\/09\/culmina-puesta-en-valor-de-los-museos-campamento-cerro-leon-y-gaspar-rodriguez-de-francia\/#breadcrumb"},"inLanguage":"es","potentialAction":[{"@type":"ReadAction","target":["https:\/\/www.ip.gov.py\/ip\/2021\/11\/09\/culmina-puesta-en-valor-de-los-museos-campamento-cerro-leon-y-gaspar-rodriguez-de-francia\/"]}]},{"@type":"ImageObject","inLanguage":"es","@id":"https:\/\/www.ip.gov.py\/ip\/2021\/11\/09\/culmina-puesta-en-valor-de-los-museos-campamento-cerro-leon-y-gaspar-rodriguez-de-francia\/#primaryimage","url":"https:\/\/www.ip.gov.py\/ip\/wp-content\/uploads\/2021\/11\/Campamento-Cerro-Leon.jpeg","contentUrl":"https:\/\/www.ip.gov.py\/ip\/wp-content\/uploads\/2021\/11\/Campamento-Cerro-Leon.jpeg","width":1600,"height":1200,"caption":"Edificio del Museo Nacional Campamento Cerro Le\u00f3n, situado en Piray\u00fa, departamento de Boquer\u00f3n. Foto SNC.-"},{"@type":"BreadcrumbList","@id":"https:\/\/www.ip.gov.py\/ip\/2021\/11\/09\/culmina-puesta-en-valor-de-los-museos-campamento-cerro-leon-y-gaspar-rodriguez-de-francia\/#breadcrumb","itemListElement":[{"@type":"ListItem","position":1,"name":"Portada","item":"https:\/\/www.ip.gov.py\/ip\/"},{"@type":"ListItem","position":2,"name":"Culmina puesta en valor de los museos Campamento Cerro Le\u00f3n y Gaspar Rodr\u00edguez de Francia"}]},{"@type":"WebSite","@id":"https:\/\/www.ip.gov.py\/ip\/#website","url":"https:\/\/www.ip.gov.py\/ip\/","name":".::Agencia IP::.","description":"","publisher":{"@id":"https:\/\/www.ip.gov.py\/ip\/#organization"},"potentialAction":[{"@type":"SearchAction","target":{"@type":"EntryPoint","urlTemplate":"https:\/\/www.ip.gov.py\/ip\/?s={search_term_string}"},"query-input":{"@type":"PropertyValueSpecification","valueRequired":true,"valueName":"search_term_string"}}],"inLanguage":"es"},{"@type":"Organization","@id":"https:\/\/www.ip.gov.py\/ip\/#organization","name":"Agencia IP","url":"https:\/\/www.ip.gov.py\/ip\/","logo":{"@type":"ImageObject","inLanguage":"es","@id":"https:\/\/www.ip.gov.py\/ip\/#\/schema\/logo\/image\/","url":"https:\/\/www.ip.gov.py\/ip\/wp-content\/uploads\/2018\/01\/Agencia-IP.jpg","contentUrl":"https:\/\/www.ip.gov.py\/ip\/wp-content\/uploads\/2018\/01\/Agencia-IP.jpg","width":150,"height":150,"caption":"Agencia IP"},"image":{"@id":"https:\/\/www.ip.gov.py\/ip\/#\/schema\/logo\/image\/"},"sameAs":["https:\/\/www.facebook.com\/IPParaguay\/","https:\/\/x.com\/IPParaguay","https:\/\/www.instagram.com\/IPParaguay"]},{"@type":"Person","@id":"https:\/\/www.ip.gov.py\/ip\/#\/schema\/person\/b0f4c235f0f0d7a0985bbb33c6a7941e","name":"jzelada","url":"https:\/\/www.ip.gov.py\/ip\/author\/jzelada\/"}]}},"_links":{"self":[{"href":"https:\/\/www.ip.gov.py\/ip\/wp-json\/wp\/v2\/posts\/391674","targetHints":{"allow":["GET"]}}],"collection":[{"href":"https:\/\/www.ip.gov.py\/ip\/wp-json\/wp\/v2\/posts"}],"about":[{"href":"https:\/\/www.ip.gov.py\/ip\/wp-json\/wp\/v2\/types\/post"}],"author":[{"embeddable":true,"href":"https:\/\/www.ip.gov.py\/ip\/wp-json\/wp\/v2\/users\/29"}],"replies":[{"embeddable":true,"href":"https:\/\/www.ip.gov.py\/ip\/wp-json\/wp\/v2\/comments?post=391674"}],"version-history":[{"count":0,"href":"https:\/\/www.ip.gov.py\/ip\/wp-json\/wp\/v2\/posts\/391674\/revisions"}],"wp:featuredmedia":[{"embeddable":true,"href":"https:\/\/www.ip.gov.py\/ip\/wp-json\/wp\/v2\/media\/391677"}],"wp:attachment":[{"href":"https:\/\/www.ip.gov.py\/ip\/wp-json\/wp\/v2\/media?parent=391674"}],"wp:term":[{"taxonomy":"category","embeddable":true,"href":"https:\/\/www.ip.gov.py\/ip\/wp-json\/wp\/v2\/categories?post=391674"},{"taxonomy":"post_tag","embeddable":true,"href":"https:\/\/www.ip.gov.py\/ip\/wp-json\/wp\/v2\/tags?post=391674"}],"curies":[{"name":"wp","href":"https:\/\/api.w.org\/{rel}","templated":true}]}}