{"id":391968,"date":"2021-11-11T07:47:42","date_gmt":"2021-11-11T10:47:42","guid":{"rendered":"https:\/\/www.ip.gov.py\/ip\/?p=391968"},"modified":"2021-11-11T07:55:38","modified_gmt":"2021-11-11T10:55:38","slug":"el-puente-mas-largo-del-neembucu-se-ilumina-sobre-el-tebicuary","status":"publish","type":"post","link":"https:\/\/www.ip.gov.py\/ip\/2021\/11\/11\/el-puente-mas-largo-del-neembucu-se-ilumina-sobre-el-tebicuary\/","title":{"rendered":"El puente m\u00e1s largo del \u00d1eembuc\u00fa se ilumina sobre el Tebicuary"},"content":{"rendered":"<p style=\"text-align: justify;\"><em><strong>Asunci\u00f3n, Agencia IP.-<\/strong><\/em> En la tarde &#8211; noche del martes de esta semana se realizaron las primeras pruebas de iluminaci\u00f3n que tendr\u00e1 el puente de 1.175 metros construido sobre el r\u00edo Tebicuary, el m\u00e1s largo de todo el departamento de \u00d1eembuc\u00fa.<!--more--><\/p>\n<p style=\"text-align: justify;\">Se trata de un sistema que utiliza como fuente de energ\u00eda el sol. Cada columna trae su propia bater\u00eda inteligente, panel solar y foco LED, similar al sistema que se tiene en la Autopista \u00d1u Guas\u00fa.<\/p>\n<p style=\"text-align: justify;\">Adem\u00e1s de ser una fuente de energ\u00eda limpia y renovable, la iluminaci\u00f3n solar al ser independiente de la red el\u00e9ctrica, aparte de garantizar su funcionamiento incluso durante los apagones, disminuye los costos de operaci\u00f3n porque se trata de luces dependientes de la energ\u00eda t\u00e9rmica dada por el sol. Con esto disminuyen las posibilidades de sobrecalentamiento, as\u00ed como de su mantenimiento en comparaci\u00f3n a las luminarias convencionales.<\/p>\n<p style=\"text-align: justify;\">Esta pasarela compone la Obra 2 de la ruta desv\u00edo Alberdi- P\u00edlar que abarca un tramo de 38,440 km desde r\u00edo Tebicuary hasta la ciudad de Pilar, m\u00e1s el acceso a la capital departamental de unos 4,335 km. Antes de fin de a\u00f1o se espera habilitar todo este sector al tr\u00e1nsito vehicular.<\/p>\n<figure id=\"attachment_391972\" aria-describedby=\"caption-attachment-391972\" style=\"width: 366px\" class=\"wp-caption alignright\"><img loading=\"lazy\" decoding=\"async\" class=\" wp-image-391972\" src=\"https:\/\/www.ip.gov.py\/ip\/wp-content\/uploads\/2021\/11\/Puente-Iluminacion-600x308.jpg\" alt=\"\" width=\"366\" height=\"188\" srcset=\"https:\/\/www.ip.gov.py\/ip\/wp-content\/uploads\/2021\/11\/Puente-Iluminacion-600x308.jpg 600w, https:\/\/www.ip.gov.py\/ip\/wp-content\/uploads\/2021\/11\/Puente-Iluminacion-1024x525.jpg 1024w, https:\/\/www.ip.gov.py\/ip\/wp-content\/uploads\/2021\/11\/Puente-Iluminacion-768x394.jpg 768w, https:\/\/www.ip.gov.py\/ip\/wp-content\/uploads\/2021\/11\/Puente-Iluminacion-696x357.jpg 696w, https:\/\/www.ip.gov.py\/ip\/wp-content\/uploads\/2021\/11\/Puente-Iluminacion-1068x547.jpg 1068w, https:\/\/www.ip.gov.py\/ip\/wp-content\/uploads\/2021\/11\/Puente-Iluminacion-819x420.jpg 819w, https:\/\/www.ip.gov.py\/ip\/wp-content\/uploads\/2021\/11\/Puente-Iluminacion.jpg 1079w\" sizes=\"auto, (max-width: 366px) 100vw, 366px\" \/><figcaption id=\"caption-attachment-391972\" class=\"wp-caption-text\">Foto: Agencia IP<\/figcaption><\/figure>\n<p style=\"text-align: justify;\">Recordemos que durante d\u00e9cadas la ruta departamental Alberdi \u2013 Pilar era uno de los tramos m\u00e1s angustiantes en temporada de lluvias y crecidas.<\/p>\n<p style=\"text-align: justify;\">Hoy d\u00eda, gracias al mejoramiento vial, se podr\u00e1 garantizar la conectividad de algunas localidades hist\u00f3ricamente olvidadas como Villa Franca, Mburic\u00e1, San Juan Bautista del \u00d1eembuc\u00fa, Tacuara y Pilar, que a veces incluso deb\u00edan utilizar rutas de la Argentina para poder movilizarse.<\/p>\n<p style=\"text-align: justify;\">La ruta Desv\u00edo Alberdi-Pilar tiene una extensi\u00f3n total de m\u00e1s de 90 km y su ejecuci\u00f3n se divide en dos lotes.<\/p>\n<p style=\"text-align: justify;\">La Obra 1, Desv\u00edo Alberdi \u2013 R\u00edo Tebicuary (51,56 km) y Traves\u00eda Urbana Villa Franca (2,297 km), tiene un avance superior al 30% y es responsable el Consorcio TC Pilar.<\/p>\n<p style=\"text-align: justify;\">Por su lado, el Consorcio Tocsa-Ecomipa, se encarga de la Obra 2 que abarca el trayecto R\u00edo Tebicuary \u2013 Pilar (38,440 km) y Acceso Ciudad de Pilar (4,335 km).<\/p>\n","protected":false},"excerpt":{"rendered":"<p>Asunci\u00f3n, Agencia IP.- En la tarde &#8211; noche del martes de esta semana se realizaron las primeras pruebas de iluminaci\u00f3n que tendr\u00e1 el puente de 1.175 metros construido sobre el r\u00edo Tebicuary, el m\u00e1s largo de todo el departamento de \u00d1eembuc\u00fa.<\/p>\n","protected":false},"author":23,"featured_media":391983,"comment_status":"closed","ping_status":"closed","sticky":false,"template":"","format":"standard","meta":{"_monsterinsights_skip_tracking":false,"_monsterinsights_sitenote_active":false,"_monsterinsights_sitenote_note":"","_monsterinsights_sitenote_category":0,"footnotes":""},"categories":[2,4],"tags":[97,705,146,7029,9503],"class_list":{"0":"post-391968","1":"post","2":"type-post","3":"status-publish","4":"format-standard","5":"has-post-thumbnail","7":"category-destacado","8":"category-nacionales","9":"tag-mopc","10":"tag-neembucu","11":"tag-puente","12":"tag-rio-tebicuary","13":"tag-ruta-desvio-alberdi-pilar"},"yoast_head":"<!-- This site is optimized with the Yoast SEO plugin v27.5 - https:\/\/yoast.com\/product\/yoast-seo-wordpress\/ -->\n<title>El puente m\u00e1s largo del \u00d1eembuc\u00fa se ilumina sobre el Tebicuary - .::Agencia IP::.<\/title>\n<meta name=\"robots\" content=\"index, follow, max-snippet:-1, max-image-preview:large, max-video-preview:-1\" \/>\n<link rel=\"canonical\" href=\"https:\/\/www.ip.gov.py\/ip\/2021\/11\/11\/el-puente-mas-largo-del-neembucu-se-ilumina-sobre-el-tebicuary\/\" \/>\n<meta property=\"og:locale\" content=\"es_ES\" \/>\n<meta property=\"og:type\" content=\"article\" \/>\n<meta property=\"og:title\" content=\"El puente m\u00e1s largo del \u00d1eembuc\u00fa se ilumina sobre el Tebicuary - .::Agencia IP::.\" \/>\n<meta property=\"og:description\" content=\"Asunci\u00f3n, Agencia IP.- En la tarde &#8211; noche del martes de esta semana se realizaron las primeras pruebas de iluminaci\u00f3n que tendr\u00e1 el puente de 1.175 metros construido sobre el r\u00edo Tebicuary, el m\u00e1s largo de todo el departamento de \u00d1eembuc\u00fa.\" \/>\n<meta property=\"og:url\" content=\"https:\/\/www.ip.gov.py\/ip\/2021\/11\/11\/el-puente-mas-largo-del-neembucu-se-ilumina-sobre-el-tebicuary\/\" \/>\n<meta property=\"og:site_name\" content=\".::Agencia IP::.\" \/>\n<meta property=\"article:publisher\" content=\"https:\/\/www.facebook.com\/IPParaguay\/\" \/>\n<meta property=\"article:published_time\" content=\"2021-11-11T10:47:42+00:00\" \/>\n<meta property=\"article:modified_time\" content=\"2021-11-11T10:55:38+00:00\" \/>\n<meta property=\"og:image\" content=\"https:\/\/www.ip.gov.py\/ip\/wp-content\/uploads\/2021\/11\/Puente.png\" \/>\n\t<meta property=\"og:image:width\" content=\"789\" \/>\n\t<meta property=\"og:image:height\" content=\"395\" \/>\n\t<meta property=\"og:image:type\" content=\"image\/png\" \/>\n<meta name=\"author\" content=\"Noelia Ferreira\" \/>\n<meta name=\"twitter:card\" content=\"summary_large_image\" \/>\n<meta name=\"twitter:creator\" content=\"@IPParaguay\" \/>\n<meta name=\"twitter:site\" content=\"@IPParaguay\" \/>\n<meta name=\"twitter:label1\" content=\"Escrito por\" \/>\n\t<meta name=\"twitter:data1\" content=\"Noelia Ferreira\" \/>\n\t<meta name=\"twitter:label2\" content=\"Tiempo de lectura\" \/>\n\t<meta name=\"twitter:data2\" content=\"2 minutos\" \/>\n<script type=\"application\/ld+json\" class=\"yoast-schema-graph\">{\"@context\":\"https:\\\/\\\/schema.org\",\"@graph\":[{\"@type\":\"Article\",\"@id\":\"https:\\\/\\\/www.ip.gov.py\\\/ip\\\/2021\\\/11\\\/11\\\/el-puente-mas-largo-del-neembucu-se-ilumina-sobre-el-tebicuary\\\/#article\",\"isPartOf\":{\"@id\":\"https:\\\/\\\/www.ip.gov.py\\\/ip\\\/2021\\\/11\\\/11\\\/el-puente-mas-largo-del-neembucu-se-ilumina-sobre-el-tebicuary\\\/\"},\"author\":{\"name\":\"Noelia Ferreira\",\"@id\":\"https:\\\/\\\/www.ip.gov.py\\\/ip\\\/#\\\/schema\\\/person\\\/791af27a9219bdbf9064abb776bb41c2\"},\"headline\":\"El puente m\u00e1s largo del \u00d1eembuc\u00fa se ilumina sobre el Tebicuary\",\"datePublished\":\"2021-11-11T10:47:42+00:00\",\"dateModified\":\"2021-11-11T10:55:38+00:00\",\"mainEntityOfPage\":{\"@id\":\"https:\\\/\\\/www.ip.gov.py\\\/ip\\\/2021\\\/11\\\/11\\\/el-puente-mas-largo-del-neembucu-se-ilumina-sobre-el-tebicuary\\\/\"},\"wordCount\":380,\"publisher\":{\"@id\":\"https:\\\/\\\/www.ip.gov.py\\\/ip\\\/#organization\"},\"image\":{\"@id\":\"https:\\\/\\\/www.ip.gov.py\\\/ip\\\/2021\\\/11\\\/11\\\/el-puente-mas-largo-del-neembucu-se-ilumina-sobre-el-tebicuary\\\/#primaryimage\"},\"thumbnailUrl\":\"https:\\\/\\\/www.ip.gov.py\\\/ip\\\/wp-content\\\/uploads\\\/2021\\\/11\\\/Puente.png\",\"keywords\":[\"MOPC\",\"\u00d1eembuc\u00fa\",\"Puente\",\"R\u00edo Tebicuary\",\"Ruta desv\u00edo Alberdi- Pilar\"],\"articleSection\":[\"Destacado\",\"Nacionales\"],\"inLanguage\":\"es\"},{\"@type\":\"WebPage\",\"@id\":\"https:\\\/\\\/www.ip.gov.py\\\/ip\\\/2021\\\/11\\\/11\\\/el-puente-mas-largo-del-neembucu-se-ilumina-sobre-el-tebicuary\\\/\",\"url\":\"https:\\\/\\\/www.ip.gov.py\\\/ip\\\/2021\\\/11\\\/11\\\/el-puente-mas-largo-del-neembucu-se-ilumina-sobre-el-tebicuary\\\/\",\"name\":\"El puente m\u00e1s largo del \u00d1eembuc\u00fa se ilumina sobre el Tebicuary - .::Agencia IP::.\",\"isPartOf\":{\"@id\":\"https:\\\/\\\/www.ip.gov.py\\\/ip\\\/#website\"},\"primaryImageOfPage\":{\"@id\":\"https:\\\/\\\/www.ip.gov.py\\\/ip\\\/2021\\\/11\\\/11\\\/el-puente-mas-largo-del-neembucu-se-ilumina-sobre-el-tebicuary\\\/#primaryimage\"},\"image\":{\"@id\":\"https:\\\/\\\/www.ip.gov.py\\\/ip\\\/2021\\\/11\\\/11\\\/el-puente-mas-largo-del-neembucu-se-ilumina-sobre-el-tebicuary\\\/#primaryimage\"},\"thumbnailUrl\":\"https:\\\/\\\/www.ip.gov.py\\\/ip\\\/wp-content\\\/uploads\\\/2021\\\/11\\\/Puente.png\",\"datePublished\":\"2021-11-11T10:47:42+00:00\",\"dateModified\":\"2021-11-11T10:55:38+00:00\",\"breadcrumb\":{\"@id\":\"https:\\\/\\\/www.ip.gov.py\\\/ip\\\/2021\\\/11\\\/11\\\/el-puente-mas-largo-del-neembucu-se-ilumina-sobre-el-tebicuary\\\/#breadcrumb\"},\"inLanguage\":\"es\",\"potentialAction\":[{\"@type\":\"ReadAction\",\"target\":[\"https:\\\/\\\/www.ip.gov.py\\\/ip\\\/2021\\\/11\\\/11\\\/el-puente-mas-largo-del-neembucu-se-ilumina-sobre-el-tebicuary\\\/\"]}]},{\"@type\":\"ImageObject\",\"inLanguage\":\"es\",\"@id\":\"https:\\\/\\\/www.ip.gov.py\\\/ip\\\/2021\\\/11\\\/11\\\/el-puente-mas-largo-del-neembucu-se-ilumina-sobre-el-tebicuary\\\/#primaryimage\",\"url\":\"https:\\\/\\\/www.ip.gov.py\\\/ip\\\/wp-content\\\/uploads\\\/2021\\\/11\\\/Puente.png\",\"contentUrl\":\"https:\\\/\\\/www.ip.gov.py\\\/ip\\\/wp-content\\\/uploads\\\/2021\\\/11\\\/Puente.png\",\"width\":789,\"height\":395,\"caption\":\"Foto: MOPC\"},{\"@type\":\"BreadcrumbList\",\"@id\":\"https:\\\/\\\/www.ip.gov.py\\\/ip\\\/2021\\\/11\\\/11\\\/el-puente-mas-largo-del-neembucu-se-ilumina-sobre-el-tebicuary\\\/#breadcrumb\",\"itemListElement\":[{\"@type\":\"ListItem\",\"position\":1,\"name\":\"Portada\",\"item\":\"https:\\\/\\\/www.ip.gov.py\\\/ip\\\/\"},{\"@type\":\"ListItem\",\"position\":2,\"name\":\"El puente m\u00e1s largo del \u00d1eembuc\u00fa se ilumina sobre el Tebicuary\"}]},{\"@type\":\"WebSite\",\"@id\":\"https:\\\/\\\/www.ip.gov.py\\\/ip\\\/#website\",\"url\":\"https:\\\/\\\/www.ip.gov.py\\\/ip\\\/\",\"name\":\".::Agencia IP::.\",\"description\":\"\",\"publisher\":{\"@id\":\"https:\\\/\\\/www.ip.gov.py\\\/ip\\\/#organization\"},\"potentialAction\":[{\"@type\":\"SearchAction\",\"target\":{\"@type\":\"EntryPoint\",\"urlTemplate\":\"https:\\\/\\\/www.ip.gov.py\\\/ip\\\/?s={search_term_string}\"},\"query-input\":{\"@type\":\"PropertyValueSpecification\",\"valueRequired\":true,\"valueName\":\"search_term_string\"}}],\"inLanguage\":\"es\"},{\"@type\":\"Organization\",\"@id\":\"https:\\\/\\\/www.ip.gov.py\\\/ip\\\/#organization\",\"name\":\"Agencia IP\",\"url\":\"https:\\\/\\\/www.ip.gov.py\\\/ip\\\/\",\"logo\":{\"@type\":\"ImageObject\",\"inLanguage\":\"es\",\"@id\":\"https:\\\/\\\/www.ip.gov.py\\\/ip\\\/#\\\/schema\\\/logo\\\/image\\\/\",\"url\":\"https:\\\/\\\/www.ip.gov.py\\\/ip\\\/wp-content\\\/uploads\\\/2018\\\/01\\\/Agencia-IP.jpg\",\"contentUrl\":\"https:\\\/\\\/www.ip.gov.py\\\/ip\\\/wp-content\\\/uploads\\\/2018\\\/01\\\/Agencia-IP.jpg\",\"width\":150,\"height\":150,\"caption\":\"Agencia IP\"},\"image\":{\"@id\":\"https:\\\/\\\/www.ip.gov.py\\\/ip\\\/#\\\/schema\\\/logo\\\/image\\\/\"},\"sameAs\":[\"https:\\\/\\\/www.facebook.com\\\/IPParaguay\\\/\",\"https:\\\/\\\/x.com\\\/IPParaguay\",\"https:\\\/\\\/www.instagram.com\\\/IPParaguay\"]},{\"@type\":\"Person\",\"@id\":\"https:\\\/\\\/www.ip.gov.py\\\/ip\\\/#\\\/schema\\\/person\\\/791af27a9219bdbf9064abb776bb41c2\",\"name\":\"Noelia Ferreira\",\"sameAs\":[\"http:\\\/\\\/www.ip.gov.py\"],\"url\":\"https:\\\/\\\/www.ip.gov.py\\\/ip\\\/author\\\/nferreira\\\/\"}]}<\/script>\n<!-- \/ Yoast SEO plugin. -->","yoast_head_json":{"title":"El puente m\u00e1s largo del \u00d1eembuc\u00fa se ilumina sobre el Tebicuary - .::Agencia IP::.","robots":{"index":"index","follow":"follow","max-snippet":"max-snippet:-1","max-image-preview":"max-image-preview:large","max-video-preview":"max-video-preview:-1"},"canonical":"https:\/\/www.ip.gov.py\/ip\/2021\/11\/11\/el-puente-mas-largo-del-neembucu-se-ilumina-sobre-el-tebicuary\/","og_locale":"es_ES","og_type":"article","og_title":"El puente m\u00e1s largo del \u00d1eembuc\u00fa se ilumina sobre el Tebicuary - .::Agencia IP::.","og_description":"Asunci\u00f3n, Agencia IP.- En la tarde &#8211; noche del martes de esta semana se realizaron las primeras pruebas de iluminaci\u00f3n que tendr\u00e1 el puente de 1.175 metros construido sobre el r\u00edo Tebicuary, el m\u00e1s largo de todo el departamento de \u00d1eembuc\u00fa.","og_url":"https:\/\/www.ip.gov.py\/ip\/2021\/11\/11\/el-puente-mas-largo-del-neembucu-se-ilumina-sobre-el-tebicuary\/","og_site_name":".::Agencia IP::.","article_publisher":"https:\/\/www.facebook.com\/IPParaguay\/","article_published_time":"2021-11-11T10:47:42+00:00","article_modified_time":"2021-11-11T10:55:38+00:00","og_image":[{"width":789,"height":395,"url":"https:\/\/www.ip.gov.py\/ip\/wp-content\/uploads\/2021\/11\/Puente.png","type":"image\/png"}],"author":"Noelia Ferreira","twitter_card":"summary_large_image","twitter_creator":"@IPParaguay","twitter_site":"@IPParaguay","twitter_misc":{"Escrito por":"Noelia Ferreira","Tiempo de lectura":"2 minutos"},"schema":{"@context":"https:\/\/schema.org","@graph":[{"@type":"Article","@id":"https:\/\/www.ip.gov.py\/ip\/2021\/11\/11\/el-puente-mas-largo-del-neembucu-se-ilumina-sobre-el-tebicuary\/#article","isPartOf":{"@id":"https:\/\/www.ip.gov.py\/ip\/2021\/11\/11\/el-puente-mas-largo-del-neembucu-se-ilumina-sobre-el-tebicuary\/"},"author":{"name":"Noelia Ferreira","@id":"https:\/\/www.ip.gov.py\/ip\/#\/schema\/person\/791af27a9219bdbf9064abb776bb41c2"},"headline":"El puente m\u00e1s largo del \u00d1eembuc\u00fa se ilumina sobre el Tebicuary","datePublished":"2021-11-11T10:47:42+00:00","dateModified":"2021-11-11T10:55:38+00:00","mainEntityOfPage":{"@id":"https:\/\/www.ip.gov.py\/ip\/2021\/11\/11\/el-puente-mas-largo-del-neembucu-se-ilumina-sobre-el-tebicuary\/"},"wordCount":380,"publisher":{"@id":"https:\/\/www.ip.gov.py\/ip\/#organization"},"image":{"@id":"https:\/\/www.ip.gov.py\/ip\/2021\/11\/11\/el-puente-mas-largo-del-neembucu-se-ilumina-sobre-el-tebicuary\/#primaryimage"},"thumbnailUrl":"https:\/\/www.ip.gov.py\/ip\/wp-content\/uploads\/2021\/11\/Puente.png","keywords":["MOPC","\u00d1eembuc\u00fa","Puente","R\u00edo Tebicuary","Ruta desv\u00edo Alberdi- Pilar"],"articleSection":["Destacado","Nacionales"],"inLanguage":"es"},{"@type":"WebPage","@id":"https:\/\/www.ip.gov.py\/ip\/2021\/11\/11\/el-puente-mas-largo-del-neembucu-se-ilumina-sobre-el-tebicuary\/","url":"https:\/\/www.ip.gov.py\/ip\/2021\/11\/11\/el-puente-mas-largo-del-neembucu-se-ilumina-sobre-el-tebicuary\/","name":"El puente m\u00e1s largo del \u00d1eembuc\u00fa se ilumina sobre el Tebicuary - .::Agencia IP::.","isPartOf":{"@id":"https:\/\/www.ip.gov.py\/ip\/#website"},"primaryImageOfPage":{"@id":"https:\/\/www.ip.gov.py\/ip\/2021\/11\/11\/el-puente-mas-largo-del-neembucu-se-ilumina-sobre-el-tebicuary\/#primaryimage"},"image":{"@id":"https:\/\/www.ip.gov.py\/ip\/2021\/11\/11\/el-puente-mas-largo-del-neembucu-se-ilumina-sobre-el-tebicuary\/#primaryimage"},"thumbnailUrl":"https:\/\/www.ip.gov.py\/ip\/wp-content\/uploads\/2021\/11\/Puente.png","datePublished":"2021-11-11T10:47:42+00:00","dateModified":"2021-11-11T10:55:38+00:00","breadcrumb":{"@id":"https:\/\/www.ip.gov.py\/ip\/2021\/11\/11\/el-puente-mas-largo-del-neembucu-se-ilumina-sobre-el-tebicuary\/#breadcrumb"},"inLanguage":"es","potentialAction":[{"@type":"ReadAction","target":["https:\/\/www.ip.gov.py\/ip\/2021\/11\/11\/el-puente-mas-largo-del-neembucu-se-ilumina-sobre-el-tebicuary\/"]}]},{"@type":"ImageObject","inLanguage":"es","@id":"https:\/\/www.ip.gov.py\/ip\/2021\/11\/11\/el-puente-mas-largo-del-neembucu-se-ilumina-sobre-el-tebicuary\/#primaryimage","url":"https:\/\/www.ip.gov.py\/ip\/wp-content\/uploads\/2021\/11\/Puente.png","contentUrl":"https:\/\/www.ip.gov.py\/ip\/wp-content\/uploads\/2021\/11\/Puente.png","width":789,"height":395,"caption":"Foto: MOPC"},{"@type":"BreadcrumbList","@id":"https:\/\/www.ip.gov.py\/ip\/2021\/11\/11\/el-puente-mas-largo-del-neembucu-se-ilumina-sobre-el-tebicuary\/#breadcrumb","itemListElement":[{"@type":"ListItem","position":1,"name":"Portada","item":"https:\/\/www.ip.gov.py\/ip\/"},{"@type":"ListItem","position":2,"name":"El puente m\u00e1s largo del \u00d1eembuc\u00fa se ilumina sobre el Tebicuary"}]},{"@type":"WebSite","@id":"https:\/\/www.ip.gov.py\/ip\/#website","url":"https:\/\/www.ip.gov.py\/ip\/","name":".::Agencia IP::.","description":"","publisher":{"@id":"https:\/\/www.ip.gov.py\/ip\/#organization"},"potentialAction":[{"@type":"SearchAction","target":{"@type":"EntryPoint","urlTemplate":"https:\/\/www.ip.gov.py\/ip\/?s={search_term_string}"},"query-input":{"@type":"PropertyValueSpecification","valueRequired":true,"valueName":"search_term_string"}}],"inLanguage":"es"},{"@type":"Organization","@id":"https:\/\/www.ip.gov.py\/ip\/#organization","name":"Agencia IP","url":"https:\/\/www.ip.gov.py\/ip\/","logo":{"@type":"ImageObject","inLanguage":"es","@id":"https:\/\/www.ip.gov.py\/ip\/#\/schema\/logo\/image\/","url":"https:\/\/www.ip.gov.py\/ip\/wp-content\/uploads\/2018\/01\/Agencia-IP.jpg","contentUrl":"https:\/\/www.ip.gov.py\/ip\/wp-content\/uploads\/2018\/01\/Agencia-IP.jpg","width":150,"height":150,"caption":"Agencia IP"},"image":{"@id":"https:\/\/www.ip.gov.py\/ip\/#\/schema\/logo\/image\/"},"sameAs":["https:\/\/www.facebook.com\/IPParaguay\/","https:\/\/x.com\/IPParaguay","https:\/\/www.instagram.com\/IPParaguay"]},{"@type":"Person","@id":"https:\/\/www.ip.gov.py\/ip\/#\/schema\/person\/791af27a9219bdbf9064abb776bb41c2","name":"Noelia Ferreira","sameAs":["http:\/\/www.ip.gov.py"],"url":"https:\/\/www.ip.gov.py\/ip\/author\/nferreira\/"}]}},"_links":{"self":[{"href":"https:\/\/www.ip.gov.py\/ip\/wp-json\/wp\/v2\/posts\/391968","targetHints":{"allow":["GET"]}}],"collection":[{"href":"https:\/\/www.ip.gov.py\/ip\/wp-json\/wp\/v2\/posts"}],"about":[{"href":"https:\/\/www.ip.gov.py\/ip\/wp-json\/wp\/v2\/types\/post"}],"author":[{"embeddable":true,"href":"https:\/\/www.ip.gov.py\/ip\/wp-json\/wp\/v2\/users\/23"}],"replies":[{"embeddable":true,"href":"https:\/\/www.ip.gov.py\/ip\/wp-json\/wp\/v2\/comments?post=391968"}],"version-history":[{"count":0,"href":"https:\/\/www.ip.gov.py\/ip\/wp-json\/wp\/v2\/posts\/391968\/revisions"}],"wp:featuredmedia":[{"embeddable":true,"href":"https:\/\/www.ip.gov.py\/ip\/wp-json\/wp\/v2\/media\/391983"}],"wp:attachment":[{"href":"https:\/\/www.ip.gov.py\/ip\/wp-json\/wp\/v2\/media?parent=391968"}],"wp:term":[{"taxonomy":"category","embeddable":true,"href":"https:\/\/www.ip.gov.py\/ip\/wp-json\/wp\/v2\/categories?post=391968"},{"taxonomy":"post_tag","embeddable":true,"href":"https:\/\/www.ip.gov.py\/ip\/wp-json\/wp\/v2\/tags?post=391968"}],"curies":[{"name":"wp","href":"https:\/\/api.w.org\/{rel}","templated":true}]}}