{"id":393486,"date":"2021-11-22T08:57:21","date_gmt":"2021-11-22T11:57:21","guid":{"rendered":"https:\/\/www.ip.gov.py\/ip\/?p=393486"},"modified":"2021-11-22T09:00:51","modified_gmt":"2021-11-22T12:00:51","slug":"ande-procedera-al-corte-del-servicio-a-clientes-con-tres-o-mas-facturas-impagas","status":"publish","type":"post","link":"https:\/\/www.ip.gov.py\/ip\/2021\/11\/22\/ande-procedera-al-corte-del-servicio-a-clientes-con-tres-o-mas-facturas-impagas\/","title":{"rendered":"ANDE cortar\u00e1 el servicio a clientes con tres o m\u00e1s facturas impagas"},"content":{"rendered":"<p style=\"text-align: justify;\"><em><strong>Asunci\u00f3n, Agencia IP.-<\/strong><\/em> La Administraci\u00f3n Nacional de Electricidad (ANDE), inform\u00f3 que desde este lunes cortar\u00e1 el servicio de energ\u00eda el\u00e9ctrica a los 516.000 usuarios a nivel nacional que cuentan con tres o m\u00e1s facturas vencidas.<!--more--><\/p>\n<p style=\"text-align: justify;\">El gerente comercial de la ANDE, Rodys Rol\u00f3n, refiri\u00f3 que el 37% de los usuarios morosos se encuentran en tres regiones del pa\u00eds, Capiat\u00e1, Alto Paran\u00e1 y Asunci\u00f3n. \u00abNosotros lo que queremos es que la gente pague, esa es la intenci\u00f3n. Muchas veces la gente se olvida de pagar y vence su factura\u00bb.<\/p>\n<p style=\"text-align: justify;\">Dijo que desde hace cerca de dos meses se encuentra vigente <a href=\"https:\/\/www.ip.gov.py\/ip\/ofrecen-facilidades-de-pago-a-usuarios-de-la-ande-con-varias-facturas-impagas\/\" target=\"_blank\" rel=\"noopener\"><strong>la campa\u00f1a de la ANDE \u201cEpaga ikatumihaicha\u201d<\/strong><\/a> que da la posibilidad al cliente de que pague su factura m\u00e1s antigua. Con ese pago se suspende la desconexi\u00f3n del servicio por le lapso de ocho d\u00edas m\u00e1s, tiempo en que el cliente puede acercarse a la instituci\u00f3n a refinanciar su deuda o pagar la siguiente factura m\u00e1s antigua.<\/p>\n<p style=\"text-align: justify;\">\u00abEsta promoci\u00f3n permite pagar hasta la sexta factura vencida en cualquier boca de cobranza, no precisamente la ANDE\u00bb, agreg\u00f3 el gerente este lunes en entrevista con La Uni\u00f3n 800 AM.<\/p>\n<p style=\"text-align: justify;\">Rol\u00f3n explic\u00f3 que lo que actualmente realiza la instituci\u00f3n es una operativa normal, ya que \u00abla ANDE vino cortando el servicio desde octubre del a\u00f1o pasado, tiempo en que se reanudaron los cortes, solo que el par\u00e1metro era de cinco o m\u00e1s facturas vencidas, lo que ahora hacemos es volver al par\u00e1metro normal que es de tres o m\u00e1s facturas vencidas\u00bb, refiri\u00f3 finalmente.<\/p>\n","protected":false},"excerpt":{"rendered":"<p>Asunci\u00f3n, Agencia IP.- La Administraci\u00f3n Nacional de Electricidad (ANDE), inform\u00f3 que desde este lunes cortar\u00e1 el servicio de energ\u00eda el\u00e9ctrica a los 516.000 usuarios a nivel nacional que cuentan con tres o m\u00e1s facturas vencidas.<\/p>\n","protected":false},"author":23,"featured_media":231461,"comment_status":"closed","ping_status":"closed","sticky":false,"template":"","format":"standard","meta":{"_monsterinsights_skip_tracking":false,"_monsterinsights_sitenote_active":false,"_monsterinsights_sitenote_note":"","_monsterinsights_sitenote_category":0,"footnotes":""},"categories":[9],"tags":[69,9718,9717,9028],"class_list":{"0":"post-393486","1":"post","2":"type-post","3":"status-publish","4":"format-standard","5":"has-post-thumbnail","7":"category-economia","8":"tag-ande","9":"tag-clientes-morosos","10":"tag-corte-del-servicio-electrico","11":"tag-facturas-impagas"},"yoast_head":"<!-- This site is optimized with the Yoast SEO plugin v27.5 - https:\/\/yoast.com\/product\/yoast-seo-wordpress\/ -->\n<title>ANDE cortar\u00e1 el servicio a clientes con tres o m\u00e1s facturas impagas - .::Agencia IP::.<\/title>\n<meta name=\"robots\" content=\"index, follow, max-snippet:-1, max-image-preview:large, max-video-preview:-1\" \/>\n<link rel=\"canonical\" href=\"https:\/\/www.ip.gov.py\/ip\/2021\/11\/22\/ande-procedera-al-corte-del-servicio-a-clientes-con-tres-o-mas-facturas-impagas\/\" \/>\n<meta property=\"og:locale\" content=\"es_ES\" \/>\n<meta property=\"og:type\" content=\"article\" \/>\n<meta property=\"og:title\" content=\"ANDE cortar\u00e1 el servicio a clientes con tres o m\u00e1s facturas impagas - .::Agencia IP::.\" \/>\n<meta property=\"og:description\" content=\"Asunci\u00f3n, Agencia IP.- La Administraci\u00f3n Nacional de Electricidad (ANDE), inform\u00f3 que desde este lunes cortar\u00e1 el servicio de energ\u00eda el\u00e9ctrica a los 516.000 usuarios a nivel nacional que cuentan con tres o m\u00e1s facturas vencidas.\" \/>\n<meta property=\"og:url\" content=\"https:\/\/www.ip.gov.py\/ip\/2021\/11\/22\/ande-procedera-al-corte-del-servicio-a-clientes-con-tres-o-mas-facturas-impagas\/\" \/>\n<meta property=\"og:site_name\" content=\".::Agencia IP::.\" \/>\n<meta property=\"article:publisher\" content=\"https:\/\/www.facebook.com\/IPParaguay\/\" \/>\n<meta property=\"article:published_time\" content=\"2021-11-22T11:57:21+00:00\" \/>\n<meta property=\"article:modified_time\" content=\"2021-11-22T12:00:51+00:00\" \/>\n<meta property=\"og:image\" content=\"https:\/\/www.ip.gov.py\/ip\/wp-content\/uploads\/2018\/08\/trabajos-de-la-ANDE-medidor-instalaciones-servicio-electrico-2.jpg\" \/>\n\t<meta property=\"og:image:width\" content=\"1280\" \/>\n\t<meta property=\"og:image:height\" content=\"745\" \/>\n\t<meta property=\"og:image:type\" content=\"image\/jpeg\" \/>\n<meta name=\"author\" content=\"Noelia Ferreira\" \/>\n<meta name=\"twitter:card\" content=\"summary_large_image\" \/>\n<meta name=\"twitter:creator\" content=\"@IPParaguay\" \/>\n<meta name=\"twitter:site\" content=\"@IPParaguay\" \/>\n<meta name=\"twitter:label1\" content=\"Escrito por\" \/>\n\t<meta name=\"twitter:data1\" content=\"Noelia Ferreira\" \/>\n\t<meta name=\"twitter:label2\" content=\"Tiempo de lectura\" \/>\n\t<meta name=\"twitter:data2\" content=\"1 minuto\" \/>\n<script type=\"application\/ld+json\" class=\"yoast-schema-graph\">{\"@context\":\"https:\\\/\\\/schema.org\",\"@graph\":[{\"@type\":\"Article\",\"@id\":\"https:\\\/\\\/www.ip.gov.py\\\/ip\\\/2021\\\/11\\\/22\\\/ande-procedera-al-corte-del-servicio-a-clientes-con-tres-o-mas-facturas-impagas\\\/#article\",\"isPartOf\":{\"@id\":\"https:\\\/\\\/www.ip.gov.py\\\/ip\\\/2021\\\/11\\\/22\\\/ande-procedera-al-corte-del-servicio-a-clientes-con-tres-o-mas-facturas-impagas\\\/\"},\"author\":{\"name\":\"Noelia Ferreira\",\"@id\":\"https:\\\/\\\/www.ip.gov.py\\\/ip\\\/#\\\/schema\\\/person\\\/791af27a9219bdbf9064abb776bb41c2\"},\"headline\":\"ANDE cortar\u00e1 el servicio a clientes con tres o m\u00e1s facturas impagas\",\"datePublished\":\"2021-11-22T11:57:21+00:00\",\"dateModified\":\"2021-11-22T12:00:51+00:00\",\"mainEntityOfPage\":{\"@id\":\"https:\\\/\\\/www.ip.gov.py\\\/ip\\\/2021\\\/11\\\/22\\\/ande-procedera-al-corte-del-servicio-a-clientes-con-tres-o-mas-facturas-impagas\\\/\"},\"wordCount\":285,\"publisher\":{\"@id\":\"https:\\\/\\\/www.ip.gov.py\\\/ip\\\/#organization\"},\"image\":{\"@id\":\"https:\\\/\\\/www.ip.gov.py\\\/ip\\\/2021\\\/11\\\/22\\\/ande-procedera-al-corte-del-servicio-a-clientes-con-tres-o-mas-facturas-impagas\\\/#primaryimage\"},\"thumbnailUrl\":\"https:\\\/\\\/www.ip.gov.py\\\/ip\\\/wp-content\\\/uploads\\\/2018\\\/08\\\/trabajos-de-la-ANDE-medidor-instalaciones-servicio-electrico-2.jpg\",\"keywords\":[\"ANDE\",\"Clientes morosos\",\"corte del servicio el\u00e9ctrico\",\"Facturas impagas\"],\"articleSection\":[\"Econom\u00eda\"],\"inLanguage\":\"es\"},{\"@type\":\"WebPage\",\"@id\":\"https:\\\/\\\/www.ip.gov.py\\\/ip\\\/2021\\\/11\\\/22\\\/ande-procedera-al-corte-del-servicio-a-clientes-con-tres-o-mas-facturas-impagas\\\/\",\"url\":\"https:\\\/\\\/www.ip.gov.py\\\/ip\\\/2021\\\/11\\\/22\\\/ande-procedera-al-corte-del-servicio-a-clientes-con-tres-o-mas-facturas-impagas\\\/\",\"name\":\"ANDE cortar\u00e1 el servicio a clientes con tres o m\u00e1s facturas impagas - .::Agencia IP::.\",\"isPartOf\":{\"@id\":\"https:\\\/\\\/www.ip.gov.py\\\/ip\\\/#website\"},\"primaryImageOfPage\":{\"@id\":\"https:\\\/\\\/www.ip.gov.py\\\/ip\\\/2021\\\/11\\\/22\\\/ande-procedera-al-corte-del-servicio-a-clientes-con-tres-o-mas-facturas-impagas\\\/#primaryimage\"},\"image\":{\"@id\":\"https:\\\/\\\/www.ip.gov.py\\\/ip\\\/2021\\\/11\\\/22\\\/ande-procedera-al-corte-del-servicio-a-clientes-con-tres-o-mas-facturas-impagas\\\/#primaryimage\"},\"thumbnailUrl\":\"https:\\\/\\\/www.ip.gov.py\\\/ip\\\/wp-content\\\/uploads\\\/2018\\\/08\\\/trabajos-de-la-ANDE-medidor-instalaciones-servicio-electrico-2.jpg\",\"datePublished\":\"2021-11-22T11:57:21+00:00\",\"dateModified\":\"2021-11-22T12:00:51+00:00\",\"breadcrumb\":{\"@id\":\"https:\\\/\\\/www.ip.gov.py\\\/ip\\\/2021\\\/11\\\/22\\\/ande-procedera-al-corte-del-servicio-a-clientes-con-tres-o-mas-facturas-impagas\\\/#breadcrumb\"},\"inLanguage\":\"es\",\"potentialAction\":[{\"@type\":\"ReadAction\",\"target\":[\"https:\\\/\\\/www.ip.gov.py\\\/ip\\\/2021\\\/11\\\/22\\\/ande-procedera-al-corte-del-servicio-a-clientes-con-tres-o-mas-facturas-impagas\\\/\"]}]},{\"@type\":\"ImageObject\",\"inLanguage\":\"es\",\"@id\":\"https:\\\/\\\/www.ip.gov.py\\\/ip\\\/2021\\\/11\\\/22\\\/ande-procedera-al-corte-del-servicio-a-clientes-con-tres-o-mas-facturas-impagas\\\/#primaryimage\",\"url\":\"https:\\\/\\\/www.ip.gov.py\\\/ip\\\/wp-content\\\/uploads\\\/2018\\\/08\\\/trabajos-de-la-ANDE-medidor-instalaciones-servicio-electrico-2.jpg\",\"contentUrl\":\"https:\\\/\\\/www.ip.gov.py\\\/ip\\\/wp-content\\\/uploads\\\/2018\\\/08\\\/trabajos-de-la-ANDE-medidor-instalaciones-servicio-electrico-2.jpg\",\"width\":1280,\"height\":745,\"caption\":\"Foto Ilustraci\u00f3n\\\/Agencia IP\"},{\"@type\":\"BreadcrumbList\",\"@id\":\"https:\\\/\\\/www.ip.gov.py\\\/ip\\\/2021\\\/11\\\/22\\\/ande-procedera-al-corte-del-servicio-a-clientes-con-tres-o-mas-facturas-impagas\\\/#breadcrumb\",\"itemListElement\":[{\"@type\":\"ListItem\",\"position\":1,\"name\":\"Portada\",\"item\":\"https:\\\/\\\/www.ip.gov.py\\\/ip\\\/\"},{\"@type\":\"ListItem\",\"position\":2,\"name\":\"ANDE cortar\u00e1 el servicio a clientes con tres o m\u00e1s facturas impagas\"}]},{\"@type\":\"WebSite\",\"@id\":\"https:\\\/\\\/www.ip.gov.py\\\/ip\\\/#website\",\"url\":\"https:\\\/\\\/www.ip.gov.py\\\/ip\\\/\",\"name\":\".::Agencia IP::.\",\"description\":\"\",\"publisher\":{\"@id\":\"https:\\\/\\\/www.ip.gov.py\\\/ip\\\/#organization\"},\"potentialAction\":[{\"@type\":\"SearchAction\",\"target\":{\"@type\":\"EntryPoint\",\"urlTemplate\":\"https:\\\/\\\/www.ip.gov.py\\\/ip\\\/?s={search_term_string}\"},\"query-input\":{\"@type\":\"PropertyValueSpecification\",\"valueRequired\":true,\"valueName\":\"search_term_string\"}}],\"inLanguage\":\"es\"},{\"@type\":\"Organization\",\"@id\":\"https:\\\/\\\/www.ip.gov.py\\\/ip\\\/#organization\",\"name\":\"Agencia IP\",\"url\":\"https:\\\/\\\/www.ip.gov.py\\\/ip\\\/\",\"logo\":{\"@type\":\"ImageObject\",\"inLanguage\":\"es\",\"@id\":\"https:\\\/\\\/www.ip.gov.py\\\/ip\\\/#\\\/schema\\\/logo\\\/image\\\/\",\"url\":\"https:\\\/\\\/www.ip.gov.py\\\/ip\\\/wp-content\\\/uploads\\\/2018\\\/01\\\/Agencia-IP.jpg\",\"contentUrl\":\"https:\\\/\\\/www.ip.gov.py\\\/ip\\\/wp-content\\\/uploads\\\/2018\\\/01\\\/Agencia-IP.jpg\",\"width\":150,\"height\":150,\"caption\":\"Agencia IP\"},\"image\":{\"@id\":\"https:\\\/\\\/www.ip.gov.py\\\/ip\\\/#\\\/schema\\\/logo\\\/image\\\/\"},\"sameAs\":[\"https:\\\/\\\/www.facebook.com\\\/IPParaguay\\\/\",\"https:\\\/\\\/x.com\\\/IPParaguay\",\"https:\\\/\\\/www.instagram.com\\\/IPParaguay\"]},{\"@type\":\"Person\",\"@id\":\"https:\\\/\\\/www.ip.gov.py\\\/ip\\\/#\\\/schema\\\/person\\\/791af27a9219bdbf9064abb776bb41c2\",\"name\":\"Noelia Ferreira\",\"sameAs\":[\"http:\\\/\\\/www.ip.gov.py\"],\"url\":\"https:\\\/\\\/www.ip.gov.py\\\/ip\\\/author\\\/nferreira\\\/\"}]}<\/script>\n<!-- \/ Yoast SEO plugin. -->","yoast_head_json":{"title":"ANDE cortar\u00e1 el servicio a clientes con tres o m\u00e1s facturas impagas - .::Agencia IP::.","robots":{"index":"index","follow":"follow","max-snippet":"max-snippet:-1","max-image-preview":"max-image-preview:large","max-video-preview":"max-video-preview:-1"},"canonical":"https:\/\/www.ip.gov.py\/ip\/2021\/11\/22\/ande-procedera-al-corte-del-servicio-a-clientes-con-tres-o-mas-facturas-impagas\/","og_locale":"es_ES","og_type":"article","og_title":"ANDE cortar\u00e1 el servicio a clientes con tres o m\u00e1s facturas impagas - .::Agencia IP::.","og_description":"Asunci\u00f3n, Agencia IP.- La Administraci\u00f3n Nacional de Electricidad (ANDE), inform\u00f3 que desde este lunes cortar\u00e1 el servicio de energ\u00eda el\u00e9ctrica a los 516.000 usuarios a nivel nacional que cuentan con tres o m\u00e1s facturas vencidas.","og_url":"https:\/\/www.ip.gov.py\/ip\/2021\/11\/22\/ande-procedera-al-corte-del-servicio-a-clientes-con-tres-o-mas-facturas-impagas\/","og_site_name":".::Agencia IP::.","article_publisher":"https:\/\/www.facebook.com\/IPParaguay\/","article_published_time":"2021-11-22T11:57:21+00:00","article_modified_time":"2021-11-22T12:00:51+00:00","og_image":[{"width":1280,"height":745,"url":"https:\/\/www.ip.gov.py\/ip\/wp-content\/uploads\/2018\/08\/trabajos-de-la-ANDE-medidor-instalaciones-servicio-electrico-2.jpg","type":"image\/jpeg"}],"author":"Noelia Ferreira","twitter_card":"summary_large_image","twitter_creator":"@IPParaguay","twitter_site":"@IPParaguay","twitter_misc":{"Escrito por":"Noelia Ferreira","Tiempo de lectura":"1 minuto"},"schema":{"@context":"https:\/\/schema.org","@graph":[{"@type":"Article","@id":"https:\/\/www.ip.gov.py\/ip\/2021\/11\/22\/ande-procedera-al-corte-del-servicio-a-clientes-con-tres-o-mas-facturas-impagas\/#article","isPartOf":{"@id":"https:\/\/www.ip.gov.py\/ip\/2021\/11\/22\/ande-procedera-al-corte-del-servicio-a-clientes-con-tres-o-mas-facturas-impagas\/"},"author":{"name":"Noelia Ferreira","@id":"https:\/\/www.ip.gov.py\/ip\/#\/schema\/person\/791af27a9219bdbf9064abb776bb41c2"},"headline":"ANDE cortar\u00e1 el servicio a clientes con tres o m\u00e1s facturas impagas","datePublished":"2021-11-22T11:57:21+00:00","dateModified":"2021-11-22T12:00:51+00:00","mainEntityOfPage":{"@id":"https:\/\/www.ip.gov.py\/ip\/2021\/11\/22\/ande-procedera-al-corte-del-servicio-a-clientes-con-tres-o-mas-facturas-impagas\/"},"wordCount":285,"publisher":{"@id":"https:\/\/www.ip.gov.py\/ip\/#organization"},"image":{"@id":"https:\/\/www.ip.gov.py\/ip\/2021\/11\/22\/ande-procedera-al-corte-del-servicio-a-clientes-con-tres-o-mas-facturas-impagas\/#primaryimage"},"thumbnailUrl":"https:\/\/www.ip.gov.py\/ip\/wp-content\/uploads\/2018\/08\/trabajos-de-la-ANDE-medidor-instalaciones-servicio-electrico-2.jpg","keywords":["ANDE","Clientes morosos","corte del servicio el\u00e9ctrico","Facturas impagas"],"articleSection":["Econom\u00eda"],"inLanguage":"es"},{"@type":"WebPage","@id":"https:\/\/www.ip.gov.py\/ip\/2021\/11\/22\/ande-procedera-al-corte-del-servicio-a-clientes-con-tres-o-mas-facturas-impagas\/","url":"https:\/\/www.ip.gov.py\/ip\/2021\/11\/22\/ande-procedera-al-corte-del-servicio-a-clientes-con-tres-o-mas-facturas-impagas\/","name":"ANDE cortar\u00e1 el servicio a clientes con tres o m\u00e1s facturas impagas - .::Agencia IP::.","isPartOf":{"@id":"https:\/\/www.ip.gov.py\/ip\/#website"},"primaryImageOfPage":{"@id":"https:\/\/www.ip.gov.py\/ip\/2021\/11\/22\/ande-procedera-al-corte-del-servicio-a-clientes-con-tres-o-mas-facturas-impagas\/#primaryimage"},"image":{"@id":"https:\/\/www.ip.gov.py\/ip\/2021\/11\/22\/ande-procedera-al-corte-del-servicio-a-clientes-con-tres-o-mas-facturas-impagas\/#primaryimage"},"thumbnailUrl":"https:\/\/www.ip.gov.py\/ip\/wp-content\/uploads\/2018\/08\/trabajos-de-la-ANDE-medidor-instalaciones-servicio-electrico-2.jpg","datePublished":"2021-11-22T11:57:21+00:00","dateModified":"2021-11-22T12:00:51+00:00","breadcrumb":{"@id":"https:\/\/www.ip.gov.py\/ip\/2021\/11\/22\/ande-procedera-al-corte-del-servicio-a-clientes-con-tres-o-mas-facturas-impagas\/#breadcrumb"},"inLanguage":"es","potentialAction":[{"@type":"ReadAction","target":["https:\/\/www.ip.gov.py\/ip\/2021\/11\/22\/ande-procedera-al-corte-del-servicio-a-clientes-con-tres-o-mas-facturas-impagas\/"]}]},{"@type":"ImageObject","inLanguage":"es","@id":"https:\/\/www.ip.gov.py\/ip\/2021\/11\/22\/ande-procedera-al-corte-del-servicio-a-clientes-con-tres-o-mas-facturas-impagas\/#primaryimage","url":"https:\/\/www.ip.gov.py\/ip\/wp-content\/uploads\/2018\/08\/trabajos-de-la-ANDE-medidor-instalaciones-servicio-electrico-2.jpg","contentUrl":"https:\/\/www.ip.gov.py\/ip\/wp-content\/uploads\/2018\/08\/trabajos-de-la-ANDE-medidor-instalaciones-servicio-electrico-2.jpg","width":1280,"height":745,"caption":"Foto Ilustraci\u00f3n\/Agencia IP"},{"@type":"BreadcrumbList","@id":"https:\/\/www.ip.gov.py\/ip\/2021\/11\/22\/ande-procedera-al-corte-del-servicio-a-clientes-con-tres-o-mas-facturas-impagas\/#breadcrumb","itemListElement":[{"@type":"ListItem","position":1,"name":"Portada","item":"https:\/\/www.ip.gov.py\/ip\/"},{"@type":"ListItem","position":2,"name":"ANDE cortar\u00e1 el servicio a clientes con tres o m\u00e1s facturas impagas"}]},{"@type":"WebSite","@id":"https:\/\/www.ip.gov.py\/ip\/#website","url":"https:\/\/www.ip.gov.py\/ip\/","name":".::Agencia IP::.","description":"","publisher":{"@id":"https:\/\/www.ip.gov.py\/ip\/#organization"},"potentialAction":[{"@type":"SearchAction","target":{"@type":"EntryPoint","urlTemplate":"https:\/\/www.ip.gov.py\/ip\/?s={search_term_string}"},"query-input":{"@type":"PropertyValueSpecification","valueRequired":true,"valueName":"search_term_string"}}],"inLanguage":"es"},{"@type":"Organization","@id":"https:\/\/www.ip.gov.py\/ip\/#organization","name":"Agencia IP","url":"https:\/\/www.ip.gov.py\/ip\/","logo":{"@type":"ImageObject","inLanguage":"es","@id":"https:\/\/www.ip.gov.py\/ip\/#\/schema\/logo\/image\/","url":"https:\/\/www.ip.gov.py\/ip\/wp-content\/uploads\/2018\/01\/Agencia-IP.jpg","contentUrl":"https:\/\/www.ip.gov.py\/ip\/wp-content\/uploads\/2018\/01\/Agencia-IP.jpg","width":150,"height":150,"caption":"Agencia IP"},"image":{"@id":"https:\/\/www.ip.gov.py\/ip\/#\/schema\/logo\/image\/"},"sameAs":["https:\/\/www.facebook.com\/IPParaguay\/","https:\/\/x.com\/IPParaguay","https:\/\/www.instagram.com\/IPParaguay"]},{"@type":"Person","@id":"https:\/\/www.ip.gov.py\/ip\/#\/schema\/person\/791af27a9219bdbf9064abb776bb41c2","name":"Noelia Ferreira","sameAs":["http:\/\/www.ip.gov.py"],"url":"https:\/\/www.ip.gov.py\/ip\/author\/nferreira\/"}]}},"_links":{"self":[{"href":"https:\/\/www.ip.gov.py\/ip\/wp-json\/wp\/v2\/posts\/393486","targetHints":{"allow":["GET"]}}],"collection":[{"href":"https:\/\/www.ip.gov.py\/ip\/wp-json\/wp\/v2\/posts"}],"about":[{"href":"https:\/\/www.ip.gov.py\/ip\/wp-json\/wp\/v2\/types\/post"}],"author":[{"embeddable":true,"href":"https:\/\/www.ip.gov.py\/ip\/wp-json\/wp\/v2\/users\/23"}],"replies":[{"embeddable":true,"href":"https:\/\/www.ip.gov.py\/ip\/wp-json\/wp\/v2\/comments?post=393486"}],"version-history":[{"count":0,"href":"https:\/\/www.ip.gov.py\/ip\/wp-json\/wp\/v2\/posts\/393486\/revisions"}],"wp:featuredmedia":[{"embeddable":true,"href":"https:\/\/www.ip.gov.py\/ip\/wp-json\/wp\/v2\/media\/231461"}],"wp:attachment":[{"href":"https:\/\/www.ip.gov.py\/ip\/wp-json\/wp\/v2\/media?parent=393486"}],"wp:term":[{"taxonomy":"category","embeddable":true,"href":"https:\/\/www.ip.gov.py\/ip\/wp-json\/wp\/v2\/categories?post=393486"},{"taxonomy":"post_tag","embeddable":true,"href":"https:\/\/www.ip.gov.py\/ip\/wp-json\/wp\/v2\/tags?post=393486"}],"curies":[{"name":"wp","href":"https:\/\/api.w.org\/{rel}","templated":true}]}}