{"id":393967,"date":"2021-11-24T14:25:07","date_gmt":"2021-11-24T17:25:07","guid":{"rendered":"https:\/\/www.ip.gov.py\/ip\/?p=393967"},"modified":"2021-11-24T14:25:07","modified_gmt":"2021-11-24T17:25:07","slug":"horas-despues-de-ser-designada-la-primera-ministra-de-suecia-renuncio","status":"publish","type":"post","link":"https:\/\/www.ip.gov.py\/ip\/2021\/11\/24\/horas-despues-de-ser-designada-la-primera-ministra-de-suecia-renuncio\/","title":{"rendered":"Horas despu\u00e9s de ser designada, la Primera Ministra de Suecia renunci\u00f3"},"content":{"rendered":"<p style=\"text-align: justify;\"><em><strong>Estocolmo.-<\/strong><\/em>Magdalena Andersson dimiti\u00f3 luego de fracasara su presupuesto y uno de sus partidos aliados decidi\u00f3 retirarse del gobierno.<!--more--><\/p>\n<p style=\"text-align: justify;\">Menos de ocho horas despu\u00e9s de su elecci\u00f3n en el Parlamento, la nueva Primera Ministra sueca, Magdalena Andersson, tuvo que renunciar el mi\u00e9rcoles tras el fracaso de su presupuesto y la retirada de sus aliados ecologistas del gobierno.<\/p>\n<p style=\"text-align: justify;\">\u00abHay una pr\u00e1ctica constitucional seg\u00fan la cual un gobierno de coalici\u00f3n dimite cuando un partido se va. No quiero dirigir un gobierno cuya legitimidad est\u00e1 en entredicho\u00bb, declar\u00f3 la dirigente socialdem\u00f3crata, a\u00f1adiendo que esperaba ser reelegida en una pr\u00f3xima votaci\u00f3n.Clar\u00edn.<\/p>\n","protected":false},"excerpt":{"rendered":"<p>Estocolmo.-Magdalena Andersson dimiti\u00f3 luego de fracasara su presupuesto y uno de sus partidos aliados decidi\u00f3 retirarse del gobierno.<\/p>\n","protected":false},"author":11,"featured_media":393969,"comment_status":"closed","ping_status":"closed","sticky":false,"template":"","format":"standard","meta":{"_monsterinsights_skip_tracking":false,"_monsterinsights_sitenote_active":false,"_monsterinsights_sitenote_note":"","_monsterinsights_sitenote_category":0,"footnotes":""},"categories":[5],"tags":[462,422,9783,3188,5740],"class_list":{"0":"post-393967","1":"post","2":"type-post","3":"status-publish","4":"format-standard","5":"has-post-thumbnail","7":"category-internacionales","8":"tag-congreso","9":"tag-presupuesto","10":"tag-primera-mnistra","11":"tag-renuncia","12":"tag-suecia"},"yoast_head":"<!-- This site is optimized with the Yoast SEO plugin v27.5 - https:\/\/yoast.com\/product\/yoast-seo-wordpress\/ -->\n<title>Horas despu\u00e9s de ser designada, la Primera Ministra de Suecia renunci\u00f3 - .::Agencia IP::.<\/title>\n<meta name=\"robots\" content=\"index, follow, max-snippet:-1, max-image-preview:large, max-video-preview:-1\" \/>\n<link rel=\"canonical\" href=\"https:\/\/www.ip.gov.py\/ip\/2021\/11\/24\/horas-despues-de-ser-designada-la-primera-ministra-de-suecia-renuncio\/\" \/>\n<meta property=\"og:locale\" content=\"es_ES\" \/>\n<meta property=\"og:type\" content=\"article\" \/>\n<meta property=\"og:title\" content=\"Horas despu\u00e9s de ser designada, la Primera Ministra de Suecia renunci\u00f3 - .::Agencia IP::.\" \/>\n<meta property=\"og:description\" content=\"Estocolmo.-Magdalena Andersson dimiti\u00f3 luego de fracasara su presupuesto y uno de sus partidos aliados decidi\u00f3 retirarse del gobierno.\" \/>\n<meta property=\"og:url\" content=\"https:\/\/www.ip.gov.py\/ip\/2021\/11\/24\/horas-despues-de-ser-designada-la-primera-ministra-de-suecia-renuncio\/\" \/>\n<meta property=\"og:site_name\" content=\".::Agencia IP::.\" \/>\n<meta property=\"article:publisher\" content=\"https:\/\/www.facebook.com\/IPParaguay\/\" \/>\n<meta property=\"article:published_time\" content=\"2021-11-24T17:25:07+00:00\" \/>\n<meta property=\"og:image\" content=\"https:\/\/www.ip.gov.py\/ip\/wp-content\/uploads\/2021\/11\/Suecia.jpg\" \/>\n\t<meta property=\"og:image:width\" content=\"1200\" \/>\n\t<meta property=\"og:image:height\" content=\"799\" \/>\n\t<meta property=\"og:image:type\" content=\"image\/jpeg\" \/>\n<meta name=\"author\" content=\"vrios\" \/>\n<meta name=\"twitter:card\" content=\"summary_large_image\" \/>\n<meta name=\"twitter:creator\" content=\"@IPParaguay\" \/>\n<meta name=\"twitter:site\" content=\"@IPParaguay\" \/>\n<meta name=\"twitter:label1\" content=\"Escrito por\" \/>\n\t<meta name=\"twitter:data1\" content=\"vrios\" \/>\n\t<meta name=\"twitter:label2\" content=\"Tiempo de lectura\" \/>\n\t<meta name=\"twitter:data2\" content=\"1 minuto\" \/>\n<script type=\"application\/ld+json\" class=\"yoast-schema-graph\">{\"@context\":\"https:\\\/\\\/schema.org\",\"@graph\":[{\"@type\":\"Article\",\"@id\":\"https:\\\/\\\/www.ip.gov.py\\\/ip\\\/2021\\\/11\\\/24\\\/horas-despues-de-ser-designada-la-primera-ministra-de-suecia-renuncio\\\/#article\",\"isPartOf\":{\"@id\":\"https:\\\/\\\/www.ip.gov.py\\\/ip\\\/2021\\\/11\\\/24\\\/horas-despues-de-ser-designada-la-primera-ministra-de-suecia-renuncio\\\/\"},\"author\":{\"name\":\"vrios\",\"@id\":\"https:\\\/\\\/www.ip.gov.py\\\/ip\\\/#\\\/schema\\\/person\\\/fa3668852e893cb0423795330f919039\"},\"headline\":\"Horas despu\u00e9s de ser designada, la Primera Ministra de Suecia renunci\u00f3\",\"datePublished\":\"2021-11-24T17:25:07+00:00\",\"mainEntityOfPage\":{\"@id\":\"https:\\\/\\\/www.ip.gov.py\\\/ip\\\/2021\\\/11\\\/24\\\/horas-despues-de-ser-designada-la-primera-ministra-de-suecia-renuncio\\\/\"},\"wordCount\":122,\"publisher\":{\"@id\":\"https:\\\/\\\/www.ip.gov.py\\\/ip\\\/#organization\"},\"image\":{\"@id\":\"https:\\\/\\\/www.ip.gov.py\\\/ip\\\/2021\\\/11\\\/24\\\/horas-despues-de-ser-designada-la-primera-ministra-de-suecia-renuncio\\\/#primaryimage\"},\"thumbnailUrl\":\"https:\\\/\\\/www.ip.gov.py\\\/ip\\\/wp-content\\\/uploads\\\/2021\\\/11\\\/Suecia.jpg\",\"keywords\":[\"Congreso\",\"Presupuesto\",\"Primera Mnistra\",\"renuncia\",\"Suecia\"],\"articleSection\":[\"Internacionales\"],\"inLanguage\":\"es\"},{\"@type\":\"WebPage\",\"@id\":\"https:\\\/\\\/www.ip.gov.py\\\/ip\\\/2021\\\/11\\\/24\\\/horas-despues-de-ser-designada-la-primera-ministra-de-suecia-renuncio\\\/\",\"url\":\"https:\\\/\\\/www.ip.gov.py\\\/ip\\\/2021\\\/11\\\/24\\\/horas-despues-de-ser-designada-la-primera-ministra-de-suecia-renuncio\\\/\",\"name\":\"Horas despu\u00e9s de ser designada, la Primera Ministra de Suecia renunci\u00f3 - .::Agencia IP::.\",\"isPartOf\":{\"@id\":\"https:\\\/\\\/www.ip.gov.py\\\/ip\\\/#website\"},\"primaryImageOfPage\":{\"@id\":\"https:\\\/\\\/www.ip.gov.py\\\/ip\\\/2021\\\/11\\\/24\\\/horas-despues-de-ser-designada-la-primera-ministra-de-suecia-renuncio\\\/#primaryimage\"},\"image\":{\"@id\":\"https:\\\/\\\/www.ip.gov.py\\\/ip\\\/2021\\\/11\\\/24\\\/horas-despues-de-ser-designada-la-primera-ministra-de-suecia-renuncio\\\/#primaryimage\"},\"thumbnailUrl\":\"https:\\\/\\\/www.ip.gov.py\\\/ip\\\/wp-content\\\/uploads\\\/2021\\\/11\\\/Suecia.jpg\",\"datePublished\":\"2021-11-24T17:25:07+00:00\",\"breadcrumb\":{\"@id\":\"https:\\\/\\\/www.ip.gov.py\\\/ip\\\/2021\\\/11\\\/24\\\/horas-despues-de-ser-designada-la-primera-ministra-de-suecia-renuncio\\\/#breadcrumb\"},\"inLanguage\":\"es\",\"potentialAction\":[{\"@type\":\"ReadAction\",\"target\":[\"https:\\\/\\\/www.ip.gov.py\\\/ip\\\/2021\\\/11\\\/24\\\/horas-despues-de-ser-designada-la-primera-ministra-de-suecia-renuncio\\\/\"]}]},{\"@type\":\"ImageObject\",\"inLanguage\":\"es\",\"@id\":\"https:\\\/\\\/www.ip.gov.py\\\/ip\\\/2021\\\/11\\\/24\\\/horas-despues-de-ser-designada-la-primera-ministra-de-suecia-renuncio\\\/#primaryimage\",\"url\":\"https:\\\/\\\/www.ip.gov.py\\\/ip\\\/wp-content\\\/uploads\\\/2021\\\/11\\\/Suecia.jpg\",\"contentUrl\":\"https:\\\/\\\/www.ip.gov.py\\\/ip\\\/wp-content\\\/uploads\\\/2021\\\/11\\\/Suecia.jpg\",\"width\":1200,\"height\":799,\"caption\":\"El Mundo\"},{\"@type\":\"BreadcrumbList\",\"@id\":\"https:\\\/\\\/www.ip.gov.py\\\/ip\\\/2021\\\/11\\\/24\\\/horas-despues-de-ser-designada-la-primera-ministra-de-suecia-renuncio\\\/#breadcrumb\",\"itemListElement\":[{\"@type\":\"ListItem\",\"position\":1,\"name\":\"Portada\",\"item\":\"https:\\\/\\\/www.ip.gov.py\\\/ip\\\/\"},{\"@type\":\"ListItem\",\"position\":2,\"name\":\"Horas despu\u00e9s de ser designada, la Primera Ministra de Suecia renunci\u00f3\"}]},{\"@type\":\"WebSite\",\"@id\":\"https:\\\/\\\/www.ip.gov.py\\\/ip\\\/#website\",\"url\":\"https:\\\/\\\/www.ip.gov.py\\\/ip\\\/\",\"name\":\".::Agencia IP::.\",\"description\":\"\",\"publisher\":{\"@id\":\"https:\\\/\\\/www.ip.gov.py\\\/ip\\\/#organization\"},\"potentialAction\":[{\"@type\":\"SearchAction\",\"target\":{\"@type\":\"EntryPoint\",\"urlTemplate\":\"https:\\\/\\\/www.ip.gov.py\\\/ip\\\/?s={search_term_string}\"},\"query-input\":{\"@type\":\"PropertyValueSpecification\",\"valueRequired\":true,\"valueName\":\"search_term_string\"}}],\"inLanguage\":\"es\"},{\"@type\":\"Organization\",\"@id\":\"https:\\\/\\\/www.ip.gov.py\\\/ip\\\/#organization\",\"name\":\"Agencia IP\",\"url\":\"https:\\\/\\\/www.ip.gov.py\\\/ip\\\/\",\"logo\":{\"@type\":\"ImageObject\",\"inLanguage\":\"es\",\"@id\":\"https:\\\/\\\/www.ip.gov.py\\\/ip\\\/#\\\/schema\\\/logo\\\/image\\\/\",\"url\":\"https:\\\/\\\/www.ip.gov.py\\\/ip\\\/wp-content\\\/uploads\\\/2018\\\/01\\\/Agencia-IP.jpg\",\"contentUrl\":\"https:\\\/\\\/www.ip.gov.py\\\/ip\\\/wp-content\\\/uploads\\\/2018\\\/01\\\/Agencia-IP.jpg\",\"width\":150,\"height\":150,\"caption\":\"Agencia IP\"},\"image\":{\"@id\":\"https:\\\/\\\/www.ip.gov.py\\\/ip\\\/#\\\/schema\\\/logo\\\/image\\\/\"},\"sameAs\":[\"https:\\\/\\\/www.facebook.com\\\/IPParaguay\\\/\",\"https:\\\/\\\/x.com\\\/IPParaguay\",\"https:\\\/\\\/www.instagram.com\\\/IPParaguay\"]},{\"@type\":\"Person\",\"@id\":\"https:\\\/\\\/www.ip.gov.py\\\/ip\\\/#\\\/schema\\\/person\\\/fa3668852e893cb0423795330f919039\",\"name\":\"vrios\",\"url\":\"https:\\\/\\\/www.ip.gov.py\\\/ip\\\/author\\\/vrios\\\/\"}]}<\/script>\n<!-- \/ Yoast SEO plugin. -->","yoast_head_json":{"title":"Horas despu\u00e9s de ser designada, la Primera Ministra de Suecia renunci\u00f3 - .::Agencia IP::.","robots":{"index":"index","follow":"follow","max-snippet":"max-snippet:-1","max-image-preview":"max-image-preview:large","max-video-preview":"max-video-preview:-1"},"canonical":"https:\/\/www.ip.gov.py\/ip\/2021\/11\/24\/horas-despues-de-ser-designada-la-primera-ministra-de-suecia-renuncio\/","og_locale":"es_ES","og_type":"article","og_title":"Horas despu\u00e9s de ser designada, la Primera Ministra de Suecia renunci\u00f3 - .::Agencia IP::.","og_description":"Estocolmo.-Magdalena Andersson dimiti\u00f3 luego de fracasara su presupuesto y uno de sus partidos aliados decidi\u00f3 retirarse del gobierno.","og_url":"https:\/\/www.ip.gov.py\/ip\/2021\/11\/24\/horas-despues-de-ser-designada-la-primera-ministra-de-suecia-renuncio\/","og_site_name":".::Agencia IP::.","article_publisher":"https:\/\/www.facebook.com\/IPParaguay\/","article_published_time":"2021-11-24T17:25:07+00:00","og_image":[{"width":1200,"height":799,"url":"https:\/\/www.ip.gov.py\/ip\/wp-content\/uploads\/2021\/11\/Suecia.jpg","type":"image\/jpeg"}],"author":"vrios","twitter_card":"summary_large_image","twitter_creator":"@IPParaguay","twitter_site":"@IPParaguay","twitter_misc":{"Escrito por":"vrios","Tiempo de lectura":"1 minuto"},"schema":{"@context":"https:\/\/schema.org","@graph":[{"@type":"Article","@id":"https:\/\/www.ip.gov.py\/ip\/2021\/11\/24\/horas-despues-de-ser-designada-la-primera-ministra-de-suecia-renuncio\/#article","isPartOf":{"@id":"https:\/\/www.ip.gov.py\/ip\/2021\/11\/24\/horas-despues-de-ser-designada-la-primera-ministra-de-suecia-renuncio\/"},"author":{"name":"vrios","@id":"https:\/\/www.ip.gov.py\/ip\/#\/schema\/person\/fa3668852e893cb0423795330f919039"},"headline":"Horas despu\u00e9s de ser designada, la Primera Ministra de Suecia renunci\u00f3","datePublished":"2021-11-24T17:25:07+00:00","mainEntityOfPage":{"@id":"https:\/\/www.ip.gov.py\/ip\/2021\/11\/24\/horas-despues-de-ser-designada-la-primera-ministra-de-suecia-renuncio\/"},"wordCount":122,"publisher":{"@id":"https:\/\/www.ip.gov.py\/ip\/#organization"},"image":{"@id":"https:\/\/www.ip.gov.py\/ip\/2021\/11\/24\/horas-despues-de-ser-designada-la-primera-ministra-de-suecia-renuncio\/#primaryimage"},"thumbnailUrl":"https:\/\/www.ip.gov.py\/ip\/wp-content\/uploads\/2021\/11\/Suecia.jpg","keywords":["Congreso","Presupuesto","Primera Mnistra","renuncia","Suecia"],"articleSection":["Internacionales"],"inLanguage":"es"},{"@type":"WebPage","@id":"https:\/\/www.ip.gov.py\/ip\/2021\/11\/24\/horas-despues-de-ser-designada-la-primera-ministra-de-suecia-renuncio\/","url":"https:\/\/www.ip.gov.py\/ip\/2021\/11\/24\/horas-despues-de-ser-designada-la-primera-ministra-de-suecia-renuncio\/","name":"Horas despu\u00e9s de ser designada, la Primera Ministra de Suecia renunci\u00f3 - .::Agencia IP::.","isPartOf":{"@id":"https:\/\/www.ip.gov.py\/ip\/#website"},"primaryImageOfPage":{"@id":"https:\/\/www.ip.gov.py\/ip\/2021\/11\/24\/horas-despues-de-ser-designada-la-primera-ministra-de-suecia-renuncio\/#primaryimage"},"image":{"@id":"https:\/\/www.ip.gov.py\/ip\/2021\/11\/24\/horas-despues-de-ser-designada-la-primera-ministra-de-suecia-renuncio\/#primaryimage"},"thumbnailUrl":"https:\/\/www.ip.gov.py\/ip\/wp-content\/uploads\/2021\/11\/Suecia.jpg","datePublished":"2021-11-24T17:25:07+00:00","breadcrumb":{"@id":"https:\/\/www.ip.gov.py\/ip\/2021\/11\/24\/horas-despues-de-ser-designada-la-primera-ministra-de-suecia-renuncio\/#breadcrumb"},"inLanguage":"es","potentialAction":[{"@type":"ReadAction","target":["https:\/\/www.ip.gov.py\/ip\/2021\/11\/24\/horas-despues-de-ser-designada-la-primera-ministra-de-suecia-renuncio\/"]}]},{"@type":"ImageObject","inLanguage":"es","@id":"https:\/\/www.ip.gov.py\/ip\/2021\/11\/24\/horas-despues-de-ser-designada-la-primera-ministra-de-suecia-renuncio\/#primaryimage","url":"https:\/\/www.ip.gov.py\/ip\/wp-content\/uploads\/2021\/11\/Suecia.jpg","contentUrl":"https:\/\/www.ip.gov.py\/ip\/wp-content\/uploads\/2021\/11\/Suecia.jpg","width":1200,"height":799,"caption":"El Mundo"},{"@type":"BreadcrumbList","@id":"https:\/\/www.ip.gov.py\/ip\/2021\/11\/24\/horas-despues-de-ser-designada-la-primera-ministra-de-suecia-renuncio\/#breadcrumb","itemListElement":[{"@type":"ListItem","position":1,"name":"Portada","item":"https:\/\/www.ip.gov.py\/ip\/"},{"@type":"ListItem","position":2,"name":"Horas despu\u00e9s de ser designada, la Primera Ministra de Suecia renunci\u00f3"}]},{"@type":"WebSite","@id":"https:\/\/www.ip.gov.py\/ip\/#website","url":"https:\/\/www.ip.gov.py\/ip\/","name":".::Agencia IP::.","description":"","publisher":{"@id":"https:\/\/www.ip.gov.py\/ip\/#organization"},"potentialAction":[{"@type":"SearchAction","target":{"@type":"EntryPoint","urlTemplate":"https:\/\/www.ip.gov.py\/ip\/?s={search_term_string}"},"query-input":{"@type":"PropertyValueSpecification","valueRequired":true,"valueName":"search_term_string"}}],"inLanguage":"es"},{"@type":"Organization","@id":"https:\/\/www.ip.gov.py\/ip\/#organization","name":"Agencia IP","url":"https:\/\/www.ip.gov.py\/ip\/","logo":{"@type":"ImageObject","inLanguage":"es","@id":"https:\/\/www.ip.gov.py\/ip\/#\/schema\/logo\/image\/","url":"https:\/\/www.ip.gov.py\/ip\/wp-content\/uploads\/2018\/01\/Agencia-IP.jpg","contentUrl":"https:\/\/www.ip.gov.py\/ip\/wp-content\/uploads\/2018\/01\/Agencia-IP.jpg","width":150,"height":150,"caption":"Agencia IP"},"image":{"@id":"https:\/\/www.ip.gov.py\/ip\/#\/schema\/logo\/image\/"},"sameAs":["https:\/\/www.facebook.com\/IPParaguay\/","https:\/\/x.com\/IPParaguay","https:\/\/www.instagram.com\/IPParaguay"]},{"@type":"Person","@id":"https:\/\/www.ip.gov.py\/ip\/#\/schema\/person\/fa3668852e893cb0423795330f919039","name":"vrios","url":"https:\/\/www.ip.gov.py\/ip\/author\/vrios\/"}]}},"_links":{"self":[{"href":"https:\/\/www.ip.gov.py\/ip\/wp-json\/wp\/v2\/posts\/393967","targetHints":{"allow":["GET"]}}],"collection":[{"href":"https:\/\/www.ip.gov.py\/ip\/wp-json\/wp\/v2\/posts"}],"about":[{"href":"https:\/\/www.ip.gov.py\/ip\/wp-json\/wp\/v2\/types\/post"}],"author":[{"embeddable":true,"href":"https:\/\/www.ip.gov.py\/ip\/wp-json\/wp\/v2\/users\/11"}],"replies":[{"embeddable":true,"href":"https:\/\/www.ip.gov.py\/ip\/wp-json\/wp\/v2\/comments?post=393967"}],"version-history":[{"count":0,"href":"https:\/\/www.ip.gov.py\/ip\/wp-json\/wp\/v2\/posts\/393967\/revisions"}],"wp:featuredmedia":[{"embeddable":true,"href":"https:\/\/www.ip.gov.py\/ip\/wp-json\/wp\/v2\/media\/393969"}],"wp:attachment":[{"href":"https:\/\/www.ip.gov.py\/ip\/wp-json\/wp\/v2\/media?parent=393967"}],"wp:term":[{"taxonomy":"category","embeddable":true,"href":"https:\/\/www.ip.gov.py\/ip\/wp-json\/wp\/v2\/categories?post=393967"},{"taxonomy":"post_tag","embeddable":true,"href":"https:\/\/www.ip.gov.py\/ip\/wp-json\/wp\/v2\/tags?post=393967"}],"curies":[{"name":"wp","href":"https:\/\/api.w.org\/{rel}","templated":true}]}}