{"id":394040,"date":"2021-11-25T10:50:25","date_gmt":"2021-11-25T13:50:25","guid":{"rendered":"https:\/\/www.ip.gov.py\/ip\/?p=394040"},"modified":"2021-11-25T10:50:25","modified_gmt":"2021-11-25T13:50:25","slug":"el-regulador-europeo-aprobo-la-vacuna-de-pfizer-contra-el-coronavirus-para-ninos-de-entre-5-y-11-anos","status":"publish","type":"post","link":"https:\/\/www.ip.gov.py\/ip\/2021\/11\/25\/el-regulador-europeo-aprobo-la-vacuna-de-pfizer-contra-el-coronavirus-para-ninos-de-entre-5-y-11-anos\/","title":{"rendered":"El regulador europeo aprob\u00f3 la vacuna de Pfizer contra el coronavirus para ni\u00f1os de entre 5 y 11 a\u00f1os"},"content":{"rendered":"<p style=\"text-align: justify;\"><em><strong>Ginebra.-<\/strong><\/em>La Agencia Europea de Medicamentos (EMA) aprob\u00f3 este jueves la vacuna de Pfizer contra el coronavirus para ni\u00f1os de entre 5 y 11 a\u00f1os, aunque con una dosis menor que la utilizada en mayores de 12 a\u00f1os.<!--more--><\/p>\n<p style=\"text-align: justify;\">Con el visto bueno del regulador europeo, el continente se suma as\u00ed a Estados Unidos, que recientemente autoriz\u00f3 la vacuna para este grupo de edad. Canad\u00e1, Israel, China y Arabia Saudita tambi\u00e9n dieron luz verde al preparado.<\/p>\n<p style=\"text-align: justify;\">La inyecci\u00f3n se administrar\u00e1 en dos dosis, con un intervalo de tres semanas entre la primera y la segunda, subray\u00f3 la agencia en un comunicado, en el que se\u00f1ala que los beneficios de vacunar con Pfizer a los ni\u00f1os en esa franja de edad superan los riesgos.<\/p>\n<p style=\"text-align: justify;\">De acuerdo con los datos publicados por la Administraci\u00f3n de Alimentos y Medicamentos de Estados Unidos (FDA, por sus siglas en ingl\u00e9s), la vacuna tuvo un 90,7% de eficacia en la prevenci\u00f3n del COVID-19 en ni\u00f1os de entre 5 y 11 a\u00f1os.<\/p>\n<p style=\"text-align: justify;\">Los efectos secundarios m\u00e1s comunes detectados en los ensayos cl\u00ednicos fueron similares a los de los mayores de 12 a\u00f1os, lo que incluye cansancio, dolor muscular y de cabeza, escalofr\u00edos, molestias y enrojecimiento en el lugar de la inyecci\u00f3n.<\/p>\n<p style=\"text-align: justify;\">La decisi\u00f3n de la EMA se produce en medio de un gran aumento de casos de COVID-19 en toda Europa, principalmente por la escasa cobertura de vacunaci\u00f3n en algunos pa\u00edses y porque el colectivo de menores de 11 a\u00f1os a\u00fan no ha podido recibir el inoculante.<\/p>\n<p style=\"text-align: justify;\">La vacuna de Pfizer est\u00e1 aprobada para su uso en la Uni\u00f3n Europea (UE) en adolescentes de entre 12 y 17 a\u00f1os desde mayo.<\/p>\n<p style=\"text-align: justify;\">Aunque la aprobaci\u00f3n final depende de la Comisi\u00f3n Europea, suele seguir las recomendaciones de la EMA.<\/p>\n<p style=\"text-align: justify;\">No est\u00e1 claro cu\u00e1ndo los pa\u00edses podr\u00e1n empezar a aplicar las vacunas entre los ni\u00f1os m\u00e1s peque\u00f1os de entre 5 y 11 a\u00f1os. A principios de esta semana, el ministro de Sanidad saliente de Alemania, Jens Spahn, dijo que las entregas en toda la UE de la versi\u00f3n pedi\u00e1trica de baja dosis no empezar\u00edan hasta el 20 de diciembre.<\/p>\n<p style=\"text-align: justify;\">Decenas de millones de ni\u00f1os de este grupo de edad podr\u00e1n recibir el preparado en la UE.<\/p>\n<p style=\"text-align: justify;\">La de Pfizer es la primera vacuna que recibe respaldo de los cient\u00edficos europeos para ser administrada en ni\u00f1os menores de 11 a\u00f1os, aunque la farmac\u00e9utica Moderna tambi\u00e9n solicit\u00f3 a la EMA evaluar el posible uso de su ensayo en ni\u00f1os de 6 a 11 a\u00f1os, lo que est\u00e1 a\u00fan siendo estudiado por el comit\u00e9 de medicamentos de uso humano (CHMP).<\/p>\n<p style=\"text-align: justify;\">\n<p style=\"text-align: justify;\">\n","protected":false},"excerpt":{"rendered":"<p>Ginebra.-La Agencia Europea de Medicamentos (EMA) aprob\u00f3 este jueves la vacuna de Pfizer contra el coronavirus para ni\u00f1os de entre 5 y 11 a\u00f1os, aunque con una dosis menor que la utilizada en mayores de 12 a\u00f1os.<\/p>\n","protected":false},"author":11,"featured_media":394042,"comment_status":"closed","ping_status":"closed","sticky":false,"template":"","format":"standard","meta":{"_monsterinsights_skip_tracking":false,"_monsterinsights_sitenote_active":false,"_monsterinsights_sitenote_note":"","_monsterinsights_sitenote_category":0,"footnotes":""},"categories":[5],"tags":[9789,7026,3000,3425,7063,3424],"class_list":{"0":"post-394040","1":"post","2":"type-post","3":"status-publish","4":"format-standard","5":"has-post-thumbnail","7":"category-internacionales","8":"tag-farmaceutica","9":"tag-menores","10":"tag-pandemia","11":"tag-pfizer","12":"tag-regulador","13":"tag-vacunas"},"yoast_head":"<!-- This site is optimized with the Yoast SEO plugin v27.5 - https:\/\/yoast.com\/product\/yoast-seo-wordpress\/ -->\n<title>El regulador europeo aprob\u00f3 la vacuna de Pfizer contra el coronavirus para ni\u00f1os de entre 5 y 11 a\u00f1os - .::Agencia IP::.<\/title>\n<meta name=\"robots\" content=\"index, follow, max-snippet:-1, max-image-preview:large, max-video-preview:-1\" \/>\n<link rel=\"canonical\" href=\"https:\/\/www.ip.gov.py\/ip\/2021\/11\/25\/el-regulador-europeo-aprobo-la-vacuna-de-pfizer-contra-el-coronavirus-para-ninos-de-entre-5-y-11-anos\/\" \/>\n<meta property=\"og:locale\" content=\"es_ES\" \/>\n<meta property=\"og:type\" content=\"article\" \/>\n<meta property=\"og:title\" content=\"El regulador europeo aprob\u00f3 la vacuna de Pfizer contra el coronavirus para ni\u00f1os de entre 5 y 11 a\u00f1os - .::Agencia IP::.\" \/>\n<meta property=\"og:description\" content=\"Ginebra.-La Agencia Europea de Medicamentos (EMA) aprob\u00f3 este jueves la vacuna de Pfizer contra el coronavirus para ni\u00f1os de entre 5 y 11 a\u00f1os, aunque con una dosis menor que la utilizada en mayores de 12 a\u00f1os.\" \/>\n<meta property=\"og:url\" content=\"https:\/\/www.ip.gov.py\/ip\/2021\/11\/25\/el-regulador-europeo-aprobo-la-vacuna-de-pfizer-contra-el-coronavirus-para-ninos-de-entre-5-y-11-anos\/\" \/>\n<meta property=\"og:site_name\" content=\".::Agencia IP::.\" \/>\n<meta property=\"article:publisher\" content=\"https:\/\/www.facebook.com\/IPParaguay\/\" \/>\n<meta property=\"article:published_time\" content=\"2021-11-25T13:50:25+00:00\" \/>\n<meta property=\"og:image\" content=\"https:\/\/www.ip.gov.py\/ip\/wp-content\/uploads\/2021\/11\/Europa-4.jpg\" \/>\n\t<meta property=\"og:image:width\" content=\"768\" \/>\n\t<meta property=\"og:image:height\" content=\"512\" \/>\n\t<meta property=\"og:image:type\" content=\"image\/jpeg\" \/>\n<meta name=\"author\" content=\"vrios\" \/>\n<meta name=\"twitter:card\" content=\"summary_large_image\" \/>\n<meta name=\"twitter:creator\" content=\"@IPParaguay\" \/>\n<meta name=\"twitter:site\" content=\"@IPParaguay\" \/>\n<meta name=\"twitter:label1\" content=\"Escrito por\" \/>\n\t<meta name=\"twitter:data1\" content=\"vrios\" \/>\n\t<meta name=\"twitter:label2\" content=\"Tiempo de lectura\" \/>\n\t<meta name=\"twitter:data2\" content=\"2 minutos\" \/>\n<script type=\"application\/ld+json\" class=\"yoast-schema-graph\">{\"@context\":\"https:\\\/\\\/schema.org\",\"@graph\":[{\"@type\":\"Article\",\"@id\":\"https:\\\/\\\/www.ip.gov.py\\\/ip\\\/2021\\\/11\\\/25\\\/el-regulador-europeo-aprobo-la-vacuna-de-pfizer-contra-el-coronavirus-para-ninos-de-entre-5-y-11-anos\\\/#article\",\"isPartOf\":{\"@id\":\"https:\\\/\\\/www.ip.gov.py\\\/ip\\\/2021\\\/11\\\/25\\\/el-regulador-europeo-aprobo-la-vacuna-de-pfizer-contra-el-coronavirus-para-ninos-de-entre-5-y-11-anos\\\/\"},\"author\":{\"name\":\"vrios\",\"@id\":\"https:\\\/\\\/www.ip.gov.py\\\/ip\\\/#\\\/schema\\\/person\\\/fa3668852e893cb0423795330f919039\"},\"headline\":\"El regulador europeo aprob\u00f3 la vacuna de Pfizer contra el coronavirus para ni\u00f1os de entre 5 y 11 a\u00f1os\",\"datePublished\":\"2021-11-25T13:50:25+00:00\",\"mainEntityOfPage\":{\"@id\":\"https:\\\/\\\/www.ip.gov.py\\\/ip\\\/2021\\\/11\\\/25\\\/el-regulador-europeo-aprobo-la-vacuna-de-pfizer-contra-el-coronavirus-para-ninos-de-entre-5-y-11-anos\\\/\"},\"wordCount\":476,\"publisher\":{\"@id\":\"https:\\\/\\\/www.ip.gov.py\\\/ip\\\/#organization\"},\"image\":{\"@id\":\"https:\\\/\\\/www.ip.gov.py\\\/ip\\\/2021\\\/11\\\/25\\\/el-regulador-europeo-aprobo-la-vacuna-de-pfizer-contra-el-coronavirus-para-ninos-de-entre-5-y-11-anos\\\/#primaryimage\"},\"thumbnailUrl\":\"https:\\\/\\\/www.ip.gov.py\\\/ip\\\/wp-content\\\/uploads\\\/2021\\\/11\\\/Europa-4.jpg\",\"keywords\":[\"Farmac\u00e9utica\",\"Menores\",\"pandemia\",\"Pfizer\",\"Regulador\",\"Vacunas\"],\"articleSection\":[\"Internacionales\"],\"inLanguage\":\"es\"},{\"@type\":\"WebPage\",\"@id\":\"https:\\\/\\\/www.ip.gov.py\\\/ip\\\/2021\\\/11\\\/25\\\/el-regulador-europeo-aprobo-la-vacuna-de-pfizer-contra-el-coronavirus-para-ninos-de-entre-5-y-11-anos\\\/\",\"url\":\"https:\\\/\\\/www.ip.gov.py\\\/ip\\\/2021\\\/11\\\/25\\\/el-regulador-europeo-aprobo-la-vacuna-de-pfizer-contra-el-coronavirus-para-ninos-de-entre-5-y-11-anos\\\/\",\"name\":\"El regulador europeo aprob\u00f3 la vacuna de Pfizer contra el coronavirus para ni\u00f1os de entre 5 y 11 a\u00f1os - .::Agencia IP::.\",\"isPartOf\":{\"@id\":\"https:\\\/\\\/www.ip.gov.py\\\/ip\\\/#website\"},\"primaryImageOfPage\":{\"@id\":\"https:\\\/\\\/www.ip.gov.py\\\/ip\\\/2021\\\/11\\\/25\\\/el-regulador-europeo-aprobo-la-vacuna-de-pfizer-contra-el-coronavirus-para-ninos-de-entre-5-y-11-anos\\\/#primaryimage\"},\"image\":{\"@id\":\"https:\\\/\\\/www.ip.gov.py\\\/ip\\\/2021\\\/11\\\/25\\\/el-regulador-europeo-aprobo-la-vacuna-de-pfizer-contra-el-coronavirus-para-ninos-de-entre-5-y-11-anos\\\/#primaryimage\"},\"thumbnailUrl\":\"https:\\\/\\\/www.ip.gov.py\\\/ip\\\/wp-content\\\/uploads\\\/2021\\\/11\\\/Europa-4.jpg\",\"datePublished\":\"2021-11-25T13:50:25+00:00\",\"breadcrumb\":{\"@id\":\"https:\\\/\\\/www.ip.gov.py\\\/ip\\\/2021\\\/11\\\/25\\\/el-regulador-europeo-aprobo-la-vacuna-de-pfizer-contra-el-coronavirus-para-ninos-de-entre-5-y-11-anos\\\/#breadcrumb\"},\"inLanguage\":\"es\",\"potentialAction\":[{\"@type\":\"ReadAction\",\"target\":[\"https:\\\/\\\/www.ip.gov.py\\\/ip\\\/2021\\\/11\\\/25\\\/el-regulador-europeo-aprobo-la-vacuna-de-pfizer-contra-el-coronavirus-para-ninos-de-entre-5-y-11-anos\\\/\"]}]},{\"@type\":\"ImageObject\",\"inLanguage\":\"es\",\"@id\":\"https:\\\/\\\/www.ip.gov.py\\\/ip\\\/2021\\\/11\\\/25\\\/el-regulador-europeo-aprobo-la-vacuna-de-pfizer-contra-el-coronavirus-para-ninos-de-entre-5-y-11-anos\\\/#primaryimage\",\"url\":\"https:\\\/\\\/www.ip.gov.py\\\/ip\\\/wp-content\\\/uploads\\\/2021\\\/11\\\/Europa-4.jpg\",\"contentUrl\":\"https:\\\/\\\/www.ip.gov.py\\\/ip\\\/wp-content\\\/uploads\\\/2021\\\/11\\\/Europa-4.jpg\",\"width\":768,\"height\":512,\"caption\":\"Efe\"},{\"@type\":\"BreadcrumbList\",\"@id\":\"https:\\\/\\\/www.ip.gov.py\\\/ip\\\/2021\\\/11\\\/25\\\/el-regulador-europeo-aprobo-la-vacuna-de-pfizer-contra-el-coronavirus-para-ninos-de-entre-5-y-11-anos\\\/#breadcrumb\",\"itemListElement\":[{\"@type\":\"ListItem\",\"position\":1,\"name\":\"Portada\",\"item\":\"https:\\\/\\\/www.ip.gov.py\\\/ip\\\/\"},{\"@type\":\"ListItem\",\"position\":2,\"name\":\"El regulador europeo aprob\u00f3 la vacuna de Pfizer contra el coronavirus para ni\u00f1os de entre 5 y 11 a\u00f1os\"}]},{\"@type\":\"WebSite\",\"@id\":\"https:\\\/\\\/www.ip.gov.py\\\/ip\\\/#website\",\"url\":\"https:\\\/\\\/www.ip.gov.py\\\/ip\\\/\",\"name\":\".::Agencia IP::.\",\"description\":\"\",\"publisher\":{\"@id\":\"https:\\\/\\\/www.ip.gov.py\\\/ip\\\/#organization\"},\"potentialAction\":[{\"@type\":\"SearchAction\",\"target\":{\"@type\":\"EntryPoint\",\"urlTemplate\":\"https:\\\/\\\/www.ip.gov.py\\\/ip\\\/?s={search_term_string}\"},\"query-input\":{\"@type\":\"PropertyValueSpecification\",\"valueRequired\":true,\"valueName\":\"search_term_string\"}}],\"inLanguage\":\"es\"},{\"@type\":\"Organization\",\"@id\":\"https:\\\/\\\/www.ip.gov.py\\\/ip\\\/#organization\",\"name\":\"Agencia IP\",\"url\":\"https:\\\/\\\/www.ip.gov.py\\\/ip\\\/\",\"logo\":{\"@type\":\"ImageObject\",\"inLanguage\":\"es\",\"@id\":\"https:\\\/\\\/www.ip.gov.py\\\/ip\\\/#\\\/schema\\\/logo\\\/image\\\/\",\"url\":\"https:\\\/\\\/www.ip.gov.py\\\/ip\\\/wp-content\\\/uploads\\\/2018\\\/01\\\/Agencia-IP.jpg\",\"contentUrl\":\"https:\\\/\\\/www.ip.gov.py\\\/ip\\\/wp-content\\\/uploads\\\/2018\\\/01\\\/Agencia-IP.jpg\",\"width\":150,\"height\":150,\"caption\":\"Agencia IP\"},\"image\":{\"@id\":\"https:\\\/\\\/www.ip.gov.py\\\/ip\\\/#\\\/schema\\\/logo\\\/image\\\/\"},\"sameAs\":[\"https:\\\/\\\/www.facebook.com\\\/IPParaguay\\\/\",\"https:\\\/\\\/x.com\\\/IPParaguay\",\"https:\\\/\\\/www.instagram.com\\\/IPParaguay\"]},{\"@type\":\"Person\",\"@id\":\"https:\\\/\\\/www.ip.gov.py\\\/ip\\\/#\\\/schema\\\/person\\\/fa3668852e893cb0423795330f919039\",\"name\":\"vrios\",\"url\":\"https:\\\/\\\/www.ip.gov.py\\\/ip\\\/author\\\/vrios\\\/\"}]}<\/script>\n<!-- \/ Yoast SEO plugin. -->","yoast_head_json":{"title":"El regulador europeo aprob\u00f3 la vacuna de Pfizer contra el coronavirus para ni\u00f1os de entre 5 y 11 a\u00f1os - .::Agencia IP::.","robots":{"index":"index","follow":"follow","max-snippet":"max-snippet:-1","max-image-preview":"max-image-preview:large","max-video-preview":"max-video-preview:-1"},"canonical":"https:\/\/www.ip.gov.py\/ip\/2021\/11\/25\/el-regulador-europeo-aprobo-la-vacuna-de-pfizer-contra-el-coronavirus-para-ninos-de-entre-5-y-11-anos\/","og_locale":"es_ES","og_type":"article","og_title":"El regulador europeo aprob\u00f3 la vacuna de Pfizer contra el coronavirus para ni\u00f1os de entre 5 y 11 a\u00f1os - .::Agencia IP::.","og_description":"Ginebra.-La Agencia Europea de Medicamentos (EMA) aprob\u00f3 este jueves la vacuna de Pfizer contra el coronavirus para ni\u00f1os de entre 5 y 11 a\u00f1os, aunque con una dosis menor que la utilizada en mayores de 12 a\u00f1os.","og_url":"https:\/\/www.ip.gov.py\/ip\/2021\/11\/25\/el-regulador-europeo-aprobo-la-vacuna-de-pfizer-contra-el-coronavirus-para-ninos-de-entre-5-y-11-anos\/","og_site_name":".::Agencia IP::.","article_publisher":"https:\/\/www.facebook.com\/IPParaguay\/","article_published_time":"2021-11-25T13:50:25+00:00","og_image":[{"width":768,"height":512,"url":"https:\/\/www.ip.gov.py\/ip\/wp-content\/uploads\/2021\/11\/Europa-4.jpg","type":"image\/jpeg"}],"author":"vrios","twitter_card":"summary_large_image","twitter_creator":"@IPParaguay","twitter_site":"@IPParaguay","twitter_misc":{"Escrito por":"vrios","Tiempo de lectura":"2 minutos"},"schema":{"@context":"https:\/\/schema.org","@graph":[{"@type":"Article","@id":"https:\/\/www.ip.gov.py\/ip\/2021\/11\/25\/el-regulador-europeo-aprobo-la-vacuna-de-pfizer-contra-el-coronavirus-para-ninos-de-entre-5-y-11-anos\/#article","isPartOf":{"@id":"https:\/\/www.ip.gov.py\/ip\/2021\/11\/25\/el-regulador-europeo-aprobo-la-vacuna-de-pfizer-contra-el-coronavirus-para-ninos-de-entre-5-y-11-anos\/"},"author":{"name":"vrios","@id":"https:\/\/www.ip.gov.py\/ip\/#\/schema\/person\/fa3668852e893cb0423795330f919039"},"headline":"El regulador europeo aprob\u00f3 la vacuna de Pfizer contra el coronavirus para ni\u00f1os de entre 5 y 11 a\u00f1os","datePublished":"2021-11-25T13:50:25+00:00","mainEntityOfPage":{"@id":"https:\/\/www.ip.gov.py\/ip\/2021\/11\/25\/el-regulador-europeo-aprobo-la-vacuna-de-pfizer-contra-el-coronavirus-para-ninos-de-entre-5-y-11-anos\/"},"wordCount":476,"publisher":{"@id":"https:\/\/www.ip.gov.py\/ip\/#organization"},"image":{"@id":"https:\/\/www.ip.gov.py\/ip\/2021\/11\/25\/el-regulador-europeo-aprobo-la-vacuna-de-pfizer-contra-el-coronavirus-para-ninos-de-entre-5-y-11-anos\/#primaryimage"},"thumbnailUrl":"https:\/\/www.ip.gov.py\/ip\/wp-content\/uploads\/2021\/11\/Europa-4.jpg","keywords":["Farmac\u00e9utica","Menores","pandemia","Pfizer","Regulador","Vacunas"],"articleSection":["Internacionales"],"inLanguage":"es"},{"@type":"WebPage","@id":"https:\/\/www.ip.gov.py\/ip\/2021\/11\/25\/el-regulador-europeo-aprobo-la-vacuna-de-pfizer-contra-el-coronavirus-para-ninos-de-entre-5-y-11-anos\/","url":"https:\/\/www.ip.gov.py\/ip\/2021\/11\/25\/el-regulador-europeo-aprobo-la-vacuna-de-pfizer-contra-el-coronavirus-para-ninos-de-entre-5-y-11-anos\/","name":"El regulador europeo aprob\u00f3 la vacuna de Pfizer contra el coronavirus para ni\u00f1os de entre 5 y 11 a\u00f1os - .::Agencia IP::.","isPartOf":{"@id":"https:\/\/www.ip.gov.py\/ip\/#website"},"primaryImageOfPage":{"@id":"https:\/\/www.ip.gov.py\/ip\/2021\/11\/25\/el-regulador-europeo-aprobo-la-vacuna-de-pfizer-contra-el-coronavirus-para-ninos-de-entre-5-y-11-anos\/#primaryimage"},"image":{"@id":"https:\/\/www.ip.gov.py\/ip\/2021\/11\/25\/el-regulador-europeo-aprobo-la-vacuna-de-pfizer-contra-el-coronavirus-para-ninos-de-entre-5-y-11-anos\/#primaryimage"},"thumbnailUrl":"https:\/\/www.ip.gov.py\/ip\/wp-content\/uploads\/2021\/11\/Europa-4.jpg","datePublished":"2021-11-25T13:50:25+00:00","breadcrumb":{"@id":"https:\/\/www.ip.gov.py\/ip\/2021\/11\/25\/el-regulador-europeo-aprobo-la-vacuna-de-pfizer-contra-el-coronavirus-para-ninos-de-entre-5-y-11-anos\/#breadcrumb"},"inLanguage":"es","potentialAction":[{"@type":"ReadAction","target":["https:\/\/www.ip.gov.py\/ip\/2021\/11\/25\/el-regulador-europeo-aprobo-la-vacuna-de-pfizer-contra-el-coronavirus-para-ninos-de-entre-5-y-11-anos\/"]}]},{"@type":"ImageObject","inLanguage":"es","@id":"https:\/\/www.ip.gov.py\/ip\/2021\/11\/25\/el-regulador-europeo-aprobo-la-vacuna-de-pfizer-contra-el-coronavirus-para-ninos-de-entre-5-y-11-anos\/#primaryimage","url":"https:\/\/www.ip.gov.py\/ip\/wp-content\/uploads\/2021\/11\/Europa-4.jpg","contentUrl":"https:\/\/www.ip.gov.py\/ip\/wp-content\/uploads\/2021\/11\/Europa-4.jpg","width":768,"height":512,"caption":"Efe"},{"@type":"BreadcrumbList","@id":"https:\/\/www.ip.gov.py\/ip\/2021\/11\/25\/el-regulador-europeo-aprobo-la-vacuna-de-pfizer-contra-el-coronavirus-para-ninos-de-entre-5-y-11-anos\/#breadcrumb","itemListElement":[{"@type":"ListItem","position":1,"name":"Portada","item":"https:\/\/www.ip.gov.py\/ip\/"},{"@type":"ListItem","position":2,"name":"El regulador europeo aprob\u00f3 la vacuna de Pfizer contra el coronavirus para ni\u00f1os de entre 5 y 11 a\u00f1os"}]},{"@type":"WebSite","@id":"https:\/\/www.ip.gov.py\/ip\/#website","url":"https:\/\/www.ip.gov.py\/ip\/","name":".::Agencia IP::.","description":"","publisher":{"@id":"https:\/\/www.ip.gov.py\/ip\/#organization"},"potentialAction":[{"@type":"SearchAction","target":{"@type":"EntryPoint","urlTemplate":"https:\/\/www.ip.gov.py\/ip\/?s={search_term_string}"},"query-input":{"@type":"PropertyValueSpecification","valueRequired":true,"valueName":"search_term_string"}}],"inLanguage":"es"},{"@type":"Organization","@id":"https:\/\/www.ip.gov.py\/ip\/#organization","name":"Agencia IP","url":"https:\/\/www.ip.gov.py\/ip\/","logo":{"@type":"ImageObject","inLanguage":"es","@id":"https:\/\/www.ip.gov.py\/ip\/#\/schema\/logo\/image\/","url":"https:\/\/www.ip.gov.py\/ip\/wp-content\/uploads\/2018\/01\/Agencia-IP.jpg","contentUrl":"https:\/\/www.ip.gov.py\/ip\/wp-content\/uploads\/2018\/01\/Agencia-IP.jpg","width":150,"height":150,"caption":"Agencia IP"},"image":{"@id":"https:\/\/www.ip.gov.py\/ip\/#\/schema\/logo\/image\/"},"sameAs":["https:\/\/www.facebook.com\/IPParaguay\/","https:\/\/x.com\/IPParaguay","https:\/\/www.instagram.com\/IPParaguay"]},{"@type":"Person","@id":"https:\/\/www.ip.gov.py\/ip\/#\/schema\/person\/fa3668852e893cb0423795330f919039","name":"vrios","url":"https:\/\/www.ip.gov.py\/ip\/author\/vrios\/"}]}},"_links":{"self":[{"href":"https:\/\/www.ip.gov.py\/ip\/wp-json\/wp\/v2\/posts\/394040","targetHints":{"allow":["GET"]}}],"collection":[{"href":"https:\/\/www.ip.gov.py\/ip\/wp-json\/wp\/v2\/posts"}],"about":[{"href":"https:\/\/www.ip.gov.py\/ip\/wp-json\/wp\/v2\/types\/post"}],"author":[{"embeddable":true,"href":"https:\/\/www.ip.gov.py\/ip\/wp-json\/wp\/v2\/users\/11"}],"replies":[{"embeddable":true,"href":"https:\/\/www.ip.gov.py\/ip\/wp-json\/wp\/v2\/comments?post=394040"}],"version-history":[{"count":0,"href":"https:\/\/www.ip.gov.py\/ip\/wp-json\/wp\/v2\/posts\/394040\/revisions"}],"wp:featuredmedia":[{"embeddable":true,"href":"https:\/\/www.ip.gov.py\/ip\/wp-json\/wp\/v2\/media\/394042"}],"wp:attachment":[{"href":"https:\/\/www.ip.gov.py\/ip\/wp-json\/wp\/v2\/media?parent=394040"}],"wp:term":[{"taxonomy":"category","embeddable":true,"href":"https:\/\/www.ip.gov.py\/ip\/wp-json\/wp\/v2\/categories?post=394040"},{"taxonomy":"post_tag","embeddable":true,"href":"https:\/\/www.ip.gov.py\/ip\/wp-json\/wp\/v2\/tags?post=394040"}],"curies":[{"name":"wp","href":"https:\/\/api.w.org\/{rel}","templated":true}]}}