{"id":395606,"date":"2021-12-07T10:00:42","date_gmt":"2021-12-07T13:00:42","guid":{"rendered":"https:\/\/www.ip.gov.py\/ip\/?p=395606"},"modified":"2021-12-07T10:00:42","modified_gmt":"2021-12-07T13:00:42","slug":"francia-se-prepara-para-vacunar-contra-el-coronavirus-a-todos-los-menores-de-12-anos","status":"publish","type":"post","link":"https:\/\/www.ip.gov.py\/ip\/2021\/12\/07\/francia-se-prepara-para-vacunar-contra-el-coronavirus-a-todos-los-menores-de-12-anos\/","title":{"rendered":"Francia se prepara para vacunar contra el coronavirus a todos los menores de 12 a\u00f1os"},"content":{"rendered":"<p style=\"text-align: justify;\"><em><strong>Par\u00eds.-<\/strong><\/em>El portavoz del Gobierno franc\u00e9s, Gabriel Attal, explic\u00f3 este martes que se est\u00e1 poniendo en marcha toda la organizaci\u00f3n para que los ni\u00f1os de 5 a 11 a\u00f1os puedan inmunizarse contra el COVID-19 en los centros de vacunaci\u00f3n a partir del pr\u00f3ximo 20 de diciembre.<!--more--><\/p>\n<p style=\"text-align: justify;\">Attal a\u00f1adi\u00f3, en una entrevista a la emisora de radio France Inter, que desde el 27 de diciembre tambi\u00e9n se los podr\u00e1 vacunar en los gabinetes m\u00e9dicos y en las farmacias, todo ello a condici\u00f3n de que de aqu\u00ed a entonces las instancias m\u00e9dicas den el visto bueno.<\/p>\n<p style=\"text-align: justify;\">Por ahora, la Alta Autoridad de la Salud (HAS) ya ha recomendado vacunar a los ni\u00f1os menores de 12 a\u00f1os susceptibles de desarrollar una forma grave del coronavirus por sus antecedentes m\u00e9dicos o que viven con personas inmunodeprimidas, lo que representa un colectivo de poco m\u00e1s de 360.000 personas.<\/p>\n<p style=\"text-align: justify;\">En los pr\u00f3ximos d\u00edas, la HAS debe pronunciarse oficialmente tambi\u00e9n sobre la vacunaci\u00f3n del resto de los que tienen entre 5 y 11 a\u00f1os. Si recomienda su inmunizaci\u00f3n, el Ejecutivo ya ha avanzado que no habr\u00e1 ninguna obligaci\u00f3n.<\/p>\n<p style=\"text-align: justify;\">En Francia no es obligatorio tampoco para los adultos vacunarse, aunque desde finales de julio se ha impuesto el certificado sanitario para muchos actos de la vida social, como ir al cine, al teatro, a un espect\u00e1culo, a un estadio o a un bar y a un restaurante.<\/p>\n<p style=\"text-align: justify;\">Eso \u201cha funcionado\u201d, seg\u00fan Attal, ya que la tasa de vacunados en Francia es muy superior a la de otros pa\u00edses europeos que no lo hab\u00edan hecho (hasta el lunes hab\u00eda recibido la pauta completa el 75,7% de la poblaci\u00f3n total), algunos de los cuales se plantean instaurar esa obligaci\u00f3n.<\/p>\n<p style=\"text-align: justify;\">El portavoz del Gobierno, aunque dijo no saber cu\u00e1ndo se llegar\u00e1 al pico de la quinta ola que sacude ahora Francia, insisti\u00f3 en que \u201clo que est\u00e1 claro es que sigue subiendo y que va a seguir subiendo en los hospitales\u201d.<\/p>\n<p style=\"text-align: justify;\">El Instituto Pasteur calcula que hacia el 12 de diciembre habr\u00e1 3.000 personas con COVID en las unidades de cuidados intensivos, frente a las 2.191 del lunes, cuando se comunicaron adem\u00e1s 192 muertes por la enfermedad en los hospitales.<\/p>\n<p style=\"text-align: justify;\">Para hacer frente a ese incremento de la incidencia y de las hospitalizaciones (el lunes hab\u00eda 12.096 internados por coronavirus), el Ejecutivo anunci\u00f3 ayer un refuerzo del dispositivo, en particular el cierre durante al menos cuatro semanas desde el viernes de las 1.200 discotecas del pa\u00eds y el endurecimiento del protocolo sanitario en los centros escolares.<\/p>\n<p style=\"text-align: justify;\">Attal justific\u00f3 la primera de esa medida porque el riesgo de contagio de los que van a las discotecas es ocho veces superior. Al mismo tiempo, insisti\u00f3 en que el sector, que ya tuvo un cierre administrativo de 16 meses hasta el pasado verano por la pandemia, recibir\u00e1 \u201cun acompa\u00f1amiento masivo\u201d.<\/p>\n<p style=\"text-align: justify;\">En lo que se refiere a las escuelas, los alumnos tendr\u00e1n que llevar mascarilla en todos los espacios, incluido el patio de recreo, y los centros habr\u00e1n de organizarse para que haya la m\u00ednima mezcla de grupos en los comedores.Infobae.<\/p>\n<p style=\"text-align: justify;\">\n","protected":false},"excerpt":{"rendered":"<p>Par\u00eds.-El portavoz del Gobierno franc\u00e9s, Gabriel Attal, explic\u00f3 este martes que se est\u00e1 poniendo en marcha toda la organizaci\u00f3n para que los ni\u00f1os de 5 a 11 a\u00f1os puedan inmunizarse contra el COVID-19 en los centros de vacunaci\u00f3n a partir del pr\u00f3ximo 20 de diciembre.<\/p>\n","protected":false},"author":11,"featured_media":395607,"comment_status":"closed","ping_status":"closed","sticky":false,"template":"","format":"standard","meta":{"_monsterinsights_skip_tracking":false,"_monsterinsights_sitenote_active":false,"_monsterinsights_sitenote_note":"","_monsterinsights_sitenote_category":0,"footnotes":""},"categories":[5],"tags":[2985,167,7026,3000,412],"class_list":{"0":"post-395606","1":"post","2":"type-post","3":"status-publish","4":"format-standard","5":"has-post-thumbnail","7":"category-internacionales","8":"tag-covid-19","9":"tag-francia","10":"tag-menores","11":"tag-pandemia","12":"tag-vacunacion"},"yoast_head":"<!-- This site is optimized with the Yoast SEO plugin v27.5 - https:\/\/yoast.com\/product\/yoast-seo-wordpress\/ -->\n<title>Francia se prepara para vacunar contra el coronavirus a todos los menores de 12 a\u00f1os - .::Agencia IP::.<\/title>\n<meta name=\"robots\" content=\"index, follow, max-snippet:-1, max-image-preview:large, max-video-preview:-1\" \/>\n<link rel=\"canonical\" href=\"https:\/\/www.ip.gov.py\/ip\/2021\/12\/07\/francia-se-prepara-para-vacunar-contra-el-coronavirus-a-todos-los-menores-de-12-anos\/\" \/>\n<meta property=\"og:locale\" content=\"es_ES\" \/>\n<meta property=\"og:type\" content=\"article\" \/>\n<meta property=\"og:title\" content=\"Francia se prepara para vacunar contra el coronavirus a todos los menores de 12 a\u00f1os - .::Agencia IP::.\" \/>\n<meta property=\"og:description\" content=\"Par\u00eds.-El portavoz del Gobierno franc\u00e9s, Gabriel Attal, explic\u00f3 este martes que se est\u00e1 poniendo en marcha toda la organizaci\u00f3n para que los ni\u00f1os de 5 a 11 a\u00f1os puedan inmunizarse contra el COVID-19 en los centros de vacunaci\u00f3n a partir del pr\u00f3ximo 20 de diciembre.\" \/>\n<meta property=\"og:url\" content=\"https:\/\/www.ip.gov.py\/ip\/2021\/12\/07\/francia-se-prepara-para-vacunar-contra-el-coronavirus-a-todos-los-menores-de-12-anos\/\" \/>\n<meta property=\"og:site_name\" content=\".::Agencia IP::.\" \/>\n<meta property=\"article:publisher\" content=\"https:\/\/www.facebook.com\/IPParaguay\/\" \/>\n<meta property=\"article:published_time\" content=\"2021-12-07T13:00:42+00:00\" \/>\n<meta property=\"og:image\" content=\"https:\/\/www.ip.gov.py\/ip\/wp-content\/uploads\/2021\/12\/Francia.webp\" \/>\n\t<meta property=\"og:image:width\" content=\"768\" \/>\n\t<meta property=\"og:image:height\" content=\"512\" \/>\n\t<meta property=\"og:image:type\" content=\"image\/webp\" \/>\n<meta name=\"author\" content=\"vrios\" \/>\n<meta name=\"twitter:card\" content=\"summary_large_image\" \/>\n<meta name=\"twitter:creator\" content=\"@IPParaguay\" \/>\n<meta name=\"twitter:site\" content=\"@IPParaguay\" \/>\n<meta name=\"twitter:label1\" content=\"Escrito por\" \/>\n\t<meta name=\"twitter:data1\" content=\"vrios\" \/>\n\t<meta name=\"twitter:label2\" content=\"Tiempo de lectura\" \/>\n\t<meta name=\"twitter:data2\" content=\"3 minutos\" \/>\n<script type=\"application\/ld+json\" class=\"yoast-schema-graph\">{\"@context\":\"https:\\\/\\\/schema.org\",\"@graph\":[{\"@type\":\"Article\",\"@id\":\"https:\\\/\\\/www.ip.gov.py\\\/ip\\\/2021\\\/12\\\/07\\\/francia-se-prepara-para-vacunar-contra-el-coronavirus-a-todos-los-menores-de-12-anos\\\/#article\",\"isPartOf\":{\"@id\":\"https:\\\/\\\/www.ip.gov.py\\\/ip\\\/2021\\\/12\\\/07\\\/francia-se-prepara-para-vacunar-contra-el-coronavirus-a-todos-los-menores-de-12-anos\\\/\"},\"author\":{\"name\":\"vrios\",\"@id\":\"https:\\\/\\\/www.ip.gov.py\\\/ip\\\/#\\\/schema\\\/person\\\/fa3668852e893cb0423795330f919039\"},\"headline\":\"Francia se prepara para vacunar contra el coronavirus a todos los menores de 12 a\u00f1os\",\"datePublished\":\"2021-12-07T13:00:42+00:00\",\"mainEntityOfPage\":{\"@id\":\"https:\\\/\\\/www.ip.gov.py\\\/ip\\\/2021\\\/12\\\/07\\\/francia-se-prepara-para-vacunar-contra-el-coronavirus-a-todos-los-menores-de-12-anos\\\/\"},\"wordCount\":545,\"publisher\":{\"@id\":\"https:\\\/\\\/www.ip.gov.py\\\/ip\\\/#organization\"},\"image\":{\"@id\":\"https:\\\/\\\/www.ip.gov.py\\\/ip\\\/2021\\\/12\\\/07\\\/francia-se-prepara-para-vacunar-contra-el-coronavirus-a-todos-los-menores-de-12-anos\\\/#primaryimage\"},\"thumbnailUrl\":\"https:\\\/\\\/www.ip.gov.py\\\/ip\\\/wp-content\\\/uploads\\\/2021\\\/12\\\/Francia.webp\",\"keywords\":[\"covid-19\",\"Francia\",\"Menores\",\"pandemia\",\"Vacunaci\u00f3n\"],\"articleSection\":[\"Internacionales\"],\"inLanguage\":\"es\"},{\"@type\":\"WebPage\",\"@id\":\"https:\\\/\\\/www.ip.gov.py\\\/ip\\\/2021\\\/12\\\/07\\\/francia-se-prepara-para-vacunar-contra-el-coronavirus-a-todos-los-menores-de-12-anos\\\/\",\"url\":\"https:\\\/\\\/www.ip.gov.py\\\/ip\\\/2021\\\/12\\\/07\\\/francia-se-prepara-para-vacunar-contra-el-coronavirus-a-todos-los-menores-de-12-anos\\\/\",\"name\":\"Francia se prepara para vacunar contra el coronavirus a todos los menores de 12 a\u00f1os - .::Agencia IP::.\",\"isPartOf\":{\"@id\":\"https:\\\/\\\/www.ip.gov.py\\\/ip\\\/#website\"},\"primaryImageOfPage\":{\"@id\":\"https:\\\/\\\/www.ip.gov.py\\\/ip\\\/2021\\\/12\\\/07\\\/francia-se-prepara-para-vacunar-contra-el-coronavirus-a-todos-los-menores-de-12-anos\\\/#primaryimage\"},\"image\":{\"@id\":\"https:\\\/\\\/www.ip.gov.py\\\/ip\\\/2021\\\/12\\\/07\\\/francia-se-prepara-para-vacunar-contra-el-coronavirus-a-todos-los-menores-de-12-anos\\\/#primaryimage\"},\"thumbnailUrl\":\"https:\\\/\\\/www.ip.gov.py\\\/ip\\\/wp-content\\\/uploads\\\/2021\\\/12\\\/Francia.webp\",\"datePublished\":\"2021-12-07T13:00:42+00:00\",\"breadcrumb\":{\"@id\":\"https:\\\/\\\/www.ip.gov.py\\\/ip\\\/2021\\\/12\\\/07\\\/francia-se-prepara-para-vacunar-contra-el-coronavirus-a-todos-los-menores-de-12-anos\\\/#breadcrumb\"},\"inLanguage\":\"es\",\"potentialAction\":[{\"@type\":\"ReadAction\",\"target\":[\"https:\\\/\\\/www.ip.gov.py\\\/ip\\\/2021\\\/12\\\/07\\\/francia-se-prepara-para-vacunar-contra-el-coronavirus-a-todos-los-menores-de-12-anos\\\/\"]}]},{\"@type\":\"ImageObject\",\"inLanguage\":\"es\",\"@id\":\"https:\\\/\\\/www.ip.gov.py\\\/ip\\\/2021\\\/12\\\/07\\\/francia-se-prepara-para-vacunar-contra-el-coronavirus-a-todos-los-menores-de-12-anos\\\/#primaryimage\",\"url\":\"https:\\\/\\\/www.ip.gov.py\\\/ip\\\/wp-content\\\/uploads\\\/2021\\\/12\\\/Francia.webp\",\"contentUrl\":\"https:\\\/\\\/www.ip.gov.py\\\/ip\\\/wp-content\\\/uploads\\\/2021\\\/12\\\/Francia.webp\",\"width\":768,\"height\":512,\"caption\":\"Efe\"},{\"@type\":\"BreadcrumbList\",\"@id\":\"https:\\\/\\\/www.ip.gov.py\\\/ip\\\/2021\\\/12\\\/07\\\/francia-se-prepara-para-vacunar-contra-el-coronavirus-a-todos-los-menores-de-12-anos\\\/#breadcrumb\",\"itemListElement\":[{\"@type\":\"ListItem\",\"position\":1,\"name\":\"Portada\",\"item\":\"https:\\\/\\\/www.ip.gov.py\\\/ip\\\/\"},{\"@type\":\"ListItem\",\"position\":2,\"name\":\"Francia se prepara para vacunar contra el coronavirus a todos los menores de 12 a\u00f1os\"}]},{\"@type\":\"WebSite\",\"@id\":\"https:\\\/\\\/www.ip.gov.py\\\/ip\\\/#website\",\"url\":\"https:\\\/\\\/www.ip.gov.py\\\/ip\\\/\",\"name\":\".::Agencia IP::.\",\"description\":\"\",\"publisher\":{\"@id\":\"https:\\\/\\\/www.ip.gov.py\\\/ip\\\/#organization\"},\"potentialAction\":[{\"@type\":\"SearchAction\",\"target\":{\"@type\":\"EntryPoint\",\"urlTemplate\":\"https:\\\/\\\/www.ip.gov.py\\\/ip\\\/?s={search_term_string}\"},\"query-input\":{\"@type\":\"PropertyValueSpecification\",\"valueRequired\":true,\"valueName\":\"search_term_string\"}}],\"inLanguage\":\"es\"},{\"@type\":\"Organization\",\"@id\":\"https:\\\/\\\/www.ip.gov.py\\\/ip\\\/#organization\",\"name\":\"Agencia IP\",\"url\":\"https:\\\/\\\/www.ip.gov.py\\\/ip\\\/\",\"logo\":{\"@type\":\"ImageObject\",\"inLanguage\":\"es\",\"@id\":\"https:\\\/\\\/www.ip.gov.py\\\/ip\\\/#\\\/schema\\\/logo\\\/image\\\/\",\"url\":\"https:\\\/\\\/www.ip.gov.py\\\/ip\\\/wp-content\\\/uploads\\\/2018\\\/01\\\/Agencia-IP.jpg\",\"contentUrl\":\"https:\\\/\\\/www.ip.gov.py\\\/ip\\\/wp-content\\\/uploads\\\/2018\\\/01\\\/Agencia-IP.jpg\",\"width\":150,\"height\":150,\"caption\":\"Agencia IP\"},\"image\":{\"@id\":\"https:\\\/\\\/www.ip.gov.py\\\/ip\\\/#\\\/schema\\\/logo\\\/image\\\/\"},\"sameAs\":[\"https:\\\/\\\/www.facebook.com\\\/IPParaguay\\\/\",\"https:\\\/\\\/x.com\\\/IPParaguay\",\"https:\\\/\\\/www.instagram.com\\\/IPParaguay\"]},{\"@type\":\"Person\",\"@id\":\"https:\\\/\\\/www.ip.gov.py\\\/ip\\\/#\\\/schema\\\/person\\\/fa3668852e893cb0423795330f919039\",\"name\":\"vrios\",\"url\":\"https:\\\/\\\/www.ip.gov.py\\\/ip\\\/author\\\/vrios\\\/\"}]}<\/script>\n<!-- \/ Yoast SEO plugin. -->","yoast_head_json":{"title":"Francia se prepara para vacunar contra el coronavirus a todos los menores de 12 a\u00f1os - .::Agencia IP::.","robots":{"index":"index","follow":"follow","max-snippet":"max-snippet:-1","max-image-preview":"max-image-preview:large","max-video-preview":"max-video-preview:-1"},"canonical":"https:\/\/www.ip.gov.py\/ip\/2021\/12\/07\/francia-se-prepara-para-vacunar-contra-el-coronavirus-a-todos-los-menores-de-12-anos\/","og_locale":"es_ES","og_type":"article","og_title":"Francia se prepara para vacunar contra el coronavirus a todos los menores de 12 a\u00f1os - .::Agencia IP::.","og_description":"Par\u00eds.-El portavoz del Gobierno franc\u00e9s, Gabriel Attal, explic\u00f3 este martes que se est\u00e1 poniendo en marcha toda la organizaci\u00f3n para que los ni\u00f1os de 5 a 11 a\u00f1os puedan inmunizarse contra el COVID-19 en los centros de vacunaci\u00f3n a partir del pr\u00f3ximo 20 de diciembre.","og_url":"https:\/\/www.ip.gov.py\/ip\/2021\/12\/07\/francia-se-prepara-para-vacunar-contra-el-coronavirus-a-todos-los-menores-de-12-anos\/","og_site_name":".::Agencia IP::.","article_publisher":"https:\/\/www.facebook.com\/IPParaguay\/","article_published_time":"2021-12-07T13:00:42+00:00","og_image":[{"width":768,"height":512,"url":"https:\/\/www.ip.gov.py\/ip\/wp-content\/uploads\/2021\/12\/Francia.webp","type":"image\/webp"}],"author":"vrios","twitter_card":"summary_large_image","twitter_creator":"@IPParaguay","twitter_site":"@IPParaguay","twitter_misc":{"Escrito por":"vrios","Tiempo de lectura":"3 minutos"},"schema":{"@context":"https:\/\/schema.org","@graph":[{"@type":"Article","@id":"https:\/\/www.ip.gov.py\/ip\/2021\/12\/07\/francia-se-prepara-para-vacunar-contra-el-coronavirus-a-todos-los-menores-de-12-anos\/#article","isPartOf":{"@id":"https:\/\/www.ip.gov.py\/ip\/2021\/12\/07\/francia-se-prepara-para-vacunar-contra-el-coronavirus-a-todos-los-menores-de-12-anos\/"},"author":{"name":"vrios","@id":"https:\/\/www.ip.gov.py\/ip\/#\/schema\/person\/fa3668852e893cb0423795330f919039"},"headline":"Francia se prepara para vacunar contra el coronavirus a todos los menores de 12 a\u00f1os","datePublished":"2021-12-07T13:00:42+00:00","mainEntityOfPage":{"@id":"https:\/\/www.ip.gov.py\/ip\/2021\/12\/07\/francia-se-prepara-para-vacunar-contra-el-coronavirus-a-todos-los-menores-de-12-anos\/"},"wordCount":545,"publisher":{"@id":"https:\/\/www.ip.gov.py\/ip\/#organization"},"image":{"@id":"https:\/\/www.ip.gov.py\/ip\/2021\/12\/07\/francia-se-prepara-para-vacunar-contra-el-coronavirus-a-todos-los-menores-de-12-anos\/#primaryimage"},"thumbnailUrl":"https:\/\/www.ip.gov.py\/ip\/wp-content\/uploads\/2021\/12\/Francia.webp","keywords":["covid-19","Francia","Menores","pandemia","Vacunaci\u00f3n"],"articleSection":["Internacionales"],"inLanguage":"es"},{"@type":"WebPage","@id":"https:\/\/www.ip.gov.py\/ip\/2021\/12\/07\/francia-se-prepara-para-vacunar-contra-el-coronavirus-a-todos-los-menores-de-12-anos\/","url":"https:\/\/www.ip.gov.py\/ip\/2021\/12\/07\/francia-se-prepara-para-vacunar-contra-el-coronavirus-a-todos-los-menores-de-12-anos\/","name":"Francia se prepara para vacunar contra el coronavirus a todos los menores de 12 a\u00f1os - .::Agencia IP::.","isPartOf":{"@id":"https:\/\/www.ip.gov.py\/ip\/#website"},"primaryImageOfPage":{"@id":"https:\/\/www.ip.gov.py\/ip\/2021\/12\/07\/francia-se-prepara-para-vacunar-contra-el-coronavirus-a-todos-los-menores-de-12-anos\/#primaryimage"},"image":{"@id":"https:\/\/www.ip.gov.py\/ip\/2021\/12\/07\/francia-se-prepara-para-vacunar-contra-el-coronavirus-a-todos-los-menores-de-12-anos\/#primaryimage"},"thumbnailUrl":"https:\/\/www.ip.gov.py\/ip\/wp-content\/uploads\/2021\/12\/Francia.webp","datePublished":"2021-12-07T13:00:42+00:00","breadcrumb":{"@id":"https:\/\/www.ip.gov.py\/ip\/2021\/12\/07\/francia-se-prepara-para-vacunar-contra-el-coronavirus-a-todos-los-menores-de-12-anos\/#breadcrumb"},"inLanguage":"es","potentialAction":[{"@type":"ReadAction","target":["https:\/\/www.ip.gov.py\/ip\/2021\/12\/07\/francia-se-prepara-para-vacunar-contra-el-coronavirus-a-todos-los-menores-de-12-anos\/"]}]},{"@type":"ImageObject","inLanguage":"es","@id":"https:\/\/www.ip.gov.py\/ip\/2021\/12\/07\/francia-se-prepara-para-vacunar-contra-el-coronavirus-a-todos-los-menores-de-12-anos\/#primaryimage","url":"https:\/\/www.ip.gov.py\/ip\/wp-content\/uploads\/2021\/12\/Francia.webp","contentUrl":"https:\/\/www.ip.gov.py\/ip\/wp-content\/uploads\/2021\/12\/Francia.webp","width":768,"height":512,"caption":"Efe"},{"@type":"BreadcrumbList","@id":"https:\/\/www.ip.gov.py\/ip\/2021\/12\/07\/francia-se-prepara-para-vacunar-contra-el-coronavirus-a-todos-los-menores-de-12-anos\/#breadcrumb","itemListElement":[{"@type":"ListItem","position":1,"name":"Portada","item":"https:\/\/www.ip.gov.py\/ip\/"},{"@type":"ListItem","position":2,"name":"Francia se prepara para vacunar contra el coronavirus a todos los menores de 12 a\u00f1os"}]},{"@type":"WebSite","@id":"https:\/\/www.ip.gov.py\/ip\/#website","url":"https:\/\/www.ip.gov.py\/ip\/","name":".::Agencia IP::.","description":"","publisher":{"@id":"https:\/\/www.ip.gov.py\/ip\/#organization"},"potentialAction":[{"@type":"SearchAction","target":{"@type":"EntryPoint","urlTemplate":"https:\/\/www.ip.gov.py\/ip\/?s={search_term_string}"},"query-input":{"@type":"PropertyValueSpecification","valueRequired":true,"valueName":"search_term_string"}}],"inLanguage":"es"},{"@type":"Organization","@id":"https:\/\/www.ip.gov.py\/ip\/#organization","name":"Agencia IP","url":"https:\/\/www.ip.gov.py\/ip\/","logo":{"@type":"ImageObject","inLanguage":"es","@id":"https:\/\/www.ip.gov.py\/ip\/#\/schema\/logo\/image\/","url":"https:\/\/www.ip.gov.py\/ip\/wp-content\/uploads\/2018\/01\/Agencia-IP.jpg","contentUrl":"https:\/\/www.ip.gov.py\/ip\/wp-content\/uploads\/2018\/01\/Agencia-IP.jpg","width":150,"height":150,"caption":"Agencia IP"},"image":{"@id":"https:\/\/www.ip.gov.py\/ip\/#\/schema\/logo\/image\/"},"sameAs":["https:\/\/www.facebook.com\/IPParaguay\/","https:\/\/x.com\/IPParaguay","https:\/\/www.instagram.com\/IPParaguay"]},{"@type":"Person","@id":"https:\/\/www.ip.gov.py\/ip\/#\/schema\/person\/fa3668852e893cb0423795330f919039","name":"vrios","url":"https:\/\/www.ip.gov.py\/ip\/author\/vrios\/"}]}},"_links":{"self":[{"href":"https:\/\/www.ip.gov.py\/ip\/wp-json\/wp\/v2\/posts\/395606","targetHints":{"allow":["GET"]}}],"collection":[{"href":"https:\/\/www.ip.gov.py\/ip\/wp-json\/wp\/v2\/posts"}],"about":[{"href":"https:\/\/www.ip.gov.py\/ip\/wp-json\/wp\/v2\/types\/post"}],"author":[{"embeddable":true,"href":"https:\/\/www.ip.gov.py\/ip\/wp-json\/wp\/v2\/users\/11"}],"replies":[{"embeddable":true,"href":"https:\/\/www.ip.gov.py\/ip\/wp-json\/wp\/v2\/comments?post=395606"}],"version-history":[{"count":0,"href":"https:\/\/www.ip.gov.py\/ip\/wp-json\/wp\/v2\/posts\/395606\/revisions"}],"wp:featuredmedia":[{"embeddable":true,"href":"https:\/\/www.ip.gov.py\/ip\/wp-json\/wp\/v2\/media\/395607"}],"wp:attachment":[{"href":"https:\/\/www.ip.gov.py\/ip\/wp-json\/wp\/v2\/media?parent=395606"}],"wp:term":[{"taxonomy":"category","embeddable":true,"href":"https:\/\/www.ip.gov.py\/ip\/wp-json\/wp\/v2\/categories?post=395606"},{"taxonomy":"post_tag","embeddable":true,"href":"https:\/\/www.ip.gov.py\/ip\/wp-json\/wp\/v2\/tags?post=395606"}],"curies":[{"name":"wp","href":"https:\/\/api.w.org\/{rel}","templated":true}]}}