{"id":395904,"date":"2021-12-10T07:27:12","date_gmt":"2021-12-10T10:27:12","guid":{"rendered":"https:\/\/www.ip.gov.py\/ip\/?p=395904"},"modified":"2021-12-10T07:27:12","modified_gmt":"2021-12-10T10:27:12","slug":"gremio-de-mathias-villasanti-descendio-en-brasil","status":"publish","type":"post","link":"https:\/\/www.ip.gov.py\/ip\/2021\/12\/10\/gremio-de-mathias-villasanti-descendio-en-brasil\/","title":{"rendered":"Gremio de Mathias Villasanti descendi\u00f3 en Brasil"},"content":{"rendered":"<p style=\"text-align: justify;\"><em><strong>Porto Alegre.-<\/strong><\/em>El equipo de Porto Alegre cay\u00f3 a la Serie B pese al 4 a 2 a Atl\u00e9tico Mineiro. Pero el triunfo de Juventude ante Corinthians lo dej\u00f3 sin chances. Tambi\u00e9n cay\u00f3 Bah\u00eda.<!--more--><\/p>\n<p style=\"text-align: justify;\">Gremio descendi\u00f3 a la Serie B por tercera vez en su historia. Ya hab\u00eda ca\u00eddo en 1991 y 2004 y esta vez el campe\u00f3n de la Copa Libertadores 2017, torneo en el que venci\u00f3 a Lan\u00fas en la final, cay\u00f3 pese a golear al campe\u00f3n del Brasileirao, Atl\u00e9tico Mineiro, por 3 a 1.<\/p>\n<p style=\"text-align: justify;\">No le alcanz\u00f3 porque adem\u00e1s de vencer su partido, necesitaba las derrotas de Juventude ante Corinthians y de Bah\u00eda frente a Fortaleza. Y el primero de estos equipos gan\u00f3 ante el Timao y el segundo cay\u00f3 2 a 1 de visitante.<\/p>\n<p style=\"text-align: justify;\">Gremio tuvo un arranque arrasador ante el Galo. A los 20 minutos ya ganaba 2 a 0 por el doblete de Diego Souza y el tanto de Campaz. Pero baj\u00f3 la guardia cuando cerca de los 24 minutos lleg\u00f3 la noticia del gol de Rodriguinho para Bahia. Entonces, Atl\u00e9tico descont\u00f3 por Dodo y el chileno Vargas. Antes del final del primer tiempo, Thiago Santos y Rapinha, ambos del equipo de Porto Alegre, discutieron de mala manera, con empujones<\/p>\n<p style=\"text-align: justify;\">El 4 a 2 fue de Douglas Costa, a los 13 minutos. Pero los 27.000 hinchas en el estadio segu\u00edan pendientes de lo que pasaba en los otros estadios. Primero lleg\u00f3 el gol de Fortaleza: 2 a 1 a Bah\u00eda. Entonces, s\u00f3lo faltaba el de Corinthians para el milagro. Hasta que la informaci\u00f3n peg\u00f3 fuerte: gol de penal de Juventude, ya no habr\u00eda milagro. Sobre el final, Hyoran descont\u00f3 para el Galo. Nada cambiaba&#8230;<\/p>\n<p style=\"text-align: justify;\">Por eso, Bah\u00eda, equipo que en la temporada fue dirigido por el argentino Diego Dabove (ahora en Banfield), acompa\u00f1ar\u00e1 a Gremio en la ca\u00edda a la Serie B. Walter Kannemann es parte del plantel ga\u00facho, pero no jug\u00f3 ante Atl\u00e9tico Mineiro.<\/p>\n<p style=\"text-align: justify;\">Al finalizar el partido, la torcida de Gremio insult\u00f3 al presidente Romildo Bolzan.Ol\u00e9.<\/p>\n<p style=\"text-align: justify;\">\n","protected":false},"excerpt":{"rendered":"<p>Porto Alegre.-El equipo de Porto Alegre cay\u00f3 a la Serie B pese al 4 a 2 a Atl\u00e9tico Mineiro. Pero el triunfo de Juventude ante Corinthians lo dej\u00f3 sin chances. Tambi\u00e9n cay\u00f3 Bah\u00eda.<\/p>\n","protected":false},"author":11,"featured_media":395908,"comment_status":"closed","ping_status":"closed","sticky":false,"template":"","format":"standard","meta":{"_monsterinsights_skip_tracking":false,"_monsterinsights_sitenote_active":false,"_monsterinsights_sitenote_note":"","_monsterinsights_sitenote_category":0,"footnotes":""},"categories":[8],"tags":[335,5171,2696,5964,9960],"class_list":{"0":"post-395904","1":"post","2":"type-post","3":"status-publish","4":"format-standard","5":"has-post-thumbnail","7":"category-deportes","8":"tag-brasil","9":"tag-descenso","10":"tag-gremio","11":"tag-paraguayo","12":"tag-villasanti"},"yoast_head":"<!-- This site is optimized with the Yoast SEO plugin v27.4 - https:\/\/yoast.com\/product\/yoast-seo-wordpress\/ -->\n<title>Gremio de Mathias Villasanti descendi\u00f3 en Brasil - .::Agencia IP::.<\/title>\n<meta name=\"robots\" content=\"index, follow, max-snippet:-1, max-image-preview:large, max-video-preview:-1\" \/>\n<link rel=\"canonical\" href=\"https:\/\/www.ip.gov.py\/ip\/2021\/12\/10\/gremio-de-mathias-villasanti-descendio-en-brasil\/\" \/>\n<meta property=\"og:locale\" content=\"es_ES\" \/>\n<meta property=\"og:type\" content=\"article\" \/>\n<meta property=\"og:title\" content=\"Gremio de Mathias Villasanti descendi\u00f3 en Brasil - .::Agencia IP::.\" \/>\n<meta property=\"og:description\" content=\"Porto Alegre.-El equipo de Porto Alegre cay\u00f3 a la Serie B pese al 4 a 2 a Atl\u00e9tico Mineiro. Pero el triunfo de Juventude ante Corinthians lo dej\u00f3 sin chances. Tambi\u00e9n cay\u00f3 Bah\u00eda.\" \/>\n<meta property=\"og:url\" content=\"https:\/\/www.ip.gov.py\/ip\/2021\/12\/10\/gremio-de-mathias-villasanti-descendio-en-brasil\/\" \/>\n<meta property=\"og:site_name\" content=\".::Agencia IP::.\" \/>\n<meta property=\"article:publisher\" content=\"https:\/\/www.facebook.com\/IPParaguay\/\" \/>\n<meta property=\"article:published_time\" content=\"2021-12-10T10:27:12+00:00\" \/>\n<meta property=\"og:image\" content=\"https:\/\/www.ip.gov.py\/ip\/wp-content\/uploads\/2021\/12\/Gremio.jpg\" \/>\n\t<meta property=\"og:image:width\" content=\"659\" \/>\n\t<meta property=\"og:image:height\" content=\"495\" \/>\n\t<meta property=\"og:image:type\" content=\"image\/jpeg\" \/>\n<meta name=\"author\" content=\"vrios\" \/>\n<meta name=\"twitter:card\" content=\"summary_large_image\" \/>\n<meta name=\"twitter:creator\" content=\"@IPParaguay\" \/>\n<meta name=\"twitter:site\" content=\"@IPParaguay\" \/>\n<meta name=\"twitter:label1\" content=\"Escrito por\" \/>\n\t<meta name=\"twitter:data1\" content=\"vrios\" \/>\n\t<meta name=\"twitter:label2\" content=\"Tiempo de lectura\" \/>\n\t<meta name=\"twitter:data2\" content=\"2 minutos\" \/>\n<script type=\"application\/ld+json\" class=\"yoast-schema-graph\">{\"@context\":\"https:\\\/\\\/schema.org\",\"@graph\":[{\"@type\":\"Article\",\"@id\":\"https:\\\/\\\/www.ip.gov.py\\\/ip\\\/2021\\\/12\\\/10\\\/gremio-de-mathias-villasanti-descendio-en-brasil\\\/#article\",\"isPartOf\":{\"@id\":\"https:\\\/\\\/www.ip.gov.py\\\/ip\\\/2021\\\/12\\\/10\\\/gremio-de-mathias-villasanti-descendio-en-brasil\\\/\"},\"author\":{\"name\":\"vrios\",\"@id\":\"https:\\\/\\\/www.ip.gov.py\\\/ip\\\/#\\\/schema\\\/person\\\/fa3668852e893cb0423795330f919039\"},\"headline\":\"Gremio de Mathias Villasanti descendi\u00f3 en Brasil\",\"datePublished\":\"2021-12-10T10:27:12+00:00\",\"mainEntityOfPage\":{\"@id\":\"https:\\\/\\\/www.ip.gov.py\\\/ip\\\/2021\\\/12\\\/10\\\/gremio-de-mathias-villasanti-descendio-en-brasil\\\/\"},\"wordCount\":346,\"publisher\":{\"@id\":\"https:\\\/\\\/www.ip.gov.py\\\/ip\\\/#organization\"},\"image\":{\"@id\":\"https:\\\/\\\/www.ip.gov.py\\\/ip\\\/2021\\\/12\\\/10\\\/gremio-de-mathias-villasanti-descendio-en-brasil\\\/#primaryimage\"},\"thumbnailUrl\":\"https:\\\/\\\/www.ip.gov.py\\\/ip\\\/wp-content\\\/uploads\\\/2021\\\/12\\\/Gremio.jpg\",\"keywords\":[\"Brasil\",\"Descenso\",\"Gremio\",\"Paraguayo\",\"Villasanti\"],\"articleSection\":[\"Deportes\"],\"inLanguage\":\"es\"},{\"@type\":\"WebPage\",\"@id\":\"https:\\\/\\\/www.ip.gov.py\\\/ip\\\/2021\\\/12\\\/10\\\/gremio-de-mathias-villasanti-descendio-en-brasil\\\/\",\"url\":\"https:\\\/\\\/www.ip.gov.py\\\/ip\\\/2021\\\/12\\\/10\\\/gremio-de-mathias-villasanti-descendio-en-brasil\\\/\",\"name\":\"Gremio de Mathias Villasanti descendi\u00f3 en Brasil - .::Agencia IP::.\",\"isPartOf\":{\"@id\":\"https:\\\/\\\/www.ip.gov.py\\\/ip\\\/#website\"},\"primaryImageOfPage\":{\"@id\":\"https:\\\/\\\/www.ip.gov.py\\\/ip\\\/2021\\\/12\\\/10\\\/gremio-de-mathias-villasanti-descendio-en-brasil\\\/#primaryimage\"},\"image\":{\"@id\":\"https:\\\/\\\/www.ip.gov.py\\\/ip\\\/2021\\\/12\\\/10\\\/gremio-de-mathias-villasanti-descendio-en-brasil\\\/#primaryimage\"},\"thumbnailUrl\":\"https:\\\/\\\/www.ip.gov.py\\\/ip\\\/wp-content\\\/uploads\\\/2021\\\/12\\\/Gremio.jpg\",\"datePublished\":\"2021-12-10T10:27:12+00:00\",\"breadcrumb\":{\"@id\":\"https:\\\/\\\/www.ip.gov.py\\\/ip\\\/2021\\\/12\\\/10\\\/gremio-de-mathias-villasanti-descendio-en-brasil\\\/#breadcrumb\"},\"inLanguage\":\"es\",\"potentialAction\":[{\"@type\":\"ReadAction\",\"target\":[\"https:\\\/\\\/www.ip.gov.py\\\/ip\\\/2021\\\/12\\\/10\\\/gremio-de-mathias-villasanti-descendio-en-brasil\\\/\"]}]},{\"@type\":\"ImageObject\",\"inLanguage\":\"es\",\"@id\":\"https:\\\/\\\/www.ip.gov.py\\\/ip\\\/2021\\\/12\\\/10\\\/gremio-de-mathias-villasanti-descendio-en-brasil\\\/#primaryimage\",\"url\":\"https:\\\/\\\/www.ip.gov.py\\\/ip\\\/wp-content\\\/uploads\\\/2021\\\/12\\\/Gremio.jpg\",\"contentUrl\":\"https:\\\/\\\/www.ip.gov.py\\\/ip\\\/wp-content\\\/uploads\\\/2021\\\/12\\\/Gremio.jpg\",\"width\":659,\"height\":495,\"caption\":\"ABC\"},{\"@type\":\"BreadcrumbList\",\"@id\":\"https:\\\/\\\/www.ip.gov.py\\\/ip\\\/2021\\\/12\\\/10\\\/gremio-de-mathias-villasanti-descendio-en-brasil\\\/#breadcrumb\",\"itemListElement\":[{\"@type\":\"ListItem\",\"position\":1,\"name\":\"Portada\",\"item\":\"https:\\\/\\\/www.ip.gov.py\\\/ip\\\/\"},{\"@type\":\"ListItem\",\"position\":2,\"name\":\"Gremio de Mathias Villasanti descendi\u00f3 en Brasil\"}]},{\"@type\":\"WebSite\",\"@id\":\"https:\\\/\\\/www.ip.gov.py\\\/ip\\\/#website\",\"url\":\"https:\\\/\\\/www.ip.gov.py\\\/ip\\\/\",\"name\":\".::Agencia IP::.\",\"description\":\"\",\"publisher\":{\"@id\":\"https:\\\/\\\/www.ip.gov.py\\\/ip\\\/#organization\"},\"potentialAction\":[{\"@type\":\"SearchAction\",\"target\":{\"@type\":\"EntryPoint\",\"urlTemplate\":\"https:\\\/\\\/www.ip.gov.py\\\/ip\\\/?s={search_term_string}\"},\"query-input\":{\"@type\":\"PropertyValueSpecification\",\"valueRequired\":true,\"valueName\":\"search_term_string\"}}],\"inLanguage\":\"es\"},{\"@type\":\"Organization\",\"@id\":\"https:\\\/\\\/www.ip.gov.py\\\/ip\\\/#organization\",\"name\":\"Agencia IP\",\"url\":\"https:\\\/\\\/www.ip.gov.py\\\/ip\\\/\",\"logo\":{\"@type\":\"ImageObject\",\"inLanguage\":\"es\",\"@id\":\"https:\\\/\\\/www.ip.gov.py\\\/ip\\\/#\\\/schema\\\/logo\\\/image\\\/\",\"url\":\"https:\\\/\\\/www.ip.gov.py\\\/ip\\\/wp-content\\\/uploads\\\/2018\\\/01\\\/Agencia-IP.jpg\",\"contentUrl\":\"https:\\\/\\\/www.ip.gov.py\\\/ip\\\/wp-content\\\/uploads\\\/2018\\\/01\\\/Agencia-IP.jpg\",\"width\":150,\"height\":150,\"caption\":\"Agencia IP\"},\"image\":{\"@id\":\"https:\\\/\\\/www.ip.gov.py\\\/ip\\\/#\\\/schema\\\/logo\\\/image\\\/\"},\"sameAs\":[\"https:\\\/\\\/www.facebook.com\\\/IPParaguay\\\/\",\"https:\\\/\\\/x.com\\\/IPParaguay\",\"https:\\\/\\\/www.instagram.com\\\/IPParaguay\"]},{\"@type\":\"Person\",\"@id\":\"https:\\\/\\\/www.ip.gov.py\\\/ip\\\/#\\\/schema\\\/person\\\/fa3668852e893cb0423795330f919039\",\"name\":\"vrios\",\"url\":\"https:\\\/\\\/www.ip.gov.py\\\/ip\\\/author\\\/vrios\\\/\"}]}<\/script>\n<!-- \/ Yoast SEO plugin. -->","yoast_head_json":{"title":"Gremio de Mathias Villasanti descendi\u00f3 en Brasil - .::Agencia IP::.","robots":{"index":"index","follow":"follow","max-snippet":"max-snippet:-1","max-image-preview":"max-image-preview:large","max-video-preview":"max-video-preview:-1"},"canonical":"https:\/\/www.ip.gov.py\/ip\/2021\/12\/10\/gremio-de-mathias-villasanti-descendio-en-brasil\/","og_locale":"es_ES","og_type":"article","og_title":"Gremio de Mathias Villasanti descendi\u00f3 en Brasil - .::Agencia IP::.","og_description":"Porto Alegre.-El equipo de Porto Alegre cay\u00f3 a la Serie B pese al 4 a 2 a Atl\u00e9tico Mineiro. Pero el triunfo de Juventude ante Corinthians lo dej\u00f3 sin chances. Tambi\u00e9n cay\u00f3 Bah\u00eda.","og_url":"https:\/\/www.ip.gov.py\/ip\/2021\/12\/10\/gremio-de-mathias-villasanti-descendio-en-brasil\/","og_site_name":".::Agencia IP::.","article_publisher":"https:\/\/www.facebook.com\/IPParaguay\/","article_published_time":"2021-12-10T10:27:12+00:00","og_image":[{"width":659,"height":495,"url":"https:\/\/www.ip.gov.py\/ip\/wp-content\/uploads\/2021\/12\/Gremio.jpg","type":"image\/jpeg"}],"author":"vrios","twitter_card":"summary_large_image","twitter_creator":"@IPParaguay","twitter_site":"@IPParaguay","twitter_misc":{"Escrito por":"vrios","Tiempo de lectura":"2 minutos"},"schema":{"@context":"https:\/\/schema.org","@graph":[{"@type":"Article","@id":"https:\/\/www.ip.gov.py\/ip\/2021\/12\/10\/gremio-de-mathias-villasanti-descendio-en-brasil\/#article","isPartOf":{"@id":"https:\/\/www.ip.gov.py\/ip\/2021\/12\/10\/gremio-de-mathias-villasanti-descendio-en-brasil\/"},"author":{"name":"vrios","@id":"https:\/\/www.ip.gov.py\/ip\/#\/schema\/person\/fa3668852e893cb0423795330f919039"},"headline":"Gremio de Mathias Villasanti descendi\u00f3 en Brasil","datePublished":"2021-12-10T10:27:12+00:00","mainEntityOfPage":{"@id":"https:\/\/www.ip.gov.py\/ip\/2021\/12\/10\/gremio-de-mathias-villasanti-descendio-en-brasil\/"},"wordCount":346,"publisher":{"@id":"https:\/\/www.ip.gov.py\/ip\/#organization"},"image":{"@id":"https:\/\/www.ip.gov.py\/ip\/2021\/12\/10\/gremio-de-mathias-villasanti-descendio-en-brasil\/#primaryimage"},"thumbnailUrl":"https:\/\/www.ip.gov.py\/ip\/wp-content\/uploads\/2021\/12\/Gremio.jpg","keywords":["Brasil","Descenso","Gremio","Paraguayo","Villasanti"],"articleSection":["Deportes"],"inLanguage":"es"},{"@type":"WebPage","@id":"https:\/\/www.ip.gov.py\/ip\/2021\/12\/10\/gremio-de-mathias-villasanti-descendio-en-brasil\/","url":"https:\/\/www.ip.gov.py\/ip\/2021\/12\/10\/gremio-de-mathias-villasanti-descendio-en-brasil\/","name":"Gremio de Mathias Villasanti descendi\u00f3 en Brasil - .::Agencia IP::.","isPartOf":{"@id":"https:\/\/www.ip.gov.py\/ip\/#website"},"primaryImageOfPage":{"@id":"https:\/\/www.ip.gov.py\/ip\/2021\/12\/10\/gremio-de-mathias-villasanti-descendio-en-brasil\/#primaryimage"},"image":{"@id":"https:\/\/www.ip.gov.py\/ip\/2021\/12\/10\/gremio-de-mathias-villasanti-descendio-en-brasil\/#primaryimage"},"thumbnailUrl":"https:\/\/www.ip.gov.py\/ip\/wp-content\/uploads\/2021\/12\/Gremio.jpg","datePublished":"2021-12-10T10:27:12+00:00","breadcrumb":{"@id":"https:\/\/www.ip.gov.py\/ip\/2021\/12\/10\/gremio-de-mathias-villasanti-descendio-en-brasil\/#breadcrumb"},"inLanguage":"es","potentialAction":[{"@type":"ReadAction","target":["https:\/\/www.ip.gov.py\/ip\/2021\/12\/10\/gremio-de-mathias-villasanti-descendio-en-brasil\/"]}]},{"@type":"ImageObject","inLanguage":"es","@id":"https:\/\/www.ip.gov.py\/ip\/2021\/12\/10\/gremio-de-mathias-villasanti-descendio-en-brasil\/#primaryimage","url":"https:\/\/www.ip.gov.py\/ip\/wp-content\/uploads\/2021\/12\/Gremio.jpg","contentUrl":"https:\/\/www.ip.gov.py\/ip\/wp-content\/uploads\/2021\/12\/Gremio.jpg","width":659,"height":495,"caption":"ABC"},{"@type":"BreadcrumbList","@id":"https:\/\/www.ip.gov.py\/ip\/2021\/12\/10\/gremio-de-mathias-villasanti-descendio-en-brasil\/#breadcrumb","itemListElement":[{"@type":"ListItem","position":1,"name":"Portada","item":"https:\/\/www.ip.gov.py\/ip\/"},{"@type":"ListItem","position":2,"name":"Gremio de Mathias Villasanti descendi\u00f3 en Brasil"}]},{"@type":"WebSite","@id":"https:\/\/www.ip.gov.py\/ip\/#website","url":"https:\/\/www.ip.gov.py\/ip\/","name":".::Agencia IP::.","description":"","publisher":{"@id":"https:\/\/www.ip.gov.py\/ip\/#organization"},"potentialAction":[{"@type":"SearchAction","target":{"@type":"EntryPoint","urlTemplate":"https:\/\/www.ip.gov.py\/ip\/?s={search_term_string}"},"query-input":{"@type":"PropertyValueSpecification","valueRequired":true,"valueName":"search_term_string"}}],"inLanguage":"es"},{"@type":"Organization","@id":"https:\/\/www.ip.gov.py\/ip\/#organization","name":"Agencia IP","url":"https:\/\/www.ip.gov.py\/ip\/","logo":{"@type":"ImageObject","inLanguage":"es","@id":"https:\/\/www.ip.gov.py\/ip\/#\/schema\/logo\/image\/","url":"https:\/\/www.ip.gov.py\/ip\/wp-content\/uploads\/2018\/01\/Agencia-IP.jpg","contentUrl":"https:\/\/www.ip.gov.py\/ip\/wp-content\/uploads\/2018\/01\/Agencia-IP.jpg","width":150,"height":150,"caption":"Agencia IP"},"image":{"@id":"https:\/\/www.ip.gov.py\/ip\/#\/schema\/logo\/image\/"},"sameAs":["https:\/\/www.facebook.com\/IPParaguay\/","https:\/\/x.com\/IPParaguay","https:\/\/www.instagram.com\/IPParaguay"]},{"@type":"Person","@id":"https:\/\/www.ip.gov.py\/ip\/#\/schema\/person\/fa3668852e893cb0423795330f919039","name":"vrios","url":"https:\/\/www.ip.gov.py\/ip\/author\/vrios\/"}]}},"_links":{"self":[{"href":"https:\/\/www.ip.gov.py\/ip\/wp-json\/wp\/v2\/posts\/395904","targetHints":{"allow":["GET"]}}],"collection":[{"href":"https:\/\/www.ip.gov.py\/ip\/wp-json\/wp\/v2\/posts"}],"about":[{"href":"https:\/\/www.ip.gov.py\/ip\/wp-json\/wp\/v2\/types\/post"}],"author":[{"embeddable":true,"href":"https:\/\/www.ip.gov.py\/ip\/wp-json\/wp\/v2\/users\/11"}],"replies":[{"embeddable":true,"href":"https:\/\/www.ip.gov.py\/ip\/wp-json\/wp\/v2\/comments?post=395904"}],"version-history":[{"count":0,"href":"https:\/\/www.ip.gov.py\/ip\/wp-json\/wp\/v2\/posts\/395904\/revisions"}],"wp:featuredmedia":[{"embeddable":true,"href":"https:\/\/www.ip.gov.py\/ip\/wp-json\/wp\/v2\/media\/395908"}],"wp:attachment":[{"href":"https:\/\/www.ip.gov.py\/ip\/wp-json\/wp\/v2\/media?parent=395904"}],"wp:term":[{"taxonomy":"category","embeddable":true,"href":"https:\/\/www.ip.gov.py\/ip\/wp-json\/wp\/v2\/categories?post=395904"},{"taxonomy":"post_tag","embeddable":true,"href":"https:\/\/www.ip.gov.py\/ip\/wp-json\/wp\/v2\/tags?post=395904"}],"curies":[{"name":"wp","href":"https:\/\/api.w.org\/{rel}","templated":true}]}}