{"id":396498,"date":"2021-12-15T08:13:46","date_gmt":"2021-12-15T11:13:46","guid":{"rendered":"https:\/\/www.ip.gov.py\/ip\/?p=396498"},"modified":"2021-12-16T06:11:23","modified_gmt":"2021-12-16T09:11:23","slug":"ejecutivo-solicita-que-proyecto-de-compras-publicas-sea-aprobado-este-jueves","status":"publish","type":"post","link":"https:\/\/www.ip.gov.py\/ip\/2021\/12\/15\/ejecutivo-solicita-que-proyecto-de-compras-publicas-sea-aprobado-este-jueves\/","title":{"rendered":"Ejecutivo solicita que proyecto de Compras P\u00fablicas sea aprobado este jueves"},"content":{"rendered":"<p style=\"text-align: justify;\"><em><strong>Asunci\u00f3n, Agencia IP.-<\/strong><\/em> Autoridades del Poder Ejecutivo solicitaron al presidente de la C\u00e1mara de Senadores, \u00d3scar Salom\u00f3n, el tratamiento y aprobaci\u00f3n del proyecto de Ley de Suministros y Compras P\u00fablicas en la sesi\u00f3n ordinaria de este jueves.<!--more--><\/p>\n<p style=\"text-align: justify;\">El ministro de Hacienda, Oscar Llamosas, la ministra de la Secretar\u00eda T\u00e9cnica de Planificaci\u00f3n (STP), Viviana Casco, y el director de Contrataciones P\u00fablicas, Pablo Seitz, acudieron ayer martes a la C\u00e1mara Alta para abogar por la propuesta, inform\u00f3 la cartera Fiscal.<\/p>\n<p style=\"text-align: justify;\">Al t\u00e9rmino del encuentro, el ministro de Hacienda record\u00f3 que el proyecto de Ley fue presentado hace siete meses por el Poder Ejecutivo, con un trabajo de cinco meses en distintas comisiones del Senado como la de Hacienda, Legislaci\u00f3n y Cuentas y Control, llegando finalmente a un consenso sobre los ajustes que se hab\u00edan planteado.<\/p>\n<p style=\"text-align: justify;\">Reiter\u00f3 que realizaron el pedido por la importancia que tiene en el proceso de reformas que apuntan a mejorar la transparencia en la gesti\u00f3n y la calidad del gasto p\u00fablico. Indic\u00f3 que hay expectativas importantes sobre tener un proceso m\u00e1s din\u00e1mico, transparente y que el Estado pueda comprar a mejor precio y calidad.<\/p>\n<p style=\"text-align: justify;\">En otro momento, explic\u00f3 que los organismos internacionales dan cuenta que el proceso de compras pueda otorgar ahorros importantes a trav\u00e9s de la aplicaci\u00f3n de ciertas herramientas como las compras consolidadas. \u201cHoy las entidades compran el mismo bien, de manera independiente y a distintos precios\u201d, asegur\u00f3.<\/p>\n<p style=\"text-align: justify;\">El ministro Llamosas se\u00f1al\u00f3 que con la propuesta se pretende tambi\u00e9n adoptar las mejores pr\u00e1cticas internacionales en busca de generar espacios y ahorros. Se incorpora adem\u00e1s la planificaci\u00f3n de manera a que las entidades puedan definir qu\u00e9, de d\u00f3nde y a qu\u00e9 costo comprar.<\/p>\n","protected":false},"excerpt":{"rendered":"<p>Asunci\u00f3n, Agencia IP.- Autoridades del Poder Ejecutivo solicitaron al presidente de la C\u00e1mara de Senadores, \u00d3scar Salom\u00f3n, el tratamiento y aprobaci\u00f3n del proyecto de Ley de Suministros y Compras P\u00fablicas en la sesi\u00f3n ordinaria de este jueves.<\/p>\n","protected":false},"author":23,"featured_media":391836,"comment_status":"closed","ping_status":"closed","sticky":false,"template":"","format":"standard","meta":{"_monsterinsights_skip_tracking":false,"_monsterinsights_sitenote_active":false,"_monsterinsights_sitenote_note":"","_monsterinsights_sitenote_category":0,"footnotes":""},"categories":[6],"tags":[4981,2690,3139,5676,581,10024],"class_list":{"0":"post-396498","1":"post","2":"type-post","3":"status-publish","4":"format-standard","5":"has-post-thumbnail","7":"category-politica","8":"tag-compras-publicas","9":"tag-congreso-nacional","10":"tag-oscar-llamosas","11":"tag-pablo-seitz","12":"tag-poder-ejecutivo","13":"tag-viviana-casco"},"yoast_head":"<!-- This site is optimized with the Yoast SEO plugin v27.5 - https:\/\/yoast.com\/product\/yoast-seo-wordpress\/ -->\n<title>Ejecutivo solicita que proyecto de Compras P\u00fablicas sea aprobado este jueves - .::Agencia IP::.<\/title>\n<meta name=\"robots\" content=\"index, follow, max-snippet:-1, max-image-preview:large, max-video-preview:-1\" \/>\n<link rel=\"canonical\" href=\"https:\/\/www.ip.gov.py\/ip\/2021\/12\/15\/ejecutivo-solicita-que-proyecto-de-compras-publicas-sea-aprobado-este-jueves\/\" \/>\n<meta property=\"og:locale\" content=\"es_ES\" \/>\n<meta property=\"og:type\" content=\"article\" \/>\n<meta property=\"og:title\" content=\"Ejecutivo solicita que proyecto de Compras P\u00fablicas sea aprobado este jueves - .::Agencia IP::.\" \/>\n<meta property=\"og:description\" content=\"Asunci\u00f3n, Agencia IP.- Autoridades del Poder Ejecutivo solicitaron al presidente de la C\u00e1mara de Senadores, \u00d3scar Salom\u00f3n, el tratamiento y aprobaci\u00f3n del proyecto de Ley de Suministros y Compras P\u00fablicas en la sesi\u00f3n ordinaria de este jueves.\" \/>\n<meta property=\"og:url\" content=\"https:\/\/www.ip.gov.py\/ip\/2021\/12\/15\/ejecutivo-solicita-que-proyecto-de-compras-publicas-sea-aprobado-este-jueves\/\" \/>\n<meta property=\"og:site_name\" content=\".::Agencia IP::.\" \/>\n<meta property=\"article:publisher\" content=\"https:\/\/www.facebook.com\/IPParaguay\/\" \/>\n<meta property=\"article:published_time\" content=\"2021-12-15T11:13:46+00:00\" \/>\n<meta property=\"article:modified_time\" content=\"2021-12-16T09:11:23+00:00\" \/>\n<meta property=\"og:image\" content=\"https:\/\/www.ip.gov.py\/ip\/wp-content\/uploads\/2021\/11\/Oscar-Llamosas-1.jpg\" \/>\n\t<meta property=\"og:image:width\" content=\"2048\" \/>\n\t<meta property=\"og:image:height\" content=\"1441\" \/>\n\t<meta property=\"og:image:type\" content=\"image\/jpeg\" \/>\n<meta name=\"author\" content=\"Noelia Ferreira\" \/>\n<meta name=\"twitter:card\" content=\"summary_large_image\" \/>\n<meta name=\"twitter:creator\" content=\"@IPParaguay\" \/>\n<meta name=\"twitter:site\" content=\"@IPParaguay\" \/>\n<meta name=\"twitter:label1\" content=\"Escrito por\" \/>\n\t<meta name=\"twitter:data1\" content=\"Noelia Ferreira\" \/>\n\t<meta name=\"twitter:label2\" content=\"Tiempo de lectura\" \/>\n\t<meta name=\"twitter:data2\" content=\"2 minutos\" \/>\n<script type=\"application\/ld+json\" class=\"yoast-schema-graph\">{\"@context\":\"https:\\\/\\\/schema.org\",\"@graph\":[{\"@type\":\"Article\",\"@id\":\"https:\\\/\\\/www.ip.gov.py\\\/ip\\\/2021\\\/12\\\/15\\\/ejecutivo-solicita-que-proyecto-de-compras-publicas-sea-aprobado-este-jueves\\\/#article\",\"isPartOf\":{\"@id\":\"https:\\\/\\\/www.ip.gov.py\\\/ip\\\/2021\\\/12\\\/15\\\/ejecutivo-solicita-que-proyecto-de-compras-publicas-sea-aprobado-este-jueves\\\/\"},\"author\":{\"name\":\"Noelia Ferreira\",\"@id\":\"https:\\\/\\\/www.ip.gov.py\\\/ip\\\/#\\\/schema\\\/person\\\/791af27a9219bdbf9064abb776bb41c2\"},\"headline\":\"Ejecutivo solicita que proyecto de Compras P\u00fablicas sea aprobado este jueves\",\"datePublished\":\"2021-12-15T11:13:46+00:00\",\"dateModified\":\"2021-12-16T09:11:23+00:00\",\"mainEntityOfPage\":{\"@id\":\"https:\\\/\\\/www.ip.gov.py\\\/ip\\\/2021\\\/12\\\/15\\\/ejecutivo-solicita-que-proyecto-de-compras-publicas-sea-aprobado-este-jueves\\\/\"},\"wordCount\":315,\"publisher\":{\"@id\":\"https:\\\/\\\/www.ip.gov.py\\\/ip\\\/#organization\"},\"image\":{\"@id\":\"https:\\\/\\\/www.ip.gov.py\\\/ip\\\/2021\\\/12\\\/15\\\/ejecutivo-solicita-que-proyecto-de-compras-publicas-sea-aprobado-este-jueves\\\/#primaryimage\"},\"thumbnailUrl\":\"https:\\\/\\\/www.ip.gov.py\\\/ip\\\/wp-content\\\/uploads\\\/2021\\\/11\\\/Oscar-Llamosas-1.jpg\",\"keywords\":[\"Compras p\u00fablicas\",\"Congreso Nacional\",\"Oscar Llamosas\",\"Pablo Seitz\",\"Poder Ejecutivo\",\"Viviana Casco\"],\"articleSection\":[\"Pol\u00edtica\"],\"inLanguage\":\"es\"},{\"@type\":\"WebPage\",\"@id\":\"https:\\\/\\\/www.ip.gov.py\\\/ip\\\/2021\\\/12\\\/15\\\/ejecutivo-solicita-que-proyecto-de-compras-publicas-sea-aprobado-este-jueves\\\/\",\"url\":\"https:\\\/\\\/www.ip.gov.py\\\/ip\\\/2021\\\/12\\\/15\\\/ejecutivo-solicita-que-proyecto-de-compras-publicas-sea-aprobado-este-jueves\\\/\",\"name\":\"Ejecutivo solicita que proyecto de Compras P\u00fablicas sea aprobado este jueves - .::Agencia IP::.\",\"isPartOf\":{\"@id\":\"https:\\\/\\\/www.ip.gov.py\\\/ip\\\/#website\"},\"primaryImageOfPage\":{\"@id\":\"https:\\\/\\\/www.ip.gov.py\\\/ip\\\/2021\\\/12\\\/15\\\/ejecutivo-solicita-que-proyecto-de-compras-publicas-sea-aprobado-este-jueves\\\/#primaryimage\"},\"image\":{\"@id\":\"https:\\\/\\\/www.ip.gov.py\\\/ip\\\/2021\\\/12\\\/15\\\/ejecutivo-solicita-que-proyecto-de-compras-publicas-sea-aprobado-este-jueves\\\/#primaryimage\"},\"thumbnailUrl\":\"https:\\\/\\\/www.ip.gov.py\\\/ip\\\/wp-content\\\/uploads\\\/2021\\\/11\\\/Oscar-Llamosas-1.jpg\",\"datePublished\":\"2021-12-15T11:13:46+00:00\",\"dateModified\":\"2021-12-16T09:11:23+00:00\",\"breadcrumb\":{\"@id\":\"https:\\\/\\\/www.ip.gov.py\\\/ip\\\/2021\\\/12\\\/15\\\/ejecutivo-solicita-que-proyecto-de-compras-publicas-sea-aprobado-este-jueves\\\/#breadcrumb\"},\"inLanguage\":\"es\",\"potentialAction\":[{\"@type\":\"ReadAction\",\"target\":[\"https:\\\/\\\/www.ip.gov.py\\\/ip\\\/2021\\\/12\\\/15\\\/ejecutivo-solicita-que-proyecto-de-compras-publicas-sea-aprobado-este-jueves\\\/\"]}]},{\"@type\":\"ImageObject\",\"inLanguage\":\"es\",\"@id\":\"https:\\\/\\\/www.ip.gov.py\\\/ip\\\/2021\\\/12\\\/15\\\/ejecutivo-solicita-que-proyecto-de-compras-publicas-sea-aprobado-este-jueves\\\/#primaryimage\",\"url\":\"https:\\\/\\\/www.ip.gov.py\\\/ip\\\/wp-content\\\/uploads\\\/2021\\\/11\\\/Oscar-Llamosas-1.jpg\",\"contentUrl\":\"https:\\\/\\\/www.ip.gov.py\\\/ip\\\/wp-content\\\/uploads\\\/2021\\\/11\\\/Oscar-Llamosas-1.jpg\",\"width\":2048,\"height\":1441,\"caption\":\"El ministro de Hacienda, Oscar Llamosas. Foto: Hacienda\"},{\"@type\":\"BreadcrumbList\",\"@id\":\"https:\\\/\\\/www.ip.gov.py\\\/ip\\\/2021\\\/12\\\/15\\\/ejecutivo-solicita-que-proyecto-de-compras-publicas-sea-aprobado-este-jueves\\\/#breadcrumb\",\"itemListElement\":[{\"@type\":\"ListItem\",\"position\":1,\"name\":\"Portada\",\"item\":\"https:\\\/\\\/www.ip.gov.py\\\/ip\\\/\"},{\"@type\":\"ListItem\",\"position\":2,\"name\":\"Ejecutivo solicita que proyecto de Compras P\u00fablicas sea aprobado este jueves\"}]},{\"@type\":\"WebSite\",\"@id\":\"https:\\\/\\\/www.ip.gov.py\\\/ip\\\/#website\",\"url\":\"https:\\\/\\\/www.ip.gov.py\\\/ip\\\/\",\"name\":\".::Agencia IP::.\",\"description\":\"\",\"publisher\":{\"@id\":\"https:\\\/\\\/www.ip.gov.py\\\/ip\\\/#organization\"},\"potentialAction\":[{\"@type\":\"SearchAction\",\"target\":{\"@type\":\"EntryPoint\",\"urlTemplate\":\"https:\\\/\\\/www.ip.gov.py\\\/ip\\\/?s={search_term_string}\"},\"query-input\":{\"@type\":\"PropertyValueSpecification\",\"valueRequired\":true,\"valueName\":\"search_term_string\"}}],\"inLanguage\":\"es\"},{\"@type\":\"Organization\",\"@id\":\"https:\\\/\\\/www.ip.gov.py\\\/ip\\\/#organization\",\"name\":\"Agencia IP\",\"url\":\"https:\\\/\\\/www.ip.gov.py\\\/ip\\\/\",\"logo\":{\"@type\":\"ImageObject\",\"inLanguage\":\"es\",\"@id\":\"https:\\\/\\\/www.ip.gov.py\\\/ip\\\/#\\\/schema\\\/logo\\\/image\\\/\",\"url\":\"https:\\\/\\\/www.ip.gov.py\\\/ip\\\/wp-content\\\/uploads\\\/2018\\\/01\\\/Agencia-IP.jpg\",\"contentUrl\":\"https:\\\/\\\/www.ip.gov.py\\\/ip\\\/wp-content\\\/uploads\\\/2018\\\/01\\\/Agencia-IP.jpg\",\"width\":150,\"height\":150,\"caption\":\"Agencia IP\"},\"image\":{\"@id\":\"https:\\\/\\\/www.ip.gov.py\\\/ip\\\/#\\\/schema\\\/logo\\\/image\\\/\"},\"sameAs\":[\"https:\\\/\\\/www.facebook.com\\\/IPParaguay\\\/\",\"https:\\\/\\\/x.com\\\/IPParaguay\",\"https:\\\/\\\/www.instagram.com\\\/IPParaguay\"]},{\"@type\":\"Person\",\"@id\":\"https:\\\/\\\/www.ip.gov.py\\\/ip\\\/#\\\/schema\\\/person\\\/791af27a9219bdbf9064abb776bb41c2\",\"name\":\"Noelia Ferreira\",\"sameAs\":[\"http:\\\/\\\/www.ip.gov.py\"],\"url\":\"https:\\\/\\\/www.ip.gov.py\\\/ip\\\/author\\\/nferreira\\\/\"}]}<\/script>\n<!-- \/ Yoast SEO plugin. -->","yoast_head_json":{"title":"Ejecutivo solicita que proyecto de Compras P\u00fablicas sea aprobado este jueves - .::Agencia IP::.","robots":{"index":"index","follow":"follow","max-snippet":"max-snippet:-1","max-image-preview":"max-image-preview:large","max-video-preview":"max-video-preview:-1"},"canonical":"https:\/\/www.ip.gov.py\/ip\/2021\/12\/15\/ejecutivo-solicita-que-proyecto-de-compras-publicas-sea-aprobado-este-jueves\/","og_locale":"es_ES","og_type":"article","og_title":"Ejecutivo solicita que proyecto de Compras P\u00fablicas sea aprobado este jueves - .::Agencia IP::.","og_description":"Asunci\u00f3n, Agencia IP.- Autoridades del Poder Ejecutivo solicitaron al presidente de la C\u00e1mara de Senadores, \u00d3scar Salom\u00f3n, el tratamiento y aprobaci\u00f3n del proyecto de Ley de Suministros y Compras P\u00fablicas en la sesi\u00f3n ordinaria de este jueves.","og_url":"https:\/\/www.ip.gov.py\/ip\/2021\/12\/15\/ejecutivo-solicita-que-proyecto-de-compras-publicas-sea-aprobado-este-jueves\/","og_site_name":".::Agencia IP::.","article_publisher":"https:\/\/www.facebook.com\/IPParaguay\/","article_published_time":"2021-12-15T11:13:46+00:00","article_modified_time":"2021-12-16T09:11:23+00:00","og_image":[{"width":2048,"height":1441,"url":"https:\/\/www.ip.gov.py\/ip\/wp-content\/uploads\/2021\/11\/Oscar-Llamosas-1.jpg","type":"image\/jpeg"}],"author":"Noelia Ferreira","twitter_card":"summary_large_image","twitter_creator":"@IPParaguay","twitter_site":"@IPParaguay","twitter_misc":{"Escrito por":"Noelia Ferreira","Tiempo de lectura":"2 minutos"},"schema":{"@context":"https:\/\/schema.org","@graph":[{"@type":"Article","@id":"https:\/\/www.ip.gov.py\/ip\/2021\/12\/15\/ejecutivo-solicita-que-proyecto-de-compras-publicas-sea-aprobado-este-jueves\/#article","isPartOf":{"@id":"https:\/\/www.ip.gov.py\/ip\/2021\/12\/15\/ejecutivo-solicita-que-proyecto-de-compras-publicas-sea-aprobado-este-jueves\/"},"author":{"name":"Noelia Ferreira","@id":"https:\/\/www.ip.gov.py\/ip\/#\/schema\/person\/791af27a9219bdbf9064abb776bb41c2"},"headline":"Ejecutivo solicita que proyecto de Compras P\u00fablicas sea aprobado este jueves","datePublished":"2021-12-15T11:13:46+00:00","dateModified":"2021-12-16T09:11:23+00:00","mainEntityOfPage":{"@id":"https:\/\/www.ip.gov.py\/ip\/2021\/12\/15\/ejecutivo-solicita-que-proyecto-de-compras-publicas-sea-aprobado-este-jueves\/"},"wordCount":315,"publisher":{"@id":"https:\/\/www.ip.gov.py\/ip\/#organization"},"image":{"@id":"https:\/\/www.ip.gov.py\/ip\/2021\/12\/15\/ejecutivo-solicita-que-proyecto-de-compras-publicas-sea-aprobado-este-jueves\/#primaryimage"},"thumbnailUrl":"https:\/\/www.ip.gov.py\/ip\/wp-content\/uploads\/2021\/11\/Oscar-Llamosas-1.jpg","keywords":["Compras p\u00fablicas","Congreso Nacional","Oscar Llamosas","Pablo Seitz","Poder Ejecutivo","Viviana Casco"],"articleSection":["Pol\u00edtica"],"inLanguage":"es"},{"@type":"WebPage","@id":"https:\/\/www.ip.gov.py\/ip\/2021\/12\/15\/ejecutivo-solicita-que-proyecto-de-compras-publicas-sea-aprobado-este-jueves\/","url":"https:\/\/www.ip.gov.py\/ip\/2021\/12\/15\/ejecutivo-solicita-que-proyecto-de-compras-publicas-sea-aprobado-este-jueves\/","name":"Ejecutivo solicita que proyecto de Compras P\u00fablicas sea aprobado este jueves - .::Agencia IP::.","isPartOf":{"@id":"https:\/\/www.ip.gov.py\/ip\/#website"},"primaryImageOfPage":{"@id":"https:\/\/www.ip.gov.py\/ip\/2021\/12\/15\/ejecutivo-solicita-que-proyecto-de-compras-publicas-sea-aprobado-este-jueves\/#primaryimage"},"image":{"@id":"https:\/\/www.ip.gov.py\/ip\/2021\/12\/15\/ejecutivo-solicita-que-proyecto-de-compras-publicas-sea-aprobado-este-jueves\/#primaryimage"},"thumbnailUrl":"https:\/\/www.ip.gov.py\/ip\/wp-content\/uploads\/2021\/11\/Oscar-Llamosas-1.jpg","datePublished":"2021-12-15T11:13:46+00:00","dateModified":"2021-12-16T09:11:23+00:00","breadcrumb":{"@id":"https:\/\/www.ip.gov.py\/ip\/2021\/12\/15\/ejecutivo-solicita-que-proyecto-de-compras-publicas-sea-aprobado-este-jueves\/#breadcrumb"},"inLanguage":"es","potentialAction":[{"@type":"ReadAction","target":["https:\/\/www.ip.gov.py\/ip\/2021\/12\/15\/ejecutivo-solicita-que-proyecto-de-compras-publicas-sea-aprobado-este-jueves\/"]}]},{"@type":"ImageObject","inLanguage":"es","@id":"https:\/\/www.ip.gov.py\/ip\/2021\/12\/15\/ejecutivo-solicita-que-proyecto-de-compras-publicas-sea-aprobado-este-jueves\/#primaryimage","url":"https:\/\/www.ip.gov.py\/ip\/wp-content\/uploads\/2021\/11\/Oscar-Llamosas-1.jpg","contentUrl":"https:\/\/www.ip.gov.py\/ip\/wp-content\/uploads\/2021\/11\/Oscar-Llamosas-1.jpg","width":2048,"height":1441,"caption":"El ministro de Hacienda, Oscar Llamosas. Foto: Hacienda"},{"@type":"BreadcrumbList","@id":"https:\/\/www.ip.gov.py\/ip\/2021\/12\/15\/ejecutivo-solicita-que-proyecto-de-compras-publicas-sea-aprobado-este-jueves\/#breadcrumb","itemListElement":[{"@type":"ListItem","position":1,"name":"Portada","item":"https:\/\/www.ip.gov.py\/ip\/"},{"@type":"ListItem","position":2,"name":"Ejecutivo solicita que proyecto de Compras P\u00fablicas sea aprobado este jueves"}]},{"@type":"WebSite","@id":"https:\/\/www.ip.gov.py\/ip\/#website","url":"https:\/\/www.ip.gov.py\/ip\/","name":".::Agencia IP::.","description":"","publisher":{"@id":"https:\/\/www.ip.gov.py\/ip\/#organization"},"potentialAction":[{"@type":"SearchAction","target":{"@type":"EntryPoint","urlTemplate":"https:\/\/www.ip.gov.py\/ip\/?s={search_term_string}"},"query-input":{"@type":"PropertyValueSpecification","valueRequired":true,"valueName":"search_term_string"}}],"inLanguage":"es"},{"@type":"Organization","@id":"https:\/\/www.ip.gov.py\/ip\/#organization","name":"Agencia IP","url":"https:\/\/www.ip.gov.py\/ip\/","logo":{"@type":"ImageObject","inLanguage":"es","@id":"https:\/\/www.ip.gov.py\/ip\/#\/schema\/logo\/image\/","url":"https:\/\/www.ip.gov.py\/ip\/wp-content\/uploads\/2018\/01\/Agencia-IP.jpg","contentUrl":"https:\/\/www.ip.gov.py\/ip\/wp-content\/uploads\/2018\/01\/Agencia-IP.jpg","width":150,"height":150,"caption":"Agencia IP"},"image":{"@id":"https:\/\/www.ip.gov.py\/ip\/#\/schema\/logo\/image\/"},"sameAs":["https:\/\/www.facebook.com\/IPParaguay\/","https:\/\/x.com\/IPParaguay","https:\/\/www.instagram.com\/IPParaguay"]},{"@type":"Person","@id":"https:\/\/www.ip.gov.py\/ip\/#\/schema\/person\/791af27a9219bdbf9064abb776bb41c2","name":"Noelia Ferreira","sameAs":["http:\/\/www.ip.gov.py"],"url":"https:\/\/www.ip.gov.py\/ip\/author\/nferreira\/"}]}},"_links":{"self":[{"href":"https:\/\/www.ip.gov.py\/ip\/wp-json\/wp\/v2\/posts\/396498","targetHints":{"allow":["GET"]}}],"collection":[{"href":"https:\/\/www.ip.gov.py\/ip\/wp-json\/wp\/v2\/posts"}],"about":[{"href":"https:\/\/www.ip.gov.py\/ip\/wp-json\/wp\/v2\/types\/post"}],"author":[{"embeddable":true,"href":"https:\/\/www.ip.gov.py\/ip\/wp-json\/wp\/v2\/users\/23"}],"replies":[{"embeddable":true,"href":"https:\/\/www.ip.gov.py\/ip\/wp-json\/wp\/v2\/comments?post=396498"}],"version-history":[{"count":0,"href":"https:\/\/www.ip.gov.py\/ip\/wp-json\/wp\/v2\/posts\/396498\/revisions"}],"wp:featuredmedia":[{"embeddable":true,"href":"https:\/\/www.ip.gov.py\/ip\/wp-json\/wp\/v2\/media\/391836"}],"wp:attachment":[{"href":"https:\/\/www.ip.gov.py\/ip\/wp-json\/wp\/v2\/media?parent=396498"}],"wp:term":[{"taxonomy":"category","embeddable":true,"href":"https:\/\/www.ip.gov.py\/ip\/wp-json\/wp\/v2\/categories?post=396498"},{"taxonomy":"post_tag","embeddable":true,"href":"https:\/\/www.ip.gov.py\/ip\/wp-json\/wp\/v2\/tags?post=396498"}],"curies":[{"name":"wp","href":"https:\/\/api.w.org\/{rel}","templated":true}]}}