{"id":400755,"date":"2022-01-24T09:11:44","date_gmt":"2022-01-24T12:11:44","guid":{"rendered":"https:\/\/www.ip.gov.py\/ip\/?p=400755"},"modified":"2022-01-24T09:11:44","modified_gmt":"2022-01-24T12:11:44","slug":"la-otan-refuerza-su-flanco-oriental-y-pone-a-sus-fuerzas-en-alerta-por-rusia","status":"publish","type":"post","link":"https:\/\/www.ip.gov.py\/ip\/2022\/01\/24\/la-otan-refuerza-su-flanco-oriental-y-pone-a-sus-fuerzas-en-alerta-por-rusia\/","title":{"rendered":"La OTAN refuerza su flanco oriental y pone a sus fuerzas \u201cen alerta\u201d por Rusia"},"content":{"rendered":"<p style=\"text-align: justify;\"><em><strong>Bruselas.-<\/strong><\/em>La OTAN est\u00e1 enviando m\u00e1s barcos y aviones al flanco oriental de la Alianza para \u201cmejorar la disuasi\u00f3n y la defensa\u201d en esa zona y sus fuerzas se est\u00e1n poniendo \u201cen estado de alerta\u201d, indic\u00f3 este lunes la organizaci\u00f3n.<!--more--><\/p>\n<p style=\"text-align: justify;\">La situaci\u00f3n se da ante el incremento de la tensi\u00f3n por la concentraci\u00f3n militar rusa junto a la frontera de Ucrania y la posible intervenci\u00f3n militar de Mosc\u00fa en la antigua rep\u00fablica sovi\u00e9tica.<\/p>\n<p style=\"text-align: justify;\">La OTAN precis\u00f3 este lunes en un comunicado que los aliados est\u00e1n poniendo sus fuerzas \u201cen estado de alerta\u201d y enviando \u201cbarcos y aviones de combate adicionales a los despliegues de la OTAN en Europa Oriental, reforzando la disuasi\u00f3n y defensa aliada mientras Rusia contin\u00faa con su acumulaci\u00f3n militar en y alrededor de Ucrania\u201d.<\/p>\n<p style=\"text-align: justify;\">\u201cEn los \u00faltimos d\u00edas, una serie de aliados han hecho anuncios sobre despliegues actuales o futuros\u201d, destac\u00f3 la OTAN.<\/p>\n<p style=\"text-align: justify;\">En ese sentido, se\u00f1al\u00f3 que Espa\u00f1a \u201cest\u00e1 enviando barcos para unirse a las fuerzas navales de la OTAN y est\u00e1 considerando enviar aviones de combate a Bulgaria\u201d.<\/p>\n<p style=\"text-align: justify;\">La semana pasada partieron hacia el Mar Negro la fragata Blas de Lezo y el cazaminas Meteoro.<\/p>\n<p style=\"text-align: justify;\">Adem\u00e1s, la ministra espa\u00f1ola de Defensa, Margarita Robles, afirm\u00f3 el jueves que se est\u00e1 valorando la posibilidad de que haya un despliegue a\u00e9reo en Bulgaria en el que participe Espa\u00f1a, que se sumar\u00eda al del que forma parte cada a\u00f1o en Lituania.<\/p>\n<p style=\"text-align: justify;\">La fragata Blas de Lezo prev\u00e9 integrarse en la SNMG-2, una de las agrupaciones navales de la OTAN, en unas maniobras habituales que ya estaban previstas para este a\u00f1o y que las autoridades espa\u00f1olas decidieron adelantar.<\/p>\n<p style=\"text-align: justify;\">La Alianza a\u00f1adi\u00f3 que Dinamarca est\u00e1 enviando una fragata al mar B\u00e1ltico y que desplegar\u00e1 cuatro aviones de combate F-16 en Lituania en apoyo de la misi\u00f3n de vigilancia a\u00e9rea de la OTAN en la regi\u00f3n.<\/p>\n<p style=\"text-align: justify;\">\u201cFrancia expres\u00f3 su disposici\u00f3n a enviar tropas a Ruman\u00eda bajo el mando de la OTAN. Los Pa\u00edses Bajos enviar\u00e1n dos aviones de combate F-35 a Bulgaria a partir de abril para apoyar las actividades de vigilancia a\u00e9rea de la OTAN en la regi\u00f3n, y pondr\u00e1n un barco y unidades terrestres en estado de alerta para la Fuerza de Respuesta de la OTAN\u201d, expuso la Alianza.<\/p>\n<p style=\"text-align: justify;\">Agreg\u00f3 que Estados Unidos tambi\u00e9n ha dejado claro que est\u00e1 considerando incrementar su presencia militar en la parte oriental de la Alianza.<\/p>\n<p style=\"text-align: justify;\">\u201cDoy la bienvenida a que los aliados aporten fuerzas adicionales a la OTAN. La OTAN continuar\u00e1 tomando todas las medidas necesarias para proteger y defender a todos los aliados, tambi\u00e9n reforzando la parte oriental de la Alianza.<\/p>\n<p style=\"text-align: justify;\">Siempre responderemos a cualquier deterioro de nuestro entorno de seguridad, tambi\u00e9n mediante el fortalecimiento de nuestra defensa colectiva\u201d, asegur\u00f3 el secretario general aliado, Jens Stoltenberg.<\/p>\n<p style=\"text-align: justify;\">La OTAN recalc\u00f3 que es una alianza \u201cdefensiva\u201d y que en respuesta a la anexi\u00f3n de Crimea por parte de Rusia en 2014 increment\u00f3 su presencia en el flanco oriental.<\/p>\n<p style=\"text-align: justify;\">En ese sentido, mencion\u00f3 los cuatro batallones multinacionales, listos para el combate, desplegados en Estonia, Letonia, Lituania y Polonia<\/p>\n<p style=\"text-align: justify;\">Tambi\u00e9n asegur\u00f3 que no hab\u00eda fuerzas de la OTAN en la zona oriental de la Alianza antes de 2014.Clarin.<\/p>\n","protected":false},"excerpt":{"rendered":"<p>Bruselas.-La OTAN est\u00e1 enviando m\u00e1s barcos y aviones al flanco oriental de la Alianza para \u201cmejorar la disuasi\u00f3n y la defensa\u201d en esa zona y sus fuerzas se est\u00e1n poniendo \u201cen estado de alerta\u201d, indic\u00f3 este lunes la organizaci\u00f3n.<\/p>\n","protected":false},"author":11,"featured_media":400759,"comment_status":"closed","ping_status":"closed","sticky":false,"template":"","format":"standard","meta":{"_monsterinsights_skip_tracking":false,"_monsterinsights_sitenote_active":false,"_monsterinsights_sitenote_note":"","_monsterinsights_sitenote_category":0,"footnotes":""},"categories":[5],"tags":[5340,3612,3195,202,4021,3262],"class_list":{"0":"post-400755","1":"post","2":"type-post","3":"status-publish","4":"format-standard","5":"has-post-thumbnail","7":"category-internacionales","8":"tag-alerta","9":"tag-crisis","10":"tag-mundo","11":"tag-rusia","12":"tag-tension","13":"tag-ucrania"},"yoast_head":"<!-- This site is optimized with the Yoast SEO plugin v27.5 - https:\/\/yoast.com\/product\/yoast-seo-wordpress\/ -->\n<title>La OTAN refuerza su flanco oriental y pone a sus fuerzas \u201cen alerta\u201d por Rusia - .::Agencia IP::.<\/title>\n<meta name=\"robots\" content=\"index, follow, max-snippet:-1, max-image-preview:large, max-video-preview:-1\" \/>\n<link rel=\"canonical\" href=\"https:\/\/www.ip.gov.py\/ip\/2022\/01\/24\/la-otan-refuerza-su-flanco-oriental-y-pone-a-sus-fuerzas-en-alerta-por-rusia\/\" \/>\n<meta property=\"og:locale\" content=\"es_ES\" \/>\n<meta property=\"og:type\" content=\"article\" \/>\n<meta property=\"og:title\" content=\"La OTAN refuerza su flanco oriental y pone a sus fuerzas \u201cen alerta\u201d por Rusia - .::Agencia IP::.\" \/>\n<meta property=\"og:description\" content=\"Bruselas.-La OTAN est\u00e1 enviando m\u00e1s barcos y aviones al flanco oriental de la Alianza para \u201cmejorar la disuasi\u00f3n y la defensa\u201d en esa zona y sus fuerzas se est\u00e1n poniendo \u201cen estado de alerta\u201d, indic\u00f3 este lunes la organizaci\u00f3n.\" \/>\n<meta property=\"og:url\" content=\"https:\/\/www.ip.gov.py\/ip\/2022\/01\/24\/la-otan-refuerza-su-flanco-oriental-y-pone-a-sus-fuerzas-en-alerta-por-rusia\/\" \/>\n<meta property=\"og:site_name\" content=\".::Agencia IP::.\" \/>\n<meta property=\"article:publisher\" content=\"https:\/\/www.facebook.com\/IPParaguay\/\" \/>\n<meta property=\"article:published_time\" content=\"2022-01-24T12:11:44+00:00\" \/>\n<meta property=\"og:image\" content=\"https:\/\/www.ip.gov.py\/ip\/wp-content\/uploads\/2022\/01\/Rusia.jpg\" \/>\n\t<meta property=\"og:image:width\" content=\"1100\" \/>\n\t<meta property=\"og:image:height\" content=\"619\" \/>\n\t<meta property=\"og:image:type\" content=\"image\/jpeg\" \/>\n<meta name=\"author\" content=\"vrios\" \/>\n<meta name=\"twitter:card\" content=\"summary_large_image\" \/>\n<meta name=\"twitter:creator\" content=\"@IPParaguay\" \/>\n<meta name=\"twitter:site\" content=\"@IPParaguay\" \/>\n<meta name=\"twitter:label1\" content=\"Escrito por\" \/>\n\t<meta name=\"twitter:data1\" content=\"vrios\" \/>\n\t<meta name=\"twitter:label2\" content=\"Tiempo de lectura\" \/>\n\t<meta name=\"twitter:data2\" content=\"3 minutos\" \/>\n<script type=\"application\/ld+json\" class=\"yoast-schema-graph\">{\"@context\":\"https:\\\/\\\/schema.org\",\"@graph\":[{\"@type\":\"Article\",\"@id\":\"https:\\\/\\\/www.ip.gov.py\\\/ip\\\/2022\\\/01\\\/24\\\/la-otan-refuerza-su-flanco-oriental-y-pone-a-sus-fuerzas-en-alerta-por-rusia\\\/#article\",\"isPartOf\":{\"@id\":\"https:\\\/\\\/www.ip.gov.py\\\/ip\\\/2022\\\/01\\\/24\\\/la-otan-refuerza-su-flanco-oriental-y-pone-a-sus-fuerzas-en-alerta-por-rusia\\\/\"},\"author\":{\"name\":\"vrios\",\"@id\":\"https:\\\/\\\/www.ip.gov.py\\\/ip\\\/#\\\/schema\\\/person\\\/fa3668852e893cb0423795330f919039\"},\"headline\":\"La OTAN refuerza su flanco oriental y pone a sus fuerzas \u201cen alerta\u201d por Rusia\",\"datePublished\":\"2022-01-24T12:11:44+00:00\",\"mainEntityOfPage\":{\"@id\":\"https:\\\/\\\/www.ip.gov.py\\\/ip\\\/2022\\\/01\\\/24\\\/la-otan-refuerza-su-flanco-oriental-y-pone-a-sus-fuerzas-en-alerta-por-rusia\\\/\"},\"wordCount\":579,\"publisher\":{\"@id\":\"https:\\\/\\\/www.ip.gov.py\\\/ip\\\/#organization\"},\"image\":{\"@id\":\"https:\\\/\\\/www.ip.gov.py\\\/ip\\\/2022\\\/01\\\/24\\\/la-otan-refuerza-su-flanco-oriental-y-pone-a-sus-fuerzas-en-alerta-por-rusia\\\/#primaryimage\"},\"thumbnailUrl\":\"https:\\\/\\\/www.ip.gov.py\\\/ip\\\/wp-content\\\/uploads\\\/2022\\\/01\\\/Rusia.jpg\",\"keywords\":[\"Alerta\",\"Crisis\",\"Mundo\",\"Rusia\",\"Tensi\u00f3n\",\"Ucrania\"],\"articleSection\":[\"Internacionales\"],\"inLanguage\":\"es\"},{\"@type\":\"WebPage\",\"@id\":\"https:\\\/\\\/www.ip.gov.py\\\/ip\\\/2022\\\/01\\\/24\\\/la-otan-refuerza-su-flanco-oriental-y-pone-a-sus-fuerzas-en-alerta-por-rusia\\\/\",\"url\":\"https:\\\/\\\/www.ip.gov.py\\\/ip\\\/2022\\\/01\\\/24\\\/la-otan-refuerza-su-flanco-oriental-y-pone-a-sus-fuerzas-en-alerta-por-rusia\\\/\",\"name\":\"La OTAN refuerza su flanco oriental y pone a sus fuerzas \u201cen alerta\u201d por Rusia - .::Agencia IP::.\",\"isPartOf\":{\"@id\":\"https:\\\/\\\/www.ip.gov.py\\\/ip\\\/#website\"},\"primaryImageOfPage\":{\"@id\":\"https:\\\/\\\/www.ip.gov.py\\\/ip\\\/2022\\\/01\\\/24\\\/la-otan-refuerza-su-flanco-oriental-y-pone-a-sus-fuerzas-en-alerta-por-rusia\\\/#primaryimage\"},\"image\":{\"@id\":\"https:\\\/\\\/www.ip.gov.py\\\/ip\\\/2022\\\/01\\\/24\\\/la-otan-refuerza-su-flanco-oriental-y-pone-a-sus-fuerzas-en-alerta-por-rusia\\\/#primaryimage\"},\"thumbnailUrl\":\"https:\\\/\\\/www.ip.gov.py\\\/ip\\\/wp-content\\\/uploads\\\/2022\\\/01\\\/Rusia.jpg\",\"datePublished\":\"2022-01-24T12:11:44+00:00\",\"breadcrumb\":{\"@id\":\"https:\\\/\\\/www.ip.gov.py\\\/ip\\\/2022\\\/01\\\/24\\\/la-otan-refuerza-su-flanco-oriental-y-pone-a-sus-fuerzas-en-alerta-por-rusia\\\/#breadcrumb\"},\"inLanguage\":\"es\",\"potentialAction\":[{\"@type\":\"ReadAction\",\"target\":[\"https:\\\/\\\/www.ip.gov.py\\\/ip\\\/2022\\\/01\\\/24\\\/la-otan-refuerza-su-flanco-oriental-y-pone-a-sus-fuerzas-en-alerta-por-rusia\\\/\"]}]},{\"@type\":\"ImageObject\",\"inLanguage\":\"es\",\"@id\":\"https:\\\/\\\/www.ip.gov.py\\\/ip\\\/2022\\\/01\\\/24\\\/la-otan-refuerza-su-flanco-oriental-y-pone-a-sus-fuerzas-en-alerta-por-rusia\\\/#primaryimage\",\"url\":\"https:\\\/\\\/www.ip.gov.py\\\/ip\\\/wp-content\\\/uploads\\\/2022\\\/01\\\/Rusia.jpg\",\"contentUrl\":\"https:\\\/\\\/www.ip.gov.py\\\/ip\\\/wp-content\\\/uploads\\\/2022\\\/01\\\/Rusia.jpg\",\"width\":1100,\"height\":619,\"caption\":\"CNN\"},{\"@type\":\"BreadcrumbList\",\"@id\":\"https:\\\/\\\/www.ip.gov.py\\\/ip\\\/2022\\\/01\\\/24\\\/la-otan-refuerza-su-flanco-oriental-y-pone-a-sus-fuerzas-en-alerta-por-rusia\\\/#breadcrumb\",\"itemListElement\":[{\"@type\":\"ListItem\",\"position\":1,\"name\":\"Portada\",\"item\":\"https:\\\/\\\/www.ip.gov.py\\\/ip\\\/\"},{\"@type\":\"ListItem\",\"position\":2,\"name\":\"La OTAN refuerza su flanco oriental y pone a sus fuerzas \u201cen alerta\u201d por Rusia\"}]},{\"@type\":\"WebSite\",\"@id\":\"https:\\\/\\\/www.ip.gov.py\\\/ip\\\/#website\",\"url\":\"https:\\\/\\\/www.ip.gov.py\\\/ip\\\/\",\"name\":\".::Agencia IP::.\",\"description\":\"\",\"publisher\":{\"@id\":\"https:\\\/\\\/www.ip.gov.py\\\/ip\\\/#organization\"},\"potentialAction\":[{\"@type\":\"SearchAction\",\"target\":{\"@type\":\"EntryPoint\",\"urlTemplate\":\"https:\\\/\\\/www.ip.gov.py\\\/ip\\\/?s={search_term_string}\"},\"query-input\":{\"@type\":\"PropertyValueSpecification\",\"valueRequired\":true,\"valueName\":\"search_term_string\"}}],\"inLanguage\":\"es\"},{\"@type\":\"Organization\",\"@id\":\"https:\\\/\\\/www.ip.gov.py\\\/ip\\\/#organization\",\"name\":\"Agencia IP\",\"url\":\"https:\\\/\\\/www.ip.gov.py\\\/ip\\\/\",\"logo\":{\"@type\":\"ImageObject\",\"inLanguage\":\"es\",\"@id\":\"https:\\\/\\\/www.ip.gov.py\\\/ip\\\/#\\\/schema\\\/logo\\\/image\\\/\",\"url\":\"https:\\\/\\\/www.ip.gov.py\\\/ip\\\/wp-content\\\/uploads\\\/2018\\\/01\\\/Agencia-IP.jpg\",\"contentUrl\":\"https:\\\/\\\/www.ip.gov.py\\\/ip\\\/wp-content\\\/uploads\\\/2018\\\/01\\\/Agencia-IP.jpg\",\"width\":150,\"height\":150,\"caption\":\"Agencia IP\"},\"image\":{\"@id\":\"https:\\\/\\\/www.ip.gov.py\\\/ip\\\/#\\\/schema\\\/logo\\\/image\\\/\"},\"sameAs\":[\"https:\\\/\\\/www.facebook.com\\\/IPParaguay\\\/\",\"https:\\\/\\\/x.com\\\/IPParaguay\",\"https:\\\/\\\/www.instagram.com\\\/IPParaguay\"]},{\"@type\":\"Person\",\"@id\":\"https:\\\/\\\/www.ip.gov.py\\\/ip\\\/#\\\/schema\\\/person\\\/fa3668852e893cb0423795330f919039\",\"name\":\"vrios\",\"url\":\"https:\\\/\\\/www.ip.gov.py\\\/ip\\\/author\\\/vrios\\\/\"}]}<\/script>\n<!-- \/ Yoast SEO plugin. -->","yoast_head_json":{"title":"La OTAN refuerza su flanco oriental y pone a sus fuerzas \u201cen alerta\u201d por Rusia - .::Agencia IP::.","robots":{"index":"index","follow":"follow","max-snippet":"max-snippet:-1","max-image-preview":"max-image-preview:large","max-video-preview":"max-video-preview:-1"},"canonical":"https:\/\/www.ip.gov.py\/ip\/2022\/01\/24\/la-otan-refuerza-su-flanco-oriental-y-pone-a-sus-fuerzas-en-alerta-por-rusia\/","og_locale":"es_ES","og_type":"article","og_title":"La OTAN refuerza su flanco oriental y pone a sus fuerzas \u201cen alerta\u201d por Rusia - .::Agencia IP::.","og_description":"Bruselas.-La OTAN est\u00e1 enviando m\u00e1s barcos y aviones al flanco oriental de la Alianza para \u201cmejorar la disuasi\u00f3n y la defensa\u201d en esa zona y sus fuerzas se est\u00e1n poniendo \u201cen estado de alerta\u201d, indic\u00f3 este lunes la organizaci\u00f3n.","og_url":"https:\/\/www.ip.gov.py\/ip\/2022\/01\/24\/la-otan-refuerza-su-flanco-oriental-y-pone-a-sus-fuerzas-en-alerta-por-rusia\/","og_site_name":".::Agencia IP::.","article_publisher":"https:\/\/www.facebook.com\/IPParaguay\/","article_published_time":"2022-01-24T12:11:44+00:00","og_image":[{"width":1100,"height":619,"url":"https:\/\/www.ip.gov.py\/ip\/wp-content\/uploads\/2022\/01\/Rusia.jpg","type":"image\/jpeg"}],"author":"vrios","twitter_card":"summary_large_image","twitter_creator":"@IPParaguay","twitter_site":"@IPParaguay","twitter_misc":{"Escrito por":"vrios","Tiempo de lectura":"3 minutos"},"schema":{"@context":"https:\/\/schema.org","@graph":[{"@type":"Article","@id":"https:\/\/www.ip.gov.py\/ip\/2022\/01\/24\/la-otan-refuerza-su-flanco-oriental-y-pone-a-sus-fuerzas-en-alerta-por-rusia\/#article","isPartOf":{"@id":"https:\/\/www.ip.gov.py\/ip\/2022\/01\/24\/la-otan-refuerza-su-flanco-oriental-y-pone-a-sus-fuerzas-en-alerta-por-rusia\/"},"author":{"name":"vrios","@id":"https:\/\/www.ip.gov.py\/ip\/#\/schema\/person\/fa3668852e893cb0423795330f919039"},"headline":"La OTAN refuerza su flanco oriental y pone a sus fuerzas \u201cen alerta\u201d por Rusia","datePublished":"2022-01-24T12:11:44+00:00","mainEntityOfPage":{"@id":"https:\/\/www.ip.gov.py\/ip\/2022\/01\/24\/la-otan-refuerza-su-flanco-oriental-y-pone-a-sus-fuerzas-en-alerta-por-rusia\/"},"wordCount":579,"publisher":{"@id":"https:\/\/www.ip.gov.py\/ip\/#organization"},"image":{"@id":"https:\/\/www.ip.gov.py\/ip\/2022\/01\/24\/la-otan-refuerza-su-flanco-oriental-y-pone-a-sus-fuerzas-en-alerta-por-rusia\/#primaryimage"},"thumbnailUrl":"https:\/\/www.ip.gov.py\/ip\/wp-content\/uploads\/2022\/01\/Rusia.jpg","keywords":["Alerta","Crisis","Mundo","Rusia","Tensi\u00f3n","Ucrania"],"articleSection":["Internacionales"],"inLanguage":"es"},{"@type":"WebPage","@id":"https:\/\/www.ip.gov.py\/ip\/2022\/01\/24\/la-otan-refuerza-su-flanco-oriental-y-pone-a-sus-fuerzas-en-alerta-por-rusia\/","url":"https:\/\/www.ip.gov.py\/ip\/2022\/01\/24\/la-otan-refuerza-su-flanco-oriental-y-pone-a-sus-fuerzas-en-alerta-por-rusia\/","name":"La OTAN refuerza su flanco oriental y pone a sus fuerzas \u201cen alerta\u201d por Rusia - .::Agencia IP::.","isPartOf":{"@id":"https:\/\/www.ip.gov.py\/ip\/#website"},"primaryImageOfPage":{"@id":"https:\/\/www.ip.gov.py\/ip\/2022\/01\/24\/la-otan-refuerza-su-flanco-oriental-y-pone-a-sus-fuerzas-en-alerta-por-rusia\/#primaryimage"},"image":{"@id":"https:\/\/www.ip.gov.py\/ip\/2022\/01\/24\/la-otan-refuerza-su-flanco-oriental-y-pone-a-sus-fuerzas-en-alerta-por-rusia\/#primaryimage"},"thumbnailUrl":"https:\/\/www.ip.gov.py\/ip\/wp-content\/uploads\/2022\/01\/Rusia.jpg","datePublished":"2022-01-24T12:11:44+00:00","breadcrumb":{"@id":"https:\/\/www.ip.gov.py\/ip\/2022\/01\/24\/la-otan-refuerza-su-flanco-oriental-y-pone-a-sus-fuerzas-en-alerta-por-rusia\/#breadcrumb"},"inLanguage":"es","potentialAction":[{"@type":"ReadAction","target":["https:\/\/www.ip.gov.py\/ip\/2022\/01\/24\/la-otan-refuerza-su-flanco-oriental-y-pone-a-sus-fuerzas-en-alerta-por-rusia\/"]}]},{"@type":"ImageObject","inLanguage":"es","@id":"https:\/\/www.ip.gov.py\/ip\/2022\/01\/24\/la-otan-refuerza-su-flanco-oriental-y-pone-a-sus-fuerzas-en-alerta-por-rusia\/#primaryimage","url":"https:\/\/www.ip.gov.py\/ip\/wp-content\/uploads\/2022\/01\/Rusia.jpg","contentUrl":"https:\/\/www.ip.gov.py\/ip\/wp-content\/uploads\/2022\/01\/Rusia.jpg","width":1100,"height":619,"caption":"CNN"},{"@type":"BreadcrumbList","@id":"https:\/\/www.ip.gov.py\/ip\/2022\/01\/24\/la-otan-refuerza-su-flanco-oriental-y-pone-a-sus-fuerzas-en-alerta-por-rusia\/#breadcrumb","itemListElement":[{"@type":"ListItem","position":1,"name":"Portada","item":"https:\/\/www.ip.gov.py\/ip\/"},{"@type":"ListItem","position":2,"name":"La OTAN refuerza su flanco oriental y pone a sus fuerzas \u201cen alerta\u201d por Rusia"}]},{"@type":"WebSite","@id":"https:\/\/www.ip.gov.py\/ip\/#website","url":"https:\/\/www.ip.gov.py\/ip\/","name":".::Agencia IP::.","description":"","publisher":{"@id":"https:\/\/www.ip.gov.py\/ip\/#organization"},"potentialAction":[{"@type":"SearchAction","target":{"@type":"EntryPoint","urlTemplate":"https:\/\/www.ip.gov.py\/ip\/?s={search_term_string}"},"query-input":{"@type":"PropertyValueSpecification","valueRequired":true,"valueName":"search_term_string"}}],"inLanguage":"es"},{"@type":"Organization","@id":"https:\/\/www.ip.gov.py\/ip\/#organization","name":"Agencia IP","url":"https:\/\/www.ip.gov.py\/ip\/","logo":{"@type":"ImageObject","inLanguage":"es","@id":"https:\/\/www.ip.gov.py\/ip\/#\/schema\/logo\/image\/","url":"https:\/\/www.ip.gov.py\/ip\/wp-content\/uploads\/2018\/01\/Agencia-IP.jpg","contentUrl":"https:\/\/www.ip.gov.py\/ip\/wp-content\/uploads\/2018\/01\/Agencia-IP.jpg","width":150,"height":150,"caption":"Agencia IP"},"image":{"@id":"https:\/\/www.ip.gov.py\/ip\/#\/schema\/logo\/image\/"},"sameAs":["https:\/\/www.facebook.com\/IPParaguay\/","https:\/\/x.com\/IPParaguay","https:\/\/www.instagram.com\/IPParaguay"]},{"@type":"Person","@id":"https:\/\/www.ip.gov.py\/ip\/#\/schema\/person\/fa3668852e893cb0423795330f919039","name":"vrios","url":"https:\/\/www.ip.gov.py\/ip\/author\/vrios\/"}]}},"_links":{"self":[{"href":"https:\/\/www.ip.gov.py\/ip\/wp-json\/wp\/v2\/posts\/400755","targetHints":{"allow":["GET"]}}],"collection":[{"href":"https:\/\/www.ip.gov.py\/ip\/wp-json\/wp\/v2\/posts"}],"about":[{"href":"https:\/\/www.ip.gov.py\/ip\/wp-json\/wp\/v2\/types\/post"}],"author":[{"embeddable":true,"href":"https:\/\/www.ip.gov.py\/ip\/wp-json\/wp\/v2\/users\/11"}],"replies":[{"embeddable":true,"href":"https:\/\/www.ip.gov.py\/ip\/wp-json\/wp\/v2\/comments?post=400755"}],"version-history":[{"count":0,"href":"https:\/\/www.ip.gov.py\/ip\/wp-json\/wp\/v2\/posts\/400755\/revisions"}],"wp:featuredmedia":[{"embeddable":true,"href":"https:\/\/www.ip.gov.py\/ip\/wp-json\/wp\/v2\/media\/400759"}],"wp:attachment":[{"href":"https:\/\/www.ip.gov.py\/ip\/wp-json\/wp\/v2\/media?parent=400755"}],"wp:term":[{"taxonomy":"category","embeddable":true,"href":"https:\/\/www.ip.gov.py\/ip\/wp-json\/wp\/v2\/categories?post=400755"},{"taxonomy":"post_tag","embeddable":true,"href":"https:\/\/www.ip.gov.py\/ip\/wp-json\/wp\/v2\/tags?post=400755"}],"curies":[{"name":"wp","href":"https:\/\/api.w.org\/{rel}","templated":true}]}}