{"id":401204,"date":"2022-01-27T11:45:46","date_gmt":"2022-01-27T14:45:46","guid":{"rendered":"https:\/\/www.ip.gov.py\/ip\/?p=401204"},"modified":"2022-01-27T11:49:17","modified_gmt":"2022-01-27T14:49:17","slug":"sociedad-paraguaya-de-pediatria-insta-a-los-padres-a-registrar-a-los-ninos-para-campana-de-vacunacion","status":"publish","type":"post","link":"https:\/\/www.ip.gov.py\/ip\/2022\/01\/27\/sociedad-paraguaya-de-pediatria-insta-a-los-padres-a-registrar-a-los-ninos-para-campana-de-vacunacion\/","title":{"rendered":"Sociedad Paraguaya de Pediatr\u00eda insta a los padres a registrar a los ni\u00f1os para vacunaci\u00f3n"},"content":{"rendered":"<p style=\"text-align: justify;\"><strong><em>Asunci\u00f3n, Agencia IP.- <\/em><\/strong>La Sociedad Paraguaya de Pediatr\u00eda (SPP) insta a todos los padres a registrar a los ni\u00f1os de 5 a 11 a\u00f1os para la vacunaci\u00f3n contra el covid-19, que iniciar\u00e1 la pr\u00f3xima semana.<!--more--><\/p>\n<p style=\"text-align: justify;\">La cifra actual de registrados se ubica por debajo de lo esperado por lo que se insta a un mayor registro en la plataforma<strong> <a href=\"http:\/\/www.vacunate.gov.py\">www.vacunate.gov.py<\/a><\/strong> para la campa\u00f1a de vacunaci\u00f3n.<\/p>\n<p style=\"text-align: justify;\">Con la variante \u00f3micron se observa un aumento de ni\u00f1os que consultan por covid-19, sin embargo, correspondiente a las evidencias, la gran mayor\u00eda desarrolla formas leves, afirm\u00f3 la Dra. Lizette Heinicken, miembro de la SPP.<\/p>\n<p style=\"text-align: justify;\">Sin embargo, se observan complicaciones en ni\u00f1os con patolog\u00edas de base que requieren de internaci\u00f3n y tambi\u00e9n de casos de ni\u00f1os recuperados que desarrollan complicaciones como afectaci\u00f3n pulmonar o card\u00edaco a las tres semanas de haber tenido la enfermedad.<\/p>\n<p style=\"text-align: justify;\">\u201cEsperamos que los padres comprendan la situaci\u00f3n y registran a los ni\u00f1os para una vacunaci\u00f3n en cantidad desde la semana que viene\u201d, se\u00f1al\u00f3 en entrevista con Radio Nacional.<\/p>\n<p style=\"text-align: justify;\">A partir del lunes 31 est\u00e1 prevista la vacunaci\u00f3n a ni\u00f1os de 5 a 11 a\u00f1os. Heinicken record\u00f3 que ya se ha vacunado a la franja de 12 a 17 a\u00f1os sin ning\u00fan tipo de complicaci\u00f3n, y sumado a la vacunaci\u00f3n con adultos se observan cambios en el actual momento epidemiol\u00f3gico.<\/p>\n<p style=\"text-align: justify;\">\u201cVemos 5.000 infectados por d\u00eda pero con un aumento de internados y fallecidos mucho menor, y esto con apenas el 40% de la poblaci\u00f3n vacunada\u201d, destac\u00f3.<\/p>\n<p style=\"text-align: justify;\">Record\u00f3 que no existen efectos adversos de gravedad, ya que las vacunas contra el covid-19 son iguales que la vacuna contra la influenza, que generan fiebre de no m\u00e1s de 24 horas y molestias en el lugar de aplicaci\u00f3n.<\/p>\n<h5 style=\"text-align: justify;\"><strong>Requisitos para la vacunaci\u00f3n<\/strong><\/h5>\n<p style=\"text-align: justify;\">Para la vacunaci\u00f3n de los ni\u00f1os y ni\u00f1as de 5 a 11 a\u00f1os es obligatorio el acompa\u00f1amiento de un adulto responsable y la presentaci\u00f3n de un documento que certifique la filiaci\u00f3n o tutor\u00eda; por ejemplo, el certificado de nacimiento, libreta familiar o resoluci\u00f3n judicial.<\/p>\n<p style=\"text-align: justify;\">En caso de no contar con estos documentos, los adultos responsables deber\u00e1n llenar una declaraci\u00f3n jurada al momento de la vacunaci\u00f3n, junto con una copia de la c\u00e9dula del menor de edad y el adulto.<\/p>\n","protected":false},"excerpt":{"rendered":"<p>Asunci\u00f3n, Agencia IP.- La Sociedad Paraguaya de Pediatr\u00eda (SPP) insta a todos los padres a registrar a los ni\u00f1os de 5 a 11 a\u00f1os para la vacunaci\u00f3n contra el covid-19, que iniciar\u00e1 la pr\u00f3xima semana.<\/p>\n","protected":false},"author":22,"featured_media":376515,"comment_status":"closed","ping_status":"closed","sticky":false,"template":"","format":"standard","meta":{"_monsterinsights_skip_tracking":false,"_monsterinsights_sitenote_active":false,"_monsterinsights_sitenote_note":"","_monsterinsights_sitenote_category":0,"footnotes":""},"categories":[2984,2,4],"tags":[7955,3491,9306],"class_list":{"0":"post-401204","1":"post","2":"type-post","3":"status-publish","4":"format-standard","5":"has-post-thumbnail","7":"category-covid-19","8":"category-destacado","9":"category-nacionales","10":"tag-plan-nacional-de-vacunacion-anticovid","11":"tag-vacunacion-a-ninos","12":"tag-vacunacion-contra-el-covid-19"},"yoast_head":"<!-- This site is optimized with the Yoast SEO plugin v27.5 - https:\/\/yoast.com\/product\/yoast-seo-wordpress\/ -->\n<title>Sociedad Paraguaya de Pediatr\u00eda insta a los padres a registrar a los ni\u00f1os para vacunaci\u00f3n - .::Agencia IP::.<\/title>\n<meta name=\"robots\" content=\"index, follow, max-snippet:-1, max-image-preview:large, max-video-preview:-1\" \/>\n<link rel=\"canonical\" href=\"https:\/\/www.ip.gov.py\/ip\/2022\/01\/27\/sociedad-paraguaya-de-pediatria-insta-a-los-padres-a-registrar-a-los-ninos-para-campana-de-vacunacion\/\" \/>\n<meta property=\"og:locale\" content=\"es_ES\" \/>\n<meta property=\"og:type\" content=\"article\" \/>\n<meta property=\"og:title\" content=\"Sociedad Paraguaya de Pediatr\u00eda insta a los padres a registrar a los ni\u00f1os para vacunaci\u00f3n - .::Agencia IP::.\" \/>\n<meta property=\"og:description\" content=\"Asunci\u00f3n, Agencia IP.- La Sociedad Paraguaya de Pediatr\u00eda (SPP) insta a todos los padres a registrar a los ni\u00f1os de 5 a 11 a\u00f1os para la vacunaci\u00f3n contra el covid-19, que iniciar\u00e1 la pr\u00f3xima semana.\" \/>\n<meta property=\"og:url\" content=\"https:\/\/www.ip.gov.py\/ip\/2022\/01\/27\/sociedad-paraguaya-de-pediatria-insta-a-los-padres-a-registrar-a-los-ninos-para-campana-de-vacunacion\/\" \/>\n<meta property=\"og:site_name\" content=\".::Agencia IP::.\" \/>\n<meta property=\"article:publisher\" content=\"https:\/\/www.facebook.com\/IPParaguay\/\" \/>\n<meta property=\"article:published_time\" content=\"2022-01-27T14:45:46+00:00\" \/>\n<meta property=\"article:modified_time\" content=\"2022-01-27T14:49:17+00:00\" \/>\n<meta property=\"og:image\" content=\"https:\/\/www.ip.gov.py\/ip\/wp-content\/uploads\/2021\/07\/vacunacion-en-el-SND-adolescentes-1.jpg\" \/>\n\t<meta property=\"og:image:width\" content=\"1280\" \/>\n\t<meta property=\"og:image:height\" content=\"1019\" \/>\n\t<meta property=\"og:image:type\" content=\"image\/jpeg\" \/>\n<meta name=\"author\" content=\"Alberto C\" \/>\n<meta name=\"twitter:card\" content=\"summary_large_image\" \/>\n<meta name=\"twitter:creator\" content=\"@IPParaguay\" \/>\n<meta name=\"twitter:site\" content=\"@IPParaguay\" \/>\n<meta name=\"twitter:label1\" content=\"Escrito por\" \/>\n\t<meta name=\"twitter:data1\" content=\"Alberto C\" \/>\n\t<meta name=\"twitter:label2\" content=\"Tiempo de lectura\" \/>\n\t<meta name=\"twitter:data2\" content=\"2 minutos\" \/>\n<script type=\"application\/ld+json\" class=\"yoast-schema-graph\">{\"@context\":\"https:\\\/\\\/schema.org\",\"@graph\":[{\"@type\":\"Article\",\"@id\":\"https:\\\/\\\/www.ip.gov.py\\\/ip\\\/2022\\\/01\\\/27\\\/sociedad-paraguaya-de-pediatria-insta-a-los-padres-a-registrar-a-los-ninos-para-campana-de-vacunacion\\\/#article\",\"isPartOf\":{\"@id\":\"https:\\\/\\\/www.ip.gov.py\\\/ip\\\/2022\\\/01\\\/27\\\/sociedad-paraguaya-de-pediatria-insta-a-los-padres-a-registrar-a-los-ninos-para-campana-de-vacunacion\\\/\"},\"author\":{\"name\":\"Alberto C\",\"@id\":\"https:\\\/\\\/www.ip.gov.py\\\/ip\\\/#\\\/schema\\\/person\\\/369fedd28420fad35e23b10a9df16fb8\"},\"headline\":\"Sociedad Paraguaya de Pediatr\u00eda insta a los padres a registrar a los ni\u00f1os para vacunaci\u00f3n\",\"datePublished\":\"2022-01-27T14:45:46+00:00\",\"dateModified\":\"2022-01-27T14:49:17+00:00\",\"mainEntityOfPage\":{\"@id\":\"https:\\\/\\\/www.ip.gov.py\\\/ip\\\/2022\\\/01\\\/27\\\/sociedad-paraguaya-de-pediatria-insta-a-los-padres-a-registrar-a-los-ninos-para-campana-de-vacunacion\\\/\"},\"wordCount\":423,\"publisher\":{\"@id\":\"https:\\\/\\\/www.ip.gov.py\\\/ip\\\/#organization\"},\"image\":{\"@id\":\"https:\\\/\\\/www.ip.gov.py\\\/ip\\\/2022\\\/01\\\/27\\\/sociedad-paraguaya-de-pediatria-insta-a-los-padres-a-registrar-a-los-ninos-para-campana-de-vacunacion\\\/#primaryimage\"},\"thumbnailUrl\":\"https:\\\/\\\/www.ip.gov.py\\\/ip\\\/wp-content\\\/uploads\\\/2021\\\/07\\\/vacunacion-en-el-SND-adolescentes-1.jpg\",\"keywords\":[\"Plan Nacional de Vacunaci\u00f3n Anticovid\",\"vacunaci\u00f3n a ni\u00f1os\",\"vacunaci\u00f3n contra el Covid-19\"],\"articleSection\":[\"COVID-19\",\"Destacado\",\"Nacionales\"],\"inLanguage\":\"es\"},{\"@type\":\"WebPage\",\"@id\":\"https:\\\/\\\/www.ip.gov.py\\\/ip\\\/2022\\\/01\\\/27\\\/sociedad-paraguaya-de-pediatria-insta-a-los-padres-a-registrar-a-los-ninos-para-campana-de-vacunacion\\\/\",\"url\":\"https:\\\/\\\/www.ip.gov.py\\\/ip\\\/2022\\\/01\\\/27\\\/sociedad-paraguaya-de-pediatria-insta-a-los-padres-a-registrar-a-los-ninos-para-campana-de-vacunacion\\\/\",\"name\":\"Sociedad Paraguaya de Pediatr\u00eda insta a los padres a registrar a los ni\u00f1os para vacunaci\u00f3n - .::Agencia IP::.\",\"isPartOf\":{\"@id\":\"https:\\\/\\\/www.ip.gov.py\\\/ip\\\/#website\"},\"primaryImageOfPage\":{\"@id\":\"https:\\\/\\\/www.ip.gov.py\\\/ip\\\/2022\\\/01\\\/27\\\/sociedad-paraguaya-de-pediatria-insta-a-los-padres-a-registrar-a-los-ninos-para-campana-de-vacunacion\\\/#primaryimage\"},\"image\":{\"@id\":\"https:\\\/\\\/www.ip.gov.py\\\/ip\\\/2022\\\/01\\\/27\\\/sociedad-paraguaya-de-pediatria-insta-a-los-padres-a-registrar-a-los-ninos-para-campana-de-vacunacion\\\/#primaryimage\"},\"thumbnailUrl\":\"https:\\\/\\\/www.ip.gov.py\\\/ip\\\/wp-content\\\/uploads\\\/2021\\\/07\\\/vacunacion-en-el-SND-adolescentes-1.jpg\",\"datePublished\":\"2022-01-27T14:45:46+00:00\",\"dateModified\":\"2022-01-27T14:49:17+00:00\",\"breadcrumb\":{\"@id\":\"https:\\\/\\\/www.ip.gov.py\\\/ip\\\/2022\\\/01\\\/27\\\/sociedad-paraguaya-de-pediatria-insta-a-los-padres-a-registrar-a-los-ninos-para-campana-de-vacunacion\\\/#breadcrumb\"},\"inLanguage\":\"es\",\"potentialAction\":[{\"@type\":\"ReadAction\",\"target\":[\"https:\\\/\\\/www.ip.gov.py\\\/ip\\\/2022\\\/01\\\/27\\\/sociedad-paraguaya-de-pediatria-insta-a-los-padres-a-registrar-a-los-ninos-para-campana-de-vacunacion\\\/\"]}]},{\"@type\":\"ImageObject\",\"inLanguage\":\"es\",\"@id\":\"https:\\\/\\\/www.ip.gov.py\\\/ip\\\/2022\\\/01\\\/27\\\/sociedad-paraguaya-de-pediatria-insta-a-los-padres-a-registrar-a-los-ninos-para-campana-de-vacunacion\\\/#primaryimage\",\"url\":\"https:\\\/\\\/www.ip.gov.py\\\/ip\\\/wp-content\\\/uploads\\\/2021\\\/07\\\/vacunacion-en-el-SND-adolescentes-1.jpg\",\"contentUrl\":\"https:\\\/\\\/www.ip.gov.py\\\/ip\\\/wp-content\\\/uploads\\\/2021\\\/07\\\/vacunacion-en-el-SND-adolescentes-1.jpg\",\"width\":1280,\"height\":1019,\"caption\":\"Vacunaci\u00f3n a adolescentes en la Secretar\u00eda Nacional de Deportes. Foto Agencia IP.-\"},{\"@type\":\"BreadcrumbList\",\"@id\":\"https:\\\/\\\/www.ip.gov.py\\\/ip\\\/2022\\\/01\\\/27\\\/sociedad-paraguaya-de-pediatria-insta-a-los-padres-a-registrar-a-los-ninos-para-campana-de-vacunacion\\\/#breadcrumb\",\"itemListElement\":[{\"@type\":\"ListItem\",\"position\":1,\"name\":\"Portada\",\"item\":\"https:\\\/\\\/www.ip.gov.py\\\/ip\\\/\"},{\"@type\":\"ListItem\",\"position\":2,\"name\":\"Sociedad Paraguaya de Pediatr\u00eda insta a los padres a registrar a los ni\u00f1os para vacunaci\u00f3n\"}]},{\"@type\":\"WebSite\",\"@id\":\"https:\\\/\\\/www.ip.gov.py\\\/ip\\\/#website\",\"url\":\"https:\\\/\\\/www.ip.gov.py\\\/ip\\\/\",\"name\":\".::Agencia IP::.\",\"description\":\"\",\"publisher\":{\"@id\":\"https:\\\/\\\/www.ip.gov.py\\\/ip\\\/#organization\"},\"potentialAction\":[{\"@type\":\"SearchAction\",\"target\":{\"@type\":\"EntryPoint\",\"urlTemplate\":\"https:\\\/\\\/www.ip.gov.py\\\/ip\\\/?s={search_term_string}\"},\"query-input\":{\"@type\":\"PropertyValueSpecification\",\"valueRequired\":true,\"valueName\":\"search_term_string\"}}],\"inLanguage\":\"es\"},{\"@type\":\"Organization\",\"@id\":\"https:\\\/\\\/www.ip.gov.py\\\/ip\\\/#organization\",\"name\":\"Agencia IP\",\"url\":\"https:\\\/\\\/www.ip.gov.py\\\/ip\\\/\",\"logo\":{\"@type\":\"ImageObject\",\"inLanguage\":\"es\",\"@id\":\"https:\\\/\\\/www.ip.gov.py\\\/ip\\\/#\\\/schema\\\/logo\\\/image\\\/\",\"url\":\"https:\\\/\\\/www.ip.gov.py\\\/ip\\\/wp-content\\\/uploads\\\/2018\\\/01\\\/Agencia-IP.jpg\",\"contentUrl\":\"https:\\\/\\\/www.ip.gov.py\\\/ip\\\/wp-content\\\/uploads\\\/2018\\\/01\\\/Agencia-IP.jpg\",\"width\":150,\"height\":150,\"caption\":\"Agencia IP\"},\"image\":{\"@id\":\"https:\\\/\\\/www.ip.gov.py\\\/ip\\\/#\\\/schema\\\/logo\\\/image\\\/\"},\"sameAs\":[\"https:\\\/\\\/www.facebook.com\\\/IPParaguay\\\/\",\"https:\\\/\\\/x.com\\\/IPParaguay\",\"https:\\\/\\\/www.instagram.com\\\/IPParaguay\"]},{\"@type\":\"Person\",\"@id\":\"https:\\\/\\\/www.ip.gov.py\\\/ip\\\/#\\\/schema\\\/person\\\/369fedd28420fad35e23b10a9df16fb8\",\"name\":\"Alberto C\",\"sameAs\":[\"https:\\\/\\\/www.ip.gov.py\"],\"url\":\"https:\\\/\\\/www.ip.gov.py\\\/ip\\\/author\\\/acelma\\\/\"}]}<\/script>\n<!-- \/ Yoast SEO plugin. -->","yoast_head_json":{"title":"Sociedad Paraguaya de Pediatr\u00eda insta a los padres a registrar a los ni\u00f1os para vacunaci\u00f3n - .::Agencia IP::.","robots":{"index":"index","follow":"follow","max-snippet":"max-snippet:-1","max-image-preview":"max-image-preview:large","max-video-preview":"max-video-preview:-1"},"canonical":"https:\/\/www.ip.gov.py\/ip\/2022\/01\/27\/sociedad-paraguaya-de-pediatria-insta-a-los-padres-a-registrar-a-los-ninos-para-campana-de-vacunacion\/","og_locale":"es_ES","og_type":"article","og_title":"Sociedad Paraguaya de Pediatr\u00eda insta a los padres a registrar a los ni\u00f1os para vacunaci\u00f3n - .::Agencia IP::.","og_description":"Asunci\u00f3n, Agencia IP.- La Sociedad Paraguaya de Pediatr\u00eda (SPP) insta a todos los padres a registrar a los ni\u00f1os de 5 a 11 a\u00f1os para la vacunaci\u00f3n contra el covid-19, que iniciar\u00e1 la pr\u00f3xima semana.","og_url":"https:\/\/www.ip.gov.py\/ip\/2022\/01\/27\/sociedad-paraguaya-de-pediatria-insta-a-los-padres-a-registrar-a-los-ninos-para-campana-de-vacunacion\/","og_site_name":".::Agencia IP::.","article_publisher":"https:\/\/www.facebook.com\/IPParaguay\/","article_published_time":"2022-01-27T14:45:46+00:00","article_modified_time":"2022-01-27T14:49:17+00:00","og_image":[{"width":1280,"height":1019,"url":"https:\/\/www.ip.gov.py\/ip\/wp-content\/uploads\/2021\/07\/vacunacion-en-el-SND-adolescentes-1.jpg","type":"image\/jpeg"}],"author":"Alberto C","twitter_card":"summary_large_image","twitter_creator":"@IPParaguay","twitter_site":"@IPParaguay","twitter_misc":{"Escrito por":"Alberto C","Tiempo de lectura":"2 minutos"},"schema":{"@context":"https:\/\/schema.org","@graph":[{"@type":"Article","@id":"https:\/\/www.ip.gov.py\/ip\/2022\/01\/27\/sociedad-paraguaya-de-pediatria-insta-a-los-padres-a-registrar-a-los-ninos-para-campana-de-vacunacion\/#article","isPartOf":{"@id":"https:\/\/www.ip.gov.py\/ip\/2022\/01\/27\/sociedad-paraguaya-de-pediatria-insta-a-los-padres-a-registrar-a-los-ninos-para-campana-de-vacunacion\/"},"author":{"name":"Alberto C","@id":"https:\/\/www.ip.gov.py\/ip\/#\/schema\/person\/369fedd28420fad35e23b10a9df16fb8"},"headline":"Sociedad Paraguaya de Pediatr\u00eda insta a los padres a registrar a los ni\u00f1os para vacunaci\u00f3n","datePublished":"2022-01-27T14:45:46+00:00","dateModified":"2022-01-27T14:49:17+00:00","mainEntityOfPage":{"@id":"https:\/\/www.ip.gov.py\/ip\/2022\/01\/27\/sociedad-paraguaya-de-pediatria-insta-a-los-padres-a-registrar-a-los-ninos-para-campana-de-vacunacion\/"},"wordCount":423,"publisher":{"@id":"https:\/\/www.ip.gov.py\/ip\/#organization"},"image":{"@id":"https:\/\/www.ip.gov.py\/ip\/2022\/01\/27\/sociedad-paraguaya-de-pediatria-insta-a-los-padres-a-registrar-a-los-ninos-para-campana-de-vacunacion\/#primaryimage"},"thumbnailUrl":"https:\/\/www.ip.gov.py\/ip\/wp-content\/uploads\/2021\/07\/vacunacion-en-el-SND-adolescentes-1.jpg","keywords":["Plan Nacional de Vacunaci\u00f3n Anticovid","vacunaci\u00f3n a ni\u00f1os","vacunaci\u00f3n contra el Covid-19"],"articleSection":["COVID-19","Destacado","Nacionales"],"inLanguage":"es"},{"@type":"WebPage","@id":"https:\/\/www.ip.gov.py\/ip\/2022\/01\/27\/sociedad-paraguaya-de-pediatria-insta-a-los-padres-a-registrar-a-los-ninos-para-campana-de-vacunacion\/","url":"https:\/\/www.ip.gov.py\/ip\/2022\/01\/27\/sociedad-paraguaya-de-pediatria-insta-a-los-padres-a-registrar-a-los-ninos-para-campana-de-vacunacion\/","name":"Sociedad Paraguaya de Pediatr\u00eda insta a los padres a registrar a los ni\u00f1os para vacunaci\u00f3n - .::Agencia IP::.","isPartOf":{"@id":"https:\/\/www.ip.gov.py\/ip\/#website"},"primaryImageOfPage":{"@id":"https:\/\/www.ip.gov.py\/ip\/2022\/01\/27\/sociedad-paraguaya-de-pediatria-insta-a-los-padres-a-registrar-a-los-ninos-para-campana-de-vacunacion\/#primaryimage"},"image":{"@id":"https:\/\/www.ip.gov.py\/ip\/2022\/01\/27\/sociedad-paraguaya-de-pediatria-insta-a-los-padres-a-registrar-a-los-ninos-para-campana-de-vacunacion\/#primaryimage"},"thumbnailUrl":"https:\/\/www.ip.gov.py\/ip\/wp-content\/uploads\/2021\/07\/vacunacion-en-el-SND-adolescentes-1.jpg","datePublished":"2022-01-27T14:45:46+00:00","dateModified":"2022-01-27T14:49:17+00:00","breadcrumb":{"@id":"https:\/\/www.ip.gov.py\/ip\/2022\/01\/27\/sociedad-paraguaya-de-pediatria-insta-a-los-padres-a-registrar-a-los-ninos-para-campana-de-vacunacion\/#breadcrumb"},"inLanguage":"es","potentialAction":[{"@type":"ReadAction","target":["https:\/\/www.ip.gov.py\/ip\/2022\/01\/27\/sociedad-paraguaya-de-pediatria-insta-a-los-padres-a-registrar-a-los-ninos-para-campana-de-vacunacion\/"]}]},{"@type":"ImageObject","inLanguage":"es","@id":"https:\/\/www.ip.gov.py\/ip\/2022\/01\/27\/sociedad-paraguaya-de-pediatria-insta-a-los-padres-a-registrar-a-los-ninos-para-campana-de-vacunacion\/#primaryimage","url":"https:\/\/www.ip.gov.py\/ip\/wp-content\/uploads\/2021\/07\/vacunacion-en-el-SND-adolescentes-1.jpg","contentUrl":"https:\/\/www.ip.gov.py\/ip\/wp-content\/uploads\/2021\/07\/vacunacion-en-el-SND-adolescentes-1.jpg","width":1280,"height":1019,"caption":"Vacunaci\u00f3n a adolescentes en la Secretar\u00eda Nacional de Deportes. Foto Agencia IP.-"},{"@type":"BreadcrumbList","@id":"https:\/\/www.ip.gov.py\/ip\/2022\/01\/27\/sociedad-paraguaya-de-pediatria-insta-a-los-padres-a-registrar-a-los-ninos-para-campana-de-vacunacion\/#breadcrumb","itemListElement":[{"@type":"ListItem","position":1,"name":"Portada","item":"https:\/\/www.ip.gov.py\/ip\/"},{"@type":"ListItem","position":2,"name":"Sociedad Paraguaya de Pediatr\u00eda insta a los padres a registrar a los ni\u00f1os para vacunaci\u00f3n"}]},{"@type":"WebSite","@id":"https:\/\/www.ip.gov.py\/ip\/#website","url":"https:\/\/www.ip.gov.py\/ip\/","name":".::Agencia IP::.","description":"","publisher":{"@id":"https:\/\/www.ip.gov.py\/ip\/#organization"},"potentialAction":[{"@type":"SearchAction","target":{"@type":"EntryPoint","urlTemplate":"https:\/\/www.ip.gov.py\/ip\/?s={search_term_string}"},"query-input":{"@type":"PropertyValueSpecification","valueRequired":true,"valueName":"search_term_string"}}],"inLanguage":"es"},{"@type":"Organization","@id":"https:\/\/www.ip.gov.py\/ip\/#organization","name":"Agencia IP","url":"https:\/\/www.ip.gov.py\/ip\/","logo":{"@type":"ImageObject","inLanguage":"es","@id":"https:\/\/www.ip.gov.py\/ip\/#\/schema\/logo\/image\/","url":"https:\/\/www.ip.gov.py\/ip\/wp-content\/uploads\/2018\/01\/Agencia-IP.jpg","contentUrl":"https:\/\/www.ip.gov.py\/ip\/wp-content\/uploads\/2018\/01\/Agencia-IP.jpg","width":150,"height":150,"caption":"Agencia IP"},"image":{"@id":"https:\/\/www.ip.gov.py\/ip\/#\/schema\/logo\/image\/"},"sameAs":["https:\/\/www.facebook.com\/IPParaguay\/","https:\/\/x.com\/IPParaguay","https:\/\/www.instagram.com\/IPParaguay"]},{"@type":"Person","@id":"https:\/\/www.ip.gov.py\/ip\/#\/schema\/person\/369fedd28420fad35e23b10a9df16fb8","name":"Alberto C","sameAs":["https:\/\/www.ip.gov.py"],"url":"https:\/\/www.ip.gov.py\/ip\/author\/acelma\/"}]}},"_links":{"self":[{"href":"https:\/\/www.ip.gov.py\/ip\/wp-json\/wp\/v2\/posts\/401204","targetHints":{"allow":["GET"]}}],"collection":[{"href":"https:\/\/www.ip.gov.py\/ip\/wp-json\/wp\/v2\/posts"}],"about":[{"href":"https:\/\/www.ip.gov.py\/ip\/wp-json\/wp\/v2\/types\/post"}],"author":[{"embeddable":true,"href":"https:\/\/www.ip.gov.py\/ip\/wp-json\/wp\/v2\/users\/22"}],"replies":[{"embeddable":true,"href":"https:\/\/www.ip.gov.py\/ip\/wp-json\/wp\/v2\/comments?post=401204"}],"version-history":[{"count":0,"href":"https:\/\/www.ip.gov.py\/ip\/wp-json\/wp\/v2\/posts\/401204\/revisions"}],"wp:featuredmedia":[{"embeddable":true,"href":"https:\/\/www.ip.gov.py\/ip\/wp-json\/wp\/v2\/media\/376515"}],"wp:attachment":[{"href":"https:\/\/www.ip.gov.py\/ip\/wp-json\/wp\/v2\/media?parent=401204"}],"wp:term":[{"taxonomy":"category","embeddable":true,"href":"https:\/\/www.ip.gov.py\/ip\/wp-json\/wp\/v2\/categories?post=401204"},{"taxonomy":"post_tag","embeddable":true,"href":"https:\/\/www.ip.gov.py\/ip\/wp-json\/wp\/v2\/tags?post=401204"}],"curies":[{"name":"wp","href":"https:\/\/api.w.org\/{rel}","templated":true}]}}