{"id":401876,"date":"2022-02-03T06:56:13","date_gmt":"2022-02-03T09:56:13","guid":{"rendered":"https:\/\/www.ip.gov.py\/ip\/?p=401876"},"modified":"2022-02-03T06:56:13","modified_gmt":"2022-02-03T09:56:13","slug":"biden-y-macron-conversaron-para-tratar-la-acumulacion-militar-en-ucrania","status":"publish","type":"post","link":"https:\/\/www.ip.gov.py\/ip\/2022\/02\/03\/biden-y-macron-conversaron-para-tratar-la-acumulacion-militar-en-ucrania\/","title":{"rendered":"Biden y Macron conversaron para tratar la acumulaci\u00f3n militar en Ucrania"},"content":{"rendered":"<p style=\"text-align: justify;\"><em><strong>Washington.-<\/strong><\/em>El presidente de Estados Unidos, Joe Biden, mantuvo una conversaci\u00f3n telef\u00f3nica con su hom\u00f3logo franc\u00e9s, Emmanuel Macron, en el marco de la acumulaci\u00f3n militar de Rusia en la frontera de Ucrania.<!--more--><\/p>\n<p style=\"text-align: justify;\">\u201cLos dos l\u00edderes afirmaron su apoyo a la soberan\u00eda e integridad territorial de Ucrania y revisaron la coordinaci\u00f3n en curso tanto en la diplomacia como en los preparativos para imponer costes econ\u00f3micos r\u00e1pidos y severos a Rusia en caso de que invada Ucrania\u201d, inform\u00f3 en un comunicado la Casa Blanca.<\/p>\n<p style=\"text-align: justify;\">Biden y Macron habr\u00edan acordado \u201cmantenerse en estrecho contacto\u201d y en consulta con los aliados de la OTAN y los socios de la Uni\u00f3n Europea. En este sentido, Par\u00eds asegura que hay una \u201cconvergencia\u201d de las partes occidentales implicadas para lograr la desescalada, aunque desde el El\u00edseo han apuntado que hay ciertos actores que est\u00e1n m\u00e1s en la \u201cdisuasi\u00f3n\u201d que en la discusi\u00f3n\u201d.<\/p>\n<p style=\"text-align: justify;\">Seg\u00fan una fuente cercana a Macron citada por \u2018Le Monde\u2019, desde Francia apuestan por el di\u00e1logo y temen que la situaci\u00f3n se desestabilice. De hecho, el mandatario franc\u00e9s, que ya ha hablado dos veces por tel\u00e9fono con el presidente ruso en los \u00faltimos siete d\u00edas, cree que puede desempe\u00f1ar un papel de mediador.<\/p>\n<p style=\"text-align: justify;\">Asimismo, Macron adelant\u00f3 que podr\u00eda viajar muy pronto a Rusia para reunirse con Vladimir Putin y dijo que \u201cno descarta nada\u201d, ninguna iniciativa ni ning\u00fan viaje. Precisamente este jueves est\u00e1 programada una llamada entre el mandatario franc\u00e9s y su hom\u00f3logo ruso.<\/p>\n<p style=\"text-align: justify;\">Este mismo mi\u00e9rcoles, el portavoz del Departamento de Defensa estadounidense, John Kirby, confirm\u00f3 ante los medios el reposicionamiento en Polonia y Alemania de unos 2.000 efectivos, mientras que a Ruman\u00eda ir\u00e1n otros mil m\u00e1s.<\/p>\n<p style=\"text-align: justify;\">Por su parte, el portavoz del Kremlin, Dimitri Peskov, se\u00f1al\u00f3 que las autoridades de Rusia no descartan una operaci\u00f3n militar por parte de Ucrania en un futuro pr\u00f3ximo para \u201carrebatarle\u201d la pen\u00ednsula de Crimea, que el pa\u00eds se anexion\u00f3 en 2014.<\/p>\n<p style=\"text-align: justify;\">Adem\u00e1s, el Kremlin asegura que Rusia est\u00e1 \u201clista\u201d para minimizar las secuelas de nuevas sanciones impuestas por Estados Unidos. \u201cTenemos planes para cubrir los riesgos, para minimizar las consecuencias de tales acciones imprevisibles\u201d, asever\u00f3.<\/p>\n<p style=\"text-align: justify;\">Por otro lado, el primer ministro del Reino Unido, Boris Johnson, mantuvo este mi\u00e9rcoles una conversaci\u00f3n con el presidente ruso, Vlad\u00edmir Putin, en la que defendi\u00f3 el derecho de Ucrania a entrar en la OTAN si as\u00ed lo desea, inform\u00f3 un portavoz de Downing Street, despacho oficial del jefe de Gobierno brit\u00e1nico.<\/p>\n<p style=\"text-align: justify;\">Jonhson subray\u00f3 que \u201cbajo la pol\u00edtica de puertas abiertas de la OTAN, todas las democracias europeas tienen el derecho a aspirar a ser miembros. Este derecho se aplica por completo a Ucrania\u201d, seg\u00fan relat\u00f3 su portavoz.<\/p>\n<p style=\"text-align: justify;\">Por su parte, Putin critic\u00f3 que Ucrania est\u00e1 llevando a cabo un \u201csabotaje cr\u00f3nico\u201d de los Acuerdos de Minsk.Infobae.<\/p>\n","protected":false},"excerpt":{"rendered":"<p>Washington.-El presidente de Estados Unidos, Joe Biden, mantuvo una conversaci\u00f3n telef\u00f3nica con su hom\u00f3logo franc\u00e9s, Emmanuel Macron, en el marco de la acumulaci\u00f3n militar de Rusia en la frontera de Ucrania.<\/p>\n","protected":false},"author":11,"featured_media":401877,"comment_status":"closed","ping_status":"closed","sticky":false,"template":"","format":"standard","meta":{"_monsterinsights_skip_tracking":false,"_monsterinsights_sitenote_active":false,"_monsterinsights_sitenote_note":"","_monsterinsights_sitenote_category":0,"footnotes":""},"categories":[5],"tags":[3368,3612,4247,4417,202,3262],"class_list":{"0":"post-401876","1":"post","2":"type-post","3":"status-publish","4":"format-standard","5":"has-post-thumbnail","7":"category-internacionales","8":"tag-biden","9":"tag-crisis","10":"tag-cumbre","11":"tag-macron","12":"tag-rusia","13":"tag-ucrania"},"yoast_head":"<!-- This site is optimized with the Yoast SEO plugin v27.5 - https:\/\/yoast.com\/product\/yoast-seo-wordpress\/ -->\n<title>Biden y Macron conversaron para tratar la acumulaci\u00f3n militar en Ucrania - .::Agencia IP::.<\/title>\n<meta name=\"robots\" content=\"index, follow, max-snippet:-1, max-image-preview:large, max-video-preview:-1\" \/>\n<link rel=\"canonical\" href=\"https:\/\/www.ip.gov.py\/ip\/2022\/02\/03\/biden-y-macron-conversaron-para-tratar-la-acumulacion-militar-en-ucrania\/\" \/>\n<meta property=\"og:locale\" content=\"es_ES\" \/>\n<meta property=\"og:type\" content=\"article\" \/>\n<meta property=\"og:title\" content=\"Biden y Macron conversaron para tratar la acumulaci\u00f3n militar en Ucrania - .::Agencia IP::.\" \/>\n<meta property=\"og:description\" content=\"Washington.-El presidente de Estados Unidos, Joe Biden, mantuvo una conversaci\u00f3n telef\u00f3nica con su hom\u00f3logo franc\u00e9s, Emmanuel Macron, en el marco de la acumulaci\u00f3n militar de Rusia en la frontera de Ucrania.\" \/>\n<meta property=\"og:url\" content=\"https:\/\/www.ip.gov.py\/ip\/2022\/02\/03\/biden-y-macron-conversaron-para-tratar-la-acumulacion-militar-en-ucrania\/\" \/>\n<meta property=\"og:site_name\" content=\".::Agencia IP::.\" \/>\n<meta property=\"article:publisher\" content=\"https:\/\/www.facebook.com\/IPParaguay\/\" \/>\n<meta property=\"article:published_time\" content=\"2022-02-03T09:56:13+00:00\" \/>\n<meta property=\"og:image\" content=\"https:\/\/www.ip.gov.py\/ip\/wp-content\/uploads\/2022\/02\/Cumbre.webp\" \/>\n\t<meta property=\"og:image:width\" content=\"768\" \/>\n\t<meta property=\"og:image:height\" content=\"512\" \/>\n\t<meta property=\"og:image:type\" content=\"image\/webp\" \/>\n<meta name=\"author\" content=\"vrios\" \/>\n<meta name=\"twitter:card\" content=\"summary_large_image\" \/>\n<meta name=\"twitter:creator\" content=\"@IPParaguay\" \/>\n<meta name=\"twitter:site\" content=\"@IPParaguay\" \/>\n<meta name=\"twitter:label1\" content=\"Escrito por\" \/>\n\t<meta name=\"twitter:data1\" content=\"vrios\" \/>\n\t<meta name=\"twitter:label2\" content=\"Tiempo de lectura\" \/>\n\t<meta name=\"twitter:data2\" content=\"3 minutos\" \/>\n<script type=\"application\/ld+json\" class=\"yoast-schema-graph\">{\"@context\":\"https:\\\/\\\/schema.org\",\"@graph\":[{\"@type\":\"Article\",\"@id\":\"https:\\\/\\\/www.ip.gov.py\\\/ip\\\/2022\\\/02\\\/03\\\/biden-y-macron-conversaron-para-tratar-la-acumulacion-militar-en-ucrania\\\/#article\",\"isPartOf\":{\"@id\":\"https:\\\/\\\/www.ip.gov.py\\\/ip\\\/2022\\\/02\\\/03\\\/biden-y-macron-conversaron-para-tratar-la-acumulacion-militar-en-ucrania\\\/\"},\"author\":{\"name\":\"vrios\",\"@id\":\"https:\\\/\\\/www.ip.gov.py\\\/ip\\\/#\\\/schema\\\/person\\\/fa3668852e893cb0423795330f919039\"},\"headline\":\"Biden y Macron conversaron para tratar la acumulaci\u00f3n militar en Ucrania\",\"datePublished\":\"2022-02-03T09:56:13+00:00\",\"mainEntityOfPage\":{\"@id\":\"https:\\\/\\\/www.ip.gov.py\\\/ip\\\/2022\\\/02\\\/03\\\/biden-y-macron-conversaron-para-tratar-la-acumulacion-militar-en-ucrania\\\/\"},\"wordCount\":513,\"publisher\":{\"@id\":\"https:\\\/\\\/www.ip.gov.py\\\/ip\\\/#organization\"},\"image\":{\"@id\":\"https:\\\/\\\/www.ip.gov.py\\\/ip\\\/2022\\\/02\\\/03\\\/biden-y-macron-conversaron-para-tratar-la-acumulacion-militar-en-ucrania\\\/#primaryimage\"},\"thumbnailUrl\":\"https:\\\/\\\/www.ip.gov.py\\\/ip\\\/wp-content\\\/uploads\\\/2022\\\/02\\\/Cumbre.webp\",\"keywords\":[\"Biden\",\"Crisis\",\"Cumbre\",\"Macron\",\"Rusia\",\"Ucrania\"],\"articleSection\":[\"Internacionales\"],\"inLanguage\":\"es\"},{\"@type\":\"WebPage\",\"@id\":\"https:\\\/\\\/www.ip.gov.py\\\/ip\\\/2022\\\/02\\\/03\\\/biden-y-macron-conversaron-para-tratar-la-acumulacion-militar-en-ucrania\\\/\",\"url\":\"https:\\\/\\\/www.ip.gov.py\\\/ip\\\/2022\\\/02\\\/03\\\/biden-y-macron-conversaron-para-tratar-la-acumulacion-militar-en-ucrania\\\/\",\"name\":\"Biden y Macron conversaron para tratar la acumulaci\u00f3n militar en Ucrania - .::Agencia IP::.\",\"isPartOf\":{\"@id\":\"https:\\\/\\\/www.ip.gov.py\\\/ip\\\/#website\"},\"primaryImageOfPage\":{\"@id\":\"https:\\\/\\\/www.ip.gov.py\\\/ip\\\/2022\\\/02\\\/03\\\/biden-y-macron-conversaron-para-tratar-la-acumulacion-militar-en-ucrania\\\/#primaryimage\"},\"image\":{\"@id\":\"https:\\\/\\\/www.ip.gov.py\\\/ip\\\/2022\\\/02\\\/03\\\/biden-y-macron-conversaron-para-tratar-la-acumulacion-militar-en-ucrania\\\/#primaryimage\"},\"thumbnailUrl\":\"https:\\\/\\\/www.ip.gov.py\\\/ip\\\/wp-content\\\/uploads\\\/2022\\\/02\\\/Cumbre.webp\",\"datePublished\":\"2022-02-03T09:56:13+00:00\",\"breadcrumb\":{\"@id\":\"https:\\\/\\\/www.ip.gov.py\\\/ip\\\/2022\\\/02\\\/03\\\/biden-y-macron-conversaron-para-tratar-la-acumulacion-militar-en-ucrania\\\/#breadcrumb\"},\"inLanguage\":\"es\",\"potentialAction\":[{\"@type\":\"ReadAction\",\"target\":[\"https:\\\/\\\/www.ip.gov.py\\\/ip\\\/2022\\\/02\\\/03\\\/biden-y-macron-conversaron-para-tratar-la-acumulacion-militar-en-ucrania\\\/\"]}]},{\"@type\":\"ImageObject\",\"inLanguage\":\"es\",\"@id\":\"https:\\\/\\\/www.ip.gov.py\\\/ip\\\/2022\\\/02\\\/03\\\/biden-y-macron-conversaron-para-tratar-la-acumulacion-militar-en-ucrania\\\/#primaryimage\",\"url\":\"https:\\\/\\\/www.ip.gov.py\\\/ip\\\/wp-content\\\/uploads\\\/2022\\\/02\\\/Cumbre.webp\",\"contentUrl\":\"https:\\\/\\\/www.ip.gov.py\\\/ip\\\/wp-content\\\/uploads\\\/2022\\\/02\\\/Cumbre.webp\",\"width\":768,\"height\":512,\"caption\":\"Infobae\"},{\"@type\":\"BreadcrumbList\",\"@id\":\"https:\\\/\\\/www.ip.gov.py\\\/ip\\\/2022\\\/02\\\/03\\\/biden-y-macron-conversaron-para-tratar-la-acumulacion-militar-en-ucrania\\\/#breadcrumb\",\"itemListElement\":[{\"@type\":\"ListItem\",\"position\":1,\"name\":\"Portada\",\"item\":\"https:\\\/\\\/www.ip.gov.py\\\/ip\\\/\"},{\"@type\":\"ListItem\",\"position\":2,\"name\":\"Biden y Macron conversaron para tratar la acumulaci\u00f3n militar en Ucrania\"}]},{\"@type\":\"WebSite\",\"@id\":\"https:\\\/\\\/www.ip.gov.py\\\/ip\\\/#website\",\"url\":\"https:\\\/\\\/www.ip.gov.py\\\/ip\\\/\",\"name\":\".::Agencia IP::.\",\"description\":\"\",\"publisher\":{\"@id\":\"https:\\\/\\\/www.ip.gov.py\\\/ip\\\/#organization\"},\"potentialAction\":[{\"@type\":\"SearchAction\",\"target\":{\"@type\":\"EntryPoint\",\"urlTemplate\":\"https:\\\/\\\/www.ip.gov.py\\\/ip\\\/?s={search_term_string}\"},\"query-input\":{\"@type\":\"PropertyValueSpecification\",\"valueRequired\":true,\"valueName\":\"search_term_string\"}}],\"inLanguage\":\"es\"},{\"@type\":\"Organization\",\"@id\":\"https:\\\/\\\/www.ip.gov.py\\\/ip\\\/#organization\",\"name\":\"Agencia IP\",\"url\":\"https:\\\/\\\/www.ip.gov.py\\\/ip\\\/\",\"logo\":{\"@type\":\"ImageObject\",\"inLanguage\":\"es\",\"@id\":\"https:\\\/\\\/www.ip.gov.py\\\/ip\\\/#\\\/schema\\\/logo\\\/image\\\/\",\"url\":\"https:\\\/\\\/www.ip.gov.py\\\/ip\\\/wp-content\\\/uploads\\\/2018\\\/01\\\/Agencia-IP.jpg\",\"contentUrl\":\"https:\\\/\\\/www.ip.gov.py\\\/ip\\\/wp-content\\\/uploads\\\/2018\\\/01\\\/Agencia-IP.jpg\",\"width\":150,\"height\":150,\"caption\":\"Agencia IP\"},\"image\":{\"@id\":\"https:\\\/\\\/www.ip.gov.py\\\/ip\\\/#\\\/schema\\\/logo\\\/image\\\/\"},\"sameAs\":[\"https:\\\/\\\/www.facebook.com\\\/IPParaguay\\\/\",\"https:\\\/\\\/x.com\\\/IPParaguay\",\"https:\\\/\\\/www.instagram.com\\\/IPParaguay\"]},{\"@type\":\"Person\",\"@id\":\"https:\\\/\\\/www.ip.gov.py\\\/ip\\\/#\\\/schema\\\/person\\\/fa3668852e893cb0423795330f919039\",\"name\":\"vrios\",\"url\":\"https:\\\/\\\/www.ip.gov.py\\\/ip\\\/author\\\/vrios\\\/\"}]}<\/script>\n<!-- \/ Yoast SEO plugin. -->","yoast_head_json":{"title":"Biden y Macron conversaron para tratar la acumulaci\u00f3n militar en Ucrania - .::Agencia IP::.","robots":{"index":"index","follow":"follow","max-snippet":"max-snippet:-1","max-image-preview":"max-image-preview:large","max-video-preview":"max-video-preview:-1"},"canonical":"https:\/\/www.ip.gov.py\/ip\/2022\/02\/03\/biden-y-macron-conversaron-para-tratar-la-acumulacion-militar-en-ucrania\/","og_locale":"es_ES","og_type":"article","og_title":"Biden y Macron conversaron para tratar la acumulaci\u00f3n militar en Ucrania - .::Agencia IP::.","og_description":"Washington.-El presidente de Estados Unidos, Joe Biden, mantuvo una conversaci\u00f3n telef\u00f3nica con su hom\u00f3logo franc\u00e9s, Emmanuel Macron, en el marco de la acumulaci\u00f3n militar de Rusia en la frontera de Ucrania.","og_url":"https:\/\/www.ip.gov.py\/ip\/2022\/02\/03\/biden-y-macron-conversaron-para-tratar-la-acumulacion-militar-en-ucrania\/","og_site_name":".::Agencia IP::.","article_publisher":"https:\/\/www.facebook.com\/IPParaguay\/","article_published_time":"2022-02-03T09:56:13+00:00","og_image":[{"width":768,"height":512,"url":"https:\/\/www.ip.gov.py\/ip\/wp-content\/uploads\/2022\/02\/Cumbre.webp","type":"image\/webp"}],"author":"vrios","twitter_card":"summary_large_image","twitter_creator":"@IPParaguay","twitter_site":"@IPParaguay","twitter_misc":{"Escrito por":"vrios","Tiempo de lectura":"3 minutos"},"schema":{"@context":"https:\/\/schema.org","@graph":[{"@type":"Article","@id":"https:\/\/www.ip.gov.py\/ip\/2022\/02\/03\/biden-y-macron-conversaron-para-tratar-la-acumulacion-militar-en-ucrania\/#article","isPartOf":{"@id":"https:\/\/www.ip.gov.py\/ip\/2022\/02\/03\/biden-y-macron-conversaron-para-tratar-la-acumulacion-militar-en-ucrania\/"},"author":{"name":"vrios","@id":"https:\/\/www.ip.gov.py\/ip\/#\/schema\/person\/fa3668852e893cb0423795330f919039"},"headline":"Biden y Macron conversaron para tratar la acumulaci\u00f3n militar en Ucrania","datePublished":"2022-02-03T09:56:13+00:00","mainEntityOfPage":{"@id":"https:\/\/www.ip.gov.py\/ip\/2022\/02\/03\/biden-y-macron-conversaron-para-tratar-la-acumulacion-militar-en-ucrania\/"},"wordCount":513,"publisher":{"@id":"https:\/\/www.ip.gov.py\/ip\/#organization"},"image":{"@id":"https:\/\/www.ip.gov.py\/ip\/2022\/02\/03\/biden-y-macron-conversaron-para-tratar-la-acumulacion-militar-en-ucrania\/#primaryimage"},"thumbnailUrl":"https:\/\/www.ip.gov.py\/ip\/wp-content\/uploads\/2022\/02\/Cumbre.webp","keywords":["Biden","Crisis","Cumbre","Macron","Rusia","Ucrania"],"articleSection":["Internacionales"],"inLanguage":"es"},{"@type":"WebPage","@id":"https:\/\/www.ip.gov.py\/ip\/2022\/02\/03\/biden-y-macron-conversaron-para-tratar-la-acumulacion-militar-en-ucrania\/","url":"https:\/\/www.ip.gov.py\/ip\/2022\/02\/03\/biden-y-macron-conversaron-para-tratar-la-acumulacion-militar-en-ucrania\/","name":"Biden y Macron conversaron para tratar la acumulaci\u00f3n militar en Ucrania - .::Agencia IP::.","isPartOf":{"@id":"https:\/\/www.ip.gov.py\/ip\/#website"},"primaryImageOfPage":{"@id":"https:\/\/www.ip.gov.py\/ip\/2022\/02\/03\/biden-y-macron-conversaron-para-tratar-la-acumulacion-militar-en-ucrania\/#primaryimage"},"image":{"@id":"https:\/\/www.ip.gov.py\/ip\/2022\/02\/03\/biden-y-macron-conversaron-para-tratar-la-acumulacion-militar-en-ucrania\/#primaryimage"},"thumbnailUrl":"https:\/\/www.ip.gov.py\/ip\/wp-content\/uploads\/2022\/02\/Cumbre.webp","datePublished":"2022-02-03T09:56:13+00:00","breadcrumb":{"@id":"https:\/\/www.ip.gov.py\/ip\/2022\/02\/03\/biden-y-macron-conversaron-para-tratar-la-acumulacion-militar-en-ucrania\/#breadcrumb"},"inLanguage":"es","potentialAction":[{"@type":"ReadAction","target":["https:\/\/www.ip.gov.py\/ip\/2022\/02\/03\/biden-y-macron-conversaron-para-tratar-la-acumulacion-militar-en-ucrania\/"]}]},{"@type":"ImageObject","inLanguage":"es","@id":"https:\/\/www.ip.gov.py\/ip\/2022\/02\/03\/biden-y-macron-conversaron-para-tratar-la-acumulacion-militar-en-ucrania\/#primaryimage","url":"https:\/\/www.ip.gov.py\/ip\/wp-content\/uploads\/2022\/02\/Cumbre.webp","contentUrl":"https:\/\/www.ip.gov.py\/ip\/wp-content\/uploads\/2022\/02\/Cumbre.webp","width":768,"height":512,"caption":"Infobae"},{"@type":"BreadcrumbList","@id":"https:\/\/www.ip.gov.py\/ip\/2022\/02\/03\/biden-y-macron-conversaron-para-tratar-la-acumulacion-militar-en-ucrania\/#breadcrumb","itemListElement":[{"@type":"ListItem","position":1,"name":"Portada","item":"https:\/\/www.ip.gov.py\/ip\/"},{"@type":"ListItem","position":2,"name":"Biden y Macron conversaron para tratar la acumulaci\u00f3n militar en Ucrania"}]},{"@type":"WebSite","@id":"https:\/\/www.ip.gov.py\/ip\/#website","url":"https:\/\/www.ip.gov.py\/ip\/","name":".::Agencia IP::.","description":"","publisher":{"@id":"https:\/\/www.ip.gov.py\/ip\/#organization"},"potentialAction":[{"@type":"SearchAction","target":{"@type":"EntryPoint","urlTemplate":"https:\/\/www.ip.gov.py\/ip\/?s={search_term_string}"},"query-input":{"@type":"PropertyValueSpecification","valueRequired":true,"valueName":"search_term_string"}}],"inLanguage":"es"},{"@type":"Organization","@id":"https:\/\/www.ip.gov.py\/ip\/#organization","name":"Agencia IP","url":"https:\/\/www.ip.gov.py\/ip\/","logo":{"@type":"ImageObject","inLanguage":"es","@id":"https:\/\/www.ip.gov.py\/ip\/#\/schema\/logo\/image\/","url":"https:\/\/www.ip.gov.py\/ip\/wp-content\/uploads\/2018\/01\/Agencia-IP.jpg","contentUrl":"https:\/\/www.ip.gov.py\/ip\/wp-content\/uploads\/2018\/01\/Agencia-IP.jpg","width":150,"height":150,"caption":"Agencia IP"},"image":{"@id":"https:\/\/www.ip.gov.py\/ip\/#\/schema\/logo\/image\/"},"sameAs":["https:\/\/www.facebook.com\/IPParaguay\/","https:\/\/x.com\/IPParaguay","https:\/\/www.instagram.com\/IPParaguay"]},{"@type":"Person","@id":"https:\/\/www.ip.gov.py\/ip\/#\/schema\/person\/fa3668852e893cb0423795330f919039","name":"vrios","url":"https:\/\/www.ip.gov.py\/ip\/author\/vrios\/"}]}},"_links":{"self":[{"href":"https:\/\/www.ip.gov.py\/ip\/wp-json\/wp\/v2\/posts\/401876","targetHints":{"allow":["GET"]}}],"collection":[{"href":"https:\/\/www.ip.gov.py\/ip\/wp-json\/wp\/v2\/posts"}],"about":[{"href":"https:\/\/www.ip.gov.py\/ip\/wp-json\/wp\/v2\/types\/post"}],"author":[{"embeddable":true,"href":"https:\/\/www.ip.gov.py\/ip\/wp-json\/wp\/v2\/users\/11"}],"replies":[{"embeddable":true,"href":"https:\/\/www.ip.gov.py\/ip\/wp-json\/wp\/v2\/comments?post=401876"}],"version-history":[{"count":0,"href":"https:\/\/www.ip.gov.py\/ip\/wp-json\/wp\/v2\/posts\/401876\/revisions"}],"wp:featuredmedia":[{"embeddable":true,"href":"https:\/\/www.ip.gov.py\/ip\/wp-json\/wp\/v2\/media\/401877"}],"wp:attachment":[{"href":"https:\/\/www.ip.gov.py\/ip\/wp-json\/wp\/v2\/media?parent=401876"}],"wp:term":[{"taxonomy":"category","embeddable":true,"href":"https:\/\/www.ip.gov.py\/ip\/wp-json\/wp\/v2\/categories?post=401876"},{"taxonomy":"post_tag","embeddable":true,"href":"https:\/\/www.ip.gov.py\/ip\/wp-json\/wp\/v2\/tags?post=401876"}],"curies":[{"name":"wp","href":"https:\/\/api.w.org\/{rel}","templated":true}]}}