{"id":402648,"date":"2022-02-08T10:28:02","date_gmt":"2022-02-08T13:28:02","guid":{"rendered":"https:\/\/www.ip.gov.py\/ip\/?p=402648"},"modified":"2022-02-08T10:28:02","modified_gmt":"2022-02-08T13:28:02","slug":"macron-llega-a-ucrania-para-bajar-la-tension-del-conflicto-con-rusia","status":"publish","type":"post","link":"https:\/\/www.ip.gov.py\/ip\/2022\/02\/08\/macron-llega-a-ucrania-para-bajar-la-tension-del-conflicto-con-rusia\/","title":{"rendered":"Macron llega a Ucrania para bajar la tensi\u00f3n del conflicto con Rusia"},"content":{"rendered":"<p style=\"text-align: justify;\"><em><strong>Kiev.-<\/strong> <\/em>El presidente franc\u00e9s, Emmanuel Macron, lleg\u00f3 hoy a Ucrania para reunirse con su par local Volodimir Zelenski, en medio de una fren\u00e9tica actividad diplom\u00e1tica por tensiones entre Rusia y Occidente en torno a la exrep\u00fablica sovi\u00e9tica.<!--more--><\/p>\n<p style=\"text-align: justify;\">\u00abTodo el equipo franc\u00e9s en Ucrania, incluy\u00e9ndome, tenemos el honor de recibir en Kiev al presidente, Emmanuel Macron, quien viene a encontrarse con Vlad\u00edmir Zelenski. Nos espera un d\u00eda muy intenso\u00bb, escribi\u00f3 el embajador de Francia en Ucrania, Etienne de Ponsin, en su cuenta de Twitter.<\/p>\n<p style=\"text-align: justify;\">El diplom\u00e1tico tambi\u00e9n inform\u00f3 que el canciller franc\u00e9s, Jean-Yves Le Drian, hab\u00eda llegado a Ucrania y se reunir\u00eda con su hom\u00f3logo ucraniano, Dmitri Kuleba.<\/p>\n<p style=\"text-align: justify;\">\u00abBienvenido a Ucrania\u00bb, escribi\u00f3 el embajador.<\/p>\n<p style=\"text-align: justify;\">La intensa actividad diplom\u00e1tica del franc\u00e9s busca bajar la tensi\u00f3n en la actual disputa entre Rusia y Occidente.<\/p>\n<p style=\"text-align: justify;\">Estados Unidos dice que Rusia ha acumulado m\u00e1s de 100.000 soldados en su frontera con Ucrania y que planea invadir el pa\u00eds este mes.<\/p>\n<p style=\"text-align: justify;\">Rusia niega tener planes de invadir Ucrania, pero exige a Estados Unidos compromisos vinculantes de que Ucrania no ingresar\u00e1 a la Organizaci\u00f3n del Tratado del Atl\u00e1ntico Norte (OTAN) y de que la alianza atl\u00e1ntica retirar\u00e1 fuerzas de pa\u00edses de Europa del Este.<\/p>\n<p style=\"text-align: justify;\">Estados Unidos y la OTAN rechazan las exigencias.<\/p>\n<p style=\"text-align: justify;\">Ayer, Macron estuvo en Mosc\u00fa negociando durante m\u00e1s de cinco horas con el presidente ruso, Vladimir Putin, y hoy asegur\u00f3 que obtuvo garant\u00edas de su par de Rusia de que \u00abno habr\u00e1 degradaci\u00f3n ni escalada\u00bb en la crisis.<\/p>\n<p style=\"text-align: justify;\">\u00abPara m\u00ed, se trataba (&#8230;) impedir una escalada y abrir perspectivas nuevas (&#8230;) Y este objetivo se logr\u00f3\u00bb, dijo Macron a los periodistas en el avi\u00f3n que le transport\u00f3 de Mosc\u00fa a Kiev, inform\u00f3 la agencia de noticias francesa AFP.<\/p>\n<p style=\"text-align: justify;\">Putin, por su parte, insisti\u00f3 en su exigencia de garant\u00edas de seguridad a largo plazo para Rusia, que ha sido ignoradas por Estados Unidos y la OTAN.<\/p>\n<p style=\"text-align: justify;\">\u00abHaremos todo lo posible para encontrar un compromiso que satisfaga a todos. En las propuestas que enviamos a la OTAN y a Washington no hay ni un solo punto que consideremos irrealizable. Ni uno solo\u00bb, dijo ayer Putin en conferencia de prensa junto a Macron tras su encuentro.<\/p>\n<p style=\"text-align: justify;\">Russia y Ucrania est\u00e1n fuertemente enfrentados desde 2014, cuando una ola de protestas derrib\u00f3 al entonces Gobierno af\u00edn a Rusia, que fue reemplazado por el actual, nacionalista de derecha, antirruso y prooccidental.<\/p>\n<p style=\"text-align: justify;\">Rusia se anexion\u00f3 poco despu\u00e9s la pen\u00ednsula ucraniana de Crimea y respald\u00f3 pol\u00edticamente a milicias del este de Ucrania, de mayor\u00eda rusoparlante, que se alzaron en armas en rechazo al nuevo Gobierno ucraniano y que controlan dos provincias que limitan con territorio ruso.<\/p>\n<p style=\"text-align: justify;\">M\u00e1s de 14.000 personas han muerto desde entonces en combates entre el Ej\u00e9rcito ucraniano y las milicias separatistas en las provincias de Lugansk y Donetsk, ubicadas en una regi\u00f3n industrial conocida como Donbass.<\/p>\n<p style=\"text-align: justify;\">En 2015, Francia y Alemania ayudaron a alcanzar un acuerdo de paz, conocido como Acuerdos de Minsk, por haberse firmado en esa ciudad, capital de Bielorrusia.<\/p>\n<p style=\"text-align: justify;\">El acuerdo puso fin a los grandes combates, pero los esfuerzos por lograr un entendimiento pol\u00edtico definitivo se han estancado, y las escaramuzas son habituales.<\/p>\n<p style=\"text-align: justify;\">Putin ha urgido a Francia y Alemania a instar a Ucrania a cumplir el acuerdo, que contempla una amplia autonom\u00eda para el Donbass y una amnist\u00eda para los separatistas. Solo cuando Ucrania acepte estas condiciones, podr\u00e1 recuperar el control de las dos provincias rebeldes, seg\u00fan el pacto.<\/p>\n<p style=\"text-align: justify;\">El Gobierno ucraniano ha advertido a funcionarios occidentales, en varias visitas, en contra de ser presionada a implementar el acuerdo.<\/p>\n<p style=\"text-align: justify;\">Macron, sin embargo, dijo que planeaba exhortar a Zelenski a cumplir el acuerdo.<\/p>\n<p style=\"text-align: justify;\">Mientras tanto, tambi\u00e9n en Kiev, los ministros de Relaciones Exteriores de Alemania, Analena Baerbock; de la Rep\u00fablica Checa, Jan Lipavsky; de Austria, Alexander Schallenberg, y de Eslovaquia, Ivan Korcok, ten\u00edan previsto visitar la l\u00ednea que separa las fuerzas enfrentadas en Donbass, junto a su par de Ucrania, Dmitro Kuleba. T\u00e9lam<\/p>\n","protected":false},"excerpt":{"rendered":"<p>Kiev.- El presidente franc\u00e9s, Emmanuel Macron, lleg\u00f3 hoy a Ucrania para reunirse con su par local Volodimir Zelenski, en medio de una fren\u00e9tica actividad diplom\u00e1tica por tensiones entre Rusia y Occidente en torno a la exrep\u00fablica sovi\u00e9tica.<\/p>\n","protected":false},"author":23,"featured_media":368790,"comment_status":"closed","ping_status":"closed","sticky":false,"template":"","format":"standard","meta":{"_monsterinsights_skip_tracking":false,"_monsterinsights_sitenote_active":false,"_monsterinsights_sitenote_note":"","_monsterinsights_sitenote_category":0,"footnotes":""},"categories":[5],"tags":[8413,167,7194,202,3262],"class_list":{"0":"post-402648","1":"post","2":"type-post","3":"status-publish","4":"format-standard","5":"has-post-thumbnail","7":"category-internacionales","8":"tag-emmanuel-macron","9":"tag-francia","10":"tag-otan","11":"tag-rusia","12":"tag-ucrania"},"yoast_head":"<!-- This site is optimized with the Yoast SEO plugin v27.5 - https:\/\/yoast.com\/product\/yoast-seo-wordpress\/ -->\n<title>Macron llega a Ucrania para bajar la tensi\u00f3n del conflicto con Rusia - .::Agencia IP::.<\/title>\n<meta name=\"robots\" content=\"index, follow, max-snippet:-1, max-image-preview:large, max-video-preview:-1\" \/>\n<link rel=\"canonical\" href=\"https:\/\/www.ip.gov.py\/ip\/2022\/02\/08\/macron-llega-a-ucrania-para-bajar-la-tension-del-conflicto-con-rusia\/\" \/>\n<meta property=\"og:locale\" content=\"es_ES\" \/>\n<meta property=\"og:type\" content=\"article\" \/>\n<meta property=\"og:title\" content=\"Macron llega a Ucrania para bajar la tensi\u00f3n del conflicto con Rusia - .::Agencia IP::.\" \/>\n<meta property=\"og:description\" content=\"Kiev.- El presidente franc\u00e9s, Emmanuel Macron, lleg\u00f3 hoy a Ucrania para reunirse con su par local Volodimir Zelenski, en medio de una fren\u00e9tica actividad diplom\u00e1tica por tensiones entre Rusia y Occidente en torno a la exrep\u00fablica sovi\u00e9tica.\" \/>\n<meta property=\"og:url\" content=\"https:\/\/www.ip.gov.py\/ip\/2022\/02\/08\/macron-llega-a-ucrania-para-bajar-la-tension-del-conflicto-con-rusia\/\" \/>\n<meta property=\"og:site_name\" content=\".::Agencia IP::.\" \/>\n<meta property=\"article:publisher\" content=\"https:\/\/www.facebook.com\/IPParaguay\/\" \/>\n<meta property=\"article:published_time\" content=\"2022-02-08T13:28:02+00:00\" \/>\n<meta property=\"og:image\" content=\"https:\/\/www.ip.gov.py\/ip\/wp-content\/uploads\/2021\/06\/Macon.jpg\" \/>\n\t<meta property=\"og:image:width\" content=\"1004\" \/>\n\t<meta property=\"og:image:height\" content=\"565\" \/>\n\t<meta property=\"og:image:type\" content=\"image\/jpeg\" \/>\n<meta name=\"author\" content=\"Noelia Ferreira\" \/>\n<meta name=\"twitter:card\" content=\"summary_large_image\" \/>\n<meta name=\"twitter:creator\" content=\"@IPParaguay\" \/>\n<meta name=\"twitter:site\" content=\"@IPParaguay\" \/>\n<meta name=\"twitter:label1\" content=\"Escrito por\" \/>\n\t<meta name=\"twitter:data1\" content=\"Noelia Ferreira\" \/>\n\t<meta name=\"twitter:label2\" content=\"Tiempo de lectura\" \/>\n\t<meta name=\"twitter:data2\" content=\"3 minutos\" \/>\n<script type=\"application\/ld+json\" class=\"yoast-schema-graph\">{\"@context\":\"https:\\\/\\\/schema.org\",\"@graph\":[{\"@type\":\"Article\",\"@id\":\"https:\\\/\\\/www.ip.gov.py\\\/ip\\\/2022\\\/02\\\/08\\\/macron-llega-a-ucrania-para-bajar-la-tension-del-conflicto-con-rusia\\\/#article\",\"isPartOf\":{\"@id\":\"https:\\\/\\\/www.ip.gov.py\\\/ip\\\/2022\\\/02\\\/08\\\/macron-llega-a-ucrania-para-bajar-la-tension-del-conflicto-con-rusia\\\/\"},\"author\":{\"name\":\"Noelia Ferreira\",\"@id\":\"https:\\\/\\\/www.ip.gov.py\\\/ip\\\/#\\\/schema\\\/person\\\/791af27a9219bdbf9064abb776bb41c2\"},\"headline\":\"Macron llega a Ucrania para bajar la tensi\u00f3n del conflicto con Rusia\",\"datePublished\":\"2022-02-08T13:28:02+00:00\",\"mainEntityOfPage\":{\"@id\":\"https:\\\/\\\/www.ip.gov.py\\\/ip\\\/2022\\\/02\\\/08\\\/macron-llega-a-ucrania-para-bajar-la-tension-del-conflicto-con-rusia\\\/\"},\"wordCount\":702,\"publisher\":{\"@id\":\"https:\\\/\\\/www.ip.gov.py\\\/ip\\\/#organization\"},\"image\":{\"@id\":\"https:\\\/\\\/www.ip.gov.py\\\/ip\\\/2022\\\/02\\\/08\\\/macron-llega-a-ucrania-para-bajar-la-tension-del-conflicto-con-rusia\\\/#primaryimage\"},\"thumbnailUrl\":\"https:\\\/\\\/www.ip.gov.py\\\/ip\\\/wp-content\\\/uploads\\\/2021\\\/06\\\/Macon.jpg\",\"keywords\":[\"Emmanuel Macron\",\"Francia\",\"OTAN\",\"Rusia\",\"Ucrania\"],\"articleSection\":[\"Internacionales\"],\"inLanguage\":\"es\"},{\"@type\":\"WebPage\",\"@id\":\"https:\\\/\\\/www.ip.gov.py\\\/ip\\\/2022\\\/02\\\/08\\\/macron-llega-a-ucrania-para-bajar-la-tension-del-conflicto-con-rusia\\\/\",\"url\":\"https:\\\/\\\/www.ip.gov.py\\\/ip\\\/2022\\\/02\\\/08\\\/macron-llega-a-ucrania-para-bajar-la-tension-del-conflicto-con-rusia\\\/\",\"name\":\"Macron llega a Ucrania para bajar la tensi\u00f3n del conflicto con Rusia - .::Agencia IP::.\",\"isPartOf\":{\"@id\":\"https:\\\/\\\/www.ip.gov.py\\\/ip\\\/#website\"},\"primaryImageOfPage\":{\"@id\":\"https:\\\/\\\/www.ip.gov.py\\\/ip\\\/2022\\\/02\\\/08\\\/macron-llega-a-ucrania-para-bajar-la-tension-del-conflicto-con-rusia\\\/#primaryimage\"},\"image\":{\"@id\":\"https:\\\/\\\/www.ip.gov.py\\\/ip\\\/2022\\\/02\\\/08\\\/macron-llega-a-ucrania-para-bajar-la-tension-del-conflicto-con-rusia\\\/#primaryimage\"},\"thumbnailUrl\":\"https:\\\/\\\/www.ip.gov.py\\\/ip\\\/wp-content\\\/uploads\\\/2021\\\/06\\\/Macon.jpg\",\"datePublished\":\"2022-02-08T13:28:02+00:00\",\"breadcrumb\":{\"@id\":\"https:\\\/\\\/www.ip.gov.py\\\/ip\\\/2022\\\/02\\\/08\\\/macron-llega-a-ucrania-para-bajar-la-tension-del-conflicto-con-rusia\\\/#breadcrumb\"},\"inLanguage\":\"es\",\"potentialAction\":[{\"@type\":\"ReadAction\",\"target\":[\"https:\\\/\\\/www.ip.gov.py\\\/ip\\\/2022\\\/02\\\/08\\\/macron-llega-a-ucrania-para-bajar-la-tension-del-conflicto-con-rusia\\\/\"]}]},{\"@type\":\"ImageObject\",\"inLanguage\":\"es\",\"@id\":\"https:\\\/\\\/www.ip.gov.py\\\/ip\\\/2022\\\/02\\\/08\\\/macron-llega-a-ucrania-para-bajar-la-tension-del-conflicto-con-rusia\\\/#primaryimage\",\"url\":\"https:\\\/\\\/www.ip.gov.py\\\/ip\\\/wp-content\\\/uploads\\\/2021\\\/06\\\/Macon.jpg\",\"contentUrl\":\"https:\\\/\\\/www.ip.gov.py\\\/ip\\\/wp-content\\\/uploads\\\/2021\\\/06\\\/Macon.jpg\",\"width\":1004,\"height\":565,\"caption\":\"El presidente franc\u00e9s, Emmanuel Macron. Foto: Gentileza \\\/ T\u00e9lam\"},{\"@type\":\"BreadcrumbList\",\"@id\":\"https:\\\/\\\/www.ip.gov.py\\\/ip\\\/2022\\\/02\\\/08\\\/macron-llega-a-ucrania-para-bajar-la-tension-del-conflicto-con-rusia\\\/#breadcrumb\",\"itemListElement\":[{\"@type\":\"ListItem\",\"position\":1,\"name\":\"Portada\",\"item\":\"https:\\\/\\\/www.ip.gov.py\\\/ip\\\/\"},{\"@type\":\"ListItem\",\"position\":2,\"name\":\"Macron llega a Ucrania para bajar la tensi\u00f3n del conflicto con Rusia\"}]},{\"@type\":\"WebSite\",\"@id\":\"https:\\\/\\\/www.ip.gov.py\\\/ip\\\/#website\",\"url\":\"https:\\\/\\\/www.ip.gov.py\\\/ip\\\/\",\"name\":\".::Agencia IP::.\",\"description\":\"\",\"publisher\":{\"@id\":\"https:\\\/\\\/www.ip.gov.py\\\/ip\\\/#organization\"},\"potentialAction\":[{\"@type\":\"SearchAction\",\"target\":{\"@type\":\"EntryPoint\",\"urlTemplate\":\"https:\\\/\\\/www.ip.gov.py\\\/ip\\\/?s={search_term_string}\"},\"query-input\":{\"@type\":\"PropertyValueSpecification\",\"valueRequired\":true,\"valueName\":\"search_term_string\"}}],\"inLanguage\":\"es\"},{\"@type\":\"Organization\",\"@id\":\"https:\\\/\\\/www.ip.gov.py\\\/ip\\\/#organization\",\"name\":\"Agencia IP\",\"url\":\"https:\\\/\\\/www.ip.gov.py\\\/ip\\\/\",\"logo\":{\"@type\":\"ImageObject\",\"inLanguage\":\"es\",\"@id\":\"https:\\\/\\\/www.ip.gov.py\\\/ip\\\/#\\\/schema\\\/logo\\\/image\\\/\",\"url\":\"https:\\\/\\\/www.ip.gov.py\\\/ip\\\/wp-content\\\/uploads\\\/2018\\\/01\\\/Agencia-IP.jpg\",\"contentUrl\":\"https:\\\/\\\/www.ip.gov.py\\\/ip\\\/wp-content\\\/uploads\\\/2018\\\/01\\\/Agencia-IP.jpg\",\"width\":150,\"height\":150,\"caption\":\"Agencia IP\"},\"image\":{\"@id\":\"https:\\\/\\\/www.ip.gov.py\\\/ip\\\/#\\\/schema\\\/logo\\\/image\\\/\"},\"sameAs\":[\"https:\\\/\\\/www.facebook.com\\\/IPParaguay\\\/\",\"https:\\\/\\\/x.com\\\/IPParaguay\",\"https:\\\/\\\/www.instagram.com\\\/IPParaguay\"]},{\"@type\":\"Person\",\"@id\":\"https:\\\/\\\/www.ip.gov.py\\\/ip\\\/#\\\/schema\\\/person\\\/791af27a9219bdbf9064abb776bb41c2\",\"name\":\"Noelia Ferreira\",\"sameAs\":[\"http:\\\/\\\/www.ip.gov.py\"],\"url\":\"https:\\\/\\\/www.ip.gov.py\\\/ip\\\/author\\\/nferreira\\\/\"}]}<\/script>\n<!-- \/ Yoast SEO plugin. -->","yoast_head_json":{"title":"Macron llega a Ucrania para bajar la tensi\u00f3n del conflicto con Rusia - .::Agencia IP::.","robots":{"index":"index","follow":"follow","max-snippet":"max-snippet:-1","max-image-preview":"max-image-preview:large","max-video-preview":"max-video-preview:-1"},"canonical":"https:\/\/www.ip.gov.py\/ip\/2022\/02\/08\/macron-llega-a-ucrania-para-bajar-la-tension-del-conflicto-con-rusia\/","og_locale":"es_ES","og_type":"article","og_title":"Macron llega a Ucrania para bajar la tensi\u00f3n del conflicto con Rusia - .::Agencia IP::.","og_description":"Kiev.- El presidente franc\u00e9s, Emmanuel Macron, lleg\u00f3 hoy a Ucrania para reunirse con su par local Volodimir Zelenski, en medio de una fren\u00e9tica actividad diplom\u00e1tica por tensiones entre Rusia y Occidente en torno a la exrep\u00fablica sovi\u00e9tica.","og_url":"https:\/\/www.ip.gov.py\/ip\/2022\/02\/08\/macron-llega-a-ucrania-para-bajar-la-tension-del-conflicto-con-rusia\/","og_site_name":".::Agencia IP::.","article_publisher":"https:\/\/www.facebook.com\/IPParaguay\/","article_published_time":"2022-02-08T13:28:02+00:00","og_image":[{"width":1004,"height":565,"url":"https:\/\/www.ip.gov.py\/ip\/wp-content\/uploads\/2021\/06\/Macon.jpg","type":"image\/jpeg"}],"author":"Noelia Ferreira","twitter_card":"summary_large_image","twitter_creator":"@IPParaguay","twitter_site":"@IPParaguay","twitter_misc":{"Escrito por":"Noelia Ferreira","Tiempo de lectura":"3 minutos"},"schema":{"@context":"https:\/\/schema.org","@graph":[{"@type":"Article","@id":"https:\/\/www.ip.gov.py\/ip\/2022\/02\/08\/macron-llega-a-ucrania-para-bajar-la-tension-del-conflicto-con-rusia\/#article","isPartOf":{"@id":"https:\/\/www.ip.gov.py\/ip\/2022\/02\/08\/macron-llega-a-ucrania-para-bajar-la-tension-del-conflicto-con-rusia\/"},"author":{"name":"Noelia Ferreira","@id":"https:\/\/www.ip.gov.py\/ip\/#\/schema\/person\/791af27a9219bdbf9064abb776bb41c2"},"headline":"Macron llega a Ucrania para bajar la tensi\u00f3n del conflicto con Rusia","datePublished":"2022-02-08T13:28:02+00:00","mainEntityOfPage":{"@id":"https:\/\/www.ip.gov.py\/ip\/2022\/02\/08\/macron-llega-a-ucrania-para-bajar-la-tension-del-conflicto-con-rusia\/"},"wordCount":702,"publisher":{"@id":"https:\/\/www.ip.gov.py\/ip\/#organization"},"image":{"@id":"https:\/\/www.ip.gov.py\/ip\/2022\/02\/08\/macron-llega-a-ucrania-para-bajar-la-tension-del-conflicto-con-rusia\/#primaryimage"},"thumbnailUrl":"https:\/\/www.ip.gov.py\/ip\/wp-content\/uploads\/2021\/06\/Macon.jpg","keywords":["Emmanuel Macron","Francia","OTAN","Rusia","Ucrania"],"articleSection":["Internacionales"],"inLanguage":"es"},{"@type":"WebPage","@id":"https:\/\/www.ip.gov.py\/ip\/2022\/02\/08\/macron-llega-a-ucrania-para-bajar-la-tension-del-conflicto-con-rusia\/","url":"https:\/\/www.ip.gov.py\/ip\/2022\/02\/08\/macron-llega-a-ucrania-para-bajar-la-tension-del-conflicto-con-rusia\/","name":"Macron llega a Ucrania para bajar la tensi\u00f3n del conflicto con Rusia - .::Agencia IP::.","isPartOf":{"@id":"https:\/\/www.ip.gov.py\/ip\/#website"},"primaryImageOfPage":{"@id":"https:\/\/www.ip.gov.py\/ip\/2022\/02\/08\/macron-llega-a-ucrania-para-bajar-la-tension-del-conflicto-con-rusia\/#primaryimage"},"image":{"@id":"https:\/\/www.ip.gov.py\/ip\/2022\/02\/08\/macron-llega-a-ucrania-para-bajar-la-tension-del-conflicto-con-rusia\/#primaryimage"},"thumbnailUrl":"https:\/\/www.ip.gov.py\/ip\/wp-content\/uploads\/2021\/06\/Macon.jpg","datePublished":"2022-02-08T13:28:02+00:00","breadcrumb":{"@id":"https:\/\/www.ip.gov.py\/ip\/2022\/02\/08\/macron-llega-a-ucrania-para-bajar-la-tension-del-conflicto-con-rusia\/#breadcrumb"},"inLanguage":"es","potentialAction":[{"@type":"ReadAction","target":["https:\/\/www.ip.gov.py\/ip\/2022\/02\/08\/macron-llega-a-ucrania-para-bajar-la-tension-del-conflicto-con-rusia\/"]}]},{"@type":"ImageObject","inLanguage":"es","@id":"https:\/\/www.ip.gov.py\/ip\/2022\/02\/08\/macron-llega-a-ucrania-para-bajar-la-tension-del-conflicto-con-rusia\/#primaryimage","url":"https:\/\/www.ip.gov.py\/ip\/wp-content\/uploads\/2021\/06\/Macon.jpg","contentUrl":"https:\/\/www.ip.gov.py\/ip\/wp-content\/uploads\/2021\/06\/Macon.jpg","width":1004,"height":565,"caption":"El presidente franc\u00e9s, Emmanuel Macron. Foto: Gentileza \/ T\u00e9lam"},{"@type":"BreadcrumbList","@id":"https:\/\/www.ip.gov.py\/ip\/2022\/02\/08\/macron-llega-a-ucrania-para-bajar-la-tension-del-conflicto-con-rusia\/#breadcrumb","itemListElement":[{"@type":"ListItem","position":1,"name":"Portada","item":"https:\/\/www.ip.gov.py\/ip\/"},{"@type":"ListItem","position":2,"name":"Macron llega a Ucrania para bajar la tensi\u00f3n del conflicto con Rusia"}]},{"@type":"WebSite","@id":"https:\/\/www.ip.gov.py\/ip\/#website","url":"https:\/\/www.ip.gov.py\/ip\/","name":".::Agencia IP::.","description":"","publisher":{"@id":"https:\/\/www.ip.gov.py\/ip\/#organization"},"potentialAction":[{"@type":"SearchAction","target":{"@type":"EntryPoint","urlTemplate":"https:\/\/www.ip.gov.py\/ip\/?s={search_term_string}"},"query-input":{"@type":"PropertyValueSpecification","valueRequired":true,"valueName":"search_term_string"}}],"inLanguage":"es"},{"@type":"Organization","@id":"https:\/\/www.ip.gov.py\/ip\/#organization","name":"Agencia IP","url":"https:\/\/www.ip.gov.py\/ip\/","logo":{"@type":"ImageObject","inLanguage":"es","@id":"https:\/\/www.ip.gov.py\/ip\/#\/schema\/logo\/image\/","url":"https:\/\/www.ip.gov.py\/ip\/wp-content\/uploads\/2018\/01\/Agencia-IP.jpg","contentUrl":"https:\/\/www.ip.gov.py\/ip\/wp-content\/uploads\/2018\/01\/Agencia-IP.jpg","width":150,"height":150,"caption":"Agencia IP"},"image":{"@id":"https:\/\/www.ip.gov.py\/ip\/#\/schema\/logo\/image\/"},"sameAs":["https:\/\/www.facebook.com\/IPParaguay\/","https:\/\/x.com\/IPParaguay","https:\/\/www.instagram.com\/IPParaguay"]},{"@type":"Person","@id":"https:\/\/www.ip.gov.py\/ip\/#\/schema\/person\/791af27a9219bdbf9064abb776bb41c2","name":"Noelia Ferreira","sameAs":["http:\/\/www.ip.gov.py"],"url":"https:\/\/www.ip.gov.py\/ip\/author\/nferreira\/"}]}},"_links":{"self":[{"href":"https:\/\/www.ip.gov.py\/ip\/wp-json\/wp\/v2\/posts\/402648","targetHints":{"allow":["GET"]}}],"collection":[{"href":"https:\/\/www.ip.gov.py\/ip\/wp-json\/wp\/v2\/posts"}],"about":[{"href":"https:\/\/www.ip.gov.py\/ip\/wp-json\/wp\/v2\/types\/post"}],"author":[{"embeddable":true,"href":"https:\/\/www.ip.gov.py\/ip\/wp-json\/wp\/v2\/users\/23"}],"replies":[{"embeddable":true,"href":"https:\/\/www.ip.gov.py\/ip\/wp-json\/wp\/v2\/comments?post=402648"}],"version-history":[{"count":0,"href":"https:\/\/www.ip.gov.py\/ip\/wp-json\/wp\/v2\/posts\/402648\/revisions"}],"wp:featuredmedia":[{"embeddable":true,"href":"https:\/\/www.ip.gov.py\/ip\/wp-json\/wp\/v2\/media\/368790"}],"wp:attachment":[{"href":"https:\/\/www.ip.gov.py\/ip\/wp-json\/wp\/v2\/media?parent=402648"}],"wp:term":[{"taxonomy":"category","embeddable":true,"href":"https:\/\/www.ip.gov.py\/ip\/wp-json\/wp\/v2\/categories?post=402648"},{"taxonomy":"post_tag","embeddable":true,"href":"https:\/\/www.ip.gov.py\/ip\/wp-json\/wp\/v2\/tags?post=402648"}],"curies":[{"name":"wp","href":"https:\/\/api.w.org\/{rel}","templated":true}]}}