{"id":403823,"date":"2022-02-16T17:42:06","date_gmt":"2022-02-16T20:42:06","guid":{"rendered":"https:\/\/www.ip.gov.py\/ip\/?p=403823"},"modified":"2022-02-16T17:42:06","modified_gmt":"2022-02-16T20:42:06","slug":"paraguay-y-brasil-instalaran-comando-bipartito-en-frontera-para-lucha-contra-el-crimen-organizado","status":"publish","type":"post","link":"https:\/\/www.ip.gov.py\/ip\/2022\/02\/16\/paraguay-y-brasil-instalaran-comando-bipartito-en-frontera-para-lucha-contra-el-crimen-organizado\/","title":{"rendered":"Paraguay y Brasil instalar\u00e1n comando bipartito en frontera para lucha contra el crimen organizado"},"content":{"rendered":"<p style=\"text-align: justify;\"><strong><em>Asunci\u00f3n, Agencia IP.- <\/em><\/strong>Autoridades de seguridad de Paraguay y Brasil acordaron este mi\u00e9rcoles avanzar con la instalaci\u00f3n de un comando bipartito en la frontera entre Pedro Juan Caballero y Ponta Pora, para la cooperaci\u00f3n en la lucha contra el crimen organizado.<!--more--><\/p>\n<p style=\"text-align: justify;\">El ministro del Interior, Arnaldo Guizzio, afirm\u00f3 que con esta fuerza operativa se dar\u00e1 un intercambio de informaci\u00f3n y la cooperaci\u00f3n en la lucha contra el crimen organizado y sus actividades relacionadas.<\/p>\n<p style=\"text-align: justify;\">El primero de los comandos ser\u00e1 entre Pedro Juan y Ponta Pora, en tanto que se prev\u00e9 un segundo comando en el futuro, entre las ciudades de Salto del Guair\u00e1 y Guair\u00e1, en Brasil.<\/p>\n<p style=\"text-align: justify;\">Guizzio particip\u00f3 este mi\u00e9rcoles de una reuni\u00f3n con representantes de la Polic\u00eda Federal de Brasil y de una unidad especializada de lucha contra el crimen organizado.<\/p>\n<p style=\"text-align: justify;\">Por Paraguay, participaron representantes de fuerzas de seguridad, el ministro Guizzio, y el ministro de la Unidad Anticontrabando, Emilio F\u00faster.<\/p>\n<p style=\"text-align: justify;\">Adem\u00e1s del comando bipartito, se prev\u00e9 una mayor asistencia t\u00e9cnica de parte de Brasil y expertos de combate al crimen organizado a nivel internacional.<\/p>\n","protected":false},"excerpt":{"rendered":"<p>Asunci\u00f3n, Agencia IP.- Autoridades de seguridad de Paraguay y Brasil acordaron este mi\u00e9rcoles avanzar con la instalaci\u00f3n de un comando bipartito en la frontera entre Pedro Juan Caballero y Ponta Pora, para la cooperaci\u00f3n en la lucha contra el crimen organizado.<\/p>\n","protected":false},"author":22,"featured_media":395871,"comment_status":"closed","ping_status":"closed","sticky":false,"template":"","format":"standard","meta":{"_monsterinsights_skip_tracking":false,"_monsterinsights_sitenote_active":false,"_monsterinsights_sitenote_note":"","_monsterinsights_sitenote_category":0,"footnotes":""},"categories":[2,6],"tags":[10696,2539],"class_list":{"0":"post-403823","1":"post","2":"type-post","3":"status-publish","4":"format-standard","5":"has-post-thumbnail","7":"category-destacado","8":"category-politica","9":"tag-comando-bipartito","10":"tag-crimen-organizado-transnacional"},"yoast_head":"<!-- This site is optimized with the Yoast SEO plugin v27.5 - https:\/\/yoast.com\/product\/yoast-seo-wordpress\/ -->\n<title>Paraguay y Brasil instalar\u00e1n comando bipartito en frontera para lucha contra el crimen organizado - .::Agencia IP::.<\/title>\n<meta name=\"robots\" content=\"index, follow, max-snippet:-1, max-image-preview:large, max-video-preview:-1\" \/>\n<link rel=\"canonical\" href=\"https:\/\/www.ip.gov.py\/ip\/2022\/02\/16\/paraguay-y-brasil-instalaran-comando-bipartito-en-frontera-para-lucha-contra-el-crimen-organizado\/\" \/>\n<meta property=\"og:locale\" content=\"es_ES\" \/>\n<meta property=\"og:type\" content=\"article\" \/>\n<meta property=\"og:title\" content=\"Paraguay y Brasil instalar\u00e1n comando bipartito en frontera para lucha contra el crimen organizado - .::Agencia IP::.\" \/>\n<meta property=\"og:description\" content=\"Asunci\u00f3n, Agencia IP.- Autoridades de seguridad de Paraguay y Brasil acordaron este mi\u00e9rcoles avanzar con la instalaci\u00f3n de un comando bipartito en la frontera entre Pedro Juan Caballero y Ponta Pora, para la cooperaci\u00f3n en la lucha contra el crimen organizado.\" \/>\n<meta property=\"og:url\" content=\"https:\/\/www.ip.gov.py\/ip\/2022\/02\/16\/paraguay-y-brasil-instalaran-comando-bipartito-en-frontera-para-lucha-contra-el-crimen-organizado\/\" \/>\n<meta property=\"og:site_name\" content=\".::Agencia IP::.\" \/>\n<meta property=\"article:publisher\" content=\"https:\/\/www.facebook.com\/IPParaguay\/\" \/>\n<meta property=\"article:published_time\" content=\"2022-02-16T20:42:06+00:00\" \/>\n<meta property=\"og:image\" content=\"https:\/\/www.ip.gov.py\/ip\/wp-content\/uploads\/2021\/12\/PCC-Operativo-Frontera-Segura.jpg\" \/>\n\t<meta property=\"og:image:width\" content=\"1693\" \/>\n\t<meta property=\"og:image:height\" content=\"947\" \/>\n\t<meta property=\"og:image:type\" content=\"image\/jpeg\" \/>\n<meta name=\"author\" content=\"Alberto C\" \/>\n<meta name=\"twitter:card\" content=\"summary_large_image\" \/>\n<meta name=\"twitter:creator\" content=\"@IPParaguay\" \/>\n<meta name=\"twitter:site\" content=\"@IPParaguay\" \/>\n<meta name=\"twitter:label1\" content=\"Escrito por\" \/>\n\t<meta name=\"twitter:data1\" content=\"Alberto C\" \/>\n\t<meta name=\"twitter:label2\" content=\"Tiempo de lectura\" \/>\n\t<meta name=\"twitter:data2\" content=\"1 minuto\" \/>\n<script type=\"application\/ld+json\" class=\"yoast-schema-graph\">{\"@context\":\"https:\\\/\\\/schema.org\",\"@graph\":[{\"@type\":\"Article\",\"@id\":\"https:\\\/\\\/www.ip.gov.py\\\/ip\\\/2022\\\/02\\\/16\\\/paraguay-y-brasil-instalaran-comando-bipartito-en-frontera-para-lucha-contra-el-crimen-organizado\\\/#article\",\"isPartOf\":{\"@id\":\"https:\\\/\\\/www.ip.gov.py\\\/ip\\\/2022\\\/02\\\/16\\\/paraguay-y-brasil-instalaran-comando-bipartito-en-frontera-para-lucha-contra-el-crimen-organizado\\\/\"},\"author\":{\"name\":\"Alberto C\",\"@id\":\"https:\\\/\\\/www.ip.gov.py\\\/ip\\\/#\\\/schema\\\/person\\\/369fedd28420fad35e23b10a9df16fb8\"},\"headline\":\"Paraguay y Brasil instalar\u00e1n comando bipartito en frontera para lucha contra el crimen organizado\",\"datePublished\":\"2022-02-16T20:42:06+00:00\",\"mainEntityOfPage\":{\"@id\":\"https:\\\/\\\/www.ip.gov.py\\\/ip\\\/2022\\\/02\\\/16\\\/paraguay-y-brasil-instalaran-comando-bipartito-en-frontera-para-lucha-contra-el-crimen-organizado\\\/\"},\"wordCount\":205,\"publisher\":{\"@id\":\"https:\\\/\\\/www.ip.gov.py\\\/ip\\\/#organization\"},\"image\":{\"@id\":\"https:\\\/\\\/www.ip.gov.py\\\/ip\\\/2022\\\/02\\\/16\\\/paraguay-y-brasil-instalaran-comando-bipartito-en-frontera-para-lucha-contra-el-crimen-organizado\\\/#primaryimage\"},\"thumbnailUrl\":\"https:\\\/\\\/www.ip.gov.py\\\/ip\\\/wp-content\\\/uploads\\\/2021\\\/12\\\/PCC-Operativo-Frontera-Segura.jpg\",\"keywords\":[\"Comando bipartito\",\"Crimen organizado transnacional\"],\"articleSection\":[\"Destacado\",\"Pol\u00edtica\"],\"inLanguage\":\"es\"},{\"@type\":\"WebPage\",\"@id\":\"https:\\\/\\\/www.ip.gov.py\\\/ip\\\/2022\\\/02\\\/16\\\/paraguay-y-brasil-instalaran-comando-bipartito-en-frontera-para-lucha-contra-el-crimen-organizado\\\/\",\"url\":\"https:\\\/\\\/www.ip.gov.py\\\/ip\\\/2022\\\/02\\\/16\\\/paraguay-y-brasil-instalaran-comando-bipartito-en-frontera-para-lucha-contra-el-crimen-organizado\\\/\",\"name\":\"Paraguay y Brasil instalar\u00e1n comando bipartito en frontera para lucha contra el crimen organizado - .::Agencia IP::.\",\"isPartOf\":{\"@id\":\"https:\\\/\\\/www.ip.gov.py\\\/ip\\\/#website\"},\"primaryImageOfPage\":{\"@id\":\"https:\\\/\\\/www.ip.gov.py\\\/ip\\\/2022\\\/02\\\/16\\\/paraguay-y-brasil-instalaran-comando-bipartito-en-frontera-para-lucha-contra-el-crimen-organizado\\\/#primaryimage\"},\"image\":{\"@id\":\"https:\\\/\\\/www.ip.gov.py\\\/ip\\\/2022\\\/02\\\/16\\\/paraguay-y-brasil-instalaran-comando-bipartito-en-frontera-para-lucha-contra-el-crimen-organizado\\\/#primaryimage\"},\"thumbnailUrl\":\"https:\\\/\\\/www.ip.gov.py\\\/ip\\\/wp-content\\\/uploads\\\/2021\\\/12\\\/PCC-Operativo-Frontera-Segura.jpg\",\"datePublished\":\"2022-02-16T20:42:06+00:00\",\"breadcrumb\":{\"@id\":\"https:\\\/\\\/www.ip.gov.py\\\/ip\\\/2022\\\/02\\\/16\\\/paraguay-y-brasil-instalaran-comando-bipartito-en-frontera-para-lucha-contra-el-crimen-organizado\\\/#breadcrumb\"},\"inLanguage\":\"es\",\"potentialAction\":[{\"@type\":\"ReadAction\",\"target\":[\"https:\\\/\\\/www.ip.gov.py\\\/ip\\\/2022\\\/02\\\/16\\\/paraguay-y-brasil-instalaran-comando-bipartito-en-frontera-para-lucha-contra-el-crimen-organizado\\\/\"]}]},{\"@type\":\"ImageObject\",\"inLanguage\":\"es\",\"@id\":\"https:\\\/\\\/www.ip.gov.py\\\/ip\\\/2022\\\/02\\\/16\\\/paraguay-y-brasil-instalaran-comando-bipartito-en-frontera-para-lucha-contra-el-crimen-organizado\\\/#primaryimage\",\"url\":\"https:\\\/\\\/www.ip.gov.py\\\/ip\\\/wp-content\\\/uploads\\\/2021\\\/12\\\/PCC-Operativo-Frontera-Segura.jpg\",\"contentUrl\":\"https:\\\/\\\/www.ip.gov.py\\\/ip\\\/wp-content\\\/uploads\\\/2021\\\/12\\\/PCC-Operativo-Frontera-Segura.jpg\",\"width\":1693,\"height\":947,\"caption\":\"Miembros de la facci\u00f3n criminal brasile\u00f1a Primer Comando de la Capital, detenidos el 11 de febrero de 2021, en Pedro Juan Caballero, Paraguay, durante el Operativo Frontera Segura. Foto: Senad.\"},{\"@type\":\"BreadcrumbList\",\"@id\":\"https:\\\/\\\/www.ip.gov.py\\\/ip\\\/2022\\\/02\\\/16\\\/paraguay-y-brasil-instalaran-comando-bipartito-en-frontera-para-lucha-contra-el-crimen-organizado\\\/#breadcrumb\",\"itemListElement\":[{\"@type\":\"ListItem\",\"position\":1,\"name\":\"Portada\",\"item\":\"https:\\\/\\\/www.ip.gov.py\\\/ip\\\/\"},{\"@type\":\"ListItem\",\"position\":2,\"name\":\"Paraguay y Brasil instalar\u00e1n comando bipartito en frontera para lucha contra el crimen organizado\"}]},{\"@type\":\"WebSite\",\"@id\":\"https:\\\/\\\/www.ip.gov.py\\\/ip\\\/#website\",\"url\":\"https:\\\/\\\/www.ip.gov.py\\\/ip\\\/\",\"name\":\".::Agencia IP::.\",\"description\":\"\",\"publisher\":{\"@id\":\"https:\\\/\\\/www.ip.gov.py\\\/ip\\\/#organization\"},\"potentialAction\":[{\"@type\":\"SearchAction\",\"target\":{\"@type\":\"EntryPoint\",\"urlTemplate\":\"https:\\\/\\\/www.ip.gov.py\\\/ip\\\/?s={search_term_string}\"},\"query-input\":{\"@type\":\"PropertyValueSpecification\",\"valueRequired\":true,\"valueName\":\"search_term_string\"}}],\"inLanguage\":\"es\"},{\"@type\":\"Organization\",\"@id\":\"https:\\\/\\\/www.ip.gov.py\\\/ip\\\/#organization\",\"name\":\"Agencia IP\",\"url\":\"https:\\\/\\\/www.ip.gov.py\\\/ip\\\/\",\"logo\":{\"@type\":\"ImageObject\",\"inLanguage\":\"es\",\"@id\":\"https:\\\/\\\/www.ip.gov.py\\\/ip\\\/#\\\/schema\\\/logo\\\/image\\\/\",\"url\":\"https:\\\/\\\/www.ip.gov.py\\\/ip\\\/wp-content\\\/uploads\\\/2018\\\/01\\\/Agencia-IP.jpg\",\"contentUrl\":\"https:\\\/\\\/www.ip.gov.py\\\/ip\\\/wp-content\\\/uploads\\\/2018\\\/01\\\/Agencia-IP.jpg\",\"width\":150,\"height\":150,\"caption\":\"Agencia IP\"},\"image\":{\"@id\":\"https:\\\/\\\/www.ip.gov.py\\\/ip\\\/#\\\/schema\\\/logo\\\/image\\\/\"},\"sameAs\":[\"https:\\\/\\\/www.facebook.com\\\/IPParaguay\\\/\",\"https:\\\/\\\/x.com\\\/IPParaguay\",\"https:\\\/\\\/www.instagram.com\\\/IPParaguay\"]},{\"@type\":\"Person\",\"@id\":\"https:\\\/\\\/www.ip.gov.py\\\/ip\\\/#\\\/schema\\\/person\\\/369fedd28420fad35e23b10a9df16fb8\",\"name\":\"Alberto C\",\"sameAs\":[\"https:\\\/\\\/www.ip.gov.py\"],\"url\":\"https:\\\/\\\/www.ip.gov.py\\\/ip\\\/author\\\/acelma\\\/\"}]}<\/script>\n<!-- \/ Yoast SEO plugin. -->","yoast_head_json":{"title":"Paraguay y Brasil instalar\u00e1n comando bipartito en frontera para lucha contra el crimen organizado - .::Agencia IP::.","robots":{"index":"index","follow":"follow","max-snippet":"max-snippet:-1","max-image-preview":"max-image-preview:large","max-video-preview":"max-video-preview:-1"},"canonical":"https:\/\/www.ip.gov.py\/ip\/2022\/02\/16\/paraguay-y-brasil-instalaran-comando-bipartito-en-frontera-para-lucha-contra-el-crimen-organizado\/","og_locale":"es_ES","og_type":"article","og_title":"Paraguay y Brasil instalar\u00e1n comando bipartito en frontera para lucha contra el crimen organizado - .::Agencia IP::.","og_description":"Asunci\u00f3n, Agencia IP.- Autoridades de seguridad de Paraguay y Brasil acordaron este mi\u00e9rcoles avanzar con la instalaci\u00f3n de un comando bipartito en la frontera entre Pedro Juan Caballero y Ponta Pora, para la cooperaci\u00f3n en la lucha contra el crimen organizado.","og_url":"https:\/\/www.ip.gov.py\/ip\/2022\/02\/16\/paraguay-y-brasil-instalaran-comando-bipartito-en-frontera-para-lucha-contra-el-crimen-organizado\/","og_site_name":".::Agencia IP::.","article_publisher":"https:\/\/www.facebook.com\/IPParaguay\/","article_published_time":"2022-02-16T20:42:06+00:00","og_image":[{"width":1693,"height":947,"url":"https:\/\/www.ip.gov.py\/ip\/wp-content\/uploads\/2021\/12\/PCC-Operativo-Frontera-Segura.jpg","type":"image\/jpeg"}],"author":"Alberto C","twitter_card":"summary_large_image","twitter_creator":"@IPParaguay","twitter_site":"@IPParaguay","twitter_misc":{"Escrito por":"Alberto C","Tiempo de lectura":"1 minuto"},"schema":{"@context":"https:\/\/schema.org","@graph":[{"@type":"Article","@id":"https:\/\/www.ip.gov.py\/ip\/2022\/02\/16\/paraguay-y-brasil-instalaran-comando-bipartito-en-frontera-para-lucha-contra-el-crimen-organizado\/#article","isPartOf":{"@id":"https:\/\/www.ip.gov.py\/ip\/2022\/02\/16\/paraguay-y-brasil-instalaran-comando-bipartito-en-frontera-para-lucha-contra-el-crimen-organizado\/"},"author":{"name":"Alberto C","@id":"https:\/\/www.ip.gov.py\/ip\/#\/schema\/person\/369fedd28420fad35e23b10a9df16fb8"},"headline":"Paraguay y Brasil instalar\u00e1n comando bipartito en frontera para lucha contra el crimen organizado","datePublished":"2022-02-16T20:42:06+00:00","mainEntityOfPage":{"@id":"https:\/\/www.ip.gov.py\/ip\/2022\/02\/16\/paraguay-y-brasil-instalaran-comando-bipartito-en-frontera-para-lucha-contra-el-crimen-organizado\/"},"wordCount":205,"publisher":{"@id":"https:\/\/www.ip.gov.py\/ip\/#organization"},"image":{"@id":"https:\/\/www.ip.gov.py\/ip\/2022\/02\/16\/paraguay-y-brasil-instalaran-comando-bipartito-en-frontera-para-lucha-contra-el-crimen-organizado\/#primaryimage"},"thumbnailUrl":"https:\/\/www.ip.gov.py\/ip\/wp-content\/uploads\/2021\/12\/PCC-Operativo-Frontera-Segura.jpg","keywords":["Comando bipartito","Crimen organizado transnacional"],"articleSection":["Destacado","Pol\u00edtica"],"inLanguage":"es"},{"@type":"WebPage","@id":"https:\/\/www.ip.gov.py\/ip\/2022\/02\/16\/paraguay-y-brasil-instalaran-comando-bipartito-en-frontera-para-lucha-contra-el-crimen-organizado\/","url":"https:\/\/www.ip.gov.py\/ip\/2022\/02\/16\/paraguay-y-brasil-instalaran-comando-bipartito-en-frontera-para-lucha-contra-el-crimen-organizado\/","name":"Paraguay y Brasil instalar\u00e1n comando bipartito en frontera para lucha contra el crimen organizado - .::Agencia IP::.","isPartOf":{"@id":"https:\/\/www.ip.gov.py\/ip\/#website"},"primaryImageOfPage":{"@id":"https:\/\/www.ip.gov.py\/ip\/2022\/02\/16\/paraguay-y-brasil-instalaran-comando-bipartito-en-frontera-para-lucha-contra-el-crimen-organizado\/#primaryimage"},"image":{"@id":"https:\/\/www.ip.gov.py\/ip\/2022\/02\/16\/paraguay-y-brasil-instalaran-comando-bipartito-en-frontera-para-lucha-contra-el-crimen-organizado\/#primaryimage"},"thumbnailUrl":"https:\/\/www.ip.gov.py\/ip\/wp-content\/uploads\/2021\/12\/PCC-Operativo-Frontera-Segura.jpg","datePublished":"2022-02-16T20:42:06+00:00","breadcrumb":{"@id":"https:\/\/www.ip.gov.py\/ip\/2022\/02\/16\/paraguay-y-brasil-instalaran-comando-bipartito-en-frontera-para-lucha-contra-el-crimen-organizado\/#breadcrumb"},"inLanguage":"es","potentialAction":[{"@type":"ReadAction","target":["https:\/\/www.ip.gov.py\/ip\/2022\/02\/16\/paraguay-y-brasil-instalaran-comando-bipartito-en-frontera-para-lucha-contra-el-crimen-organizado\/"]}]},{"@type":"ImageObject","inLanguage":"es","@id":"https:\/\/www.ip.gov.py\/ip\/2022\/02\/16\/paraguay-y-brasil-instalaran-comando-bipartito-en-frontera-para-lucha-contra-el-crimen-organizado\/#primaryimage","url":"https:\/\/www.ip.gov.py\/ip\/wp-content\/uploads\/2021\/12\/PCC-Operativo-Frontera-Segura.jpg","contentUrl":"https:\/\/www.ip.gov.py\/ip\/wp-content\/uploads\/2021\/12\/PCC-Operativo-Frontera-Segura.jpg","width":1693,"height":947,"caption":"Miembros de la facci\u00f3n criminal brasile\u00f1a Primer Comando de la Capital, detenidos el 11 de febrero de 2021, en Pedro Juan Caballero, Paraguay, durante el Operativo Frontera Segura. Foto: Senad."},{"@type":"BreadcrumbList","@id":"https:\/\/www.ip.gov.py\/ip\/2022\/02\/16\/paraguay-y-brasil-instalaran-comando-bipartito-en-frontera-para-lucha-contra-el-crimen-organizado\/#breadcrumb","itemListElement":[{"@type":"ListItem","position":1,"name":"Portada","item":"https:\/\/www.ip.gov.py\/ip\/"},{"@type":"ListItem","position":2,"name":"Paraguay y Brasil instalar\u00e1n comando bipartito en frontera para lucha contra el crimen organizado"}]},{"@type":"WebSite","@id":"https:\/\/www.ip.gov.py\/ip\/#website","url":"https:\/\/www.ip.gov.py\/ip\/","name":".::Agencia IP::.","description":"","publisher":{"@id":"https:\/\/www.ip.gov.py\/ip\/#organization"},"potentialAction":[{"@type":"SearchAction","target":{"@type":"EntryPoint","urlTemplate":"https:\/\/www.ip.gov.py\/ip\/?s={search_term_string}"},"query-input":{"@type":"PropertyValueSpecification","valueRequired":true,"valueName":"search_term_string"}}],"inLanguage":"es"},{"@type":"Organization","@id":"https:\/\/www.ip.gov.py\/ip\/#organization","name":"Agencia IP","url":"https:\/\/www.ip.gov.py\/ip\/","logo":{"@type":"ImageObject","inLanguage":"es","@id":"https:\/\/www.ip.gov.py\/ip\/#\/schema\/logo\/image\/","url":"https:\/\/www.ip.gov.py\/ip\/wp-content\/uploads\/2018\/01\/Agencia-IP.jpg","contentUrl":"https:\/\/www.ip.gov.py\/ip\/wp-content\/uploads\/2018\/01\/Agencia-IP.jpg","width":150,"height":150,"caption":"Agencia IP"},"image":{"@id":"https:\/\/www.ip.gov.py\/ip\/#\/schema\/logo\/image\/"},"sameAs":["https:\/\/www.facebook.com\/IPParaguay\/","https:\/\/x.com\/IPParaguay","https:\/\/www.instagram.com\/IPParaguay"]},{"@type":"Person","@id":"https:\/\/www.ip.gov.py\/ip\/#\/schema\/person\/369fedd28420fad35e23b10a9df16fb8","name":"Alberto C","sameAs":["https:\/\/www.ip.gov.py"],"url":"https:\/\/www.ip.gov.py\/ip\/author\/acelma\/"}]}},"_links":{"self":[{"href":"https:\/\/www.ip.gov.py\/ip\/wp-json\/wp\/v2\/posts\/403823","targetHints":{"allow":["GET"]}}],"collection":[{"href":"https:\/\/www.ip.gov.py\/ip\/wp-json\/wp\/v2\/posts"}],"about":[{"href":"https:\/\/www.ip.gov.py\/ip\/wp-json\/wp\/v2\/types\/post"}],"author":[{"embeddable":true,"href":"https:\/\/www.ip.gov.py\/ip\/wp-json\/wp\/v2\/users\/22"}],"replies":[{"embeddable":true,"href":"https:\/\/www.ip.gov.py\/ip\/wp-json\/wp\/v2\/comments?post=403823"}],"version-history":[{"count":0,"href":"https:\/\/www.ip.gov.py\/ip\/wp-json\/wp\/v2\/posts\/403823\/revisions"}],"wp:featuredmedia":[{"embeddable":true,"href":"https:\/\/www.ip.gov.py\/ip\/wp-json\/wp\/v2\/media\/395871"}],"wp:attachment":[{"href":"https:\/\/www.ip.gov.py\/ip\/wp-json\/wp\/v2\/media?parent=403823"}],"wp:term":[{"taxonomy":"category","embeddable":true,"href":"https:\/\/www.ip.gov.py\/ip\/wp-json\/wp\/v2\/categories?post=403823"},{"taxonomy":"post_tag","embeddable":true,"href":"https:\/\/www.ip.gov.py\/ip\/wp-json\/wp\/v2\/tags?post=403823"}],"curies":[{"name":"wp","href":"https:\/\/api.w.org\/{rel}","templated":true}]}}