{"id":404707,"date":"2022-02-23T08:15:56","date_gmt":"2022-02-23T11:15:56","guid":{"rendered":"https:\/\/www.ip.gov.py\/ip\/?p=404707"},"modified":"2022-02-23T08:38:56","modified_gmt":"2022-02-23T11:38:56","slug":"juraron-nuevos-ministros-del-interior-y-de-justicia","status":"publish","type":"post","link":"https:\/\/www.ip.gov.py\/ip\/2022\/02\/23\/juraron-nuevos-ministros-del-interior-y-de-justicia\/","title":{"rendered":"Juraron nuevos ministros del Interior y de Justicia"},"content":{"rendered":"<p style=\"text-align: justify;\"><em><strong>Asunci\u00f3n, Agencia IP.-<\/strong> <\/em>El presidente de la Rep\u00fablica, Mario Abdo Ben\u00edtez, tom\u00f3 juramento a Federico Gonz\u00e1lez como nuevo ministro del Interior \u00a0y a Edgar Olmedo al frente del Ministerio de Justicia.<!--more--><\/p>\n<p style=\"text-align: justify;\">Olmedo y Gonz\u00e1lez fueron designados este martes por el Poder Ejecutivo en remplazo de Arnaldo Giuzzio y Cecilia P\u00e9rez, respectivamente.<\/p>\n<p style=\"text-align: justify;\">Los nuevos ministros juraron ante el jefe de Estado durante un acto desarrollado en el Sal\u00f3n Independencia del Palacio de Gobierno.<\/p>\n<p style=\"text-align: justify;\">Ambos ya ven\u00edan formando parte del Gabinete del Ejecutivo, en el caso de Olmedo como presidente del Instituto Paraguayo del Ind\u00edgena (INDI), mientras que Gonz\u00e1lez se desempe\u00f1aba \u00faltimamente como asesor de la Presidencia de la Rep\u00fablica.<\/p>\n","protected":false},"excerpt":{"rendered":"<p>Asunci\u00f3n, Agencia IP.- El presidente de la Rep\u00fablica, Mario Abdo Ben\u00edtez, tom\u00f3 juramento a Federico Gonz\u00e1lez como nuevo ministro del Interior \u00a0y a Edgar Olmedo al frente del Ministerio de Justicia.<\/p>\n","protected":false},"author":7,"featured_media":404708,"comment_status":"closed","ping_status":"closed","sticky":false,"template":"","format":"standard","meta":{"_monsterinsights_skip_tracking":false,"_monsterinsights_sitenote_active":false,"_monsterinsights_sitenote_note":"","_monsterinsights_sitenote_category":0,"footnotes":""},"categories":[2,6],"tags":[556,10787,8854,2270,1406],"class_list":{"0":"post-404707","1":"post","2":"type-post","3":"status-publish","4":"format-standard","5":"has-post-thumbnail","7":"category-destacado","8":"category-politica","9":"tag-ejecutivo","10":"tag-gonzalez","11":"tag-interior","12":"tag-juramento","13":"tag-ministros"},"yoast_head":"<!-- This site is optimized with the Yoast SEO plugin v27.5 - https:\/\/yoast.com\/product\/yoast-seo-wordpress\/ -->\n<title>Juraron nuevos ministros del Interior y de Justicia - .::Agencia IP::.<\/title>\n<meta name=\"robots\" content=\"index, follow, max-snippet:-1, max-image-preview:large, max-video-preview:-1\" \/>\n<link rel=\"canonical\" href=\"https:\/\/www.ip.gov.py\/ip\/2022\/02\/23\/juraron-nuevos-ministros-del-interior-y-de-justicia\/\" \/>\n<meta property=\"og:locale\" content=\"es_ES\" \/>\n<meta property=\"og:type\" content=\"article\" \/>\n<meta property=\"og:title\" content=\"Juraron nuevos ministros del Interior y de Justicia - .::Agencia IP::.\" \/>\n<meta property=\"og:description\" content=\"Asunci\u00f3n, Agencia IP.- El presidente de la Rep\u00fablica, Mario Abdo Ben\u00edtez, tom\u00f3 juramento a Federico Gonz\u00e1lez como nuevo ministro del Interior \u00a0y a Edgar Olmedo al frente del Ministerio de Justicia.\" \/>\n<meta property=\"og:url\" content=\"https:\/\/www.ip.gov.py\/ip\/2022\/02\/23\/juraron-nuevos-ministros-del-interior-y-de-justicia\/\" \/>\n<meta property=\"og:site_name\" content=\".::Agencia IP::.\" \/>\n<meta property=\"article:publisher\" content=\"https:\/\/www.facebook.com\/IPParaguay\/\" \/>\n<meta property=\"article:published_time\" content=\"2022-02-23T11:15:56+00:00\" \/>\n<meta property=\"article:modified_time\" content=\"2022-02-23T11:38:56+00:00\" \/>\n<meta property=\"og:image\" content=\"https:\/\/www.ip.gov.py\/ip\/wp-content\/uploads\/2022\/02\/juramente-de-nuevos-ministros.jpg\" \/>\n\t<meta property=\"og:image:width\" content=\"1249\" \/>\n\t<meta property=\"og:image:height\" content=\"876\" \/>\n\t<meta property=\"og:image:type\" content=\"image\/jpeg\" \/>\n<meta name=\"author\" content=\"Karina L\u00f3pez\" \/>\n<meta name=\"twitter:card\" content=\"summary_large_image\" \/>\n<meta name=\"twitter:creator\" content=\"@IPParaguay\" \/>\n<meta name=\"twitter:site\" content=\"@IPParaguay\" \/>\n<meta name=\"twitter:label1\" content=\"Escrito por\" \/>\n\t<meta name=\"twitter:data1\" content=\"Karina L\u00f3pez\" \/>\n\t<meta name=\"twitter:label2\" content=\"Tiempo de lectura\" \/>\n\t<meta name=\"twitter:data2\" content=\"1 minuto\" \/>\n<script type=\"application\/ld+json\" class=\"yoast-schema-graph\">{\"@context\":\"https:\\\/\\\/schema.org\",\"@graph\":[{\"@type\":\"Article\",\"@id\":\"https:\\\/\\\/www.ip.gov.py\\\/ip\\\/2022\\\/02\\\/23\\\/juraron-nuevos-ministros-del-interior-y-de-justicia\\\/#article\",\"isPartOf\":{\"@id\":\"https:\\\/\\\/www.ip.gov.py\\\/ip\\\/2022\\\/02\\\/23\\\/juraron-nuevos-ministros-del-interior-y-de-justicia\\\/\"},\"author\":{\"name\":\"Karina L\u00f3pez\",\"@id\":\"https:\\\/\\\/www.ip.gov.py\\\/ip\\\/#\\\/schema\\\/person\\\/613765cf13d420d448042e6802220539\"},\"headline\":\"Juraron nuevos ministros del Interior y de Justicia\",\"datePublished\":\"2022-02-23T11:15:56+00:00\",\"dateModified\":\"2022-02-23T11:38:56+00:00\",\"mainEntityOfPage\":{\"@id\":\"https:\\\/\\\/www.ip.gov.py\\\/ip\\\/2022\\\/02\\\/23\\\/juraron-nuevos-ministros-del-interior-y-de-justicia\\\/\"},\"wordCount\":129,\"publisher\":{\"@id\":\"https:\\\/\\\/www.ip.gov.py\\\/ip\\\/#organization\"},\"image\":{\"@id\":\"https:\\\/\\\/www.ip.gov.py\\\/ip\\\/2022\\\/02\\\/23\\\/juraron-nuevos-ministros-del-interior-y-de-justicia\\\/#primaryimage\"},\"thumbnailUrl\":\"https:\\\/\\\/www.ip.gov.py\\\/ip\\\/wp-content\\\/uploads\\\/2022\\\/02\\\/juramente-de-nuevos-ministros.jpg\",\"keywords\":[\"Ejecutivo\",\"Gonz\u00e1lez\",\"Interior\",\"juramento\",\"Ministros\"],\"articleSection\":[\"Destacado\",\"Pol\u00edtica\"],\"inLanguage\":\"es\"},{\"@type\":\"WebPage\",\"@id\":\"https:\\\/\\\/www.ip.gov.py\\\/ip\\\/2022\\\/02\\\/23\\\/juraron-nuevos-ministros-del-interior-y-de-justicia\\\/\",\"url\":\"https:\\\/\\\/www.ip.gov.py\\\/ip\\\/2022\\\/02\\\/23\\\/juraron-nuevos-ministros-del-interior-y-de-justicia\\\/\",\"name\":\"Juraron nuevos ministros del Interior y de Justicia - .::Agencia IP::.\",\"isPartOf\":{\"@id\":\"https:\\\/\\\/www.ip.gov.py\\\/ip\\\/#website\"},\"primaryImageOfPage\":{\"@id\":\"https:\\\/\\\/www.ip.gov.py\\\/ip\\\/2022\\\/02\\\/23\\\/juraron-nuevos-ministros-del-interior-y-de-justicia\\\/#primaryimage\"},\"image\":{\"@id\":\"https:\\\/\\\/www.ip.gov.py\\\/ip\\\/2022\\\/02\\\/23\\\/juraron-nuevos-ministros-del-interior-y-de-justicia\\\/#primaryimage\"},\"thumbnailUrl\":\"https:\\\/\\\/www.ip.gov.py\\\/ip\\\/wp-content\\\/uploads\\\/2022\\\/02\\\/juramente-de-nuevos-ministros.jpg\",\"datePublished\":\"2022-02-23T11:15:56+00:00\",\"dateModified\":\"2022-02-23T11:38:56+00:00\",\"breadcrumb\":{\"@id\":\"https:\\\/\\\/www.ip.gov.py\\\/ip\\\/2022\\\/02\\\/23\\\/juraron-nuevos-ministros-del-interior-y-de-justicia\\\/#breadcrumb\"},\"inLanguage\":\"es\",\"potentialAction\":[{\"@type\":\"ReadAction\",\"target\":[\"https:\\\/\\\/www.ip.gov.py\\\/ip\\\/2022\\\/02\\\/23\\\/juraron-nuevos-ministros-del-interior-y-de-justicia\\\/\"]}]},{\"@type\":\"ImageObject\",\"inLanguage\":\"es\",\"@id\":\"https:\\\/\\\/www.ip.gov.py\\\/ip\\\/2022\\\/02\\\/23\\\/juraron-nuevos-ministros-del-interior-y-de-justicia\\\/#primaryimage\",\"url\":\"https:\\\/\\\/www.ip.gov.py\\\/ip\\\/wp-content\\\/uploads\\\/2022\\\/02\\\/juramente-de-nuevos-ministros.jpg\",\"contentUrl\":\"https:\\\/\\\/www.ip.gov.py\\\/ip\\\/wp-content\\\/uploads\\\/2022\\\/02\\\/juramente-de-nuevos-ministros.jpg\",\"width\":1249,\"height\":876,\"caption\":\"Durante el juramento de los nuevos ministros. Foto Agencia IP\"},{\"@type\":\"BreadcrumbList\",\"@id\":\"https:\\\/\\\/www.ip.gov.py\\\/ip\\\/2022\\\/02\\\/23\\\/juraron-nuevos-ministros-del-interior-y-de-justicia\\\/#breadcrumb\",\"itemListElement\":[{\"@type\":\"ListItem\",\"position\":1,\"name\":\"Portada\",\"item\":\"https:\\\/\\\/www.ip.gov.py\\\/ip\\\/\"},{\"@type\":\"ListItem\",\"position\":2,\"name\":\"Juraron nuevos ministros del Interior y de Justicia\"}]},{\"@type\":\"WebSite\",\"@id\":\"https:\\\/\\\/www.ip.gov.py\\\/ip\\\/#website\",\"url\":\"https:\\\/\\\/www.ip.gov.py\\\/ip\\\/\",\"name\":\".::Agencia IP::.\",\"description\":\"\",\"publisher\":{\"@id\":\"https:\\\/\\\/www.ip.gov.py\\\/ip\\\/#organization\"},\"potentialAction\":[{\"@type\":\"SearchAction\",\"target\":{\"@type\":\"EntryPoint\",\"urlTemplate\":\"https:\\\/\\\/www.ip.gov.py\\\/ip\\\/?s={search_term_string}\"},\"query-input\":{\"@type\":\"PropertyValueSpecification\",\"valueRequired\":true,\"valueName\":\"search_term_string\"}}],\"inLanguage\":\"es\"},{\"@type\":\"Organization\",\"@id\":\"https:\\\/\\\/www.ip.gov.py\\\/ip\\\/#organization\",\"name\":\"Agencia IP\",\"url\":\"https:\\\/\\\/www.ip.gov.py\\\/ip\\\/\",\"logo\":{\"@type\":\"ImageObject\",\"inLanguage\":\"es\",\"@id\":\"https:\\\/\\\/www.ip.gov.py\\\/ip\\\/#\\\/schema\\\/logo\\\/image\\\/\",\"url\":\"https:\\\/\\\/www.ip.gov.py\\\/ip\\\/wp-content\\\/uploads\\\/2018\\\/01\\\/Agencia-IP.jpg\",\"contentUrl\":\"https:\\\/\\\/www.ip.gov.py\\\/ip\\\/wp-content\\\/uploads\\\/2018\\\/01\\\/Agencia-IP.jpg\",\"width\":150,\"height\":150,\"caption\":\"Agencia IP\"},\"image\":{\"@id\":\"https:\\\/\\\/www.ip.gov.py\\\/ip\\\/#\\\/schema\\\/logo\\\/image\\\/\"},\"sameAs\":[\"https:\\\/\\\/www.facebook.com\\\/IPParaguay\\\/\",\"https:\\\/\\\/x.com\\\/IPParaguay\",\"https:\\\/\\\/www.instagram.com\\\/IPParaguay\"]},{\"@type\":\"Person\",\"@id\":\"https:\\\/\\\/www.ip.gov.py\\\/ip\\\/#\\\/schema\\\/person\\\/613765cf13d420d448042e6802220539\",\"name\":\"Karina L\u00f3pez\",\"url\":\"https:\\\/\\\/www.ip.gov.py\\\/ip\\\/author\\\/klopez\\\/\"}]}<\/script>\n<!-- \/ Yoast SEO plugin. -->","yoast_head_json":{"title":"Juraron nuevos ministros del Interior y de Justicia - .::Agencia IP::.","robots":{"index":"index","follow":"follow","max-snippet":"max-snippet:-1","max-image-preview":"max-image-preview:large","max-video-preview":"max-video-preview:-1"},"canonical":"https:\/\/www.ip.gov.py\/ip\/2022\/02\/23\/juraron-nuevos-ministros-del-interior-y-de-justicia\/","og_locale":"es_ES","og_type":"article","og_title":"Juraron nuevos ministros del Interior y de Justicia - .::Agencia IP::.","og_description":"Asunci\u00f3n, Agencia IP.- El presidente de la Rep\u00fablica, Mario Abdo Ben\u00edtez, tom\u00f3 juramento a Federico Gonz\u00e1lez como nuevo ministro del Interior \u00a0y a Edgar Olmedo al frente del Ministerio de Justicia.","og_url":"https:\/\/www.ip.gov.py\/ip\/2022\/02\/23\/juraron-nuevos-ministros-del-interior-y-de-justicia\/","og_site_name":".::Agencia IP::.","article_publisher":"https:\/\/www.facebook.com\/IPParaguay\/","article_published_time":"2022-02-23T11:15:56+00:00","article_modified_time":"2022-02-23T11:38:56+00:00","og_image":[{"width":1249,"height":876,"url":"https:\/\/www.ip.gov.py\/ip\/wp-content\/uploads\/2022\/02\/juramente-de-nuevos-ministros.jpg","type":"image\/jpeg"}],"author":"Karina L\u00f3pez","twitter_card":"summary_large_image","twitter_creator":"@IPParaguay","twitter_site":"@IPParaguay","twitter_misc":{"Escrito por":"Karina L\u00f3pez","Tiempo de lectura":"1 minuto"},"schema":{"@context":"https:\/\/schema.org","@graph":[{"@type":"Article","@id":"https:\/\/www.ip.gov.py\/ip\/2022\/02\/23\/juraron-nuevos-ministros-del-interior-y-de-justicia\/#article","isPartOf":{"@id":"https:\/\/www.ip.gov.py\/ip\/2022\/02\/23\/juraron-nuevos-ministros-del-interior-y-de-justicia\/"},"author":{"name":"Karina L\u00f3pez","@id":"https:\/\/www.ip.gov.py\/ip\/#\/schema\/person\/613765cf13d420d448042e6802220539"},"headline":"Juraron nuevos ministros del Interior y de Justicia","datePublished":"2022-02-23T11:15:56+00:00","dateModified":"2022-02-23T11:38:56+00:00","mainEntityOfPage":{"@id":"https:\/\/www.ip.gov.py\/ip\/2022\/02\/23\/juraron-nuevos-ministros-del-interior-y-de-justicia\/"},"wordCount":129,"publisher":{"@id":"https:\/\/www.ip.gov.py\/ip\/#organization"},"image":{"@id":"https:\/\/www.ip.gov.py\/ip\/2022\/02\/23\/juraron-nuevos-ministros-del-interior-y-de-justicia\/#primaryimage"},"thumbnailUrl":"https:\/\/www.ip.gov.py\/ip\/wp-content\/uploads\/2022\/02\/juramente-de-nuevos-ministros.jpg","keywords":["Ejecutivo","Gonz\u00e1lez","Interior","juramento","Ministros"],"articleSection":["Destacado","Pol\u00edtica"],"inLanguage":"es"},{"@type":"WebPage","@id":"https:\/\/www.ip.gov.py\/ip\/2022\/02\/23\/juraron-nuevos-ministros-del-interior-y-de-justicia\/","url":"https:\/\/www.ip.gov.py\/ip\/2022\/02\/23\/juraron-nuevos-ministros-del-interior-y-de-justicia\/","name":"Juraron nuevos ministros del Interior y de Justicia - .::Agencia IP::.","isPartOf":{"@id":"https:\/\/www.ip.gov.py\/ip\/#website"},"primaryImageOfPage":{"@id":"https:\/\/www.ip.gov.py\/ip\/2022\/02\/23\/juraron-nuevos-ministros-del-interior-y-de-justicia\/#primaryimage"},"image":{"@id":"https:\/\/www.ip.gov.py\/ip\/2022\/02\/23\/juraron-nuevos-ministros-del-interior-y-de-justicia\/#primaryimage"},"thumbnailUrl":"https:\/\/www.ip.gov.py\/ip\/wp-content\/uploads\/2022\/02\/juramente-de-nuevos-ministros.jpg","datePublished":"2022-02-23T11:15:56+00:00","dateModified":"2022-02-23T11:38:56+00:00","breadcrumb":{"@id":"https:\/\/www.ip.gov.py\/ip\/2022\/02\/23\/juraron-nuevos-ministros-del-interior-y-de-justicia\/#breadcrumb"},"inLanguage":"es","potentialAction":[{"@type":"ReadAction","target":["https:\/\/www.ip.gov.py\/ip\/2022\/02\/23\/juraron-nuevos-ministros-del-interior-y-de-justicia\/"]}]},{"@type":"ImageObject","inLanguage":"es","@id":"https:\/\/www.ip.gov.py\/ip\/2022\/02\/23\/juraron-nuevos-ministros-del-interior-y-de-justicia\/#primaryimage","url":"https:\/\/www.ip.gov.py\/ip\/wp-content\/uploads\/2022\/02\/juramente-de-nuevos-ministros.jpg","contentUrl":"https:\/\/www.ip.gov.py\/ip\/wp-content\/uploads\/2022\/02\/juramente-de-nuevos-ministros.jpg","width":1249,"height":876,"caption":"Durante el juramento de los nuevos ministros. Foto Agencia IP"},{"@type":"BreadcrumbList","@id":"https:\/\/www.ip.gov.py\/ip\/2022\/02\/23\/juraron-nuevos-ministros-del-interior-y-de-justicia\/#breadcrumb","itemListElement":[{"@type":"ListItem","position":1,"name":"Portada","item":"https:\/\/www.ip.gov.py\/ip\/"},{"@type":"ListItem","position":2,"name":"Juraron nuevos ministros del Interior y de Justicia"}]},{"@type":"WebSite","@id":"https:\/\/www.ip.gov.py\/ip\/#website","url":"https:\/\/www.ip.gov.py\/ip\/","name":".::Agencia IP::.","description":"","publisher":{"@id":"https:\/\/www.ip.gov.py\/ip\/#organization"},"potentialAction":[{"@type":"SearchAction","target":{"@type":"EntryPoint","urlTemplate":"https:\/\/www.ip.gov.py\/ip\/?s={search_term_string}"},"query-input":{"@type":"PropertyValueSpecification","valueRequired":true,"valueName":"search_term_string"}}],"inLanguage":"es"},{"@type":"Organization","@id":"https:\/\/www.ip.gov.py\/ip\/#organization","name":"Agencia IP","url":"https:\/\/www.ip.gov.py\/ip\/","logo":{"@type":"ImageObject","inLanguage":"es","@id":"https:\/\/www.ip.gov.py\/ip\/#\/schema\/logo\/image\/","url":"https:\/\/www.ip.gov.py\/ip\/wp-content\/uploads\/2018\/01\/Agencia-IP.jpg","contentUrl":"https:\/\/www.ip.gov.py\/ip\/wp-content\/uploads\/2018\/01\/Agencia-IP.jpg","width":150,"height":150,"caption":"Agencia IP"},"image":{"@id":"https:\/\/www.ip.gov.py\/ip\/#\/schema\/logo\/image\/"},"sameAs":["https:\/\/www.facebook.com\/IPParaguay\/","https:\/\/x.com\/IPParaguay","https:\/\/www.instagram.com\/IPParaguay"]},{"@type":"Person","@id":"https:\/\/www.ip.gov.py\/ip\/#\/schema\/person\/613765cf13d420d448042e6802220539","name":"Karina L\u00f3pez","url":"https:\/\/www.ip.gov.py\/ip\/author\/klopez\/"}]}},"_links":{"self":[{"href":"https:\/\/www.ip.gov.py\/ip\/wp-json\/wp\/v2\/posts\/404707","targetHints":{"allow":["GET"]}}],"collection":[{"href":"https:\/\/www.ip.gov.py\/ip\/wp-json\/wp\/v2\/posts"}],"about":[{"href":"https:\/\/www.ip.gov.py\/ip\/wp-json\/wp\/v2\/types\/post"}],"author":[{"embeddable":true,"href":"https:\/\/www.ip.gov.py\/ip\/wp-json\/wp\/v2\/users\/7"}],"replies":[{"embeddable":true,"href":"https:\/\/www.ip.gov.py\/ip\/wp-json\/wp\/v2\/comments?post=404707"}],"version-history":[{"count":0,"href":"https:\/\/www.ip.gov.py\/ip\/wp-json\/wp\/v2\/posts\/404707\/revisions"}],"wp:featuredmedia":[{"embeddable":true,"href":"https:\/\/www.ip.gov.py\/ip\/wp-json\/wp\/v2\/media\/404708"}],"wp:attachment":[{"href":"https:\/\/www.ip.gov.py\/ip\/wp-json\/wp\/v2\/media?parent=404707"}],"wp:term":[{"taxonomy":"category","embeddable":true,"href":"https:\/\/www.ip.gov.py\/ip\/wp-json\/wp\/v2\/categories?post=404707"},{"taxonomy":"post_tag","embeddable":true,"href":"https:\/\/www.ip.gov.py\/ip\/wp-json\/wp\/v2\/tags?post=404707"}],"curies":[{"name":"wp","href":"https:\/\/api.w.org\/{rel}","templated":true}]}}