{"id":405070,"date":"2022-02-24T13:28:46","date_gmt":"2022-02-24T16:28:46","guid":{"rendered":"https:\/\/www.ip.gov.py\/ip\/?p=405070"},"modified":"2022-02-24T13:28:46","modified_gmt":"2022-02-24T16:28:46","slug":"el-territorio-deportivo-nacional-llega-al-amambay","status":"publish","type":"post","link":"https:\/\/www.ip.gov.py\/ip\/2022\/02\/24\/el-territorio-deportivo-nacional-llega-al-amambay\/","title":{"rendered":"El Territorio Deportivo Nacional llega al Amambay"},"content":{"rendered":"<p><em><strong>Asunci\u00f3n, Agencia IP.-<\/strong><\/em>La Secretar\u00eda Nacional de Deportes celebr\u00f3 en la fecha la firma de acuerdos de cooperaci\u00f3n que permitir\u00e1n la construcci\u00f3n y equipamiento de Plazas Deportivas en 5 Municipios del Departamento de Amambay. El monto de inversi\u00f3n supera los mil 200 millones de guaran\u00edes.<!--more--><\/p>\n<p>La ceremonia se cumpli\u00f3 en el Sal\u00f3n Auditorio \u00abEmiliano R. Fern\u00e1ndez\u00bb de la Gobernaci\u00f3n del departamento del Amambay y beneficiar\u00e1 a\u00a0las localidades de Bella Vista Norte, Capit\u00e1n Bado, Karapai, Pedro Juan Caballero y Zanja Pyt\u00e3.<\/p>\n<p>En la ocasi\u00f3n la ministra de deportes F\u00e1tima Morales, manifest\u00f3 que las obras son para la gente, por ello la importancia de que las comunidades se apropien de ellas. \u00abQue la comunidad se sienta parte, controle y cuide la Plaza Deportiva es fundamental para el \u00e9xito del Proyecto\u00bb, se\u00f1al\u00f3.<\/p>\n<p>Explic\u00f3 a los jefes comunales que las empresas adjudicadas ya cuentan con un adelanto del 20% por lo que, una vez que las intendencias realicen la entrega del sitio de obras, las empresas pueden proceder con el inicio de los trabajos. As\u00ed mismo, se remarc\u00f3 que los plazos para la entrega de obras se extienden hasta los meses de junio\/julio de no darse contratiempos imprevistos.<\/p>\n<p>Por su parte, el Gobernador de Amambay, Ronald Acevedo, indic\u00f3 estar muy emocionado de que su departamento este a\u00f1o ser\u00e1 beneficiado con las Plazas Deportivas SND. \u201cEn el a\u00f1o pasado se hicieron en otros tres departamentos vecinos y hoy es una realidad en nuestro departamento, creo que son 15 plazas en total a construir, en esta primera etapa son cinco y luego seguir\u00e1n las pr\u00f3ximas obras en los pr\u00f3ximos a\u00f1os. Gracias Ministra Morales por este proyecto, es muy importante, muchas gracias por acordarse de Amambay\u201d expres\u00f3 Acevedo.<\/p>\n<p>El Intendente de Pedro Juan Caballero, Jos\u00e9 Carlos Acevedo, entretanto felicit\u00f3 a las mujeres por su d\u00eda y agradeci\u00f3 a la Ministra Morales por llegar a su ciudad.<\/p>\n<p>\u201cMuchas gracias Ministra por estar presente en la ciudad de Pedro Juan Caballero, como estoy viendo ac\u00e1, son cinco distritos de Bella Vista, Capit\u00e1n Bado, Karap\u00e2\u2019i, Pedro Juan Caballero y Zanja Pyt\u00e3, con una inversi\u00f3n de m\u00e1s de 1.200.000 millones de guaran\u00edes, che mopy\u2019a rory Ministra, en la primera vez en 15 a\u00f1os como intendente que me sucede este tipo de inversi\u00f3n en mi ciudad\u201d manifest\u00f3 el Jefe Comunal.<\/p>\n<p>El diputado Juan Silvino Acosta, resalt\u00f3 que \u00abes la primera vez que se firma este convenio, son 15 plazas que ser\u00e1n construidas en nuestras comunidades. El deporte es salud c\u00f3mo se dice, solamente agradecerle Ministra Morales por esta firma de convenio y felicitarles por este excelente trabajo y por este gran aporte que hace por el deporte de nuestro departamento\u201d concluy\u00f3.<\/p>\n<p>&nbsp;<\/p>\n<p>&nbsp;<\/p>\n<p>&nbsp;<\/p>\n","protected":false},"excerpt":{"rendered":"<p>Asunci\u00f3n, Agencia IP.-La Secretar\u00eda Nacional de Deportes celebr\u00f3 en la fecha la firma de acuerdos de cooperaci\u00f3n que permitir\u00e1n la construcci\u00f3n y equipamiento de Plazas Deportivas en 5 Municipios del Departamento de Amambay. El monto de inversi\u00f3n supera los mil 200 millones de guaran\u00edes.<\/p>\n","protected":false},"author":11,"featured_media":405072,"comment_status":"closed","ping_status":"closed","sticky":false,"template":"","format":"standard","meta":{"_monsterinsights_skip_tracking":false,"_monsterinsights_sitenote_active":false,"_monsterinsights_sitenote_note":"","_monsterinsights_sitenote_category":0,"footnotes":""},"categories":[8],"tags":[281,1508,1856,3081,114],"class_list":{"0":"post-405070","1":"post","2":"type-post","3":"status-publish","4":"format-standard","5":"has-post-thumbnail","7":"category-deportes","8":"tag-acuerdo","9":"tag-amambay","10":"tag-construccion","11":"tag-plazas-deportivas","12":"tag-snd"},"yoast_head":"<!-- This site is optimized with the Yoast SEO plugin v27.5 - https:\/\/yoast.com\/product\/yoast-seo-wordpress\/ -->\n<title>El Territorio Deportivo Nacional llega al Amambay - .::Agencia IP::.<\/title>\n<meta name=\"robots\" content=\"index, follow, max-snippet:-1, max-image-preview:large, max-video-preview:-1\" \/>\n<link rel=\"canonical\" href=\"https:\/\/www.ip.gov.py\/ip\/2022\/02\/24\/el-territorio-deportivo-nacional-llega-al-amambay\/\" \/>\n<meta property=\"og:locale\" content=\"es_ES\" \/>\n<meta property=\"og:type\" content=\"article\" \/>\n<meta property=\"og:title\" content=\"El Territorio Deportivo Nacional llega al Amambay - .::Agencia IP::.\" \/>\n<meta property=\"og:description\" content=\"Asunci\u00f3n, Agencia IP.-La Secretar\u00eda Nacional de Deportes celebr\u00f3 en la fecha la firma de acuerdos de cooperaci\u00f3n que permitir\u00e1n la construcci\u00f3n y equipamiento de Plazas Deportivas en 5 Municipios del Departamento de Amambay. El monto de inversi\u00f3n supera los mil 200 millones de guaran\u00edes.\" \/>\n<meta property=\"og:url\" content=\"https:\/\/www.ip.gov.py\/ip\/2022\/02\/24\/el-territorio-deportivo-nacional-llega-al-amambay\/\" \/>\n<meta property=\"og:site_name\" content=\".::Agencia IP::.\" \/>\n<meta property=\"article:publisher\" content=\"https:\/\/www.facebook.com\/IPParaguay\/\" \/>\n<meta property=\"article:published_time\" content=\"2022-02-24T16:28:46+00:00\" \/>\n<meta property=\"og:image\" content=\"https:\/\/www.ip.gov.py\/ip\/wp-content\/uploads\/2022\/02\/SND-1.jpg\" \/>\n\t<meta property=\"og:image:width\" content=\"1599\" \/>\n\t<meta property=\"og:image:height\" content=\"1066\" \/>\n\t<meta property=\"og:image:type\" content=\"image\/jpeg\" \/>\n<meta name=\"author\" content=\"vrios\" \/>\n<meta name=\"twitter:card\" content=\"summary_large_image\" \/>\n<meta name=\"twitter:creator\" content=\"@IPParaguay\" \/>\n<meta name=\"twitter:site\" content=\"@IPParaguay\" \/>\n<meta name=\"twitter:label1\" content=\"Escrito por\" \/>\n\t<meta name=\"twitter:data1\" content=\"vrios\" \/>\n\t<meta name=\"twitter:label2\" content=\"Tiempo de lectura\" \/>\n\t<meta name=\"twitter:data2\" content=\"3 minutos\" \/>\n<script type=\"application\/ld+json\" class=\"yoast-schema-graph\">{\"@context\":\"https:\\\/\\\/schema.org\",\"@graph\":[{\"@type\":\"Article\",\"@id\":\"https:\\\/\\\/www.ip.gov.py\\\/ip\\\/2022\\\/02\\\/24\\\/el-territorio-deportivo-nacional-llega-al-amambay\\\/#article\",\"isPartOf\":{\"@id\":\"https:\\\/\\\/www.ip.gov.py\\\/ip\\\/2022\\\/02\\\/24\\\/el-territorio-deportivo-nacional-llega-al-amambay\\\/\"},\"author\":{\"name\":\"vrios\",\"@id\":\"https:\\\/\\\/www.ip.gov.py\\\/ip\\\/#\\\/schema\\\/person\\\/fa3668852e893cb0423795330f919039\"},\"headline\":\"El Territorio Deportivo Nacional llega al Amambay\",\"datePublished\":\"2022-02-24T16:28:46+00:00\",\"mainEntityOfPage\":{\"@id\":\"https:\\\/\\\/www.ip.gov.py\\\/ip\\\/2022\\\/02\\\/24\\\/el-territorio-deportivo-nacional-llega-al-amambay\\\/\"},\"wordCount\":476,\"publisher\":{\"@id\":\"https:\\\/\\\/www.ip.gov.py\\\/ip\\\/#organization\"},\"image\":{\"@id\":\"https:\\\/\\\/www.ip.gov.py\\\/ip\\\/2022\\\/02\\\/24\\\/el-territorio-deportivo-nacional-llega-al-amambay\\\/#primaryimage\"},\"thumbnailUrl\":\"https:\\\/\\\/www.ip.gov.py\\\/ip\\\/wp-content\\\/uploads\\\/2022\\\/02\\\/SND-1.jpg\",\"keywords\":[\"Acuerdo\",\"Amambay\",\"Construcci\u00f3n\",\"plazas deportivas\",\"SND\"],\"articleSection\":[\"Deportes\"],\"inLanguage\":\"es\"},{\"@type\":\"WebPage\",\"@id\":\"https:\\\/\\\/www.ip.gov.py\\\/ip\\\/2022\\\/02\\\/24\\\/el-territorio-deportivo-nacional-llega-al-amambay\\\/\",\"url\":\"https:\\\/\\\/www.ip.gov.py\\\/ip\\\/2022\\\/02\\\/24\\\/el-territorio-deportivo-nacional-llega-al-amambay\\\/\",\"name\":\"El Territorio Deportivo Nacional llega al Amambay - .::Agencia IP::.\",\"isPartOf\":{\"@id\":\"https:\\\/\\\/www.ip.gov.py\\\/ip\\\/#website\"},\"primaryImageOfPage\":{\"@id\":\"https:\\\/\\\/www.ip.gov.py\\\/ip\\\/2022\\\/02\\\/24\\\/el-territorio-deportivo-nacional-llega-al-amambay\\\/#primaryimage\"},\"image\":{\"@id\":\"https:\\\/\\\/www.ip.gov.py\\\/ip\\\/2022\\\/02\\\/24\\\/el-territorio-deportivo-nacional-llega-al-amambay\\\/#primaryimage\"},\"thumbnailUrl\":\"https:\\\/\\\/www.ip.gov.py\\\/ip\\\/wp-content\\\/uploads\\\/2022\\\/02\\\/SND-1.jpg\",\"datePublished\":\"2022-02-24T16:28:46+00:00\",\"breadcrumb\":{\"@id\":\"https:\\\/\\\/www.ip.gov.py\\\/ip\\\/2022\\\/02\\\/24\\\/el-territorio-deportivo-nacional-llega-al-amambay\\\/#breadcrumb\"},\"inLanguage\":\"es\",\"potentialAction\":[{\"@type\":\"ReadAction\",\"target\":[\"https:\\\/\\\/www.ip.gov.py\\\/ip\\\/2022\\\/02\\\/24\\\/el-territorio-deportivo-nacional-llega-al-amambay\\\/\"]}]},{\"@type\":\"ImageObject\",\"inLanguage\":\"es\",\"@id\":\"https:\\\/\\\/www.ip.gov.py\\\/ip\\\/2022\\\/02\\\/24\\\/el-territorio-deportivo-nacional-llega-al-amambay\\\/#primaryimage\",\"url\":\"https:\\\/\\\/www.ip.gov.py\\\/ip\\\/wp-content\\\/uploads\\\/2022\\\/02\\\/SND-1.jpg\",\"contentUrl\":\"https:\\\/\\\/www.ip.gov.py\\\/ip\\\/wp-content\\\/uploads\\\/2022\\\/02\\\/SND-1.jpg\",\"width\":1599,\"height\":1066,\"caption\":\"SND\"},{\"@type\":\"BreadcrumbList\",\"@id\":\"https:\\\/\\\/www.ip.gov.py\\\/ip\\\/2022\\\/02\\\/24\\\/el-territorio-deportivo-nacional-llega-al-amambay\\\/#breadcrumb\",\"itemListElement\":[{\"@type\":\"ListItem\",\"position\":1,\"name\":\"Portada\",\"item\":\"https:\\\/\\\/www.ip.gov.py\\\/ip\\\/\"},{\"@type\":\"ListItem\",\"position\":2,\"name\":\"El Territorio Deportivo Nacional llega al Amambay\"}]},{\"@type\":\"WebSite\",\"@id\":\"https:\\\/\\\/www.ip.gov.py\\\/ip\\\/#website\",\"url\":\"https:\\\/\\\/www.ip.gov.py\\\/ip\\\/\",\"name\":\".::Agencia IP::.\",\"description\":\"\",\"publisher\":{\"@id\":\"https:\\\/\\\/www.ip.gov.py\\\/ip\\\/#organization\"},\"potentialAction\":[{\"@type\":\"SearchAction\",\"target\":{\"@type\":\"EntryPoint\",\"urlTemplate\":\"https:\\\/\\\/www.ip.gov.py\\\/ip\\\/?s={search_term_string}\"},\"query-input\":{\"@type\":\"PropertyValueSpecification\",\"valueRequired\":true,\"valueName\":\"search_term_string\"}}],\"inLanguage\":\"es\"},{\"@type\":\"Organization\",\"@id\":\"https:\\\/\\\/www.ip.gov.py\\\/ip\\\/#organization\",\"name\":\"Agencia IP\",\"url\":\"https:\\\/\\\/www.ip.gov.py\\\/ip\\\/\",\"logo\":{\"@type\":\"ImageObject\",\"inLanguage\":\"es\",\"@id\":\"https:\\\/\\\/www.ip.gov.py\\\/ip\\\/#\\\/schema\\\/logo\\\/image\\\/\",\"url\":\"https:\\\/\\\/www.ip.gov.py\\\/ip\\\/wp-content\\\/uploads\\\/2018\\\/01\\\/Agencia-IP.jpg\",\"contentUrl\":\"https:\\\/\\\/www.ip.gov.py\\\/ip\\\/wp-content\\\/uploads\\\/2018\\\/01\\\/Agencia-IP.jpg\",\"width\":150,\"height\":150,\"caption\":\"Agencia IP\"},\"image\":{\"@id\":\"https:\\\/\\\/www.ip.gov.py\\\/ip\\\/#\\\/schema\\\/logo\\\/image\\\/\"},\"sameAs\":[\"https:\\\/\\\/www.facebook.com\\\/IPParaguay\\\/\",\"https:\\\/\\\/x.com\\\/IPParaguay\",\"https:\\\/\\\/www.instagram.com\\\/IPParaguay\"]},{\"@type\":\"Person\",\"@id\":\"https:\\\/\\\/www.ip.gov.py\\\/ip\\\/#\\\/schema\\\/person\\\/fa3668852e893cb0423795330f919039\",\"name\":\"vrios\",\"url\":\"https:\\\/\\\/www.ip.gov.py\\\/ip\\\/author\\\/vrios\\\/\"}]}<\/script>\n<!-- \/ Yoast SEO plugin. -->","yoast_head_json":{"title":"El Territorio Deportivo Nacional llega al Amambay - .::Agencia IP::.","robots":{"index":"index","follow":"follow","max-snippet":"max-snippet:-1","max-image-preview":"max-image-preview:large","max-video-preview":"max-video-preview:-1"},"canonical":"https:\/\/www.ip.gov.py\/ip\/2022\/02\/24\/el-territorio-deportivo-nacional-llega-al-amambay\/","og_locale":"es_ES","og_type":"article","og_title":"El Territorio Deportivo Nacional llega al Amambay - .::Agencia IP::.","og_description":"Asunci\u00f3n, Agencia IP.-La Secretar\u00eda Nacional de Deportes celebr\u00f3 en la fecha la firma de acuerdos de cooperaci\u00f3n que permitir\u00e1n la construcci\u00f3n y equipamiento de Plazas Deportivas en 5 Municipios del Departamento de Amambay. El monto de inversi\u00f3n supera los mil 200 millones de guaran\u00edes.","og_url":"https:\/\/www.ip.gov.py\/ip\/2022\/02\/24\/el-territorio-deportivo-nacional-llega-al-amambay\/","og_site_name":".::Agencia IP::.","article_publisher":"https:\/\/www.facebook.com\/IPParaguay\/","article_published_time":"2022-02-24T16:28:46+00:00","og_image":[{"width":1599,"height":1066,"url":"https:\/\/www.ip.gov.py\/ip\/wp-content\/uploads\/2022\/02\/SND-1.jpg","type":"image\/jpeg"}],"author":"vrios","twitter_card":"summary_large_image","twitter_creator":"@IPParaguay","twitter_site":"@IPParaguay","twitter_misc":{"Escrito por":"vrios","Tiempo de lectura":"3 minutos"},"schema":{"@context":"https:\/\/schema.org","@graph":[{"@type":"Article","@id":"https:\/\/www.ip.gov.py\/ip\/2022\/02\/24\/el-territorio-deportivo-nacional-llega-al-amambay\/#article","isPartOf":{"@id":"https:\/\/www.ip.gov.py\/ip\/2022\/02\/24\/el-territorio-deportivo-nacional-llega-al-amambay\/"},"author":{"name":"vrios","@id":"https:\/\/www.ip.gov.py\/ip\/#\/schema\/person\/fa3668852e893cb0423795330f919039"},"headline":"El Territorio Deportivo Nacional llega al Amambay","datePublished":"2022-02-24T16:28:46+00:00","mainEntityOfPage":{"@id":"https:\/\/www.ip.gov.py\/ip\/2022\/02\/24\/el-territorio-deportivo-nacional-llega-al-amambay\/"},"wordCount":476,"publisher":{"@id":"https:\/\/www.ip.gov.py\/ip\/#organization"},"image":{"@id":"https:\/\/www.ip.gov.py\/ip\/2022\/02\/24\/el-territorio-deportivo-nacional-llega-al-amambay\/#primaryimage"},"thumbnailUrl":"https:\/\/www.ip.gov.py\/ip\/wp-content\/uploads\/2022\/02\/SND-1.jpg","keywords":["Acuerdo","Amambay","Construcci\u00f3n","plazas deportivas","SND"],"articleSection":["Deportes"],"inLanguage":"es"},{"@type":"WebPage","@id":"https:\/\/www.ip.gov.py\/ip\/2022\/02\/24\/el-territorio-deportivo-nacional-llega-al-amambay\/","url":"https:\/\/www.ip.gov.py\/ip\/2022\/02\/24\/el-territorio-deportivo-nacional-llega-al-amambay\/","name":"El Territorio Deportivo Nacional llega al Amambay - .::Agencia IP::.","isPartOf":{"@id":"https:\/\/www.ip.gov.py\/ip\/#website"},"primaryImageOfPage":{"@id":"https:\/\/www.ip.gov.py\/ip\/2022\/02\/24\/el-territorio-deportivo-nacional-llega-al-amambay\/#primaryimage"},"image":{"@id":"https:\/\/www.ip.gov.py\/ip\/2022\/02\/24\/el-territorio-deportivo-nacional-llega-al-amambay\/#primaryimage"},"thumbnailUrl":"https:\/\/www.ip.gov.py\/ip\/wp-content\/uploads\/2022\/02\/SND-1.jpg","datePublished":"2022-02-24T16:28:46+00:00","breadcrumb":{"@id":"https:\/\/www.ip.gov.py\/ip\/2022\/02\/24\/el-territorio-deportivo-nacional-llega-al-amambay\/#breadcrumb"},"inLanguage":"es","potentialAction":[{"@type":"ReadAction","target":["https:\/\/www.ip.gov.py\/ip\/2022\/02\/24\/el-territorio-deportivo-nacional-llega-al-amambay\/"]}]},{"@type":"ImageObject","inLanguage":"es","@id":"https:\/\/www.ip.gov.py\/ip\/2022\/02\/24\/el-territorio-deportivo-nacional-llega-al-amambay\/#primaryimage","url":"https:\/\/www.ip.gov.py\/ip\/wp-content\/uploads\/2022\/02\/SND-1.jpg","contentUrl":"https:\/\/www.ip.gov.py\/ip\/wp-content\/uploads\/2022\/02\/SND-1.jpg","width":1599,"height":1066,"caption":"SND"},{"@type":"BreadcrumbList","@id":"https:\/\/www.ip.gov.py\/ip\/2022\/02\/24\/el-territorio-deportivo-nacional-llega-al-amambay\/#breadcrumb","itemListElement":[{"@type":"ListItem","position":1,"name":"Portada","item":"https:\/\/www.ip.gov.py\/ip\/"},{"@type":"ListItem","position":2,"name":"El Territorio Deportivo Nacional llega al Amambay"}]},{"@type":"WebSite","@id":"https:\/\/www.ip.gov.py\/ip\/#website","url":"https:\/\/www.ip.gov.py\/ip\/","name":".::Agencia IP::.","description":"","publisher":{"@id":"https:\/\/www.ip.gov.py\/ip\/#organization"},"potentialAction":[{"@type":"SearchAction","target":{"@type":"EntryPoint","urlTemplate":"https:\/\/www.ip.gov.py\/ip\/?s={search_term_string}"},"query-input":{"@type":"PropertyValueSpecification","valueRequired":true,"valueName":"search_term_string"}}],"inLanguage":"es"},{"@type":"Organization","@id":"https:\/\/www.ip.gov.py\/ip\/#organization","name":"Agencia IP","url":"https:\/\/www.ip.gov.py\/ip\/","logo":{"@type":"ImageObject","inLanguage":"es","@id":"https:\/\/www.ip.gov.py\/ip\/#\/schema\/logo\/image\/","url":"https:\/\/www.ip.gov.py\/ip\/wp-content\/uploads\/2018\/01\/Agencia-IP.jpg","contentUrl":"https:\/\/www.ip.gov.py\/ip\/wp-content\/uploads\/2018\/01\/Agencia-IP.jpg","width":150,"height":150,"caption":"Agencia IP"},"image":{"@id":"https:\/\/www.ip.gov.py\/ip\/#\/schema\/logo\/image\/"},"sameAs":["https:\/\/www.facebook.com\/IPParaguay\/","https:\/\/x.com\/IPParaguay","https:\/\/www.instagram.com\/IPParaguay"]},{"@type":"Person","@id":"https:\/\/www.ip.gov.py\/ip\/#\/schema\/person\/fa3668852e893cb0423795330f919039","name":"vrios","url":"https:\/\/www.ip.gov.py\/ip\/author\/vrios\/"}]}},"_links":{"self":[{"href":"https:\/\/www.ip.gov.py\/ip\/wp-json\/wp\/v2\/posts\/405070","targetHints":{"allow":["GET"]}}],"collection":[{"href":"https:\/\/www.ip.gov.py\/ip\/wp-json\/wp\/v2\/posts"}],"about":[{"href":"https:\/\/www.ip.gov.py\/ip\/wp-json\/wp\/v2\/types\/post"}],"author":[{"embeddable":true,"href":"https:\/\/www.ip.gov.py\/ip\/wp-json\/wp\/v2\/users\/11"}],"replies":[{"embeddable":true,"href":"https:\/\/www.ip.gov.py\/ip\/wp-json\/wp\/v2\/comments?post=405070"}],"version-history":[{"count":0,"href":"https:\/\/www.ip.gov.py\/ip\/wp-json\/wp\/v2\/posts\/405070\/revisions"}],"wp:featuredmedia":[{"embeddable":true,"href":"https:\/\/www.ip.gov.py\/ip\/wp-json\/wp\/v2\/media\/405072"}],"wp:attachment":[{"href":"https:\/\/www.ip.gov.py\/ip\/wp-json\/wp\/v2\/media?parent=405070"}],"wp:term":[{"taxonomy":"category","embeddable":true,"href":"https:\/\/www.ip.gov.py\/ip\/wp-json\/wp\/v2\/categories?post=405070"},{"taxonomy":"post_tag","embeddable":true,"href":"https:\/\/www.ip.gov.py\/ip\/wp-json\/wp\/v2\/tags?post=405070"}],"curies":[{"name":"wp","href":"https:\/\/api.w.org\/{rel}","templated":true}]}}