{"id":405176,"date":"2022-02-25T10:22:41","date_gmt":"2022-02-25T13:22:41","guid":{"rendered":"https:\/\/www.ip.gov.py\/ip\/?p=405176"},"modified":"2022-02-25T10:22:41","modified_gmt":"2022-02-25T13:22:41","slug":"ataque-de-rusia-a-ucrania-137-muertos-condena-internacional-y-sanciones-y-queja-de-zelenski","status":"publish","type":"post","link":"https:\/\/www.ip.gov.py\/ip\/2022\/02\/25\/ataque-de-rusia-a-ucrania-137-muertos-condena-internacional-y-sanciones-y-queja-de-zelenski\/","title":{"rendered":"Ataque de Rusia a Ucrania: 137 muertos, condena internacional y sanciones, y queja de Zelenski"},"content":{"rendered":"<p style=\"text-align: justify;\"><em><strong>Kiev.-<\/strong><\/em> El mundo observ\u00f3 con impotencia y estupor el inicio del conflicto b\u00e9lico, de duraci\u00f3n incierta y con Ucrania como escenario, a partir de un ataque de Rusia que le vali\u00f3 el repudio internacional y el anuncio de severas sanciones, con un saldo de casi 140 muertos, varios aeropuertos afectados e instalaciones militares destruidas, junto a las obvias escenas de p\u00e1nico de la poblaci\u00f3n.<!--more--><\/p>\n<p style=\"text-align: justify;\">De madrugada, y apenas un rato despu\u00e9s de que lo anunciara el presidente Vladimir Putin las sirenas de avisos de bombardeos marcaron el comienzo del conflicto: la operaci\u00f3n militar con la que el presidente Vladimir Putin dijo que busca proteger a los habitantes civiles de las dos regiones separatistas y rusoparlantes del este de Ucrania, Donetsk y Lugansk, cuya independencia reconoci\u00f3 esta semana.<\/p>\n<p style=\"text-align: justify;\">En un discurso televisado, Putin aclar\u00f3 que no pretende ocupar Ucrania sino \u00abdesmilitarizar\u00bb y \u00abdesnazificar\u00bb el pa\u00eds y advirti\u00f3 que cualquier intento de intervenci\u00f3n tendr\u00eda \u00abconsecuencias que nunca han visto\u00bb.<\/p>\n<p style=\"text-align: justify;\">Apenas horas despu\u00e9s hubo una catarata de repudios a su actitud y el anuncio de sanciones: el estadounidense Joe Biden, el franc\u00e9s Emmanuel Macron, el italiano Mario Draghi, el brit\u00e1nico Boris Johnson y el alem\u00e1n Olaf Scholz cuestionaron la decisi\u00f3n de Mosc\u00fa, y anunciaron y prometieron sanciones duras, sobre todo en materia financiera, comercial, de transporte y energ\u00e9tica.<\/p>\n<p style=\"text-align: justify;\">Canad\u00e1 y el Reino Unido ya hicieron p\u00fablicas esas sanciones, mientras la Uni\u00f3n Europea, Estados Unidos y el G7 \u2013que re\u00fane a las principales econom\u00edas del mundo- las anunciaron, pero no las detallaron.<\/p>\n<p style=\"text-align: justify;\">En suelo ucraniano, en tanto, la cifra de fallecidos era todav\u00eda dif\u00edcil de determinar cuando el propio presidente Volodimir Zelenski difundi\u00f3 un video en el que detall\u00f3 que \u00ab137 h\u00e9roes\u00bb hab\u00edan muerto y otros 316 ciudadanos estaban heridos, seg\u00fan consignaron las agencias AFP y Sputnik.<\/p>\n<p style=\"text-align: justify;\">En paralelo se conoci\u00f3 un decreto del Ejecutivo que dispuso la \u00abmovilizaci\u00f3n militar general\u00bb para contrarrestar la invasi\u00f3n, medida que afectar\u00e1 a las personas sometidas al \u00abservicio militar obligatorio y a los reservistas\u00bb y que regir\u00e1 por 90 d\u00edas en todas las regiones del pa\u00eds.<\/p>\n<p style=\"text-align: justify;\">Pero Zelenski aprovech\u00f3 su aparici\u00f3n tambi\u00e9n para quejarse de lo que consider\u00f3 una situaci\u00f3n de aislamiento de su pa\u00eds, porque el respaldo internacional parece no ir m\u00e1s all\u00e1 de las palabras.<\/p>\n<figure id=\"attachment_405179\" aria-describedby=\"caption-attachment-405179\" style=\"width: 400px\" class=\"wp-caption alignright\"><img loading=\"lazy\" decoding=\"async\" class=\" wp-image-405179\" src=\"https:\/\/www.ip.gov.py\/ip\/wp-content\/uploads\/2022\/02\/Ucrania-600x425.jpg\" alt=\"\" width=\"400\" height=\"283\" srcset=\"https:\/\/www.ip.gov.py\/ip\/wp-content\/uploads\/2022\/02\/Ucrania-600x425.jpg 600w, https:\/\/www.ip.gov.py\/ip\/wp-content\/uploads\/2022\/02\/Ucrania-768x545.jpg 768w, https:\/\/www.ip.gov.py\/ip\/wp-content\/uploads\/2022\/02\/Ucrania-696x494.jpg 696w, https:\/\/www.ip.gov.py\/ip\/wp-content\/uploads\/2022\/02\/Ucrania-592x420.jpg 592w, https:\/\/www.ip.gov.py\/ip\/wp-content\/uploads\/2022\/02\/Ucrania-100x70.jpg 100w, https:\/\/www.ip.gov.py\/ip\/wp-content\/uploads\/2022\/02\/Ucrania.jpg 983w\" sizes=\"auto, (max-width: 400px) 100vw, 400px\" \/><figcaption id=\"caption-attachment-405179\" class=\"wp-caption-text\">Foto: Gentileza T\u00e9lam<\/figcaption><\/figure>\n<p style=\"text-align: justify;\">\u201cEl destino del pa\u00eds depende de nuestros soldados y de nuestro pueblo. \u00bfQui\u00e9n est\u00e1 listo para luchar con nosotros? No veo a nadie. \u00bfQui\u00e9n est\u00e1 listo para darle a Ucrania una garant\u00eda de membres\u00eda en la OTAN? Todos tienen miedo\u00bb, expres\u00f3.<\/p>\n<p style=\"text-align: justify;\">El mandatario se manifest\u00f3 \u201cmuy agradecido con todos los Estados que ayudan a Ucrania en t\u00e9rminos concretos\u201d. Y agreg\u00f3: \u201cPero en lo concreto, no en palabras\u201d.<\/p>\n<p style=\"text-align: justify;\">Cuando hizo su aparici\u00f3n, ya se sab\u00eda que fueron 74 las instalaciones militares destruidas por los bombardeos en distintos puntos del pa\u00eds y las incursiones terrestres lanzadas por Rusia.<\/p>\n<p style=\"text-align: justify;\">Kiev, rompi\u00f3 sus relaciones diplom\u00e1ticas con Mosc\u00fa y prometi\u00f3 defenderse, pidi\u00f3 ayuda internacional para que se fuerce a Mosc\u00fa a respetar la paz en medio de lo que llam\u00f3 una \u00abguerra a gran escala\u00bb iniciada desde el este, norte y sur del pa\u00eds vecino.<\/p>\n<p style=\"text-align: justify;\">La Guardia Fronteriza ucraniana dijo que fuerzas terrestres rusas hab\u00edan ingresado en la regi\u00f3n de Kiev, la capital, y Zelenski lo confirm\u00f3 despu\u00e9s.<\/p>\n<p style=\"text-align: justify;\">En respuesta, la OTAN acord\u00f3 reforzar sus fuerzas a\u00e9reas, terrestres y mar\u00edtimas en el flanco este de la alianza militar liderada por Estados Unidos, cerca de las fronteras de Ucrania y Rusia.<\/p>\n<p style=\"text-align: justify;\">La Guardia Fronteriza de Ucrania public\u00f3 im\u00e1genes de lo que dijo eran blindados rusos ingresando al pa\u00eds, y fuertes explosiones se oyeron en Kiev, en la oriental Jarkov y en las sure\u00f1as Odesa y Mariupol, inform\u00f3 la cadena CNN.<\/p>\n<p style=\"text-align: justify;\">Las sirenas de aviso de bombardeos se activaron tambi\u00e9n en Le\u00f3polis (Lviv), hacia donde Estados Unidos y otros pa\u00edses hab\u00edan trasladado sus embajadas.<\/p>\n<p style=\"text-align: justify;\">Tropas rusas tomaron el estrat\u00e9gico aeropuerto de la ciudad de Gostomel, ubicado cerca de Kiev, y peleaban con fuerzas ucranianas cerca de la central nuclear de Chernobil.<\/p>\n<p style=\"text-align: justify;\">En ambos ataques, las tropas rusas ingresaron desde Bielorrusia, que limita con Ucrania por el norte y cuya frontera est\u00e1 apenas a tres horas de Kiev por la ruta, dijeron autoridades.<\/p>\n<p style=\"text-align: justify;\">El Ej\u00e9rcito ruso afirm\u00f3 que destruy\u00f3 74 instalaciones terrestres militares ucranianas, incluidos 11 aer\u00f3dromos, tres puestos de mando y 18 estaciones de radar para sistemas de misiles antia\u00e9reos, inform\u00f3 el diario brit\u00e1nico The Guardian.<\/p>\n<p style=\"text-align: justify;\">Las fuerzas rusas destacaron adem\u00e1s que los separatistas del este, de las regiones de Lugansk y Donetsk que Mosc\u00fa reconoci\u00f3 el lunes pasado como Estados independientes, est\u00e1n avanzando y tomando el control de territorios.<\/p>\n<p style=\"text-align: justify;\">Inicialmente, Kiev hab\u00eda reconocido que m\u00e1s de 40 soldados y una decena de civiles ucranianos hab\u00edan muerto, pero se descontaba que esa cifra subir\u00eda con el paso de las horas.<\/p>\n<p style=\"text-align: justify;\">Aunque Zelenski -que anunci\u00f3 una ley marcial en todo el pa\u00eds- pidi\u00f3 a la poblaci\u00f3n no entrar en p\u00e1nico, comenzaron evacuaciones masivas en distintas ciudades.<\/p>\n<p style=\"text-align: justify;\">Hubo un pedido de la ONU para que los pa\u00edses vecinos \u00abmantengan sus fronteras abiertas\u00bb para recibir el \u00e9xodo de personas que buscan \u00abseguridad y protecci\u00f3n\u00bb.<\/p>\n<p style=\"text-align: justify;\">Zelenski tambi\u00e9n urgi\u00f3 a la comunidad internacional a crear una \u00abcoalici\u00f3n anti-Putin\u00bb para forzar a Mosc\u00fa a respetar la paz.<\/p>\n<p style=\"text-align: justify;\">\u00abLas fuerzas ucranianas llevan a cabo encarnizados combates. El enemigo ha sufrido p\u00e9rdidas importantes que ser\u00e1n a\u00fan m\u00e1s importantes\u00bb, dijo tambi\u00e9n el mandatario, que prometi\u00f3 \u00abinfligir el m\u00e1ximo de bajas\u00bb al agresor.<\/p>\n<p style=\"text-align: justify;\">Biden anunci\u00f3 que los soldados estadounidenses no luchar\u00e1n en Ucrania, pero s\u00ed \u00abdefender\u00e1n a los aliados en el este y todo \u00e1pice de terreno de la OTAN\u00bb, y tampoco la alianza anunci\u00f3 el env\u00edo de tropas a la zona.<\/p>\n<p style=\"text-align: justify;\">Putin, por su parte, se\u00f1al\u00f3 que lo que pasaba era \u00abuna medida forzada\u00bb, porque a Mosc\u00fa no le dejaron \u00abninguna posibilidad de actuar de manera diferente\u00bb.<\/p>\n<p style=\"text-align: justify;\">Las autoridades ucranianas cerraron el espacio a\u00e9reo a la aviaci\u00f3n civil por motivos de seguridad, mientras que Rusia cerr\u00f3 el transporte mar\u00edtimo.<\/p>\n<p style=\"text-align: justify;\">Las reacciones al inicio de la invasi\u00f3n no se hicieron esperar. Biden, que llam\u00f3 a Zelenski para expresarle su \u00abapoyo\u00bb, conden\u00f3 \u00abel ataque no provocado e injustificado por parte de las fuerzas militares rusas\u00bb y asegur\u00f3 que \u00abel mundo har\u00e1 responsable a Rusia\u00bb.<\/p>\n<p style=\"text-align: justify;\">\u00abEl presidente Putin ha elegido una guerra premeditada que traer\u00e1 una p\u00e9rdida catastr\u00f3fica de vidas y sufrimiento humano\u00bb, remarc\u00f3 Biden, para quien la invasi\u00f3n fue \u00absin provocaci\u00f3n, sin justificaci\u00f3n y sin necesidad\u00bb.<\/p>\n<p style=\"text-align: justify;\">El jefe de la Casa Blanca atribuy\u00f3 a Putin la idea de \u00abrestablecer la antigua Uni\u00f3n Sovi\u00e9tica\u00bb. \u00abDe eso se trata esto\u00bb, Evalu\u00f3, y llam\u00f3 la atenci\u00f3n sobre el hecho de que \u00abno hay mucha gente que est\u00e9 saliendo a defender\u00bb, al l\u00edder ruso.<\/p>\n<p style=\"text-align: justify;\">En Londres, Johnson llam\u00f3 \u00abdictador\u00bb a Putin y anunci\u00f3 ante el Parlamento sanciones \u2013entre ellas la suspensi\u00f3n de vuelos de Aeroflot- y Macron, que anunci\u00f3 sanciones, consider\u00f3 al ataque un \u00abpunto de inflexi\u00f3n\u00bb en la historia de Europa.<\/p>\n<p style=\"text-align: justify;\">El jefe de Gobierno alem\u00e1n, el canciller federal Olaf Scholz, habl\u00f3 de \u00abun d\u00eda oscuro para Europa\u00bb y prometi\u00f3 \u00absolidaridad total\u00bb con Kiev y Trudeau ponder\u00f3 las \u00absanciones m\u00e1s severas, ante el ataque militar imprudente y peligroso de Rusia\u00bb.<\/p>\n<p style=\"text-align: justify;\">Las quejas anti-Putin llegaron tambi\u00e9n desde la propia Rusia: protestas contra la guerra en Mosc\u00fa y San Petersburgo, convocadas por las redes sociales, dejaron al menos 1.500 detenidos, seg\u00fan la ONG de derechos humanos OVD-info.<\/p>\n<p style=\"text-align: justify;\">La alerta pas\u00f3 a rojo esta semana luego de que Putin reconociera la independencia de las provincias separatistas Lugansk y Donetsk, y de que el Senado ruso autorizara al gobierno a usar la fuerza militar en el extranjero. T\u00e9lam<\/p>\n","protected":false},"excerpt":{"rendered":"<p>Kiev.- El mundo observ\u00f3 con impotencia y estupor el inicio del conflicto b\u00e9lico, de duraci\u00f3n incierta y con Ucrania como escenario, a partir de un ataque de Rusia que le vali\u00f3 el repudio internacional y el anuncio de severas sanciones, con un saldo de casi 140 muertos, varios aeropuertos afectados e instalaciones militares destruidas, junto [&hellip;]<\/p>\n","protected":false},"author":23,"featured_media":405178,"comment_status":"closed","ping_status":"closed","sticky":false,"template":"","format":"standard","meta":{"_monsterinsights_skip_tracking":false,"_monsterinsights_sitenote_active":false,"_monsterinsights_sitenote_note":"","_monsterinsights_sitenote_category":0,"footnotes":""},"categories":[5],"tags":[10422,3356,5205,9937,7194,202,3262,8523,10825],"class_list":{"0":"post-405176","1":"post","2":"type-post","3":"status-publish","4":"format-standard","5":"has-post-thumbnail","7":"category-internacionales","8":"tag-boris-johnson","9":"tag-joe-biden","10":"tag-mario-draghi","11":"tag-olaf-scholz","12":"tag-otan","13":"tag-rusia","14":"tag-ucrania","15":"tag-vladimir-putin","16":"tag-volodimir-zelenski"},"yoast_head":"<!-- This site is optimized with the Yoast SEO plugin v27.5 - https:\/\/yoast.com\/product\/yoast-seo-wordpress\/ -->\n<title>Ataque de Rusia a Ucrania: 137 muertos, condena internacional y sanciones, y queja de Zelenski - .::Agencia IP::.<\/title>\n<meta name=\"robots\" content=\"index, follow, max-snippet:-1, max-image-preview:large, max-video-preview:-1\" \/>\n<link rel=\"canonical\" href=\"https:\/\/www.ip.gov.py\/ip\/2022\/02\/25\/ataque-de-rusia-a-ucrania-137-muertos-condena-internacional-y-sanciones-y-queja-de-zelenski\/\" \/>\n<meta property=\"og:locale\" content=\"es_ES\" \/>\n<meta property=\"og:type\" content=\"article\" \/>\n<meta property=\"og:title\" content=\"Ataque de Rusia a Ucrania: 137 muertos, condena internacional y sanciones, y queja de Zelenski - .::Agencia IP::.\" \/>\n<meta property=\"og:description\" content=\"Kiev.- El mundo observ\u00f3 con impotencia y estupor el inicio del conflicto b\u00e9lico, de duraci\u00f3n incierta y con Ucrania como escenario, a partir de un ataque de Rusia que le vali\u00f3 el repudio internacional y el anuncio de severas sanciones, con un saldo de casi 140 muertos, varios aeropuertos afectados e instalaciones militares destruidas, junto [&hellip;]\" \/>\n<meta property=\"og:url\" content=\"https:\/\/www.ip.gov.py\/ip\/2022\/02\/25\/ataque-de-rusia-a-ucrania-137-muertos-condena-internacional-y-sanciones-y-queja-de-zelenski\/\" \/>\n<meta property=\"og:site_name\" content=\".::Agencia IP::.\" \/>\n<meta property=\"article:publisher\" content=\"https:\/\/www.facebook.com\/IPParaguay\/\" \/>\n<meta property=\"article:published_time\" content=\"2022-02-25T13:22:41+00:00\" \/>\n<meta property=\"og:image\" content=\"https:\/\/www.ip.gov.py\/ip\/wp-content\/uploads\/2022\/02\/ucrania-destruidajpg.jpg\" \/>\n\t<meta property=\"og:image:width\" content=\"770\" \/>\n\t<meta property=\"og:image:height\" content=\"513\" \/>\n\t<meta property=\"og:image:type\" content=\"image\/jpeg\" \/>\n<meta name=\"author\" content=\"Noelia Ferreira\" \/>\n<meta name=\"twitter:card\" content=\"summary_large_image\" \/>\n<meta name=\"twitter:creator\" content=\"@IPParaguay\" \/>\n<meta name=\"twitter:site\" content=\"@IPParaguay\" \/>\n<meta name=\"twitter:label1\" content=\"Escrito por\" \/>\n\t<meta name=\"twitter:data1\" content=\"Noelia Ferreira\" \/>\n\t<meta name=\"twitter:label2\" content=\"Tiempo de lectura\" \/>\n\t<meta name=\"twitter:data2\" content=\"7 minutos\" \/>\n<script type=\"application\/ld+json\" class=\"yoast-schema-graph\">{\"@context\":\"https:\\\/\\\/schema.org\",\"@graph\":[{\"@type\":\"Article\",\"@id\":\"https:\\\/\\\/www.ip.gov.py\\\/ip\\\/2022\\\/02\\\/25\\\/ataque-de-rusia-a-ucrania-137-muertos-condena-internacional-y-sanciones-y-queja-de-zelenski\\\/#article\",\"isPartOf\":{\"@id\":\"https:\\\/\\\/www.ip.gov.py\\\/ip\\\/2022\\\/02\\\/25\\\/ataque-de-rusia-a-ucrania-137-muertos-condena-internacional-y-sanciones-y-queja-de-zelenski\\\/\"},\"author\":{\"name\":\"Noelia Ferreira\",\"@id\":\"https:\\\/\\\/www.ip.gov.py\\\/ip\\\/#\\\/schema\\\/person\\\/791af27a9219bdbf9064abb776bb41c2\"},\"headline\":\"Ataque de Rusia a Ucrania: 137 muertos, condena internacional y sanciones, y queja de Zelenski\",\"datePublished\":\"2022-02-25T13:22:41+00:00\",\"mainEntityOfPage\":{\"@id\":\"https:\\\/\\\/www.ip.gov.py\\\/ip\\\/2022\\\/02\\\/25\\\/ataque-de-rusia-a-ucrania-137-muertos-condena-internacional-y-sanciones-y-queja-de-zelenski\\\/\"},\"wordCount\":1363,\"publisher\":{\"@id\":\"https:\\\/\\\/www.ip.gov.py\\\/ip\\\/#organization\"},\"image\":{\"@id\":\"https:\\\/\\\/www.ip.gov.py\\\/ip\\\/2022\\\/02\\\/25\\\/ataque-de-rusia-a-ucrania-137-muertos-condena-internacional-y-sanciones-y-queja-de-zelenski\\\/#primaryimage\"},\"thumbnailUrl\":\"https:\\\/\\\/www.ip.gov.py\\\/ip\\\/wp-content\\\/uploads\\\/2022\\\/02\\\/ucrania-destruidajpg.jpg\",\"keywords\":[\"Boris Johnson\",\"Joe Biden\",\"Mario Draghi\",\"Olaf Scholz\",\"OTAN\",\"Rusia\",\"Ucrania\",\"Vladimir Putin\",\"Volodimir Zelenski\"],\"articleSection\":[\"Internacionales\"],\"inLanguage\":\"es\"},{\"@type\":\"WebPage\",\"@id\":\"https:\\\/\\\/www.ip.gov.py\\\/ip\\\/2022\\\/02\\\/25\\\/ataque-de-rusia-a-ucrania-137-muertos-condena-internacional-y-sanciones-y-queja-de-zelenski\\\/\",\"url\":\"https:\\\/\\\/www.ip.gov.py\\\/ip\\\/2022\\\/02\\\/25\\\/ataque-de-rusia-a-ucrania-137-muertos-condena-internacional-y-sanciones-y-queja-de-zelenski\\\/\",\"name\":\"Ataque de Rusia a Ucrania: 137 muertos, condena internacional y sanciones, y queja de Zelenski - .::Agencia IP::.\",\"isPartOf\":{\"@id\":\"https:\\\/\\\/www.ip.gov.py\\\/ip\\\/#website\"},\"primaryImageOfPage\":{\"@id\":\"https:\\\/\\\/www.ip.gov.py\\\/ip\\\/2022\\\/02\\\/25\\\/ataque-de-rusia-a-ucrania-137-muertos-condena-internacional-y-sanciones-y-queja-de-zelenski\\\/#primaryimage\"},\"image\":{\"@id\":\"https:\\\/\\\/www.ip.gov.py\\\/ip\\\/2022\\\/02\\\/25\\\/ataque-de-rusia-a-ucrania-137-muertos-condena-internacional-y-sanciones-y-queja-de-zelenski\\\/#primaryimage\"},\"thumbnailUrl\":\"https:\\\/\\\/www.ip.gov.py\\\/ip\\\/wp-content\\\/uploads\\\/2022\\\/02\\\/ucrania-destruidajpg.jpg\",\"datePublished\":\"2022-02-25T13:22:41+00:00\",\"breadcrumb\":{\"@id\":\"https:\\\/\\\/www.ip.gov.py\\\/ip\\\/2022\\\/02\\\/25\\\/ataque-de-rusia-a-ucrania-137-muertos-condena-internacional-y-sanciones-y-queja-de-zelenski\\\/#breadcrumb\"},\"inLanguage\":\"es\",\"potentialAction\":[{\"@type\":\"ReadAction\",\"target\":[\"https:\\\/\\\/www.ip.gov.py\\\/ip\\\/2022\\\/02\\\/25\\\/ataque-de-rusia-a-ucrania-137-muertos-condena-internacional-y-sanciones-y-queja-de-zelenski\\\/\"]}]},{\"@type\":\"ImageObject\",\"inLanguage\":\"es\",\"@id\":\"https:\\\/\\\/www.ip.gov.py\\\/ip\\\/2022\\\/02\\\/25\\\/ataque-de-rusia-a-ucrania-137-muertos-condena-internacional-y-sanciones-y-queja-de-zelenski\\\/#primaryimage\",\"url\":\"https:\\\/\\\/www.ip.gov.py\\\/ip\\\/wp-content\\\/uploads\\\/2022\\\/02\\\/ucrania-destruidajpg.jpg\",\"contentUrl\":\"https:\\\/\\\/www.ip.gov.py\\\/ip\\\/wp-content\\\/uploads\\\/2022\\\/02\\\/ucrania-destruidajpg.jpg\",\"width\":770,\"height\":513,\"caption\":\"Un soldado ucraniano camina entre los restos de un avi\u00f3n derribado en Kiev, Ucrania, el 25 de febrero de 2022. Foto: Gentileza AP\\\/Oleksandr Ratushniak\"},{\"@type\":\"BreadcrumbList\",\"@id\":\"https:\\\/\\\/www.ip.gov.py\\\/ip\\\/2022\\\/02\\\/25\\\/ataque-de-rusia-a-ucrania-137-muertos-condena-internacional-y-sanciones-y-queja-de-zelenski\\\/#breadcrumb\",\"itemListElement\":[{\"@type\":\"ListItem\",\"position\":1,\"name\":\"Portada\",\"item\":\"https:\\\/\\\/www.ip.gov.py\\\/ip\\\/\"},{\"@type\":\"ListItem\",\"position\":2,\"name\":\"Ataque de Rusia a Ucrania: 137 muertos, condena internacional y sanciones, y queja de Zelenski\"}]},{\"@type\":\"WebSite\",\"@id\":\"https:\\\/\\\/www.ip.gov.py\\\/ip\\\/#website\",\"url\":\"https:\\\/\\\/www.ip.gov.py\\\/ip\\\/\",\"name\":\".::Agencia IP::.\",\"description\":\"\",\"publisher\":{\"@id\":\"https:\\\/\\\/www.ip.gov.py\\\/ip\\\/#organization\"},\"potentialAction\":[{\"@type\":\"SearchAction\",\"target\":{\"@type\":\"EntryPoint\",\"urlTemplate\":\"https:\\\/\\\/www.ip.gov.py\\\/ip\\\/?s={search_term_string}\"},\"query-input\":{\"@type\":\"PropertyValueSpecification\",\"valueRequired\":true,\"valueName\":\"search_term_string\"}}],\"inLanguage\":\"es\"},{\"@type\":\"Organization\",\"@id\":\"https:\\\/\\\/www.ip.gov.py\\\/ip\\\/#organization\",\"name\":\"Agencia IP\",\"url\":\"https:\\\/\\\/www.ip.gov.py\\\/ip\\\/\",\"logo\":{\"@type\":\"ImageObject\",\"inLanguage\":\"es\",\"@id\":\"https:\\\/\\\/www.ip.gov.py\\\/ip\\\/#\\\/schema\\\/logo\\\/image\\\/\",\"url\":\"https:\\\/\\\/www.ip.gov.py\\\/ip\\\/wp-content\\\/uploads\\\/2018\\\/01\\\/Agencia-IP.jpg\",\"contentUrl\":\"https:\\\/\\\/www.ip.gov.py\\\/ip\\\/wp-content\\\/uploads\\\/2018\\\/01\\\/Agencia-IP.jpg\",\"width\":150,\"height\":150,\"caption\":\"Agencia IP\"},\"image\":{\"@id\":\"https:\\\/\\\/www.ip.gov.py\\\/ip\\\/#\\\/schema\\\/logo\\\/image\\\/\"},\"sameAs\":[\"https:\\\/\\\/www.facebook.com\\\/IPParaguay\\\/\",\"https:\\\/\\\/x.com\\\/IPParaguay\",\"https:\\\/\\\/www.instagram.com\\\/IPParaguay\"]},{\"@type\":\"Person\",\"@id\":\"https:\\\/\\\/www.ip.gov.py\\\/ip\\\/#\\\/schema\\\/person\\\/791af27a9219bdbf9064abb776bb41c2\",\"name\":\"Noelia Ferreira\",\"sameAs\":[\"http:\\\/\\\/www.ip.gov.py\"],\"url\":\"https:\\\/\\\/www.ip.gov.py\\\/ip\\\/author\\\/nferreira\\\/\"}]}<\/script>\n<!-- \/ Yoast SEO plugin. -->","yoast_head_json":{"title":"Ataque de Rusia a Ucrania: 137 muertos, condena internacional y sanciones, y queja de Zelenski - .::Agencia IP::.","robots":{"index":"index","follow":"follow","max-snippet":"max-snippet:-1","max-image-preview":"max-image-preview:large","max-video-preview":"max-video-preview:-1"},"canonical":"https:\/\/www.ip.gov.py\/ip\/2022\/02\/25\/ataque-de-rusia-a-ucrania-137-muertos-condena-internacional-y-sanciones-y-queja-de-zelenski\/","og_locale":"es_ES","og_type":"article","og_title":"Ataque de Rusia a Ucrania: 137 muertos, condena internacional y sanciones, y queja de Zelenski - .::Agencia IP::.","og_description":"Kiev.- El mundo observ\u00f3 con impotencia y estupor el inicio del conflicto b\u00e9lico, de duraci\u00f3n incierta y con Ucrania como escenario, a partir de un ataque de Rusia que le vali\u00f3 el repudio internacional y el anuncio de severas sanciones, con un saldo de casi 140 muertos, varios aeropuertos afectados e instalaciones militares destruidas, junto [&hellip;]","og_url":"https:\/\/www.ip.gov.py\/ip\/2022\/02\/25\/ataque-de-rusia-a-ucrania-137-muertos-condena-internacional-y-sanciones-y-queja-de-zelenski\/","og_site_name":".::Agencia IP::.","article_publisher":"https:\/\/www.facebook.com\/IPParaguay\/","article_published_time":"2022-02-25T13:22:41+00:00","og_image":[{"width":770,"height":513,"url":"https:\/\/www.ip.gov.py\/ip\/wp-content\/uploads\/2022\/02\/ucrania-destruidajpg.jpg","type":"image\/jpeg"}],"author":"Noelia Ferreira","twitter_card":"summary_large_image","twitter_creator":"@IPParaguay","twitter_site":"@IPParaguay","twitter_misc":{"Escrito por":"Noelia Ferreira","Tiempo de lectura":"7 minutos"},"schema":{"@context":"https:\/\/schema.org","@graph":[{"@type":"Article","@id":"https:\/\/www.ip.gov.py\/ip\/2022\/02\/25\/ataque-de-rusia-a-ucrania-137-muertos-condena-internacional-y-sanciones-y-queja-de-zelenski\/#article","isPartOf":{"@id":"https:\/\/www.ip.gov.py\/ip\/2022\/02\/25\/ataque-de-rusia-a-ucrania-137-muertos-condena-internacional-y-sanciones-y-queja-de-zelenski\/"},"author":{"name":"Noelia Ferreira","@id":"https:\/\/www.ip.gov.py\/ip\/#\/schema\/person\/791af27a9219bdbf9064abb776bb41c2"},"headline":"Ataque de Rusia a Ucrania: 137 muertos, condena internacional y sanciones, y queja de Zelenski","datePublished":"2022-02-25T13:22:41+00:00","mainEntityOfPage":{"@id":"https:\/\/www.ip.gov.py\/ip\/2022\/02\/25\/ataque-de-rusia-a-ucrania-137-muertos-condena-internacional-y-sanciones-y-queja-de-zelenski\/"},"wordCount":1363,"publisher":{"@id":"https:\/\/www.ip.gov.py\/ip\/#organization"},"image":{"@id":"https:\/\/www.ip.gov.py\/ip\/2022\/02\/25\/ataque-de-rusia-a-ucrania-137-muertos-condena-internacional-y-sanciones-y-queja-de-zelenski\/#primaryimage"},"thumbnailUrl":"https:\/\/www.ip.gov.py\/ip\/wp-content\/uploads\/2022\/02\/ucrania-destruidajpg.jpg","keywords":["Boris Johnson","Joe Biden","Mario Draghi","Olaf Scholz","OTAN","Rusia","Ucrania","Vladimir Putin","Volodimir Zelenski"],"articleSection":["Internacionales"],"inLanguage":"es"},{"@type":"WebPage","@id":"https:\/\/www.ip.gov.py\/ip\/2022\/02\/25\/ataque-de-rusia-a-ucrania-137-muertos-condena-internacional-y-sanciones-y-queja-de-zelenski\/","url":"https:\/\/www.ip.gov.py\/ip\/2022\/02\/25\/ataque-de-rusia-a-ucrania-137-muertos-condena-internacional-y-sanciones-y-queja-de-zelenski\/","name":"Ataque de Rusia a Ucrania: 137 muertos, condena internacional y sanciones, y queja de Zelenski - .::Agencia IP::.","isPartOf":{"@id":"https:\/\/www.ip.gov.py\/ip\/#website"},"primaryImageOfPage":{"@id":"https:\/\/www.ip.gov.py\/ip\/2022\/02\/25\/ataque-de-rusia-a-ucrania-137-muertos-condena-internacional-y-sanciones-y-queja-de-zelenski\/#primaryimage"},"image":{"@id":"https:\/\/www.ip.gov.py\/ip\/2022\/02\/25\/ataque-de-rusia-a-ucrania-137-muertos-condena-internacional-y-sanciones-y-queja-de-zelenski\/#primaryimage"},"thumbnailUrl":"https:\/\/www.ip.gov.py\/ip\/wp-content\/uploads\/2022\/02\/ucrania-destruidajpg.jpg","datePublished":"2022-02-25T13:22:41+00:00","breadcrumb":{"@id":"https:\/\/www.ip.gov.py\/ip\/2022\/02\/25\/ataque-de-rusia-a-ucrania-137-muertos-condena-internacional-y-sanciones-y-queja-de-zelenski\/#breadcrumb"},"inLanguage":"es","potentialAction":[{"@type":"ReadAction","target":["https:\/\/www.ip.gov.py\/ip\/2022\/02\/25\/ataque-de-rusia-a-ucrania-137-muertos-condena-internacional-y-sanciones-y-queja-de-zelenski\/"]}]},{"@type":"ImageObject","inLanguage":"es","@id":"https:\/\/www.ip.gov.py\/ip\/2022\/02\/25\/ataque-de-rusia-a-ucrania-137-muertos-condena-internacional-y-sanciones-y-queja-de-zelenski\/#primaryimage","url":"https:\/\/www.ip.gov.py\/ip\/wp-content\/uploads\/2022\/02\/ucrania-destruidajpg.jpg","contentUrl":"https:\/\/www.ip.gov.py\/ip\/wp-content\/uploads\/2022\/02\/ucrania-destruidajpg.jpg","width":770,"height":513,"caption":"Un soldado ucraniano camina entre los restos de un avi\u00f3n derribado en Kiev, Ucrania, el 25 de febrero de 2022. Foto: Gentileza AP\/Oleksandr Ratushniak"},{"@type":"BreadcrumbList","@id":"https:\/\/www.ip.gov.py\/ip\/2022\/02\/25\/ataque-de-rusia-a-ucrania-137-muertos-condena-internacional-y-sanciones-y-queja-de-zelenski\/#breadcrumb","itemListElement":[{"@type":"ListItem","position":1,"name":"Portada","item":"https:\/\/www.ip.gov.py\/ip\/"},{"@type":"ListItem","position":2,"name":"Ataque de Rusia a Ucrania: 137 muertos, condena internacional y sanciones, y queja de Zelenski"}]},{"@type":"WebSite","@id":"https:\/\/www.ip.gov.py\/ip\/#website","url":"https:\/\/www.ip.gov.py\/ip\/","name":".::Agencia IP::.","description":"","publisher":{"@id":"https:\/\/www.ip.gov.py\/ip\/#organization"},"potentialAction":[{"@type":"SearchAction","target":{"@type":"EntryPoint","urlTemplate":"https:\/\/www.ip.gov.py\/ip\/?s={search_term_string}"},"query-input":{"@type":"PropertyValueSpecification","valueRequired":true,"valueName":"search_term_string"}}],"inLanguage":"es"},{"@type":"Organization","@id":"https:\/\/www.ip.gov.py\/ip\/#organization","name":"Agencia IP","url":"https:\/\/www.ip.gov.py\/ip\/","logo":{"@type":"ImageObject","inLanguage":"es","@id":"https:\/\/www.ip.gov.py\/ip\/#\/schema\/logo\/image\/","url":"https:\/\/www.ip.gov.py\/ip\/wp-content\/uploads\/2018\/01\/Agencia-IP.jpg","contentUrl":"https:\/\/www.ip.gov.py\/ip\/wp-content\/uploads\/2018\/01\/Agencia-IP.jpg","width":150,"height":150,"caption":"Agencia IP"},"image":{"@id":"https:\/\/www.ip.gov.py\/ip\/#\/schema\/logo\/image\/"},"sameAs":["https:\/\/www.facebook.com\/IPParaguay\/","https:\/\/x.com\/IPParaguay","https:\/\/www.instagram.com\/IPParaguay"]},{"@type":"Person","@id":"https:\/\/www.ip.gov.py\/ip\/#\/schema\/person\/791af27a9219bdbf9064abb776bb41c2","name":"Noelia Ferreira","sameAs":["http:\/\/www.ip.gov.py"],"url":"https:\/\/www.ip.gov.py\/ip\/author\/nferreira\/"}]}},"_links":{"self":[{"href":"https:\/\/www.ip.gov.py\/ip\/wp-json\/wp\/v2\/posts\/405176","targetHints":{"allow":["GET"]}}],"collection":[{"href":"https:\/\/www.ip.gov.py\/ip\/wp-json\/wp\/v2\/posts"}],"about":[{"href":"https:\/\/www.ip.gov.py\/ip\/wp-json\/wp\/v2\/types\/post"}],"author":[{"embeddable":true,"href":"https:\/\/www.ip.gov.py\/ip\/wp-json\/wp\/v2\/users\/23"}],"replies":[{"embeddable":true,"href":"https:\/\/www.ip.gov.py\/ip\/wp-json\/wp\/v2\/comments?post=405176"}],"version-history":[{"count":0,"href":"https:\/\/www.ip.gov.py\/ip\/wp-json\/wp\/v2\/posts\/405176\/revisions"}],"wp:featuredmedia":[{"embeddable":true,"href":"https:\/\/www.ip.gov.py\/ip\/wp-json\/wp\/v2\/media\/405178"}],"wp:attachment":[{"href":"https:\/\/www.ip.gov.py\/ip\/wp-json\/wp\/v2\/media?parent=405176"}],"wp:term":[{"taxonomy":"category","embeddable":true,"href":"https:\/\/www.ip.gov.py\/ip\/wp-json\/wp\/v2\/categories?post=405176"},{"taxonomy":"post_tag","embeddable":true,"href":"https:\/\/www.ip.gov.py\/ip\/wp-json\/wp\/v2\/tags?post=405176"}],"curies":[{"name":"wp","href":"https:\/\/api.w.org\/{rel}","templated":true}]}}