{"id":405301,"date":"2022-02-26T09:36:09","date_gmt":"2022-02-26T12:36:09","guid":{"rendered":"https:\/\/www.ip.gov.py\/ip\/?p=405301"},"modified":"2022-02-26T09:36:09","modified_gmt":"2022-02-26T12:36:09","slug":"en-el-buen-pastor-celebraron-el-dia-de-la-mujer-paraguaya-y-el-terere","status":"publish","type":"post","link":"https:\/\/www.ip.gov.py\/ip\/2022\/02\/26\/en-el-buen-pastor-celebraron-el-dia-de-la-mujer-paraguaya-y-el-terere\/","title":{"rendered":"En el Buen Pastor celebraron el D\u00eda de la Mujer Paraguaya y el Terer\u00e9"},"content":{"rendered":"<p style=\"text-align: justify;\"><em><strong>Asunci\u00f3n, Agencia IP.-<\/strong> <\/em>Autoridades del Ministerio de Justicia y mujeres privadas de libertad de la Casa del Buen Pastor llenaron de colorido el penal en el marco de los festejos por el D\u00eda de la Mujer Paraguaya y el Terer\u00e9. En la ocasi\u00f3n, tambi\u00e9n expusieron sus trabajos de artesan\u00eda.<!--more--><\/p>\n<p style=\"text-align: justify;\">En la apertura del acto, la directora general de Establecimientos Penitenciarios de Mujeres, Ana Dina Coronel, felicit\u00f3 a las internas y les record\u00f3 el trabajo incesante de las autoridades de la cartera de Justicia abocadas a conseguir normativas que cooperen en el mejor trato de una mujer en situaci\u00f3n de encierro.<\/p>\n<p style=\"text-align: justify;\">\u201cTiene que haber una legislaci\u00f3n especial, as\u00ed como hay para menores, tambi\u00e9n tiene que haber para mujeres adultas porque el contexto de ustedes es diferente, la situaci\u00f3n que les trae aqu\u00ed tambi\u00e9n es distinta, y el modo en c\u00f3mo afecta eso para con sus hijos y la sociedad misma. No es igual que un var\u00f3n est\u00e9 privado de libertad, que una mujer viva en esa situaci\u00f3n\u201d, dijo Coronel.<\/p>\n<p style=\"text-align: justify;\">Seguidamente, el feliz D\u00eda de la Mujer Paraguaya se festej\u00f3 con la actuaci\u00f3n del Ballet folcl\u00f3rico penitenciario \u201cGrupo Kure&#8217;y\u201d que puso el ritmo de polcas paraguayas con los palmoteos chispeantes de las asistentes.<\/p>\n<p style=\"text-align: justify;\">Despu\u00e9s, las internas del Sector Renacer dejaron en la pista toda su simpat\u00eda con la danza folcl\u00f3rica \u201cArpa y Danza\u201d. Cada 24 de febrero se rememora el D\u00eda de la Mujer Paraguaya, en alusi\u00f3n a la primera Asamblea de Mujeres Americanas que tuvo lugar en Asunci\u00f3n en el a\u00f1o 1867.<\/p>\n<p style=\"text-align: justify;\">Igualmente el D\u00eda del Terer\u00e9, se vivi\u00f3 desde el stand alusivo a la fecha con la exposici\u00f3n de utensilios, yerba y yuyos para su preparaci\u00f3n, que foment\u00f3 el rescate cultural de la bebida declarada Patrimonio Cultural y Bebida Nacional del Paraguay.<\/p>\n<p style=\"text-align: justify;\">Asimismo se desarroll\u00f3 una exposici\u00f3n de los trabajos artesanales realizados en los talleres de reinserci\u00f3n social, con bell\u00edsimos decorados de guampas y bombillas muy admiradas, adem\u00e1s de tapetes, tejidos en \u00f1andut\u00ed, bolsones en tela, piezas en croch\u00e9, aros y collares en piedras. M\u00fasica, concursos de baile y animaci\u00f3n de DJ, completaron la algarab\u00eda de las MPL.<\/p>\n<p style=\"text-align: justify;\">Este a\u00f1o se enfatizaron los festejos de las dos fechas tan importantes en el calendario nacional, fortalecidas en la premisa de la cultura en las penitenciar\u00edas, informaron desde el Ministerio de Justicia.<\/p>\n","protected":false},"excerpt":{"rendered":"<p>Asunci\u00f3n, Agencia IP.- Autoridades del Ministerio de Justicia y mujeres privadas de libertad de la Casa del Buen Pastor llenaron de colorido el penal en el marco de los festejos por el D\u00eda de la Mujer Paraguaya y el Terer\u00e9. En la ocasi\u00f3n, tambi\u00e9n expusieron sus trabajos de artesan\u00eda.<\/p>\n","protected":false},"author":7,"featured_media":405302,"comment_status":"closed","ping_status":"closed","sticky":false,"template":"","format":"standard","meta":{"_monsterinsights_skip_tracking":false,"_monsterinsights_sitenote_active":false,"_monsterinsights_sitenote_note":"","_monsterinsights_sitenote_category":0,"footnotes":""},"categories":[4],"tags":[10812,5657,406],"class_list":{"0":"post-405301","1":"post","2":"type-post","3":"status-publish","4":"format-standard","5":"has-post-thumbnail","7":"category-nacionales","8":"tag-dia-de-la-mujer-paraguaya","9":"tag-dia-nacional-del-terere","10":"tag-ministerio-de-justicia"},"yoast_head":"<!-- This site is optimized with the Yoast SEO plugin v27.5 - https:\/\/yoast.com\/product\/yoast-seo-wordpress\/ -->\n<title>En el Buen Pastor celebraron el D\u00eda de la Mujer Paraguaya y el Terer\u00e9 - .::Agencia IP::.<\/title>\n<meta name=\"robots\" content=\"index, follow, max-snippet:-1, max-image-preview:large, max-video-preview:-1\" \/>\n<link rel=\"canonical\" href=\"https:\/\/www.ip.gov.py\/ip\/2022\/02\/26\/en-el-buen-pastor-celebraron-el-dia-de-la-mujer-paraguaya-y-el-terere\/\" \/>\n<meta property=\"og:locale\" content=\"es_ES\" \/>\n<meta property=\"og:type\" content=\"article\" \/>\n<meta property=\"og:title\" content=\"En el Buen Pastor celebraron el D\u00eda de la Mujer Paraguaya y el Terer\u00e9 - .::Agencia IP::.\" \/>\n<meta property=\"og:description\" content=\"Asunci\u00f3n, Agencia IP.- Autoridades del Ministerio de Justicia y mujeres privadas de libertad de la Casa del Buen Pastor llenaron de colorido el penal en el marco de los festejos por el D\u00eda de la Mujer Paraguaya y el Terer\u00e9. En la ocasi\u00f3n, tambi\u00e9n expusieron sus trabajos de artesan\u00eda.\" \/>\n<meta property=\"og:url\" content=\"https:\/\/www.ip.gov.py\/ip\/2022\/02\/26\/en-el-buen-pastor-celebraron-el-dia-de-la-mujer-paraguaya-y-el-terere\/\" \/>\n<meta property=\"og:site_name\" content=\".::Agencia IP::.\" \/>\n<meta property=\"article:publisher\" content=\"https:\/\/www.facebook.com\/IPParaguay\/\" \/>\n<meta property=\"article:published_time\" content=\"2022-02-26T12:36:09+00:00\" \/>\n<meta property=\"og:image\" content=\"https:\/\/www.ip.gov.py\/ip\/wp-content\/uploads\/2022\/02\/mujeres-del-buen-pastos-exposicion-4.jpg\" \/>\n\t<meta property=\"og:image:width\" content=\"1280\" \/>\n\t<meta property=\"og:image:height\" content=\"855\" \/>\n\t<meta property=\"og:image:type\" content=\"image\/jpeg\" \/>\n<meta name=\"author\" content=\"Karina L\u00f3pez\" \/>\n<meta name=\"twitter:card\" content=\"summary_large_image\" \/>\n<meta name=\"twitter:creator\" content=\"@IPParaguay\" \/>\n<meta name=\"twitter:site\" content=\"@IPParaguay\" \/>\n<meta name=\"twitter:label1\" content=\"Escrito por\" \/>\n\t<meta name=\"twitter:data1\" content=\"Karina L\u00f3pez\" \/>\n\t<meta name=\"twitter:label2\" content=\"Tiempo de lectura\" \/>\n\t<meta name=\"twitter:data2\" content=\"2 minutos\" \/>\n<script type=\"application\/ld+json\" class=\"yoast-schema-graph\">{\"@context\":\"https:\\\/\\\/schema.org\",\"@graph\":[{\"@type\":\"Article\",\"@id\":\"https:\\\/\\\/www.ip.gov.py\\\/ip\\\/2022\\\/02\\\/26\\\/en-el-buen-pastor-celebraron-el-dia-de-la-mujer-paraguaya-y-el-terere\\\/#article\",\"isPartOf\":{\"@id\":\"https:\\\/\\\/www.ip.gov.py\\\/ip\\\/2022\\\/02\\\/26\\\/en-el-buen-pastor-celebraron-el-dia-de-la-mujer-paraguaya-y-el-terere\\\/\"},\"author\":{\"name\":\"Karina L\u00f3pez\",\"@id\":\"https:\\\/\\\/www.ip.gov.py\\\/ip\\\/#\\\/schema\\\/person\\\/613765cf13d420d448042e6802220539\"},\"headline\":\"En el Buen Pastor celebraron el D\u00eda de la Mujer Paraguaya y el Terer\u00e9\",\"datePublished\":\"2022-02-26T12:36:09+00:00\",\"mainEntityOfPage\":{\"@id\":\"https:\\\/\\\/www.ip.gov.py\\\/ip\\\/2022\\\/02\\\/26\\\/en-el-buen-pastor-celebraron-el-dia-de-la-mujer-paraguaya-y-el-terere\\\/\"},\"wordCount\":430,\"publisher\":{\"@id\":\"https:\\\/\\\/www.ip.gov.py\\\/ip\\\/#organization\"},\"image\":{\"@id\":\"https:\\\/\\\/www.ip.gov.py\\\/ip\\\/2022\\\/02\\\/26\\\/en-el-buen-pastor-celebraron-el-dia-de-la-mujer-paraguaya-y-el-terere\\\/#primaryimage\"},\"thumbnailUrl\":\"https:\\\/\\\/www.ip.gov.py\\\/ip\\\/wp-content\\\/uploads\\\/2022\\\/02\\\/mujeres-del-buen-pastos-exposicion-4.jpg\",\"keywords\":[\"D\u00eda de la mujer paraguaya\",\"D\u00eda Nacional del Terer\u00e9\",\"Ministerio de Justicia\"],\"articleSection\":[\"Nacionales\"],\"inLanguage\":\"es\"},{\"@type\":\"WebPage\",\"@id\":\"https:\\\/\\\/www.ip.gov.py\\\/ip\\\/2022\\\/02\\\/26\\\/en-el-buen-pastor-celebraron-el-dia-de-la-mujer-paraguaya-y-el-terere\\\/\",\"url\":\"https:\\\/\\\/www.ip.gov.py\\\/ip\\\/2022\\\/02\\\/26\\\/en-el-buen-pastor-celebraron-el-dia-de-la-mujer-paraguaya-y-el-terere\\\/\",\"name\":\"En el Buen Pastor celebraron el D\u00eda de la Mujer Paraguaya y el Terer\u00e9 - .::Agencia IP::.\",\"isPartOf\":{\"@id\":\"https:\\\/\\\/www.ip.gov.py\\\/ip\\\/#website\"},\"primaryImageOfPage\":{\"@id\":\"https:\\\/\\\/www.ip.gov.py\\\/ip\\\/2022\\\/02\\\/26\\\/en-el-buen-pastor-celebraron-el-dia-de-la-mujer-paraguaya-y-el-terere\\\/#primaryimage\"},\"image\":{\"@id\":\"https:\\\/\\\/www.ip.gov.py\\\/ip\\\/2022\\\/02\\\/26\\\/en-el-buen-pastor-celebraron-el-dia-de-la-mujer-paraguaya-y-el-terere\\\/#primaryimage\"},\"thumbnailUrl\":\"https:\\\/\\\/www.ip.gov.py\\\/ip\\\/wp-content\\\/uploads\\\/2022\\\/02\\\/mujeres-del-buen-pastos-exposicion-4.jpg\",\"datePublished\":\"2022-02-26T12:36:09+00:00\",\"breadcrumb\":{\"@id\":\"https:\\\/\\\/www.ip.gov.py\\\/ip\\\/2022\\\/02\\\/26\\\/en-el-buen-pastor-celebraron-el-dia-de-la-mujer-paraguaya-y-el-terere\\\/#breadcrumb\"},\"inLanguage\":\"es\",\"potentialAction\":[{\"@type\":\"ReadAction\",\"target\":[\"https:\\\/\\\/www.ip.gov.py\\\/ip\\\/2022\\\/02\\\/26\\\/en-el-buen-pastor-celebraron-el-dia-de-la-mujer-paraguaya-y-el-terere\\\/\"]}]},{\"@type\":\"ImageObject\",\"inLanguage\":\"es\",\"@id\":\"https:\\\/\\\/www.ip.gov.py\\\/ip\\\/2022\\\/02\\\/26\\\/en-el-buen-pastor-celebraron-el-dia-de-la-mujer-paraguaya-y-el-terere\\\/#primaryimage\",\"url\":\"https:\\\/\\\/www.ip.gov.py\\\/ip\\\/wp-content\\\/uploads\\\/2022\\\/02\\\/mujeres-del-buen-pastos-exposicion-4.jpg\",\"contentUrl\":\"https:\\\/\\\/www.ip.gov.py\\\/ip\\\/wp-content\\\/uploads\\\/2022\\\/02\\\/mujeres-del-buen-pastos-exposicion-4.jpg\",\"width\":1280,\"height\":855,\"caption\":\"Las internas celebraron el D\u00eda de la Mujer Paraguaya y del Terer\u00e9. Foto gentileza\"},{\"@type\":\"BreadcrumbList\",\"@id\":\"https:\\\/\\\/www.ip.gov.py\\\/ip\\\/2022\\\/02\\\/26\\\/en-el-buen-pastor-celebraron-el-dia-de-la-mujer-paraguaya-y-el-terere\\\/#breadcrumb\",\"itemListElement\":[{\"@type\":\"ListItem\",\"position\":1,\"name\":\"Portada\",\"item\":\"https:\\\/\\\/www.ip.gov.py\\\/ip\\\/\"},{\"@type\":\"ListItem\",\"position\":2,\"name\":\"En el Buen Pastor celebraron el D\u00eda de la Mujer Paraguaya y el Terer\u00e9\"}]},{\"@type\":\"WebSite\",\"@id\":\"https:\\\/\\\/www.ip.gov.py\\\/ip\\\/#website\",\"url\":\"https:\\\/\\\/www.ip.gov.py\\\/ip\\\/\",\"name\":\".::Agencia IP::.\",\"description\":\"\",\"publisher\":{\"@id\":\"https:\\\/\\\/www.ip.gov.py\\\/ip\\\/#organization\"},\"potentialAction\":[{\"@type\":\"SearchAction\",\"target\":{\"@type\":\"EntryPoint\",\"urlTemplate\":\"https:\\\/\\\/www.ip.gov.py\\\/ip\\\/?s={search_term_string}\"},\"query-input\":{\"@type\":\"PropertyValueSpecification\",\"valueRequired\":true,\"valueName\":\"search_term_string\"}}],\"inLanguage\":\"es\"},{\"@type\":\"Organization\",\"@id\":\"https:\\\/\\\/www.ip.gov.py\\\/ip\\\/#organization\",\"name\":\"Agencia IP\",\"url\":\"https:\\\/\\\/www.ip.gov.py\\\/ip\\\/\",\"logo\":{\"@type\":\"ImageObject\",\"inLanguage\":\"es\",\"@id\":\"https:\\\/\\\/www.ip.gov.py\\\/ip\\\/#\\\/schema\\\/logo\\\/image\\\/\",\"url\":\"https:\\\/\\\/www.ip.gov.py\\\/ip\\\/wp-content\\\/uploads\\\/2018\\\/01\\\/Agencia-IP.jpg\",\"contentUrl\":\"https:\\\/\\\/www.ip.gov.py\\\/ip\\\/wp-content\\\/uploads\\\/2018\\\/01\\\/Agencia-IP.jpg\",\"width\":150,\"height\":150,\"caption\":\"Agencia IP\"},\"image\":{\"@id\":\"https:\\\/\\\/www.ip.gov.py\\\/ip\\\/#\\\/schema\\\/logo\\\/image\\\/\"},\"sameAs\":[\"https:\\\/\\\/www.facebook.com\\\/IPParaguay\\\/\",\"https:\\\/\\\/x.com\\\/IPParaguay\",\"https:\\\/\\\/www.instagram.com\\\/IPParaguay\"]},{\"@type\":\"Person\",\"@id\":\"https:\\\/\\\/www.ip.gov.py\\\/ip\\\/#\\\/schema\\\/person\\\/613765cf13d420d448042e6802220539\",\"name\":\"Karina L\u00f3pez\",\"url\":\"https:\\\/\\\/www.ip.gov.py\\\/ip\\\/author\\\/klopez\\\/\"}]}<\/script>\n<!-- \/ Yoast SEO plugin. -->","yoast_head_json":{"title":"En el Buen Pastor celebraron el D\u00eda de la Mujer Paraguaya y el Terer\u00e9 - .::Agencia IP::.","robots":{"index":"index","follow":"follow","max-snippet":"max-snippet:-1","max-image-preview":"max-image-preview:large","max-video-preview":"max-video-preview:-1"},"canonical":"https:\/\/www.ip.gov.py\/ip\/2022\/02\/26\/en-el-buen-pastor-celebraron-el-dia-de-la-mujer-paraguaya-y-el-terere\/","og_locale":"es_ES","og_type":"article","og_title":"En el Buen Pastor celebraron el D\u00eda de la Mujer Paraguaya y el Terer\u00e9 - .::Agencia IP::.","og_description":"Asunci\u00f3n, Agencia IP.- Autoridades del Ministerio de Justicia y mujeres privadas de libertad de la Casa del Buen Pastor llenaron de colorido el penal en el marco de los festejos por el D\u00eda de la Mujer Paraguaya y el Terer\u00e9. En la ocasi\u00f3n, tambi\u00e9n expusieron sus trabajos de artesan\u00eda.","og_url":"https:\/\/www.ip.gov.py\/ip\/2022\/02\/26\/en-el-buen-pastor-celebraron-el-dia-de-la-mujer-paraguaya-y-el-terere\/","og_site_name":".::Agencia IP::.","article_publisher":"https:\/\/www.facebook.com\/IPParaguay\/","article_published_time":"2022-02-26T12:36:09+00:00","og_image":[{"width":1280,"height":855,"url":"https:\/\/www.ip.gov.py\/ip\/wp-content\/uploads\/2022\/02\/mujeres-del-buen-pastos-exposicion-4.jpg","type":"image\/jpeg"}],"author":"Karina L\u00f3pez","twitter_card":"summary_large_image","twitter_creator":"@IPParaguay","twitter_site":"@IPParaguay","twitter_misc":{"Escrito por":"Karina L\u00f3pez","Tiempo de lectura":"2 minutos"},"schema":{"@context":"https:\/\/schema.org","@graph":[{"@type":"Article","@id":"https:\/\/www.ip.gov.py\/ip\/2022\/02\/26\/en-el-buen-pastor-celebraron-el-dia-de-la-mujer-paraguaya-y-el-terere\/#article","isPartOf":{"@id":"https:\/\/www.ip.gov.py\/ip\/2022\/02\/26\/en-el-buen-pastor-celebraron-el-dia-de-la-mujer-paraguaya-y-el-terere\/"},"author":{"name":"Karina L\u00f3pez","@id":"https:\/\/www.ip.gov.py\/ip\/#\/schema\/person\/613765cf13d420d448042e6802220539"},"headline":"En el Buen Pastor celebraron el D\u00eda de la Mujer Paraguaya y el Terer\u00e9","datePublished":"2022-02-26T12:36:09+00:00","mainEntityOfPage":{"@id":"https:\/\/www.ip.gov.py\/ip\/2022\/02\/26\/en-el-buen-pastor-celebraron-el-dia-de-la-mujer-paraguaya-y-el-terere\/"},"wordCount":430,"publisher":{"@id":"https:\/\/www.ip.gov.py\/ip\/#organization"},"image":{"@id":"https:\/\/www.ip.gov.py\/ip\/2022\/02\/26\/en-el-buen-pastor-celebraron-el-dia-de-la-mujer-paraguaya-y-el-terere\/#primaryimage"},"thumbnailUrl":"https:\/\/www.ip.gov.py\/ip\/wp-content\/uploads\/2022\/02\/mujeres-del-buen-pastos-exposicion-4.jpg","keywords":["D\u00eda de la mujer paraguaya","D\u00eda Nacional del Terer\u00e9","Ministerio de Justicia"],"articleSection":["Nacionales"],"inLanguage":"es"},{"@type":"WebPage","@id":"https:\/\/www.ip.gov.py\/ip\/2022\/02\/26\/en-el-buen-pastor-celebraron-el-dia-de-la-mujer-paraguaya-y-el-terere\/","url":"https:\/\/www.ip.gov.py\/ip\/2022\/02\/26\/en-el-buen-pastor-celebraron-el-dia-de-la-mujer-paraguaya-y-el-terere\/","name":"En el Buen Pastor celebraron el D\u00eda de la Mujer Paraguaya y el Terer\u00e9 - .::Agencia IP::.","isPartOf":{"@id":"https:\/\/www.ip.gov.py\/ip\/#website"},"primaryImageOfPage":{"@id":"https:\/\/www.ip.gov.py\/ip\/2022\/02\/26\/en-el-buen-pastor-celebraron-el-dia-de-la-mujer-paraguaya-y-el-terere\/#primaryimage"},"image":{"@id":"https:\/\/www.ip.gov.py\/ip\/2022\/02\/26\/en-el-buen-pastor-celebraron-el-dia-de-la-mujer-paraguaya-y-el-terere\/#primaryimage"},"thumbnailUrl":"https:\/\/www.ip.gov.py\/ip\/wp-content\/uploads\/2022\/02\/mujeres-del-buen-pastos-exposicion-4.jpg","datePublished":"2022-02-26T12:36:09+00:00","breadcrumb":{"@id":"https:\/\/www.ip.gov.py\/ip\/2022\/02\/26\/en-el-buen-pastor-celebraron-el-dia-de-la-mujer-paraguaya-y-el-terere\/#breadcrumb"},"inLanguage":"es","potentialAction":[{"@type":"ReadAction","target":["https:\/\/www.ip.gov.py\/ip\/2022\/02\/26\/en-el-buen-pastor-celebraron-el-dia-de-la-mujer-paraguaya-y-el-terere\/"]}]},{"@type":"ImageObject","inLanguage":"es","@id":"https:\/\/www.ip.gov.py\/ip\/2022\/02\/26\/en-el-buen-pastor-celebraron-el-dia-de-la-mujer-paraguaya-y-el-terere\/#primaryimage","url":"https:\/\/www.ip.gov.py\/ip\/wp-content\/uploads\/2022\/02\/mujeres-del-buen-pastos-exposicion-4.jpg","contentUrl":"https:\/\/www.ip.gov.py\/ip\/wp-content\/uploads\/2022\/02\/mujeres-del-buen-pastos-exposicion-4.jpg","width":1280,"height":855,"caption":"Las internas celebraron el D\u00eda de la Mujer Paraguaya y del Terer\u00e9. Foto gentileza"},{"@type":"BreadcrumbList","@id":"https:\/\/www.ip.gov.py\/ip\/2022\/02\/26\/en-el-buen-pastor-celebraron-el-dia-de-la-mujer-paraguaya-y-el-terere\/#breadcrumb","itemListElement":[{"@type":"ListItem","position":1,"name":"Portada","item":"https:\/\/www.ip.gov.py\/ip\/"},{"@type":"ListItem","position":2,"name":"En el Buen Pastor celebraron el D\u00eda de la Mujer Paraguaya y el Terer\u00e9"}]},{"@type":"WebSite","@id":"https:\/\/www.ip.gov.py\/ip\/#website","url":"https:\/\/www.ip.gov.py\/ip\/","name":".::Agencia IP::.","description":"","publisher":{"@id":"https:\/\/www.ip.gov.py\/ip\/#organization"},"potentialAction":[{"@type":"SearchAction","target":{"@type":"EntryPoint","urlTemplate":"https:\/\/www.ip.gov.py\/ip\/?s={search_term_string}"},"query-input":{"@type":"PropertyValueSpecification","valueRequired":true,"valueName":"search_term_string"}}],"inLanguage":"es"},{"@type":"Organization","@id":"https:\/\/www.ip.gov.py\/ip\/#organization","name":"Agencia IP","url":"https:\/\/www.ip.gov.py\/ip\/","logo":{"@type":"ImageObject","inLanguage":"es","@id":"https:\/\/www.ip.gov.py\/ip\/#\/schema\/logo\/image\/","url":"https:\/\/www.ip.gov.py\/ip\/wp-content\/uploads\/2018\/01\/Agencia-IP.jpg","contentUrl":"https:\/\/www.ip.gov.py\/ip\/wp-content\/uploads\/2018\/01\/Agencia-IP.jpg","width":150,"height":150,"caption":"Agencia IP"},"image":{"@id":"https:\/\/www.ip.gov.py\/ip\/#\/schema\/logo\/image\/"},"sameAs":["https:\/\/www.facebook.com\/IPParaguay\/","https:\/\/x.com\/IPParaguay","https:\/\/www.instagram.com\/IPParaguay"]},{"@type":"Person","@id":"https:\/\/www.ip.gov.py\/ip\/#\/schema\/person\/613765cf13d420d448042e6802220539","name":"Karina L\u00f3pez","url":"https:\/\/www.ip.gov.py\/ip\/author\/klopez\/"}]}},"_links":{"self":[{"href":"https:\/\/www.ip.gov.py\/ip\/wp-json\/wp\/v2\/posts\/405301","targetHints":{"allow":["GET"]}}],"collection":[{"href":"https:\/\/www.ip.gov.py\/ip\/wp-json\/wp\/v2\/posts"}],"about":[{"href":"https:\/\/www.ip.gov.py\/ip\/wp-json\/wp\/v2\/types\/post"}],"author":[{"embeddable":true,"href":"https:\/\/www.ip.gov.py\/ip\/wp-json\/wp\/v2\/users\/7"}],"replies":[{"embeddable":true,"href":"https:\/\/www.ip.gov.py\/ip\/wp-json\/wp\/v2\/comments?post=405301"}],"version-history":[{"count":0,"href":"https:\/\/www.ip.gov.py\/ip\/wp-json\/wp\/v2\/posts\/405301\/revisions"}],"wp:featuredmedia":[{"embeddable":true,"href":"https:\/\/www.ip.gov.py\/ip\/wp-json\/wp\/v2\/media\/405302"}],"wp:attachment":[{"href":"https:\/\/www.ip.gov.py\/ip\/wp-json\/wp\/v2\/media?parent=405301"}],"wp:term":[{"taxonomy":"category","embeddable":true,"href":"https:\/\/www.ip.gov.py\/ip\/wp-json\/wp\/v2\/categories?post=405301"},{"taxonomy":"post_tag","embeddable":true,"href":"https:\/\/www.ip.gov.py\/ip\/wp-json\/wp\/v2\/tags?post=405301"}],"curies":[{"name":"wp","href":"https:\/\/api.w.org\/{rel}","templated":true}]}}