{"id":405419,"date":"2022-02-28T12:08:38","date_gmt":"2022-02-28T15:08:38","guid":{"rendered":"https:\/\/www.ip.gov.py\/ip\/?p=405419"},"modified":"2022-02-28T13:12:36","modified_gmt":"2022-02-28T16:12:36","slug":"inicio-proceso-de-postulacion-para-futuras-vacancias-en-el-tribunal-superior-de-justicia-electoral","status":"publish","type":"post","link":"https:\/\/www.ip.gov.py\/ip\/2022\/02\/28\/inicio-proceso-de-postulacion-para-futuras-vacancias-en-el-tribunal-superior-de-justicia-electoral\/","title":{"rendered":"Inici\u00f3 proceso de postulaci\u00f3n para futuras vacancias en el Tribunal Superior de Justicia Electoral"},"content":{"rendered":"<p style=\"text-align: justify;\"><em><strong>Asunci\u00f3n, Agencia IP.-<\/strong><\/em> El Consejo de la Magistratura inici\u00f3 este \u00faltimo domingo el proceso de recepci\u00f3n de postulaciones de los interesados en ocupar los dos cargos del Tribunal Superior de Justicia Electoral que quedar\u00e1n vacantes por la jubilaci\u00f3n de los ministros Mar\u00eda Teresa Wapenka y Alberto Ram\u00edrez Zambonini.<\/p>\n<p style=\"text-align: justify;\"><!--more--><\/p>\n<p style=\"text-align: justify;\">La convocatoria de postulaci\u00f3n es por el t\u00e9rmino de treinta d\u00edas, desde el domingo 27 de febrero hasta el lunes 28 de marzo de 2022.<\/p>\n<p style=\"text-align: justify;\">Los postulantes deben realizar el tr\u00e1mite en la sede del Consejo de la Magistratura, ubicado en la Avenida Mcal. L\u00f3pez N\u00b0 410 esq. Pa \u0301i P\u00e9rez (Secretar\u00eda General), de lunes a viernes de 08:00 a 14:00 horas.<\/p>\n<p style=\"text-align: justify;\">El proceso de postulaci\u00f3n y evaluaci\u00f3n ser\u00e1n trasparentados y publicitados a trav\u00e9s de la p\u00e1gina web <a href=\"http:\/\/www.cm.gov.py\/\">www.cm.gov.py<\/a><\/p>\n<p style=\"text-align: justify;\">\u00abDebido a la importancia de este acontecimiento recordamos a la ciudadan\u00eda que siempre se estar\u00e1 obrando con la transparencia requerida y cumpliendo estrictamente las normas que conlleva este tipo de compromiso como \u00f3rgano constitucional, cuya funci\u00f3n exclusiva y excluyente son las de conformar y proponer ternas de candidatos para el sistema judicial\u00bb, refiere el Consejo de la Magistratura, encargada del proceso de selecci\u00f3n.<\/p>\n<p style=\"text-align: justify;\">\u00abTodos los canales de comunicaci\u00f3n del Consejo de la Magistratura, estar\u00e1n permanentemente al servicio de los concursantes y la opini\u00f3n p\u00fablica para las consultas y averiguaciones sobre el avance del proceso de selecci\u00f3n\u00bb, a\u00f1ade.<\/p>\n","protected":false},"excerpt":{"rendered":"<p>Asunci\u00f3n, Agencia IP.- El Consejo de la Magistratura inici\u00f3 este \u00faltimo domingo el proceso de recepci\u00f3n de postulaciones de los interesados en ocupar los dos cargos del Tribunal Superior de Justicia Electoral que quedar\u00e1n vacantes por la jubilaci\u00f3n de los ministros Mar\u00eda Teresa Wapenka y Alberto Ram\u00edrez Zambonini.<\/p>\n","protected":false},"author":2,"featured_media":318255,"comment_status":"closed","ping_status":"closed","sticky":false,"template":"","format":"standard","meta":{"_monsterinsights_skip_tracking":false,"_monsterinsights_sitenote_active":false,"_monsterinsights_sitenote_note":"","_monsterinsights_sitenote_category":0,"footnotes":""},"categories":[6],"tags":[1406,1471,50,1023],"class_list":{"0":"post-405419","1":"post","2":"type-post","3":"status-publish","4":"format-standard","5":"has-post-thumbnail","7":"category-politica","8":"tag-ministros","9":"tag-postulacion","10":"tag-tsje","11":"tag-vacancias"},"yoast_head":"<!-- This site is optimized with the Yoast SEO plugin v27.5 - https:\/\/yoast.com\/product\/yoast-seo-wordpress\/ -->\n<title>Inici\u00f3 proceso de postulaci\u00f3n para futuras vacancias en el Tribunal Superior de Justicia Electoral - .::Agencia IP::.<\/title>\n<meta name=\"robots\" content=\"index, follow, max-snippet:-1, max-image-preview:large, max-video-preview:-1\" \/>\n<link rel=\"canonical\" href=\"https:\/\/www.ip.gov.py\/ip\/2022\/02\/28\/inicio-proceso-de-postulacion-para-futuras-vacancias-en-el-tribunal-superior-de-justicia-electoral\/\" \/>\n<meta property=\"og:locale\" content=\"es_ES\" \/>\n<meta property=\"og:type\" content=\"article\" \/>\n<meta property=\"og:title\" content=\"Inici\u00f3 proceso de postulaci\u00f3n para futuras vacancias en el Tribunal Superior de Justicia Electoral - .::Agencia IP::.\" \/>\n<meta property=\"og:description\" content=\"Asunci\u00f3n, Agencia IP.- El Consejo de la Magistratura inici\u00f3 este \u00faltimo domingo el proceso de recepci\u00f3n de postulaciones de los interesados en ocupar los dos cargos del Tribunal Superior de Justicia Electoral que quedar\u00e1n vacantes por la jubilaci\u00f3n de los ministros Mar\u00eda Teresa Wapenka y Alberto Ram\u00edrez Zambonini.\" \/>\n<meta property=\"og:url\" content=\"https:\/\/www.ip.gov.py\/ip\/2022\/02\/28\/inicio-proceso-de-postulacion-para-futuras-vacancias-en-el-tribunal-superior-de-justicia-electoral\/\" \/>\n<meta property=\"og:site_name\" content=\".::Agencia IP::.\" \/>\n<meta property=\"article:publisher\" content=\"https:\/\/www.facebook.com\/IPParaguay\/\" \/>\n<meta property=\"article:published_time\" content=\"2022-02-28T15:08:38+00:00\" \/>\n<meta property=\"article:modified_time\" content=\"2022-02-28T16:12:36+00:00\" \/>\n<meta property=\"og:image\" content=\"https:\/\/www.ip.gov.py\/ip\/wp-content\/uploads\/2020\/06\/elecciones-2018-TSJE-computosa-fachada-electoral-9.jpg\" \/>\n\t<meta property=\"og:image:width\" content=\"1000\" \/>\n\t<meta property=\"og:image:height\" content=\"644\" \/>\n\t<meta property=\"og:image:type\" content=\"image\/jpeg\" \/>\n<meta name=\"author\" content=\"Roque Mereles\" \/>\n<meta name=\"twitter:card\" content=\"summary_large_image\" \/>\n<meta name=\"twitter:creator\" content=\"@IPParaguay\" \/>\n<meta name=\"twitter:site\" content=\"@IPParaguay\" \/>\n<meta name=\"twitter:label1\" content=\"Escrito por\" \/>\n\t<meta name=\"twitter:data1\" content=\"Roque Mereles\" \/>\n\t<meta name=\"twitter:label2\" content=\"Tiempo de lectura\" \/>\n\t<meta name=\"twitter:data2\" content=\"2 minutos\" \/>\n<script type=\"application\/ld+json\" class=\"yoast-schema-graph\">{\"@context\":\"https:\\\/\\\/schema.org\",\"@graph\":[{\"@type\":\"Article\",\"@id\":\"https:\\\/\\\/www.ip.gov.py\\\/ip\\\/2022\\\/02\\\/28\\\/inicio-proceso-de-postulacion-para-futuras-vacancias-en-el-tribunal-superior-de-justicia-electoral\\\/#article\",\"isPartOf\":{\"@id\":\"https:\\\/\\\/www.ip.gov.py\\\/ip\\\/2022\\\/02\\\/28\\\/inicio-proceso-de-postulacion-para-futuras-vacancias-en-el-tribunal-superior-de-justicia-electoral\\\/\"},\"author\":{\"name\":\"Roque Mereles\",\"@id\":\"https:\\\/\\\/www.ip.gov.py\\\/ip\\\/#\\\/schema\\\/person\\\/7ec1ca00d0a9301ecc37fff902ff6741\"},\"headline\":\"Inici\u00f3 proceso de postulaci\u00f3n para futuras vacancias en el Tribunal Superior de Justicia Electoral\",\"datePublished\":\"2022-02-28T15:08:38+00:00\",\"dateModified\":\"2022-02-28T16:12:36+00:00\",\"mainEntityOfPage\":{\"@id\":\"https:\\\/\\\/www.ip.gov.py\\\/ip\\\/2022\\\/02\\\/28\\\/inicio-proceso-de-postulacion-para-futuras-vacancias-en-el-tribunal-superior-de-justicia-electoral\\\/\"},\"wordCount\":264,\"publisher\":{\"@id\":\"https:\\\/\\\/www.ip.gov.py\\\/ip\\\/#organization\"},\"image\":{\"@id\":\"https:\\\/\\\/www.ip.gov.py\\\/ip\\\/2022\\\/02\\\/28\\\/inicio-proceso-de-postulacion-para-futuras-vacancias-en-el-tribunal-superior-de-justicia-electoral\\\/#primaryimage\"},\"thumbnailUrl\":\"https:\\\/\\\/www.ip.gov.py\\\/ip\\\/wp-content\\\/uploads\\\/2020\\\/06\\\/elecciones-2018-TSJE-computosa-fachada-electoral-9.jpg\",\"keywords\":[\"Ministros\",\"postulaci\u00f3n\",\"TSJE\",\"Vacancias\"],\"articleSection\":[\"Pol\u00edtica\"],\"inLanguage\":\"es\"},{\"@type\":\"WebPage\",\"@id\":\"https:\\\/\\\/www.ip.gov.py\\\/ip\\\/2022\\\/02\\\/28\\\/inicio-proceso-de-postulacion-para-futuras-vacancias-en-el-tribunal-superior-de-justicia-electoral\\\/\",\"url\":\"https:\\\/\\\/www.ip.gov.py\\\/ip\\\/2022\\\/02\\\/28\\\/inicio-proceso-de-postulacion-para-futuras-vacancias-en-el-tribunal-superior-de-justicia-electoral\\\/\",\"name\":\"Inici\u00f3 proceso de postulaci\u00f3n para futuras vacancias en el Tribunal Superior de Justicia Electoral - .::Agencia IP::.\",\"isPartOf\":{\"@id\":\"https:\\\/\\\/www.ip.gov.py\\\/ip\\\/#website\"},\"primaryImageOfPage\":{\"@id\":\"https:\\\/\\\/www.ip.gov.py\\\/ip\\\/2022\\\/02\\\/28\\\/inicio-proceso-de-postulacion-para-futuras-vacancias-en-el-tribunal-superior-de-justicia-electoral\\\/#primaryimage\"},\"image\":{\"@id\":\"https:\\\/\\\/www.ip.gov.py\\\/ip\\\/2022\\\/02\\\/28\\\/inicio-proceso-de-postulacion-para-futuras-vacancias-en-el-tribunal-superior-de-justicia-electoral\\\/#primaryimage\"},\"thumbnailUrl\":\"https:\\\/\\\/www.ip.gov.py\\\/ip\\\/wp-content\\\/uploads\\\/2020\\\/06\\\/elecciones-2018-TSJE-computosa-fachada-electoral-9.jpg\",\"datePublished\":\"2022-02-28T15:08:38+00:00\",\"dateModified\":\"2022-02-28T16:12:36+00:00\",\"breadcrumb\":{\"@id\":\"https:\\\/\\\/www.ip.gov.py\\\/ip\\\/2022\\\/02\\\/28\\\/inicio-proceso-de-postulacion-para-futuras-vacancias-en-el-tribunal-superior-de-justicia-electoral\\\/#breadcrumb\"},\"inLanguage\":\"es\",\"potentialAction\":[{\"@type\":\"ReadAction\",\"target\":[\"https:\\\/\\\/www.ip.gov.py\\\/ip\\\/2022\\\/02\\\/28\\\/inicio-proceso-de-postulacion-para-futuras-vacancias-en-el-tribunal-superior-de-justicia-electoral\\\/\"]}]},{\"@type\":\"ImageObject\",\"inLanguage\":\"es\",\"@id\":\"https:\\\/\\\/www.ip.gov.py\\\/ip\\\/2022\\\/02\\\/28\\\/inicio-proceso-de-postulacion-para-futuras-vacancias-en-el-tribunal-superior-de-justicia-electoral\\\/#primaryimage\",\"url\":\"https:\\\/\\\/www.ip.gov.py\\\/ip\\\/wp-content\\\/uploads\\\/2020\\\/06\\\/elecciones-2018-TSJE-computosa-fachada-electoral-9.jpg\",\"contentUrl\":\"https:\\\/\\\/www.ip.gov.py\\\/ip\\\/wp-content\\\/uploads\\\/2020\\\/06\\\/elecciones-2018-TSJE-computosa-fachada-electoral-9.jpg\",\"width\":1000,\"height\":644,\"caption\":\"Fachada de la Justicia Electoral. Foto Agencia IP\"},{\"@type\":\"BreadcrumbList\",\"@id\":\"https:\\\/\\\/www.ip.gov.py\\\/ip\\\/2022\\\/02\\\/28\\\/inicio-proceso-de-postulacion-para-futuras-vacancias-en-el-tribunal-superior-de-justicia-electoral\\\/#breadcrumb\",\"itemListElement\":[{\"@type\":\"ListItem\",\"position\":1,\"name\":\"Portada\",\"item\":\"https:\\\/\\\/www.ip.gov.py\\\/ip\\\/\"},{\"@type\":\"ListItem\",\"position\":2,\"name\":\"Inici\u00f3 proceso de postulaci\u00f3n para futuras vacancias en el Tribunal Superior de Justicia Electoral\"}]},{\"@type\":\"WebSite\",\"@id\":\"https:\\\/\\\/www.ip.gov.py\\\/ip\\\/#website\",\"url\":\"https:\\\/\\\/www.ip.gov.py\\\/ip\\\/\",\"name\":\".::Agencia IP::.\",\"description\":\"\",\"publisher\":{\"@id\":\"https:\\\/\\\/www.ip.gov.py\\\/ip\\\/#organization\"},\"potentialAction\":[{\"@type\":\"SearchAction\",\"target\":{\"@type\":\"EntryPoint\",\"urlTemplate\":\"https:\\\/\\\/www.ip.gov.py\\\/ip\\\/?s={search_term_string}\"},\"query-input\":{\"@type\":\"PropertyValueSpecification\",\"valueRequired\":true,\"valueName\":\"search_term_string\"}}],\"inLanguage\":\"es\"},{\"@type\":\"Organization\",\"@id\":\"https:\\\/\\\/www.ip.gov.py\\\/ip\\\/#organization\",\"name\":\"Agencia IP\",\"url\":\"https:\\\/\\\/www.ip.gov.py\\\/ip\\\/\",\"logo\":{\"@type\":\"ImageObject\",\"inLanguage\":\"es\",\"@id\":\"https:\\\/\\\/www.ip.gov.py\\\/ip\\\/#\\\/schema\\\/logo\\\/image\\\/\",\"url\":\"https:\\\/\\\/www.ip.gov.py\\\/ip\\\/wp-content\\\/uploads\\\/2018\\\/01\\\/Agencia-IP.jpg\",\"contentUrl\":\"https:\\\/\\\/www.ip.gov.py\\\/ip\\\/wp-content\\\/uploads\\\/2018\\\/01\\\/Agencia-IP.jpg\",\"width\":150,\"height\":150,\"caption\":\"Agencia IP\"},\"image\":{\"@id\":\"https:\\\/\\\/www.ip.gov.py\\\/ip\\\/#\\\/schema\\\/logo\\\/image\\\/\"},\"sameAs\":[\"https:\\\/\\\/www.facebook.com\\\/IPParaguay\\\/\",\"https:\\\/\\\/x.com\\\/IPParaguay\",\"https:\\\/\\\/www.instagram.com\\\/IPParaguay\"]},{\"@type\":\"Person\",\"@id\":\"https:\\\/\\\/www.ip.gov.py\\\/ip\\\/#\\\/schema\\\/person\\\/7ec1ca00d0a9301ecc37fff902ff6741\",\"name\":\"Roque Mereles\",\"url\":\"https:\\\/\\\/www.ip.gov.py\\\/ip\\\/author\\\/rmereles\\\/\"}]}<\/script>\n<!-- \/ Yoast SEO plugin. -->","yoast_head_json":{"title":"Inici\u00f3 proceso de postulaci\u00f3n para futuras vacancias en el Tribunal Superior de Justicia Electoral - .::Agencia IP::.","robots":{"index":"index","follow":"follow","max-snippet":"max-snippet:-1","max-image-preview":"max-image-preview:large","max-video-preview":"max-video-preview:-1"},"canonical":"https:\/\/www.ip.gov.py\/ip\/2022\/02\/28\/inicio-proceso-de-postulacion-para-futuras-vacancias-en-el-tribunal-superior-de-justicia-electoral\/","og_locale":"es_ES","og_type":"article","og_title":"Inici\u00f3 proceso de postulaci\u00f3n para futuras vacancias en el Tribunal Superior de Justicia Electoral - .::Agencia IP::.","og_description":"Asunci\u00f3n, Agencia IP.- El Consejo de la Magistratura inici\u00f3 este \u00faltimo domingo el proceso de recepci\u00f3n de postulaciones de los interesados en ocupar los dos cargos del Tribunal Superior de Justicia Electoral que quedar\u00e1n vacantes por la jubilaci\u00f3n de los ministros Mar\u00eda Teresa Wapenka y Alberto Ram\u00edrez Zambonini.","og_url":"https:\/\/www.ip.gov.py\/ip\/2022\/02\/28\/inicio-proceso-de-postulacion-para-futuras-vacancias-en-el-tribunal-superior-de-justicia-electoral\/","og_site_name":".::Agencia IP::.","article_publisher":"https:\/\/www.facebook.com\/IPParaguay\/","article_published_time":"2022-02-28T15:08:38+00:00","article_modified_time":"2022-02-28T16:12:36+00:00","og_image":[{"width":1000,"height":644,"url":"https:\/\/www.ip.gov.py\/ip\/wp-content\/uploads\/2020\/06\/elecciones-2018-TSJE-computosa-fachada-electoral-9.jpg","type":"image\/jpeg"}],"author":"Roque Mereles","twitter_card":"summary_large_image","twitter_creator":"@IPParaguay","twitter_site":"@IPParaguay","twitter_misc":{"Escrito por":"Roque Mereles","Tiempo de lectura":"2 minutos"},"schema":{"@context":"https:\/\/schema.org","@graph":[{"@type":"Article","@id":"https:\/\/www.ip.gov.py\/ip\/2022\/02\/28\/inicio-proceso-de-postulacion-para-futuras-vacancias-en-el-tribunal-superior-de-justicia-electoral\/#article","isPartOf":{"@id":"https:\/\/www.ip.gov.py\/ip\/2022\/02\/28\/inicio-proceso-de-postulacion-para-futuras-vacancias-en-el-tribunal-superior-de-justicia-electoral\/"},"author":{"name":"Roque Mereles","@id":"https:\/\/www.ip.gov.py\/ip\/#\/schema\/person\/7ec1ca00d0a9301ecc37fff902ff6741"},"headline":"Inici\u00f3 proceso de postulaci\u00f3n para futuras vacancias en el Tribunal Superior de Justicia Electoral","datePublished":"2022-02-28T15:08:38+00:00","dateModified":"2022-02-28T16:12:36+00:00","mainEntityOfPage":{"@id":"https:\/\/www.ip.gov.py\/ip\/2022\/02\/28\/inicio-proceso-de-postulacion-para-futuras-vacancias-en-el-tribunal-superior-de-justicia-electoral\/"},"wordCount":264,"publisher":{"@id":"https:\/\/www.ip.gov.py\/ip\/#organization"},"image":{"@id":"https:\/\/www.ip.gov.py\/ip\/2022\/02\/28\/inicio-proceso-de-postulacion-para-futuras-vacancias-en-el-tribunal-superior-de-justicia-electoral\/#primaryimage"},"thumbnailUrl":"https:\/\/www.ip.gov.py\/ip\/wp-content\/uploads\/2020\/06\/elecciones-2018-TSJE-computosa-fachada-electoral-9.jpg","keywords":["Ministros","postulaci\u00f3n","TSJE","Vacancias"],"articleSection":["Pol\u00edtica"],"inLanguage":"es"},{"@type":"WebPage","@id":"https:\/\/www.ip.gov.py\/ip\/2022\/02\/28\/inicio-proceso-de-postulacion-para-futuras-vacancias-en-el-tribunal-superior-de-justicia-electoral\/","url":"https:\/\/www.ip.gov.py\/ip\/2022\/02\/28\/inicio-proceso-de-postulacion-para-futuras-vacancias-en-el-tribunal-superior-de-justicia-electoral\/","name":"Inici\u00f3 proceso de postulaci\u00f3n para futuras vacancias en el Tribunal Superior de Justicia Electoral - .::Agencia IP::.","isPartOf":{"@id":"https:\/\/www.ip.gov.py\/ip\/#website"},"primaryImageOfPage":{"@id":"https:\/\/www.ip.gov.py\/ip\/2022\/02\/28\/inicio-proceso-de-postulacion-para-futuras-vacancias-en-el-tribunal-superior-de-justicia-electoral\/#primaryimage"},"image":{"@id":"https:\/\/www.ip.gov.py\/ip\/2022\/02\/28\/inicio-proceso-de-postulacion-para-futuras-vacancias-en-el-tribunal-superior-de-justicia-electoral\/#primaryimage"},"thumbnailUrl":"https:\/\/www.ip.gov.py\/ip\/wp-content\/uploads\/2020\/06\/elecciones-2018-TSJE-computosa-fachada-electoral-9.jpg","datePublished":"2022-02-28T15:08:38+00:00","dateModified":"2022-02-28T16:12:36+00:00","breadcrumb":{"@id":"https:\/\/www.ip.gov.py\/ip\/2022\/02\/28\/inicio-proceso-de-postulacion-para-futuras-vacancias-en-el-tribunal-superior-de-justicia-electoral\/#breadcrumb"},"inLanguage":"es","potentialAction":[{"@type":"ReadAction","target":["https:\/\/www.ip.gov.py\/ip\/2022\/02\/28\/inicio-proceso-de-postulacion-para-futuras-vacancias-en-el-tribunal-superior-de-justicia-electoral\/"]}]},{"@type":"ImageObject","inLanguage":"es","@id":"https:\/\/www.ip.gov.py\/ip\/2022\/02\/28\/inicio-proceso-de-postulacion-para-futuras-vacancias-en-el-tribunal-superior-de-justicia-electoral\/#primaryimage","url":"https:\/\/www.ip.gov.py\/ip\/wp-content\/uploads\/2020\/06\/elecciones-2018-TSJE-computosa-fachada-electoral-9.jpg","contentUrl":"https:\/\/www.ip.gov.py\/ip\/wp-content\/uploads\/2020\/06\/elecciones-2018-TSJE-computosa-fachada-electoral-9.jpg","width":1000,"height":644,"caption":"Fachada de la Justicia Electoral. Foto Agencia IP"},{"@type":"BreadcrumbList","@id":"https:\/\/www.ip.gov.py\/ip\/2022\/02\/28\/inicio-proceso-de-postulacion-para-futuras-vacancias-en-el-tribunal-superior-de-justicia-electoral\/#breadcrumb","itemListElement":[{"@type":"ListItem","position":1,"name":"Portada","item":"https:\/\/www.ip.gov.py\/ip\/"},{"@type":"ListItem","position":2,"name":"Inici\u00f3 proceso de postulaci\u00f3n para futuras vacancias en el Tribunal Superior de Justicia Electoral"}]},{"@type":"WebSite","@id":"https:\/\/www.ip.gov.py\/ip\/#website","url":"https:\/\/www.ip.gov.py\/ip\/","name":".::Agencia IP::.","description":"","publisher":{"@id":"https:\/\/www.ip.gov.py\/ip\/#organization"},"potentialAction":[{"@type":"SearchAction","target":{"@type":"EntryPoint","urlTemplate":"https:\/\/www.ip.gov.py\/ip\/?s={search_term_string}"},"query-input":{"@type":"PropertyValueSpecification","valueRequired":true,"valueName":"search_term_string"}}],"inLanguage":"es"},{"@type":"Organization","@id":"https:\/\/www.ip.gov.py\/ip\/#organization","name":"Agencia IP","url":"https:\/\/www.ip.gov.py\/ip\/","logo":{"@type":"ImageObject","inLanguage":"es","@id":"https:\/\/www.ip.gov.py\/ip\/#\/schema\/logo\/image\/","url":"https:\/\/www.ip.gov.py\/ip\/wp-content\/uploads\/2018\/01\/Agencia-IP.jpg","contentUrl":"https:\/\/www.ip.gov.py\/ip\/wp-content\/uploads\/2018\/01\/Agencia-IP.jpg","width":150,"height":150,"caption":"Agencia IP"},"image":{"@id":"https:\/\/www.ip.gov.py\/ip\/#\/schema\/logo\/image\/"},"sameAs":["https:\/\/www.facebook.com\/IPParaguay\/","https:\/\/x.com\/IPParaguay","https:\/\/www.instagram.com\/IPParaguay"]},{"@type":"Person","@id":"https:\/\/www.ip.gov.py\/ip\/#\/schema\/person\/7ec1ca00d0a9301ecc37fff902ff6741","name":"Roque Mereles","url":"https:\/\/www.ip.gov.py\/ip\/author\/rmereles\/"}]}},"_links":{"self":[{"href":"https:\/\/www.ip.gov.py\/ip\/wp-json\/wp\/v2\/posts\/405419","targetHints":{"allow":["GET"]}}],"collection":[{"href":"https:\/\/www.ip.gov.py\/ip\/wp-json\/wp\/v2\/posts"}],"about":[{"href":"https:\/\/www.ip.gov.py\/ip\/wp-json\/wp\/v2\/types\/post"}],"author":[{"embeddable":true,"href":"https:\/\/www.ip.gov.py\/ip\/wp-json\/wp\/v2\/users\/2"}],"replies":[{"embeddable":true,"href":"https:\/\/www.ip.gov.py\/ip\/wp-json\/wp\/v2\/comments?post=405419"}],"version-history":[{"count":0,"href":"https:\/\/www.ip.gov.py\/ip\/wp-json\/wp\/v2\/posts\/405419\/revisions"}],"wp:featuredmedia":[{"embeddable":true,"href":"https:\/\/www.ip.gov.py\/ip\/wp-json\/wp\/v2\/media\/318255"}],"wp:attachment":[{"href":"https:\/\/www.ip.gov.py\/ip\/wp-json\/wp\/v2\/media?parent=405419"}],"wp:term":[{"taxonomy":"category","embeddable":true,"href":"https:\/\/www.ip.gov.py\/ip\/wp-json\/wp\/v2\/categories?post=405419"},{"taxonomy":"post_tag","embeddable":true,"href":"https:\/\/www.ip.gov.py\/ip\/wp-json\/wp\/v2\/tags?post=405419"}],"curies":[{"name":"wp","href":"https:\/\/api.w.org\/{rel}","templated":true}]}}