{"id":407715,"date":"2022-03-14T11:00:27","date_gmt":"2022-03-14T14:00:27","guid":{"rendered":"https:\/\/www.ip.gov.py\/ip\/?p=407715"},"modified":"2022-03-14T11:12:11","modified_gmt":"2022-03-14T14:12:11","slug":"precio-del-pasaje-se-mantiene-y-reforzaran-transporte-de-pasajeros-con-buses-estatales","status":"publish","type":"post","link":"https:\/\/www.ip.gov.py\/ip\/2022\/03\/14\/precio-del-pasaje-se-mantiene-y-reforzaran-transporte-de-pasajeros-con-buses-estatales\/","title":{"rendered":"Precio del pasaje se mantiene y buses estatales reforzar\u00e1n transporte de pasajeros"},"content":{"rendered":"<p style=\"text-align: justify;\"><em><strong>Asunci\u00f3n, Agencia IP.-<\/strong> <\/em>El precio del pasaje de transporte p\u00fablico no sufrir\u00e1 variaciones y mantendr\u00e1 sus valores actuales. Adem\u00e1s, el Gobierno anunci\u00f3 que unos 50 veh\u00edculos estatales saldr\u00e1n a las calles en los horarios de mayor demanda para trasladar a los pasajeros de manera gratuita.<!--more--><\/p>\n<p style=\"text-align: justify;\">El viceministro de Transporte, V\u00edctor S\u00e1nchez inform\u00f3 que la decisi\u00f3n pol\u00edtica del Gobierno es que \u201cel precio del pasaje no va a subir\u201d. De esta forma, la tarifa se mantiene en 3.400 para el servicio diferencial y 2.300 guaran\u00edes para el transporte convencional en el \u00e1rea metropolitana de Asunci\u00f3n.<\/p>\n<p style=\"text-align: justify;\">Asimismo, anunci\u00f3 que el Ejecutivo dispondr\u00e1 de un refuerzo para el sistema de transporte p\u00fablico mediante la puesta en circulaci\u00f3n de 50 buses estatales, que saldr\u00e1n a las calles en puntos estrat\u00e9gicos para brindar un servicio de traslado a la ciudadan\u00eda sin costo alguno.<\/p>\n<p style=\"text-align: justify;\">Con esta medida se pretende beneficiar a unos 3.000 usuarios que podr\u00e1n utilizar estas unidades, de modo a brindar m\u00e1s opciones a quienes diariamente recurren al transporte p\u00fablico para trasladarse a sus lugares de trabajo en hora pico. El servicio brindado por las unidades p\u00fablicas ser\u00e1 gratuito, remarc\u00f3 el viceministro.<\/p>\n<p style=\"text-align: justify;\">Otros detalles, como los itinerarios que recorrer\u00e1n las unidades, ser\u00e1n socializados a trav\u00e9s de las redes sociales del Viceministerio de Transporte, anunci\u00f3 S\u00e1nchez durante la conferencia de prensa que brindaron varias autoridades del Ejecutivo este lunes en Palacio de Gobierno, tras una reuni\u00f3n con el presidente de la Rep\u00fablica, Mario Abdo Ben\u00edtez.<\/p>\n<p style=\"text-align: justify;\">Respecto al precio de los pasajes de las unidades que operan como internos en los distintos municipios, el funcionario aclar\u00f3 que el mismo es fijado a nivel municipal, por lo que el Ejecutivo no puede intervenir al respecto. \u201cEllos son aut\u00f3nomos y definen el precio de sus pasajes\u201d, remarc\u00f3.<\/p>\n<p style=\"text-align: justify;\">No obstante, coment\u00f3 que desde el Consejo Asesor de Tarifas se trabaja para darle un soporte t\u00e9cnico a cada municipalidad que solicita el an\u00e1lisis de la estructura de costos, a fin de que puedan establecer los costos reales e incorporar eventuales subsidios.<\/p>\n","protected":false},"excerpt":{"rendered":"<p>Asunci\u00f3n, Agencia IP.- El precio del pasaje de transporte p\u00fablico no sufrir\u00e1 variaciones y mantendr\u00e1 sus valores actuales. Adem\u00e1s, el Gobierno anunci\u00f3 que unos 50 veh\u00edculos estatales saldr\u00e1n a las calles en los horarios de mayor demanda para trasladar a los pasajeros de manera gratuita.<\/p>\n","protected":false},"author":7,"featured_media":307790,"comment_status":"closed","ping_status":"closed","sticky":false,"template":"","format":"standard","meta":{"_monsterinsights_skip_tracking":false,"_monsterinsights_sitenote_active":false,"_monsterinsights_sitenote_note":"","_monsterinsights_sitenote_category":0,"footnotes":""},"categories":[2,6],"tags":[2253,7691,3292],"class_list":{"0":"post-407715","1":"post","2":"type-post","3":"status-publish","4":"format-standard","5":"has-post-thumbnail","7":"category-destacado","8":"category-politica","9":"tag-palacio-de-gobierno","10":"tag-precio-del-pasaje","11":"tag-presidente-abdo-benitez"},"yoast_head":"<!-- This site is optimized with the Yoast SEO plugin v27.5 - https:\/\/yoast.com\/product\/yoast-seo-wordpress\/ -->\n<title>Precio del pasaje se mantiene y buses estatales reforzar\u00e1n transporte de pasajeros - .::Agencia IP::.<\/title>\n<meta name=\"robots\" content=\"index, follow, max-snippet:-1, max-image-preview:large, max-video-preview:-1\" \/>\n<link rel=\"canonical\" href=\"https:\/\/www.ip.gov.py\/ip\/2022\/03\/14\/precio-del-pasaje-se-mantiene-y-reforzaran-transporte-de-pasajeros-con-buses-estatales\/\" \/>\n<meta property=\"og:locale\" content=\"es_ES\" \/>\n<meta property=\"og:type\" content=\"article\" \/>\n<meta property=\"og:title\" content=\"Precio del pasaje se mantiene y buses estatales reforzar\u00e1n transporte de pasajeros - .::Agencia IP::.\" \/>\n<meta property=\"og:description\" content=\"Asunci\u00f3n, Agencia IP.- El precio del pasaje de transporte p\u00fablico no sufrir\u00e1 variaciones y mantendr\u00e1 sus valores actuales. Adem\u00e1s, el Gobierno anunci\u00f3 que unos 50 veh\u00edculos estatales saldr\u00e1n a las calles en los horarios de mayor demanda para trasladar a los pasajeros de manera gratuita.\" \/>\n<meta property=\"og:url\" content=\"https:\/\/www.ip.gov.py\/ip\/2022\/03\/14\/precio-del-pasaje-se-mantiene-y-reforzaran-transporte-de-pasajeros-con-buses-estatales\/\" \/>\n<meta property=\"og:site_name\" content=\".::Agencia IP::.\" \/>\n<meta property=\"article:publisher\" content=\"https:\/\/www.facebook.com\/IPParaguay\/\" \/>\n<meta property=\"article:published_time\" content=\"2022-03-14T14:00:27+00:00\" \/>\n<meta property=\"article:modified_time\" content=\"2022-03-14T14:12:11+00:00\" \/>\n<meta property=\"og:image\" content=\"https:\/\/www.ip.gov.py\/ip\/wp-content\/uploads\/2020\/03\/Colectivo-Fuerzas-Armadas-Coornavirus.jpg\" \/>\n\t<meta property=\"og:image:width\" content=\"1280\" \/>\n\t<meta property=\"og:image:height\" content=\"831\" \/>\n\t<meta property=\"og:image:type\" content=\"image\/jpeg\" \/>\n<meta name=\"author\" content=\"Karina L\u00f3pez\" \/>\n<meta name=\"twitter:card\" content=\"summary_large_image\" \/>\n<meta name=\"twitter:creator\" content=\"@IPParaguay\" \/>\n<meta name=\"twitter:site\" content=\"@IPParaguay\" \/>\n<meta name=\"twitter:label1\" content=\"Escrito por\" \/>\n\t<meta name=\"twitter:data1\" content=\"Karina L\u00f3pez\" \/>\n\t<meta name=\"twitter:label2\" content=\"Tiempo de lectura\" \/>\n\t<meta name=\"twitter:data2\" content=\"2 minutos\" \/>\n<script type=\"application\/ld+json\" class=\"yoast-schema-graph\">{\"@context\":\"https:\\\/\\\/schema.org\",\"@graph\":[{\"@type\":\"Article\",\"@id\":\"https:\\\/\\\/www.ip.gov.py\\\/ip\\\/2022\\\/03\\\/14\\\/precio-del-pasaje-se-mantiene-y-reforzaran-transporte-de-pasajeros-con-buses-estatales\\\/#article\",\"isPartOf\":{\"@id\":\"https:\\\/\\\/www.ip.gov.py\\\/ip\\\/2022\\\/03\\\/14\\\/precio-del-pasaje-se-mantiene-y-reforzaran-transporte-de-pasajeros-con-buses-estatales\\\/\"},\"author\":{\"name\":\"Karina L\u00f3pez\",\"@id\":\"https:\\\/\\\/www.ip.gov.py\\\/ip\\\/#\\\/schema\\\/person\\\/613765cf13d420d448042e6802220539\"},\"headline\":\"Precio del pasaje se mantiene y buses estatales reforzar\u00e1n transporte de pasajeros\",\"datePublished\":\"2022-03-14T14:00:27+00:00\",\"dateModified\":\"2022-03-14T14:12:11+00:00\",\"mainEntityOfPage\":{\"@id\":\"https:\\\/\\\/www.ip.gov.py\\\/ip\\\/2022\\\/03\\\/14\\\/precio-del-pasaje-se-mantiene-y-reforzaran-transporte-de-pasajeros-con-buses-estatales\\\/\"},\"wordCount\":370,\"publisher\":{\"@id\":\"https:\\\/\\\/www.ip.gov.py\\\/ip\\\/#organization\"},\"image\":{\"@id\":\"https:\\\/\\\/www.ip.gov.py\\\/ip\\\/2022\\\/03\\\/14\\\/precio-del-pasaje-se-mantiene-y-reforzaran-transporte-de-pasajeros-con-buses-estatales\\\/#primaryimage\"},\"thumbnailUrl\":\"https:\\\/\\\/www.ip.gov.py\\\/ip\\\/wp-content\\\/uploads\\\/2020\\\/03\\\/Colectivo-Fuerzas-Armadas-Coornavirus.jpg\",\"keywords\":[\"Palacio de Gobierno\",\"Precio del Pasaje\",\"Presidente Abdo Ben\u00edtez\"],\"articleSection\":[\"Destacado\",\"Pol\u00edtica\"],\"inLanguage\":\"es\"},{\"@type\":\"WebPage\",\"@id\":\"https:\\\/\\\/www.ip.gov.py\\\/ip\\\/2022\\\/03\\\/14\\\/precio-del-pasaje-se-mantiene-y-reforzaran-transporte-de-pasajeros-con-buses-estatales\\\/\",\"url\":\"https:\\\/\\\/www.ip.gov.py\\\/ip\\\/2022\\\/03\\\/14\\\/precio-del-pasaje-se-mantiene-y-reforzaran-transporte-de-pasajeros-con-buses-estatales\\\/\",\"name\":\"Precio del pasaje se mantiene y buses estatales reforzar\u00e1n transporte de pasajeros - .::Agencia IP::.\",\"isPartOf\":{\"@id\":\"https:\\\/\\\/www.ip.gov.py\\\/ip\\\/#website\"},\"primaryImageOfPage\":{\"@id\":\"https:\\\/\\\/www.ip.gov.py\\\/ip\\\/2022\\\/03\\\/14\\\/precio-del-pasaje-se-mantiene-y-reforzaran-transporte-de-pasajeros-con-buses-estatales\\\/#primaryimage\"},\"image\":{\"@id\":\"https:\\\/\\\/www.ip.gov.py\\\/ip\\\/2022\\\/03\\\/14\\\/precio-del-pasaje-se-mantiene-y-reforzaran-transporte-de-pasajeros-con-buses-estatales\\\/#primaryimage\"},\"thumbnailUrl\":\"https:\\\/\\\/www.ip.gov.py\\\/ip\\\/wp-content\\\/uploads\\\/2020\\\/03\\\/Colectivo-Fuerzas-Armadas-Coornavirus.jpg\",\"datePublished\":\"2022-03-14T14:00:27+00:00\",\"dateModified\":\"2022-03-14T14:12:11+00:00\",\"breadcrumb\":{\"@id\":\"https:\\\/\\\/www.ip.gov.py\\\/ip\\\/2022\\\/03\\\/14\\\/precio-del-pasaje-se-mantiene-y-reforzaran-transporte-de-pasajeros-con-buses-estatales\\\/#breadcrumb\"},\"inLanguage\":\"es\",\"potentialAction\":[{\"@type\":\"ReadAction\",\"target\":[\"https:\\\/\\\/www.ip.gov.py\\\/ip\\\/2022\\\/03\\\/14\\\/precio-del-pasaje-se-mantiene-y-reforzaran-transporte-de-pasajeros-con-buses-estatales\\\/\"]}]},{\"@type\":\"ImageObject\",\"inLanguage\":\"es\",\"@id\":\"https:\\\/\\\/www.ip.gov.py\\\/ip\\\/2022\\\/03\\\/14\\\/precio-del-pasaje-se-mantiene-y-reforzaran-transporte-de-pasajeros-con-buses-estatales\\\/#primaryimage\",\"url\":\"https:\\\/\\\/www.ip.gov.py\\\/ip\\\/wp-content\\\/uploads\\\/2020\\\/03\\\/Colectivo-Fuerzas-Armadas-Coornavirus.jpg\",\"contentUrl\":\"https:\\\/\\\/www.ip.gov.py\\\/ip\\\/wp-content\\\/uploads\\\/2020\\\/03\\\/Colectivo-Fuerzas-Armadas-Coornavirus.jpg\",\"width\":1280,\"height\":831,\"caption\":\"Foto Agencia IP.\"},{\"@type\":\"BreadcrumbList\",\"@id\":\"https:\\\/\\\/www.ip.gov.py\\\/ip\\\/2022\\\/03\\\/14\\\/precio-del-pasaje-se-mantiene-y-reforzaran-transporte-de-pasajeros-con-buses-estatales\\\/#breadcrumb\",\"itemListElement\":[{\"@type\":\"ListItem\",\"position\":1,\"name\":\"Portada\",\"item\":\"https:\\\/\\\/www.ip.gov.py\\\/ip\\\/\"},{\"@type\":\"ListItem\",\"position\":2,\"name\":\"Precio del pasaje se mantiene y buses estatales reforzar\u00e1n transporte de pasajeros\"}]},{\"@type\":\"WebSite\",\"@id\":\"https:\\\/\\\/www.ip.gov.py\\\/ip\\\/#website\",\"url\":\"https:\\\/\\\/www.ip.gov.py\\\/ip\\\/\",\"name\":\".::Agencia IP::.\",\"description\":\"\",\"publisher\":{\"@id\":\"https:\\\/\\\/www.ip.gov.py\\\/ip\\\/#organization\"},\"potentialAction\":[{\"@type\":\"SearchAction\",\"target\":{\"@type\":\"EntryPoint\",\"urlTemplate\":\"https:\\\/\\\/www.ip.gov.py\\\/ip\\\/?s={search_term_string}\"},\"query-input\":{\"@type\":\"PropertyValueSpecification\",\"valueRequired\":true,\"valueName\":\"search_term_string\"}}],\"inLanguage\":\"es\"},{\"@type\":\"Organization\",\"@id\":\"https:\\\/\\\/www.ip.gov.py\\\/ip\\\/#organization\",\"name\":\"Agencia IP\",\"url\":\"https:\\\/\\\/www.ip.gov.py\\\/ip\\\/\",\"logo\":{\"@type\":\"ImageObject\",\"inLanguage\":\"es\",\"@id\":\"https:\\\/\\\/www.ip.gov.py\\\/ip\\\/#\\\/schema\\\/logo\\\/image\\\/\",\"url\":\"https:\\\/\\\/www.ip.gov.py\\\/ip\\\/wp-content\\\/uploads\\\/2018\\\/01\\\/Agencia-IP.jpg\",\"contentUrl\":\"https:\\\/\\\/www.ip.gov.py\\\/ip\\\/wp-content\\\/uploads\\\/2018\\\/01\\\/Agencia-IP.jpg\",\"width\":150,\"height\":150,\"caption\":\"Agencia IP\"},\"image\":{\"@id\":\"https:\\\/\\\/www.ip.gov.py\\\/ip\\\/#\\\/schema\\\/logo\\\/image\\\/\"},\"sameAs\":[\"https:\\\/\\\/www.facebook.com\\\/IPParaguay\\\/\",\"https:\\\/\\\/x.com\\\/IPParaguay\",\"https:\\\/\\\/www.instagram.com\\\/IPParaguay\"]},{\"@type\":\"Person\",\"@id\":\"https:\\\/\\\/www.ip.gov.py\\\/ip\\\/#\\\/schema\\\/person\\\/613765cf13d420d448042e6802220539\",\"name\":\"Karina L\u00f3pez\",\"url\":\"https:\\\/\\\/www.ip.gov.py\\\/ip\\\/author\\\/klopez\\\/\"}]}<\/script>\n<!-- \/ Yoast SEO plugin. -->","yoast_head_json":{"title":"Precio del pasaje se mantiene y buses estatales reforzar\u00e1n transporte de pasajeros - .::Agencia IP::.","robots":{"index":"index","follow":"follow","max-snippet":"max-snippet:-1","max-image-preview":"max-image-preview:large","max-video-preview":"max-video-preview:-1"},"canonical":"https:\/\/www.ip.gov.py\/ip\/2022\/03\/14\/precio-del-pasaje-se-mantiene-y-reforzaran-transporte-de-pasajeros-con-buses-estatales\/","og_locale":"es_ES","og_type":"article","og_title":"Precio del pasaje se mantiene y buses estatales reforzar\u00e1n transporte de pasajeros - .::Agencia IP::.","og_description":"Asunci\u00f3n, Agencia IP.- El precio del pasaje de transporte p\u00fablico no sufrir\u00e1 variaciones y mantendr\u00e1 sus valores actuales. Adem\u00e1s, el Gobierno anunci\u00f3 que unos 50 veh\u00edculos estatales saldr\u00e1n a las calles en los horarios de mayor demanda para trasladar a los pasajeros de manera gratuita.","og_url":"https:\/\/www.ip.gov.py\/ip\/2022\/03\/14\/precio-del-pasaje-se-mantiene-y-reforzaran-transporte-de-pasajeros-con-buses-estatales\/","og_site_name":".::Agencia IP::.","article_publisher":"https:\/\/www.facebook.com\/IPParaguay\/","article_published_time":"2022-03-14T14:00:27+00:00","article_modified_time":"2022-03-14T14:12:11+00:00","og_image":[{"width":1280,"height":831,"url":"https:\/\/www.ip.gov.py\/ip\/wp-content\/uploads\/2020\/03\/Colectivo-Fuerzas-Armadas-Coornavirus.jpg","type":"image\/jpeg"}],"author":"Karina L\u00f3pez","twitter_card":"summary_large_image","twitter_creator":"@IPParaguay","twitter_site":"@IPParaguay","twitter_misc":{"Escrito por":"Karina L\u00f3pez","Tiempo de lectura":"2 minutos"},"schema":{"@context":"https:\/\/schema.org","@graph":[{"@type":"Article","@id":"https:\/\/www.ip.gov.py\/ip\/2022\/03\/14\/precio-del-pasaje-se-mantiene-y-reforzaran-transporte-de-pasajeros-con-buses-estatales\/#article","isPartOf":{"@id":"https:\/\/www.ip.gov.py\/ip\/2022\/03\/14\/precio-del-pasaje-se-mantiene-y-reforzaran-transporte-de-pasajeros-con-buses-estatales\/"},"author":{"name":"Karina L\u00f3pez","@id":"https:\/\/www.ip.gov.py\/ip\/#\/schema\/person\/613765cf13d420d448042e6802220539"},"headline":"Precio del pasaje se mantiene y buses estatales reforzar\u00e1n transporte de pasajeros","datePublished":"2022-03-14T14:00:27+00:00","dateModified":"2022-03-14T14:12:11+00:00","mainEntityOfPage":{"@id":"https:\/\/www.ip.gov.py\/ip\/2022\/03\/14\/precio-del-pasaje-se-mantiene-y-reforzaran-transporte-de-pasajeros-con-buses-estatales\/"},"wordCount":370,"publisher":{"@id":"https:\/\/www.ip.gov.py\/ip\/#organization"},"image":{"@id":"https:\/\/www.ip.gov.py\/ip\/2022\/03\/14\/precio-del-pasaje-se-mantiene-y-reforzaran-transporte-de-pasajeros-con-buses-estatales\/#primaryimage"},"thumbnailUrl":"https:\/\/www.ip.gov.py\/ip\/wp-content\/uploads\/2020\/03\/Colectivo-Fuerzas-Armadas-Coornavirus.jpg","keywords":["Palacio de Gobierno","Precio del Pasaje","Presidente Abdo Ben\u00edtez"],"articleSection":["Destacado","Pol\u00edtica"],"inLanguage":"es"},{"@type":"WebPage","@id":"https:\/\/www.ip.gov.py\/ip\/2022\/03\/14\/precio-del-pasaje-se-mantiene-y-reforzaran-transporte-de-pasajeros-con-buses-estatales\/","url":"https:\/\/www.ip.gov.py\/ip\/2022\/03\/14\/precio-del-pasaje-se-mantiene-y-reforzaran-transporte-de-pasajeros-con-buses-estatales\/","name":"Precio del pasaje se mantiene y buses estatales reforzar\u00e1n transporte de pasajeros - .::Agencia IP::.","isPartOf":{"@id":"https:\/\/www.ip.gov.py\/ip\/#website"},"primaryImageOfPage":{"@id":"https:\/\/www.ip.gov.py\/ip\/2022\/03\/14\/precio-del-pasaje-se-mantiene-y-reforzaran-transporte-de-pasajeros-con-buses-estatales\/#primaryimage"},"image":{"@id":"https:\/\/www.ip.gov.py\/ip\/2022\/03\/14\/precio-del-pasaje-se-mantiene-y-reforzaran-transporte-de-pasajeros-con-buses-estatales\/#primaryimage"},"thumbnailUrl":"https:\/\/www.ip.gov.py\/ip\/wp-content\/uploads\/2020\/03\/Colectivo-Fuerzas-Armadas-Coornavirus.jpg","datePublished":"2022-03-14T14:00:27+00:00","dateModified":"2022-03-14T14:12:11+00:00","breadcrumb":{"@id":"https:\/\/www.ip.gov.py\/ip\/2022\/03\/14\/precio-del-pasaje-se-mantiene-y-reforzaran-transporte-de-pasajeros-con-buses-estatales\/#breadcrumb"},"inLanguage":"es","potentialAction":[{"@type":"ReadAction","target":["https:\/\/www.ip.gov.py\/ip\/2022\/03\/14\/precio-del-pasaje-se-mantiene-y-reforzaran-transporte-de-pasajeros-con-buses-estatales\/"]}]},{"@type":"ImageObject","inLanguage":"es","@id":"https:\/\/www.ip.gov.py\/ip\/2022\/03\/14\/precio-del-pasaje-se-mantiene-y-reforzaran-transporte-de-pasajeros-con-buses-estatales\/#primaryimage","url":"https:\/\/www.ip.gov.py\/ip\/wp-content\/uploads\/2020\/03\/Colectivo-Fuerzas-Armadas-Coornavirus.jpg","contentUrl":"https:\/\/www.ip.gov.py\/ip\/wp-content\/uploads\/2020\/03\/Colectivo-Fuerzas-Armadas-Coornavirus.jpg","width":1280,"height":831,"caption":"Foto Agencia IP."},{"@type":"BreadcrumbList","@id":"https:\/\/www.ip.gov.py\/ip\/2022\/03\/14\/precio-del-pasaje-se-mantiene-y-reforzaran-transporte-de-pasajeros-con-buses-estatales\/#breadcrumb","itemListElement":[{"@type":"ListItem","position":1,"name":"Portada","item":"https:\/\/www.ip.gov.py\/ip\/"},{"@type":"ListItem","position":2,"name":"Precio del pasaje se mantiene y buses estatales reforzar\u00e1n transporte de pasajeros"}]},{"@type":"WebSite","@id":"https:\/\/www.ip.gov.py\/ip\/#website","url":"https:\/\/www.ip.gov.py\/ip\/","name":".::Agencia IP::.","description":"","publisher":{"@id":"https:\/\/www.ip.gov.py\/ip\/#organization"},"potentialAction":[{"@type":"SearchAction","target":{"@type":"EntryPoint","urlTemplate":"https:\/\/www.ip.gov.py\/ip\/?s={search_term_string}"},"query-input":{"@type":"PropertyValueSpecification","valueRequired":true,"valueName":"search_term_string"}}],"inLanguage":"es"},{"@type":"Organization","@id":"https:\/\/www.ip.gov.py\/ip\/#organization","name":"Agencia IP","url":"https:\/\/www.ip.gov.py\/ip\/","logo":{"@type":"ImageObject","inLanguage":"es","@id":"https:\/\/www.ip.gov.py\/ip\/#\/schema\/logo\/image\/","url":"https:\/\/www.ip.gov.py\/ip\/wp-content\/uploads\/2018\/01\/Agencia-IP.jpg","contentUrl":"https:\/\/www.ip.gov.py\/ip\/wp-content\/uploads\/2018\/01\/Agencia-IP.jpg","width":150,"height":150,"caption":"Agencia IP"},"image":{"@id":"https:\/\/www.ip.gov.py\/ip\/#\/schema\/logo\/image\/"},"sameAs":["https:\/\/www.facebook.com\/IPParaguay\/","https:\/\/x.com\/IPParaguay","https:\/\/www.instagram.com\/IPParaguay"]},{"@type":"Person","@id":"https:\/\/www.ip.gov.py\/ip\/#\/schema\/person\/613765cf13d420d448042e6802220539","name":"Karina L\u00f3pez","url":"https:\/\/www.ip.gov.py\/ip\/author\/klopez\/"}]}},"_links":{"self":[{"href":"https:\/\/www.ip.gov.py\/ip\/wp-json\/wp\/v2\/posts\/407715","targetHints":{"allow":["GET"]}}],"collection":[{"href":"https:\/\/www.ip.gov.py\/ip\/wp-json\/wp\/v2\/posts"}],"about":[{"href":"https:\/\/www.ip.gov.py\/ip\/wp-json\/wp\/v2\/types\/post"}],"author":[{"embeddable":true,"href":"https:\/\/www.ip.gov.py\/ip\/wp-json\/wp\/v2\/users\/7"}],"replies":[{"embeddable":true,"href":"https:\/\/www.ip.gov.py\/ip\/wp-json\/wp\/v2\/comments?post=407715"}],"version-history":[{"count":0,"href":"https:\/\/www.ip.gov.py\/ip\/wp-json\/wp\/v2\/posts\/407715\/revisions"}],"wp:featuredmedia":[{"embeddable":true,"href":"https:\/\/www.ip.gov.py\/ip\/wp-json\/wp\/v2\/media\/307790"}],"wp:attachment":[{"href":"https:\/\/www.ip.gov.py\/ip\/wp-json\/wp\/v2\/media?parent=407715"}],"wp:term":[{"taxonomy":"category","embeddable":true,"href":"https:\/\/www.ip.gov.py\/ip\/wp-json\/wp\/v2\/categories?post=407715"},{"taxonomy":"post_tag","embeddable":true,"href":"https:\/\/www.ip.gov.py\/ip\/wp-json\/wp\/v2\/tags?post=407715"}],"curies":[{"name":"wp","href":"https:\/\/api.w.org\/{rel}","templated":true}]}}