{"id":407845,"date":"2022-03-14T16:12:40","date_gmt":"2022-03-14T19:12:40","guid":{"rendered":"https:\/\/www.ip.gov.py\/ip\/?p=407845"},"modified":"2022-03-14T16:12:40","modified_gmt":"2022-03-14T19:12:40","slug":"presentan-trayectos-de-buses-de-pasajeros-que-gobierno-pondra-a-disposicion-para-horas-pico","status":"publish","type":"post","link":"https:\/\/www.ip.gov.py\/ip\/2022\/03\/14\/presentan-trayectos-de-buses-de-pasajeros-que-gobierno-pondra-a-disposicion-para-horas-pico\/","title":{"rendered":"Presentan trayectos de buses de pasajeros que Gobierno pondr\u00e1 a disposici\u00f3n para horas pico"},"content":{"rendered":"<p style=\"text-align: justify;\"><strong><em>Asunci\u00f3n, Agencia IP.- <\/em><\/strong>Tras el anuncio de mantener el precio del transporte p\u00fablico, el Gobierno pondr\u00e1 a disposici\u00f3n buses gratuitos para reforzar el servicio en los horarios de mayor movimiento de pasajeros.<!--more--><\/p>\n<p style=\"text-align: justify;\">Los buses saldr\u00e1n en los horarios de las 05:45 y 06:15, por la ma\u00f1ana, y a las 17:30 y 18:15, en horas de la tarde, de manera a ofrecer el servicio entre el centro de Asunci\u00f3n y las ciudades aleda\u00f1as del \u00c1rea Metropolitana.<\/p>\n<p style=\"text-align: justify;\">La medida entrar\u00e1 a regir desde este lunes 14 de marzo por la tarde. La disposici\u00f3n del Gobierno responde a la demanda de pasajeros en horas picos y como parte de las medidas para mitigar el impacto de los precios de combustibles, motivo por el que empresarios del transporte solicitaron un aumento en el precio del pasaje, que no fue concedido.<\/p>\n<p style=\"text-align: justify;\">Las unidades que estar\u00e1n disponibles para la ciudadan\u00eda, se dan en colaboraci\u00f3n con varias instituciones, entre ellas: Itaip\u00fa, Polic\u00eda Nacional, Polic\u00eda Caminera, Fuerzas Armadas y Petropar.<\/p>\n<h5 style=\"text-align: justify;\"><strong>Itinerarios de ida<\/strong><\/h5>\n<p style=\"text-align: justify;\">Los itinerarios ser\u00e1n todos hasta el centro de Asunci\u00f3n, sobre la Avenida Col\u00f3n.<\/p>\n<p style=\"text-align: justify;\">Para la ciudad de Mariano Roque Alonso, las salidas y llegadas ser\u00e1n hasta el Shopping Mariano, sobre la Ruta Transchaco, con un trayecto por Avda. Artigas, Estados Unidos, Eligio Ayala\/Presidente Franco. Para la ciudad de Luque ser\u00e1 hasta la ruta de acceso a la ciudad (Tape Tuja) y Palma Loma, con un trayecto por las Avdas. Aviadores del Chaco, Espa\u00f1a, EE.UU y Eligio Ayala\/Presidente Franco.<\/p>\n<p style=\"text-align: justify;\">Para la ciudad de San Lorenzo, los trayectos ser\u00e1n desde la Iglesia San Lorenzo, en los buses que ir\u00e1n por la Avda. Mariscal L\u00f3pez; y desde el Mercado Municipal y el Shopping Salemma para los que ir\u00e1n por la Ruta Mariscal Estigarribia \/ Avda. Eusebio Ayala.<\/p>\n<p style=\"text-align: justify;\">Para la ciudad de \u00d1emby, las salidas ser\u00e1n desde la f\u00e1brica de Paresa, sobre la Ruta PY01 (Acceso Sur) y desde 4 Mojos. Los trayectos ir\u00e1n por la Avda. Fernando de la Mora, Avda. Rodr\u00edguez de Francia y hasta el centro de Asunci\u00f3n por Azara\/Gral. D\u00edaz.<\/p>\n<p style=\"text-align: justify;\">Para la ciudad de Lambar\u00e9, las salidas ser\u00e1n desde la Municipalidad de Lambar\u00e9 y los buses ir\u00e1n por la Avda. Per\u00f3n, Felix Bogado y hasta el centro por Avenida 5ta.<\/p>\n<h5 style=\"text-align: justify;\"><strong>Itinerarios de vuelta<\/strong><\/h5>\n<p style=\"text-align: justify;\">Los buses saldr\u00e1n en los horarios de 17:30 a 18:15 y ofrecer\u00e1n el servicio de vuelta.<\/p>\n<p style=\"text-align: justify;\">Para la ciudad de Mariano Roque Alonso, los buses saldr\u00e1n desde Artigas y Brasilia hasta el Shopping Mariano. Para Luque, la salida ser\u00e1 desde Espa\u00f1a y Sacramento hasta la Avda. Corrales.<\/p>\n<p style=\"text-align: justify;\">Para la ciudad de San Lorenzo, las salidas ser\u00e1n desde el Regimiento Escolta Presidencial (por Mariscal L\u00f3pez) y desde el Colegio Nacional de la Capital y Avda. Eusebio Ayala y De La Victoria (por Eusebio Ayala\/Ruta Mariscal Estigarribia).<\/p>\n<p style=\"text-align: justify;\">Para la ciudad de Lambar\u00e9, la salida ser\u00e1 desde Montevideo y 4ta hasta la Municipalidad local. Para la ciudad de \u00d1emby, la salida ser\u00e1 desde Bruno Guggiari y Fernado de la Mora, y desde la Terminal de Asunci\u00f3n, hasta Ytororo.<\/p>\n","protected":false},"excerpt":{"rendered":"<p>Asunci\u00f3n, Agencia IP.- Tras el anuncio de mantener el precio del transporte p\u00fablico, el Gobierno pondr\u00e1 a disposici\u00f3n buses gratuitos para reforzar el servicio en los horarios de mayor movimiento de pasajeros.<\/p>\n","protected":false},"author":22,"featured_media":313987,"comment_status":"closed","ping_status":"closed","sticky":false,"template":"","format":"standard","meta":{"_monsterinsights_skip_tracking":false,"_monsterinsights_sitenote_active":false,"_monsterinsights_sitenote_note":"","_monsterinsights_sitenote_category":0,"footnotes":""},"categories":[2,4],"tags":[470,7691],"class_list":{"0":"post-407845","1":"post","2":"type-post","3":"status-publish","4":"format-standard","5":"has-post-thumbnail","7":"category-destacado","8":"category-nacionales","9":"tag-buses","10":"tag-precio-del-pasaje"},"yoast_head":"<!-- This site is optimized with the Yoast SEO plugin v27.5 - https:\/\/yoast.com\/product\/yoast-seo-wordpress\/ -->\n<title>Presentan trayectos de buses de pasajeros que Gobierno pondr\u00e1 a disposici\u00f3n para horas pico - .::Agencia IP::.<\/title>\n<meta name=\"robots\" content=\"index, follow, max-snippet:-1, max-image-preview:large, max-video-preview:-1\" \/>\n<link rel=\"canonical\" href=\"https:\/\/www.ip.gov.py\/ip\/2022\/03\/14\/presentan-trayectos-de-buses-de-pasajeros-que-gobierno-pondra-a-disposicion-para-horas-pico\/\" \/>\n<meta property=\"og:locale\" content=\"es_ES\" \/>\n<meta property=\"og:type\" content=\"article\" \/>\n<meta property=\"og:title\" content=\"Presentan trayectos de buses de pasajeros que Gobierno pondr\u00e1 a disposici\u00f3n para horas pico - .::Agencia IP::.\" \/>\n<meta property=\"og:description\" content=\"Asunci\u00f3n, Agencia IP.- Tras el anuncio de mantener el precio del transporte p\u00fablico, el Gobierno pondr\u00e1 a disposici\u00f3n buses gratuitos para reforzar el servicio en los horarios de mayor movimiento de pasajeros.\" \/>\n<meta property=\"og:url\" content=\"https:\/\/www.ip.gov.py\/ip\/2022\/03\/14\/presentan-trayectos-de-buses-de-pasajeros-que-gobierno-pondra-a-disposicion-para-horas-pico\/\" \/>\n<meta property=\"og:site_name\" content=\".::Agencia IP::.\" \/>\n<meta property=\"article:publisher\" content=\"https:\/\/www.facebook.com\/IPParaguay\/\" \/>\n<meta property=\"article:published_time\" content=\"2022-03-14T19:12:40+00:00\" \/>\n<meta property=\"og:image\" content=\"https:\/\/www.ip.gov.py\/ip\/wp-content\/uploads\/2020\/05\/clima-calle-buses-e1605454595244.jpg\" \/>\n\t<meta property=\"og:image:width\" content=\"1228\" \/>\n\t<meta property=\"og:image:height\" content=\"723\" \/>\n\t<meta property=\"og:image:type\" content=\"image\/jpeg\" \/>\n<meta name=\"author\" content=\"Alberto C\" \/>\n<meta name=\"twitter:card\" content=\"summary_large_image\" \/>\n<meta name=\"twitter:creator\" content=\"@IPParaguay\" \/>\n<meta name=\"twitter:site\" content=\"@IPParaguay\" \/>\n<meta name=\"twitter:label1\" content=\"Escrito por\" \/>\n\t<meta name=\"twitter:data1\" content=\"Alberto C\" \/>\n\t<meta name=\"twitter:label2\" content=\"Tiempo de lectura\" \/>\n\t<meta name=\"twitter:data2\" content=\"3 minutos\" \/>\n<script type=\"application\/ld+json\" class=\"yoast-schema-graph\">{\"@context\":\"https:\\\/\\\/schema.org\",\"@graph\":[{\"@type\":\"Article\",\"@id\":\"https:\\\/\\\/www.ip.gov.py\\\/ip\\\/2022\\\/03\\\/14\\\/presentan-trayectos-de-buses-de-pasajeros-que-gobierno-pondra-a-disposicion-para-horas-pico\\\/#article\",\"isPartOf\":{\"@id\":\"https:\\\/\\\/www.ip.gov.py\\\/ip\\\/2022\\\/03\\\/14\\\/presentan-trayectos-de-buses-de-pasajeros-que-gobierno-pondra-a-disposicion-para-horas-pico\\\/\"},\"author\":{\"name\":\"Alberto C\",\"@id\":\"https:\\\/\\\/www.ip.gov.py\\\/ip\\\/#\\\/schema\\\/person\\\/369fedd28420fad35e23b10a9df16fb8\"},\"headline\":\"Presentan trayectos de buses de pasajeros que Gobierno pondr\u00e1 a disposici\u00f3n para horas pico\",\"datePublished\":\"2022-03-14T19:12:40+00:00\",\"mainEntityOfPage\":{\"@id\":\"https:\\\/\\\/www.ip.gov.py\\\/ip\\\/2022\\\/03\\\/14\\\/presentan-trayectos-de-buses-de-pasajeros-que-gobierno-pondra-a-disposicion-para-horas-pico\\\/\"},\"wordCount\":543,\"publisher\":{\"@id\":\"https:\\\/\\\/www.ip.gov.py\\\/ip\\\/#organization\"},\"image\":{\"@id\":\"https:\\\/\\\/www.ip.gov.py\\\/ip\\\/2022\\\/03\\\/14\\\/presentan-trayectos-de-buses-de-pasajeros-que-gobierno-pondra-a-disposicion-para-horas-pico\\\/#primaryimage\"},\"thumbnailUrl\":\"https:\\\/\\\/www.ip.gov.py\\\/ip\\\/wp-content\\\/uploads\\\/2020\\\/05\\\/clima-calle-buses-e1605454595244.jpg\",\"keywords\":[\"buses\",\"Precio del Pasaje\"],\"articleSection\":[\"Destacado\",\"Nacionales\"],\"inLanguage\":\"es\"},{\"@type\":\"WebPage\",\"@id\":\"https:\\\/\\\/www.ip.gov.py\\\/ip\\\/2022\\\/03\\\/14\\\/presentan-trayectos-de-buses-de-pasajeros-que-gobierno-pondra-a-disposicion-para-horas-pico\\\/\",\"url\":\"https:\\\/\\\/www.ip.gov.py\\\/ip\\\/2022\\\/03\\\/14\\\/presentan-trayectos-de-buses-de-pasajeros-que-gobierno-pondra-a-disposicion-para-horas-pico\\\/\",\"name\":\"Presentan trayectos de buses de pasajeros que Gobierno pondr\u00e1 a disposici\u00f3n para horas pico - .::Agencia IP::.\",\"isPartOf\":{\"@id\":\"https:\\\/\\\/www.ip.gov.py\\\/ip\\\/#website\"},\"primaryImageOfPage\":{\"@id\":\"https:\\\/\\\/www.ip.gov.py\\\/ip\\\/2022\\\/03\\\/14\\\/presentan-trayectos-de-buses-de-pasajeros-que-gobierno-pondra-a-disposicion-para-horas-pico\\\/#primaryimage\"},\"image\":{\"@id\":\"https:\\\/\\\/www.ip.gov.py\\\/ip\\\/2022\\\/03\\\/14\\\/presentan-trayectos-de-buses-de-pasajeros-que-gobierno-pondra-a-disposicion-para-horas-pico\\\/#primaryimage\"},\"thumbnailUrl\":\"https:\\\/\\\/www.ip.gov.py\\\/ip\\\/wp-content\\\/uploads\\\/2020\\\/05\\\/clima-calle-buses-e1605454595244.jpg\",\"datePublished\":\"2022-03-14T19:12:40+00:00\",\"breadcrumb\":{\"@id\":\"https:\\\/\\\/www.ip.gov.py\\\/ip\\\/2022\\\/03\\\/14\\\/presentan-trayectos-de-buses-de-pasajeros-que-gobierno-pondra-a-disposicion-para-horas-pico\\\/#breadcrumb\"},\"inLanguage\":\"es\",\"potentialAction\":[{\"@type\":\"ReadAction\",\"target\":[\"https:\\\/\\\/www.ip.gov.py\\\/ip\\\/2022\\\/03\\\/14\\\/presentan-trayectos-de-buses-de-pasajeros-que-gobierno-pondra-a-disposicion-para-horas-pico\\\/\"]}]},{\"@type\":\"ImageObject\",\"inLanguage\":\"es\",\"@id\":\"https:\\\/\\\/www.ip.gov.py\\\/ip\\\/2022\\\/03\\\/14\\\/presentan-trayectos-de-buses-de-pasajeros-que-gobierno-pondra-a-disposicion-para-horas-pico\\\/#primaryimage\",\"url\":\"https:\\\/\\\/www.ip.gov.py\\\/ip\\\/wp-content\\\/uploads\\\/2020\\\/05\\\/clima-calle-buses-e1605454595244.jpg\",\"contentUrl\":\"https:\\\/\\\/www.ip.gov.py\\\/ip\\\/wp-content\\\/uploads\\\/2020\\\/05\\\/clima-calle-buses-e1605454595244.jpg\",\"width\":1228,\"height\":723,\"caption\":\"Foto Ilustraci\u00f3n\\\/ Agencia IP\"},{\"@type\":\"BreadcrumbList\",\"@id\":\"https:\\\/\\\/www.ip.gov.py\\\/ip\\\/2022\\\/03\\\/14\\\/presentan-trayectos-de-buses-de-pasajeros-que-gobierno-pondra-a-disposicion-para-horas-pico\\\/#breadcrumb\",\"itemListElement\":[{\"@type\":\"ListItem\",\"position\":1,\"name\":\"Portada\",\"item\":\"https:\\\/\\\/www.ip.gov.py\\\/ip\\\/\"},{\"@type\":\"ListItem\",\"position\":2,\"name\":\"Presentan trayectos de buses de pasajeros que Gobierno pondr\u00e1 a disposici\u00f3n para horas pico\"}]},{\"@type\":\"WebSite\",\"@id\":\"https:\\\/\\\/www.ip.gov.py\\\/ip\\\/#website\",\"url\":\"https:\\\/\\\/www.ip.gov.py\\\/ip\\\/\",\"name\":\".::Agencia IP::.\",\"description\":\"\",\"publisher\":{\"@id\":\"https:\\\/\\\/www.ip.gov.py\\\/ip\\\/#organization\"},\"potentialAction\":[{\"@type\":\"SearchAction\",\"target\":{\"@type\":\"EntryPoint\",\"urlTemplate\":\"https:\\\/\\\/www.ip.gov.py\\\/ip\\\/?s={search_term_string}\"},\"query-input\":{\"@type\":\"PropertyValueSpecification\",\"valueRequired\":true,\"valueName\":\"search_term_string\"}}],\"inLanguage\":\"es\"},{\"@type\":\"Organization\",\"@id\":\"https:\\\/\\\/www.ip.gov.py\\\/ip\\\/#organization\",\"name\":\"Agencia IP\",\"url\":\"https:\\\/\\\/www.ip.gov.py\\\/ip\\\/\",\"logo\":{\"@type\":\"ImageObject\",\"inLanguage\":\"es\",\"@id\":\"https:\\\/\\\/www.ip.gov.py\\\/ip\\\/#\\\/schema\\\/logo\\\/image\\\/\",\"url\":\"https:\\\/\\\/www.ip.gov.py\\\/ip\\\/wp-content\\\/uploads\\\/2018\\\/01\\\/Agencia-IP.jpg\",\"contentUrl\":\"https:\\\/\\\/www.ip.gov.py\\\/ip\\\/wp-content\\\/uploads\\\/2018\\\/01\\\/Agencia-IP.jpg\",\"width\":150,\"height\":150,\"caption\":\"Agencia IP\"},\"image\":{\"@id\":\"https:\\\/\\\/www.ip.gov.py\\\/ip\\\/#\\\/schema\\\/logo\\\/image\\\/\"},\"sameAs\":[\"https:\\\/\\\/www.facebook.com\\\/IPParaguay\\\/\",\"https:\\\/\\\/x.com\\\/IPParaguay\",\"https:\\\/\\\/www.instagram.com\\\/IPParaguay\"]},{\"@type\":\"Person\",\"@id\":\"https:\\\/\\\/www.ip.gov.py\\\/ip\\\/#\\\/schema\\\/person\\\/369fedd28420fad35e23b10a9df16fb8\",\"name\":\"Alberto C\",\"sameAs\":[\"https:\\\/\\\/www.ip.gov.py\"],\"url\":\"https:\\\/\\\/www.ip.gov.py\\\/ip\\\/author\\\/acelma\\\/\"}]}<\/script>\n<!-- \/ Yoast SEO plugin. -->","yoast_head_json":{"title":"Presentan trayectos de buses de pasajeros que Gobierno pondr\u00e1 a disposici\u00f3n para horas pico - .::Agencia IP::.","robots":{"index":"index","follow":"follow","max-snippet":"max-snippet:-1","max-image-preview":"max-image-preview:large","max-video-preview":"max-video-preview:-1"},"canonical":"https:\/\/www.ip.gov.py\/ip\/2022\/03\/14\/presentan-trayectos-de-buses-de-pasajeros-que-gobierno-pondra-a-disposicion-para-horas-pico\/","og_locale":"es_ES","og_type":"article","og_title":"Presentan trayectos de buses de pasajeros que Gobierno pondr\u00e1 a disposici\u00f3n para horas pico - .::Agencia IP::.","og_description":"Asunci\u00f3n, Agencia IP.- Tras el anuncio de mantener el precio del transporte p\u00fablico, el Gobierno pondr\u00e1 a disposici\u00f3n buses gratuitos para reforzar el servicio en los horarios de mayor movimiento de pasajeros.","og_url":"https:\/\/www.ip.gov.py\/ip\/2022\/03\/14\/presentan-trayectos-de-buses-de-pasajeros-que-gobierno-pondra-a-disposicion-para-horas-pico\/","og_site_name":".::Agencia IP::.","article_publisher":"https:\/\/www.facebook.com\/IPParaguay\/","article_published_time":"2022-03-14T19:12:40+00:00","og_image":[{"width":1228,"height":723,"url":"https:\/\/www.ip.gov.py\/ip\/wp-content\/uploads\/2020\/05\/clima-calle-buses-e1605454595244.jpg","type":"image\/jpeg"}],"author":"Alberto C","twitter_card":"summary_large_image","twitter_creator":"@IPParaguay","twitter_site":"@IPParaguay","twitter_misc":{"Escrito por":"Alberto C","Tiempo de lectura":"3 minutos"},"schema":{"@context":"https:\/\/schema.org","@graph":[{"@type":"Article","@id":"https:\/\/www.ip.gov.py\/ip\/2022\/03\/14\/presentan-trayectos-de-buses-de-pasajeros-que-gobierno-pondra-a-disposicion-para-horas-pico\/#article","isPartOf":{"@id":"https:\/\/www.ip.gov.py\/ip\/2022\/03\/14\/presentan-trayectos-de-buses-de-pasajeros-que-gobierno-pondra-a-disposicion-para-horas-pico\/"},"author":{"name":"Alberto C","@id":"https:\/\/www.ip.gov.py\/ip\/#\/schema\/person\/369fedd28420fad35e23b10a9df16fb8"},"headline":"Presentan trayectos de buses de pasajeros que Gobierno pondr\u00e1 a disposici\u00f3n para horas pico","datePublished":"2022-03-14T19:12:40+00:00","mainEntityOfPage":{"@id":"https:\/\/www.ip.gov.py\/ip\/2022\/03\/14\/presentan-trayectos-de-buses-de-pasajeros-que-gobierno-pondra-a-disposicion-para-horas-pico\/"},"wordCount":543,"publisher":{"@id":"https:\/\/www.ip.gov.py\/ip\/#organization"},"image":{"@id":"https:\/\/www.ip.gov.py\/ip\/2022\/03\/14\/presentan-trayectos-de-buses-de-pasajeros-que-gobierno-pondra-a-disposicion-para-horas-pico\/#primaryimage"},"thumbnailUrl":"https:\/\/www.ip.gov.py\/ip\/wp-content\/uploads\/2020\/05\/clima-calle-buses-e1605454595244.jpg","keywords":["buses","Precio del Pasaje"],"articleSection":["Destacado","Nacionales"],"inLanguage":"es"},{"@type":"WebPage","@id":"https:\/\/www.ip.gov.py\/ip\/2022\/03\/14\/presentan-trayectos-de-buses-de-pasajeros-que-gobierno-pondra-a-disposicion-para-horas-pico\/","url":"https:\/\/www.ip.gov.py\/ip\/2022\/03\/14\/presentan-trayectos-de-buses-de-pasajeros-que-gobierno-pondra-a-disposicion-para-horas-pico\/","name":"Presentan trayectos de buses de pasajeros que Gobierno pondr\u00e1 a disposici\u00f3n para horas pico - .::Agencia IP::.","isPartOf":{"@id":"https:\/\/www.ip.gov.py\/ip\/#website"},"primaryImageOfPage":{"@id":"https:\/\/www.ip.gov.py\/ip\/2022\/03\/14\/presentan-trayectos-de-buses-de-pasajeros-que-gobierno-pondra-a-disposicion-para-horas-pico\/#primaryimage"},"image":{"@id":"https:\/\/www.ip.gov.py\/ip\/2022\/03\/14\/presentan-trayectos-de-buses-de-pasajeros-que-gobierno-pondra-a-disposicion-para-horas-pico\/#primaryimage"},"thumbnailUrl":"https:\/\/www.ip.gov.py\/ip\/wp-content\/uploads\/2020\/05\/clima-calle-buses-e1605454595244.jpg","datePublished":"2022-03-14T19:12:40+00:00","breadcrumb":{"@id":"https:\/\/www.ip.gov.py\/ip\/2022\/03\/14\/presentan-trayectos-de-buses-de-pasajeros-que-gobierno-pondra-a-disposicion-para-horas-pico\/#breadcrumb"},"inLanguage":"es","potentialAction":[{"@type":"ReadAction","target":["https:\/\/www.ip.gov.py\/ip\/2022\/03\/14\/presentan-trayectos-de-buses-de-pasajeros-que-gobierno-pondra-a-disposicion-para-horas-pico\/"]}]},{"@type":"ImageObject","inLanguage":"es","@id":"https:\/\/www.ip.gov.py\/ip\/2022\/03\/14\/presentan-trayectos-de-buses-de-pasajeros-que-gobierno-pondra-a-disposicion-para-horas-pico\/#primaryimage","url":"https:\/\/www.ip.gov.py\/ip\/wp-content\/uploads\/2020\/05\/clima-calle-buses-e1605454595244.jpg","contentUrl":"https:\/\/www.ip.gov.py\/ip\/wp-content\/uploads\/2020\/05\/clima-calle-buses-e1605454595244.jpg","width":1228,"height":723,"caption":"Foto Ilustraci\u00f3n\/ Agencia IP"},{"@type":"BreadcrumbList","@id":"https:\/\/www.ip.gov.py\/ip\/2022\/03\/14\/presentan-trayectos-de-buses-de-pasajeros-que-gobierno-pondra-a-disposicion-para-horas-pico\/#breadcrumb","itemListElement":[{"@type":"ListItem","position":1,"name":"Portada","item":"https:\/\/www.ip.gov.py\/ip\/"},{"@type":"ListItem","position":2,"name":"Presentan trayectos de buses de pasajeros que Gobierno pondr\u00e1 a disposici\u00f3n para horas pico"}]},{"@type":"WebSite","@id":"https:\/\/www.ip.gov.py\/ip\/#website","url":"https:\/\/www.ip.gov.py\/ip\/","name":".::Agencia IP::.","description":"","publisher":{"@id":"https:\/\/www.ip.gov.py\/ip\/#organization"},"potentialAction":[{"@type":"SearchAction","target":{"@type":"EntryPoint","urlTemplate":"https:\/\/www.ip.gov.py\/ip\/?s={search_term_string}"},"query-input":{"@type":"PropertyValueSpecification","valueRequired":true,"valueName":"search_term_string"}}],"inLanguage":"es"},{"@type":"Organization","@id":"https:\/\/www.ip.gov.py\/ip\/#organization","name":"Agencia IP","url":"https:\/\/www.ip.gov.py\/ip\/","logo":{"@type":"ImageObject","inLanguage":"es","@id":"https:\/\/www.ip.gov.py\/ip\/#\/schema\/logo\/image\/","url":"https:\/\/www.ip.gov.py\/ip\/wp-content\/uploads\/2018\/01\/Agencia-IP.jpg","contentUrl":"https:\/\/www.ip.gov.py\/ip\/wp-content\/uploads\/2018\/01\/Agencia-IP.jpg","width":150,"height":150,"caption":"Agencia IP"},"image":{"@id":"https:\/\/www.ip.gov.py\/ip\/#\/schema\/logo\/image\/"},"sameAs":["https:\/\/www.facebook.com\/IPParaguay\/","https:\/\/x.com\/IPParaguay","https:\/\/www.instagram.com\/IPParaguay"]},{"@type":"Person","@id":"https:\/\/www.ip.gov.py\/ip\/#\/schema\/person\/369fedd28420fad35e23b10a9df16fb8","name":"Alberto C","sameAs":["https:\/\/www.ip.gov.py"],"url":"https:\/\/www.ip.gov.py\/ip\/author\/acelma\/"}]}},"_links":{"self":[{"href":"https:\/\/www.ip.gov.py\/ip\/wp-json\/wp\/v2\/posts\/407845","targetHints":{"allow":["GET"]}}],"collection":[{"href":"https:\/\/www.ip.gov.py\/ip\/wp-json\/wp\/v2\/posts"}],"about":[{"href":"https:\/\/www.ip.gov.py\/ip\/wp-json\/wp\/v2\/types\/post"}],"author":[{"embeddable":true,"href":"https:\/\/www.ip.gov.py\/ip\/wp-json\/wp\/v2\/users\/22"}],"replies":[{"embeddable":true,"href":"https:\/\/www.ip.gov.py\/ip\/wp-json\/wp\/v2\/comments?post=407845"}],"version-history":[{"count":0,"href":"https:\/\/www.ip.gov.py\/ip\/wp-json\/wp\/v2\/posts\/407845\/revisions"}],"wp:featuredmedia":[{"embeddable":true,"href":"https:\/\/www.ip.gov.py\/ip\/wp-json\/wp\/v2\/media\/313987"}],"wp:attachment":[{"href":"https:\/\/www.ip.gov.py\/ip\/wp-json\/wp\/v2\/media?parent=407845"}],"wp:term":[{"taxonomy":"category","embeddable":true,"href":"https:\/\/www.ip.gov.py\/ip\/wp-json\/wp\/v2\/categories?post=407845"},{"taxonomy":"post_tag","embeddable":true,"href":"https:\/\/www.ip.gov.py\/ip\/wp-json\/wp\/v2\/tags?post=407845"}],"curies":[{"name":"wp","href":"https:\/\/api.w.org\/{rel}","templated":true}]}}