{"id":408353,"date":"2022-03-17T12:28:06","date_gmt":"2022-03-17T15:28:06","guid":{"rendered":"https:\/\/www.ip.gov.py\/ip\/?p=408353"},"modified":"2022-03-17T12:28:06","modified_gmt":"2022-03-17T15:28:06","slug":"destacan-buena-concurrencia-en-jornada-de-atencion-medica-integral-en-presidente-franco","status":"publish","type":"post","link":"https:\/\/www.ip.gov.py\/ip\/2022\/03\/17\/destacan-buena-concurrencia-en-jornada-de-atencion-medica-integral-en-presidente-franco\/","title":{"rendered":"Destacan buena concurrencia en jornada de atenci\u00f3n m\u00e9dica integral en Presidente Franco"},"content":{"rendered":"<p style=\"text-align: justify;\"><em><strong>Asunci\u00f3n, Agencia IP.-<\/strong><\/em> Este jueves arranc\u00f3 la primera jornada de atenci\u00f3n m\u00e9dica integral a pobladores del barrio San Isidro del Km 9 Monday de Presidente Franco (Alto Paran\u00e1), con una buena concurrencia de adultos y ni\u00f1os. La prestaci\u00f3n de servicios continuar\u00e1 hasta ma\u00f1ana, viernes 18 de marzo.<!--more--><\/p>\n<p style=\"text-align: justify;\">El Hospital Distrital de Presidente Franco y el Hospital Regional de Ciudad del Este, dieron inicio esta ma\u00f1ana a la atenci\u00f3n m\u00e9dica integral a los usuarios en la Escuela graduada N\u00b0 3.587 Mcal. Jos\u00e9 F\u00e9lix Estigarribia ubicada en el barrio San Isidro del Km 9 Monday de Presidente Franco. Se prev\u00e9 que la misma sea hasta las 16:00 del d\u00eda de hoy, y ma\u00f1ana viernes, de las 07:00 a 13:00.<\/p>\n<p style=\"text-align: justify;\">Los servicios que se encuentran a disposici\u00f3n de la ciudadan\u00eda franque\u00f1a son: pediatr\u00eda, medicina familiar, obstetricia, odontolog\u00eda, nutrici\u00f3n, controles prenatales, vacunaciones, toma de muestras de Papanicolau, hisopados COVID-19, pruebas r\u00e1pidas para VDRL y HIV y entrega de medicamentos b\u00e1sicos.<\/p>\n<h4 style=\"text-align: justify;\"><strong>Acerca de las atenciones extramurales <\/strong><\/h4>\n<p style=\"text-align: justify;\">Las atenciones extramurales consisten en acercar los servicios a la poblaci\u00f3n y desarrollar actividades de asistencia m\u00e9dica, control y seguimiento de la salud de la comunidad. En ese contexto, la D\u00e9cima Regi\u00f3n Sanitaria \u2013 Alto Paran\u00e1 trabaja coordinadamente con varias instituciones para que vecinos del barrio San Isidro del km 9 Monday de Presidente Franco tengan 2 d\u00edas consecutivos para consultar.<\/p>\n<p style=\"text-align: justify;\">La actividad, cuenta con el apoyo de la Fundaci\u00f3n Tesai con m\u00f3vil odontol\u00f3gico, Municipalidad de Ciudad del Este con cl\u00ednica m\u00f3vil, Municipalidad de Presidente Franco con la log\u00edstica y la Facultad de Odontolog\u00eda de la Universidad Privada del Este.<\/p>\n","protected":false},"excerpt":{"rendered":"<p>Asunci\u00f3n, Agencia IP.- Este jueves arranc\u00f3 la primera jornada de atenci\u00f3n m\u00e9dica integral a pobladores del barrio San Isidro del Km 9 Monday de Presidente Franco (Alto Paran\u00e1), con una buena concurrencia de adultos y ni\u00f1os. La prestaci\u00f3n de servicios continuar\u00e1 hasta ma\u00f1ana, viernes 18 de marzo.<\/p>\n","protected":false},"author":29,"featured_media":408356,"comment_status":"closed","ping_status":"closed","sticky":false,"template":"","format":"standard","meta":{"_monsterinsights_skip_tracking":false,"_monsterinsights_sitenote_active":false,"_monsterinsights_sitenote_note":"","_monsterinsights_sitenote_category":0,"footnotes":""},"categories":[2987],"tags":[6260,184,3223],"class_list":{"0":"post-408353","1":"post","2":"type-post","3":"status-publish","4":"format-standard","5":"has-post-thumbnail","7":"category-salud","8":"tag-atencion-medica-integral","9":"tag-mspbs","10":"tag-presidente-franco"},"yoast_head":"<!-- This site is optimized with the Yoast SEO plugin v27.5 - https:\/\/yoast.com\/product\/yoast-seo-wordpress\/ -->\n<title>Destacan buena concurrencia en jornada de atenci\u00f3n m\u00e9dica integral en Presidente Franco - .::Agencia IP::.<\/title>\n<meta name=\"robots\" content=\"index, follow, max-snippet:-1, max-image-preview:large, max-video-preview:-1\" \/>\n<link rel=\"canonical\" href=\"https:\/\/www.ip.gov.py\/ip\/2022\/03\/17\/destacan-buena-concurrencia-en-jornada-de-atencion-medica-integral-en-presidente-franco\/\" \/>\n<meta property=\"og:locale\" content=\"es_ES\" \/>\n<meta property=\"og:type\" content=\"article\" \/>\n<meta property=\"og:title\" content=\"Destacan buena concurrencia en jornada de atenci\u00f3n m\u00e9dica integral en Presidente Franco - .::Agencia IP::.\" \/>\n<meta property=\"og:description\" content=\"Asunci\u00f3n, Agencia IP.- Este jueves arranc\u00f3 la primera jornada de atenci\u00f3n m\u00e9dica integral a pobladores del barrio San Isidro del Km 9 Monday de Presidente Franco (Alto Paran\u00e1), con una buena concurrencia de adultos y ni\u00f1os. La prestaci\u00f3n de servicios continuar\u00e1 hasta ma\u00f1ana, viernes 18 de marzo.\" \/>\n<meta property=\"og:url\" content=\"https:\/\/www.ip.gov.py\/ip\/2022\/03\/17\/destacan-buena-concurrencia-en-jornada-de-atencion-medica-integral-en-presidente-franco\/\" \/>\n<meta property=\"og:site_name\" content=\".::Agencia IP::.\" \/>\n<meta property=\"article:publisher\" content=\"https:\/\/www.facebook.com\/IPParaguay\/\" \/>\n<meta property=\"article:published_time\" content=\"2022-03-17T15:28:06+00:00\" \/>\n<meta property=\"og:image\" content=\"https:\/\/www.ip.gov.py\/ip\/wp-content\/uploads\/2022\/03\/Atencion-medica-Presidente-Franco.jpg\" \/>\n\t<meta property=\"og:image:width\" content=\"870\" \/>\n\t<meta property=\"og:image:height\" content=\"652\" \/>\n\t<meta property=\"og:image:type\" content=\"image\/jpeg\" \/>\n<meta name=\"author\" content=\"jzelada\" \/>\n<meta name=\"twitter:card\" content=\"summary_large_image\" \/>\n<meta name=\"twitter:creator\" content=\"@IPParaguay\" \/>\n<meta name=\"twitter:site\" content=\"@IPParaguay\" \/>\n<meta name=\"twitter:label1\" content=\"Escrito por\" \/>\n\t<meta name=\"twitter:data1\" content=\"jzelada\" \/>\n\t<meta name=\"twitter:label2\" content=\"Tiempo de lectura\" \/>\n\t<meta name=\"twitter:data2\" content=\"1 minuto\" \/>\n<script type=\"application\/ld+json\" class=\"yoast-schema-graph\">{\"@context\":\"https:\\\/\\\/schema.org\",\"@graph\":[{\"@type\":\"Article\",\"@id\":\"https:\\\/\\\/www.ip.gov.py\\\/ip\\\/2022\\\/03\\\/17\\\/destacan-buena-concurrencia-en-jornada-de-atencion-medica-integral-en-presidente-franco\\\/#article\",\"isPartOf\":{\"@id\":\"https:\\\/\\\/www.ip.gov.py\\\/ip\\\/2022\\\/03\\\/17\\\/destacan-buena-concurrencia-en-jornada-de-atencion-medica-integral-en-presidente-franco\\\/\"},\"author\":{\"name\":\"jzelada\",\"@id\":\"https:\\\/\\\/www.ip.gov.py\\\/ip\\\/#\\\/schema\\\/person\\\/b0f4c235f0f0d7a0985bbb33c6a7941e\"},\"headline\":\"Destacan buena concurrencia en jornada de atenci\u00f3n m\u00e9dica integral en Presidente Franco\",\"datePublished\":\"2022-03-17T15:28:06+00:00\",\"mainEntityOfPage\":{\"@id\":\"https:\\\/\\\/www.ip.gov.py\\\/ip\\\/2022\\\/03\\\/17\\\/destacan-buena-concurrencia-en-jornada-de-atencion-medica-integral-en-presidente-franco\\\/\"},\"wordCount\":298,\"publisher\":{\"@id\":\"https:\\\/\\\/www.ip.gov.py\\\/ip\\\/#organization\"},\"image\":{\"@id\":\"https:\\\/\\\/www.ip.gov.py\\\/ip\\\/2022\\\/03\\\/17\\\/destacan-buena-concurrencia-en-jornada-de-atencion-medica-integral-en-presidente-franco\\\/#primaryimage\"},\"thumbnailUrl\":\"https:\\\/\\\/www.ip.gov.py\\\/ip\\\/wp-content\\\/uploads\\\/2022\\\/03\\\/Atencion-medica-Presidente-Franco.jpg\",\"keywords\":[\"atenci\u00f3n m\u00e9dica integral\",\"MSPBS\",\"Presidente Franco\"],\"articleSection\":[\"Salud\"],\"inLanguage\":\"es\"},{\"@type\":\"WebPage\",\"@id\":\"https:\\\/\\\/www.ip.gov.py\\\/ip\\\/2022\\\/03\\\/17\\\/destacan-buena-concurrencia-en-jornada-de-atencion-medica-integral-en-presidente-franco\\\/\",\"url\":\"https:\\\/\\\/www.ip.gov.py\\\/ip\\\/2022\\\/03\\\/17\\\/destacan-buena-concurrencia-en-jornada-de-atencion-medica-integral-en-presidente-franco\\\/\",\"name\":\"Destacan buena concurrencia en jornada de atenci\u00f3n m\u00e9dica integral en Presidente Franco - .::Agencia IP::.\",\"isPartOf\":{\"@id\":\"https:\\\/\\\/www.ip.gov.py\\\/ip\\\/#website\"},\"primaryImageOfPage\":{\"@id\":\"https:\\\/\\\/www.ip.gov.py\\\/ip\\\/2022\\\/03\\\/17\\\/destacan-buena-concurrencia-en-jornada-de-atencion-medica-integral-en-presidente-franco\\\/#primaryimage\"},\"image\":{\"@id\":\"https:\\\/\\\/www.ip.gov.py\\\/ip\\\/2022\\\/03\\\/17\\\/destacan-buena-concurrencia-en-jornada-de-atencion-medica-integral-en-presidente-franco\\\/#primaryimage\"},\"thumbnailUrl\":\"https:\\\/\\\/www.ip.gov.py\\\/ip\\\/wp-content\\\/uploads\\\/2022\\\/03\\\/Atencion-medica-Presidente-Franco.jpg\",\"datePublished\":\"2022-03-17T15:28:06+00:00\",\"breadcrumb\":{\"@id\":\"https:\\\/\\\/www.ip.gov.py\\\/ip\\\/2022\\\/03\\\/17\\\/destacan-buena-concurrencia-en-jornada-de-atencion-medica-integral-en-presidente-franco\\\/#breadcrumb\"},\"inLanguage\":\"es\",\"potentialAction\":[{\"@type\":\"ReadAction\",\"target\":[\"https:\\\/\\\/www.ip.gov.py\\\/ip\\\/2022\\\/03\\\/17\\\/destacan-buena-concurrencia-en-jornada-de-atencion-medica-integral-en-presidente-franco\\\/\"]}]},{\"@type\":\"ImageObject\",\"inLanguage\":\"es\",\"@id\":\"https:\\\/\\\/www.ip.gov.py\\\/ip\\\/2022\\\/03\\\/17\\\/destacan-buena-concurrencia-en-jornada-de-atencion-medica-integral-en-presidente-franco\\\/#primaryimage\",\"url\":\"https:\\\/\\\/www.ip.gov.py\\\/ip\\\/wp-content\\\/uploads\\\/2022\\\/03\\\/Atencion-medica-Presidente-Franco.jpg\",\"contentUrl\":\"https:\\\/\\\/www.ip.gov.py\\\/ip\\\/wp-content\\\/uploads\\\/2022\\\/03\\\/Atencion-medica-Presidente-Franco.jpg\",\"width\":870,\"height\":652,\"caption\":\"Hoy y ma\u00f1ana se prev\u00e9 la atenci\u00f3n m\u00e9dica integral a pobladores franque\u00f1os. Foto MSPBS\"},{\"@type\":\"BreadcrumbList\",\"@id\":\"https:\\\/\\\/www.ip.gov.py\\\/ip\\\/2022\\\/03\\\/17\\\/destacan-buena-concurrencia-en-jornada-de-atencion-medica-integral-en-presidente-franco\\\/#breadcrumb\",\"itemListElement\":[{\"@type\":\"ListItem\",\"position\":1,\"name\":\"Portada\",\"item\":\"https:\\\/\\\/www.ip.gov.py\\\/ip\\\/\"},{\"@type\":\"ListItem\",\"position\":2,\"name\":\"Destacan buena concurrencia en jornada de atenci\u00f3n m\u00e9dica integral en Presidente Franco\"}]},{\"@type\":\"WebSite\",\"@id\":\"https:\\\/\\\/www.ip.gov.py\\\/ip\\\/#website\",\"url\":\"https:\\\/\\\/www.ip.gov.py\\\/ip\\\/\",\"name\":\".::Agencia IP::.\",\"description\":\"\",\"publisher\":{\"@id\":\"https:\\\/\\\/www.ip.gov.py\\\/ip\\\/#organization\"},\"potentialAction\":[{\"@type\":\"SearchAction\",\"target\":{\"@type\":\"EntryPoint\",\"urlTemplate\":\"https:\\\/\\\/www.ip.gov.py\\\/ip\\\/?s={search_term_string}\"},\"query-input\":{\"@type\":\"PropertyValueSpecification\",\"valueRequired\":true,\"valueName\":\"search_term_string\"}}],\"inLanguage\":\"es\"},{\"@type\":\"Organization\",\"@id\":\"https:\\\/\\\/www.ip.gov.py\\\/ip\\\/#organization\",\"name\":\"Agencia IP\",\"url\":\"https:\\\/\\\/www.ip.gov.py\\\/ip\\\/\",\"logo\":{\"@type\":\"ImageObject\",\"inLanguage\":\"es\",\"@id\":\"https:\\\/\\\/www.ip.gov.py\\\/ip\\\/#\\\/schema\\\/logo\\\/image\\\/\",\"url\":\"https:\\\/\\\/www.ip.gov.py\\\/ip\\\/wp-content\\\/uploads\\\/2018\\\/01\\\/Agencia-IP.jpg\",\"contentUrl\":\"https:\\\/\\\/www.ip.gov.py\\\/ip\\\/wp-content\\\/uploads\\\/2018\\\/01\\\/Agencia-IP.jpg\",\"width\":150,\"height\":150,\"caption\":\"Agencia IP\"},\"image\":{\"@id\":\"https:\\\/\\\/www.ip.gov.py\\\/ip\\\/#\\\/schema\\\/logo\\\/image\\\/\"},\"sameAs\":[\"https:\\\/\\\/www.facebook.com\\\/IPParaguay\\\/\",\"https:\\\/\\\/x.com\\\/IPParaguay\",\"https:\\\/\\\/www.instagram.com\\\/IPParaguay\"]},{\"@type\":\"Person\",\"@id\":\"https:\\\/\\\/www.ip.gov.py\\\/ip\\\/#\\\/schema\\\/person\\\/b0f4c235f0f0d7a0985bbb33c6a7941e\",\"name\":\"jzelada\",\"url\":\"https:\\\/\\\/www.ip.gov.py\\\/ip\\\/author\\\/jzelada\\\/\"}]}<\/script>\n<!-- \/ Yoast SEO plugin. -->","yoast_head_json":{"title":"Destacan buena concurrencia en jornada de atenci\u00f3n m\u00e9dica integral en Presidente Franco - .::Agencia IP::.","robots":{"index":"index","follow":"follow","max-snippet":"max-snippet:-1","max-image-preview":"max-image-preview:large","max-video-preview":"max-video-preview:-1"},"canonical":"https:\/\/www.ip.gov.py\/ip\/2022\/03\/17\/destacan-buena-concurrencia-en-jornada-de-atencion-medica-integral-en-presidente-franco\/","og_locale":"es_ES","og_type":"article","og_title":"Destacan buena concurrencia en jornada de atenci\u00f3n m\u00e9dica integral en Presidente Franco - .::Agencia IP::.","og_description":"Asunci\u00f3n, Agencia IP.- Este jueves arranc\u00f3 la primera jornada de atenci\u00f3n m\u00e9dica integral a pobladores del barrio San Isidro del Km 9 Monday de Presidente Franco (Alto Paran\u00e1), con una buena concurrencia de adultos y ni\u00f1os. La prestaci\u00f3n de servicios continuar\u00e1 hasta ma\u00f1ana, viernes 18 de marzo.","og_url":"https:\/\/www.ip.gov.py\/ip\/2022\/03\/17\/destacan-buena-concurrencia-en-jornada-de-atencion-medica-integral-en-presidente-franco\/","og_site_name":".::Agencia IP::.","article_publisher":"https:\/\/www.facebook.com\/IPParaguay\/","article_published_time":"2022-03-17T15:28:06+00:00","og_image":[{"width":870,"height":652,"url":"https:\/\/www.ip.gov.py\/ip\/wp-content\/uploads\/2022\/03\/Atencion-medica-Presidente-Franco.jpg","type":"image\/jpeg"}],"author":"jzelada","twitter_card":"summary_large_image","twitter_creator":"@IPParaguay","twitter_site":"@IPParaguay","twitter_misc":{"Escrito por":"jzelada","Tiempo de lectura":"1 minuto"},"schema":{"@context":"https:\/\/schema.org","@graph":[{"@type":"Article","@id":"https:\/\/www.ip.gov.py\/ip\/2022\/03\/17\/destacan-buena-concurrencia-en-jornada-de-atencion-medica-integral-en-presidente-franco\/#article","isPartOf":{"@id":"https:\/\/www.ip.gov.py\/ip\/2022\/03\/17\/destacan-buena-concurrencia-en-jornada-de-atencion-medica-integral-en-presidente-franco\/"},"author":{"name":"jzelada","@id":"https:\/\/www.ip.gov.py\/ip\/#\/schema\/person\/b0f4c235f0f0d7a0985bbb33c6a7941e"},"headline":"Destacan buena concurrencia en jornada de atenci\u00f3n m\u00e9dica integral en Presidente Franco","datePublished":"2022-03-17T15:28:06+00:00","mainEntityOfPage":{"@id":"https:\/\/www.ip.gov.py\/ip\/2022\/03\/17\/destacan-buena-concurrencia-en-jornada-de-atencion-medica-integral-en-presidente-franco\/"},"wordCount":298,"publisher":{"@id":"https:\/\/www.ip.gov.py\/ip\/#organization"},"image":{"@id":"https:\/\/www.ip.gov.py\/ip\/2022\/03\/17\/destacan-buena-concurrencia-en-jornada-de-atencion-medica-integral-en-presidente-franco\/#primaryimage"},"thumbnailUrl":"https:\/\/www.ip.gov.py\/ip\/wp-content\/uploads\/2022\/03\/Atencion-medica-Presidente-Franco.jpg","keywords":["atenci\u00f3n m\u00e9dica integral","MSPBS","Presidente Franco"],"articleSection":["Salud"],"inLanguage":"es"},{"@type":"WebPage","@id":"https:\/\/www.ip.gov.py\/ip\/2022\/03\/17\/destacan-buena-concurrencia-en-jornada-de-atencion-medica-integral-en-presidente-franco\/","url":"https:\/\/www.ip.gov.py\/ip\/2022\/03\/17\/destacan-buena-concurrencia-en-jornada-de-atencion-medica-integral-en-presidente-franco\/","name":"Destacan buena concurrencia en jornada de atenci\u00f3n m\u00e9dica integral en Presidente Franco - .::Agencia IP::.","isPartOf":{"@id":"https:\/\/www.ip.gov.py\/ip\/#website"},"primaryImageOfPage":{"@id":"https:\/\/www.ip.gov.py\/ip\/2022\/03\/17\/destacan-buena-concurrencia-en-jornada-de-atencion-medica-integral-en-presidente-franco\/#primaryimage"},"image":{"@id":"https:\/\/www.ip.gov.py\/ip\/2022\/03\/17\/destacan-buena-concurrencia-en-jornada-de-atencion-medica-integral-en-presidente-franco\/#primaryimage"},"thumbnailUrl":"https:\/\/www.ip.gov.py\/ip\/wp-content\/uploads\/2022\/03\/Atencion-medica-Presidente-Franco.jpg","datePublished":"2022-03-17T15:28:06+00:00","breadcrumb":{"@id":"https:\/\/www.ip.gov.py\/ip\/2022\/03\/17\/destacan-buena-concurrencia-en-jornada-de-atencion-medica-integral-en-presidente-franco\/#breadcrumb"},"inLanguage":"es","potentialAction":[{"@type":"ReadAction","target":["https:\/\/www.ip.gov.py\/ip\/2022\/03\/17\/destacan-buena-concurrencia-en-jornada-de-atencion-medica-integral-en-presidente-franco\/"]}]},{"@type":"ImageObject","inLanguage":"es","@id":"https:\/\/www.ip.gov.py\/ip\/2022\/03\/17\/destacan-buena-concurrencia-en-jornada-de-atencion-medica-integral-en-presidente-franco\/#primaryimage","url":"https:\/\/www.ip.gov.py\/ip\/wp-content\/uploads\/2022\/03\/Atencion-medica-Presidente-Franco.jpg","contentUrl":"https:\/\/www.ip.gov.py\/ip\/wp-content\/uploads\/2022\/03\/Atencion-medica-Presidente-Franco.jpg","width":870,"height":652,"caption":"Hoy y ma\u00f1ana se prev\u00e9 la atenci\u00f3n m\u00e9dica integral a pobladores franque\u00f1os. Foto MSPBS"},{"@type":"BreadcrumbList","@id":"https:\/\/www.ip.gov.py\/ip\/2022\/03\/17\/destacan-buena-concurrencia-en-jornada-de-atencion-medica-integral-en-presidente-franco\/#breadcrumb","itemListElement":[{"@type":"ListItem","position":1,"name":"Portada","item":"https:\/\/www.ip.gov.py\/ip\/"},{"@type":"ListItem","position":2,"name":"Destacan buena concurrencia en jornada de atenci\u00f3n m\u00e9dica integral en Presidente Franco"}]},{"@type":"WebSite","@id":"https:\/\/www.ip.gov.py\/ip\/#website","url":"https:\/\/www.ip.gov.py\/ip\/","name":".::Agencia IP::.","description":"","publisher":{"@id":"https:\/\/www.ip.gov.py\/ip\/#organization"},"potentialAction":[{"@type":"SearchAction","target":{"@type":"EntryPoint","urlTemplate":"https:\/\/www.ip.gov.py\/ip\/?s={search_term_string}"},"query-input":{"@type":"PropertyValueSpecification","valueRequired":true,"valueName":"search_term_string"}}],"inLanguage":"es"},{"@type":"Organization","@id":"https:\/\/www.ip.gov.py\/ip\/#organization","name":"Agencia IP","url":"https:\/\/www.ip.gov.py\/ip\/","logo":{"@type":"ImageObject","inLanguage":"es","@id":"https:\/\/www.ip.gov.py\/ip\/#\/schema\/logo\/image\/","url":"https:\/\/www.ip.gov.py\/ip\/wp-content\/uploads\/2018\/01\/Agencia-IP.jpg","contentUrl":"https:\/\/www.ip.gov.py\/ip\/wp-content\/uploads\/2018\/01\/Agencia-IP.jpg","width":150,"height":150,"caption":"Agencia IP"},"image":{"@id":"https:\/\/www.ip.gov.py\/ip\/#\/schema\/logo\/image\/"},"sameAs":["https:\/\/www.facebook.com\/IPParaguay\/","https:\/\/x.com\/IPParaguay","https:\/\/www.instagram.com\/IPParaguay"]},{"@type":"Person","@id":"https:\/\/www.ip.gov.py\/ip\/#\/schema\/person\/b0f4c235f0f0d7a0985bbb33c6a7941e","name":"jzelada","url":"https:\/\/www.ip.gov.py\/ip\/author\/jzelada\/"}]}},"_links":{"self":[{"href":"https:\/\/www.ip.gov.py\/ip\/wp-json\/wp\/v2\/posts\/408353","targetHints":{"allow":["GET"]}}],"collection":[{"href":"https:\/\/www.ip.gov.py\/ip\/wp-json\/wp\/v2\/posts"}],"about":[{"href":"https:\/\/www.ip.gov.py\/ip\/wp-json\/wp\/v2\/types\/post"}],"author":[{"embeddable":true,"href":"https:\/\/www.ip.gov.py\/ip\/wp-json\/wp\/v2\/users\/29"}],"replies":[{"embeddable":true,"href":"https:\/\/www.ip.gov.py\/ip\/wp-json\/wp\/v2\/comments?post=408353"}],"version-history":[{"count":0,"href":"https:\/\/www.ip.gov.py\/ip\/wp-json\/wp\/v2\/posts\/408353\/revisions"}],"wp:featuredmedia":[{"embeddable":true,"href":"https:\/\/www.ip.gov.py\/ip\/wp-json\/wp\/v2\/media\/408356"}],"wp:attachment":[{"href":"https:\/\/www.ip.gov.py\/ip\/wp-json\/wp\/v2\/media?parent=408353"}],"wp:term":[{"taxonomy":"category","embeddable":true,"href":"https:\/\/www.ip.gov.py\/ip\/wp-json\/wp\/v2\/categories?post=408353"},{"taxonomy":"post_tag","embeddable":true,"href":"https:\/\/www.ip.gov.py\/ip\/wp-json\/wp\/v2\/tags?post=408353"}],"curies":[{"name":"wp","href":"https:\/\/api.w.org\/{rel}","templated":true}]}}