{"id":409725,"date":"2022-03-28T07:46:07","date_gmt":"2022-03-28T11:46:07","guid":{"rendered":"https:\/\/www.ip.gov.py\/ip\/?p=409725"},"modified":"2022-03-28T07:46:07","modified_gmt":"2022-03-28T11:46:07","slug":"castillo-enfrenta-otro-intento-de-destitucion-en-medio-de-pedidos-de-que-se-vayan-todos","status":"publish","type":"post","link":"https:\/\/www.ip.gov.py\/ip\/2022\/03\/28\/castillo-enfrenta-otro-intento-de-destitucion-en-medio-de-pedidos-de-que-se-vayan-todos\/","title":{"rendered":"Castillo enfrenta otro intento de destituci\u00f3n en medio de pedidos de que \u00abse vayan todos\u00bb"},"content":{"rendered":"<p style=\"text-align: justify;\"><em><strong>Lima.-<\/strong><\/em>El presidente de Per\u00fa, Pedro Castillo, enfrentar\u00e1 este lunes en el Congreso un intento de vacancia, o destituci\u00f3n, del que se da casi por hecho que saldr\u00e1 airoso, aunque m\u00e1s desgastado por la permanente ofensiva de la oposici\u00f3n de derecha.<!--more--><\/p>\n<p style=\"text-align: justify;\">Para que la vacancia prospere, 87 de los 130 congresistas deben apoyarla. Como el Gobierno tiene 42 legisladores, la moci\u00f3n tendr\u00eda que sumar el voto de todos los no oficialistas, lo que por correlaci\u00f3n de fuerzas luce remoto.<\/p>\n<p style=\"text-align: justify;\">De hecho, Ra\u00fal Huam\u00e1n, de Fuerza Popular (FP) -el partido fujimorista que est\u00e1 siempre en primera fila en las acciones contra Castillo-, sorprendi\u00f3 al anunciar que votar\u00e1 contra la destituci\u00f3n, porque \u00abel presidente fue elegido para cinco a\u00f1os y debe terminar su mandato\u00bb.<\/p>\n<p style=\"text-align: justify;\">En los partidos de centroderecha o centro Acci\u00f3n Popular, Alianza Para el Progreso, Somos Per\u00fa, Podemos y Partido Morado, convertidos en fiel de la balanza entre el oficialismo y la derecha, son varios los que le dir\u00e1n no a la moci\u00f3n, lo que evidencia que Castillo no se ir\u00e1 a su casa, al menos por esta vez.<\/p>\n<p style=\"text-align: justify;\">De hecho, voceros de FP y de los otros dos partidos que impulsan la vacancia, Renovaci\u00f3n Popular (RP) y Avanza Pa\u00eds, ya dejaron entrever que ser\u00e1 vencidos, ante la cual anunciaron nuevos intentos.<\/p>\n<p style=\"text-align: justify;\">La moci\u00f3n se sustenta en cerca de 20 puntos, que incluyen presuntos casos de corrupci\u00f3n en el entorno presidencial, nombramiento de funcionarios ineptos, incapacidad reconocida por el propio gobernante en entrevistas y hasta una \u00abtraici\u00f3n a la patria\u00bb por supuestamente favorecer a Bolivia en su b\u00fasqueda de salida al mar.<\/p>\n<p style=\"text-align: justify;\">Para el constitucionalista Omar Cairo, esos fundamentos son jur\u00eddicamente \u00abinsostenibles\u00bb, porque no apuntan a un problema mental del mandatario, que es lo que determina la \u00abincapacidad moral\u00bb, causal para que un mandatario sea defenestrado.<\/p>\n<p style=\"text-align: justify;\">\u00abSon imputaciones que se realizan a otras personas, en las que no existe ninguna decisi\u00f3n del Poder Judicial. El presidente no puede responder por terceros\u00bb, sostuvo Cairo sobre la supuesta corrupci\u00f3n, que es el tema m\u00e1s manejado por FP, RP y Avanza Pa\u00eds.<\/p>\n<p style=\"text-align: justify;\">El debate estar\u00e1 rodeado por el pedido del Gobierno de que est\u00e9 presente la Organizaci\u00f3n de Estados Americanos (OEA), por la iniciativa de que los ciudadanos presionen la salida de Castillo y los congresistas y por un tema ajeno: la posible excarcelaci\u00f3n del expresidente Alberto Fujimori.<\/p>\n<p style=\"text-align: justify;\">\u00abSi (los de la OEA) quieren ver el debate, que prendan sus televisores\u00bb, dijo el parlamentario de RP Jorge Montoya -el rostro representativo de las acciones contra Castillo- al oponerse al pedido hecho por el canciller C\u00e9sar Landa y que ya es atendido por el organismo continental.<\/p>\n<p style=\"text-align: justify;\">\u00abCoincidir\u00e1 usted en la importancia de que el debate se lleve a cabo con la mayor transparencia ante la ciudadan\u00eda y la comunidad internacional, dada la trascendencia para la gobernabilidad del pa\u00eds y la plena vigencia de la democracia\u00bb, dijo Landa en una carta a la presidenta del Congreso, Maricarmen Alva.<\/p>\n<p style=\"text-align: justify;\">Por lo pronto, la OEA pidi\u00f3 formalmente \u2013sin que haya a\u00fan respuesta- que se permita entrar a sus secretarios de Asuntos Jur\u00eddicos y de Equidad, Jean Arrighi y Maricarmen Plata, respectivamente, y al delegado en Per\u00fa, Miguel \u00c1ngel Trinidad. En 2018, cuando el Congreso vac\u00f3 al presidente Pedro Pablo Kuczynski, hubo una delegaci\u00f3n similar.<\/p>\n<p style=\"text-align: justify;\">En medio de la convicci\u00f3n ciudadana de que Castillo no ser\u00e1 vacado y la situaci\u00f3n seguir\u00e1 empantanada, en la semana caus\u00f3 revuelo la idea del expresidente Francisco Sagasti de reunir las 75.600 firmas necesarias para exigir el adelanto de las elecciones generales originalmente previstas para 2026.<\/p>\n<p style=\"text-align: justify;\">\u00abSi (el Gobierno y el Congreso) no cambian de actitud, lo que podemos hacer los ciudadanos es ejercer el derecho a plantear modificaciones constitucionales\u00bb, dijo el centrista Sagasti, quien se alguna manera se hizo eco del creciente lema popular de \u00abque se vayan todos\u00bb.<\/p>\n<p style=\"text-align: justify;\">Aunque las encuestas demuestran insatisfacci\u00f3n popular con Castillo, a quien rechaza m\u00e1s de un 60%, la vacancia no entusiasma, lo que seg\u00fan analistas deriva de que los mismos sondeos indican que el Congreso que impulsa la destituci\u00f3n es a\u00fan m\u00e1s impopular.<\/p>\n<p style=\"text-align: justify;\">Tras la argumentaci\u00f3n de Sagasti, parlamentarios oficialistas y opositores coincidieron pronto en el rechazo a la idea que significar\u00eda para todos el final anticipado del per\u00edodo.<\/p>\n<p style=\"text-align: justify;\">El hecho de que es muy dif\u00edcil que la vacancia prospere ha derivado en que la expectaci\u00f3n para este lunes sea pobre entre el peruano com\u00fan, harto de peleas a las que culpa de que no se avance en la soluci\u00f3n de problemas sociales y econ\u00f3micos.<\/p>\n<p style=\"text-align: justify;\">Castillo tendr\u00eda que presentarse en la sesi\u00f3n, pero fuentes gubernamentales anticiparon que no lo har\u00e1, porque ya estuvo voluntariamente en el Congreso hace dos semanas para presentar descargos y porque la ley lo faculta a hacerse representar por un abogado.<\/p>\n<p style=\"text-align: justify;\">Mientras tanto, el pa\u00eds estar\u00e1 atento en simult\u00e1neo a la posible excarcelaci\u00f3n de Fujimori, quien, aunque al margen de la pol\u00edtica desde hace a\u00f1os, es percibido como el faro ideol\u00f3gico de la derecha radical que se opone a Castillo.<\/p>\n<p style=\"text-align: justify;\">Fujimori, que desde 2007 paga 25 a\u00f1os de c\u00e1rcel como autor mediato de 25 asesinatos y dos secuestros, fue beneficiado por un fallo del tribunal Constitucional que valid\u00f3 el indulto que le dio Kuczynski en 2017 y que fue revocado en 2018 por la Justicia por irregularidades.<\/p>\n<p style=\"text-align: justify;\">Aunque el caso no tiene nada que ver con la vacancia, genera suspenso porque Castillo tiene que hilar fino en medio de movilizaciones populares contra la excarcelaci\u00f3n y de advertencias de la OEA de que los casos de derechos humanos no deben recibir beneficios. El tema est\u00e1 en stand by mientras se revisan todas las implicaciones.<\/p>\n<p style=\"text-align: justify;\">Si Castillo fuera destituido, tendr\u00eda que asumir en su reemplazo la vicepresidenta Dina Boluarte, actual ministra de Inclusi\u00f3n, pero pesquisas de prensa dicen que la intenci\u00f3n de los opositores es tambi\u00e9n removerla a ella para que ascienda Alva, su supuesta aliada, en calidad de presidenta del Congreso.T\u00e9lam.<\/p>\n","protected":false},"excerpt":{"rendered":"<p>Lima.-El presidente de Per\u00fa, Pedro Castillo, enfrentar\u00e1 este lunes en el Congreso un intento de vacancia, o destituci\u00f3n, del que se da casi por hecho que saldr\u00e1 airoso, aunque m\u00e1s desgastado por la permanente ofensiva de la oposici\u00f3n de derecha.<\/p>\n","protected":false},"author":11,"featured_media":409726,"comment_status":"closed","ping_status":"closed","sticky":false,"template":"","format":"standard","meta":{"_monsterinsights_skip_tracking":false,"_monsterinsights_sitenote_active":false,"_monsterinsights_sitenote_note":"","_monsterinsights_sitenote_category":0,"footnotes":""},"categories":[5],"tags":[6345,462,3437,142,7878,865],"class_list":{"0":"post-409725","1":"post","2":"type-post","3":"status-publish","4":"format-standard","5":"has-post-thumbnail","7":"category-internacionales","8":"tag-castillo","9":"tag-congreso","10":"tag-destitucion","11":"tag-gobierno","12":"tag-oposicion","13":"tag-peru"},"yoast_head":"<!-- This site is optimized with the Yoast SEO plugin v27.5 - https:\/\/yoast.com\/product\/yoast-seo-wordpress\/ -->\n<title>Castillo enfrenta otro intento de destituci\u00f3n en medio de pedidos de que &quot;se vayan todos&quot; - .::Agencia IP::.<\/title>\n<meta name=\"robots\" content=\"index, follow, max-snippet:-1, max-image-preview:large, max-video-preview:-1\" \/>\n<link rel=\"canonical\" href=\"https:\/\/www.ip.gov.py\/ip\/2022\/03\/28\/castillo-enfrenta-otro-intento-de-destitucion-en-medio-de-pedidos-de-que-se-vayan-todos\/\" \/>\n<meta property=\"og:locale\" content=\"es_ES\" \/>\n<meta property=\"og:type\" content=\"article\" \/>\n<meta property=\"og:title\" content=\"Castillo enfrenta otro intento de destituci\u00f3n en medio de pedidos de que &quot;se vayan todos&quot; - .::Agencia IP::.\" \/>\n<meta property=\"og:description\" content=\"Lima.-El presidente de Per\u00fa, Pedro Castillo, enfrentar\u00e1 este lunes en el Congreso un intento de vacancia, o destituci\u00f3n, del que se da casi por hecho que saldr\u00e1 airoso, aunque m\u00e1s desgastado por la permanente ofensiva de la oposici\u00f3n de derecha.\" \/>\n<meta property=\"og:url\" content=\"https:\/\/www.ip.gov.py\/ip\/2022\/03\/28\/castillo-enfrenta-otro-intento-de-destitucion-en-medio-de-pedidos-de-que-se-vayan-todos\/\" \/>\n<meta property=\"og:site_name\" content=\".::Agencia IP::.\" \/>\n<meta property=\"article:publisher\" content=\"https:\/\/www.facebook.com\/IPParaguay\/\" \/>\n<meta property=\"article:published_time\" content=\"2022-03-28T11:46:07+00:00\" \/>\n<meta property=\"og:image\" content=\"https:\/\/www.ip.gov.py\/ip\/wp-content\/uploads\/2022\/03\/Pedro-Castillo.jpg\" \/>\n\t<meta property=\"og:image:width\" content=\"900\" \/>\n\t<meta property=\"og:image:height\" content=\"506\" \/>\n\t<meta property=\"og:image:type\" content=\"image\/jpeg\" \/>\n<meta name=\"author\" content=\"vrios\" \/>\n<meta name=\"twitter:card\" content=\"summary_large_image\" \/>\n<meta name=\"twitter:creator\" content=\"@IPParaguay\" \/>\n<meta name=\"twitter:site\" content=\"@IPParaguay\" \/>\n<meta name=\"twitter:label1\" content=\"Escrito por\" \/>\n\t<meta name=\"twitter:data1\" content=\"vrios\" \/>\n\t<meta name=\"twitter:label2\" content=\"Tiempo de lectura\" \/>\n\t<meta name=\"twitter:data2\" content=\"5 minutos\" \/>\n<script type=\"application\/ld+json\" class=\"yoast-schema-graph\">{\"@context\":\"https:\\\/\\\/schema.org\",\"@graph\":[{\"@type\":\"Article\",\"@id\":\"https:\\\/\\\/www.ip.gov.py\\\/ip\\\/2022\\\/03\\\/28\\\/castillo-enfrenta-otro-intento-de-destitucion-en-medio-de-pedidos-de-que-se-vayan-todos\\\/#article\",\"isPartOf\":{\"@id\":\"https:\\\/\\\/www.ip.gov.py\\\/ip\\\/2022\\\/03\\\/28\\\/castillo-enfrenta-otro-intento-de-destitucion-en-medio-de-pedidos-de-que-se-vayan-todos\\\/\"},\"author\":{\"name\":\"vrios\",\"@id\":\"https:\\\/\\\/www.ip.gov.py\\\/ip\\\/#\\\/schema\\\/person\\\/fa3668852e893cb0423795330f919039\"},\"headline\":\"Castillo enfrenta otro intento de destituci\u00f3n en medio de pedidos de que \u00abse vayan todos\u00bb\",\"datePublished\":\"2022-03-28T11:46:07+00:00\",\"mainEntityOfPage\":{\"@id\":\"https:\\\/\\\/www.ip.gov.py\\\/ip\\\/2022\\\/03\\\/28\\\/castillo-enfrenta-otro-intento-de-destitucion-en-medio-de-pedidos-de-que-se-vayan-todos\\\/\"},\"wordCount\":1038,\"publisher\":{\"@id\":\"https:\\\/\\\/www.ip.gov.py\\\/ip\\\/#organization\"},\"image\":{\"@id\":\"https:\\\/\\\/www.ip.gov.py\\\/ip\\\/2022\\\/03\\\/28\\\/castillo-enfrenta-otro-intento-de-destitucion-en-medio-de-pedidos-de-que-se-vayan-todos\\\/#primaryimage\"},\"thumbnailUrl\":\"https:\\\/\\\/www.ip.gov.py\\\/ip\\\/wp-content\\\/uploads\\\/2022\\\/03\\\/Pedro-Castillo.jpg\",\"keywords\":[\"Castillo\",\"Congreso\",\"Destituci\u00f3n\",\"Gobierno\",\"Oposici\u00f3n\",\"peru\"],\"articleSection\":[\"Internacionales\"],\"inLanguage\":\"es\"},{\"@type\":\"WebPage\",\"@id\":\"https:\\\/\\\/www.ip.gov.py\\\/ip\\\/2022\\\/03\\\/28\\\/castillo-enfrenta-otro-intento-de-destitucion-en-medio-de-pedidos-de-que-se-vayan-todos\\\/\",\"url\":\"https:\\\/\\\/www.ip.gov.py\\\/ip\\\/2022\\\/03\\\/28\\\/castillo-enfrenta-otro-intento-de-destitucion-en-medio-de-pedidos-de-que-se-vayan-todos\\\/\",\"name\":\"Castillo enfrenta otro intento de destituci\u00f3n en medio de pedidos de que \\\"se vayan todos\\\" - .::Agencia IP::.\",\"isPartOf\":{\"@id\":\"https:\\\/\\\/www.ip.gov.py\\\/ip\\\/#website\"},\"primaryImageOfPage\":{\"@id\":\"https:\\\/\\\/www.ip.gov.py\\\/ip\\\/2022\\\/03\\\/28\\\/castillo-enfrenta-otro-intento-de-destitucion-en-medio-de-pedidos-de-que-se-vayan-todos\\\/#primaryimage\"},\"image\":{\"@id\":\"https:\\\/\\\/www.ip.gov.py\\\/ip\\\/2022\\\/03\\\/28\\\/castillo-enfrenta-otro-intento-de-destitucion-en-medio-de-pedidos-de-que-se-vayan-todos\\\/#primaryimage\"},\"thumbnailUrl\":\"https:\\\/\\\/www.ip.gov.py\\\/ip\\\/wp-content\\\/uploads\\\/2022\\\/03\\\/Pedro-Castillo.jpg\",\"datePublished\":\"2022-03-28T11:46:07+00:00\",\"breadcrumb\":{\"@id\":\"https:\\\/\\\/www.ip.gov.py\\\/ip\\\/2022\\\/03\\\/28\\\/castillo-enfrenta-otro-intento-de-destitucion-en-medio-de-pedidos-de-que-se-vayan-todos\\\/#breadcrumb\"},\"inLanguage\":\"es\",\"potentialAction\":[{\"@type\":\"ReadAction\",\"target\":[\"https:\\\/\\\/www.ip.gov.py\\\/ip\\\/2022\\\/03\\\/28\\\/castillo-enfrenta-otro-intento-de-destitucion-en-medio-de-pedidos-de-que-se-vayan-todos\\\/\"]}]},{\"@type\":\"ImageObject\",\"inLanguage\":\"es\",\"@id\":\"https:\\\/\\\/www.ip.gov.py\\\/ip\\\/2022\\\/03\\\/28\\\/castillo-enfrenta-otro-intento-de-destitucion-en-medio-de-pedidos-de-que-se-vayan-todos\\\/#primaryimage\",\"url\":\"https:\\\/\\\/www.ip.gov.py\\\/ip\\\/wp-content\\\/uploads\\\/2022\\\/03\\\/Pedro-Castillo.jpg\",\"contentUrl\":\"https:\\\/\\\/www.ip.gov.py\\\/ip\\\/wp-content\\\/uploads\\\/2022\\\/03\\\/Pedro-Castillo.jpg\",\"width\":900,\"height\":506,\"caption\":\"T\u00e9lam\"},{\"@type\":\"BreadcrumbList\",\"@id\":\"https:\\\/\\\/www.ip.gov.py\\\/ip\\\/2022\\\/03\\\/28\\\/castillo-enfrenta-otro-intento-de-destitucion-en-medio-de-pedidos-de-que-se-vayan-todos\\\/#breadcrumb\",\"itemListElement\":[{\"@type\":\"ListItem\",\"position\":1,\"name\":\"Portada\",\"item\":\"https:\\\/\\\/www.ip.gov.py\\\/ip\\\/\"},{\"@type\":\"ListItem\",\"position\":2,\"name\":\"Castillo enfrenta otro intento de destituci\u00f3n en medio de pedidos de que \u00abse vayan todos\u00bb\"}]},{\"@type\":\"WebSite\",\"@id\":\"https:\\\/\\\/www.ip.gov.py\\\/ip\\\/#website\",\"url\":\"https:\\\/\\\/www.ip.gov.py\\\/ip\\\/\",\"name\":\".::Agencia IP::.\",\"description\":\"\",\"publisher\":{\"@id\":\"https:\\\/\\\/www.ip.gov.py\\\/ip\\\/#organization\"},\"potentialAction\":[{\"@type\":\"SearchAction\",\"target\":{\"@type\":\"EntryPoint\",\"urlTemplate\":\"https:\\\/\\\/www.ip.gov.py\\\/ip\\\/?s={search_term_string}\"},\"query-input\":{\"@type\":\"PropertyValueSpecification\",\"valueRequired\":true,\"valueName\":\"search_term_string\"}}],\"inLanguage\":\"es\"},{\"@type\":\"Organization\",\"@id\":\"https:\\\/\\\/www.ip.gov.py\\\/ip\\\/#organization\",\"name\":\"Agencia IP\",\"url\":\"https:\\\/\\\/www.ip.gov.py\\\/ip\\\/\",\"logo\":{\"@type\":\"ImageObject\",\"inLanguage\":\"es\",\"@id\":\"https:\\\/\\\/www.ip.gov.py\\\/ip\\\/#\\\/schema\\\/logo\\\/image\\\/\",\"url\":\"https:\\\/\\\/www.ip.gov.py\\\/ip\\\/wp-content\\\/uploads\\\/2018\\\/01\\\/Agencia-IP.jpg\",\"contentUrl\":\"https:\\\/\\\/www.ip.gov.py\\\/ip\\\/wp-content\\\/uploads\\\/2018\\\/01\\\/Agencia-IP.jpg\",\"width\":150,\"height\":150,\"caption\":\"Agencia IP\"},\"image\":{\"@id\":\"https:\\\/\\\/www.ip.gov.py\\\/ip\\\/#\\\/schema\\\/logo\\\/image\\\/\"},\"sameAs\":[\"https:\\\/\\\/www.facebook.com\\\/IPParaguay\\\/\",\"https:\\\/\\\/x.com\\\/IPParaguay\",\"https:\\\/\\\/www.instagram.com\\\/IPParaguay\"]},{\"@type\":\"Person\",\"@id\":\"https:\\\/\\\/www.ip.gov.py\\\/ip\\\/#\\\/schema\\\/person\\\/fa3668852e893cb0423795330f919039\",\"name\":\"vrios\",\"url\":\"https:\\\/\\\/www.ip.gov.py\\\/ip\\\/author\\\/vrios\\\/\"}]}<\/script>\n<!-- \/ Yoast SEO plugin. -->","yoast_head_json":{"title":"Castillo enfrenta otro intento de destituci\u00f3n en medio de pedidos de que \"se vayan todos\" - .::Agencia IP::.","robots":{"index":"index","follow":"follow","max-snippet":"max-snippet:-1","max-image-preview":"max-image-preview:large","max-video-preview":"max-video-preview:-1"},"canonical":"https:\/\/www.ip.gov.py\/ip\/2022\/03\/28\/castillo-enfrenta-otro-intento-de-destitucion-en-medio-de-pedidos-de-que-se-vayan-todos\/","og_locale":"es_ES","og_type":"article","og_title":"Castillo enfrenta otro intento de destituci\u00f3n en medio de pedidos de que \"se vayan todos\" - .::Agencia IP::.","og_description":"Lima.-El presidente de Per\u00fa, Pedro Castillo, enfrentar\u00e1 este lunes en el Congreso un intento de vacancia, o destituci\u00f3n, del que se da casi por hecho que saldr\u00e1 airoso, aunque m\u00e1s desgastado por la permanente ofensiva de la oposici\u00f3n de derecha.","og_url":"https:\/\/www.ip.gov.py\/ip\/2022\/03\/28\/castillo-enfrenta-otro-intento-de-destitucion-en-medio-de-pedidos-de-que-se-vayan-todos\/","og_site_name":".::Agencia IP::.","article_publisher":"https:\/\/www.facebook.com\/IPParaguay\/","article_published_time":"2022-03-28T11:46:07+00:00","og_image":[{"width":900,"height":506,"url":"https:\/\/www.ip.gov.py\/ip\/wp-content\/uploads\/2022\/03\/Pedro-Castillo.jpg","type":"image\/jpeg"}],"author":"vrios","twitter_card":"summary_large_image","twitter_creator":"@IPParaguay","twitter_site":"@IPParaguay","twitter_misc":{"Escrito por":"vrios","Tiempo de lectura":"5 minutos"},"schema":{"@context":"https:\/\/schema.org","@graph":[{"@type":"Article","@id":"https:\/\/www.ip.gov.py\/ip\/2022\/03\/28\/castillo-enfrenta-otro-intento-de-destitucion-en-medio-de-pedidos-de-que-se-vayan-todos\/#article","isPartOf":{"@id":"https:\/\/www.ip.gov.py\/ip\/2022\/03\/28\/castillo-enfrenta-otro-intento-de-destitucion-en-medio-de-pedidos-de-que-se-vayan-todos\/"},"author":{"name":"vrios","@id":"https:\/\/www.ip.gov.py\/ip\/#\/schema\/person\/fa3668852e893cb0423795330f919039"},"headline":"Castillo enfrenta otro intento de destituci\u00f3n en medio de pedidos de que \u00abse vayan todos\u00bb","datePublished":"2022-03-28T11:46:07+00:00","mainEntityOfPage":{"@id":"https:\/\/www.ip.gov.py\/ip\/2022\/03\/28\/castillo-enfrenta-otro-intento-de-destitucion-en-medio-de-pedidos-de-que-se-vayan-todos\/"},"wordCount":1038,"publisher":{"@id":"https:\/\/www.ip.gov.py\/ip\/#organization"},"image":{"@id":"https:\/\/www.ip.gov.py\/ip\/2022\/03\/28\/castillo-enfrenta-otro-intento-de-destitucion-en-medio-de-pedidos-de-que-se-vayan-todos\/#primaryimage"},"thumbnailUrl":"https:\/\/www.ip.gov.py\/ip\/wp-content\/uploads\/2022\/03\/Pedro-Castillo.jpg","keywords":["Castillo","Congreso","Destituci\u00f3n","Gobierno","Oposici\u00f3n","peru"],"articleSection":["Internacionales"],"inLanguage":"es"},{"@type":"WebPage","@id":"https:\/\/www.ip.gov.py\/ip\/2022\/03\/28\/castillo-enfrenta-otro-intento-de-destitucion-en-medio-de-pedidos-de-que-se-vayan-todos\/","url":"https:\/\/www.ip.gov.py\/ip\/2022\/03\/28\/castillo-enfrenta-otro-intento-de-destitucion-en-medio-de-pedidos-de-que-se-vayan-todos\/","name":"Castillo enfrenta otro intento de destituci\u00f3n en medio de pedidos de que \"se vayan todos\" - .::Agencia IP::.","isPartOf":{"@id":"https:\/\/www.ip.gov.py\/ip\/#website"},"primaryImageOfPage":{"@id":"https:\/\/www.ip.gov.py\/ip\/2022\/03\/28\/castillo-enfrenta-otro-intento-de-destitucion-en-medio-de-pedidos-de-que-se-vayan-todos\/#primaryimage"},"image":{"@id":"https:\/\/www.ip.gov.py\/ip\/2022\/03\/28\/castillo-enfrenta-otro-intento-de-destitucion-en-medio-de-pedidos-de-que-se-vayan-todos\/#primaryimage"},"thumbnailUrl":"https:\/\/www.ip.gov.py\/ip\/wp-content\/uploads\/2022\/03\/Pedro-Castillo.jpg","datePublished":"2022-03-28T11:46:07+00:00","breadcrumb":{"@id":"https:\/\/www.ip.gov.py\/ip\/2022\/03\/28\/castillo-enfrenta-otro-intento-de-destitucion-en-medio-de-pedidos-de-que-se-vayan-todos\/#breadcrumb"},"inLanguage":"es","potentialAction":[{"@type":"ReadAction","target":["https:\/\/www.ip.gov.py\/ip\/2022\/03\/28\/castillo-enfrenta-otro-intento-de-destitucion-en-medio-de-pedidos-de-que-se-vayan-todos\/"]}]},{"@type":"ImageObject","inLanguage":"es","@id":"https:\/\/www.ip.gov.py\/ip\/2022\/03\/28\/castillo-enfrenta-otro-intento-de-destitucion-en-medio-de-pedidos-de-que-se-vayan-todos\/#primaryimage","url":"https:\/\/www.ip.gov.py\/ip\/wp-content\/uploads\/2022\/03\/Pedro-Castillo.jpg","contentUrl":"https:\/\/www.ip.gov.py\/ip\/wp-content\/uploads\/2022\/03\/Pedro-Castillo.jpg","width":900,"height":506,"caption":"T\u00e9lam"},{"@type":"BreadcrumbList","@id":"https:\/\/www.ip.gov.py\/ip\/2022\/03\/28\/castillo-enfrenta-otro-intento-de-destitucion-en-medio-de-pedidos-de-que-se-vayan-todos\/#breadcrumb","itemListElement":[{"@type":"ListItem","position":1,"name":"Portada","item":"https:\/\/www.ip.gov.py\/ip\/"},{"@type":"ListItem","position":2,"name":"Castillo enfrenta otro intento de destituci\u00f3n en medio de pedidos de que \u00abse vayan todos\u00bb"}]},{"@type":"WebSite","@id":"https:\/\/www.ip.gov.py\/ip\/#website","url":"https:\/\/www.ip.gov.py\/ip\/","name":".::Agencia IP::.","description":"","publisher":{"@id":"https:\/\/www.ip.gov.py\/ip\/#organization"},"potentialAction":[{"@type":"SearchAction","target":{"@type":"EntryPoint","urlTemplate":"https:\/\/www.ip.gov.py\/ip\/?s={search_term_string}"},"query-input":{"@type":"PropertyValueSpecification","valueRequired":true,"valueName":"search_term_string"}}],"inLanguage":"es"},{"@type":"Organization","@id":"https:\/\/www.ip.gov.py\/ip\/#organization","name":"Agencia IP","url":"https:\/\/www.ip.gov.py\/ip\/","logo":{"@type":"ImageObject","inLanguage":"es","@id":"https:\/\/www.ip.gov.py\/ip\/#\/schema\/logo\/image\/","url":"https:\/\/www.ip.gov.py\/ip\/wp-content\/uploads\/2018\/01\/Agencia-IP.jpg","contentUrl":"https:\/\/www.ip.gov.py\/ip\/wp-content\/uploads\/2018\/01\/Agencia-IP.jpg","width":150,"height":150,"caption":"Agencia IP"},"image":{"@id":"https:\/\/www.ip.gov.py\/ip\/#\/schema\/logo\/image\/"},"sameAs":["https:\/\/www.facebook.com\/IPParaguay\/","https:\/\/x.com\/IPParaguay","https:\/\/www.instagram.com\/IPParaguay"]},{"@type":"Person","@id":"https:\/\/www.ip.gov.py\/ip\/#\/schema\/person\/fa3668852e893cb0423795330f919039","name":"vrios","url":"https:\/\/www.ip.gov.py\/ip\/author\/vrios\/"}]}},"_links":{"self":[{"href":"https:\/\/www.ip.gov.py\/ip\/wp-json\/wp\/v2\/posts\/409725","targetHints":{"allow":["GET"]}}],"collection":[{"href":"https:\/\/www.ip.gov.py\/ip\/wp-json\/wp\/v2\/posts"}],"about":[{"href":"https:\/\/www.ip.gov.py\/ip\/wp-json\/wp\/v2\/types\/post"}],"author":[{"embeddable":true,"href":"https:\/\/www.ip.gov.py\/ip\/wp-json\/wp\/v2\/users\/11"}],"replies":[{"embeddable":true,"href":"https:\/\/www.ip.gov.py\/ip\/wp-json\/wp\/v2\/comments?post=409725"}],"version-history":[{"count":0,"href":"https:\/\/www.ip.gov.py\/ip\/wp-json\/wp\/v2\/posts\/409725\/revisions"}],"wp:featuredmedia":[{"embeddable":true,"href":"https:\/\/www.ip.gov.py\/ip\/wp-json\/wp\/v2\/media\/409726"}],"wp:attachment":[{"href":"https:\/\/www.ip.gov.py\/ip\/wp-json\/wp\/v2\/media?parent=409725"}],"wp:term":[{"taxonomy":"category","embeddable":true,"href":"https:\/\/www.ip.gov.py\/ip\/wp-json\/wp\/v2\/categories?post=409725"},{"taxonomy":"post_tag","embeddable":true,"href":"https:\/\/www.ip.gov.py\/ip\/wp-json\/wp\/v2\/tags?post=409725"}],"curies":[{"name":"wp","href":"https:\/\/api.w.org\/{rel}","templated":true}]}}